{"id":5250,"date":"2024-08-13T13:32:53","date_gmt":"2024-08-13T13:32:53","guid":{"rendered":"https:\/\/thefortune.one\/?p=5250"},"modified":"2024-08-13T13:32:53","modified_gmt":"2024-08-13T13:32:53","slug":"alem-de-guerras-e-eleicoes-quais-as-ameacas-para-a-economia-global-segundo-os-gurus-do-mercado","status":"publish","type":"post","link":"https:\/\/thefortune.one\/en\/alem-de-guerras-e-eleicoes-quais-as-ameacas-para-a-economia-global-segundo-os-gurus-do-mercado\/","title":{"rendered":"Al\u00e9m de guerras e elei\u00e7\u00f5es, quais as amea\u00e7as para a economia global segundo os gurus do mercado?"},"content":{"rendered":"\n<h2 class=\"wp-block-heading\">Executivos destacam IA e desafios na Europa como riscos cr\u00edticos para investidores<\/h2>\n\n\n\n<figure class=\"wp-block-image size-full\"><img fetchpriority=\"high\" decoding=\"async\" width=\"750\" height=\"501\" src=\"https:\/\/thefortune.one\/wp-content\/uploads\/2024\/08\/image-2.png\" alt=\"\" class=\"wp-image-5251\" srcset=\"https:\/\/thefortune.one\/wp-content\/uploads\/2024\/08\/image-2.png 750w, https:\/\/thefortune.one\/wp-content\/uploads\/2024\/08\/image-2-300x200.png 300w, https:\/\/thefortune.one\/wp-content\/uploads\/2024\/08\/image-2-18x12.png 18w\" sizes=\"(max-width: 750px) 100vw, 750px\" \/><\/figure>\n\n\n\n<p>Gerenciar riscos \u00e9 uma das tarefas mais importantes para os profissionais de investimentos e, atualmente, a lista de poss\u00edveis armadilhas \u00e9 extensa.\u00a0De elei\u00e7\u00f5es contenciosas ao redor do mundo a guerras mortais no\u00a0<a href=\"https:\/\/exame.com\/mundo\/em-meio-a-tensao-no-oriente-medio-russia-se-diz-pronta-para-cooperar-com-ira\/\" target=\"_blank\" rel=\"noreferrer noopener\">Oriente M\u00e9dio<\/a>\u00a0e na\u00a0<a href=\"https:\/\/exame.com\/mundo\/russia-e-ucrania-trocam-acusacoes-sobre-incendio-na-maior-usina-nuclear-da-europa\/\" target=\"_blank\" rel=\"noreferrer noopener\">Ucr\u00e2nia<\/a>, al\u00e9m de\u00a0<a href=\"https:\/\/exame.com\/invest\/mercados\/bolha-das-acoes-de-ia-comecou-a-estourar-diz-gavekal-entenda-o-por-que\/\" target=\"_blank\" rel=\"noreferrer noopener\">economias<\/a>\u00a0em um momento cr\u00edtico ap\u00f3s o mais agressivo ciclo de aperto monet\u00e1rio das \u00faltimas d\u00e9cadas, os investidores enfrentam um caminho incerto em busca de retornos. As informa\u00e7\u00f5es s\u00e3o da Bloomberg.<\/p>\n\n\n\n<p>Al\u00e9m dos riscos vis\u00edveis, existem outros que ainda n\u00e3o est\u00e3o no radar de muitos investidores. Para avaliar os perigos que podem surgir, foram ouvidos tr\u00eas executivos com vasta experi\u00eancia em gest\u00e3o de recursos: Angel Ubide, chefe de pesquisa econ\u00f4mica para renda fixa e macroeconomia no fundo de hedge Citadel; Armen Panossian, co-CEO da Oaktree Capital Management; e Anne Walsh, diretora de investimentos da Guggenheim Partners Investment Management.<\/p>\n\n\n\n<h2 class=\"wp-block-heading\">IA e o impacto no mercado de trabalho<\/h2>\n\n\n\n<p>Armen Panossian, da Oaktree Capital Management, v\u00ea a&nbsp;<a href=\"https:\/\/exame.com\/future-of-money\/ia-esta-em-ponto-de-inflexao-entre-o-hype-e-a-realidade-diz-executiva-da-ibm\/\" target=\"_blank\" rel=\"noreferrer noopener\">intelig\u00eancia artificial<\/a>&nbsp;(IA) como um dos maiores riscos para o futuro. Embora a IA tenha o potencial de gerar grandes ganhos econ\u00f4micos, aumento de receita e efici\u00eancia de custos, os impactos sociais dessa tecnologia s\u00e3o frequentemente subestimados. O risco de que milh\u00f5es de pessoas percam seus empregos devido \u00e0 automa\u00e7\u00e3o \u00e9 real, e a falta de prepara\u00e7\u00e3o para esse cen\u00e1rio pode resultar em agita\u00e7\u00e3o social.<\/p>\n\n\n\n<p>No mercado financeiro, a IA est\u00e1 recebendo muito apoio, semelhante ao que ocorreu com a internet nos anos 1990. No entanto, caso o desenvolvimento dessas tecnologias leve mais tempo do que o esperado para gerar retornos, pode haver uma reavalia\u00e7\u00e3o violenta dos ativos, resultando em perdas para os investidores. Panossian destaca a import\u00e2ncia de ser seletivo ao alocar capital em IA, evitando exposi\u00e7\u00f5es excessivas e lembrando dos desafios enfrentados durante o boom das fibras \u00f3ticas.<\/p>\n\n\n\n<p>Caso ocorra uma desvaloriza\u00e7\u00e3o dos ativos relacionados \u00e0&nbsp;<a href=\"https:\/\/exame.com\/future-of-money\/ia-esta-em-ponto-de-inflexao-entre-o-hype-e-a-realidade-diz-executiva-da-ibm\/\" target=\"_blank\" rel=\"noreferrer noopener\">IA<\/a>, Panossian acredita que surgir\u00e3o oportunidades para investimentos mais oportunistas e em ativos estressados. No entanto, ele alerta que, se n\u00e3o forem tomadas medidas para requalificar os trabalhadores para o novo cen\u00e1rio econ\u00f4mico p\u00f3s-IA, a sociedade enfrentar\u00e1 problemas graves, incluindo a amplia\u00e7\u00e3o da desigualdade e a necessidade de um estado de bem-estar social mais robusto.<\/p>\n\n\n\n<h2 class=\"wp-block-heading\">Fragilidade da economia europeia<\/h2>\n\n\n\n<p>Angel Ubide, da Citadel, aponta para a for\u00e7a e sustentabilidade da economia europeia como um dos principais riscos para os pr\u00f3ximos anos. Segundo ele, estamos vivendo em um mundo diferente do que conhecemos nas \u00faltimas duas d\u00e9cadas, e n\u00e3o est\u00e1 claro se a Europa est\u00e1 preparada para essa nova realidade.<\/p>\n\n\n\n<p>Com os Estados Unidos, China e Europa competindo em diversas frentes \u2013 desde economia at\u00e9 seguran\u00e7a nacional e independ\u00eancia energ\u00e9tica \u2013, a Europa parece estar em uma posi\u00e7\u00e3o vulner\u00e1vel. Enquanto EUA e China adotam pol\u00edticas que os colocam \u00e0 frente, a Europa ainda luta para se alinhar. A fragmenta\u00e7\u00e3o da economia europeia em n\u00edvel nacional \u00e9 um dos principais obst\u00e1culos para o continente competir em \u00e1reas como tecnologia, clima e defesa.<\/p>\n\n\n\n<p>Ubide destaca a necessidade de uma maior coopera\u00e7\u00e3o europeia, com a cria\u00e7\u00e3o de &#8220;campe\u00f5es europeus&#8221; que possam competir globalmente. A falta de progresso nesse sentido pode levar a um mundo mais bipolar, dividido entre EUA e China, com uma Europa enfraquecida, o que traria consequ\u00eancias para a estabilidade da economia global.<\/p>\n\n\n\n<h2 class=\"wp-block-heading\">Desafios econ\u00f4micos p\u00f3s-pandemia<\/h2>\n\n\n\n<p>Anne Walsh, da Guggenheim Partners, v\u00ea o per\u00edodo p\u00f3s-pandemia como um dos principais fatores que moldam os riscos atuais. Ela chama esse fen\u00f4meno de &#8220;eco da Covid&#8221;, referindo-se \u00e0s consequ\u00eancias das pol\u00edticas e programas implementados durante a pandemia que ainda reverberam na economia global<\/p>\n\n\n\n<p>Um dos efeitos mais significativos \u00e9 a aplica\u00e7\u00e3o desigual de capital.&nbsp;Grandes empresas t\u00eam f\u00e1cil acesso a capital, enquanto pequenas e m\u00e9dias empresas enfrentam custos elevados e dificuldade de acesso a financiamento. Essa bifurca\u00e7\u00e3o na economia \u00e9 exacerbada pelas pol\u00edticas do Federal Reserve, que incluem taxas de juros mais altas e o aperto quantitativo.<\/p>\n\n\n\n<p>Walsh observa que, antes da pandemia, o Fed se preocupava mais com a disparidade entre diferentes classes de renda e com a subutiliza\u00e7\u00e3o da for\u00e7a de trabalho. Nos \u00faltimos dois anos, no entanto, esse tema n\u00e3o tem sido uma prioridade.&nbsp;A economista acredita que, para reequilibrar a economia global, ainda \u00e9 necess\u00e1rio retirar cerca de US$ 3 trilh\u00f5es (R$ 16,5 trilh\u00f5es) em liquidez do sistema.<\/p>\n\n\n\n<p>Apesar de defender a import\u00e2ncia das taxas de juros, Walsh acredita que o Fed deveria ter reduzido as taxas mais rapidamente ap\u00f3s a fal\u00eancia do Silicon Valley Bank. Ela alerta que os n\u00edveis atuais de endividamento s\u00e3o insustent\u00e1veis, e o aumento dos custos da d\u00edvida est\u00e1 come\u00e7ando a prejudicar at\u00e9 mesmo os gastos com defesa. Para Walsh, o excesso de pol\u00edticas fiscais em curso pode levar a um colapso econ\u00f4mico se n\u00e3o houver uma corre\u00e7\u00e3o significativa.<\/p>\n\n\n\n<p>Fonte:<a href=\"https:\/\/exame.com\/invest\/mercados\/alem-de-guerras-e-eleicoes-quais-as-ameacas-para-a-economia-global-segundo-os-gurus-do-mercado\/\">https:\/\/exame.com\/invest\/mercados\/alem-de-guerras-e-eleicoes-quais-as-ameacas-para-a-economia-global-segundo-os-gurus-do-mercado\/<\/a><\/p>\n\n\n\n<p><\/p>\n","protected":false},"excerpt":{"rendered":"<p>Executivos destacam IA e desafios na Europa como riscos cr\u00edticos para investidores Gerenciar riscos \u00e9 uma das tarefas mais importantes para os profissionais de investimentos e, atualmente, a lista de poss\u00edveis armadilhas \u00e9 extensa.\u00a0De elei\u00e7\u00f5es contenciosas ao redor do mundo a guerras mortais no\u00a0Oriente M\u00e9dio\u00a0e na\u00a0Ucr\u00e2nia, al\u00e9m de\u00a0economias\u00a0em um momento cr\u00edtico ap\u00f3s o mais agressivo [&hellip;]<\/p>\n","protected":false},"author":3,"featured_media":5252,"comment_status":"open","ping_status":"open","sticky":false,"template":"","format":"standard","meta":{"_joinchat":[],"footnotes":""},"categories":[1],"tags":[],"class_list":["post-5250","post","type-post","status-publish","format-standard","has-post-thumbnail","hentry","category-the-fortune-one"],"yoast_head":"<!-- This site is optimized with the Yoast SEO plugin v27.5 - https:\/\/yoast.com\/product\/yoast-seo-wordpress\/ -->\n<title>Al\u00e9m de guerras e elei\u00e7\u00f5es, quais as amea\u00e7as para a economia global segundo os gurus do mercado? - The Fortune.one<\/title>\n<meta name=\"description\" content=\"Somos especialistas em gest\u00e3o patrimonial, op\u00e7\u00f5es de investimentos para diversos perfis, nosso diferencial \u00e9 comprovado com resultados.\" \/>\n<meta name=\"robots\" content=\"index, follow, max-snippet:-1, max-image-preview:large, max-video-preview:-1\" \/>\n<link rel=\"canonical\" href=\"https:\/\/thefortune.one\/en\/alem-de-guerras-e-eleicoes-quais-as-ameacas-para-a-economia-global-segundo-os-gurus-do-mercado\/\" \/>\n<meta property=\"og:locale\" content=\"en_US\" \/>\n<meta property=\"og:type\" content=\"article\" \/>\n<meta property=\"og:title\" content=\"Al\u00e9m de guerras e elei\u00e7\u00f5es, quais as amea\u00e7as para a economia global segundo os gurus do mercado? - The Fortune.one\" \/>\n<meta property=\"og:description\" content=\"Somos especialistas em gest\u00e3o patrimonial, op\u00e7\u00f5es de investimentos para diversos perfis, nosso diferencial \u00e9 comprovado com resultados.\" \/>\n<meta property=\"og:url\" content=\"https:\/\/thefortune.one\/en\/alem-de-guerras-e-eleicoes-quais-as-ameacas-para-a-economia-global-segundo-os-gurus-do-mercado\/\" \/>\n<meta property=\"og:site_name\" content=\"The Fortune.one\" \/>\n<meta property=\"article:published_time\" content=\"2024-08-13T13:32:53+00:00\" \/>\n<meta property=\"og:image\" content=\"https:\/\/thefortune.one\/wp-content\/uploads\/2024\/08\/guerra.gif\" \/>\n\t<meta property=\"og:image:width\" content=\"750\" \/>\n\t<meta property=\"og:image:height\" content=\"501\" \/>\n\t<meta property=\"og:image:type\" content=\"image\/gif\" \/>\n<meta name=\"author\" content=\"bianca\" \/>\n<meta name=\"twitter:card\" content=\"summary_large_image\" \/>\n<meta name=\"twitter:label1\" content=\"Written by\" \/>\n\t<meta name=\"twitter:data1\" content=\"bianca\" \/>\n\t<meta name=\"twitter:label2\" content=\"Est. reading time\" \/>\n\t<meta name=\"twitter:data2\" content=\"4 minutes\" \/>\n<script type=\"application\/ld+json\" class=\"yoast-schema-graph\">{\"@context\":\"https:\\\/\\\/schema.org\",\"@graph\":[{\"@type\":\"Article\",\"@id\":\"https:\\\/\\\/thefortune.one\\\/pt\\\/alem-de-guerras-e-eleicoes-quais-as-ameacas-para-a-economia-global-segundo-os-gurus-do-mercado\\\/#article\",\"isPartOf\":{\"@id\":\"https:\\\/\\\/thefortune.one\\\/pt\\\/alem-de-guerras-e-eleicoes-quais-as-ameacas-para-a-economia-global-segundo-os-gurus-do-mercado\\\/\"},\"author\":{\"name\":\"bianca\",\"@id\":\"https:\\\/\\\/thefortune.one\\\/pt\\\/#\\\/schema\\\/person\\\/6cd8fe72a627d36caabf41815984a16f\"},\"headline\":\"Al\u00e9m de guerras e elei\u00e7\u00f5es, quais as amea\u00e7as para a economia global segundo os gurus do mercado?\",\"datePublished\":\"2024-08-13T13:32:53+00:00\",\"mainEntityOfPage\":{\"@id\":\"https:\\\/\\\/thefortune.one\\\/pt\\\/alem-de-guerras-e-eleicoes-quais-as-ameacas-para-a-economia-global-segundo-os-gurus-do-mercado\\\/\"},\"wordCount\":891,\"commentCount\":0,\"publisher\":{\"@id\":\"https:\\\/\\\/thefortune.one\\\/pt\\\/#organization\"},\"image\":{\"@id\":\"https:\\\/\\\/thefortune.one\\\/pt\\\/alem-de-guerras-e-eleicoes-quais-as-ameacas-para-a-economia-global-segundo-os-gurus-do-mercado\\\/#primaryimage\"},\"thumbnailUrl\":\"https:\\\/\\\/thefortune.one\\\/wp-content\\\/uploads\\\/2024\\\/08\\\/guerra.gif\",\"articleSection\":[\"The Fortune.one\"],\"inLanguage\":\"en-US\",\"potentialAction\":[{\"@type\":\"CommentAction\",\"name\":\"Comment\",\"target\":[\"https:\\\/\\\/thefortune.one\\\/pt\\\/alem-de-guerras-e-eleicoes-quais-as-ameacas-para-a-economia-global-segundo-os-gurus-do-mercado\\\/#respond\"]}]},{\"@type\":\"WebPage\",\"@id\":\"https:\\\/\\\/thefortune.one\\\/pt\\\/alem-de-guerras-e-eleicoes-quais-as-ameacas-para-a-economia-global-segundo-os-gurus-do-mercado\\\/\",\"url\":\"https:\\\/\\\/thefortune.one\\\/pt\\\/alem-de-guerras-e-eleicoes-quais-as-ameacas-para-a-economia-global-segundo-os-gurus-do-mercado\\\/\",\"name\":\"Al\u00e9m de guerras e elei\u00e7\u00f5es, quais as amea\u00e7as para a economia global segundo os gurus do mercado? - The Fortune.one\",\"isPartOf\":{\"@id\":\"https:\\\/\\\/thefortune.one\\\/pt\\\/#website\"},\"primaryImageOfPage\":{\"@id\":\"https:\\\/\\\/thefortune.one\\\/pt\\\/alem-de-guerras-e-eleicoes-quais-as-ameacas-para-a-economia-global-segundo-os-gurus-do-mercado\\\/#primaryimage\"},\"image\":{\"@id\":\"https:\\\/\\\/thefortune.one\\\/pt\\\/alem-de-guerras-e-eleicoes-quais-as-ameacas-para-a-economia-global-segundo-os-gurus-do-mercado\\\/#primaryimage\"},\"thumbnailUrl\":\"https:\\\/\\\/thefortune.one\\\/wp-content\\\/uploads\\\/2024\\\/08\\\/guerra.gif\",\"datePublished\":\"2024-08-13T13:32:53+00:00\",\"description\":\"Somos especialistas em gest\u00e3o patrimonial, op\u00e7\u00f5es de investimentos para diversos perfis, nosso diferencial \u00e9 comprovado com resultados.\",\"breadcrumb\":{\"@id\":\"https:\\\/\\\/thefortune.one\\\/pt\\\/alem-de-guerras-e-eleicoes-quais-as-ameacas-para-a-economia-global-segundo-os-gurus-do-mercado\\\/#breadcrumb\"},\"inLanguage\":\"en-US\",\"potentialAction\":[{\"@type\":\"ReadAction\",\"target\":[\"https:\\\/\\\/thefortune.one\\\/pt\\\/alem-de-guerras-e-eleicoes-quais-as-ameacas-para-a-economia-global-segundo-os-gurus-do-mercado\\\/\"]}]},{\"@type\":\"ImageObject\",\"inLanguage\":\"en-US\",\"@id\":\"https:\\\/\\\/thefortune.one\\\/pt\\\/alem-de-guerras-e-eleicoes-quais-as-ameacas-para-a-economia-global-segundo-os-gurus-do-mercado\\\/#primaryimage\",\"url\":\"https:\\\/\\\/thefortune.one\\\/wp-content\\\/uploads\\\/2024\\\/08\\\/guerra.gif\",\"contentUrl\":\"https:\\\/\\\/thefortune.one\\\/wp-content\\\/uploads\\\/2024\\\/08\\\/guerra.gif\",\"width\":750,\"height\":501},{\"@type\":\"BreadcrumbList\",\"@id\":\"https:\\\/\\\/thefortune.one\\\/pt\\\/alem-de-guerras-e-eleicoes-quais-as-ameacas-para-a-economia-global-segundo-os-gurus-do-mercado\\\/#breadcrumb\",\"itemListElement\":[{\"@type\":\"ListItem\",\"position\":1,\"name\":\"In\u00edcio\",\"item\":\"https:\\\/\\\/thefortune.one\\\/pt\\\/\"},{\"@type\":\"ListItem\",\"position\":2,\"name\":\"Al\u00e9m de guerras e elei\u00e7\u00f5es, quais as amea\u00e7as para a economia global segundo os gurus do mercado?\"}]},{\"@type\":\"WebSite\",\"@id\":\"https:\\\/\\\/thefortune.one\\\/pt\\\/#website\",\"url\":\"https:\\\/\\\/thefortune.one\\\/pt\\\/\",\"name\":\"The Fortune.one\",\"description\":\"Gestora de Recursos Especializada em Private Equity\",\"publisher\":{\"@id\":\"https:\\\/\\\/thefortune.one\\\/pt\\\/#organization\"},\"potentialAction\":[{\"@type\":\"SearchAction\",\"target\":{\"@type\":\"EntryPoint\",\"urlTemplate\":\"https:\\\/\\\/thefortune.one\\\/pt\\\/?s={search_term_string}\"},\"query-input\":{\"@type\":\"PropertyValueSpecification\",\"valueRequired\":true,\"valueName\":\"search_term_string\"}}],\"inLanguage\":\"en-US\"},{\"@type\":\"Organization\",\"@id\":\"https:\\\/\\\/thefortune.one\\\/pt\\\/#organization\",\"name\":\"The Fortune One\",\"url\":\"https:\\\/\\\/thefortune.one\\\/pt\\\/\",\"logo\":{\"@type\":\"ImageObject\",\"inLanguage\":\"en-US\",\"@id\":\"https:\\\/\\\/thefortune.one\\\/pt\\\/#\\\/schema\\\/logo\\\/image\\\/\",\"url\":\"https:\\\/\\\/thefortune.one\\\/wp-content\\\/uploads\\\/2022\\\/11\\\/cropped-cropped-1651682701199-1.jpg\",\"contentUrl\":\"https:\\\/\\\/thefortune.one\\\/wp-content\\\/uploads\\\/2022\\\/11\\\/cropped-cropped-1651682701199-1.jpg\",\"width\":369,\"height\":421,\"caption\":\"The Fortune One\"},\"image\":{\"@id\":\"https:\\\/\\\/thefortune.one\\\/pt\\\/#\\\/schema\\\/logo\\\/image\\\/\"}},{\"@type\":\"Person\",\"@id\":\"https:\\\/\\\/thefortune.one\\\/pt\\\/#\\\/schema\\\/person\\\/6cd8fe72a627d36caabf41815984a16f\",\"name\":\"bianca\",\"image\":{\"@type\":\"ImageObject\",\"inLanguage\":\"en-US\",\"@id\":\"https:\\\/\\\/secure.gravatar.com\\\/avatar\\\/66cd7b00d93410555e00d1e6a911a86de0cd0cfa4f83a2f8b47eddc2968c98af?s=96&d=mm&r=g\",\"url\":\"https:\\\/\\\/secure.gravatar.com\\\/avatar\\\/66cd7b00d93410555e00d1e6a911a86de0cd0cfa4f83a2f8b47eddc2968c98af?s=96&d=mm&r=g\",\"contentUrl\":\"https:\\\/\\\/secure.gravatar.com\\\/avatar\\\/66cd7b00d93410555e00d1e6a911a86de0cd0cfa4f83a2f8b47eddc2968c98af?s=96&d=mm&r=g\",\"caption\":\"bianca\"},\"url\":\"https:\\\/\\\/thefortune.one\\\/en\\\/author\\\/bianca\\\/\"}]}<\/script>\n<!-- \/ Yoast SEO plugin. -->","yoast_head_json":{"title":"Al\u00e9m de guerras e elei\u00e7\u00f5es, quais as amea\u00e7as para a economia global segundo os gurus do mercado? - The Fortune.one","description":"Somos especialistas em gest\u00e3o patrimonial, op\u00e7\u00f5es de investimentos para diversos perfis, nosso diferencial \u00e9 comprovado com resultados.","robots":{"index":"index","follow":"follow","max-snippet":"max-snippet:-1","max-image-preview":"max-image-preview:large","max-video-preview":"max-video-preview:-1"},"canonical":"https:\/\/thefortune.one\/en\/alem-de-guerras-e-eleicoes-quais-as-ameacas-para-a-economia-global-segundo-os-gurus-do-mercado\/","og_locale":"en_US","og_type":"article","og_title":"Al\u00e9m de guerras e elei\u00e7\u00f5es, quais as amea\u00e7as para a economia global segundo os gurus do mercado? - The Fortune.one","og_description":"Somos especialistas em gest\u00e3o patrimonial, op\u00e7\u00f5es de investimentos para diversos perfis, nosso diferencial \u00e9 comprovado com resultados.","og_url":"https:\/\/thefortune.one\/en\/alem-de-guerras-e-eleicoes-quais-as-ameacas-para-a-economia-global-segundo-os-gurus-do-mercado\/","og_site_name":"The Fortune.one","article_published_time":"2024-08-13T13:32:53+00:00","og_image":[{"width":750,"height":501,"url":"https:\/\/thefortune.one\/wp-content\/uploads\/2024\/08\/guerra.gif","type":"image\/gif"}],"author":"bianca","twitter_card":"summary_large_image","twitter_misc":{"Written by":"bianca","Est. reading time":"4 minutes"},"schema":{"@context":"https:\/\/schema.org","@graph":[{"@type":"Article","@id":"https:\/\/thefortune.one\/pt\/alem-de-guerras-e-eleicoes-quais-as-ameacas-para-a-economia-global-segundo-os-gurus-do-mercado\/#article","isPartOf":{"@id":"https:\/\/thefortune.one\/pt\/alem-de-guerras-e-eleicoes-quais-as-ameacas-para-a-economia-global-segundo-os-gurus-do-mercado\/"},"author":{"name":"bianca","@id":"https:\/\/thefortune.one\/pt\/#\/schema\/person\/6cd8fe72a627d36caabf41815984a16f"},"headline":"Al\u00e9m de guerras e elei\u00e7\u00f5es, quais as amea\u00e7as para a economia global segundo os gurus do mercado?","datePublished":"2024-08-13T13:32:53+00:00","mainEntityOfPage":{"@id":"https:\/\/thefortune.one\/pt\/alem-de-guerras-e-eleicoes-quais-as-ameacas-para-a-economia-global-segundo-os-gurus-do-mercado\/"},"wordCount":891,"commentCount":0,"publisher":{"@id":"https:\/\/thefortune.one\/pt\/#organization"},"image":{"@id":"https:\/\/thefortune.one\/pt\/alem-de-guerras-e-eleicoes-quais-as-ameacas-para-a-economia-global-segundo-os-gurus-do-mercado\/#primaryimage"},"thumbnailUrl":"https:\/\/thefortune.one\/wp-content\/uploads\/2024\/08\/guerra.gif","articleSection":["The Fortune.one"],"inLanguage":"en-US","potentialAction":[{"@type":"CommentAction","name":"Comment","target":["https:\/\/thefortune.one\/pt\/alem-de-guerras-e-eleicoes-quais-as-ameacas-para-a-economia-global-segundo-os-gurus-do-mercado\/#respond"]}]},{"@type":"WebPage","@id":"https:\/\/thefortune.one\/pt\/alem-de-guerras-e-eleicoes-quais-as-ameacas-para-a-economia-global-segundo-os-gurus-do-mercado\/","url":"https:\/\/thefortune.one\/pt\/alem-de-guerras-e-eleicoes-quais-as-ameacas-para-a-economia-global-segundo-os-gurus-do-mercado\/","name":"Al\u00e9m de guerras e elei\u00e7\u00f5es, quais as amea\u00e7as para a economia global segundo os gurus do mercado? - The Fortune.one","isPartOf":{"@id":"https:\/\/thefortune.one\/pt\/#website"},"primaryImageOfPage":{"@id":"https:\/\/thefortune.one\/pt\/alem-de-guerras-e-eleicoes-quais-as-ameacas-para-a-economia-global-segundo-os-gurus-do-mercado\/#primaryimage"},"image":{"@id":"https:\/\/thefortune.one\/pt\/alem-de-guerras-e-eleicoes-quais-as-ameacas-para-a-economia-global-segundo-os-gurus-do-mercado\/#primaryimage"},"thumbnailUrl":"https:\/\/thefortune.one\/wp-content\/uploads\/2024\/08\/guerra.gif","datePublished":"2024-08-13T13:32:53+00:00","description":"Somos especialistas em gest\u00e3o patrimonial, op\u00e7\u00f5es de investimentos para diversos perfis, nosso diferencial \u00e9 comprovado com resultados.","breadcrumb":{"@id":"https:\/\/thefortune.one\/pt\/alem-de-guerras-e-eleicoes-quais-as-ameacas-para-a-economia-global-segundo-os-gurus-do-mercado\/#breadcrumb"},"inLanguage":"en-US","potentialAction":[{"@type":"ReadAction","target":["https:\/\/thefortune.one\/pt\/alem-de-guerras-e-eleicoes-quais-as-ameacas-para-a-economia-global-segundo-os-gurus-do-mercado\/"]}]},{"@type":"ImageObject","inLanguage":"en-US","@id":"https:\/\/thefortune.one\/pt\/alem-de-guerras-e-eleicoes-quais-as-ameacas-para-a-economia-global-segundo-os-gurus-do-mercado\/#primaryimage","url":"https:\/\/thefortune.one\/wp-content\/uploads\/2024\/08\/guerra.gif","contentUrl":"https:\/\/thefortune.one\/wp-content\/uploads\/2024\/08\/guerra.gif","width":750,"height":501},{"@type":"BreadcrumbList","@id":"https:\/\/thefortune.one\/pt\/alem-de-guerras-e-eleicoes-quais-as-ameacas-para-a-economia-global-segundo-os-gurus-do-mercado\/#breadcrumb","itemListElement":[{"@type":"ListItem","position":1,"name":"In\u00edcio","item":"https:\/\/thefortune.one\/pt\/"},{"@type":"ListItem","position":2,"name":"Al\u00e9m de guerras e elei\u00e7\u00f5es, quais as amea\u00e7as para a economia global segundo os gurus do mercado?"}]},{"@type":"WebSite","@id":"https:\/\/thefortune.one\/pt\/#website","url":"https:\/\/thefortune.one\/pt\/","name":"The Fortune.one","description":"Gestora de Recursos Especializada em Private Equity","publisher":{"@id":"https:\/\/thefortune.one\/pt\/#organization"},"potentialAction":[{"@type":"SearchAction","target":{"@type":"EntryPoint","urlTemplate":"https:\/\/thefortune.one\/pt\/?s={search_term_string}"},"query-input":{"@type":"PropertyValueSpecification","valueRequired":true,"valueName":"search_term_string"}}],"inLanguage":"en-US"},{"@type":"Organization","@id":"https:\/\/thefortune.one\/pt\/#organization","name":"The Fortune One","url":"https:\/\/thefortune.one\/pt\/","logo":{"@type":"ImageObject","inLanguage":"en-US","@id":"https:\/\/thefortune.one\/pt\/#\/schema\/logo\/image\/","url":"https:\/\/thefortune.one\/wp-content\/uploads\/2022\/11\/cropped-cropped-1651682701199-1.jpg","contentUrl":"https:\/\/thefortune.one\/wp-content\/uploads\/2022\/11\/cropped-cropped-1651682701199-1.jpg","width":369,"height":421,"caption":"The Fortune One"},"image":{"@id":"https:\/\/thefortune.one\/pt\/#\/schema\/logo\/image\/"}},{"@type":"Person","@id":"https:\/\/thefortune.one\/pt\/#\/schema\/person\/6cd8fe72a627d36caabf41815984a16f","name":"bianca","image":{"@type":"ImageObject","inLanguage":"en-US","@id":"https:\/\/secure.gravatar.com\/avatar\/66cd7b00d93410555e00d1e6a911a86de0cd0cfa4f83a2f8b47eddc2968c98af?s=96&d=mm&r=g","url":"https:\/\/secure.gravatar.com\/avatar\/66cd7b00d93410555e00d1e6a911a86de0cd0cfa4f83a2f8b47eddc2968c98af?s=96&d=mm&r=g","contentUrl":"https:\/\/secure.gravatar.com\/avatar\/66cd7b00d93410555e00d1e6a911a86de0cd0cfa4f83a2f8b47eddc2968c98af?s=96&d=mm&r=g","caption":"bianca"},"url":"https:\/\/thefortune.one\/en\/author\/bianca\/"}]}},"_links":{"self":[{"href":"https:\/\/thefortune.one\/en\/wp-json\/wp\/v2\/posts\/5250","targetHints":{"allow":["GET"]}}],"collection":[{"href":"https:\/\/thefortune.one\/en\/wp-json\/wp\/v2\/posts"}],"about":[{"href":"https:\/\/thefortune.one\/en\/wp-json\/wp\/v2\/types\/post"}],"author":[{"embeddable":true,"href":"https:\/\/thefortune.one\/en\/wp-json\/wp\/v2\/users\/3"}],"replies":[{"embeddable":true,"href":"https:\/\/thefortune.one\/en\/wp-json\/wp\/v2\/comments?post=5250"}],"version-history":[{"count":1,"href":"https:\/\/thefortune.one\/en\/wp-json\/wp\/v2\/posts\/5250\/revisions"}],"predecessor-version":[{"id":5253,"href":"https:\/\/thefortune.one\/en\/wp-json\/wp\/v2\/posts\/5250\/revisions\/5253"}],"wp:featuredmedia":[{"embeddable":true,"href":"https:\/\/thefortune.one\/en\/wp-json\/wp\/v2\/media\/5252"}],"wp:attachment":[{"href":"https:\/\/thefortune.one\/en\/wp-json\/wp\/v2\/media?parent=5250"}],"wp:term":[{"taxonomy":"category","embeddable":true,"href":"https:\/\/thefortune.one\/en\/wp-json\/wp\/v2\/categories?post=5250"},{"taxonomy":"post_tag","embeddable":true,"href":"https:\/\/thefortune.one\/en\/wp-json\/wp\/v2\/tags?post=5250"}],"curies":[{"name":"wp","href":"https:\/\/api.w.org\/{rel}","templated":true}]}}