{"id":5228,"date":"2024-07-17T13:17:45","date_gmt":"2024-07-17T13:17:45","guid":{"rendered":"https:\/\/thefortune.one\/?p=5228"},"modified":"2024-07-17T13:17:45","modified_gmt":"2024-07-17T13:17:45","slug":"costa-filho-aeroporto-de-porto-alegre-voltara-a-operar-parcialmente-em-outubro","status":"publish","type":"post","link":"https:\/\/thefortune.one\/en\/costa-filho-aeroporto-de-porto-alegre-voltara-a-operar-parcialmente-em-outubro\/","title":{"rendered":"Costa Filho: aeroporto de Porto Alegre voltar\u00e1 a operar \u2018parcialmente\u2019 em outubro"},"content":{"rendered":"\n<p>Fraport, empresa alem\u00e3 respons\u00e1vel pela concess\u00e3o do Salgado Filho, pede ressarcimento de R$ 700 milh\u00f5es ao governo federal<\/p>\n\n\n\n<figure class=\"wp-block-image size-full\"><img fetchpriority=\"high\" decoding=\"async\" width=\"300\" height=\"300\" src=\"https:\/\/thefortune.one\/wp-content\/uploads\/2024\/07\/image-9.png\" alt=\"\" class=\"wp-image-5229\" srcset=\"https:\/\/thefortune.one\/wp-content\/uploads\/2024\/07\/image-9.png 300w, https:\/\/thefortune.one\/wp-content\/uploads\/2024\/07\/image-9-150x150.png 150w, https:\/\/thefortune.one\/wp-content\/uploads\/2024\/07\/image-9-12x12.png 12w\" sizes=\"(max-width: 300px) 100vw, 300px\" \/><\/figure>\n\n\n\n<p><a href=\"https:\/\/web.whatsapp.com\/send?text=Costa%20Filho:%20aeroporto%20de%20Porto%20Alegre%20voltar%C3%A1%20a%20operar%20%E2%80%98parcialmente%E2%80%99%20em%20outubro%20https%3A%2F%2Finteligenciafinanceira.com.br%2Fmercado-financeiro%2Feconomia%2Faeroporto-de-porto-alegre-voltara-a-operar-parcialmente-em-outubro%2F\" target=\"_blank\" rel=\"noreferrer noopener\"><\/a><a href=\"https:\/\/www.linkedin.com\/sharing\/share-offsite\/?url=https%3A%2F%2Finteligenciafinanceira.com.br%2Fmercado-financeiro%2Feconomia%2Faeroporto-de-porto-alegre-voltara-a-operar-parcialmente-em-outubro%2F&amp;title=Costa%20Filho:%20aeroporto%20de%20Porto%20Alegre%20voltar%C3%A1%20a%20operar%20%E2%80%98parcialmente%E2%80%99%20em%20outubro\" target=\"_blank\" rel=\"noreferrer noopener\"><\/a><a href=\"https:\/\/t.me\/share\/url?url=https%3A%2F%2Finteligenciafinanceira.com.br%2Fmercado-financeiro%2Feconomia%2Faeroporto-de-porto-alegre-voltara-a-operar-parcialmente-em-outubro%2F&amp;text=Costa%20Filho:%20aeroporto%20de%20Porto%20Alegre%20voltar%C3%A1%20a%20operar%20%E2%80%98parcialmente%E2%80%99%20em%20outubro\" target=\"_blank\" rel=\"noreferrer noopener\"><\/a><a href=\"https:\/\/twitter.com\/intent\/tweet?text=Costa%20Filho:%20aeroporto%20de%20Porto%20Alegre%20voltar%C3%A1%20a%20operar%20%E2%80%98parcialmente%E2%80%99%20em%20outubro&amp;url=https%3A%2F%2Finteligenciafinanceira.com.br%2Fmercado-financeiro%2Feconomia%2Faeroporto-de-porto-alegre-voltara-a-operar-parcialmente-em-outubro%2F&amp;\" target=\"_blank\" rel=\"noreferrer noopener\"><\/a><a href=\"https:\/\/www.facebook.com\/sharer\/sharer.php?u=https%3A%2F%2Finteligenciafinanceira.com.br%2Fmercado-financeiro%2Feconomia%2Faeroporto-de-porto-alegre-voltara-a-operar-parcialmente-em-outubro%2F\" target=\"_blank\" rel=\"noreferrer noopener\"><\/a><a href=\"mailto:?subject=Costa%20Filho:%20aeroporto%20de%20Porto%20Alegre%20voltar%C3%A1%20a%20operar%20%E2%80%98parcialmente%E2%80%99%20em%20outubro&amp;body=Veja%20mais%20em%20https%3A%2F%2Finteligenciafinanceira.com.br%2Fmercado-financeiro%2Feconomia%2Faeroporto-de-porto-alegre-voltara-a-operar-parcialmente-em-outubro%2F\" target=\"_blank\" rel=\"noreferrer noopener\"><\/a><a href=\"https:\/\/inteligenciafinanceira.com.br\/mercado-financeiro\/economia\/aeroporto-de-porto-alegre-voltara-a-operar-parcialmente-em-outubro\/#copy_link\"><\/a>O ministro de Portos e\u00a0<a href=\"https:\/\/inteligenciafinanceira.com.br\/investimentos\/aviacao\/\" target=\"_blank\" rel=\"noreferrer noopener\">Aeroportos<\/a>, Silvio Costa Filho, anunciou que as opera\u00e7\u00f5es no aeroporto Salgado Filho, o principal terminal do Rio Grande do Sul, ser\u00e3o retomadas \u201cparcialmente\u201d a partir de outubro, com aproximadamente 50 voos di\u00e1rios.<\/p>\n\n\n\n<p>Al\u00e9m disso, segundo ministro, a previs\u00e3o \u00e9 que o aeroporto volte a funcionar normalmente, de forma integral, a partir de dezembro deste ano.<\/p>\n\n\n\n<p>Localizado na regi\u00e3o metropolitana de Porto Alegre (RS), o Salgado Filho est\u00e1 fechado h\u00e1 mais de 70 dias por conta das chuvas que atingiram o Estado e deixaram tanto os terminais quanto as pistas inundadas.<\/p>\n\n\n\n<p>\u201cO que ficou estabelecido \u00e9 que agora no m\u00eas de outubro iremos reabrir parcialmente, com 50 voos di\u00e1rios, o que d\u00e1 em torno de 350 voos semanais. At\u00e9 dezembro, o aeroporto estar\u00e1 100% reaberto e funcionando como estava antes\u201d, disse Silvio Costa Filho.<\/p>\n\n\n\n<p>Apesar disso, como compensa\u00e7\u00e3o, a empresa concession\u00e1ria respons\u00e1vel pelo Salgado Filho, a companhia alem\u00e3 Fraport, solicitou ao governo federal uma esp\u00e9cie de ressarcimento pelas perdas geradas nesse per\u00edodo. O valor requerido pela empresa gira em torno de R$ 700 milh\u00f5es.<\/p>\n\n\n\n<p>Costa Filho n\u00e3o detalhou como isso seria feito \u2014 se via empr\u00e9stimo ou a fundo perdido \u2014, disse apenas que se trata de um \u201creequil\u00edbrio\u201d para a companhia.<\/p>\n\n\n\n<p>\u201cA Fraport solicitou hoje um reequil\u00edbrio [do contrato]. N\u00f3s entendemos a import\u00e2ncia disso, mas desde que seja validado pela Advocacia-Geral da Uni\u00e3o (AGU) e Tribunal de Contas da Uni\u00e3o (TCU). At\u00e9 sexta-feira, teremos uma oposi\u00e7\u00e3o da AGU e, na segunda-feira, iremos ao TCU para atender a Fraport\u201d, explicou.<\/p>\n\n\n\n<p>\u201cFoi solicitado o valor de R$ 700 milh\u00f5es pela Fraport, uma parte j\u00e1 est\u00e1 consolidada pelas seguradoras. Outras partes est\u00e3o sendo discutidas juridicamente. O reequil\u00edbrio \u00e9 porque a concession\u00e1ria est\u00e1 solicitando recursos que a seguradora pode n\u00e3o vir a pagar\u201d, complementou.<\/p>\n\n\n\n<p>Enquanto as opera\u00e7\u00f5es n\u00e3o forem retomadas completamente no aeroporto, os voos para a regi\u00e3o Sul continuar\u00e3o decolando a partir da Base A\u00e9rea de Canoas, que vem funcionando de forma emergencial nesse per\u00edodo.<\/p>\n\n\n\n<p>\u201cA Fraport dividiu a opera\u00e7\u00e3o [no aeroporto] em duas etapas. A primeira etapa, que ser\u00e1 reaberta agora em outubro, \u00e9 por meio de 1700 metros [de pista]. A segunda etapa, de quase 2 mil metros [de pista], \u00e9 a parte que ser\u00e1 reaberta em dezembro. Nossa meta \u00e9 que as opera\u00e7\u00f5es funcionem das 10h \u00e0s 22h\u201d, acrescentou.<\/p>\n\n\n\n<p>Costa Filho tamb\u00e9m comentou os altos pre\u00e7os das passagens para o Rio Grande do Sul. \u201cN\u00f3s estamos trabalhando para que possa haver redu\u00e7\u00f5es nas tarifas desses voos. Tendo em vista a redu\u00e7\u00e3o no n\u00famero de voos [no RS], infelizmente estamos vendo algumas passagens caras, mas estamos nos esfor\u00e7ando [para baixar o pre\u00e7o]\u201d, emendou.<\/p>\n\n\n\n<p>O ministro falou sobre o assunto \u00e0 imprensa ap\u00f3s se reunir hoje, no Pal\u00e1cio do Planalto, com o titular da Casa Civil, Rui Costa, e representantes da Fraport.<\/p>\n\n\n\n<p>Presente na coletiva de imprensa, a CEO brasileira da Fraport, Andreaa Pal, disse que o valor do ressarcimento tende a ser menor porque a empresa ainda est\u00e1 negociando recursos com as seguradoras envolvidas no contrato.<\/p>\n\n\n\n<p>\u201cAcho que vale a pena falar sobre isso quando tivermos uma conclus\u00e3o porque, primeiro, esse n\u00famero [R$ 700 milh\u00f5es] est\u00e1 cada dia mais baixo porque descobrimos coisas que podem ser reparadas [no aeroporto]. E, do outro lado, a discuss\u00e3o com o seguro que ainda caminha, ent\u00e3o agora s\u00e3o especula\u00e7\u00f5es. Vai ser para o governo muito menos que R$ 700 milh\u00f5es\u201d, explicou Andreaa Pal.<\/p>\n\n\n\n<p>Fonte:<a href=\"https:\/\/inteligenciafinanceira.com.br\/mercado-financeiro\/economia\/aeroporto-de-porto-alegre-voltara-a-operar-parcialmente-em-outubro\/\">https:\/\/inteligenciafinanceira.com.br\/mercado-financeiro\/economia\/aeroporto-de-porto-alegre-voltara-a-operar-parcialmente-em-outubro\/<\/a><\/p>\n","protected":false},"excerpt":{"rendered":"<p>Fraport, empresa alem\u00e3 respons\u00e1vel pela concess\u00e3o do Salgado Filho, pede ressarcimento de R$ 700 milh\u00f5es ao governo federal O ministro de Portos e\u00a0Aeroportos, Silvio Costa Filho, anunciou que as opera\u00e7\u00f5es no aeroporto Salgado Filho, o principal terminal do Rio Grande do Sul, ser\u00e3o retomadas \u201cparcialmente\u201d a partir de outubro, com aproximadamente 50 voos di\u00e1rios. Al\u00e9m [&hellip;]<\/p>\n","protected":false},"author":3,"featured_media":5230,"comment_status":"open","ping_status":"open","sticky":false,"template":"","format":"standard","meta":{"_joinchat":[],"footnotes":""},"categories":[1],"tags":[],"class_list":["post-5228","post","type-post","status-publish","format-standard","has-post-thumbnail","hentry","category-the-fortune-one"],"yoast_head":"<!-- This site is optimized with the Yoast SEO plugin v27.5 - https:\/\/yoast.com\/product\/yoast-seo-wordpress\/ -->\n<title>Costa Filho: aeroporto de Porto Alegre voltar\u00e1 a operar \u2018parcialmente\u2019 em outubro - The Fortune.one<\/title>\n<meta name=\"description\" content=\"Somos especialistas em gest\u00e3o patrimonial, op\u00e7\u00f5es de investimentos para diversos perfis, nosso diferencial \u00e9 comprovado com resultados.\" \/>\n<meta name=\"robots\" content=\"index, follow, max-snippet:-1, max-image-preview:large, max-video-preview:-1\" \/>\n<link rel=\"canonical\" href=\"https:\/\/thefortune.one\/en\/costa-filho-aeroporto-de-porto-alegre-voltara-a-operar-parcialmente-em-outubro\/\" \/>\n<meta property=\"og:locale\" content=\"en_US\" \/>\n<meta property=\"og:type\" content=\"article\" \/>\n<meta property=\"og:title\" content=\"Costa Filho: aeroporto de Porto Alegre voltar\u00e1 a operar \u2018parcialmente\u2019 em outubro - The Fortune.one\" \/>\n<meta property=\"og:description\" content=\"Somos especialistas em gest\u00e3o patrimonial, op\u00e7\u00f5es de investimentos para diversos perfis, nosso diferencial \u00e9 comprovado com resultados.\" \/>\n<meta property=\"og:url\" content=\"https:\/\/thefortune.one\/en\/costa-filho-aeroporto-de-porto-alegre-voltara-a-operar-parcialmente-em-outubro\/\" \/>\n<meta property=\"og:site_name\" content=\"The Fortune.one\" \/>\n<meta property=\"article:published_time\" content=\"2024-07-17T13:17:45+00:00\" \/>\n<meta property=\"og:image\" content=\"https:\/\/thefortune.one\/wp-content\/uploads\/2024\/07\/mmm.jpg\" \/>\n\t<meta property=\"og:image:width\" content=\"300\" \/>\n\t<meta property=\"og:image:height\" content=\"300\" \/>\n\t<meta property=\"og:image:type\" content=\"image\/jpeg\" \/>\n<meta name=\"author\" content=\"bianca\" \/>\n<meta name=\"twitter:card\" content=\"summary_large_image\" \/>\n<meta name=\"twitter:label1\" content=\"Written by\" \/>\n\t<meta name=\"twitter:data1\" content=\"bianca\" \/>\n\t<meta name=\"twitter:label2\" content=\"Est. reading time\" \/>\n\t<meta name=\"twitter:data2\" content=\"3 minutes\" \/>\n<script type=\"application\/ld+json\" class=\"yoast-schema-graph\">{\"@context\":\"https:\\\/\\\/schema.org\",\"@graph\":[{\"@type\":\"Article\",\"@id\":\"https:\\\/\\\/thefortune.one\\\/pt\\\/costa-filho-aeroporto-de-porto-alegre-voltara-a-operar-parcialmente-em-outubro\\\/#article\",\"isPartOf\":{\"@id\":\"https:\\\/\\\/thefortune.one\\\/pt\\\/costa-filho-aeroporto-de-porto-alegre-voltara-a-operar-parcialmente-em-outubro\\\/\"},\"author\":{\"name\":\"bianca\",\"@id\":\"https:\\\/\\\/thefortune.one\\\/pt\\\/#\\\/schema\\\/person\\\/6cd8fe72a627d36caabf41815984a16f\"},\"headline\":\"Costa Filho: aeroporto de Porto Alegre voltar\u00e1 a operar \u2018parcialmente\u2019 em outubro\",\"datePublished\":\"2024-07-17T13:17:45+00:00\",\"mainEntityOfPage\":{\"@id\":\"https:\\\/\\\/thefortune.one\\\/pt\\\/costa-filho-aeroporto-de-porto-alegre-voltara-a-operar-parcialmente-em-outubro\\\/\"},\"wordCount\":637,\"commentCount\":0,\"publisher\":{\"@id\":\"https:\\\/\\\/thefortune.one\\\/pt\\\/#organization\"},\"image\":{\"@id\":\"https:\\\/\\\/thefortune.one\\\/pt\\\/costa-filho-aeroporto-de-porto-alegre-voltara-a-operar-parcialmente-em-outubro\\\/#primaryimage\"},\"thumbnailUrl\":\"https:\\\/\\\/thefortune.one\\\/wp-content\\\/uploads\\\/2024\\\/07\\\/mmm.jpg\",\"articleSection\":[\"The Fortune.one\"],\"inLanguage\":\"en-US\",\"potentialAction\":[{\"@type\":\"CommentAction\",\"name\":\"Comment\",\"target\":[\"https:\\\/\\\/thefortune.one\\\/pt\\\/costa-filho-aeroporto-de-porto-alegre-voltara-a-operar-parcialmente-em-outubro\\\/#respond\"]}]},{\"@type\":\"WebPage\",\"@id\":\"https:\\\/\\\/thefortune.one\\\/pt\\\/costa-filho-aeroporto-de-porto-alegre-voltara-a-operar-parcialmente-em-outubro\\\/\",\"url\":\"https:\\\/\\\/thefortune.one\\\/pt\\\/costa-filho-aeroporto-de-porto-alegre-voltara-a-operar-parcialmente-em-outubro\\\/\",\"name\":\"Costa Filho: aeroporto de Porto Alegre voltar\u00e1 a operar \u2018parcialmente\u2019 em outubro - The Fortune.one\",\"isPartOf\":{\"@id\":\"https:\\\/\\\/thefortune.one\\\/pt\\\/#website\"},\"primaryImageOfPage\":{\"@id\":\"https:\\\/\\\/thefortune.one\\\/pt\\\/costa-filho-aeroporto-de-porto-alegre-voltara-a-operar-parcialmente-em-outubro\\\/#primaryimage\"},\"image\":{\"@id\":\"https:\\\/\\\/thefortune.one\\\/pt\\\/costa-filho-aeroporto-de-porto-alegre-voltara-a-operar-parcialmente-em-outubro\\\/#primaryimage\"},\"thumbnailUrl\":\"https:\\\/\\\/thefortune.one\\\/wp-content\\\/uploads\\\/2024\\\/07\\\/mmm.jpg\",\"datePublished\":\"2024-07-17T13:17:45+00:00\",\"description\":\"Somos especialistas em gest\u00e3o patrimonial, op\u00e7\u00f5es de investimentos para diversos perfis, nosso diferencial \u00e9 comprovado com resultados.\",\"breadcrumb\":{\"@id\":\"https:\\\/\\\/thefortune.one\\\/pt\\\/costa-filho-aeroporto-de-porto-alegre-voltara-a-operar-parcialmente-em-outubro\\\/#breadcrumb\"},\"inLanguage\":\"en-US\",\"potentialAction\":[{\"@type\":\"ReadAction\",\"target\":[\"https:\\\/\\\/thefortune.one\\\/pt\\\/costa-filho-aeroporto-de-porto-alegre-voltara-a-operar-parcialmente-em-outubro\\\/\"]}]},{\"@type\":\"ImageObject\",\"inLanguage\":\"en-US\",\"@id\":\"https:\\\/\\\/thefortune.one\\\/pt\\\/costa-filho-aeroporto-de-porto-alegre-voltara-a-operar-parcialmente-em-outubro\\\/#primaryimage\",\"url\":\"https:\\\/\\\/thefortune.one\\\/wp-content\\\/uploads\\\/2024\\\/07\\\/mmm.jpg\",\"contentUrl\":\"https:\\\/\\\/thefortune.one\\\/wp-content\\\/uploads\\\/2024\\\/07\\\/mmm.jpg\",\"width\":300,\"height\":300},{\"@type\":\"BreadcrumbList\",\"@id\":\"https:\\\/\\\/thefortune.one\\\/pt\\\/costa-filho-aeroporto-de-porto-alegre-voltara-a-operar-parcialmente-em-outubro\\\/#breadcrumb\",\"itemListElement\":[{\"@type\":\"ListItem\",\"position\":1,\"name\":\"In\u00edcio\",\"item\":\"https:\\\/\\\/thefortune.one\\\/pt\\\/\"},{\"@type\":\"ListItem\",\"position\":2,\"name\":\"Costa Filho: aeroporto de Porto Alegre voltar\u00e1 a operar \u2018parcialmente\u2019 em outubro\"}]},{\"@type\":\"WebSite\",\"@id\":\"https:\\\/\\\/thefortune.one\\\/pt\\\/#website\",\"url\":\"https:\\\/\\\/thefortune.one\\\/pt\\\/\",\"name\":\"The Fortune.one\",\"description\":\"Gestora de Recursos Especializada em Private Equity\",\"publisher\":{\"@id\":\"https:\\\/\\\/thefortune.one\\\/pt\\\/#organization\"},\"potentialAction\":[{\"@type\":\"SearchAction\",\"target\":{\"@type\":\"EntryPoint\",\"urlTemplate\":\"https:\\\/\\\/thefortune.one\\\/pt\\\/?s={search_term_string}\"},\"query-input\":{\"@type\":\"PropertyValueSpecification\",\"valueRequired\":true,\"valueName\":\"search_term_string\"}}],\"inLanguage\":\"en-US\"},{\"@type\":\"Organization\",\"@id\":\"https:\\\/\\\/thefortune.one\\\/pt\\\/#organization\",\"name\":\"The Fortune One\",\"url\":\"https:\\\/\\\/thefortune.one\\\/pt\\\/\",\"logo\":{\"@type\":\"ImageObject\",\"inLanguage\":\"en-US\",\"@id\":\"https:\\\/\\\/thefortune.one\\\/pt\\\/#\\\/schema\\\/logo\\\/image\\\/\",\"url\":\"https:\\\/\\\/thefortune.one\\\/wp-content\\\/uploads\\\/2022\\\/11\\\/cropped-cropped-1651682701199-1.jpg\",\"contentUrl\":\"https:\\\/\\\/thefortune.one\\\/wp-content\\\/uploads\\\/2022\\\/11\\\/cropped-cropped-1651682701199-1.jpg\",\"width\":369,\"height\":421,\"caption\":\"The Fortune One\"},\"image\":{\"@id\":\"https:\\\/\\\/thefortune.one\\\/pt\\\/#\\\/schema\\\/logo\\\/image\\\/\"}},{\"@type\":\"Person\",\"@id\":\"https:\\\/\\\/thefortune.one\\\/pt\\\/#\\\/schema\\\/person\\\/6cd8fe72a627d36caabf41815984a16f\",\"name\":\"bianca\",\"image\":{\"@type\":\"ImageObject\",\"inLanguage\":\"en-US\",\"@id\":\"https:\\\/\\\/secure.gravatar.com\\\/avatar\\\/66cd7b00d93410555e00d1e6a911a86de0cd0cfa4f83a2f8b47eddc2968c98af?s=96&d=mm&r=g\",\"url\":\"https:\\\/\\\/secure.gravatar.com\\\/avatar\\\/66cd7b00d93410555e00d1e6a911a86de0cd0cfa4f83a2f8b47eddc2968c98af?s=96&d=mm&r=g\",\"contentUrl\":\"https:\\\/\\\/secure.gravatar.com\\\/avatar\\\/66cd7b00d93410555e00d1e6a911a86de0cd0cfa4f83a2f8b47eddc2968c98af?s=96&d=mm&r=g\",\"caption\":\"bianca\"},\"url\":\"https:\\\/\\\/thefortune.one\\\/en\\\/author\\\/bianca\\\/\"}]}<\/script>\n<!-- \/ Yoast SEO plugin. -->","yoast_head_json":{"title":"Costa Filho: aeroporto de Porto Alegre voltar\u00e1 a operar \u2018parcialmente\u2019 em outubro - The Fortune.one","description":"Somos especialistas em gest\u00e3o patrimonial, op\u00e7\u00f5es de investimentos para diversos perfis, nosso diferencial \u00e9 comprovado com resultados.","robots":{"index":"index","follow":"follow","max-snippet":"max-snippet:-1","max-image-preview":"max-image-preview:large","max-video-preview":"max-video-preview:-1"},"canonical":"https:\/\/thefortune.one\/en\/costa-filho-aeroporto-de-porto-alegre-voltara-a-operar-parcialmente-em-outubro\/","og_locale":"en_US","og_type":"article","og_title":"Costa Filho: aeroporto de Porto Alegre voltar\u00e1 a operar \u2018parcialmente\u2019 em outubro - The Fortune.one","og_description":"Somos especialistas em gest\u00e3o patrimonial, op\u00e7\u00f5es de investimentos para diversos perfis, nosso diferencial \u00e9 comprovado com resultados.","og_url":"https:\/\/thefortune.one\/en\/costa-filho-aeroporto-de-porto-alegre-voltara-a-operar-parcialmente-em-outubro\/","og_site_name":"The Fortune.one","article_published_time":"2024-07-17T13:17:45+00:00","og_image":[{"width":300,"height":300,"url":"https:\/\/thefortune.one\/wp-content\/uploads\/2024\/07\/mmm.jpg","type":"image\/jpeg"}],"author":"bianca","twitter_card":"summary_large_image","twitter_misc":{"Written by":"bianca","Est. reading time":"3 minutes"},"schema":{"@context":"https:\/\/schema.org","@graph":[{"@type":"Article","@id":"https:\/\/thefortune.one\/pt\/costa-filho-aeroporto-de-porto-alegre-voltara-a-operar-parcialmente-em-outubro\/#article","isPartOf":{"@id":"https:\/\/thefortune.one\/pt\/costa-filho-aeroporto-de-porto-alegre-voltara-a-operar-parcialmente-em-outubro\/"},"author":{"name":"bianca","@id":"https:\/\/thefortune.one\/pt\/#\/schema\/person\/6cd8fe72a627d36caabf41815984a16f"},"headline":"Costa Filho: aeroporto de Porto Alegre voltar\u00e1 a operar \u2018parcialmente\u2019 em outubro","datePublished":"2024-07-17T13:17:45+00:00","mainEntityOfPage":{"@id":"https:\/\/thefortune.one\/pt\/costa-filho-aeroporto-de-porto-alegre-voltara-a-operar-parcialmente-em-outubro\/"},"wordCount":637,"commentCount":0,"publisher":{"@id":"https:\/\/thefortune.one\/pt\/#organization"},"image":{"@id":"https:\/\/thefortune.one\/pt\/costa-filho-aeroporto-de-porto-alegre-voltara-a-operar-parcialmente-em-outubro\/#primaryimage"},"thumbnailUrl":"https:\/\/thefortune.one\/wp-content\/uploads\/2024\/07\/mmm.jpg","articleSection":["The Fortune.one"],"inLanguage":"en-US","potentialAction":[{"@type":"CommentAction","name":"Comment","target":["https:\/\/thefortune.one\/pt\/costa-filho-aeroporto-de-porto-alegre-voltara-a-operar-parcialmente-em-outubro\/#respond"]}]},{"@type":"WebPage","@id":"https:\/\/thefortune.one\/pt\/costa-filho-aeroporto-de-porto-alegre-voltara-a-operar-parcialmente-em-outubro\/","url":"https:\/\/thefortune.one\/pt\/costa-filho-aeroporto-de-porto-alegre-voltara-a-operar-parcialmente-em-outubro\/","name":"Costa Filho: aeroporto de Porto Alegre voltar\u00e1 a operar \u2018parcialmente\u2019 em outubro - The Fortune.one","isPartOf":{"@id":"https:\/\/thefortune.one\/pt\/#website"},"primaryImageOfPage":{"@id":"https:\/\/thefortune.one\/pt\/costa-filho-aeroporto-de-porto-alegre-voltara-a-operar-parcialmente-em-outubro\/#primaryimage"},"image":{"@id":"https:\/\/thefortune.one\/pt\/costa-filho-aeroporto-de-porto-alegre-voltara-a-operar-parcialmente-em-outubro\/#primaryimage"},"thumbnailUrl":"https:\/\/thefortune.one\/wp-content\/uploads\/2024\/07\/mmm.jpg","datePublished":"2024-07-17T13:17:45+00:00","description":"Somos especialistas em gest\u00e3o patrimonial, op\u00e7\u00f5es de investimentos para diversos perfis, nosso diferencial \u00e9 comprovado com resultados.","breadcrumb":{"@id":"https:\/\/thefortune.one\/pt\/costa-filho-aeroporto-de-porto-alegre-voltara-a-operar-parcialmente-em-outubro\/#breadcrumb"},"inLanguage":"en-US","potentialAction":[{"@type":"ReadAction","target":["https:\/\/thefortune.one\/pt\/costa-filho-aeroporto-de-porto-alegre-voltara-a-operar-parcialmente-em-outubro\/"]}]},{"@type":"ImageObject","inLanguage":"en-US","@id":"https:\/\/thefortune.one\/pt\/costa-filho-aeroporto-de-porto-alegre-voltara-a-operar-parcialmente-em-outubro\/#primaryimage","url":"https:\/\/thefortune.one\/wp-content\/uploads\/2024\/07\/mmm.jpg","contentUrl":"https:\/\/thefortune.one\/wp-content\/uploads\/2024\/07\/mmm.jpg","width":300,"height":300},{"@type":"BreadcrumbList","@id":"https:\/\/thefortune.one\/pt\/costa-filho-aeroporto-de-porto-alegre-voltara-a-operar-parcialmente-em-outubro\/#breadcrumb","itemListElement":[{"@type":"ListItem","position":1,"name":"In\u00edcio","item":"https:\/\/thefortune.one\/pt\/"},{"@type":"ListItem","position":2,"name":"Costa Filho: aeroporto de Porto Alegre voltar\u00e1 a operar \u2018parcialmente\u2019 em outubro"}]},{"@type":"WebSite","@id":"https:\/\/thefortune.one\/pt\/#website","url":"https:\/\/thefortune.one\/pt\/","name":"The Fortune.one","description":"Gestora de Recursos Especializada em Private Equity","publisher":{"@id":"https:\/\/thefortune.one\/pt\/#organization"},"potentialAction":[{"@type":"SearchAction","target":{"@type":"EntryPoint","urlTemplate":"https:\/\/thefortune.one\/pt\/?s={search_term_string}"},"query-input":{"@type":"PropertyValueSpecification","valueRequired":true,"valueName":"search_term_string"}}],"inLanguage":"en-US"},{"@type":"Organization","@id":"https:\/\/thefortune.one\/pt\/#organization","name":"The Fortune One","url":"https:\/\/thefortune.one\/pt\/","logo":{"@type":"ImageObject","inLanguage":"en-US","@id":"https:\/\/thefortune.one\/pt\/#\/schema\/logo\/image\/","url":"https:\/\/thefortune.one\/wp-content\/uploads\/2022\/11\/cropped-cropped-1651682701199-1.jpg","contentUrl":"https:\/\/thefortune.one\/wp-content\/uploads\/2022\/11\/cropped-cropped-1651682701199-1.jpg","width":369,"height":421,"caption":"The Fortune One"},"image":{"@id":"https:\/\/thefortune.one\/pt\/#\/schema\/logo\/image\/"}},{"@type":"Person","@id":"https:\/\/thefortune.one\/pt\/#\/schema\/person\/6cd8fe72a627d36caabf41815984a16f","name":"bianca","image":{"@type":"ImageObject","inLanguage":"en-US","@id":"https:\/\/secure.gravatar.com\/avatar\/66cd7b00d93410555e00d1e6a911a86de0cd0cfa4f83a2f8b47eddc2968c98af?s=96&d=mm&r=g","url":"https:\/\/secure.gravatar.com\/avatar\/66cd7b00d93410555e00d1e6a911a86de0cd0cfa4f83a2f8b47eddc2968c98af?s=96&d=mm&r=g","contentUrl":"https:\/\/secure.gravatar.com\/avatar\/66cd7b00d93410555e00d1e6a911a86de0cd0cfa4f83a2f8b47eddc2968c98af?s=96&d=mm&r=g","caption":"bianca"},"url":"https:\/\/thefortune.one\/en\/author\/bianca\/"}]}},"_links":{"self":[{"href":"https:\/\/thefortune.one\/en\/wp-json\/wp\/v2\/posts\/5228","targetHints":{"allow":["GET"]}}],"collection":[{"href":"https:\/\/thefortune.one\/en\/wp-json\/wp\/v2\/posts"}],"about":[{"href":"https:\/\/thefortune.one\/en\/wp-json\/wp\/v2\/types\/post"}],"author":[{"embeddable":true,"href":"https:\/\/thefortune.one\/en\/wp-json\/wp\/v2\/users\/3"}],"replies":[{"embeddable":true,"href":"https:\/\/thefortune.one\/en\/wp-json\/wp\/v2\/comments?post=5228"}],"version-history":[{"count":1,"href":"https:\/\/thefortune.one\/en\/wp-json\/wp\/v2\/posts\/5228\/revisions"}],"predecessor-version":[{"id":5231,"href":"https:\/\/thefortune.one\/en\/wp-json\/wp\/v2\/posts\/5228\/revisions\/5231"}],"wp:featuredmedia":[{"embeddable":true,"href":"https:\/\/thefortune.one\/en\/wp-json\/wp\/v2\/media\/5230"}],"wp:attachment":[{"href":"https:\/\/thefortune.one\/en\/wp-json\/wp\/v2\/media?parent=5228"}],"wp:term":[{"taxonomy":"category","embeddable":true,"href":"https:\/\/thefortune.one\/en\/wp-json\/wp\/v2\/categories?post=5228"},{"taxonomy":"post_tag","embeddable":true,"href":"https:\/\/thefortune.one\/en\/wp-json\/wp\/v2\/tags?post=5228"}],"curies":[{"name":"wp","href":"https:\/\/api.w.org\/{rel}","templated":true}]}}