{"id":5216,"date":"2024-07-12T12:55:09","date_gmt":"2024-07-12T12:55:09","guid":{"rendered":"https:\/\/thefortune.one\/?p=5216"},"modified":"2024-07-12T12:55:09","modified_gmt":"2024-07-12T12:55:09","slug":"pacheco-anuncia-eduardo-braga-como-relator-da-regulamentacao-da-reforma-tributaria-no-senado","status":"publish","type":"post","link":"https:\/\/thefortune.one\/en\/pacheco-anuncia-eduardo-braga-como-relator-da-regulamentacao-da-reforma-tributaria-no-senado\/","title":{"rendered":"Pacheco anuncia Eduardo Braga como relator da regulamenta\u00e7\u00e3o da reforma tribut\u00e1ria no Senado"},"content":{"rendered":"\n<p>Presidente do Senado tamb\u00e9m anunciou que a mat\u00e9ria passar\u00e1 pela Comiss\u00e3o de Constitui\u00e7\u00e3o e Justi\u00e7a (CCJ) da Casa. Ap\u00f3s o an\u00fancio, Braga defendeu a retirada da urg\u00eancia do projeto<\/p>\n\n\n\n<figure class=\"wp-block-image size-full\"><img fetchpriority=\"high\" decoding=\"async\" width=\"300\" height=\"300\" src=\"https:\/\/thefortune.one\/wp-content\/uploads\/2024\/07\/image-6.png\" alt=\"\" class=\"wp-image-5217\" srcset=\"https:\/\/thefortune.one\/wp-content\/uploads\/2024\/07\/image-6.png 300w, https:\/\/thefortune.one\/wp-content\/uploads\/2024\/07\/image-6-150x150.png 150w, https:\/\/thefortune.one\/wp-content\/uploads\/2024\/07\/image-6-12x12.png 12w\" sizes=\"(max-width: 300px) 100vw, 300px\" \/><\/figure>\n\n\n\n<p><a href=\"https:\/\/web.whatsapp.com\/send?text=Pacheco%20anuncia%20Eduardo%20Braga%20como%20relator%20da%20regulamenta%C3%A7%C3%A3o%20da%20reforma%20tribut%C3%A1ria%20no%20Senado%20https%3A%2F%2Finteligenciafinanceira.com.br%2Fmercado-financeiro%2Fpolitica%2Feduardo-braga-relator-da-regulamentacao-da-reforma-tributaria-no-senado%2F\" rel=\"noreferrer noopener\" target=\"_blank\"><\/a><a href=\"https:\/\/www.linkedin.com\/sharing\/share-offsite\/?url=https%3A%2F%2Finteligenciafinanceira.com.br%2Fmercado-financeiro%2Fpolitica%2Feduardo-braga-relator-da-regulamentacao-da-reforma-tributaria-no-senado%2F&amp;title=Pacheco%20anuncia%20Eduardo%20Braga%20como%20relator%20da%20regulamenta%C3%A7%C3%A3o%20da%20reforma%20tribut%C3%A1ria%20no%20Senado\" rel=\"noreferrer noopener\" target=\"_blank\"><\/a><a href=\"https:\/\/t.me\/share\/url?url=https%3A%2F%2Finteligenciafinanceira.com.br%2Fmercado-financeiro%2Fpolitica%2Feduardo-braga-relator-da-regulamentacao-da-reforma-tributaria-no-senado%2F&amp;text=Pacheco%20anuncia%20Eduardo%20Braga%20como%20relator%20da%20regulamenta%C3%A7%C3%A3o%20da%20reforma%20tribut%C3%A1ria%20no%20Senado\" rel=\"noreferrer noopener\" target=\"_blank\"><\/a><a href=\"https:\/\/twitter.com\/intent\/tweet?text=Pacheco%20anuncia%20Eduardo%20Braga%20como%20relator%20da%20regulamenta%C3%A7%C3%A3o%20da%20reforma%20tribut%C3%A1ria%20no%20Senado&amp;url=https%3A%2F%2Finteligenciafinanceira.com.br%2Fmercado-financeiro%2Fpolitica%2Feduardo-braga-relator-da-regulamentacao-da-reforma-tributaria-no-senado%2F&amp;\" rel=\"noreferrer noopener\" target=\"_blank\"><\/a><a href=\"https:\/\/www.facebook.com\/sharer\/sharer.php?u=https%3A%2F%2Finteligenciafinanceira.com.br%2Fmercado-financeiro%2Fpolitica%2Feduardo-braga-relator-da-regulamentacao-da-reforma-tributaria-no-senado%2F\" rel=\"noreferrer noopener\" target=\"_blank\"><\/a><a href=\"mailto:?subject=Pacheco%20anuncia%20Eduardo%20Braga%20como%20relator%20da%20regulamenta%C3%A7%C3%A3o%20da%20reforma%20tribut%C3%A1ria%20no%20Senado&amp;body=Veja%20mais%20em%20https%3A%2F%2Finteligenciafinanceira.com.br%2Fmercado-financeiro%2Fpolitica%2Feduardo-braga-relator-da-regulamentacao-da-reforma-tributaria-no-senado%2F\" rel=\"noreferrer noopener\" target=\"_blank\"><\/a><a href=\"https:\/\/inteligenciafinanceira.com.br\/mercado-financeiro\/politica\/eduardo-braga-relator-da-regulamentacao-da-reforma-tributaria-no-senado\/#copy_link\"><\/a><\/p>\n\n\n\n<p>O presidente do&nbsp;<a href=\"https:\/\/inteligenciafinanceira.com.br\/investimentos\/senado\/\" target=\"_blank\" rel=\"noreferrer noopener\">Senado<\/a>, Rodrigo Pacheco (PSD-MG), nomeou, nesta quinta-feira (11), o l\u00edder do MDB na Casa, Eduardo Braga (AM), como relator do projeto de lei de regulamenta\u00e7\u00e3o da reforma tribut\u00e1ria.<\/p>\n\n\n\n<p>No plen\u00e1rio, Pacheco tamb\u00e9m anunciou que a mat\u00e9ria passar\u00e1 pela Comiss\u00e3o de Constitui\u00e7\u00e3o e Justi\u00e7a (CCJ) da Casa. Ap\u00f3s o an\u00fancio, Braga defendeu a retirada da urg\u00eancia do projeto.<\/p>\n\n\n\n<p>\u201cUma vez aprovado o projeto da regulamenta\u00e7\u00e3o da reforma tribut\u00e1ria, ao recebermos os avulsos da C\u00e2mara dos Deputados, n\u00f3s daremos a destina\u00e7\u00e3o devida \u00e0 CCJ do Senado\u201d, disse Pacheco.<\/p>\n\n\n\n<p>\u201cTer\u00e1 a miss\u00e3o de relatar esse projeto de lei complementar o nobre senador Eduardo Braga, l\u00edder do MDB, que foi relator da PEC da reforma tribut\u00e1ria\u201d, acrescentou.<\/p>\n\n\n\n<p>Segundo o presidente do Senado, Braga ter\u00e1 a responsabilidade de definir o cronograma de tramita\u00e7\u00e3o da reforma. O l\u00edder do MDB disse que, assim como foi feito na PEC, o seu objetivo \u00e9 garantir a neutralidade da carga tribut\u00e1ria. Ele tamb\u00e9m defendeu a simplifica\u00e7\u00e3o e transpar\u00eancia do sistema tribut\u00e1rio.<\/p>\n\n\n\n<p>\u201cTemos disposi\u00e7\u00e3o de di\u00e1logo com a C\u00e2mara para que n\u00f3s possamos construir entendimentos em torno desse texto da regulamenta\u00e7\u00e3o. N\u00e3o h\u00e1 d\u00favida de que h\u00e1 questionamentos sobre o que foi aprovado na C\u00e2mara dos Deputados\u201d, pontuou Braga.<\/p>\n\n\n\n<p>O parlamentar tamb\u00e9m fez um apelo para que o projeto n\u00e3o tenha urg\u00eancia constitucional. \u201cPara que n\u00f3s possamos estabelecer um calend\u00e1rio com audi\u00eancias p\u00fablicas, ouvir os diversos segmentos e debater com os senadores\u201d, declarou.<\/p>\n\n\n\n<p>Fonte:<a href=\"https:\/\/inteligenciafinanceira.com.br\/mercado-financeiro\/politica\/eduardo-braga-relator-da-regulamentacao-da-reforma-tributaria-no-senado\/\">https:\/\/inteligenciafinanceira.com.br\/mercado-financeiro\/politica\/eduardo-braga-relator-da-regulamentacao-da-reforma-tributaria-no-senado\/<\/a><\/p>\n","protected":false},"excerpt":{"rendered":"<p>Presidente do Senado tamb\u00e9m anunciou que a mat\u00e9ria passar\u00e1 pela Comiss\u00e3o de Constitui\u00e7\u00e3o e Justi\u00e7a (CCJ) da Casa. Ap\u00f3s o an\u00fancio, Braga defendeu a retirada da urg\u00eancia do projeto O presidente do&nbsp;Senado, Rodrigo Pacheco (PSD-MG), nomeou, nesta quinta-feira (11), o l\u00edder do MDB na Casa, Eduardo Braga (AM), como relator do projeto de lei de [&hellip;]<\/p>\n","protected":false},"author":3,"featured_media":5218,"comment_status":"open","ping_status":"open","sticky":false,"template":"","format":"standard","meta":{"_joinchat":[],"footnotes":""},"categories":[1],"tags":[],"class_list":["post-5216","post","type-post","status-publish","format-standard","has-post-thumbnail","hentry","category-the-fortune-one"],"yoast_head":"<!-- This site is optimized with the Yoast SEO plugin v27.5 - https:\/\/yoast.com\/product\/yoast-seo-wordpress\/ -->\n<title>Pacheco anuncia Eduardo Braga como relator da regulamenta\u00e7\u00e3o da reforma tribut\u00e1ria no Senado - The Fortune.one<\/title>\n<meta name=\"description\" content=\"Somos especialistas em gest\u00e3o patrimonial, op\u00e7\u00f5es de investimentos para diversos perfis, nosso diferencial \u00e9 comprovado com resultados.\" \/>\n<meta name=\"robots\" content=\"index, follow, max-snippet:-1, max-image-preview:large, max-video-preview:-1\" \/>\n<link rel=\"canonical\" href=\"https:\/\/thefortune.one\/en\/pacheco-anuncia-eduardo-braga-como-relator-da-regulamentacao-da-reforma-tributaria-no-senado\/\" \/>\n<meta property=\"og:locale\" content=\"en_US\" \/>\n<meta property=\"og:type\" content=\"article\" \/>\n<meta property=\"og:title\" content=\"Pacheco anuncia Eduardo Braga como relator da regulamenta\u00e7\u00e3o da reforma tribut\u00e1ria no Senado - The Fortune.one\" \/>\n<meta property=\"og:description\" content=\"Somos especialistas em gest\u00e3o patrimonial, op\u00e7\u00f5es de investimentos para diversos perfis, nosso diferencial \u00e9 comprovado com resultados.\" \/>\n<meta property=\"og:url\" content=\"https:\/\/thefortune.one\/en\/pacheco-anuncia-eduardo-braga-como-relator-da-regulamentacao-da-reforma-tributaria-no-senado\/\" \/>\n<meta property=\"og:site_name\" content=\"The Fortune.one\" \/>\n<meta property=\"article:published_time\" content=\"2024-07-12T12:55:09+00:00\" \/>\n<meta property=\"og:image\" content=\"https:\/\/thefortune.one\/wp-content\/uploads\/2024\/07\/pacheco.jpg\" \/>\n\t<meta property=\"og:image:width\" content=\"300\" \/>\n\t<meta property=\"og:image:height\" content=\"300\" \/>\n\t<meta property=\"og:image:type\" content=\"image\/jpeg\" \/>\n<meta name=\"author\" content=\"bianca\" \/>\n<meta name=\"twitter:card\" content=\"summary_large_image\" \/>\n<meta name=\"twitter:label1\" content=\"Written by\" \/>\n\t<meta name=\"twitter:data1\" content=\"bianca\" \/>\n\t<meta name=\"twitter:label2\" content=\"Est. reading time\" \/>\n\t<meta name=\"twitter:data2\" content=\"2 minutes\" \/>\n<script type=\"application\/ld+json\" class=\"yoast-schema-graph\">{\"@context\":\"https:\\\/\\\/schema.org\",\"@graph\":[{\"@type\":\"Article\",\"@id\":\"https:\\\/\\\/thefortune.one\\\/pt\\\/pacheco-anuncia-eduardo-braga-como-relator-da-regulamentacao-da-reforma-tributaria-no-senado\\\/#article\",\"isPartOf\":{\"@id\":\"https:\\\/\\\/thefortune.one\\\/pt\\\/pacheco-anuncia-eduardo-braga-como-relator-da-regulamentacao-da-reforma-tributaria-no-senado\\\/\"},\"author\":{\"name\":\"bianca\",\"@id\":\"https:\\\/\\\/thefortune.one\\\/pt\\\/#\\\/schema\\\/person\\\/6cd8fe72a627d36caabf41815984a16f\"},\"headline\":\"Pacheco anuncia Eduardo Braga como relator da regulamenta\u00e7\u00e3o da reforma tribut\u00e1ria no Senado\",\"datePublished\":\"2024-07-12T12:55:09+00:00\",\"mainEntityOfPage\":{\"@id\":\"https:\\\/\\\/thefortune.one\\\/pt\\\/pacheco-anuncia-eduardo-braga-como-relator-da-regulamentacao-da-reforma-tributaria-no-senado\\\/\"},\"wordCount\":336,\"commentCount\":0,\"publisher\":{\"@id\":\"https:\\\/\\\/thefortune.one\\\/pt\\\/#organization\"},\"image\":{\"@id\":\"https:\\\/\\\/thefortune.one\\\/pt\\\/pacheco-anuncia-eduardo-braga-como-relator-da-regulamentacao-da-reforma-tributaria-no-senado\\\/#primaryimage\"},\"thumbnailUrl\":\"https:\\\/\\\/thefortune.one\\\/wp-content\\\/uploads\\\/2024\\\/07\\\/pacheco.jpg\",\"articleSection\":[\"The Fortune.one\"],\"inLanguage\":\"en-US\",\"potentialAction\":[{\"@type\":\"CommentAction\",\"name\":\"Comment\",\"target\":[\"https:\\\/\\\/thefortune.one\\\/pt\\\/pacheco-anuncia-eduardo-braga-como-relator-da-regulamentacao-da-reforma-tributaria-no-senado\\\/#respond\"]}]},{\"@type\":\"WebPage\",\"@id\":\"https:\\\/\\\/thefortune.one\\\/pt\\\/pacheco-anuncia-eduardo-braga-como-relator-da-regulamentacao-da-reforma-tributaria-no-senado\\\/\",\"url\":\"https:\\\/\\\/thefortune.one\\\/pt\\\/pacheco-anuncia-eduardo-braga-como-relator-da-regulamentacao-da-reforma-tributaria-no-senado\\\/\",\"name\":\"Pacheco anuncia Eduardo Braga como relator da regulamenta\u00e7\u00e3o da reforma tribut\u00e1ria no Senado - The Fortune.one\",\"isPartOf\":{\"@id\":\"https:\\\/\\\/thefortune.one\\\/pt\\\/#website\"},\"primaryImageOfPage\":{\"@id\":\"https:\\\/\\\/thefortune.one\\\/pt\\\/pacheco-anuncia-eduardo-braga-como-relator-da-regulamentacao-da-reforma-tributaria-no-senado\\\/#primaryimage\"},\"image\":{\"@id\":\"https:\\\/\\\/thefortune.one\\\/pt\\\/pacheco-anuncia-eduardo-braga-como-relator-da-regulamentacao-da-reforma-tributaria-no-senado\\\/#primaryimage\"},\"thumbnailUrl\":\"https:\\\/\\\/thefortune.one\\\/wp-content\\\/uploads\\\/2024\\\/07\\\/pacheco.jpg\",\"datePublished\":\"2024-07-12T12:55:09+00:00\",\"description\":\"Somos especialistas em gest\u00e3o patrimonial, op\u00e7\u00f5es de investimentos para diversos perfis, nosso diferencial \u00e9 comprovado com resultados.\",\"breadcrumb\":{\"@id\":\"https:\\\/\\\/thefortune.one\\\/pt\\\/pacheco-anuncia-eduardo-braga-como-relator-da-regulamentacao-da-reforma-tributaria-no-senado\\\/#breadcrumb\"},\"inLanguage\":\"en-US\",\"potentialAction\":[{\"@type\":\"ReadAction\",\"target\":[\"https:\\\/\\\/thefortune.one\\\/pt\\\/pacheco-anuncia-eduardo-braga-como-relator-da-regulamentacao-da-reforma-tributaria-no-senado\\\/\"]}]},{\"@type\":\"ImageObject\",\"inLanguage\":\"en-US\",\"@id\":\"https:\\\/\\\/thefortune.one\\\/pt\\\/pacheco-anuncia-eduardo-braga-como-relator-da-regulamentacao-da-reforma-tributaria-no-senado\\\/#primaryimage\",\"url\":\"https:\\\/\\\/thefortune.one\\\/wp-content\\\/uploads\\\/2024\\\/07\\\/pacheco.jpg\",\"contentUrl\":\"https:\\\/\\\/thefortune.one\\\/wp-content\\\/uploads\\\/2024\\\/07\\\/pacheco.jpg\",\"width\":300,\"height\":300},{\"@type\":\"BreadcrumbList\",\"@id\":\"https:\\\/\\\/thefortune.one\\\/pt\\\/pacheco-anuncia-eduardo-braga-como-relator-da-regulamentacao-da-reforma-tributaria-no-senado\\\/#breadcrumb\",\"itemListElement\":[{\"@type\":\"ListItem\",\"position\":1,\"name\":\"In\u00edcio\",\"item\":\"https:\\\/\\\/thefortune.one\\\/pt\\\/\"},{\"@type\":\"ListItem\",\"position\":2,\"name\":\"Pacheco anuncia Eduardo Braga como relator da regulamenta\u00e7\u00e3o da reforma tribut\u00e1ria no Senado\"}]},{\"@type\":\"WebSite\",\"@id\":\"https:\\\/\\\/thefortune.one\\\/pt\\\/#website\",\"url\":\"https:\\\/\\\/thefortune.one\\\/pt\\\/\",\"name\":\"The Fortune.one\",\"description\":\"Gestora de Recursos Especializada em Private Equity\",\"publisher\":{\"@id\":\"https:\\\/\\\/thefortune.one\\\/pt\\\/#organization\"},\"potentialAction\":[{\"@type\":\"SearchAction\",\"target\":{\"@type\":\"EntryPoint\",\"urlTemplate\":\"https:\\\/\\\/thefortune.one\\\/pt\\\/?s={search_term_string}\"},\"query-input\":{\"@type\":\"PropertyValueSpecification\",\"valueRequired\":true,\"valueName\":\"search_term_string\"}}],\"inLanguage\":\"en-US\"},{\"@type\":\"Organization\",\"@id\":\"https:\\\/\\\/thefortune.one\\\/pt\\\/#organization\",\"name\":\"The Fortune One\",\"url\":\"https:\\\/\\\/thefortune.one\\\/pt\\\/\",\"logo\":{\"@type\":\"ImageObject\",\"inLanguage\":\"en-US\",\"@id\":\"https:\\\/\\\/thefortune.one\\\/pt\\\/#\\\/schema\\\/logo\\\/image\\\/\",\"url\":\"https:\\\/\\\/thefortune.one\\\/wp-content\\\/uploads\\\/2022\\\/11\\\/cropped-cropped-1651682701199-1.jpg\",\"contentUrl\":\"https:\\\/\\\/thefortune.one\\\/wp-content\\\/uploads\\\/2022\\\/11\\\/cropped-cropped-1651682701199-1.jpg\",\"width\":369,\"height\":421,\"caption\":\"The Fortune One\"},\"image\":{\"@id\":\"https:\\\/\\\/thefortune.one\\\/pt\\\/#\\\/schema\\\/logo\\\/image\\\/\"}},{\"@type\":\"Person\",\"@id\":\"https:\\\/\\\/thefortune.one\\\/pt\\\/#\\\/schema\\\/person\\\/6cd8fe72a627d36caabf41815984a16f\",\"name\":\"bianca\",\"image\":{\"@type\":\"ImageObject\",\"inLanguage\":\"en-US\",\"@id\":\"https:\\\/\\\/secure.gravatar.com\\\/avatar\\\/66cd7b00d93410555e00d1e6a911a86de0cd0cfa4f83a2f8b47eddc2968c98af?s=96&d=mm&r=g\",\"url\":\"https:\\\/\\\/secure.gravatar.com\\\/avatar\\\/66cd7b00d93410555e00d1e6a911a86de0cd0cfa4f83a2f8b47eddc2968c98af?s=96&d=mm&r=g\",\"contentUrl\":\"https:\\\/\\\/secure.gravatar.com\\\/avatar\\\/66cd7b00d93410555e00d1e6a911a86de0cd0cfa4f83a2f8b47eddc2968c98af?s=96&d=mm&r=g\",\"caption\":\"bianca\"},\"url\":\"https:\\\/\\\/thefortune.one\\\/en\\\/author\\\/bianca\\\/\"}]}<\/script>\n<!-- \/ Yoast SEO plugin. -->","yoast_head_json":{"title":"Pacheco anuncia Eduardo Braga como relator da regulamenta\u00e7\u00e3o da reforma tribut\u00e1ria no Senado - The Fortune.one","description":"Somos especialistas em gest\u00e3o patrimonial, op\u00e7\u00f5es de investimentos para diversos perfis, nosso diferencial \u00e9 comprovado com resultados.","robots":{"index":"index","follow":"follow","max-snippet":"max-snippet:-1","max-image-preview":"max-image-preview:large","max-video-preview":"max-video-preview:-1"},"canonical":"https:\/\/thefortune.one\/en\/pacheco-anuncia-eduardo-braga-como-relator-da-regulamentacao-da-reforma-tributaria-no-senado\/","og_locale":"en_US","og_type":"article","og_title":"Pacheco anuncia Eduardo Braga como relator da regulamenta\u00e7\u00e3o da reforma tribut\u00e1ria no Senado - The Fortune.one","og_description":"Somos especialistas em gest\u00e3o patrimonial, op\u00e7\u00f5es de investimentos para diversos perfis, nosso diferencial \u00e9 comprovado com resultados.","og_url":"https:\/\/thefortune.one\/en\/pacheco-anuncia-eduardo-braga-como-relator-da-regulamentacao-da-reforma-tributaria-no-senado\/","og_site_name":"The Fortune.one","article_published_time":"2024-07-12T12:55:09+00:00","og_image":[{"width":300,"height":300,"url":"https:\/\/thefortune.one\/wp-content\/uploads\/2024\/07\/pacheco.jpg","type":"image\/jpeg"}],"author":"bianca","twitter_card":"summary_large_image","twitter_misc":{"Written by":"bianca","Est. reading time":"2 minutes"},"schema":{"@context":"https:\/\/schema.org","@graph":[{"@type":"Article","@id":"https:\/\/thefortune.one\/pt\/pacheco-anuncia-eduardo-braga-como-relator-da-regulamentacao-da-reforma-tributaria-no-senado\/#article","isPartOf":{"@id":"https:\/\/thefortune.one\/pt\/pacheco-anuncia-eduardo-braga-como-relator-da-regulamentacao-da-reforma-tributaria-no-senado\/"},"author":{"name":"bianca","@id":"https:\/\/thefortune.one\/pt\/#\/schema\/person\/6cd8fe72a627d36caabf41815984a16f"},"headline":"Pacheco anuncia Eduardo Braga como relator da regulamenta\u00e7\u00e3o da reforma tribut\u00e1ria no Senado","datePublished":"2024-07-12T12:55:09+00:00","mainEntityOfPage":{"@id":"https:\/\/thefortune.one\/pt\/pacheco-anuncia-eduardo-braga-como-relator-da-regulamentacao-da-reforma-tributaria-no-senado\/"},"wordCount":336,"commentCount":0,"publisher":{"@id":"https:\/\/thefortune.one\/pt\/#organization"},"image":{"@id":"https:\/\/thefortune.one\/pt\/pacheco-anuncia-eduardo-braga-como-relator-da-regulamentacao-da-reforma-tributaria-no-senado\/#primaryimage"},"thumbnailUrl":"https:\/\/thefortune.one\/wp-content\/uploads\/2024\/07\/pacheco.jpg","articleSection":["The Fortune.one"],"inLanguage":"en-US","potentialAction":[{"@type":"CommentAction","name":"Comment","target":["https:\/\/thefortune.one\/pt\/pacheco-anuncia-eduardo-braga-como-relator-da-regulamentacao-da-reforma-tributaria-no-senado\/#respond"]}]},{"@type":"WebPage","@id":"https:\/\/thefortune.one\/pt\/pacheco-anuncia-eduardo-braga-como-relator-da-regulamentacao-da-reforma-tributaria-no-senado\/","url":"https:\/\/thefortune.one\/pt\/pacheco-anuncia-eduardo-braga-como-relator-da-regulamentacao-da-reforma-tributaria-no-senado\/","name":"Pacheco anuncia Eduardo Braga como relator da regulamenta\u00e7\u00e3o da reforma tribut\u00e1ria no Senado - The Fortune.one","isPartOf":{"@id":"https:\/\/thefortune.one\/pt\/#website"},"primaryImageOfPage":{"@id":"https:\/\/thefortune.one\/pt\/pacheco-anuncia-eduardo-braga-como-relator-da-regulamentacao-da-reforma-tributaria-no-senado\/#primaryimage"},"image":{"@id":"https:\/\/thefortune.one\/pt\/pacheco-anuncia-eduardo-braga-como-relator-da-regulamentacao-da-reforma-tributaria-no-senado\/#primaryimage"},"thumbnailUrl":"https:\/\/thefortune.one\/wp-content\/uploads\/2024\/07\/pacheco.jpg","datePublished":"2024-07-12T12:55:09+00:00","description":"Somos especialistas em gest\u00e3o patrimonial, op\u00e7\u00f5es de investimentos para diversos perfis, nosso diferencial \u00e9 comprovado com resultados.","breadcrumb":{"@id":"https:\/\/thefortune.one\/pt\/pacheco-anuncia-eduardo-braga-como-relator-da-regulamentacao-da-reforma-tributaria-no-senado\/#breadcrumb"},"inLanguage":"en-US","potentialAction":[{"@type":"ReadAction","target":["https:\/\/thefortune.one\/pt\/pacheco-anuncia-eduardo-braga-como-relator-da-regulamentacao-da-reforma-tributaria-no-senado\/"]}]},{"@type":"ImageObject","inLanguage":"en-US","@id":"https:\/\/thefortune.one\/pt\/pacheco-anuncia-eduardo-braga-como-relator-da-regulamentacao-da-reforma-tributaria-no-senado\/#primaryimage","url":"https:\/\/thefortune.one\/wp-content\/uploads\/2024\/07\/pacheco.jpg","contentUrl":"https:\/\/thefortune.one\/wp-content\/uploads\/2024\/07\/pacheco.jpg","width":300,"height":300},{"@type":"BreadcrumbList","@id":"https:\/\/thefortune.one\/pt\/pacheco-anuncia-eduardo-braga-como-relator-da-regulamentacao-da-reforma-tributaria-no-senado\/#breadcrumb","itemListElement":[{"@type":"ListItem","position":1,"name":"In\u00edcio","item":"https:\/\/thefortune.one\/pt\/"},{"@type":"ListItem","position":2,"name":"Pacheco anuncia Eduardo Braga como relator da regulamenta\u00e7\u00e3o da reforma tribut\u00e1ria no Senado"}]},{"@type":"WebSite","@id":"https:\/\/thefortune.one\/pt\/#website","url":"https:\/\/thefortune.one\/pt\/","name":"The Fortune.one","description":"Gestora de Recursos Especializada em Private Equity","publisher":{"@id":"https:\/\/thefortune.one\/pt\/#organization"},"potentialAction":[{"@type":"SearchAction","target":{"@type":"EntryPoint","urlTemplate":"https:\/\/thefortune.one\/pt\/?s={search_term_string}"},"query-input":{"@type":"PropertyValueSpecification","valueRequired":true,"valueName":"search_term_string"}}],"inLanguage":"en-US"},{"@type":"Organization","@id":"https:\/\/thefortune.one\/pt\/#organization","name":"The Fortune One","url":"https:\/\/thefortune.one\/pt\/","logo":{"@type":"ImageObject","inLanguage":"en-US","@id":"https:\/\/thefortune.one\/pt\/#\/schema\/logo\/image\/","url":"https:\/\/thefortune.one\/wp-content\/uploads\/2022\/11\/cropped-cropped-1651682701199-1.jpg","contentUrl":"https:\/\/thefortune.one\/wp-content\/uploads\/2022\/11\/cropped-cropped-1651682701199-1.jpg","width":369,"height":421,"caption":"The Fortune One"},"image":{"@id":"https:\/\/thefortune.one\/pt\/#\/schema\/logo\/image\/"}},{"@type":"Person","@id":"https:\/\/thefortune.one\/pt\/#\/schema\/person\/6cd8fe72a627d36caabf41815984a16f","name":"bianca","image":{"@type":"ImageObject","inLanguage":"en-US","@id":"https:\/\/secure.gravatar.com\/avatar\/66cd7b00d93410555e00d1e6a911a86de0cd0cfa4f83a2f8b47eddc2968c98af?s=96&d=mm&r=g","url":"https:\/\/secure.gravatar.com\/avatar\/66cd7b00d93410555e00d1e6a911a86de0cd0cfa4f83a2f8b47eddc2968c98af?s=96&d=mm&r=g","contentUrl":"https:\/\/secure.gravatar.com\/avatar\/66cd7b00d93410555e00d1e6a911a86de0cd0cfa4f83a2f8b47eddc2968c98af?s=96&d=mm&r=g","caption":"bianca"},"url":"https:\/\/thefortune.one\/en\/author\/bianca\/"}]}},"_links":{"self":[{"href":"https:\/\/thefortune.one\/en\/wp-json\/wp\/v2\/posts\/5216","targetHints":{"allow":["GET"]}}],"collection":[{"href":"https:\/\/thefortune.one\/en\/wp-json\/wp\/v2\/posts"}],"about":[{"href":"https:\/\/thefortune.one\/en\/wp-json\/wp\/v2\/types\/post"}],"author":[{"embeddable":true,"href":"https:\/\/thefortune.one\/en\/wp-json\/wp\/v2\/users\/3"}],"replies":[{"embeddable":true,"href":"https:\/\/thefortune.one\/en\/wp-json\/wp\/v2\/comments?post=5216"}],"version-history":[{"count":1,"href":"https:\/\/thefortune.one\/en\/wp-json\/wp\/v2\/posts\/5216\/revisions"}],"predecessor-version":[{"id":5219,"href":"https:\/\/thefortune.one\/en\/wp-json\/wp\/v2\/posts\/5216\/revisions\/5219"}],"wp:featuredmedia":[{"embeddable":true,"href":"https:\/\/thefortune.one\/en\/wp-json\/wp\/v2\/media\/5218"}],"wp:attachment":[{"href":"https:\/\/thefortune.one\/en\/wp-json\/wp\/v2\/media?parent=5216"}],"wp:term":[{"taxonomy":"category","embeddable":true,"href":"https:\/\/thefortune.one\/en\/wp-json\/wp\/v2\/categories?post=5216"},{"taxonomy":"post_tag","embeddable":true,"href":"https:\/\/thefortune.one\/en\/wp-json\/wp\/v2\/tags?post=5216"}],"curies":[{"name":"wp","href":"https:\/\/api.w.org\/{rel}","templated":true}]}}