{"id":5196,"date":"2024-07-04T13:10:03","date_gmt":"2024-07-04T13:10:03","guid":{"rendered":"https:\/\/thefortune.one\/?p=5196"},"modified":"2024-07-04T13:10:03","modified_gmt":"2024-07-04T13:10:03","slug":"haddad-diz-que-lula-autorizou-cortar-r-259-bi-em-gastos-para-fechar-as-contas-em-2025","status":"publish","type":"post","link":"https:\/\/thefortune.one\/en\/haddad-diz-que-lula-autorizou-cortar-r-259-bi-em-gastos-para-fechar-as-contas-em-2025\/","title":{"rendered":"Haddad diz que Lula autorizou cortar R$ 25,9 bi em gastos para fechar as contas em 2025"},"content":{"rendered":"\n<p>Ministro da Fazenda Ele reafirmou o compromisso do governo de cumprir o arcabou\u00e7o fiscal &#8216;a todo custo&#8217; em 2024, 2025 e 2026<\/p>\n\n\n\n<figure class=\"wp-block-image size-full is-resized\"><img fetchpriority=\"high\" decoding=\"async\" width=\"300\" height=\"300\" src=\"https:\/\/thefortune.one\/wp-content\/uploads\/2024\/07\/image-1.png\" alt=\"\" class=\"wp-image-5197\" style=\"width:365px;height:auto\" srcset=\"https:\/\/thefortune.one\/wp-content\/uploads\/2024\/07\/image-1.png 300w, https:\/\/thefortune.one\/wp-content\/uploads\/2024\/07\/image-1-150x150.png 150w, https:\/\/thefortune.one\/wp-content\/uploads\/2024\/07\/image-1-12x12.png 12w\" sizes=\"(max-width: 300px) 100vw, 300px\" \/><\/figure>\n\n\n\n<p><a href=\"https:\/\/web.whatsapp.com\/send?text=Haddad%20diz%20que%20Lula%20autorizou%20cortar%20R$%2025,9%20bi%20em%20gastos%20para%20fechar%20as%20contas%20em%202025%20https%3A%2F%2Finteligenciafinanceira.com.br%2Fmercado-financeiro%2Feconomia%2Fhaddad-corte-de-gastos-fechar-as-contas%2F\" target=\"_blank\" rel=\"noreferrer noopener\"><\/a><a href=\"https:\/\/www.linkedin.com\/sharing\/share-offsite\/?url=https%3A%2F%2Finteligenciafinanceira.com.br%2Fmercado-financeiro%2Feconomia%2Fhaddad-corte-de-gastos-fechar-as-contas%2F&amp;title=Haddad%20diz%20que%20Lula%20autorizou%20cortar%20R$%2025,9%20bi%20em%20gastos%20para%20fechar%20as%20contas%20em%202025\" target=\"_blank\" rel=\"noreferrer noopener\"><\/a><a href=\"https:\/\/t.me\/share\/url?url=https%3A%2F%2Finteligenciafinanceira.com.br%2Fmercado-financeiro%2Feconomia%2Fhaddad-corte-de-gastos-fechar-as-contas%2F&amp;text=Haddad%20diz%20que%20Lula%20autorizou%20cortar%20R$%2025,9%20bi%20em%20gastos%20para%20fechar%20as%20contas%20em%202025\" target=\"_blank\" rel=\"noreferrer noopener\"><\/a><a href=\"https:\/\/twitter.com\/intent\/tweet?text=Haddad%20diz%20que%20Lula%20autorizou%20cortar%20R$%2025,9%20bi%20em%20gastos%20para%20fechar%20as%20contas%20em%202025&amp;url=https%3A%2F%2Finteligenciafinanceira.com.br%2Fmercado-financeiro%2Feconomia%2Fhaddad-corte-de-gastos-fechar-as-contas%2F&amp;\" target=\"_blank\" rel=\"noreferrer noopener\"><\/a><a href=\"https:\/\/www.facebook.com\/sharer\/sharer.php?u=https%3A%2F%2Finteligenciafinanceira.com.br%2Fmercado-financeiro%2Feconomia%2Fhaddad-corte-de-gastos-fechar-as-contas%2F\" target=\"_blank\" rel=\"noreferrer noopener\"><\/a><a href=\"mailto:?subject=Haddad%20diz%20que%20Lula%20autorizou%20cortar%20R$%2025,9%20bi%20em%20gastos%20para%20fechar%20as%20contas%20em%202025&amp;body=Veja%20mais%20em%20https%3A%2F%2Finteligenciafinanceira.com.br%2Fmercado-financeiro%2Feconomia%2Fhaddad-corte-de-gastos-fechar-as-contas%2F\" target=\"_blank\" rel=\"noreferrer noopener\"><\/a><a href=\"https:\/\/inteligenciafinanceira.com.br\/mercado-financeiro\/economia\/haddad-corte-de-gastos-fechar-as-contas\/#copy_link\"><\/a><\/p>\n\n\n\n<p><a href=\"https:\/\/inteligenciafinanceira.com.br\/investimentos\/fernando-haddad\/\" target=\"_blank\" rel=\"noreferrer noopener\">O ministro da Fazenda, Fernando Haddad,<\/a>&nbsp;disse na quarta-feira (3) que o governo cortar\u00e1 R$ 25,9 bilh\u00f5es em despesas obrigat\u00f3rias dos minist\u00e9rios ap\u00f3s um pente-fino sob coordena\u00e7\u00e3o dos minist\u00e9rios do Planejamento e da Casa Civil nos \u00faltimos tr\u00eas meses.<\/p>\n\n\n\n<p>Ele tamb\u00e9m reafirmou o compromisso do governo de cumprir o arcabou\u00e7o fiscal \u201ca todo custo\u201d em 2024, 2025 e 2026, em meio a rumores de que a norma ter\u00e1 que ser alterada novamente por conta do descontrole das contas p\u00fablicas.<\/p>\n\n\n\n<p>\u201cA primeira coisa que o presidente determinou \u00e9: cumpra-se o arcabou\u00e7o fiscal. Ent\u00e3o, n\u00e3o h\u00e1 discuss\u00e3o a esse respeito. Essa lei complementar foi aprovada no ano passado. A iniciativa foi do governo, com a participa\u00e7\u00e3o de todos os ministros. Portanto, n\u00e3o se discute isso\u201d, afirmou.<\/p>\n\n\n\n<p>Haddad fez as afirma\u00e7\u00f5es&nbsp;<a href=\"https:\/\/inteligenciafinanceira.com.br\/investimentos\/lula\/\" target=\"_blank\" rel=\"noreferrer noopener\">ap\u00f3s reuni\u00e3o com o presidente Luiz In\u00e1cio Lula da Silva<\/a>&nbsp;no Pal\u00e1cio do Planalto, com os ministro da Junta de Execu\u00e7\u00e3o Or\u00e7ament\u00e1ria (JEO). Participaram tamb\u00e9m Simone Tebet (Planejamento), Esther Dweck (Gest\u00e3o), Rui Costa (Casa Civil) e Alexandre Padilha (Rela\u00e7\u00f5es Institucionais).<\/p>\n\n\n\n<p>\u201cA determina\u00e7\u00e3o [\u2026] \u00e9 que o arcabou\u00e7o seja preservado em todo o custo. O que significa dizer que, no relat\u00f3rio [bimestral de receitas de despesas] que vai se apresentar dia 22 de julho [\u2026] pode significar algum contingenciamento e algum bloqueio que ser\u00e3o suficientes para que o arcabou\u00e7o seja cumprido\u201d, afirmou.<\/p>\n\n\n\n<p>Haddad afirmou que o tamanho do contingenciamento ainda n\u00e3o est\u00e1 definido.<\/p>\n\n\n\n<p>Ele afirmou ainda que Lula autorizou levar adiante o corte de R$ 25,9 bilh\u00f5es nas despesas obrigat\u00f3rias. E que isso ocorrer\u00e1 \u201cdepois que os minist\u00e9rios afetados sejam comunicados do limite que vai ser dado para a elabora\u00e7\u00e3o do Or\u00e7amento 2025\u201d. Esses cortes, segundo ele, adv\u00eam de um \u201cpente-fino dos benef\u00edcios\u201d. E alguns deles podem at\u00e9 ser antecipados para este ano. O ministro disse ainda que ir\u00e1 se \u201creunir com ministros envolvidos para que n\u00e3o haja falha de comunica\u00e7\u00e3o\u201d.<\/p>\n\n\n\n<p>\u201cIsso foi feito com as equipes dos minist\u00e9rios. Isso n\u00e3o \u00e9 um n\u00famero arbitr\u00e1rio. \u00c9 um n\u00famero que foi levantado linha a linha do Or\u00e7amento, daquilo que n\u00e3o se coaduna com o esp\u00edrito dos programas sociais que foram criados para o ano que vem\u201d, asseverou. \u201cAlgumas dessas medidas do Or\u00e7amento 2025 podem vir a ser antecipadas \u00e0 luz do que a Receita Federal, o Tesouro e a Secretaria de Or\u00e7amento Federal nos apresentam como necessidade de bloqueio ou contingenciamento agora no dia 22 de julho.\u201d<\/p>\n\n\n\n<p>Segundo Haddad, por determina\u00e7\u00e3o de Lula, ent\u00e3o, \u201cn\u00f3s combinamos os dois elementos para cumprir o arcabou\u00e7o de 2024 e garantir o Or\u00e7amento Equilibrado de 2025 com esse corte de despesas obrigat\u00f3rias depois desse pente fino que foi feito durante esses 90 dias\u201d.<\/p>\n\n\n\n<p>Fonte:<a href=\"https:\/\/inteligenciafinanceira.com.br\/mercado-financeiro\/economia\/haddad-corte-de-gastos-fechar-as-contas\/\">https:\/\/inteligenciafinanceira.com.br\/mercado-financeiro\/economia\/haddad-corte-de-gastos-fechar-as-contas\/<\/a><\/p>\n","protected":false},"excerpt":{"rendered":"<p>Ministro da Fazenda Ele reafirmou o compromisso do governo de cumprir o arcabou\u00e7o fiscal &#8216;a todo custo&#8217; em 2024, 2025 e 2026 O ministro da Fazenda, Fernando Haddad,&nbsp;disse na quarta-feira (3) que o governo cortar\u00e1 R$ 25,9 bilh\u00f5es em despesas obrigat\u00f3rias dos minist\u00e9rios ap\u00f3s um pente-fino sob coordena\u00e7\u00e3o dos minist\u00e9rios do Planejamento e da Casa [&hellip;]<\/p>\n","protected":false},"author":3,"featured_media":5198,"comment_status":"open","ping_status":"open","sticky":false,"template":"","format":"standard","meta":{"_joinchat":[],"footnotes":""},"categories":[1],"tags":[],"class_list":["post-5196","post","type-post","status-publish","format-standard","has-post-thumbnail","hentry","category-the-fortune-one"],"yoast_head":"<!-- This site is optimized with the Yoast SEO plugin v27.5 - https:\/\/yoast.com\/product\/yoast-seo-wordpress\/ -->\n<title>Haddad diz que Lula autorizou cortar R$ 25,9 bi em gastos para fechar as contas em 2025 - The Fortune.one<\/title>\n<meta name=\"description\" content=\"Somos especialistas em gest\u00e3o patrimonial, op\u00e7\u00f5es de investimentos para diversos perfis, nosso diferencial \u00e9 comprovado com resultados.\" \/>\n<meta name=\"robots\" content=\"index, follow, max-snippet:-1, max-image-preview:large, max-video-preview:-1\" \/>\n<link rel=\"canonical\" href=\"https:\/\/thefortune.one\/en\/haddad-diz-que-lula-autorizou-cortar-r-259-bi-em-gastos-para-fechar-as-contas-em-2025\/\" \/>\n<meta property=\"og:locale\" content=\"en_US\" \/>\n<meta property=\"og:type\" content=\"article\" \/>\n<meta property=\"og:title\" content=\"Haddad diz que Lula autorizou cortar R$ 25,9 bi em gastos para fechar as contas em 2025 - The Fortune.one\" \/>\n<meta property=\"og:description\" content=\"Somos especialistas em gest\u00e3o patrimonial, op\u00e7\u00f5es de investimentos para diversos perfis, nosso diferencial \u00e9 comprovado com resultados.\" \/>\n<meta property=\"og:url\" content=\"https:\/\/thefortune.one\/en\/haddad-diz-que-lula-autorizou-cortar-r-259-bi-em-gastos-para-fechar-as-contas-em-2025\/\" \/>\n<meta property=\"og:site_name\" content=\"The Fortune.one\" \/>\n<meta property=\"article:published_time\" content=\"2024-07-04T13:10:03+00:00\" \/>\n<meta property=\"og:image\" content=\"https:\/\/thefortune.one\/wp-content\/uploads\/2024\/07\/maos.jpg\" \/>\n\t<meta property=\"og:image:width\" content=\"300\" \/>\n\t<meta property=\"og:image:height\" content=\"300\" \/>\n\t<meta property=\"og:image:type\" content=\"image\/jpeg\" \/>\n<meta name=\"author\" content=\"bianca\" \/>\n<meta name=\"twitter:card\" content=\"summary_large_image\" \/>\n<meta name=\"twitter:label1\" content=\"Written by\" \/>\n\t<meta name=\"twitter:data1\" content=\"bianca\" \/>\n\t<meta name=\"twitter:label2\" content=\"Est. reading time\" \/>\n\t<meta name=\"twitter:data2\" content=\"3 minutes\" \/>\n<script type=\"application\/ld+json\" class=\"yoast-schema-graph\">{\"@context\":\"https:\\\/\\\/schema.org\",\"@graph\":[{\"@type\":\"Article\",\"@id\":\"https:\\\/\\\/thefortune.one\\\/pt\\\/haddad-diz-que-lula-autorizou-cortar-r-259-bi-em-gastos-para-fechar-as-contas-em-2025\\\/#article\",\"isPartOf\":{\"@id\":\"https:\\\/\\\/thefortune.one\\\/pt\\\/haddad-diz-que-lula-autorizou-cortar-r-259-bi-em-gastos-para-fechar-as-contas-em-2025\\\/\"},\"author\":{\"name\":\"bianca\",\"@id\":\"https:\\\/\\\/thefortune.one\\\/pt\\\/#\\\/schema\\\/person\\\/6cd8fe72a627d36caabf41815984a16f\"},\"headline\":\"Haddad diz que Lula autorizou cortar R$ 25,9 bi em gastos para fechar as contas em 2025\",\"datePublished\":\"2024-07-04T13:10:03+00:00\",\"mainEntityOfPage\":{\"@id\":\"https:\\\/\\\/thefortune.one\\\/pt\\\/haddad-diz-que-lula-autorizou-cortar-r-259-bi-em-gastos-para-fechar-as-contas-em-2025\\\/\"},\"wordCount\":519,\"commentCount\":0,\"publisher\":{\"@id\":\"https:\\\/\\\/thefortune.one\\\/pt\\\/#organization\"},\"image\":{\"@id\":\"https:\\\/\\\/thefortune.one\\\/pt\\\/haddad-diz-que-lula-autorizou-cortar-r-259-bi-em-gastos-para-fechar-as-contas-em-2025\\\/#primaryimage\"},\"thumbnailUrl\":\"https:\\\/\\\/thefortune.one\\\/wp-content\\\/uploads\\\/2024\\\/07\\\/maos.jpg\",\"articleSection\":[\"The Fortune.one\"],\"inLanguage\":\"en-US\",\"potentialAction\":[{\"@type\":\"CommentAction\",\"name\":\"Comment\",\"target\":[\"https:\\\/\\\/thefortune.one\\\/pt\\\/haddad-diz-que-lula-autorizou-cortar-r-259-bi-em-gastos-para-fechar-as-contas-em-2025\\\/#respond\"]}]},{\"@type\":\"WebPage\",\"@id\":\"https:\\\/\\\/thefortune.one\\\/pt\\\/haddad-diz-que-lula-autorizou-cortar-r-259-bi-em-gastos-para-fechar-as-contas-em-2025\\\/\",\"url\":\"https:\\\/\\\/thefortune.one\\\/pt\\\/haddad-diz-que-lula-autorizou-cortar-r-259-bi-em-gastos-para-fechar-as-contas-em-2025\\\/\",\"name\":\"Haddad diz que Lula autorizou cortar R$ 25,9 bi em gastos para fechar as contas em 2025 - The Fortune.one\",\"isPartOf\":{\"@id\":\"https:\\\/\\\/thefortune.one\\\/pt\\\/#website\"},\"primaryImageOfPage\":{\"@id\":\"https:\\\/\\\/thefortune.one\\\/pt\\\/haddad-diz-que-lula-autorizou-cortar-r-259-bi-em-gastos-para-fechar-as-contas-em-2025\\\/#primaryimage\"},\"image\":{\"@id\":\"https:\\\/\\\/thefortune.one\\\/pt\\\/haddad-diz-que-lula-autorizou-cortar-r-259-bi-em-gastos-para-fechar-as-contas-em-2025\\\/#primaryimage\"},\"thumbnailUrl\":\"https:\\\/\\\/thefortune.one\\\/wp-content\\\/uploads\\\/2024\\\/07\\\/maos.jpg\",\"datePublished\":\"2024-07-04T13:10:03+00:00\",\"description\":\"Somos especialistas em gest\u00e3o patrimonial, op\u00e7\u00f5es de investimentos para diversos perfis, nosso diferencial \u00e9 comprovado com resultados.\",\"breadcrumb\":{\"@id\":\"https:\\\/\\\/thefortune.one\\\/pt\\\/haddad-diz-que-lula-autorizou-cortar-r-259-bi-em-gastos-para-fechar-as-contas-em-2025\\\/#breadcrumb\"},\"inLanguage\":\"en-US\",\"potentialAction\":[{\"@type\":\"ReadAction\",\"target\":[\"https:\\\/\\\/thefortune.one\\\/pt\\\/haddad-diz-que-lula-autorizou-cortar-r-259-bi-em-gastos-para-fechar-as-contas-em-2025\\\/\"]}]},{\"@type\":\"ImageObject\",\"inLanguage\":\"en-US\",\"@id\":\"https:\\\/\\\/thefortune.one\\\/pt\\\/haddad-diz-que-lula-autorizou-cortar-r-259-bi-em-gastos-para-fechar-as-contas-em-2025\\\/#primaryimage\",\"url\":\"https:\\\/\\\/thefortune.one\\\/wp-content\\\/uploads\\\/2024\\\/07\\\/maos.jpg\",\"contentUrl\":\"https:\\\/\\\/thefortune.one\\\/wp-content\\\/uploads\\\/2024\\\/07\\\/maos.jpg\",\"width\":300,\"height\":300},{\"@type\":\"BreadcrumbList\",\"@id\":\"https:\\\/\\\/thefortune.one\\\/pt\\\/haddad-diz-que-lula-autorizou-cortar-r-259-bi-em-gastos-para-fechar-as-contas-em-2025\\\/#breadcrumb\",\"itemListElement\":[{\"@type\":\"ListItem\",\"position\":1,\"name\":\"In\u00edcio\",\"item\":\"https:\\\/\\\/thefortune.one\\\/pt\\\/\"},{\"@type\":\"ListItem\",\"position\":2,\"name\":\"Haddad diz que Lula autorizou cortar R$ 25,9 bi em gastos para fechar as contas em 2025\"}]},{\"@type\":\"WebSite\",\"@id\":\"https:\\\/\\\/thefortune.one\\\/pt\\\/#website\",\"url\":\"https:\\\/\\\/thefortune.one\\\/pt\\\/\",\"name\":\"The Fortune.one\",\"description\":\"Gestora de Recursos Especializada em Private Equity\",\"publisher\":{\"@id\":\"https:\\\/\\\/thefortune.one\\\/pt\\\/#organization\"},\"potentialAction\":[{\"@type\":\"SearchAction\",\"target\":{\"@type\":\"EntryPoint\",\"urlTemplate\":\"https:\\\/\\\/thefortune.one\\\/pt\\\/?s={search_term_string}\"},\"query-input\":{\"@type\":\"PropertyValueSpecification\",\"valueRequired\":true,\"valueName\":\"search_term_string\"}}],\"inLanguage\":\"en-US\"},{\"@type\":\"Organization\",\"@id\":\"https:\\\/\\\/thefortune.one\\\/pt\\\/#organization\",\"name\":\"The Fortune One\",\"url\":\"https:\\\/\\\/thefortune.one\\\/pt\\\/\",\"logo\":{\"@type\":\"ImageObject\",\"inLanguage\":\"en-US\",\"@id\":\"https:\\\/\\\/thefortune.one\\\/pt\\\/#\\\/schema\\\/logo\\\/image\\\/\",\"url\":\"https:\\\/\\\/thefortune.one\\\/wp-content\\\/uploads\\\/2022\\\/11\\\/cropped-cropped-1651682701199-1.jpg\",\"contentUrl\":\"https:\\\/\\\/thefortune.one\\\/wp-content\\\/uploads\\\/2022\\\/11\\\/cropped-cropped-1651682701199-1.jpg\",\"width\":369,\"height\":421,\"caption\":\"The Fortune One\"},\"image\":{\"@id\":\"https:\\\/\\\/thefortune.one\\\/pt\\\/#\\\/schema\\\/logo\\\/image\\\/\"}},{\"@type\":\"Person\",\"@id\":\"https:\\\/\\\/thefortune.one\\\/pt\\\/#\\\/schema\\\/person\\\/6cd8fe72a627d36caabf41815984a16f\",\"name\":\"bianca\",\"image\":{\"@type\":\"ImageObject\",\"inLanguage\":\"en-US\",\"@id\":\"https:\\\/\\\/secure.gravatar.com\\\/avatar\\\/66cd7b00d93410555e00d1e6a911a86de0cd0cfa4f83a2f8b47eddc2968c98af?s=96&d=mm&r=g\",\"url\":\"https:\\\/\\\/secure.gravatar.com\\\/avatar\\\/66cd7b00d93410555e00d1e6a911a86de0cd0cfa4f83a2f8b47eddc2968c98af?s=96&d=mm&r=g\",\"contentUrl\":\"https:\\\/\\\/secure.gravatar.com\\\/avatar\\\/66cd7b00d93410555e00d1e6a911a86de0cd0cfa4f83a2f8b47eddc2968c98af?s=96&d=mm&r=g\",\"caption\":\"bianca\"},\"url\":\"https:\\\/\\\/thefortune.one\\\/en\\\/author\\\/bianca\\\/\"}]}<\/script>\n<!-- \/ Yoast SEO plugin. -->","yoast_head_json":{"title":"Haddad diz que Lula autorizou cortar R$ 25,9 bi em gastos para fechar as contas em 2025 - The Fortune.one","description":"Somos especialistas em gest\u00e3o patrimonial, op\u00e7\u00f5es de investimentos para diversos perfis, nosso diferencial \u00e9 comprovado com resultados.","robots":{"index":"index","follow":"follow","max-snippet":"max-snippet:-1","max-image-preview":"max-image-preview:large","max-video-preview":"max-video-preview:-1"},"canonical":"https:\/\/thefortune.one\/en\/haddad-diz-que-lula-autorizou-cortar-r-259-bi-em-gastos-para-fechar-as-contas-em-2025\/","og_locale":"en_US","og_type":"article","og_title":"Haddad diz que Lula autorizou cortar R$ 25,9 bi em gastos para fechar as contas em 2025 - The Fortune.one","og_description":"Somos especialistas em gest\u00e3o patrimonial, op\u00e7\u00f5es de investimentos para diversos perfis, nosso diferencial \u00e9 comprovado com resultados.","og_url":"https:\/\/thefortune.one\/en\/haddad-diz-que-lula-autorizou-cortar-r-259-bi-em-gastos-para-fechar-as-contas-em-2025\/","og_site_name":"The Fortune.one","article_published_time":"2024-07-04T13:10:03+00:00","og_image":[{"width":300,"height":300,"url":"https:\/\/thefortune.one\/wp-content\/uploads\/2024\/07\/maos.jpg","type":"image\/jpeg"}],"author":"bianca","twitter_card":"summary_large_image","twitter_misc":{"Written by":"bianca","Est. reading time":"3 minutes"},"schema":{"@context":"https:\/\/schema.org","@graph":[{"@type":"Article","@id":"https:\/\/thefortune.one\/pt\/haddad-diz-que-lula-autorizou-cortar-r-259-bi-em-gastos-para-fechar-as-contas-em-2025\/#article","isPartOf":{"@id":"https:\/\/thefortune.one\/pt\/haddad-diz-que-lula-autorizou-cortar-r-259-bi-em-gastos-para-fechar-as-contas-em-2025\/"},"author":{"name":"bianca","@id":"https:\/\/thefortune.one\/pt\/#\/schema\/person\/6cd8fe72a627d36caabf41815984a16f"},"headline":"Haddad diz que Lula autorizou cortar R$ 25,9 bi em gastos para fechar as contas em 2025","datePublished":"2024-07-04T13:10:03+00:00","mainEntityOfPage":{"@id":"https:\/\/thefortune.one\/pt\/haddad-diz-que-lula-autorizou-cortar-r-259-bi-em-gastos-para-fechar-as-contas-em-2025\/"},"wordCount":519,"commentCount":0,"publisher":{"@id":"https:\/\/thefortune.one\/pt\/#organization"},"image":{"@id":"https:\/\/thefortune.one\/pt\/haddad-diz-que-lula-autorizou-cortar-r-259-bi-em-gastos-para-fechar-as-contas-em-2025\/#primaryimage"},"thumbnailUrl":"https:\/\/thefortune.one\/wp-content\/uploads\/2024\/07\/maos.jpg","articleSection":["The Fortune.one"],"inLanguage":"en-US","potentialAction":[{"@type":"CommentAction","name":"Comment","target":["https:\/\/thefortune.one\/pt\/haddad-diz-que-lula-autorizou-cortar-r-259-bi-em-gastos-para-fechar-as-contas-em-2025\/#respond"]}]},{"@type":"WebPage","@id":"https:\/\/thefortune.one\/pt\/haddad-diz-que-lula-autorizou-cortar-r-259-bi-em-gastos-para-fechar-as-contas-em-2025\/","url":"https:\/\/thefortune.one\/pt\/haddad-diz-que-lula-autorizou-cortar-r-259-bi-em-gastos-para-fechar-as-contas-em-2025\/","name":"Haddad diz que Lula autorizou cortar R$ 25,9 bi em gastos para fechar as contas em 2025 - The Fortune.one","isPartOf":{"@id":"https:\/\/thefortune.one\/pt\/#website"},"primaryImageOfPage":{"@id":"https:\/\/thefortune.one\/pt\/haddad-diz-que-lula-autorizou-cortar-r-259-bi-em-gastos-para-fechar-as-contas-em-2025\/#primaryimage"},"image":{"@id":"https:\/\/thefortune.one\/pt\/haddad-diz-que-lula-autorizou-cortar-r-259-bi-em-gastos-para-fechar-as-contas-em-2025\/#primaryimage"},"thumbnailUrl":"https:\/\/thefortune.one\/wp-content\/uploads\/2024\/07\/maos.jpg","datePublished":"2024-07-04T13:10:03+00:00","description":"Somos especialistas em gest\u00e3o patrimonial, op\u00e7\u00f5es de investimentos para diversos perfis, nosso diferencial \u00e9 comprovado com resultados.","breadcrumb":{"@id":"https:\/\/thefortune.one\/pt\/haddad-diz-que-lula-autorizou-cortar-r-259-bi-em-gastos-para-fechar-as-contas-em-2025\/#breadcrumb"},"inLanguage":"en-US","potentialAction":[{"@type":"ReadAction","target":["https:\/\/thefortune.one\/pt\/haddad-diz-que-lula-autorizou-cortar-r-259-bi-em-gastos-para-fechar-as-contas-em-2025\/"]}]},{"@type":"ImageObject","inLanguage":"en-US","@id":"https:\/\/thefortune.one\/pt\/haddad-diz-que-lula-autorizou-cortar-r-259-bi-em-gastos-para-fechar-as-contas-em-2025\/#primaryimage","url":"https:\/\/thefortune.one\/wp-content\/uploads\/2024\/07\/maos.jpg","contentUrl":"https:\/\/thefortune.one\/wp-content\/uploads\/2024\/07\/maos.jpg","width":300,"height":300},{"@type":"BreadcrumbList","@id":"https:\/\/thefortune.one\/pt\/haddad-diz-que-lula-autorizou-cortar-r-259-bi-em-gastos-para-fechar-as-contas-em-2025\/#breadcrumb","itemListElement":[{"@type":"ListItem","position":1,"name":"In\u00edcio","item":"https:\/\/thefortune.one\/pt\/"},{"@type":"ListItem","position":2,"name":"Haddad diz que Lula autorizou cortar R$ 25,9 bi em gastos para fechar as contas em 2025"}]},{"@type":"WebSite","@id":"https:\/\/thefortune.one\/pt\/#website","url":"https:\/\/thefortune.one\/pt\/","name":"The Fortune.one","description":"Gestora de Recursos Especializada em Private Equity","publisher":{"@id":"https:\/\/thefortune.one\/pt\/#organization"},"potentialAction":[{"@type":"SearchAction","target":{"@type":"EntryPoint","urlTemplate":"https:\/\/thefortune.one\/pt\/?s={search_term_string}"},"query-input":{"@type":"PropertyValueSpecification","valueRequired":true,"valueName":"search_term_string"}}],"inLanguage":"en-US"},{"@type":"Organization","@id":"https:\/\/thefortune.one\/pt\/#organization","name":"The Fortune One","url":"https:\/\/thefortune.one\/pt\/","logo":{"@type":"ImageObject","inLanguage":"en-US","@id":"https:\/\/thefortune.one\/pt\/#\/schema\/logo\/image\/","url":"https:\/\/thefortune.one\/wp-content\/uploads\/2022\/11\/cropped-cropped-1651682701199-1.jpg","contentUrl":"https:\/\/thefortune.one\/wp-content\/uploads\/2022\/11\/cropped-cropped-1651682701199-1.jpg","width":369,"height":421,"caption":"The Fortune One"},"image":{"@id":"https:\/\/thefortune.one\/pt\/#\/schema\/logo\/image\/"}},{"@type":"Person","@id":"https:\/\/thefortune.one\/pt\/#\/schema\/person\/6cd8fe72a627d36caabf41815984a16f","name":"bianca","image":{"@type":"ImageObject","inLanguage":"en-US","@id":"https:\/\/secure.gravatar.com\/avatar\/66cd7b00d93410555e00d1e6a911a86de0cd0cfa4f83a2f8b47eddc2968c98af?s=96&d=mm&r=g","url":"https:\/\/secure.gravatar.com\/avatar\/66cd7b00d93410555e00d1e6a911a86de0cd0cfa4f83a2f8b47eddc2968c98af?s=96&d=mm&r=g","contentUrl":"https:\/\/secure.gravatar.com\/avatar\/66cd7b00d93410555e00d1e6a911a86de0cd0cfa4f83a2f8b47eddc2968c98af?s=96&d=mm&r=g","caption":"bianca"},"url":"https:\/\/thefortune.one\/en\/author\/bianca\/"}]}},"_links":{"self":[{"href":"https:\/\/thefortune.one\/en\/wp-json\/wp\/v2\/posts\/5196","targetHints":{"allow":["GET"]}}],"collection":[{"href":"https:\/\/thefortune.one\/en\/wp-json\/wp\/v2\/posts"}],"about":[{"href":"https:\/\/thefortune.one\/en\/wp-json\/wp\/v2\/types\/post"}],"author":[{"embeddable":true,"href":"https:\/\/thefortune.one\/en\/wp-json\/wp\/v2\/users\/3"}],"replies":[{"embeddable":true,"href":"https:\/\/thefortune.one\/en\/wp-json\/wp\/v2\/comments?post=5196"}],"version-history":[{"count":1,"href":"https:\/\/thefortune.one\/en\/wp-json\/wp\/v2\/posts\/5196\/revisions"}],"predecessor-version":[{"id":5199,"href":"https:\/\/thefortune.one\/en\/wp-json\/wp\/v2\/posts\/5196\/revisions\/5199"}],"wp:featuredmedia":[{"embeddable":true,"href":"https:\/\/thefortune.one\/en\/wp-json\/wp\/v2\/media\/5198"}],"wp:attachment":[{"href":"https:\/\/thefortune.one\/en\/wp-json\/wp\/v2\/media?parent=5196"}],"wp:term":[{"taxonomy":"category","embeddable":true,"href":"https:\/\/thefortune.one\/en\/wp-json\/wp\/v2\/categories?post=5196"},{"taxonomy":"post_tag","embeddable":true,"href":"https:\/\/thefortune.one\/en\/wp-json\/wp\/v2\/tags?post=5196"}],"curies":[{"name":"wp","href":"https:\/\/api.w.org\/{rel}","templated":true}]}}