{"id":5093,"date":"2024-06-04T13:18:49","date_gmt":"2024-06-04T13:18:49","guid":{"rendered":"https:\/\/thefortune.one\/?p=5093"},"modified":"2024-06-04T13:18:49","modified_gmt":"2024-06-04T13:18:49","slug":"aeroporto-de-porto-alegre-deve-ser-reaberto-so-em-dezembro-diz-concessionaria","status":"publish","type":"post","link":"https:\/\/thefortune.one\/en\/aeroporto-de-porto-alegre-deve-ser-reaberto-so-em-dezembro-diz-concessionaria\/","title":{"rendered":"Aeroporto de Porto Alegre deve ser reaberto s\u00f3 em dezembro, diz concession\u00e1ria"},"content":{"rendered":"\n<figure class=\"wp-block-image size-full\"><img fetchpriority=\"high\" decoding=\"async\" width=\"732\" height=\"412\" src=\"https:\/\/thefortune.one\/wp-content\/uploads\/2024\/06\/image-1.png\" alt=\"\" class=\"wp-image-5095\" srcset=\"https:\/\/thefortune.one\/wp-content\/uploads\/2024\/06\/image-1.png 732w, https:\/\/thefortune.one\/wp-content\/uploads\/2024\/06\/image-1-300x169.png 300w, https:\/\/thefortune.one\/wp-content\/uploads\/2024\/06\/image-1-18x10.png 18w\" sizes=\"(max-width: 732px) 100vw, 732px\" \/><\/figure>\n\n\n\n<p>O aeroporto Salgado Filho, em Porto Alegre (RS), s\u00f3 deve ser reaberto em dezembro de 2024, de acordo com a concession\u00e1ria Fraport, empresa respons\u00e1vel por administrar o local.<\/p>\n\n\n\n<p>O an\u00fancio foi feito ap\u00f3s uma vistoria na estrutura. Na manh\u00e3 desta segunda-feira (3), uma comitiva composta pela CEO da Fraport Brasil, Andreea Pal e pelo ministro de Apoio \u00e0 Reconstru\u00e7\u00e3o do Rio Grande do Sul, Paulo Pimenta, entrou no aeroporto para verificar a situa\u00e7\u00e3o e contabilizar os estragos.<\/p>\n\n\n\n<p>Durante a visita, ficou programada uma nova vistoria para julho, com objetivo de analisar o impacto da enchente na pista de pousos e decolagens do aeroporto e, por consequ\u00eancia, tratar da recomposi\u00e7\u00e3o do asfalto.<\/p>\n\n\n\n<p>Segundo o deputado Frederico Antunes (PP-RS), que integrou a coletiva, a Fraport estima um preju\u00edzo de at\u00e9 R$ 300 milh\u00f5es em consequ\u00eancia da enchente.<\/p>\n\n\n\n<p>No primeiro momento, os esfor\u00e7os estar\u00e3o concentrados em liberar as pistas e os terminais de embarque. As demais estruturas do aeroporto, como lojas e restaurantes, devem ficar somente para 2025.<\/p>\n\n\n\n<p>A concession\u00e1ria contratou uma empresa para come\u00e7ar a limpeza do local, j\u00e1 que somente nesta segunda-feira foi notado o recuo das \u00e1guas.<\/p>\n\n\n\n<h2 class=\"wp-block-heading\">Hist\u00f3rico<\/h2>\n\n\n\n<p>O aeroporto foi fechado no in\u00edcio de maio em raz\u00e3o da pior enchente da hist\u00f3ria de Porto Alegre. Desde o dia 27, a Base A\u00e9rea de Canoas \u2013na regi\u00e3o metropolitana de Porto Alegre\u2013&nbsp;<a href=\"https:\/\/www.cnnbrasil.com.br\/nacional\/base-aerea-de-canoas-ira-operar-temporariamente-voos-do-aeroporto-de-porto-alegre\/\" target=\"_blank\" rel=\"noreferrer noopener\">passou a operar temporariamente alguns dos voos que teriam o Salgado Filho como origem ou destino<\/a>.<\/p>\n\n\n\n<p>As opera\u00e7\u00f5es de embarque e desembarque dos passageiros ocorrem no ParkShopping Canoas. O terminal funciona a partir das 6h e encerra as atividades conforme programa\u00e7\u00e3o de decolagem do \u00faltimo voo do dia. Os passageiros s\u00e3o deslocados \u00e0 Base A\u00e9rea de Canoas em um \u00f4nibus.<\/p>\n\n\n\n<p>Principal terminal do estado, o aeroporto da capital ga\u00facha recebia mais de 600 mil passageiros por m\u00eas e mais de 5.000 voos dom\u00e9sticos e internacionais.<\/p>\n\n\n\n<p>No \u00faltimo s\u00e1bado (1\u00ba), Paulo Pimenta afirmou que o governo avalia a possibilidade de&nbsp;<a href=\"https:\/\/www.cnnbrasil.com.br\/politica\/rs-pimenta-discute-autorizacao-para-voos-comerciais-no-aeroporto-de-torres\/\" target=\"_blank\" rel=\"noreferrer noopener\">abertura do aeroporto de Torres, no litoral ga\u00facho, para voos comerciais<\/a>.<\/p>\n\n\n\n<p>No fim de maio, a Fraport apresentou \u00e0 Ag\u00eancia Nacional de Avia\u00e7\u00e3o Civil (Anac) um&nbsp;<a href=\"https:\/\/www.cnnbrasil.com.br\/blogs\/jussara-soares\/economia\/concessionaria-pede-reequilibrio-de-contrato-do-aeroporto-de-porto-alegre\/\" target=\"_blank\" rel=\"noreferrer noopener\">pedido de reequil\u00edbrio econ\u00f4mico-financeiro do contrato de concess\u00e3o<\/a>. N\u00e3o h\u00e1 prazo para an\u00e1lise. Se o pedido for aprovado, h\u00e1 tr\u00eas op\u00e7\u00f5es: redu\u00e7\u00e3o do pagamento de outorga feito pela Fraport \u00e0 Uni\u00e3o, alongamento do per\u00edodo de contrato ou aumento das tarifas pagas por passageiros e companhias a\u00e9reas.<\/p>\n\n\n\n<h2 class=\"wp-block-heading\">Veja imagens internas de como ficou o aeroporto:<\/h2>\n\n\n\n<figure class=\"wp-block-image\"><img decoding=\"async\" src=\"https:\/\/www.cnnbrasil.com.br\/wp-content\/uploads\/sites\/12\/2024\/05\/WhatsApp-Image-2024-05-06-at-10.54.26.jpeg?w=732&amp;h=412&amp;crop=1\" alt=\"\" \/><\/figure>\n\n\n\n<p>Fonte:<a href=\"https:\/\/www.cnnbrasil.com.br\/nacional\/aeroporto-de-porto-alegre-deve-ser-reaberto-so-em-dezembro-diz-concessionaria\/\">https:\/\/www.cnnbrasil.com.br\/nacional\/aeroporto-de-porto-alegre-deve-ser-reaberto-so-em-dezembro-diz-concessionaria\/<\/a><\/p>\n","protected":false},"excerpt":{"rendered":"<p>O aeroporto Salgado Filho, em Porto Alegre (RS), s\u00f3 deve ser reaberto em dezembro de 2024, de acordo com a concession\u00e1ria Fraport, empresa respons\u00e1vel por administrar o local. O an\u00fancio foi feito ap\u00f3s uma vistoria na estrutura. Na manh\u00e3 desta segunda-feira (3), uma comitiva composta pela CEO da Fraport Brasil, Andreea Pal e pelo ministro [&hellip;]<\/p>\n","protected":false},"author":3,"featured_media":5096,"comment_status":"open","ping_status":"open","sticky":false,"template":"","format":"standard","meta":{"_joinchat":[],"footnotes":""},"categories":[1],"tags":[],"class_list":["post-5093","post","type-post","status-publish","format-standard","has-post-thumbnail","hentry","category-the-fortune-one"],"yoast_head":"<!-- This site is optimized with the Yoast SEO plugin v27.5 - https:\/\/yoast.com\/product\/yoast-seo-wordpress\/ -->\n<title>Aeroporto de Porto Alegre deve ser reaberto s\u00f3 em dezembro, diz concession\u00e1ria - The Fortune.one<\/title>\n<meta name=\"description\" content=\"Somos especialistas em gest\u00e3o patrimonial, op\u00e7\u00f5es de investimentos para diversos perfis, nosso diferencial \u00e9 comprovado com resultados.\" \/>\n<meta name=\"robots\" content=\"index, follow, max-snippet:-1, max-image-preview:large, max-video-preview:-1\" \/>\n<link rel=\"canonical\" href=\"https:\/\/thefortune.one\/en\/aeroporto-de-porto-alegre-deve-ser-reaberto-so-em-dezembro-diz-concessionaria\/\" \/>\n<meta property=\"og:locale\" content=\"en_US\" \/>\n<meta property=\"og:type\" content=\"article\" \/>\n<meta property=\"og:title\" content=\"Aeroporto de Porto Alegre deve ser reaberto s\u00f3 em dezembro, diz concession\u00e1ria - The Fortune.one\" \/>\n<meta property=\"og:description\" content=\"Somos especialistas em gest\u00e3o patrimonial, op\u00e7\u00f5es de investimentos para diversos perfis, nosso diferencial \u00e9 comprovado com resultados.\" \/>\n<meta property=\"og:url\" content=\"https:\/\/thefortune.one\/en\/aeroporto-de-porto-alegre-deve-ser-reaberto-so-em-dezembro-diz-concessionaria\/\" \/>\n<meta property=\"og:site_name\" content=\"The Fortune.one\" \/>\n<meta property=\"article:published_time\" content=\"2024-06-04T13:18:49+00:00\" \/>\n<meta property=\"og:image\" content=\"https:\/\/thefortune.one\/wp-content\/uploads\/2024\/06\/arero.jpg\" \/>\n\t<meta property=\"og:image:width\" content=\"732\" \/>\n\t<meta property=\"og:image:height\" content=\"412\" \/>\n\t<meta property=\"og:image:type\" content=\"image\/jpeg\" \/>\n<meta name=\"author\" content=\"bianca\" \/>\n<meta name=\"twitter:card\" content=\"summary_large_image\" \/>\n<meta name=\"twitter:label1\" content=\"Written by\" \/>\n\t<meta name=\"twitter:data1\" content=\"bianca\" \/>\n\t<meta name=\"twitter:label2\" content=\"Est. reading time\" \/>\n\t<meta name=\"twitter:data2\" content=\"2 minutes\" \/>\n<script type=\"application\/ld+json\" class=\"yoast-schema-graph\">{\"@context\":\"https:\\\/\\\/schema.org\",\"@graph\":[{\"@type\":\"Article\",\"@id\":\"https:\\\/\\\/thefortune.one\\\/pt\\\/aeroporto-de-porto-alegre-deve-ser-reaberto-so-em-dezembro-diz-concessionaria\\\/#article\",\"isPartOf\":{\"@id\":\"https:\\\/\\\/thefortune.one\\\/pt\\\/aeroporto-de-porto-alegre-deve-ser-reaberto-so-em-dezembro-diz-concessionaria\\\/\"},\"author\":{\"name\":\"bianca\",\"@id\":\"https:\\\/\\\/thefortune.one\\\/pt\\\/#\\\/schema\\\/person\\\/6cd8fe72a627d36caabf41815984a16f\"},\"headline\":\"Aeroporto de Porto Alegre deve ser reaberto s\u00f3 em dezembro, diz concession\u00e1ria\",\"datePublished\":\"2024-06-04T13:18:49+00:00\",\"mainEntityOfPage\":{\"@id\":\"https:\\\/\\\/thefortune.one\\\/pt\\\/aeroporto-de-porto-alegre-deve-ser-reaberto-so-em-dezembro-diz-concessionaria\\\/\"},\"wordCount\":455,\"commentCount\":0,\"publisher\":{\"@id\":\"https:\\\/\\\/thefortune.one\\\/pt\\\/#organization\"},\"image\":{\"@id\":\"https:\\\/\\\/thefortune.one\\\/pt\\\/aeroporto-de-porto-alegre-deve-ser-reaberto-so-em-dezembro-diz-concessionaria\\\/#primaryimage\"},\"thumbnailUrl\":\"https:\\\/\\\/thefortune.one\\\/wp-content\\\/uploads\\\/2024\\\/06\\\/arero.jpg\",\"articleSection\":[\"The Fortune.one\"],\"inLanguage\":\"en-US\",\"potentialAction\":[{\"@type\":\"CommentAction\",\"name\":\"Comment\",\"target\":[\"https:\\\/\\\/thefortune.one\\\/pt\\\/aeroporto-de-porto-alegre-deve-ser-reaberto-so-em-dezembro-diz-concessionaria\\\/#respond\"]}]},{\"@type\":\"WebPage\",\"@id\":\"https:\\\/\\\/thefortune.one\\\/pt\\\/aeroporto-de-porto-alegre-deve-ser-reaberto-so-em-dezembro-diz-concessionaria\\\/\",\"url\":\"https:\\\/\\\/thefortune.one\\\/pt\\\/aeroporto-de-porto-alegre-deve-ser-reaberto-so-em-dezembro-diz-concessionaria\\\/\",\"name\":\"Aeroporto de Porto Alegre deve ser reaberto s\u00f3 em dezembro, diz concession\u00e1ria - The Fortune.one\",\"isPartOf\":{\"@id\":\"https:\\\/\\\/thefortune.one\\\/pt\\\/#website\"},\"primaryImageOfPage\":{\"@id\":\"https:\\\/\\\/thefortune.one\\\/pt\\\/aeroporto-de-porto-alegre-deve-ser-reaberto-so-em-dezembro-diz-concessionaria\\\/#primaryimage\"},\"image\":{\"@id\":\"https:\\\/\\\/thefortune.one\\\/pt\\\/aeroporto-de-porto-alegre-deve-ser-reaberto-so-em-dezembro-diz-concessionaria\\\/#primaryimage\"},\"thumbnailUrl\":\"https:\\\/\\\/thefortune.one\\\/wp-content\\\/uploads\\\/2024\\\/06\\\/arero.jpg\",\"datePublished\":\"2024-06-04T13:18:49+00:00\",\"description\":\"Somos especialistas em gest\u00e3o patrimonial, op\u00e7\u00f5es de investimentos para diversos perfis, nosso diferencial \u00e9 comprovado com resultados.\",\"breadcrumb\":{\"@id\":\"https:\\\/\\\/thefortune.one\\\/pt\\\/aeroporto-de-porto-alegre-deve-ser-reaberto-so-em-dezembro-diz-concessionaria\\\/#breadcrumb\"},\"inLanguage\":\"en-US\",\"potentialAction\":[{\"@type\":\"ReadAction\",\"target\":[\"https:\\\/\\\/thefortune.one\\\/pt\\\/aeroporto-de-porto-alegre-deve-ser-reaberto-so-em-dezembro-diz-concessionaria\\\/\"]}]},{\"@type\":\"ImageObject\",\"inLanguage\":\"en-US\",\"@id\":\"https:\\\/\\\/thefortune.one\\\/pt\\\/aeroporto-de-porto-alegre-deve-ser-reaberto-so-em-dezembro-diz-concessionaria\\\/#primaryimage\",\"url\":\"https:\\\/\\\/thefortune.one\\\/wp-content\\\/uploads\\\/2024\\\/06\\\/arero.jpg\",\"contentUrl\":\"https:\\\/\\\/thefortune.one\\\/wp-content\\\/uploads\\\/2024\\\/06\\\/arero.jpg\",\"width\":732,\"height\":412},{\"@type\":\"BreadcrumbList\",\"@id\":\"https:\\\/\\\/thefortune.one\\\/pt\\\/aeroporto-de-porto-alegre-deve-ser-reaberto-so-em-dezembro-diz-concessionaria\\\/#breadcrumb\",\"itemListElement\":[{\"@type\":\"ListItem\",\"position\":1,\"name\":\"In\u00edcio\",\"item\":\"https:\\\/\\\/thefortune.one\\\/pt\\\/\"},{\"@type\":\"ListItem\",\"position\":2,\"name\":\"Aeroporto de Porto Alegre deve ser reaberto s\u00f3 em dezembro, diz concession\u00e1ria\"}]},{\"@type\":\"WebSite\",\"@id\":\"https:\\\/\\\/thefortune.one\\\/pt\\\/#website\",\"url\":\"https:\\\/\\\/thefortune.one\\\/pt\\\/\",\"name\":\"The Fortune.one\",\"description\":\"Gestora de Recursos Especializada em Private Equity\",\"publisher\":{\"@id\":\"https:\\\/\\\/thefortune.one\\\/pt\\\/#organization\"},\"potentialAction\":[{\"@type\":\"SearchAction\",\"target\":{\"@type\":\"EntryPoint\",\"urlTemplate\":\"https:\\\/\\\/thefortune.one\\\/pt\\\/?s={search_term_string}\"},\"query-input\":{\"@type\":\"PropertyValueSpecification\",\"valueRequired\":true,\"valueName\":\"search_term_string\"}}],\"inLanguage\":\"en-US\"},{\"@type\":\"Organization\",\"@id\":\"https:\\\/\\\/thefortune.one\\\/pt\\\/#organization\",\"name\":\"The Fortune One\",\"url\":\"https:\\\/\\\/thefortune.one\\\/pt\\\/\",\"logo\":{\"@type\":\"ImageObject\",\"inLanguage\":\"en-US\",\"@id\":\"https:\\\/\\\/thefortune.one\\\/pt\\\/#\\\/schema\\\/logo\\\/image\\\/\",\"url\":\"https:\\\/\\\/thefortune.one\\\/wp-content\\\/uploads\\\/2022\\\/11\\\/cropped-cropped-1651682701199-1.jpg\",\"contentUrl\":\"https:\\\/\\\/thefortune.one\\\/wp-content\\\/uploads\\\/2022\\\/11\\\/cropped-cropped-1651682701199-1.jpg\",\"width\":369,\"height\":421,\"caption\":\"The Fortune One\"},\"image\":{\"@id\":\"https:\\\/\\\/thefortune.one\\\/pt\\\/#\\\/schema\\\/logo\\\/image\\\/\"}},{\"@type\":\"Person\",\"@id\":\"https:\\\/\\\/thefortune.one\\\/pt\\\/#\\\/schema\\\/person\\\/6cd8fe72a627d36caabf41815984a16f\",\"name\":\"bianca\",\"image\":{\"@type\":\"ImageObject\",\"inLanguage\":\"en-US\",\"@id\":\"https:\\\/\\\/secure.gravatar.com\\\/avatar\\\/66cd7b00d93410555e00d1e6a911a86de0cd0cfa4f83a2f8b47eddc2968c98af?s=96&d=mm&r=g\",\"url\":\"https:\\\/\\\/secure.gravatar.com\\\/avatar\\\/66cd7b00d93410555e00d1e6a911a86de0cd0cfa4f83a2f8b47eddc2968c98af?s=96&d=mm&r=g\",\"contentUrl\":\"https:\\\/\\\/secure.gravatar.com\\\/avatar\\\/66cd7b00d93410555e00d1e6a911a86de0cd0cfa4f83a2f8b47eddc2968c98af?s=96&d=mm&r=g\",\"caption\":\"bianca\"},\"url\":\"https:\\\/\\\/thefortune.one\\\/en\\\/author\\\/bianca\\\/\"}]}<\/script>\n<!-- \/ Yoast SEO plugin. -->","yoast_head_json":{"title":"Aeroporto de Porto Alegre deve ser reaberto s\u00f3 em dezembro, diz concession\u00e1ria - The Fortune.one","description":"Somos especialistas em gest\u00e3o patrimonial, op\u00e7\u00f5es de investimentos para diversos perfis, nosso diferencial \u00e9 comprovado com resultados.","robots":{"index":"index","follow":"follow","max-snippet":"max-snippet:-1","max-image-preview":"max-image-preview:large","max-video-preview":"max-video-preview:-1"},"canonical":"https:\/\/thefortune.one\/en\/aeroporto-de-porto-alegre-deve-ser-reaberto-so-em-dezembro-diz-concessionaria\/","og_locale":"en_US","og_type":"article","og_title":"Aeroporto de Porto Alegre deve ser reaberto s\u00f3 em dezembro, diz concession\u00e1ria - The Fortune.one","og_description":"Somos especialistas em gest\u00e3o patrimonial, op\u00e7\u00f5es de investimentos para diversos perfis, nosso diferencial \u00e9 comprovado com resultados.","og_url":"https:\/\/thefortune.one\/en\/aeroporto-de-porto-alegre-deve-ser-reaberto-so-em-dezembro-diz-concessionaria\/","og_site_name":"The Fortune.one","article_published_time":"2024-06-04T13:18:49+00:00","og_image":[{"width":732,"height":412,"url":"https:\/\/thefortune.one\/wp-content\/uploads\/2024\/06\/arero.jpg","type":"image\/jpeg"}],"author":"bianca","twitter_card":"summary_large_image","twitter_misc":{"Written by":"bianca","Est. reading time":"2 minutes"},"schema":{"@context":"https:\/\/schema.org","@graph":[{"@type":"Article","@id":"https:\/\/thefortune.one\/pt\/aeroporto-de-porto-alegre-deve-ser-reaberto-so-em-dezembro-diz-concessionaria\/#article","isPartOf":{"@id":"https:\/\/thefortune.one\/pt\/aeroporto-de-porto-alegre-deve-ser-reaberto-so-em-dezembro-diz-concessionaria\/"},"author":{"name":"bianca","@id":"https:\/\/thefortune.one\/pt\/#\/schema\/person\/6cd8fe72a627d36caabf41815984a16f"},"headline":"Aeroporto de Porto Alegre deve ser reaberto s\u00f3 em dezembro, diz concession\u00e1ria","datePublished":"2024-06-04T13:18:49+00:00","mainEntityOfPage":{"@id":"https:\/\/thefortune.one\/pt\/aeroporto-de-porto-alegre-deve-ser-reaberto-so-em-dezembro-diz-concessionaria\/"},"wordCount":455,"commentCount":0,"publisher":{"@id":"https:\/\/thefortune.one\/pt\/#organization"},"image":{"@id":"https:\/\/thefortune.one\/pt\/aeroporto-de-porto-alegre-deve-ser-reaberto-so-em-dezembro-diz-concessionaria\/#primaryimage"},"thumbnailUrl":"https:\/\/thefortune.one\/wp-content\/uploads\/2024\/06\/arero.jpg","articleSection":["The Fortune.one"],"inLanguage":"en-US","potentialAction":[{"@type":"CommentAction","name":"Comment","target":["https:\/\/thefortune.one\/pt\/aeroporto-de-porto-alegre-deve-ser-reaberto-so-em-dezembro-diz-concessionaria\/#respond"]}]},{"@type":"WebPage","@id":"https:\/\/thefortune.one\/pt\/aeroporto-de-porto-alegre-deve-ser-reaberto-so-em-dezembro-diz-concessionaria\/","url":"https:\/\/thefortune.one\/pt\/aeroporto-de-porto-alegre-deve-ser-reaberto-so-em-dezembro-diz-concessionaria\/","name":"Aeroporto de Porto Alegre deve ser reaberto s\u00f3 em dezembro, diz concession\u00e1ria - The Fortune.one","isPartOf":{"@id":"https:\/\/thefortune.one\/pt\/#website"},"primaryImageOfPage":{"@id":"https:\/\/thefortune.one\/pt\/aeroporto-de-porto-alegre-deve-ser-reaberto-so-em-dezembro-diz-concessionaria\/#primaryimage"},"image":{"@id":"https:\/\/thefortune.one\/pt\/aeroporto-de-porto-alegre-deve-ser-reaberto-so-em-dezembro-diz-concessionaria\/#primaryimage"},"thumbnailUrl":"https:\/\/thefortune.one\/wp-content\/uploads\/2024\/06\/arero.jpg","datePublished":"2024-06-04T13:18:49+00:00","description":"Somos especialistas em gest\u00e3o patrimonial, op\u00e7\u00f5es de investimentos para diversos perfis, nosso diferencial \u00e9 comprovado com resultados.","breadcrumb":{"@id":"https:\/\/thefortune.one\/pt\/aeroporto-de-porto-alegre-deve-ser-reaberto-so-em-dezembro-diz-concessionaria\/#breadcrumb"},"inLanguage":"en-US","potentialAction":[{"@type":"ReadAction","target":["https:\/\/thefortune.one\/pt\/aeroporto-de-porto-alegre-deve-ser-reaberto-so-em-dezembro-diz-concessionaria\/"]}]},{"@type":"ImageObject","inLanguage":"en-US","@id":"https:\/\/thefortune.one\/pt\/aeroporto-de-porto-alegre-deve-ser-reaberto-so-em-dezembro-diz-concessionaria\/#primaryimage","url":"https:\/\/thefortune.one\/wp-content\/uploads\/2024\/06\/arero.jpg","contentUrl":"https:\/\/thefortune.one\/wp-content\/uploads\/2024\/06\/arero.jpg","width":732,"height":412},{"@type":"BreadcrumbList","@id":"https:\/\/thefortune.one\/pt\/aeroporto-de-porto-alegre-deve-ser-reaberto-so-em-dezembro-diz-concessionaria\/#breadcrumb","itemListElement":[{"@type":"ListItem","position":1,"name":"In\u00edcio","item":"https:\/\/thefortune.one\/pt\/"},{"@type":"ListItem","position":2,"name":"Aeroporto de Porto Alegre deve ser reaberto s\u00f3 em dezembro, diz concession\u00e1ria"}]},{"@type":"WebSite","@id":"https:\/\/thefortune.one\/pt\/#website","url":"https:\/\/thefortune.one\/pt\/","name":"The Fortune.one","description":"Gestora de Recursos Especializada em Private Equity","publisher":{"@id":"https:\/\/thefortune.one\/pt\/#organization"},"potentialAction":[{"@type":"SearchAction","target":{"@type":"EntryPoint","urlTemplate":"https:\/\/thefortune.one\/pt\/?s={search_term_string}"},"query-input":{"@type":"PropertyValueSpecification","valueRequired":true,"valueName":"search_term_string"}}],"inLanguage":"en-US"},{"@type":"Organization","@id":"https:\/\/thefortune.one\/pt\/#organization","name":"The Fortune One","url":"https:\/\/thefortune.one\/pt\/","logo":{"@type":"ImageObject","inLanguage":"en-US","@id":"https:\/\/thefortune.one\/pt\/#\/schema\/logo\/image\/","url":"https:\/\/thefortune.one\/wp-content\/uploads\/2022\/11\/cropped-cropped-1651682701199-1.jpg","contentUrl":"https:\/\/thefortune.one\/wp-content\/uploads\/2022\/11\/cropped-cropped-1651682701199-1.jpg","width":369,"height":421,"caption":"The Fortune One"},"image":{"@id":"https:\/\/thefortune.one\/pt\/#\/schema\/logo\/image\/"}},{"@type":"Person","@id":"https:\/\/thefortune.one\/pt\/#\/schema\/person\/6cd8fe72a627d36caabf41815984a16f","name":"bianca","image":{"@type":"ImageObject","inLanguage":"en-US","@id":"https:\/\/secure.gravatar.com\/avatar\/66cd7b00d93410555e00d1e6a911a86de0cd0cfa4f83a2f8b47eddc2968c98af?s=96&d=mm&r=g","url":"https:\/\/secure.gravatar.com\/avatar\/66cd7b00d93410555e00d1e6a911a86de0cd0cfa4f83a2f8b47eddc2968c98af?s=96&d=mm&r=g","contentUrl":"https:\/\/secure.gravatar.com\/avatar\/66cd7b00d93410555e00d1e6a911a86de0cd0cfa4f83a2f8b47eddc2968c98af?s=96&d=mm&r=g","caption":"bianca"},"url":"https:\/\/thefortune.one\/en\/author\/bianca\/"}]}},"_links":{"self":[{"href":"https:\/\/thefortune.one\/en\/wp-json\/wp\/v2\/posts\/5093","targetHints":{"allow":["GET"]}}],"collection":[{"href":"https:\/\/thefortune.one\/en\/wp-json\/wp\/v2\/posts"}],"about":[{"href":"https:\/\/thefortune.one\/en\/wp-json\/wp\/v2\/types\/post"}],"author":[{"embeddable":true,"href":"https:\/\/thefortune.one\/en\/wp-json\/wp\/v2\/users\/3"}],"replies":[{"embeddable":true,"href":"https:\/\/thefortune.one\/en\/wp-json\/wp\/v2\/comments?post=5093"}],"version-history":[{"count":1,"href":"https:\/\/thefortune.one\/en\/wp-json\/wp\/v2\/posts\/5093\/revisions"}],"predecessor-version":[{"id":5097,"href":"https:\/\/thefortune.one\/en\/wp-json\/wp\/v2\/posts\/5093\/revisions\/5097"}],"wp:featuredmedia":[{"embeddable":true,"href":"https:\/\/thefortune.one\/en\/wp-json\/wp\/v2\/media\/5096"}],"wp:attachment":[{"href":"https:\/\/thefortune.one\/en\/wp-json\/wp\/v2\/media?parent=5093"}],"wp:term":[{"taxonomy":"category","embeddable":true,"href":"https:\/\/thefortune.one\/en\/wp-json\/wp\/v2\/categories?post=5093"},{"taxonomy":"post_tag","embeddable":true,"href":"https:\/\/thefortune.one\/en\/wp-json\/wp\/v2\/tags?post=5093"}],"curies":[{"name":"wp","href":"https:\/\/api.w.org\/{rel}","templated":true}]}}