{"id":5074,"date":"2024-05-27T12:46:32","date_gmt":"2024-05-27T12:46:32","guid":{"rendered":"https:\/\/thefortune.one\/?p=5074"},"modified":"2024-05-27T12:46:32","modified_gmt":"2024-05-27T12:46:32","slug":"chuvas-embrapa-e-emater-vao-lancar-plano-emergencial-para-recuperar-agropecuaria-do-rs","status":"publish","type":"post","link":"https:\/\/thefortune.one\/en\/chuvas-embrapa-e-emater-vao-lancar-plano-emergencial-para-recuperar-agropecuaria-do-rs\/","title":{"rendered":"Chuvas: Embrapa e Emater v\u00e3o lan\u00e7ar plano emergencial para recuperar agropecu\u00e1ria do RS"},"content":{"rendered":"\n<p>\u00c1rea \u00e1rea total atingida pelas chuvas \u00e9 de 506.774 hectares; impacto na vegeta\u00e7\u00e3o nativa ultrapassa os 90 mil hectares<a href=\"https:\/\/web.whatsapp.com\/send?text=Chuvas:%20Embrapa%20e%20Emater%20v%C3%A3o%20lan%C3%A7ar%20plano%20emergencial%20para%20recuperar%20agropecu%C3%A1ria%20do%20RS%20https%3A%2F%2Finteligenciafinanceira.com.br%2Fmercado-financeiro%2Fchuvas-embrapa-e-emater-vao-lancar-plano-emergencial-para-recuperar-agropecuaria-do-rs%2F\" target=\"_blank\" rel=\"noreferrer noopener\"><\/a><a href=\"https:\/\/www.linkedin.com\/sharing\/share-offsite\/?url=https%3A%2F%2Finteligenciafinanceira.com.br%2Fmercado-financeiro%2Fchuvas-embrapa-e-emater-vao-lancar-plano-emergencial-para-recuperar-agropecuaria-do-rs%2F&amp;title=Chuvas:%20Embrapa%20e%20Emater%20v%C3%A3o%20lan%C3%A7ar%20plano%20emergencial%20para%20recuperar%20agropecu%C3%A1ria%20do%20RS\" target=\"_blank\" rel=\"noreferrer noopener\"><\/a><a href=\"https:\/\/t.me\/share\/url?url=https%3A%2F%2Finteligenciafinanceira.com.br%2Fmercado-financeiro%2Fchuvas-embrapa-e-emater-vao-lancar-plano-emergencial-para-recuperar-agropecuaria-do-rs%2F&amp;text=Chuvas:%20Embrapa%20e%20Emater%20v%C3%A3o%20lan%C3%A7ar%20plano%20emergencial%20para%20recuperar%20agropecu%C3%A1ria%20do%20RS\" target=\"_blank\" rel=\"noreferrer noopener\"><\/a><a href=\"https:\/\/twitter.com\/intent\/tweet?text=Chuvas:%20Embrapa%20e%20Emater%20v%C3%A3o%20lan%C3%A7ar%20plano%20emergencial%20para%20recuperar%20agropecu%C3%A1ria%20do%20RS&amp;url=https%3A%2F%2Finteligenciafinanceira.com.br%2Fmercado-financeiro%2Fchuvas-embrapa-e-emater-vao-lancar-plano-emergencial-para-recuperar-agropecuaria-do-rs%2F&amp;\" target=\"_blank\" rel=\"noreferrer noopener\"><\/a><a href=\"https:\/\/www.facebook.com\/sharer\/sharer.php?u=https%3A%2F%2Finteligenciafinanceira.com.br%2Fmercado-financeiro%2Fchuvas-embrapa-e-emater-vao-lancar-plano-emergencial-para-recuperar-agropecuaria-do-rs%2F\" target=\"_blank\" rel=\"noreferrer noopener\"><\/a><a href=\"mailto:?subject=Chuvas:%20Embrapa%20e%20Emater%20v%C3%A3o%20lan%C3%A7ar%20plano%20emergencial%20para%20recuperar%20agropecu%C3%A1ria%20do%20RS&amp;body=Veja%20mais%20em%20https%3A%2F%2Finteligenciafinanceira.com.br%2Fmercado-financeiro%2Fchuvas-embrapa-e-emater-vao-lancar-plano-emergencial-para-recuperar-agropecuaria-do-rs%2F\" target=\"_blank\" rel=\"noreferrer noopener\"><\/a><a href=\"https:\/\/inteligenciafinanceira.com.br\/mercado-financeiro\/chuvas-embrapa-e-emater-vao-lancar-plano-emergencial-para-recuperar-agropecuaria-do-rs\/#copy_link\"><\/a><\/p>\n\n\n\n<figure class=\"wp-block-image\"><img decoding=\"async\" src=\"https:\/\/inteligenciafinanceira.com.br\/wp-content\/uploads\/2024\/05\/article.jpg?w=396\" alt=\"Chuvas: Embrapa e Emater v\u00e3o lan\u00e7ar plano emergencial para recuperar agropecu\u00e1ria do RS\" \/><figcaption class=\"wp-element-caption\">Estudo da Confedera\u00e7\u00e3o Nacional dos Munic\u00edpios (CNM) calcula perdas superiores a R$ 1,1 bilh\u00e3o na agricultura. (Foto: Emater\/RS)<\/figcaption><\/figure>\n\n\n\n<p>A Empresa Brasileira de Pesquisa Agropecu\u00e1ria (Embrapa), em colabora\u00e7\u00e3o com a Empresa de Assist\u00eancia T\u00e9cnica e Extens\u00e3o Rural (Emater) do Rio Grande do Sul, vai lan\u00e7ar em junho um plano emergencial e estruturante para reabilitar as atividades agropecu\u00e1rias ga\u00fachas,&nbsp;<strong><a href=\"https:\/\/inteligenciafinanceira.com.br\/investimentos\/enchentes-no-rio-grande-do-sul\/\" target=\"_blank\" rel=\"noreferrer noopener\">afetadas pelas recentes chuvas<\/a><\/strong>.<\/p>\n\n\n\n<p>O plano de a\u00e7\u00e3o abrange uma s\u00e9rie de iniciativas de pesquisa, desenvolvimento, inova\u00e7\u00e3o e transfer\u00eancia de tecnologia, visando \u00e0 recupera\u00e7\u00e3o das \u00e1reas afetadas. Estrat\u00e9gias como o diagn\u00f3stico regional in loco, a compila\u00e7\u00e3o de dados e o uso de tecnologias geoespaciais ser\u00e3o utilizadas para definir quais s\u00e3o as \u00e1reas priorit\u00e1rias e propor planos de interven\u00e7\u00e3o. Est\u00e1 prevista tamb\u00e9m a cria\u00e7\u00e3o de reposit\u00f3rios de informa\u00e7\u00f5es t\u00e9cnicas de forma digital.<\/p>\n\n\n\n<h2 class=\"wp-block-heading\" id=\"h-medidas-de-curto-e-medio-prazos\">Medidas de curto e m\u00e9dio prazos<\/h2>\n\n\n\n<p>No curto prazo, as entidades sugerem a\u00e7\u00f5es como o mapeamento de fornecedores de sementes, a multiplica\u00e7\u00e3o de mudas em regi\u00f5es n\u00e3o afetadas e a implanta\u00e7\u00e3o de quintais org\u00e2nicos.<\/p>\n\n\n\n<p>A\u00e7\u00f5es que podem subir at\u00e9 40% em um ano: inscreva-se para conferir empresas onde analistas enxergam oportunidade de alta na Bolsa brasileira.<\/p>\n\n\n\n<p>Em um segundo momento, a proposi\u00e7\u00e3o de pol\u00edticas p\u00fablicas para aquisi\u00e7\u00e3o de insumos agr\u00edcolas e a elabora\u00e7\u00e3o de projetos para recupera\u00e7\u00e3o de \u00e1reas degradadas, al\u00e9m da recupera\u00e7\u00e3o dos solos degradados, um manejo conservacionista do solo e da \u00e1gua e a restaura\u00e7\u00e3o florestal.<\/p>\n\n\n\n<p>As a\u00e7\u00f5es, que ser\u00e3o coordenadas pela \u201cPlataforma para mitiga\u00e7\u00e3o de efeitos dos eventos clim\u00e1ticos adversos na agropecu\u00e1ria da regi\u00e3o Sul do Brasil\u201d, est\u00e3o sendo elaboradas em parceria com \u00f3rg\u00e3os dos governos federal, estadual e municipal, buscando melhorar o diagn\u00f3stico dos impactos e identificar regi\u00f5es priorit\u00e1rias para interven\u00e7\u00e3o.<\/p>\n\n\n\n<p>Al\u00e9m disso, as medidas t\u00eam sido discutidas em conjunto com institui\u00e7\u00f5es de pesquisa, ensino e entidades do setor produtivo. Um comit\u00ea extraordin\u00e1rio foi criado para enfrentar a crise no estado, composto por representantes da Embrapa e outras entidades.<\/p>\n\n\n\n<h2 class=\"wp-block-heading\" id=\"h-tamanho-do-impacto\">Tamanho do impacto<\/h2>\n\n\n\n<p>Um monitoramento por sat\u00e9lite divulgado pela Embrapa mostrou uma \u00e1rea total atingida de 506.774 hectares, envolvendo 255 munic\u00edpios. A partir de recortes territoriais, foram avaliados 341.184 im\u00f3veis rurais em 255 munic\u00edpios atingidos pela mancha de inunda\u00e7\u00e3o.<\/p>\n\n\n\n<p>\u201cDos mais de 300 mil im\u00f3veis, 21 mil foram impactados pelas enchentes, al\u00e9m de 1.559 estabelecimentos agropecu\u00e1rios. O impacto na vegeta\u00e7\u00e3o nativa ultrapassa os 90 mil hectares, em especial nas \u00c1reas de Preserva\u00e7\u00e3o Permanente (APPs) de beira de rios\u201d, explicou Gustavo Spadotti, chefe-geral da Embrapa Territorial (SP).<\/p>\n\n\n\n<p>Em rela\u00e7\u00e3o \u00e0 infraestrutura, foram atingidos 85 armaz\u00e9ns rurais, o que representa cerca de 750 mil toneladas de gr\u00e3os, entre arroz, soja, milho e trigo. N\u00e3o se sabe, no entanto, a dimens\u00e3o das perdas nesses armaz\u00e9ns. Houve ainda bloqueio parcial de 49 rodovias e total de 42, dificultando n\u00e3o apenas o escoamento das safras, mas tamb\u00e9m a chegada de suprimentos.<\/p>\n\n\n\n<p>Spadotti pontuou que os estudos ser\u00e3o expandidos para mensurar tamb\u00e9m os preju\u00edzos causados por deslizamentos, uma vez que esse primeiro levantamento teve como foco as enchentes. Ainda ser\u00e1 avaliada, igualmente, a situa\u00e7\u00e3o de estruturas produtivas, como granjas de su\u00ednos e aves.<\/p>\n\n\n\n<p>Fonte:<a href=\"https:\/\/inteligenciafinanceira.com.br\/mercado-financeiro\/chuvas-embrapa-e-emater-vao-lancar-plano-emergencial-para-recuperar-agropecuaria-do-rs\/\">https:\/\/inteligenciafinanceira.com.br\/mercado-financeiro\/chuvas-embrapa-e-emater-vao-lancar-plano-emergencial-para-recuperar-agropecuaria-do-rs\/<\/a><\/p>\n","protected":false},"excerpt":{"rendered":"<p>\u00c1rea \u00e1rea total atingida pelas chuvas \u00e9 de 506.774 hectares; impacto na vegeta\u00e7\u00e3o nativa ultrapassa os 90 mil hectares A Empresa Brasileira de Pesquisa Agropecu\u00e1ria (Embrapa), em colabora\u00e7\u00e3o com a Empresa de Assist\u00eancia T\u00e9cnica e Extens\u00e3o Rural (Emater) do Rio Grande do Sul, vai lan\u00e7ar em junho um plano emergencial e estruturante para reabilitar as [&hellip;]<\/p>\n","protected":false},"author":3,"featured_media":5075,"comment_status":"open","ping_status":"open","sticky":false,"template":"","format":"standard","meta":{"_joinchat":[],"footnotes":""},"categories":[1],"tags":[],"class_list":["post-5074","post","type-post","status-publish","format-standard","has-post-thumbnail","hentry","category-the-fortune-one"],"yoast_head":"<!-- This site is optimized with the Yoast SEO plugin v27.5 - https:\/\/yoast.com\/product\/yoast-seo-wordpress\/ -->\n<title>Chuvas: Embrapa e Emater v\u00e3o lan\u00e7ar plano emergencial para recuperar agropecu\u00e1ria do RS - The Fortune.one<\/title>\n<meta name=\"description\" content=\"Somos especialistas em gest\u00e3o patrimonial, op\u00e7\u00f5es de investimentos para diversos perfis, nosso diferencial \u00e9 comprovado com resultados.\" \/>\n<meta name=\"robots\" content=\"index, follow, max-snippet:-1, max-image-preview:large, max-video-preview:-1\" \/>\n<link rel=\"canonical\" href=\"https:\/\/thefortune.one\/en\/chuvas-embrapa-e-emater-vao-lancar-plano-emergencial-para-recuperar-agropecuaria-do-rs\/\" \/>\n<meta property=\"og:locale\" content=\"en_US\" \/>\n<meta property=\"og:type\" content=\"article\" \/>\n<meta property=\"og:title\" content=\"Chuvas: Embrapa e Emater v\u00e3o lan\u00e7ar plano emergencial para recuperar agropecu\u00e1ria do RS - The Fortune.one\" \/>\n<meta property=\"og:description\" content=\"Somos especialistas em gest\u00e3o patrimonial, op\u00e7\u00f5es de investimentos para diversos perfis, nosso diferencial \u00e9 comprovado com resultados.\" \/>\n<meta property=\"og:url\" content=\"https:\/\/thefortune.one\/en\/chuvas-embrapa-e-emater-vao-lancar-plano-emergencial-para-recuperar-agropecuaria-do-rs\/\" \/>\n<meta property=\"og:site_name\" content=\"The Fortune.one\" \/>\n<meta property=\"article:published_time\" content=\"2024-05-27T12:46:32+00:00\" \/>\n<meta property=\"og:image\" content=\"https:\/\/thefortune.one\/wp-content\/uploads\/2024\/05\/pecuaria.jpg\" \/>\n\t<meta property=\"og:image:width\" content=\"395\" \/>\n\t<meta property=\"og:image:height\" content=\"297\" \/>\n\t<meta property=\"og:image:type\" content=\"image\/jpeg\" \/>\n<meta name=\"author\" content=\"bianca\" \/>\n<meta name=\"twitter:card\" content=\"summary_large_image\" \/>\n<meta name=\"twitter:label1\" content=\"Written by\" \/>\n\t<meta name=\"twitter:data1\" content=\"bianca\" \/>\n\t<meta name=\"twitter:label2\" content=\"Est. reading time\" \/>\n\t<meta name=\"twitter:data2\" content=\"3 minutes\" \/>\n<script type=\"application\/ld+json\" class=\"yoast-schema-graph\">{\"@context\":\"https:\\\/\\\/schema.org\",\"@graph\":[{\"@type\":\"Article\",\"@id\":\"https:\\\/\\\/thefortune.one\\\/pt\\\/chuvas-embrapa-e-emater-vao-lancar-plano-emergencial-para-recuperar-agropecuaria-do-rs\\\/#article\",\"isPartOf\":{\"@id\":\"https:\\\/\\\/thefortune.one\\\/pt\\\/chuvas-embrapa-e-emater-vao-lancar-plano-emergencial-para-recuperar-agropecuaria-do-rs\\\/\"},\"author\":{\"name\":\"bianca\",\"@id\":\"https:\\\/\\\/thefortune.one\\\/pt\\\/#\\\/schema\\\/person\\\/6cd8fe72a627d36caabf41815984a16f\"},\"headline\":\"Chuvas: Embrapa e Emater v\u00e3o lan\u00e7ar plano emergencial para recuperar agropecu\u00e1ria do RS\",\"datePublished\":\"2024-05-27T12:46:32+00:00\",\"mainEntityOfPage\":{\"@id\":\"https:\\\/\\\/thefortune.one\\\/pt\\\/chuvas-embrapa-e-emater-vao-lancar-plano-emergencial-para-recuperar-agropecuaria-do-rs\\\/\"},\"wordCount\":609,\"commentCount\":0,\"publisher\":{\"@id\":\"https:\\\/\\\/thefortune.one\\\/pt\\\/#organization\"},\"image\":{\"@id\":\"https:\\\/\\\/thefortune.one\\\/pt\\\/chuvas-embrapa-e-emater-vao-lancar-plano-emergencial-para-recuperar-agropecuaria-do-rs\\\/#primaryimage\"},\"thumbnailUrl\":\"https:\\\/\\\/thefortune.one\\\/wp-content\\\/uploads\\\/2024\\\/05\\\/pecuaria.jpg\",\"articleSection\":[\"The Fortune.one\"],\"inLanguage\":\"en-US\",\"potentialAction\":[{\"@type\":\"CommentAction\",\"name\":\"Comment\",\"target\":[\"https:\\\/\\\/thefortune.one\\\/pt\\\/chuvas-embrapa-e-emater-vao-lancar-plano-emergencial-para-recuperar-agropecuaria-do-rs\\\/#respond\"]}]},{\"@type\":\"WebPage\",\"@id\":\"https:\\\/\\\/thefortune.one\\\/pt\\\/chuvas-embrapa-e-emater-vao-lancar-plano-emergencial-para-recuperar-agropecuaria-do-rs\\\/\",\"url\":\"https:\\\/\\\/thefortune.one\\\/pt\\\/chuvas-embrapa-e-emater-vao-lancar-plano-emergencial-para-recuperar-agropecuaria-do-rs\\\/\",\"name\":\"Chuvas: Embrapa e Emater v\u00e3o lan\u00e7ar plano emergencial para recuperar agropecu\u00e1ria do RS - The Fortune.one\",\"isPartOf\":{\"@id\":\"https:\\\/\\\/thefortune.one\\\/pt\\\/#website\"},\"primaryImageOfPage\":{\"@id\":\"https:\\\/\\\/thefortune.one\\\/pt\\\/chuvas-embrapa-e-emater-vao-lancar-plano-emergencial-para-recuperar-agropecuaria-do-rs\\\/#primaryimage\"},\"image\":{\"@id\":\"https:\\\/\\\/thefortune.one\\\/pt\\\/chuvas-embrapa-e-emater-vao-lancar-plano-emergencial-para-recuperar-agropecuaria-do-rs\\\/#primaryimage\"},\"thumbnailUrl\":\"https:\\\/\\\/thefortune.one\\\/wp-content\\\/uploads\\\/2024\\\/05\\\/pecuaria.jpg\",\"datePublished\":\"2024-05-27T12:46:32+00:00\",\"description\":\"Somos especialistas em gest\u00e3o patrimonial, op\u00e7\u00f5es de investimentos para diversos perfis, nosso diferencial \u00e9 comprovado com resultados.\",\"breadcrumb\":{\"@id\":\"https:\\\/\\\/thefortune.one\\\/pt\\\/chuvas-embrapa-e-emater-vao-lancar-plano-emergencial-para-recuperar-agropecuaria-do-rs\\\/#breadcrumb\"},\"inLanguage\":\"en-US\",\"potentialAction\":[{\"@type\":\"ReadAction\",\"target\":[\"https:\\\/\\\/thefortune.one\\\/pt\\\/chuvas-embrapa-e-emater-vao-lancar-plano-emergencial-para-recuperar-agropecuaria-do-rs\\\/\"]}]},{\"@type\":\"ImageObject\",\"inLanguage\":\"en-US\",\"@id\":\"https:\\\/\\\/thefortune.one\\\/pt\\\/chuvas-embrapa-e-emater-vao-lancar-plano-emergencial-para-recuperar-agropecuaria-do-rs\\\/#primaryimage\",\"url\":\"https:\\\/\\\/thefortune.one\\\/wp-content\\\/uploads\\\/2024\\\/05\\\/pecuaria.jpg\",\"contentUrl\":\"https:\\\/\\\/thefortune.one\\\/wp-content\\\/uploads\\\/2024\\\/05\\\/pecuaria.jpg\",\"width\":395,\"height\":297},{\"@type\":\"BreadcrumbList\",\"@id\":\"https:\\\/\\\/thefortune.one\\\/pt\\\/chuvas-embrapa-e-emater-vao-lancar-plano-emergencial-para-recuperar-agropecuaria-do-rs\\\/#breadcrumb\",\"itemListElement\":[{\"@type\":\"ListItem\",\"position\":1,\"name\":\"In\u00edcio\",\"item\":\"https:\\\/\\\/thefortune.one\\\/pt\\\/\"},{\"@type\":\"ListItem\",\"position\":2,\"name\":\"Chuvas: Embrapa e Emater v\u00e3o lan\u00e7ar plano emergencial para recuperar agropecu\u00e1ria do RS\"}]},{\"@type\":\"WebSite\",\"@id\":\"https:\\\/\\\/thefortune.one\\\/pt\\\/#website\",\"url\":\"https:\\\/\\\/thefortune.one\\\/pt\\\/\",\"name\":\"The Fortune.one\",\"description\":\"Gestora de Recursos Especializada em Private Equity\",\"publisher\":{\"@id\":\"https:\\\/\\\/thefortune.one\\\/pt\\\/#organization\"},\"potentialAction\":[{\"@type\":\"SearchAction\",\"target\":{\"@type\":\"EntryPoint\",\"urlTemplate\":\"https:\\\/\\\/thefortune.one\\\/pt\\\/?s={search_term_string}\"},\"query-input\":{\"@type\":\"PropertyValueSpecification\",\"valueRequired\":true,\"valueName\":\"search_term_string\"}}],\"inLanguage\":\"en-US\"},{\"@type\":\"Organization\",\"@id\":\"https:\\\/\\\/thefortune.one\\\/pt\\\/#organization\",\"name\":\"The Fortune One\",\"url\":\"https:\\\/\\\/thefortune.one\\\/pt\\\/\",\"logo\":{\"@type\":\"ImageObject\",\"inLanguage\":\"en-US\",\"@id\":\"https:\\\/\\\/thefortune.one\\\/pt\\\/#\\\/schema\\\/logo\\\/image\\\/\",\"url\":\"https:\\\/\\\/thefortune.one\\\/wp-content\\\/uploads\\\/2022\\\/11\\\/cropped-cropped-1651682701199-1.jpg\",\"contentUrl\":\"https:\\\/\\\/thefortune.one\\\/wp-content\\\/uploads\\\/2022\\\/11\\\/cropped-cropped-1651682701199-1.jpg\",\"width\":369,\"height\":421,\"caption\":\"The Fortune One\"},\"image\":{\"@id\":\"https:\\\/\\\/thefortune.one\\\/pt\\\/#\\\/schema\\\/logo\\\/image\\\/\"}},{\"@type\":\"Person\",\"@id\":\"https:\\\/\\\/thefortune.one\\\/pt\\\/#\\\/schema\\\/person\\\/6cd8fe72a627d36caabf41815984a16f\",\"name\":\"bianca\",\"image\":{\"@type\":\"ImageObject\",\"inLanguage\":\"en-US\",\"@id\":\"https:\\\/\\\/secure.gravatar.com\\\/avatar\\\/66cd7b00d93410555e00d1e6a911a86de0cd0cfa4f83a2f8b47eddc2968c98af?s=96&d=mm&r=g\",\"url\":\"https:\\\/\\\/secure.gravatar.com\\\/avatar\\\/66cd7b00d93410555e00d1e6a911a86de0cd0cfa4f83a2f8b47eddc2968c98af?s=96&d=mm&r=g\",\"contentUrl\":\"https:\\\/\\\/secure.gravatar.com\\\/avatar\\\/66cd7b00d93410555e00d1e6a911a86de0cd0cfa4f83a2f8b47eddc2968c98af?s=96&d=mm&r=g\",\"caption\":\"bianca\"},\"url\":\"https:\\\/\\\/thefortune.one\\\/en\\\/author\\\/bianca\\\/\"}]}<\/script>\n<!-- \/ Yoast SEO plugin. -->","yoast_head_json":{"title":"Chuvas: Embrapa e Emater v\u00e3o lan\u00e7ar plano emergencial para recuperar agropecu\u00e1ria do RS - The Fortune.one","description":"Somos especialistas em gest\u00e3o patrimonial, op\u00e7\u00f5es de investimentos para diversos perfis, nosso diferencial \u00e9 comprovado com resultados.","robots":{"index":"index","follow":"follow","max-snippet":"max-snippet:-1","max-image-preview":"max-image-preview:large","max-video-preview":"max-video-preview:-1"},"canonical":"https:\/\/thefortune.one\/en\/chuvas-embrapa-e-emater-vao-lancar-plano-emergencial-para-recuperar-agropecuaria-do-rs\/","og_locale":"en_US","og_type":"article","og_title":"Chuvas: Embrapa e Emater v\u00e3o lan\u00e7ar plano emergencial para recuperar agropecu\u00e1ria do RS - The Fortune.one","og_description":"Somos especialistas em gest\u00e3o patrimonial, op\u00e7\u00f5es de investimentos para diversos perfis, nosso diferencial \u00e9 comprovado com resultados.","og_url":"https:\/\/thefortune.one\/en\/chuvas-embrapa-e-emater-vao-lancar-plano-emergencial-para-recuperar-agropecuaria-do-rs\/","og_site_name":"The Fortune.one","article_published_time":"2024-05-27T12:46:32+00:00","og_image":[{"width":395,"height":297,"url":"https:\/\/thefortune.one\/wp-content\/uploads\/2024\/05\/pecuaria.jpg","type":"image\/jpeg"}],"author":"bianca","twitter_card":"summary_large_image","twitter_misc":{"Written by":"bianca","Est. reading time":"3 minutes"},"schema":{"@context":"https:\/\/schema.org","@graph":[{"@type":"Article","@id":"https:\/\/thefortune.one\/pt\/chuvas-embrapa-e-emater-vao-lancar-plano-emergencial-para-recuperar-agropecuaria-do-rs\/#article","isPartOf":{"@id":"https:\/\/thefortune.one\/pt\/chuvas-embrapa-e-emater-vao-lancar-plano-emergencial-para-recuperar-agropecuaria-do-rs\/"},"author":{"name":"bianca","@id":"https:\/\/thefortune.one\/pt\/#\/schema\/person\/6cd8fe72a627d36caabf41815984a16f"},"headline":"Chuvas: Embrapa e Emater v\u00e3o lan\u00e7ar plano emergencial para recuperar agropecu\u00e1ria do RS","datePublished":"2024-05-27T12:46:32+00:00","mainEntityOfPage":{"@id":"https:\/\/thefortune.one\/pt\/chuvas-embrapa-e-emater-vao-lancar-plano-emergencial-para-recuperar-agropecuaria-do-rs\/"},"wordCount":609,"commentCount":0,"publisher":{"@id":"https:\/\/thefortune.one\/pt\/#organization"},"image":{"@id":"https:\/\/thefortune.one\/pt\/chuvas-embrapa-e-emater-vao-lancar-plano-emergencial-para-recuperar-agropecuaria-do-rs\/#primaryimage"},"thumbnailUrl":"https:\/\/thefortune.one\/wp-content\/uploads\/2024\/05\/pecuaria.jpg","articleSection":["The Fortune.one"],"inLanguage":"en-US","potentialAction":[{"@type":"CommentAction","name":"Comment","target":["https:\/\/thefortune.one\/pt\/chuvas-embrapa-e-emater-vao-lancar-plano-emergencial-para-recuperar-agropecuaria-do-rs\/#respond"]}]},{"@type":"WebPage","@id":"https:\/\/thefortune.one\/pt\/chuvas-embrapa-e-emater-vao-lancar-plano-emergencial-para-recuperar-agropecuaria-do-rs\/","url":"https:\/\/thefortune.one\/pt\/chuvas-embrapa-e-emater-vao-lancar-plano-emergencial-para-recuperar-agropecuaria-do-rs\/","name":"Chuvas: Embrapa e Emater v\u00e3o lan\u00e7ar plano emergencial para recuperar agropecu\u00e1ria do RS - The Fortune.one","isPartOf":{"@id":"https:\/\/thefortune.one\/pt\/#website"},"primaryImageOfPage":{"@id":"https:\/\/thefortune.one\/pt\/chuvas-embrapa-e-emater-vao-lancar-plano-emergencial-para-recuperar-agropecuaria-do-rs\/#primaryimage"},"image":{"@id":"https:\/\/thefortune.one\/pt\/chuvas-embrapa-e-emater-vao-lancar-plano-emergencial-para-recuperar-agropecuaria-do-rs\/#primaryimage"},"thumbnailUrl":"https:\/\/thefortune.one\/wp-content\/uploads\/2024\/05\/pecuaria.jpg","datePublished":"2024-05-27T12:46:32+00:00","description":"Somos especialistas em gest\u00e3o patrimonial, op\u00e7\u00f5es de investimentos para diversos perfis, nosso diferencial \u00e9 comprovado com resultados.","breadcrumb":{"@id":"https:\/\/thefortune.one\/pt\/chuvas-embrapa-e-emater-vao-lancar-plano-emergencial-para-recuperar-agropecuaria-do-rs\/#breadcrumb"},"inLanguage":"en-US","potentialAction":[{"@type":"ReadAction","target":["https:\/\/thefortune.one\/pt\/chuvas-embrapa-e-emater-vao-lancar-plano-emergencial-para-recuperar-agropecuaria-do-rs\/"]}]},{"@type":"ImageObject","inLanguage":"en-US","@id":"https:\/\/thefortune.one\/pt\/chuvas-embrapa-e-emater-vao-lancar-plano-emergencial-para-recuperar-agropecuaria-do-rs\/#primaryimage","url":"https:\/\/thefortune.one\/wp-content\/uploads\/2024\/05\/pecuaria.jpg","contentUrl":"https:\/\/thefortune.one\/wp-content\/uploads\/2024\/05\/pecuaria.jpg","width":395,"height":297},{"@type":"BreadcrumbList","@id":"https:\/\/thefortune.one\/pt\/chuvas-embrapa-e-emater-vao-lancar-plano-emergencial-para-recuperar-agropecuaria-do-rs\/#breadcrumb","itemListElement":[{"@type":"ListItem","position":1,"name":"In\u00edcio","item":"https:\/\/thefortune.one\/pt\/"},{"@type":"ListItem","position":2,"name":"Chuvas: Embrapa e Emater v\u00e3o lan\u00e7ar plano emergencial para recuperar agropecu\u00e1ria do RS"}]},{"@type":"WebSite","@id":"https:\/\/thefortune.one\/pt\/#website","url":"https:\/\/thefortune.one\/pt\/","name":"The Fortune.one","description":"Gestora de Recursos Especializada em Private Equity","publisher":{"@id":"https:\/\/thefortune.one\/pt\/#organization"},"potentialAction":[{"@type":"SearchAction","target":{"@type":"EntryPoint","urlTemplate":"https:\/\/thefortune.one\/pt\/?s={search_term_string}"},"query-input":{"@type":"PropertyValueSpecification","valueRequired":true,"valueName":"search_term_string"}}],"inLanguage":"en-US"},{"@type":"Organization","@id":"https:\/\/thefortune.one\/pt\/#organization","name":"The Fortune One","url":"https:\/\/thefortune.one\/pt\/","logo":{"@type":"ImageObject","inLanguage":"en-US","@id":"https:\/\/thefortune.one\/pt\/#\/schema\/logo\/image\/","url":"https:\/\/thefortune.one\/wp-content\/uploads\/2022\/11\/cropped-cropped-1651682701199-1.jpg","contentUrl":"https:\/\/thefortune.one\/wp-content\/uploads\/2022\/11\/cropped-cropped-1651682701199-1.jpg","width":369,"height":421,"caption":"The Fortune One"},"image":{"@id":"https:\/\/thefortune.one\/pt\/#\/schema\/logo\/image\/"}},{"@type":"Person","@id":"https:\/\/thefortune.one\/pt\/#\/schema\/person\/6cd8fe72a627d36caabf41815984a16f","name":"bianca","image":{"@type":"ImageObject","inLanguage":"en-US","@id":"https:\/\/secure.gravatar.com\/avatar\/66cd7b00d93410555e00d1e6a911a86de0cd0cfa4f83a2f8b47eddc2968c98af?s=96&d=mm&r=g","url":"https:\/\/secure.gravatar.com\/avatar\/66cd7b00d93410555e00d1e6a911a86de0cd0cfa4f83a2f8b47eddc2968c98af?s=96&d=mm&r=g","contentUrl":"https:\/\/secure.gravatar.com\/avatar\/66cd7b00d93410555e00d1e6a911a86de0cd0cfa4f83a2f8b47eddc2968c98af?s=96&d=mm&r=g","caption":"bianca"},"url":"https:\/\/thefortune.one\/en\/author\/bianca\/"}]}},"_links":{"self":[{"href":"https:\/\/thefortune.one\/en\/wp-json\/wp\/v2\/posts\/5074","targetHints":{"allow":["GET"]}}],"collection":[{"href":"https:\/\/thefortune.one\/en\/wp-json\/wp\/v2\/posts"}],"about":[{"href":"https:\/\/thefortune.one\/en\/wp-json\/wp\/v2\/types\/post"}],"author":[{"embeddable":true,"href":"https:\/\/thefortune.one\/en\/wp-json\/wp\/v2\/users\/3"}],"replies":[{"embeddable":true,"href":"https:\/\/thefortune.one\/en\/wp-json\/wp\/v2\/comments?post=5074"}],"version-history":[{"count":1,"href":"https:\/\/thefortune.one\/en\/wp-json\/wp\/v2\/posts\/5074\/revisions"}],"predecessor-version":[{"id":5076,"href":"https:\/\/thefortune.one\/en\/wp-json\/wp\/v2\/posts\/5074\/revisions\/5076"}],"wp:featuredmedia":[{"embeddable":true,"href":"https:\/\/thefortune.one\/en\/wp-json\/wp\/v2\/media\/5075"}],"wp:attachment":[{"href":"https:\/\/thefortune.one\/en\/wp-json\/wp\/v2\/media?parent=5074"}],"wp:term":[{"taxonomy":"category","embeddable":true,"href":"https:\/\/thefortune.one\/en\/wp-json\/wp\/v2\/categories?post=5074"},{"taxonomy":"post_tag","embeddable":true,"href":"https:\/\/thefortune.one\/en\/wp-json\/wp\/v2\/tags?post=5074"}],"curies":[{"name":"wp","href":"https:\/\/api.w.org\/{rel}","templated":true}]}}