{"id":5063,"date":"2024-05-22T13:26:52","date_gmt":"2024-05-22T13:26:52","guid":{"rendered":"https:\/\/thefortune.one\/?p=5063"},"modified":"2024-05-22T13:26:52","modified_gmt":"2024-05-22T13:26:52","slug":"stf-anula-todos-os-atos-da-operacao-lava-jato-contra-marcelo-odebrecht","status":"publish","type":"post","link":"https:\/\/thefortune.one\/en\/stf-anula-todos-os-atos-da-operacao-lava-jato-contra-marcelo-odebrecht\/","title":{"rendered":"STF anula todos os atos da Opera\u00e7\u00e3o Lava Jato contra Marcelo Odebrecht"},"content":{"rendered":"\n<p>Em decis\u00e3o recente, de fevereiro, Corte tamb\u00e9m suspendeu o pagamento das parcelas do acordo de leni\u00eancia firmado pela Odebrecht, em 2016, no valor de R$ 8,5 bilh\u00f5es<\/p>\n\n\n\n<figure class=\"wp-block-image size-full is-resized\"><img fetchpriority=\"high\" decoding=\"async\" width=\"300\" height=\"300\" src=\"https:\/\/thefortune.one\/wp-content\/uploads\/2024\/05\/oder-1.jpg\" alt=\"\" class=\"wp-image-5065\" style=\"width:840px;height:auto\" srcset=\"https:\/\/thefortune.one\/wp-content\/uploads\/2024\/05\/oder-1.jpg 300w, https:\/\/thefortune.one\/wp-content\/uploads\/2024\/05\/oder-1-150x150.jpg 150w, https:\/\/thefortune.one\/wp-content\/uploads\/2024\/05\/oder-1-12x12.jpg 12w\" sizes=\"(max-width: 300px) 100vw, 300px\" \/><\/figure>\n\n\n\n<p><a href=\"https:\/\/web.whatsapp.com\/send?text=STF%20anula%20todos%20os%20atos%20da%20Opera%C3%A7%C3%A3o%20Lava%20Jato%20contra%20Marcelo%20Odebrecht%20https%3A%2F%2Finteligenciafinanceira.com.br%2Fmercado-financeiro%2Fpolitica%2Fstf-anula-atos-lava-jato-marcelo-odebrecht%2F\" target=\"_blank\" rel=\"noreferrer noopener\"><\/a><a href=\"https:\/\/www.linkedin.com\/sharing\/share-offsite\/?url=https%3A%2F%2Finteligenciafinanceira.com.br%2Fmercado-financeiro%2Fpolitica%2Fstf-anula-atos-lava-jato-marcelo-odebrecht%2F&amp;title=STF%20anula%20todos%20os%20atos%20da%20Opera%C3%A7%C3%A3o%20Lava%20Jato%20contra%20Marcelo%20Odebrecht\" target=\"_blank\" rel=\"noreferrer noopener\"><\/a><a href=\"https:\/\/t.me\/share\/url?url=https%3A%2F%2Finteligenciafinanceira.com.br%2Fmercado-financeiro%2Fpolitica%2Fstf-anula-atos-lava-jato-marcelo-odebrecht%2F&amp;text=STF%20anula%20todos%20os%20atos%20da%20Opera%C3%A7%C3%A3o%20Lava%20Jato%20contra%20Marcelo%20Odebrecht\" target=\"_blank\" rel=\"noreferrer noopener\"><\/a><a href=\"https:\/\/twitter.com\/intent\/tweet?text=STF%20anula%20todos%20os%20atos%20da%20Opera%C3%A7%C3%A3o%20Lava%20Jato%20contra%20Marcelo%20Odebrecht&amp;url=https%3A%2F%2Finteligenciafinanceira.com.br%2Fmercado-financeiro%2Fpolitica%2Fstf-anula-atos-lava-jato-marcelo-odebrecht%2F&amp;\" target=\"_blank\" rel=\"noreferrer noopener\"><\/a><a href=\"https:\/\/www.facebook.com\/sharer\/sharer.php?u=https%3A%2F%2Finteligenciafinanceira.com.br%2Fmercado-financeiro%2Fpolitica%2Fstf-anula-atos-lava-jato-marcelo-odebrecht%2F\" target=\"_blank\" rel=\"noreferrer noopener\"><\/a><a href=\"mailto:?subject=STF%20anula%20todos%20os%20atos%20da%20Opera%C3%A7%C3%A3o%20Lava%20Jato%20contra%20Marcelo%20Odebrecht&amp;body=Veja%20mais%20em%20https%3A%2F%2Finteligenciafinanceira.com.br%2Fmercado-financeiro%2Fpolitica%2Fstf-anula-atos-lava-jato-marcelo-odebrecht%2F\" target=\"_blank\" rel=\"noreferrer noopener\"><\/a><a href=\"https:\/\/inteligenciafinanceira.com.br\/mercado-financeiro\/politica\/stf-anula-atos-lava-jato-marcelo-odebrecht\/#copy_link\"><\/a>O ministro do Supremo Tribunal Federal (STF) Dias Toffoli anulou todos os atos da Opera\u00e7\u00e3o Lava Jato contra o executivo Marcelo Odebrecht.<\/p>\n\n\n\n<p>\u201cDeclaro a nulidade absoluta de todos os atos praticados em desfavor do requerente [Marcelo] no \u00e2mbito dos procedimentos vinculados \u00e0 Opera\u00e7\u00e3o Lava Jato, pelos integrantes da referida opera\u00e7\u00e3o e pelo ex-juiz Sergio Moro, no desempenho de suas atividades perante o Ju\u00edzo da 13\u00aa Vara Federal de Curitiba\u201d, afirmou o magistrado, em decis\u00e3o proferida nesta ter\u00e7a-feira (21). A informa\u00e7\u00e3o foi divulgada primeiramente pela Folha de S. Paulo.<\/p>\n\n\n\n<p>Toffoli ainda contemplou atos contra o executivo que se encontram na fase pr\u00e9-processual e determinou, por\u00e9m, manteve a dela\u00e7\u00e3o do ex-presidente da empreiteira. Toffoli afirmou que \u201co que poderia e deveria ter sido feito na forma da lei para combater a corrup\u00e7\u00e3o foi realizado de maneira clandestina e ilegal, equiparando-se \u00f3rg\u00e3o acusador aos r\u00e9us na vala comum de condutas tipificadas como crime\u201d.<\/p>\n\n\n\n<p>Como seria sua vida se a infla\u00e7\u00e3o hoje fosse de 200%? Inscreva-se e confira os bastidores do plano econ\u00f4mico que tirou o Brasil da hiperinfla\u00e7\u00e3o.<\/p>\n\n\n\n<p>Marcelo Odebrecht foi condenado a 19 anos e 4 meses de pris\u00e3o pelo ent\u00e3o juiz Sergio Moro em 2016. Fez acordo de dela\u00e7\u00e3o que reduziu a pena para dez anos. Em 2022, o STF reduziu o per\u00edodo para sete anos, agora j\u00e1 cumpridos.<\/p>\n\n\n\n<p>A decis\u00e3o de Toffoli atende a um pedido da defesa de Marcelo, que argumentava que seu caso era parecido com os de outros r\u00e9us da Lava Jato que tiveram processos anulados por irregularidades nas investiga\u00e7\u00f5es. informa que a anula\u00e7\u00e3o, no entanto, n\u00e3o afeta a dela\u00e7\u00e3o premiada firmada pelo empres\u00e1rio durante as investiga\u00e7\u00f5es.<\/p>\n\n\n\n<h2 class=\"wp-block-heading\" id=\"h-incontestavel-quadro-de-conluio\">\u2018Incontest\u00e1vel quadro de conluio\u2019<\/h2>\n\n\n\n<p>De acordo com a decis\u00e3o do ministro, houve \u201cincontest\u00e1vel quadro de conluio processual em detrimento de direitos fundamentais\u201d de Odebrecht, que foi condenado a 19 anos e 4 meses de pris\u00e3o pelo ex-juiz Sergio Moro, em 2016.<\/p>\n\n\n\n<p>Com a dela\u00e7\u00e3o, a pena passou a ser de dez anos e, em 2022, o STF a reduziu para sete anos. Em decis\u00e3o recente, de fevereiro, Toffoli tamb\u00e9m suspendeu o pagamento das parcelas do acordo de leni\u00eancia firmado pela Odebrecht, em 2016, no valor de R$ 8,5 bilh\u00f5es.<\/p>\n\n\n\n<p>Fonte:<a href=\"https:\/\/inteligenciafinanceira.com.br\/mercado-financeiro\/politica\/stf-anula-atos-lava-jato-marcelo-odebrecht\/\">https:\/\/inteligenciafinanceira.com.br\/mercado-financeiro\/politica\/stf-anula-atos-lava-jato-marcelo-odebrecht\/<\/a><\/p>\n","protected":false},"excerpt":{"rendered":"<p>Em decis\u00e3o recente, de fevereiro, Corte tamb\u00e9m suspendeu o pagamento das parcelas do acordo de leni\u00eancia firmado pela Odebrecht, em 2016, no valor de R$ 8,5 bilh\u00f5es O ministro do Supremo Tribunal Federal (STF) Dias Toffoli anulou todos os atos da Opera\u00e7\u00e3o Lava Jato contra o executivo Marcelo Odebrecht. \u201cDeclaro a nulidade absoluta de todos [&hellip;]<\/p>\n","protected":false},"author":3,"featured_media":5064,"comment_status":"open","ping_status":"open","sticky":false,"template":"","format":"standard","meta":{"_joinchat":[],"footnotes":""},"categories":[1],"tags":[],"class_list":["post-5063","post","type-post","status-publish","format-standard","has-post-thumbnail","hentry","category-the-fortune-one"],"yoast_head":"<!-- This site is optimized with the Yoast SEO plugin v27.5 - https:\/\/yoast.com\/product\/yoast-seo-wordpress\/ -->\n<title>STF anula todos os atos da Opera\u00e7\u00e3o Lava Jato contra Marcelo Odebrecht - The Fortune.one<\/title>\n<meta name=\"description\" content=\"Somos especialistas em gest\u00e3o patrimonial, op\u00e7\u00f5es de investimentos para diversos perfis, nosso diferencial \u00e9 comprovado com resultados.\" \/>\n<meta name=\"robots\" content=\"index, follow, max-snippet:-1, max-image-preview:large, max-video-preview:-1\" \/>\n<link rel=\"canonical\" href=\"https:\/\/thefortune.one\/en\/stf-anula-todos-os-atos-da-operacao-lava-jato-contra-marcelo-odebrecht\/\" \/>\n<meta property=\"og:locale\" content=\"en_US\" \/>\n<meta property=\"og:type\" content=\"article\" \/>\n<meta property=\"og:title\" content=\"STF anula todos os atos da Opera\u00e7\u00e3o Lava Jato contra Marcelo Odebrecht - The Fortune.one\" \/>\n<meta property=\"og:description\" content=\"Somos especialistas em gest\u00e3o patrimonial, op\u00e7\u00f5es de investimentos para diversos perfis, nosso diferencial \u00e9 comprovado com resultados.\" \/>\n<meta property=\"og:url\" content=\"https:\/\/thefortune.one\/en\/stf-anula-todos-os-atos-da-operacao-lava-jato-contra-marcelo-odebrecht\/\" \/>\n<meta property=\"og:site_name\" content=\"The Fortune.one\" \/>\n<meta property=\"article:published_time\" content=\"2024-05-22T13:26:52+00:00\" \/>\n<meta property=\"og:image\" content=\"https:\/\/thefortune.one\/wp-content\/uploads\/2024\/05\/oder.jpg\" \/>\n\t<meta property=\"og:image:width\" content=\"300\" \/>\n\t<meta property=\"og:image:height\" content=\"300\" \/>\n\t<meta property=\"og:image:type\" content=\"image\/jpeg\" \/>\n<meta name=\"author\" content=\"bianca\" \/>\n<meta name=\"twitter:card\" content=\"summary_large_image\" \/>\n<meta name=\"twitter:label1\" content=\"Written by\" \/>\n\t<meta name=\"twitter:data1\" content=\"bianca\" \/>\n\t<meta name=\"twitter:label2\" content=\"Est. reading time\" \/>\n\t<meta name=\"twitter:data2\" content=\"2 minutes\" \/>\n<script type=\"application\/ld+json\" class=\"yoast-schema-graph\">{\"@context\":\"https:\\\/\\\/schema.org\",\"@graph\":[{\"@type\":\"Article\",\"@id\":\"https:\\\/\\\/thefortune.one\\\/pt\\\/stf-anula-todos-os-atos-da-operacao-lava-jato-contra-marcelo-odebrecht\\\/#article\",\"isPartOf\":{\"@id\":\"https:\\\/\\\/thefortune.one\\\/pt\\\/stf-anula-todos-os-atos-da-operacao-lava-jato-contra-marcelo-odebrecht\\\/\"},\"author\":{\"name\":\"bianca\",\"@id\":\"https:\\\/\\\/thefortune.one\\\/pt\\\/#\\\/schema\\\/person\\\/6cd8fe72a627d36caabf41815984a16f\"},\"headline\":\"STF anula todos os atos da Opera\u00e7\u00e3o Lava Jato contra Marcelo Odebrecht\",\"datePublished\":\"2024-05-22T13:26:52+00:00\",\"mainEntityOfPage\":{\"@id\":\"https:\\\/\\\/thefortune.one\\\/pt\\\/stf-anula-todos-os-atos-da-operacao-lava-jato-contra-marcelo-odebrecht\\\/\"},\"wordCount\":432,\"commentCount\":0,\"publisher\":{\"@id\":\"https:\\\/\\\/thefortune.one\\\/pt\\\/#organization\"},\"image\":{\"@id\":\"https:\\\/\\\/thefortune.one\\\/pt\\\/stf-anula-todos-os-atos-da-operacao-lava-jato-contra-marcelo-odebrecht\\\/#primaryimage\"},\"thumbnailUrl\":\"https:\\\/\\\/thefortune.one\\\/wp-content\\\/uploads\\\/2024\\\/05\\\/oder.jpg\",\"articleSection\":[\"The Fortune.one\"],\"inLanguage\":\"en-US\",\"potentialAction\":[{\"@type\":\"CommentAction\",\"name\":\"Comment\",\"target\":[\"https:\\\/\\\/thefortune.one\\\/pt\\\/stf-anula-todos-os-atos-da-operacao-lava-jato-contra-marcelo-odebrecht\\\/#respond\"]}]},{\"@type\":\"WebPage\",\"@id\":\"https:\\\/\\\/thefortune.one\\\/pt\\\/stf-anula-todos-os-atos-da-operacao-lava-jato-contra-marcelo-odebrecht\\\/\",\"url\":\"https:\\\/\\\/thefortune.one\\\/pt\\\/stf-anula-todos-os-atos-da-operacao-lava-jato-contra-marcelo-odebrecht\\\/\",\"name\":\"STF anula todos os atos da Opera\u00e7\u00e3o Lava Jato contra Marcelo Odebrecht - The Fortune.one\",\"isPartOf\":{\"@id\":\"https:\\\/\\\/thefortune.one\\\/pt\\\/#website\"},\"primaryImageOfPage\":{\"@id\":\"https:\\\/\\\/thefortune.one\\\/pt\\\/stf-anula-todos-os-atos-da-operacao-lava-jato-contra-marcelo-odebrecht\\\/#primaryimage\"},\"image\":{\"@id\":\"https:\\\/\\\/thefortune.one\\\/pt\\\/stf-anula-todos-os-atos-da-operacao-lava-jato-contra-marcelo-odebrecht\\\/#primaryimage\"},\"thumbnailUrl\":\"https:\\\/\\\/thefortune.one\\\/wp-content\\\/uploads\\\/2024\\\/05\\\/oder.jpg\",\"datePublished\":\"2024-05-22T13:26:52+00:00\",\"description\":\"Somos especialistas em gest\u00e3o patrimonial, op\u00e7\u00f5es de investimentos para diversos perfis, nosso diferencial \u00e9 comprovado com resultados.\",\"breadcrumb\":{\"@id\":\"https:\\\/\\\/thefortune.one\\\/pt\\\/stf-anula-todos-os-atos-da-operacao-lava-jato-contra-marcelo-odebrecht\\\/#breadcrumb\"},\"inLanguage\":\"en-US\",\"potentialAction\":[{\"@type\":\"ReadAction\",\"target\":[\"https:\\\/\\\/thefortune.one\\\/pt\\\/stf-anula-todos-os-atos-da-operacao-lava-jato-contra-marcelo-odebrecht\\\/\"]}]},{\"@type\":\"ImageObject\",\"inLanguage\":\"en-US\",\"@id\":\"https:\\\/\\\/thefortune.one\\\/pt\\\/stf-anula-todos-os-atos-da-operacao-lava-jato-contra-marcelo-odebrecht\\\/#primaryimage\",\"url\":\"https:\\\/\\\/thefortune.one\\\/wp-content\\\/uploads\\\/2024\\\/05\\\/oder.jpg\",\"contentUrl\":\"https:\\\/\\\/thefortune.one\\\/wp-content\\\/uploads\\\/2024\\\/05\\\/oder.jpg\",\"width\":300,\"height\":300},{\"@type\":\"BreadcrumbList\",\"@id\":\"https:\\\/\\\/thefortune.one\\\/pt\\\/stf-anula-todos-os-atos-da-operacao-lava-jato-contra-marcelo-odebrecht\\\/#breadcrumb\",\"itemListElement\":[{\"@type\":\"ListItem\",\"position\":1,\"name\":\"In\u00edcio\",\"item\":\"https:\\\/\\\/thefortune.one\\\/pt\\\/\"},{\"@type\":\"ListItem\",\"position\":2,\"name\":\"STF anula todos os atos da Opera\u00e7\u00e3o Lava Jato contra Marcelo Odebrecht\"}]},{\"@type\":\"WebSite\",\"@id\":\"https:\\\/\\\/thefortune.one\\\/pt\\\/#website\",\"url\":\"https:\\\/\\\/thefortune.one\\\/pt\\\/\",\"name\":\"The Fortune.one\",\"description\":\"Gestora de Recursos Especializada em Private Equity\",\"publisher\":{\"@id\":\"https:\\\/\\\/thefortune.one\\\/pt\\\/#organization\"},\"potentialAction\":[{\"@type\":\"SearchAction\",\"target\":{\"@type\":\"EntryPoint\",\"urlTemplate\":\"https:\\\/\\\/thefortune.one\\\/pt\\\/?s={search_term_string}\"},\"query-input\":{\"@type\":\"PropertyValueSpecification\",\"valueRequired\":true,\"valueName\":\"search_term_string\"}}],\"inLanguage\":\"en-US\"},{\"@type\":\"Organization\",\"@id\":\"https:\\\/\\\/thefortune.one\\\/pt\\\/#organization\",\"name\":\"The Fortune One\",\"url\":\"https:\\\/\\\/thefortune.one\\\/pt\\\/\",\"logo\":{\"@type\":\"ImageObject\",\"inLanguage\":\"en-US\",\"@id\":\"https:\\\/\\\/thefortune.one\\\/pt\\\/#\\\/schema\\\/logo\\\/image\\\/\",\"url\":\"https:\\\/\\\/thefortune.one\\\/wp-content\\\/uploads\\\/2022\\\/11\\\/cropped-cropped-1651682701199-1.jpg\",\"contentUrl\":\"https:\\\/\\\/thefortune.one\\\/wp-content\\\/uploads\\\/2022\\\/11\\\/cropped-cropped-1651682701199-1.jpg\",\"width\":369,\"height\":421,\"caption\":\"The Fortune One\"},\"image\":{\"@id\":\"https:\\\/\\\/thefortune.one\\\/pt\\\/#\\\/schema\\\/logo\\\/image\\\/\"}},{\"@type\":\"Person\",\"@id\":\"https:\\\/\\\/thefortune.one\\\/pt\\\/#\\\/schema\\\/person\\\/6cd8fe72a627d36caabf41815984a16f\",\"name\":\"bianca\",\"image\":{\"@type\":\"ImageObject\",\"inLanguage\":\"en-US\",\"@id\":\"https:\\\/\\\/secure.gravatar.com\\\/avatar\\\/66cd7b00d93410555e00d1e6a911a86de0cd0cfa4f83a2f8b47eddc2968c98af?s=96&d=mm&r=g\",\"url\":\"https:\\\/\\\/secure.gravatar.com\\\/avatar\\\/66cd7b00d93410555e00d1e6a911a86de0cd0cfa4f83a2f8b47eddc2968c98af?s=96&d=mm&r=g\",\"contentUrl\":\"https:\\\/\\\/secure.gravatar.com\\\/avatar\\\/66cd7b00d93410555e00d1e6a911a86de0cd0cfa4f83a2f8b47eddc2968c98af?s=96&d=mm&r=g\",\"caption\":\"bianca\"},\"url\":\"https:\\\/\\\/thefortune.one\\\/en\\\/author\\\/bianca\\\/\"}]}<\/script>\n<!-- \/ Yoast SEO plugin. -->","yoast_head_json":{"title":"STF anula todos os atos da Opera\u00e7\u00e3o Lava Jato contra Marcelo Odebrecht - The Fortune.one","description":"Somos especialistas em gest\u00e3o patrimonial, op\u00e7\u00f5es de investimentos para diversos perfis, nosso diferencial \u00e9 comprovado com resultados.","robots":{"index":"index","follow":"follow","max-snippet":"max-snippet:-1","max-image-preview":"max-image-preview:large","max-video-preview":"max-video-preview:-1"},"canonical":"https:\/\/thefortune.one\/en\/stf-anula-todos-os-atos-da-operacao-lava-jato-contra-marcelo-odebrecht\/","og_locale":"en_US","og_type":"article","og_title":"STF anula todos os atos da Opera\u00e7\u00e3o Lava Jato contra Marcelo Odebrecht - The Fortune.one","og_description":"Somos especialistas em gest\u00e3o patrimonial, op\u00e7\u00f5es de investimentos para diversos perfis, nosso diferencial \u00e9 comprovado com resultados.","og_url":"https:\/\/thefortune.one\/en\/stf-anula-todos-os-atos-da-operacao-lava-jato-contra-marcelo-odebrecht\/","og_site_name":"The Fortune.one","article_published_time":"2024-05-22T13:26:52+00:00","og_image":[{"width":300,"height":300,"url":"https:\/\/thefortune.one\/wp-content\/uploads\/2024\/05\/oder.jpg","type":"image\/jpeg"}],"author":"bianca","twitter_card":"summary_large_image","twitter_misc":{"Written by":"bianca","Est. reading time":"2 minutes"},"schema":{"@context":"https:\/\/schema.org","@graph":[{"@type":"Article","@id":"https:\/\/thefortune.one\/pt\/stf-anula-todos-os-atos-da-operacao-lava-jato-contra-marcelo-odebrecht\/#article","isPartOf":{"@id":"https:\/\/thefortune.one\/pt\/stf-anula-todos-os-atos-da-operacao-lava-jato-contra-marcelo-odebrecht\/"},"author":{"name":"bianca","@id":"https:\/\/thefortune.one\/pt\/#\/schema\/person\/6cd8fe72a627d36caabf41815984a16f"},"headline":"STF anula todos os atos da Opera\u00e7\u00e3o Lava Jato contra Marcelo Odebrecht","datePublished":"2024-05-22T13:26:52+00:00","mainEntityOfPage":{"@id":"https:\/\/thefortune.one\/pt\/stf-anula-todos-os-atos-da-operacao-lava-jato-contra-marcelo-odebrecht\/"},"wordCount":432,"commentCount":0,"publisher":{"@id":"https:\/\/thefortune.one\/pt\/#organization"},"image":{"@id":"https:\/\/thefortune.one\/pt\/stf-anula-todos-os-atos-da-operacao-lava-jato-contra-marcelo-odebrecht\/#primaryimage"},"thumbnailUrl":"https:\/\/thefortune.one\/wp-content\/uploads\/2024\/05\/oder.jpg","articleSection":["The Fortune.one"],"inLanguage":"en-US","potentialAction":[{"@type":"CommentAction","name":"Comment","target":["https:\/\/thefortune.one\/pt\/stf-anula-todos-os-atos-da-operacao-lava-jato-contra-marcelo-odebrecht\/#respond"]}]},{"@type":"WebPage","@id":"https:\/\/thefortune.one\/pt\/stf-anula-todos-os-atos-da-operacao-lava-jato-contra-marcelo-odebrecht\/","url":"https:\/\/thefortune.one\/pt\/stf-anula-todos-os-atos-da-operacao-lava-jato-contra-marcelo-odebrecht\/","name":"STF anula todos os atos da Opera\u00e7\u00e3o Lava Jato contra Marcelo Odebrecht - The Fortune.one","isPartOf":{"@id":"https:\/\/thefortune.one\/pt\/#website"},"primaryImageOfPage":{"@id":"https:\/\/thefortune.one\/pt\/stf-anula-todos-os-atos-da-operacao-lava-jato-contra-marcelo-odebrecht\/#primaryimage"},"image":{"@id":"https:\/\/thefortune.one\/pt\/stf-anula-todos-os-atos-da-operacao-lava-jato-contra-marcelo-odebrecht\/#primaryimage"},"thumbnailUrl":"https:\/\/thefortune.one\/wp-content\/uploads\/2024\/05\/oder.jpg","datePublished":"2024-05-22T13:26:52+00:00","description":"Somos especialistas em gest\u00e3o patrimonial, op\u00e7\u00f5es de investimentos para diversos perfis, nosso diferencial \u00e9 comprovado com resultados.","breadcrumb":{"@id":"https:\/\/thefortune.one\/pt\/stf-anula-todos-os-atos-da-operacao-lava-jato-contra-marcelo-odebrecht\/#breadcrumb"},"inLanguage":"en-US","potentialAction":[{"@type":"ReadAction","target":["https:\/\/thefortune.one\/pt\/stf-anula-todos-os-atos-da-operacao-lava-jato-contra-marcelo-odebrecht\/"]}]},{"@type":"ImageObject","inLanguage":"en-US","@id":"https:\/\/thefortune.one\/pt\/stf-anula-todos-os-atos-da-operacao-lava-jato-contra-marcelo-odebrecht\/#primaryimage","url":"https:\/\/thefortune.one\/wp-content\/uploads\/2024\/05\/oder.jpg","contentUrl":"https:\/\/thefortune.one\/wp-content\/uploads\/2024\/05\/oder.jpg","width":300,"height":300},{"@type":"BreadcrumbList","@id":"https:\/\/thefortune.one\/pt\/stf-anula-todos-os-atos-da-operacao-lava-jato-contra-marcelo-odebrecht\/#breadcrumb","itemListElement":[{"@type":"ListItem","position":1,"name":"In\u00edcio","item":"https:\/\/thefortune.one\/pt\/"},{"@type":"ListItem","position":2,"name":"STF anula todos os atos da Opera\u00e7\u00e3o Lava Jato contra Marcelo Odebrecht"}]},{"@type":"WebSite","@id":"https:\/\/thefortune.one\/pt\/#website","url":"https:\/\/thefortune.one\/pt\/","name":"The Fortune.one","description":"Gestora de Recursos Especializada em Private Equity","publisher":{"@id":"https:\/\/thefortune.one\/pt\/#organization"},"potentialAction":[{"@type":"SearchAction","target":{"@type":"EntryPoint","urlTemplate":"https:\/\/thefortune.one\/pt\/?s={search_term_string}"},"query-input":{"@type":"PropertyValueSpecification","valueRequired":true,"valueName":"search_term_string"}}],"inLanguage":"en-US"},{"@type":"Organization","@id":"https:\/\/thefortune.one\/pt\/#organization","name":"The Fortune One","url":"https:\/\/thefortune.one\/pt\/","logo":{"@type":"ImageObject","inLanguage":"en-US","@id":"https:\/\/thefortune.one\/pt\/#\/schema\/logo\/image\/","url":"https:\/\/thefortune.one\/wp-content\/uploads\/2022\/11\/cropped-cropped-1651682701199-1.jpg","contentUrl":"https:\/\/thefortune.one\/wp-content\/uploads\/2022\/11\/cropped-cropped-1651682701199-1.jpg","width":369,"height":421,"caption":"The Fortune One"},"image":{"@id":"https:\/\/thefortune.one\/pt\/#\/schema\/logo\/image\/"}},{"@type":"Person","@id":"https:\/\/thefortune.one\/pt\/#\/schema\/person\/6cd8fe72a627d36caabf41815984a16f","name":"bianca","image":{"@type":"ImageObject","inLanguage":"en-US","@id":"https:\/\/secure.gravatar.com\/avatar\/66cd7b00d93410555e00d1e6a911a86de0cd0cfa4f83a2f8b47eddc2968c98af?s=96&d=mm&r=g","url":"https:\/\/secure.gravatar.com\/avatar\/66cd7b00d93410555e00d1e6a911a86de0cd0cfa4f83a2f8b47eddc2968c98af?s=96&d=mm&r=g","contentUrl":"https:\/\/secure.gravatar.com\/avatar\/66cd7b00d93410555e00d1e6a911a86de0cd0cfa4f83a2f8b47eddc2968c98af?s=96&d=mm&r=g","caption":"bianca"},"url":"https:\/\/thefortune.one\/en\/author\/bianca\/"}]}},"_links":{"self":[{"href":"https:\/\/thefortune.one\/en\/wp-json\/wp\/v2\/posts\/5063","targetHints":{"allow":["GET"]}}],"collection":[{"href":"https:\/\/thefortune.one\/en\/wp-json\/wp\/v2\/posts"}],"about":[{"href":"https:\/\/thefortune.one\/en\/wp-json\/wp\/v2\/types\/post"}],"author":[{"embeddable":true,"href":"https:\/\/thefortune.one\/en\/wp-json\/wp\/v2\/users\/3"}],"replies":[{"embeddable":true,"href":"https:\/\/thefortune.one\/en\/wp-json\/wp\/v2\/comments?post=5063"}],"version-history":[{"count":1,"href":"https:\/\/thefortune.one\/en\/wp-json\/wp\/v2\/posts\/5063\/revisions"}],"predecessor-version":[{"id":5066,"href":"https:\/\/thefortune.one\/en\/wp-json\/wp\/v2\/posts\/5063\/revisions\/5066"}],"wp:featuredmedia":[{"embeddable":true,"href":"https:\/\/thefortune.one\/en\/wp-json\/wp\/v2\/media\/5064"}],"wp:attachment":[{"href":"https:\/\/thefortune.one\/en\/wp-json\/wp\/v2\/media?parent=5063"}],"wp:term":[{"taxonomy":"category","embeddable":true,"href":"https:\/\/thefortune.one\/en\/wp-json\/wp\/v2\/categories?post=5063"},{"taxonomy":"post_tag","embeddable":true,"href":"https:\/\/thefortune.one\/en\/wp-json\/wp\/v2\/tags?post=5063"}],"curies":[{"name":"wp","href":"https:\/\/api.w.org\/{rel}","templated":true}]}}