{"id":5052,"date":"2024-05-20T13:17:50","date_gmt":"2024-05-20T13:17:50","guid":{"rendered":"https:\/\/thefortune.one\/?p=5052"},"modified":"2024-05-20T13:17:50","modified_gmt":"2024-05-20T13:17:50","slug":"financial-times-tarifas-do-governo-biden-contra-a-china-uma-medida-equivocada","status":"publish","type":"post","link":"https:\/\/thefortune.one\/en\/financial-times-tarifas-do-governo-biden-contra-a-china-uma-medida-equivocada\/","title":{"rendered":"Financial Times: Tarifas do governo Biden contra a China, uma medida equivocada"},"content":{"rendered":"\n<p>Segundo jornal brit\u00e2nico, imposi\u00e7\u00e3o de mais tarifas sobre ve\u00edculos el\u00e9tricos c\u00e9lulas solares e baterias de \u00edon de l\u00edtio pode ter efeito reverso para os EUA<\/p>\n\n\n\n<figure class=\"wp-block-image size-large\"><img fetchpriority=\"high\" decoding=\"async\" width=\"820\" height=\"1024\" src=\"https:\/\/thefortune.one\/wp-content\/uploads\/2024\/05\/biden-820x1024.jpeg\" alt=\"\" class=\"wp-image-5053\" srcset=\"https:\/\/thefortune.one\/wp-content\/uploads\/2024\/05\/biden-820x1024.jpeg 820w, https:\/\/thefortune.one\/wp-content\/uploads\/2024\/05\/biden-240x300.jpeg 240w, https:\/\/thefortune.one\/wp-content\/uploads\/2024\/05\/biden-768x960.jpeg 768w, https:\/\/thefortune.one\/wp-content\/uploads\/2024\/05\/biden-1229x1536.jpeg 1229w, https:\/\/thefortune.one\/wp-content\/uploads\/2024\/05\/biden-10x12.jpeg 10w, https:\/\/thefortune.one\/wp-content\/uploads\/2024\/05\/biden.jpeg 1639w\" sizes=\"(max-width: 820px) 100vw, 820px\" \/><figcaption class=\"wp-element-caption\">WASHINGTON, DC &#8211; JANUARY 10:  In this handout from the White House, U.S. Vice President Joe Biden poses for an official portrait in his West Wing Office at the White House January 10, 2013 in Washigton, DC. (Photo by David Lienemann\/The White House via Getty Images)<\/figcaption><\/figure>\n\n\n\n<p>A seis meses da elei\u00e7\u00e3o presidencial dos EUA, Joe Biden mostrou nesta semana estar disposto a colocar ainda mais em risco a defesa americana do livre com\u00e9rcio para impedir o retorno de Donald Trump \u00e0 Casa Branca.<\/p>\n\n\n\n<p>Na ter\u00e7a-feira (!4), seu governo lan\u00e7ou medidas protecionistas para atrair trabalhadores da classe oper\u00e1ria e refor\u00e7ar a base industrial dos EUA.<\/p>\n\n\n\n<p>Entre elas, quadruplicou a tarifa de importa\u00e7\u00e3o dos ve\u00edculos el\u00e9tricos (VEs) chineses, dobrou a das c\u00e9lulas solares do pa\u00eds e mais do que triplicou a das baterias chinesas de \u00edon de l\u00edtio para VEs.<\/p>\n\n\n\n<p>A renda fixa est\u00e1 em alta! Inscreva-se e receba a f\u00f3rmula para chegar a R$ 1 milh\u00e3o com investimentos de baixo risco.<\/p>\n\n\n\n<p>A esta altura, ainda n\u00e3o est\u00e1 claro se houve algum ganho pol\u00edtico.<\/p>\n\n\n\n<p>Mas, para os EUA e o resto do mundo, as medidas provavelmente far\u00e3o mais mal do que bem.<\/p>\n\n\n\n<p>As tarifas comerciais adicionais sobre US$ 18 bilh\u00f5es em produtos chineses se somam \u00e0s aplicadas por Trump sobre outros US$ 300 bilh\u00f5es.<\/p>\n\n\n\n<p>A nova tarifa sobre os VEs \u00e9 mais simb\u00f3lica, j\u00e1 que a porcentagem desses ve\u00edculos que os EUA importam da China \u00e9 de apenas 2%.<\/p>\n\n\n\n<p>Mas as tarifas aumentar\u00e3o o custo das fabricantes de baterias, que j\u00e1 sofrem com altas despesas.<\/p>\n\n\n\n<p>Outras fabricantes tamb\u00e9m v\u00e3o sofrer os custos de insumos mais altos.<\/p>\n\n\n\n<h2 class=\"wp-block-heading\" id=\"h-protecionismo-em-cascata\">Protecionismo em cascata?<\/h2>\n\n\n\n<p>A longo prazo, o aumento das tarifas isola a ind\u00fastria americana da concorr\u00eancia, dificulta a inova\u00e7\u00e3o e aumenta os custos para os consumidores.<\/p>\n\n\n\n<p>Isso sem levar em conta o impacto da poss\u00edvel retalia\u00e7\u00e3o da China, que domina cadeias de suprimentos essenciais para a economia americana.<\/p>\n\n\n\n<p>O governo poderia argumentar que as exporta\u00e7\u00f5es chinesas s\u00e3o altamente subsidiadas e uma amea\u00e7a a seus esfor\u00e7os para fomentar tecnologias estrat\u00e9gicas e ecol\u00f3gicas feitas nos EUA.<\/p>\n\n\n\n<p>H\u00e1 certa l\u00f3gica nisso, mas impor tarifas n\u00e3o \u00e9 a solu\u00e7\u00e3o.<\/p>\n\n\n\n<p>Primeiro, os investimentos sob as leis Chips e de Redu\u00e7\u00e3o da Infla\u00e7\u00e3o de Biden, que visam elevar a produ\u00e7\u00e3o americana de semicondutores, tamb\u00e9m s\u00e3o limitados pela falta de m\u00e3o de obra, longos processos de licenciamento e incertezas pol\u00edticas.<\/p>\n\n\n\n<p>Segundo, as cadeias de suprimentos globais s\u00e3o \u00e1geis.<\/p>\n\n\n\n<p>Ap\u00f3s os primeiros esfor\u00e7os dos EUA para vetar pain\u00e9is solares baratos, algumas empresas chinesas come\u00e7aram a redirecion\u00e1-los via Sudeste Asi\u00e1tico.<\/p>\n\n\n\n<p>Isso levanta d\u00favida sobre a capacidade dos EUA de aplicarem regras para bens chineses enviados por meio de terceiros pa\u00edses ou parcialmente processados por eles.<\/p>\n\n\n\n<p>Infelizmente, a l\u00f3gica pol\u00edtica tamb\u00e9m pode levar Washington a impor mais tarifas.<\/p>\n\n\n\n<p>Trump j\u00e1 disse que aplicaria uma taxa de 200% sobre autom\u00f3veis chineses produzidos no M\u00e9xico.<\/p>\n\n\n\n<p>A medida de Biden pressiona a Europa a seguir o exemplo, para n\u00e3o receberem os produtos chineses que os EUA dificultaram.<\/p>\n\n\n\n<p>Isso amea\u00e7a espalhar ainda mais os malef\u00edcios das tarifas.<\/p>\n\n\n\n<h2 class=\"wp-block-heading\" id=\"h-descarbonizacao-da-economia-sai-perdendo\">Descarboniza\u00e7\u00e3o da economia sai perdendo<\/h2>\n\n\n\n<p>As medidas s\u00e3o um golpe para a transi\u00e7\u00e3o verde dentro, e possivelmente fora, dos EUA.<\/p>\n\n\n\n<p>Com as fam\u00edlias americanas sob press\u00e3o do alto custo de vida, pre\u00e7os mais baixos para ve\u00edculos el\u00e9tricos e pain\u00e9is solares agora parecer\u00e3o uma oportunidade perdida.<\/p>\n\n\n\n<p>Quanto aos receios sobre pr\u00e1ticas desleais no com\u00e9rcio exterior e quaisquer riscos \u00e0 seguran\u00e7a nacional, Biden poderia condicionar a aplica\u00e7\u00e3o das medidas.<\/p>\n\n\n\n<p>Pequim vem recorrendo a medidas protecionistas para inclinar o com\u00e9rcio a seu favor.<\/p>\n\n\n\n<p>A abordagem generalizada de Biden traz o risco de transformar uma pol\u00edtica pragm\u00e1tica de redu\u00e7\u00e3o da exposi\u00e7\u00e3o a riscos em uma perigosa pol\u00edtica de descasamento.<\/p>\n\n\n\n<p>Mas isso se trata, principalmente, de uma quest\u00e3o de percep\u00e7\u00e3o p\u00fablica.<\/p>\n\n\n\n<p>Os&nbsp;<a href=\"https:\/\/inteligenciafinanceira.com.br\/cotacao-do-dia\/\">\u00edndices<\/a>&nbsp;de aprova\u00e7\u00e3o de Biden, em especial os da confian\u00e7a em sua gest\u00e3o da economia, est\u00e3o em queda.<\/p>\n\n\n\n<p>As tarifas visam apaziguar eleitores nas regi\u00f5es industriais, como Pensilv\u00e2nia e Michigan \u2014 dois dos chamados Estados-p\u00eandulo (que ora votam nos democratas, ora nos republicanos).<\/p>\n\n\n\n<p>As medidas correm o risco de transformar a campanha eleitoral em uma guerra de lances para determinar quem \u00e9 mais agressivo contra a China, uma guerra que Trump j\u00e1 assumiu como sua.<\/p>\n\n\n\n<p>Ainda assim, a saraivada de medidas de Biden em apoio \u00e0 ind\u00fastria pode arregimentar o apoio de eleitores indecisos e ajud\u00e1-lo a impedir um segundo mandato de Trump.<\/p>\n\n\n\n<p>Mesmo assim, \u00e9 lament\u00e1vel que, para isso, o crescimento mundial e o avan\u00e7o no combate \u00e0s mudan\u00e7as clim\u00e1ticas tenham que virar ref\u00e9ns.<\/p>\n\n\n\n<p>Fonte:<a href=\"https:\/\/inteligenciafinanceira.com.br\/mercado-financeiro\/economia\/financial-times-tarifas-do-governo-biden-contra-a-china-uma-medida-equivocada\/\">https:\/\/inteligenciafinanceira.com.br\/mercado-financeiro\/economia\/financial-times-tarifas-do-governo-biden-contra-a-china-uma-medida-equivocada\/<\/a><\/p>\n","protected":false},"excerpt":{"rendered":"<p>Segundo jornal brit\u00e2nico, imposi\u00e7\u00e3o de mais tarifas sobre ve\u00edculos el\u00e9tricos c\u00e9lulas solares e baterias de \u00edon de l\u00edtio pode ter efeito reverso para os EUA A seis meses da elei\u00e7\u00e3o presidencial dos EUA, Joe Biden mostrou nesta semana estar disposto a colocar ainda mais em risco a defesa americana do livre com\u00e9rcio para impedir o [&hellip;]<\/p>\n","protected":false},"author":3,"featured_media":5054,"comment_status":"open","ping_status":"open","sticky":false,"template":"","format":"standard","meta":{"_joinchat":[],"footnotes":""},"categories":[1],"tags":[],"class_list":["post-5052","post","type-post","status-publish","format-standard","has-post-thumbnail","hentry","category-the-fortune-one"],"yoast_head":"<!-- This site is optimized with the Yoast SEO plugin v27.5 - https:\/\/yoast.com\/product\/yoast-seo-wordpress\/ -->\n<title>Financial Times: Tarifas do governo Biden contra a China, uma medida equivocada - The Fortune.one<\/title>\n<meta name=\"description\" content=\"Somos especialistas em gest\u00e3o patrimonial, op\u00e7\u00f5es de investimentos para diversos perfis, nosso diferencial \u00e9 comprovado com resultados.\" \/>\n<meta name=\"robots\" content=\"index, follow, max-snippet:-1, max-image-preview:large, max-video-preview:-1\" \/>\n<link rel=\"canonical\" href=\"https:\/\/thefortune.one\/en\/financial-times-tarifas-do-governo-biden-contra-a-china-uma-medida-equivocada\/\" \/>\n<meta property=\"og:locale\" content=\"en_US\" \/>\n<meta property=\"og:type\" content=\"article\" \/>\n<meta property=\"og:title\" content=\"Financial Times: Tarifas do governo Biden contra a China, uma medida equivocada - The Fortune.one\" \/>\n<meta property=\"og:description\" content=\"Somos especialistas em gest\u00e3o patrimonial, op\u00e7\u00f5es de investimentos para diversos perfis, nosso diferencial \u00e9 comprovado com resultados.\" \/>\n<meta property=\"og:url\" content=\"https:\/\/thefortune.one\/en\/financial-times-tarifas-do-governo-biden-contra-a-china-uma-medida-equivocada\/\" \/>\n<meta property=\"og:site_name\" content=\"The Fortune.one\" \/>\n<meta property=\"article:published_time\" content=\"2024-05-20T13:17:50+00:00\" \/>\n<meta property=\"og:image\" content=\"https:\/\/thefortune.one\/wp-content\/uploads\/2024\/05\/biden-1.jpeg\" \/>\n\t<meta property=\"og:image:width\" content=\"1639\" \/>\n\t<meta property=\"og:image:height\" content=\"2048\" \/>\n\t<meta property=\"og:image:type\" content=\"image\/jpeg\" \/>\n<meta name=\"author\" content=\"bianca\" \/>\n<meta name=\"twitter:card\" content=\"summary_large_image\" \/>\n<meta name=\"twitter:label1\" content=\"Written by\" \/>\n\t<meta name=\"twitter:data1\" content=\"bianca\" \/>\n\t<meta name=\"twitter:label2\" content=\"Est. reading time\" \/>\n\t<meta name=\"twitter:data2\" content=\"4 minutes\" \/>\n<script type=\"application\/ld+json\" class=\"yoast-schema-graph\">{\"@context\":\"https:\\\/\\\/schema.org\",\"@graph\":[{\"@type\":\"Article\",\"@id\":\"https:\\\/\\\/thefortune.one\\\/pt\\\/financial-times-tarifas-do-governo-biden-contra-a-china-uma-medida-equivocada\\\/#article\",\"isPartOf\":{\"@id\":\"https:\\\/\\\/thefortune.one\\\/pt\\\/financial-times-tarifas-do-governo-biden-contra-a-china-uma-medida-equivocada\\\/\"},\"author\":{\"name\":\"bianca\",\"@id\":\"https:\\\/\\\/thefortune.one\\\/pt\\\/#\\\/schema\\\/person\\\/6cd8fe72a627d36caabf41815984a16f\"},\"headline\":\"Financial Times: Tarifas do governo Biden contra a China, uma medida equivocada\",\"datePublished\":\"2024-05-20T13:17:50+00:00\",\"mainEntityOfPage\":{\"@id\":\"https:\\\/\\\/thefortune.one\\\/pt\\\/financial-times-tarifas-do-governo-biden-contra-a-china-uma-medida-equivocada\\\/\"},\"wordCount\":875,\"commentCount\":0,\"publisher\":{\"@id\":\"https:\\\/\\\/thefortune.one\\\/pt\\\/#organization\"},\"image\":{\"@id\":\"https:\\\/\\\/thefortune.one\\\/pt\\\/financial-times-tarifas-do-governo-biden-contra-a-china-uma-medida-equivocada\\\/#primaryimage\"},\"thumbnailUrl\":\"https:\\\/\\\/thefortune.one\\\/wp-content\\\/uploads\\\/2024\\\/05\\\/biden-1.jpeg\",\"articleSection\":[\"The Fortune.one\"],\"inLanguage\":\"en-US\",\"potentialAction\":[{\"@type\":\"CommentAction\",\"name\":\"Comment\",\"target\":[\"https:\\\/\\\/thefortune.one\\\/pt\\\/financial-times-tarifas-do-governo-biden-contra-a-china-uma-medida-equivocada\\\/#respond\"]}]},{\"@type\":\"WebPage\",\"@id\":\"https:\\\/\\\/thefortune.one\\\/pt\\\/financial-times-tarifas-do-governo-biden-contra-a-china-uma-medida-equivocada\\\/\",\"url\":\"https:\\\/\\\/thefortune.one\\\/pt\\\/financial-times-tarifas-do-governo-biden-contra-a-china-uma-medida-equivocada\\\/\",\"name\":\"Financial Times: Tarifas do governo Biden contra a China, uma medida equivocada - The Fortune.one\",\"isPartOf\":{\"@id\":\"https:\\\/\\\/thefortune.one\\\/pt\\\/#website\"},\"primaryImageOfPage\":{\"@id\":\"https:\\\/\\\/thefortune.one\\\/pt\\\/financial-times-tarifas-do-governo-biden-contra-a-china-uma-medida-equivocada\\\/#primaryimage\"},\"image\":{\"@id\":\"https:\\\/\\\/thefortune.one\\\/pt\\\/financial-times-tarifas-do-governo-biden-contra-a-china-uma-medida-equivocada\\\/#primaryimage\"},\"thumbnailUrl\":\"https:\\\/\\\/thefortune.one\\\/wp-content\\\/uploads\\\/2024\\\/05\\\/biden-1.jpeg\",\"datePublished\":\"2024-05-20T13:17:50+00:00\",\"description\":\"Somos especialistas em gest\u00e3o patrimonial, op\u00e7\u00f5es de investimentos para diversos perfis, nosso diferencial \u00e9 comprovado com resultados.\",\"breadcrumb\":{\"@id\":\"https:\\\/\\\/thefortune.one\\\/pt\\\/financial-times-tarifas-do-governo-biden-contra-a-china-uma-medida-equivocada\\\/#breadcrumb\"},\"inLanguage\":\"en-US\",\"potentialAction\":[{\"@type\":\"ReadAction\",\"target\":[\"https:\\\/\\\/thefortune.one\\\/pt\\\/financial-times-tarifas-do-governo-biden-contra-a-china-uma-medida-equivocada\\\/\"]}]},{\"@type\":\"ImageObject\",\"inLanguage\":\"en-US\",\"@id\":\"https:\\\/\\\/thefortune.one\\\/pt\\\/financial-times-tarifas-do-governo-biden-contra-a-china-uma-medida-equivocada\\\/#primaryimage\",\"url\":\"https:\\\/\\\/thefortune.one\\\/wp-content\\\/uploads\\\/2024\\\/05\\\/biden-1.jpeg\",\"contentUrl\":\"https:\\\/\\\/thefortune.one\\\/wp-content\\\/uploads\\\/2024\\\/05\\\/biden-1.jpeg\",\"width\":1639,\"height\":2048,\"caption\":\"WASHINGTON, DC - JANUARY 10: In this handout from the White House, U.S. Vice President Joe Biden poses for an official portrait in his West Wing Office at the White House January 10, 2013 in Washigton, DC. (Photo by David Lienemann\\\/The White House via Getty Images)\"},{\"@type\":\"BreadcrumbList\",\"@id\":\"https:\\\/\\\/thefortune.one\\\/pt\\\/financial-times-tarifas-do-governo-biden-contra-a-china-uma-medida-equivocada\\\/#breadcrumb\",\"itemListElement\":[{\"@type\":\"ListItem\",\"position\":1,\"name\":\"In\u00edcio\",\"item\":\"https:\\\/\\\/thefortune.one\\\/pt\\\/\"},{\"@type\":\"ListItem\",\"position\":2,\"name\":\"Financial Times: Tarifas do governo Biden contra a China, uma medida equivocada\"}]},{\"@type\":\"WebSite\",\"@id\":\"https:\\\/\\\/thefortune.one\\\/pt\\\/#website\",\"url\":\"https:\\\/\\\/thefortune.one\\\/pt\\\/\",\"name\":\"The Fortune.one\",\"description\":\"Gestora de Recursos Especializada em Private Equity\",\"publisher\":{\"@id\":\"https:\\\/\\\/thefortune.one\\\/pt\\\/#organization\"},\"potentialAction\":[{\"@type\":\"SearchAction\",\"target\":{\"@type\":\"EntryPoint\",\"urlTemplate\":\"https:\\\/\\\/thefortune.one\\\/pt\\\/?s={search_term_string}\"},\"query-input\":{\"@type\":\"PropertyValueSpecification\",\"valueRequired\":true,\"valueName\":\"search_term_string\"}}],\"inLanguage\":\"en-US\"},{\"@type\":\"Organization\",\"@id\":\"https:\\\/\\\/thefortune.one\\\/pt\\\/#organization\",\"name\":\"The Fortune One\",\"url\":\"https:\\\/\\\/thefortune.one\\\/pt\\\/\",\"logo\":{\"@type\":\"ImageObject\",\"inLanguage\":\"en-US\",\"@id\":\"https:\\\/\\\/thefortune.one\\\/pt\\\/#\\\/schema\\\/logo\\\/image\\\/\",\"url\":\"https:\\\/\\\/thefortune.one\\\/wp-content\\\/uploads\\\/2022\\\/11\\\/cropped-cropped-1651682701199-1.jpg\",\"contentUrl\":\"https:\\\/\\\/thefortune.one\\\/wp-content\\\/uploads\\\/2022\\\/11\\\/cropped-cropped-1651682701199-1.jpg\",\"width\":369,\"height\":421,\"caption\":\"The Fortune One\"},\"image\":{\"@id\":\"https:\\\/\\\/thefortune.one\\\/pt\\\/#\\\/schema\\\/logo\\\/image\\\/\"}},{\"@type\":\"Person\",\"@id\":\"https:\\\/\\\/thefortune.one\\\/pt\\\/#\\\/schema\\\/person\\\/6cd8fe72a627d36caabf41815984a16f\",\"name\":\"bianca\",\"image\":{\"@type\":\"ImageObject\",\"inLanguage\":\"en-US\",\"@id\":\"https:\\\/\\\/secure.gravatar.com\\\/avatar\\\/66cd7b00d93410555e00d1e6a911a86de0cd0cfa4f83a2f8b47eddc2968c98af?s=96&d=mm&r=g\",\"url\":\"https:\\\/\\\/secure.gravatar.com\\\/avatar\\\/66cd7b00d93410555e00d1e6a911a86de0cd0cfa4f83a2f8b47eddc2968c98af?s=96&d=mm&r=g\",\"contentUrl\":\"https:\\\/\\\/secure.gravatar.com\\\/avatar\\\/66cd7b00d93410555e00d1e6a911a86de0cd0cfa4f83a2f8b47eddc2968c98af?s=96&d=mm&r=g\",\"caption\":\"bianca\"},\"url\":\"https:\\\/\\\/thefortune.one\\\/en\\\/author\\\/bianca\\\/\"}]}<\/script>\n<!-- \/ Yoast SEO plugin. -->","yoast_head_json":{"title":"Financial Times: Tarifas do governo Biden contra a China, uma medida equivocada - The Fortune.one","description":"Somos especialistas em gest\u00e3o patrimonial, op\u00e7\u00f5es de investimentos para diversos perfis, nosso diferencial \u00e9 comprovado com resultados.","robots":{"index":"index","follow":"follow","max-snippet":"max-snippet:-1","max-image-preview":"max-image-preview:large","max-video-preview":"max-video-preview:-1"},"canonical":"https:\/\/thefortune.one\/en\/financial-times-tarifas-do-governo-biden-contra-a-china-uma-medida-equivocada\/","og_locale":"en_US","og_type":"article","og_title":"Financial Times: Tarifas do governo Biden contra a China, uma medida equivocada - The Fortune.one","og_description":"Somos especialistas em gest\u00e3o patrimonial, op\u00e7\u00f5es de investimentos para diversos perfis, nosso diferencial \u00e9 comprovado com resultados.","og_url":"https:\/\/thefortune.one\/en\/financial-times-tarifas-do-governo-biden-contra-a-china-uma-medida-equivocada\/","og_site_name":"The Fortune.one","article_published_time":"2024-05-20T13:17:50+00:00","og_image":[{"width":1639,"height":2048,"url":"https:\/\/thefortune.one\/wp-content\/uploads\/2024\/05\/biden-1.jpeg","type":"image\/jpeg"}],"author":"bianca","twitter_card":"summary_large_image","twitter_misc":{"Written by":"bianca","Est. reading time":"4 minutes"},"schema":{"@context":"https:\/\/schema.org","@graph":[{"@type":"Article","@id":"https:\/\/thefortune.one\/pt\/financial-times-tarifas-do-governo-biden-contra-a-china-uma-medida-equivocada\/#article","isPartOf":{"@id":"https:\/\/thefortune.one\/pt\/financial-times-tarifas-do-governo-biden-contra-a-china-uma-medida-equivocada\/"},"author":{"name":"bianca","@id":"https:\/\/thefortune.one\/pt\/#\/schema\/person\/6cd8fe72a627d36caabf41815984a16f"},"headline":"Financial Times: Tarifas do governo Biden contra a China, uma medida equivocada","datePublished":"2024-05-20T13:17:50+00:00","mainEntityOfPage":{"@id":"https:\/\/thefortune.one\/pt\/financial-times-tarifas-do-governo-biden-contra-a-china-uma-medida-equivocada\/"},"wordCount":875,"commentCount":0,"publisher":{"@id":"https:\/\/thefortune.one\/pt\/#organization"},"image":{"@id":"https:\/\/thefortune.one\/pt\/financial-times-tarifas-do-governo-biden-contra-a-china-uma-medida-equivocada\/#primaryimage"},"thumbnailUrl":"https:\/\/thefortune.one\/wp-content\/uploads\/2024\/05\/biden-1.jpeg","articleSection":["The Fortune.one"],"inLanguage":"en-US","potentialAction":[{"@type":"CommentAction","name":"Comment","target":["https:\/\/thefortune.one\/pt\/financial-times-tarifas-do-governo-biden-contra-a-china-uma-medida-equivocada\/#respond"]}]},{"@type":"WebPage","@id":"https:\/\/thefortune.one\/pt\/financial-times-tarifas-do-governo-biden-contra-a-china-uma-medida-equivocada\/","url":"https:\/\/thefortune.one\/pt\/financial-times-tarifas-do-governo-biden-contra-a-china-uma-medida-equivocada\/","name":"Financial Times: Tarifas do governo Biden contra a China, uma medida equivocada - The Fortune.one","isPartOf":{"@id":"https:\/\/thefortune.one\/pt\/#website"},"primaryImageOfPage":{"@id":"https:\/\/thefortune.one\/pt\/financial-times-tarifas-do-governo-biden-contra-a-china-uma-medida-equivocada\/#primaryimage"},"image":{"@id":"https:\/\/thefortune.one\/pt\/financial-times-tarifas-do-governo-biden-contra-a-china-uma-medida-equivocada\/#primaryimage"},"thumbnailUrl":"https:\/\/thefortune.one\/wp-content\/uploads\/2024\/05\/biden-1.jpeg","datePublished":"2024-05-20T13:17:50+00:00","description":"Somos especialistas em gest\u00e3o patrimonial, op\u00e7\u00f5es de investimentos para diversos perfis, nosso diferencial \u00e9 comprovado com resultados.","breadcrumb":{"@id":"https:\/\/thefortune.one\/pt\/financial-times-tarifas-do-governo-biden-contra-a-china-uma-medida-equivocada\/#breadcrumb"},"inLanguage":"en-US","potentialAction":[{"@type":"ReadAction","target":["https:\/\/thefortune.one\/pt\/financial-times-tarifas-do-governo-biden-contra-a-china-uma-medida-equivocada\/"]}]},{"@type":"ImageObject","inLanguage":"en-US","@id":"https:\/\/thefortune.one\/pt\/financial-times-tarifas-do-governo-biden-contra-a-china-uma-medida-equivocada\/#primaryimage","url":"https:\/\/thefortune.one\/wp-content\/uploads\/2024\/05\/biden-1.jpeg","contentUrl":"https:\/\/thefortune.one\/wp-content\/uploads\/2024\/05\/biden-1.jpeg","width":1639,"height":2048,"caption":"WASHINGTON, DC - JANUARY 10: In this handout from the White House, U.S. Vice President Joe Biden poses for an official portrait in his West Wing Office at the White House January 10, 2013 in Washigton, DC. (Photo by David Lienemann\/The White House via Getty Images)"},{"@type":"BreadcrumbList","@id":"https:\/\/thefortune.one\/pt\/financial-times-tarifas-do-governo-biden-contra-a-china-uma-medida-equivocada\/#breadcrumb","itemListElement":[{"@type":"ListItem","position":1,"name":"In\u00edcio","item":"https:\/\/thefortune.one\/pt\/"},{"@type":"ListItem","position":2,"name":"Financial Times: Tarifas do governo Biden contra a China, uma medida equivocada"}]},{"@type":"WebSite","@id":"https:\/\/thefortune.one\/pt\/#website","url":"https:\/\/thefortune.one\/pt\/","name":"The Fortune.one","description":"Gestora de Recursos Especializada em Private Equity","publisher":{"@id":"https:\/\/thefortune.one\/pt\/#organization"},"potentialAction":[{"@type":"SearchAction","target":{"@type":"EntryPoint","urlTemplate":"https:\/\/thefortune.one\/pt\/?s={search_term_string}"},"query-input":{"@type":"PropertyValueSpecification","valueRequired":true,"valueName":"search_term_string"}}],"inLanguage":"en-US"},{"@type":"Organization","@id":"https:\/\/thefortune.one\/pt\/#organization","name":"The Fortune One","url":"https:\/\/thefortune.one\/pt\/","logo":{"@type":"ImageObject","inLanguage":"en-US","@id":"https:\/\/thefortune.one\/pt\/#\/schema\/logo\/image\/","url":"https:\/\/thefortune.one\/wp-content\/uploads\/2022\/11\/cropped-cropped-1651682701199-1.jpg","contentUrl":"https:\/\/thefortune.one\/wp-content\/uploads\/2022\/11\/cropped-cropped-1651682701199-1.jpg","width":369,"height":421,"caption":"The Fortune One"},"image":{"@id":"https:\/\/thefortune.one\/pt\/#\/schema\/logo\/image\/"}},{"@type":"Person","@id":"https:\/\/thefortune.one\/pt\/#\/schema\/person\/6cd8fe72a627d36caabf41815984a16f","name":"bianca","image":{"@type":"ImageObject","inLanguage":"en-US","@id":"https:\/\/secure.gravatar.com\/avatar\/66cd7b00d93410555e00d1e6a911a86de0cd0cfa4f83a2f8b47eddc2968c98af?s=96&d=mm&r=g","url":"https:\/\/secure.gravatar.com\/avatar\/66cd7b00d93410555e00d1e6a911a86de0cd0cfa4f83a2f8b47eddc2968c98af?s=96&d=mm&r=g","contentUrl":"https:\/\/secure.gravatar.com\/avatar\/66cd7b00d93410555e00d1e6a911a86de0cd0cfa4f83a2f8b47eddc2968c98af?s=96&d=mm&r=g","caption":"bianca"},"url":"https:\/\/thefortune.one\/en\/author\/bianca\/"}]}},"_links":{"self":[{"href":"https:\/\/thefortune.one\/en\/wp-json\/wp\/v2\/posts\/5052","targetHints":{"allow":["GET"]}}],"collection":[{"href":"https:\/\/thefortune.one\/en\/wp-json\/wp\/v2\/posts"}],"about":[{"href":"https:\/\/thefortune.one\/en\/wp-json\/wp\/v2\/types\/post"}],"author":[{"embeddable":true,"href":"https:\/\/thefortune.one\/en\/wp-json\/wp\/v2\/users\/3"}],"replies":[{"embeddable":true,"href":"https:\/\/thefortune.one\/en\/wp-json\/wp\/v2\/comments?post=5052"}],"version-history":[{"count":1,"href":"https:\/\/thefortune.one\/en\/wp-json\/wp\/v2\/posts\/5052\/revisions"}],"predecessor-version":[{"id":5055,"href":"https:\/\/thefortune.one\/en\/wp-json\/wp\/v2\/posts\/5052\/revisions\/5055"}],"wp:featuredmedia":[{"embeddable":true,"href":"https:\/\/thefortune.one\/en\/wp-json\/wp\/v2\/media\/5054"}],"wp:attachment":[{"href":"https:\/\/thefortune.one\/en\/wp-json\/wp\/v2\/media?parent=5052"}],"wp:term":[{"taxonomy":"category","embeddable":true,"href":"https:\/\/thefortune.one\/en\/wp-json\/wp\/v2\/categories?post=5052"},{"taxonomy":"post_tag","embeddable":true,"href":"https:\/\/thefortune.one\/en\/wp-json\/wp\/v2\/tags?post=5052"}],"curies":[{"name":"wp","href":"https:\/\/api.w.org\/{rel}","templated":true}]}}