{"id":4912,"date":"2024-04-18T12:54:58","date_gmt":"2024-04-18T12:54:58","guid":{"rendered":"https:\/\/thefortune.one\/?p=4912"},"modified":"2024-04-18T12:54:58","modified_gmt":"2024-04-18T12:54:58","slug":"privatizacao-da-sabesp-sbsp3-camara-de-sao-paulo-aprova-em-1o-turno-adesao-da-cidade","status":"publish","type":"post","link":"https:\/\/thefortune.one\/en\/privatizacao-da-sabesp-sbsp3-camara-de-sao-paulo-aprova-em-1o-turno-adesao-da-cidade\/","title":{"rendered":"Privatiza\u00e7\u00e3o da Sabesp (SBSP3): C\u00e2mara de S\u00e3o Paulo aprova em 1\u00ba turno ades\u00e3o da cidade"},"content":{"rendered":"\n<p>O aval dos vereadores \u00e9 visto como um passo importante para a desestatiza\u00e7\u00e3o, dada a alta contribui\u00e7\u00e3o da capital para as contas da companhia<a href=\"https:\/\/web.whatsapp.com\/send?text=Privatiza%C3%A7%C3%A3o%20da%20Sabesp%20(SBSP3):%20C%C3%A2mara%20de%20S%C3%A3o%20Paulo%20aprova%20em%201%C2%BA%20turno%20ades%C3%A3o%20da%20cidade%20https%3A%2F%2Finteligenciafinanceira.com.br%2Fmercado-financeiro%2Fnegocios%2Fcamara-de-sao-paulo-privatizacao-da-sabesp-sbsp3%2F\" target=\"_blank\" rel=\"noreferrer noopener\"><\/a><a href=\"https:\/\/www.linkedin.com\/sharing\/share-offsite\/?url=https%3A%2F%2Finteligenciafinanceira.com.br%2Fmercado-financeiro%2Fnegocios%2Fcamara-de-sao-paulo-privatizacao-da-sabesp-sbsp3%2F&amp;title=Privatiza%C3%A7%C3%A3o%20da%20Sabesp%20(SBSP3):%20C%C3%A2mara%20de%20S%C3%A3o%20Paulo%20aprova%20em%201%C2%BA%20turno%20ades%C3%A3o%20da%20cidade\" target=\"_blank\" rel=\"noreferrer noopener\"><\/a><a href=\"https:\/\/t.me\/share\/url?url=https%3A%2F%2Finteligenciafinanceira.com.br%2Fmercado-financeiro%2Fnegocios%2Fcamara-de-sao-paulo-privatizacao-da-sabesp-sbsp3%2F&amp;text=Privatiza%C3%A7%C3%A3o%20da%20Sabesp%20(SBSP3):%20C%C3%A2mara%20de%20S%C3%A3o%20Paulo%20aprova%20em%201%C2%BA%20turno%20ades%C3%A3o%20da%20cidade\" target=\"_blank\" rel=\"noreferrer noopener\"><\/a><a href=\"https:\/\/twitter.com\/intent\/tweet?text=Privatiza%C3%A7%C3%A3o%20da%20Sabesp%20(SBSP3):%20C%C3%A2mara%20de%20S%C3%A3o%20Paulo%20aprova%20em%201%C2%BA%20turno%20ades%C3%A3o%20da%20cidade&amp;url=https%3A%2F%2Finteligenciafinanceira.com.br%2Fmercado-financeiro%2Fnegocios%2Fcamara-de-sao-paulo-privatizacao-da-sabesp-sbsp3%2F&amp;\" target=\"_blank\" rel=\"noreferrer noopener\"><\/a><a href=\"https:\/\/www.facebook.com\/sharer\/sharer.php?u=https%3A%2F%2Finteligenciafinanceira.com.br%2Fmercado-financeiro%2Fnegocios%2Fcamara-de-sao-paulo-privatizacao-da-sabesp-sbsp3%2F\" target=\"_blank\" rel=\"noreferrer noopener\"><\/a><a href=\"mailto:?subject=Privatiza%C3%A7%C3%A3o%20da%20Sabesp%20(SBSP3):%20C%C3%A2mara%20de%20S%C3%A3o%20Paulo%20aprova%20em%201%C2%BA%20turno%20ades%C3%A3o%20da%20cidade&amp;body=Veja%20mais%20em%20https%3A%2F%2Finteligenciafinanceira.com.br%2Fmercado-financeiro%2Fnegocios%2Fcamara-de-sao-paulo-privatizacao-da-sabesp-sbsp3%2F\" target=\"_blank\" rel=\"noreferrer noopener\"><\/a><a href=\"https:\/\/inteligenciafinanceira.com.br\/mercado-financeiro\/negocios\/camara-de-sao-paulo-privatizacao-da-sabesp-sbsp3\/#copy_link\"><\/a><\/p>\n\n\n\n<figure class=\"wp-block-image\"><img decoding=\"async\" src=\"https:\/\/inteligenciafinanceira.com.br\/wp-content\/uploads\/2023\/05\/logo-sabesp-sbsp3.jpg?w=396\" alt=\"Privatiza\u00e7\u00e3o da Sabesp (SBSP3): C\u00e2mara de S\u00e3o Paulo aprova em 1\u00ba turno ades\u00e3o da cidade\" \/><figcaption class=\"wp-element-caption\">Detalhe de site da Sabesp (SBSP3). Foto: Rafael Henrique\/ SOPA Images\/Reuters<\/figcaption><\/figure>\n\n\n\n<p>A C\u00e2mara de Vereadores de S\u00e3o Paulo aprovou na quarta-feira (17) \u00e0 noite, por 36 votos a favor e 18 contr\u00e1rios, a ades\u00e3o do munic\u00edpio&nbsp;<a href=\"https:\/\/inteligenciafinanceira.com.br\/cotacoes\/sabesp-sbsp3\/\" target=\"_blank\" rel=\"noreferrer noopener\">\u00e0 privatiza\u00e7\u00e3o da Companhia de Saneamento B\u00e1sico do Estado de S\u00e3o Paulo (Sabesp\/SBSP3).<\/a><\/p>\n\n\n\n<p>A aprova\u00e7\u00e3o foi em primeiro turno, e o texto ainda ser\u00e1 discutido em audi\u00eancias p\u00fablicas antes da segunda vota\u00e7\u00e3o, prevista para o in\u00edcio de maio.<\/p>\n\n\n\n<p>A sess\u00e3o da quarta-feira foi marcada por protestos de movimentos sociais contr\u00e1rios ao projeto de privatiza\u00e7\u00e3o.<\/p>\n\n\n\n<h2 class=\"wp-block-heading\" id=\"h-passo-importante\">Passo importante<\/h2>\n\n\n\n<p>A aprova\u00e7\u00e3o pela C\u00e2mara Municipal \u00e9 vista como um passo importante para a desestatiza\u00e7\u00e3o, dada a alta contribui\u00e7\u00e3o da capital para as contas da companhia.<\/p>\n\n\n\n<p>Entre os cerca de 370 munic\u00edpios atendidos pela Sabesp, a cidade de S\u00e3o Paulo responde por algo entre 45% e 50% da receita total da companhia.<\/p>\n\n\n\n<p>A ades\u00e3o da capital paulista teve de ser discutida entre os vereadores porque uma lei de 2009, que autoriza o Executivo a celebrar contratos com a empresa, determina a extin\u00e7\u00e3o autom\u00e1tica da parceria se o \u201cEstado vier a transferir o controle acion\u00e1rio da Sabesp \u00e0 iniciativa privada\u201d.<\/p>\n\n\n\n<h2 class=\"wp-block-heading\" id=\"h-manifestacoes-contra-privatizacao\">Manifesta\u00e7\u00f5es contra privatiza\u00e7\u00e3o<\/h2>\n\n\n\n<p>O debate sobre a proposta na quarta-feira foi marcado por embates duros entre governistas e oposi\u00e7\u00e3o. A sess\u00e3o durou mais de quatro horas. Houve manifesta\u00e7\u00f5es de grupos contr\u00e1rios \u00e0 privatiza\u00e7\u00e3o, presentes dentro e fora do pr\u00e9dio, e bate-boca entre vereadores.<\/p>\n\n\n\n<p>Parlamentares de partidos da oposi\u00e7\u00e3o, como PSOL e PT, disseram que a mat\u00e9ria n\u00e3o passou por todas as comiss\u00f5es da Casa, incluindo a de Finan\u00e7as.<\/p>\n\n\n\n<p>\u201cO processo est\u00e1 passando por cima dos ritos normais democr\u00e1ticos\u201d, disse a vereadora Silvia Ferraro, do PSOL que, com o PT, acionou a Justi\u00e7a antes da sess\u00e3o para tentar impedir a vota\u00e7\u00e3o \u2013 a decis\u00e3o, por\u00e9m, n\u00e3o ocorreu em tempo para interromper a sess\u00e3o.<\/p>\n\n\n\n<p>Relator do projeto e presidente da Comiss\u00e3o Especial de Estudos Relativos ao Processo de Privatiza\u00e7\u00e3o da Sabesp, o vereador Sidney Cruz (Solidariedade) rebateu as cr\u00edticas.<\/p>\n\n\n\n<p>\u201cN\u00e3o d\u00e1 para falar que o assunto come\u00e7ou a ser debatido ontem (anteontem) na primeira audi\u00eancia p\u00fablica. Estamos falando disso desde outubro de 2023\u201d, disse.<\/p>\n\n\n\n<p>Cruz defendeu a ades\u00e3o \u00e0 concess\u00e3o, ressaltando que ela permitir\u00e1 a antecipa\u00e7\u00e3o de recursos ao Fundo Municipal de Saneamento Ambiental e Infraestrutura para a cidade de S\u00e3o Paulo j\u00e1 na assinatura do conv\u00eanio.<\/p>\n\n\n\n<p>De acordo com o parlamentar, ainda ser\u00e3o destinados de imediato 3% do lucro da Sabesp obtido pelos servi\u00e7os prestados na capital paulista.<\/p>\n\n\n\n<p>\u201cIsso equivale a R$ 1,2 bilh\u00e3o aos cofres do munic\u00edpio de S\u00e3o Paulo. Esses valores ser\u00e3o investidos na reurbaniza\u00e7\u00e3o das comunidades, principalmente no entorno das duas represas da zona sul: Billings e Guarapiranga. Temos tamb\u00e9m um aumento no valor dos investimentos. No contrato vigente, temos 13% garantidos nos investimentos da Sabesp na cidade de S\u00e3o Paulo, que sobe para 20%\u201d, disse Cruz.<\/p>\n\n\n\n<p>O relator tamb\u00e9m citou a antecipa\u00e7\u00e3o dos prazos de universaliza\u00e7\u00e3o dos servi\u00e7os de saneamento na cidade, de 2033 para 2029, conforme estipulado no modelo de privatiza\u00e7\u00e3o.<\/p>\n\n\n\n<h2 class=\"wp-block-heading\" id=\"h-tarcisio-e-ricardo-nunes\">Tarc\u00edsio e Ricardo Nunes<\/h2>\n\n\n\n<p>Conforme a R\u00e1dio CBN apurou, dois movimentos contribu\u00edram para destravar a tramita\u00e7\u00e3o da proposta na C\u00e2mara. De um lado, o prefeito de S\u00e3o Paulo, Ricardo Nunes (MDB), entrou pessoalmente nas negocia\u00e7\u00f5es nos \u00faltimos dias.<\/p>\n\n\n\n<p>De outro, o governador Tarc\u00edsio de Freitas (Republicanos) teria aceitado abater R$ 1,2 bilh\u00e3o de uma d\u00edvida da Prefeitura com a empresa, de cerca de R$ 3,1 bilh\u00f5es.<\/p>\n\n\n\n<p>O governo de S\u00e3o Paulo ainda alinha os \u00faltimos detalhes da oferta de a\u00e7\u00f5es da Sabesp na Bolsa de Valores.<\/p>\n\n\n\n<p><a href=\"https:\/\/inteligenciafinanceira.com.br\/mercado-financeiro\/acoes\/acoes-da-sabesp-sbsp3-sobem-apos-4o-tri-positivo-desestatizacao-pode-ficar-para-agosto\/\" target=\"_blank\" rel=\"noreferrer noopener\">O ponto mais importante a ser definido \u00e9 a fatia do capital da empresa que vai restar nas m\u00e3os do Estado, hoje com 50,3% da empresa.<\/a><\/p>\n\n\n\n<p>Por ora, a sinaliza\u00e7\u00e3o \u00e9 de que fique entre 15% e 30%. A oferta dos pap\u00e9is da companhia em poder do Estado pode movimentar algo entre R$ 15 bilh\u00f5es e R$ 20 bilh\u00f5es, uma das maiores j\u00e1 feitas na&nbsp;<a href=\"https:\/\/inteligenciafinanceira.com.br\/glossario-financeiro\/b3\/\">B3 <\/a>.<\/p>\n\n\n\n<p>\u201cQueremos, sim, ter um&nbsp;<a href=\"https:\/\/inteligenciafinanceira.com.br\/glossario-financeiro\/acionista\/\">acionista <\/a>&nbsp;de refer\u00eancia\u201d, disse a secret\u00e1ria de Meio Ambiente, Infraestrutura e Log\u00edstica do Estado de S\u00e3o Paulo, Nat\u00e1lia Resende, em entrevista ao programa Papo com Editor, do Broadcast (sistema de not\u00edcias em tempo real do Grupo Estado), no \u00faltimo dia 6.<\/p>\n\n\n\n<p>O porcentual que esse investidor ter\u00e1 ainda n\u00e3o foi definido. Uma candidata a esse posto \u00e9 a Aegea, que j\u00e1 opera v\u00e1rias concess\u00f5es pelo pa\u00eds, como a Corsan, empresa de saneamento do Rio Grande do Sul, al\u00e9m de concess\u00f5es no Rio de Janeiro.<\/p>\n\n\n\n<p>Fonte:https:\/\/inteligenciafinanceira.com.br\/mercado-financeiro\/negocios\/camara-de-sao-paulo-privatizacao-da-sabesp-sbsp3\/<\/p>\n","protected":false},"excerpt":{"rendered":"<p>O aval dos vereadores \u00e9 visto como um passo importante para a desestatiza\u00e7\u00e3o, dada a alta contribui\u00e7\u00e3o da capital para as contas da companhia A C\u00e2mara de Vereadores de S\u00e3o Paulo aprovou na quarta-feira (17) \u00e0 noite, por 36 votos a favor e 18 contr\u00e1rios, a ades\u00e3o do munic\u00edpio&nbsp;\u00e0 privatiza\u00e7\u00e3o da Companhia de Saneamento B\u00e1sico [&hellip;]<\/p>\n","protected":false},"author":3,"featured_media":4913,"comment_status":"open","ping_status":"open","sticky":false,"template":"","format":"standard","meta":{"_joinchat":[],"footnotes":""},"categories":[1],"tags":[],"class_list":["post-4912","post","type-post","status-publish","format-standard","has-post-thumbnail","hentry","category-the-fortune-one"],"yoast_head":"<!-- This site is optimized with the Yoast SEO plugin v27.5 - https:\/\/yoast.com\/product\/yoast-seo-wordpress\/ -->\n<title>Privatiza\u00e7\u00e3o da Sabesp (SBSP3): C\u00e2mara de S\u00e3o Paulo aprova em 1\u00ba turno ades\u00e3o da cidade - The Fortune.one<\/title>\n<meta name=\"description\" content=\"Somos especialistas em gest\u00e3o patrimonial, op\u00e7\u00f5es de investimentos para diversos perfis, nosso diferencial \u00e9 comprovado com resultados.\" \/>\n<meta name=\"robots\" content=\"index, follow, max-snippet:-1, max-image-preview:large, max-video-preview:-1\" \/>\n<link rel=\"canonical\" href=\"https:\/\/thefortune.one\/en\/privatizacao-da-sabesp-sbsp3-camara-de-sao-paulo-aprova-em-1o-turno-adesao-da-cidade\/\" \/>\n<meta property=\"og:locale\" content=\"en_US\" \/>\n<meta property=\"og:type\" content=\"article\" \/>\n<meta property=\"og:title\" content=\"Privatiza\u00e7\u00e3o da Sabesp (SBSP3): C\u00e2mara de S\u00e3o Paulo aprova em 1\u00ba turno ades\u00e3o da cidade - The Fortune.one\" \/>\n<meta property=\"og:description\" content=\"Somos especialistas em gest\u00e3o patrimonial, op\u00e7\u00f5es de investimentos para diversos perfis, nosso diferencial \u00e9 comprovado com resultados.\" \/>\n<meta property=\"og:url\" content=\"https:\/\/thefortune.one\/en\/privatizacao-da-sabesp-sbsp3-camara-de-sao-paulo-aprova-em-1o-turno-adesao-da-cidade\/\" \/>\n<meta property=\"og:site_name\" content=\"The Fortune.one\" \/>\n<meta property=\"article:published_time\" content=\"2024-04-18T12:54:58+00:00\" \/>\n<meta property=\"og:image\" content=\"https:\/\/thefortune.one\/wp-content\/uploads\/2024\/04\/sa.jpg\" \/>\n\t<meta property=\"og:image:width\" content=\"396\" \/>\n\t<meta property=\"og:image:height\" content=\"264\" \/>\n\t<meta property=\"og:image:type\" content=\"image\/jpeg\" \/>\n<meta name=\"author\" content=\"bianca\" \/>\n<meta name=\"twitter:card\" content=\"summary_large_image\" \/>\n<meta name=\"twitter:label1\" content=\"Written by\" \/>\n\t<meta name=\"twitter:data1\" content=\"bianca\" \/>\n\t<meta name=\"twitter:label2\" content=\"Est. reading time\" \/>\n\t<meta name=\"twitter:data2\" content=\"4 minutes\" \/>\n<script type=\"application\/ld+json\" class=\"yoast-schema-graph\">{\"@context\":\"https:\\\/\\\/schema.org\",\"@graph\":[{\"@type\":\"Article\",\"@id\":\"https:\\\/\\\/thefortune.one\\\/pt\\\/privatizacao-da-sabesp-sbsp3-camara-de-sao-paulo-aprova-em-1o-turno-adesao-da-cidade\\\/#article\",\"isPartOf\":{\"@id\":\"https:\\\/\\\/thefortune.one\\\/pt\\\/privatizacao-da-sabesp-sbsp3-camara-de-sao-paulo-aprova-em-1o-turno-adesao-da-cidade\\\/\"},\"author\":{\"name\":\"bianca\",\"@id\":\"https:\\\/\\\/thefortune.one\\\/pt\\\/#\\\/schema\\\/person\\\/6cd8fe72a627d36caabf41815984a16f\"},\"headline\":\"Privatiza\u00e7\u00e3o da Sabesp (SBSP3): C\u00e2mara de S\u00e3o Paulo aprova em 1\u00ba turno ades\u00e3o da cidade\",\"datePublished\":\"2024-04-18T12:54:58+00:00\",\"mainEntityOfPage\":{\"@id\":\"https:\\\/\\\/thefortune.one\\\/pt\\\/privatizacao-da-sabesp-sbsp3-camara-de-sao-paulo-aprova-em-1o-turno-adesao-da-cidade\\\/\"},\"wordCount\":863,\"commentCount\":0,\"publisher\":{\"@id\":\"https:\\\/\\\/thefortune.one\\\/pt\\\/#organization\"},\"image\":{\"@id\":\"https:\\\/\\\/thefortune.one\\\/pt\\\/privatizacao-da-sabesp-sbsp3-camara-de-sao-paulo-aprova-em-1o-turno-adesao-da-cidade\\\/#primaryimage\"},\"thumbnailUrl\":\"https:\\\/\\\/thefortune.one\\\/wp-content\\\/uploads\\\/2024\\\/04\\\/sa.jpg\",\"articleSection\":[\"The Fortune.one\"],\"inLanguage\":\"en-US\",\"potentialAction\":[{\"@type\":\"CommentAction\",\"name\":\"Comment\",\"target\":[\"https:\\\/\\\/thefortune.one\\\/pt\\\/privatizacao-da-sabesp-sbsp3-camara-de-sao-paulo-aprova-em-1o-turno-adesao-da-cidade\\\/#respond\"]}]},{\"@type\":\"WebPage\",\"@id\":\"https:\\\/\\\/thefortune.one\\\/pt\\\/privatizacao-da-sabesp-sbsp3-camara-de-sao-paulo-aprova-em-1o-turno-adesao-da-cidade\\\/\",\"url\":\"https:\\\/\\\/thefortune.one\\\/pt\\\/privatizacao-da-sabesp-sbsp3-camara-de-sao-paulo-aprova-em-1o-turno-adesao-da-cidade\\\/\",\"name\":\"Privatiza\u00e7\u00e3o da Sabesp (SBSP3): C\u00e2mara de S\u00e3o Paulo aprova em 1\u00ba turno ades\u00e3o da cidade - The Fortune.one\",\"isPartOf\":{\"@id\":\"https:\\\/\\\/thefortune.one\\\/pt\\\/#website\"},\"primaryImageOfPage\":{\"@id\":\"https:\\\/\\\/thefortune.one\\\/pt\\\/privatizacao-da-sabesp-sbsp3-camara-de-sao-paulo-aprova-em-1o-turno-adesao-da-cidade\\\/#primaryimage\"},\"image\":{\"@id\":\"https:\\\/\\\/thefortune.one\\\/pt\\\/privatizacao-da-sabesp-sbsp3-camara-de-sao-paulo-aprova-em-1o-turno-adesao-da-cidade\\\/#primaryimage\"},\"thumbnailUrl\":\"https:\\\/\\\/thefortune.one\\\/wp-content\\\/uploads\\\/2024\\\/04\\\/sa.jpg\",\"datePublished\":\"2024-04-18T12:54:58+00:00\",\"description\":\"Somos especialistas em gest\u00e3o patrimonial, op\u00e7\u00f5es de investimentos para diversos perfis, nosso diferencial \u00e9 comprovado com resultados.\",\"breadcrumb\":{\"@id\":\"https:\\\/\\\/thefortune.one\\\/pt\\\/privatizacao-da-sabesp-sbsp3-camara-de-sao-paulo-aprova-em-1o-turno-adesao-da-cidade\\\/#breadcrumb\"},\"inLanguage\":\"en-US\",\"potentialAction\":[{\"@type\":\"ReadAction\",\"target\":[\"https:\\\/\\\/thefortune.one\\\/pt\\\/privatizacao-da-sabesp-sbsp3-camara-de-sao-paulo-aprova-em-1o-turno-adesao-da-cidade\\\/\"]}]},{\"@type\":\"ImageObject\",\"inLanguage\":\"en-US\",\"@id\":\"https:\\\/\\\/thefortune.one\\\/pt\\\/privatizacao-da-sabesp-sbsp3-camara-de-sao-paulo-aprova-em-1o-turno-adesao-da-cidade\\\/#primaryimage\",\"url\":\"https:\\\/\\\/thefortune.one\\\/wp-content\\\/uploads\\\/2024\\\/04\\\/sa.jpg\",\"contentUrl\":\"https:\\\/\\\/thefortune.one\\\/wp-content\\\/uploads\\\/2024\\\/04\\\/sa.jpg\",\"width\":396,\"height\":264},{\"@type\":\"BreadcrumbList\",\"@id\":\"https:\\\/\\\/thefortune.one\\\/pt\\\/privatizacao-da-sabesp-sbsp3-camara-de-sao-paulo-aprova-em-1o-turno-adesao-da-cidade\\\/#breadcrumb\",\"itemListElement\":[{\"@type\":\"ListItem\",\"position\":1,\"name\":\"In\u00edcio\",\"item\":\"https:\\\/\\\/thefortune.one\\\/pt\\\/\"},{\"@type\":\"ListItem\",\"position\":2,\"name\":\"Privatiza\u00e7\u00e3o da Sabesp (SBSP3): C\u00e2mara de S\u00e3o Paulo aprova em 1\u00ba turno ades\u00e3o da cidade\"}]},{\"@type\":\"WebSite\",\"@id\":\"https:\\\/\\\/thefortune.one\\\/pt\\\/#website\",\"url\":\"https:\\\/\\\/thefortune.one\\\/pt\\\/\",\"name\":\"The Fortune.one\",\"description\":\"Gestora de Recursos Especializada em Private Equity\",\"publisher\":{\"@id\":\"https:\\\/\\\/thefortune.one\\\/pt\\\/#organization\"},\"potentialAction\":[{\"@type\":\"SearchAction\",\"target\":{\"@type\":\"EntryPoint\",\"urlTemplate\":\"https:\\\/\\\/thefortune.one\\\/pt\\\/?s={search_term_string}\"},\"query-input\":{\"@type\":\"PropertyValueSpecification\",\"valueRequired\":true,\"valueName\":\"search_term_string\"}}],\"inLanguage\":\"en-US\"},{\"@type\":\"Organization\",\"@id\":\"https:\\\/\\\/thefortune.one\\\/pt\\\/#organization\",\"name\":\"The Fortune One\",\"url\":\"https:\\\/\\\/thefortune.one\\\/pt\\\/\",\"logo\":{\"@type\":\"ImageObject\",\"inLanguage\":\"en-US\",\"@id\":\"https:\\\/\\\/thefortune.one\\\/pt\\\/#\\\/schema\\\/logo\\\/image\\\/\",\"url\":\"https:\\\/\\\/thefortune.one\\\/wp-content\\\/uploads\\\/2022\\\/11\\\/cropped-cropped-1651682701199-1.jpg\",\"contentUrl\":\"https:\\\/\\\/thefortune.one\\\/wp-content\\\/uploads\\\/2022\\\/11\\\/cropped-cropped-1651682701199-1.jpg\",\"width\":369,\"height\":421,\"caption\":\"The Fortune One\"},\"image\":{\"@id\":\"https:\\\/\\\/thefortune.one\\\/pt\\\/#\\\/schema\\\/logo\\\/image\\\/\"}},{\"@type\":\"Person\",\"@id\":\"https:\\\/\\\/thefortune.one\\\/pt\\\/#\\\/schema\\\/person\\\/6cd8fe72a627d36caabf41815984a16f\",\"name\":\"bianca\",\"image\":{\"@type\":\"ImageObject\",\"inLanguage\":\"en-US\",\"@id\":\"https:\\\/\\\/secure.gravatar.com\\\/avatar\\\/66cd7b00d93410555e00d1e6a911a86de0cd0cfa4f83a2f8b47eddc2968c98af?s=96&d=mm&r=g\",\"url\":\"https:\\\/\\\/secure.gravatar.com\\\/avatar\\\/66cd7b00d93410555e00d1e6a911a86de0cd0cfa4f83a2f8b47eddc2968c98af?s=96&d=mm&r=g\",\"contentUrl\":\"https:\\\/\\\/secure.gravatar.com\\\/avatar\\\/66cd7b00d93410555e00d1e6a911a86de0cd0cfa4f83a2f8b47eddc2968c98af?s=96&d=mm&r=g\",\"caption\":\"bianca\"},\"url\":\"https:\\\/\\\/thefortune.one\\\/en\\\/author\\\/bianca\\\/\"}]}<\/script>\n<!-- \/ Yoast SEO plugin. -->","yoast_head_json":{"title":"Privatiza\u00e7\u00e3o da Sabesp (SBSP3): C\u00e2mara de S\u00e3o Paulo aprova em 1\u00ba turno ades\u00e3o da cidade - The Fortune.one","description":"Somos especialistas em gest\u00e3o patrimonial, op\u00e7\u00f5es de investimentos para diversos perfis, nosso diferencial \u00e9 comprovado com resultados.","robots":{"index":"index","follow":"follow","max-snippet":"max-snippet:-1","max-image-preview":"max-image-preview:large","max-video-preview":"max-video-preview:-1"},"canonical":"https:\/\/thefortune.one\/en\/privatizacao-da-sabesp-sbsp3-camara-de-sao-paulo-aprova-em-1o-turno-adesao-da-cidade\/","og_locale":"en_US","og_type":"article","og_title":"Privatiza\u00e7\u00e3o da Sabesp (SBSP3): C\u00e2mara de S\u00e3o Paulo aprova em 1\u00ba turno ades\u00e3o da cidade - The Fortune.one","og_description":"Somos especialistas em gest\u00e3o patrimonial, op\u00e7\u00f5es de investimentos para diversos perfis, nosso diferencial \u00e9 comprovado com resultados.","og_url":"https:\/\/thefortune.one\/en\/privatizacao-da-sabesp-sbsp3-camara-de-sao-paulo-aprova-em-1o-turno-adesao-da-cidade\/","og_site_name":"The Fortune.one","article_published_time":"2024-04-18T12:54:58+00:00","og_image":[{"width":396,"height":264,"url":"https:\/\/thefortune.one\/wp-content\/uploads\/2024\/04\/sa.jpg","type":"image\/jpeg"}],"author":"bianca","twitter_card":"summary_large_image","twitter_misc":{"Written by":"bianca","Est. reading time":"4 minutes"},"schema":{"@context":"https:\/\/schema.org","@graph":[{"@type":"Article","@id":"https:\/\/thefortune.one\/pt\/privatizacao-da-sabesp-sbsp3-camara-de-sao-paulo-aprova-em-1o-turno-adesao-da-cidade\/#article","isPartOf":{"@id":"https:\/\/thefortune.one\/pt\/privatizacao-da-sabesp-sbsp3-camara-de-sao-paulo-aprova-em-1o-turno-adesao-da-cidade\/"},"author":{"name":"bianca","@id":"https:\/\/thefortune.one\/pt\/#\/schema\/person\/6cd8fe72a627d36caabf41815984a16f"},"headline":"Privatiza\u00e7\u00e3o da Sabesp (SBSP3): C\u00e2mara de S\u00e3o Paulo aprova em 1\u00ba turno ades\u00e3o da cidade","datePublished":"2024-04-18T12:54:58+00:00","mainEntityOfPage":{"@id":"https:\/\/thefortune.one\/pt\/privatizacao-da-sabesp-sbsp3-camara-de-sao-paulo-aprova-em-1o-turno-adesao-da-cidade\/"},"wordCount":863,"commentCount":0,"publisher":{"@id":"https:\/\/thefortune.one\/pt\/#organization"},"image":{"@id":"https:\/\/thefortune.one\/pt\/privatizacao-da-sabesp-sbsp3-camara-de-sao-paulo-aprova-em-1o-turno-adesao-da-cidade\/#primaryimage"},"thumbnailUrl":"https:\/\/thefortune.one\/wp-content\/uploads\/2024\/04\/sa.jpg","articleSection":["The Fortune.one"],"inLanguage":"en-US","potentialAction":[{"@type":"CommentAction","name":"Comment","target":["https:\/\/thefortune.one\/pt\/privatizacao-da-sabesp-sbsp3-camara-de-sao-paulo-aprova-em-1o-turno-adesao-da-cidade\/#respond"]}]},{"@type":"WebPage","@id":"https:\/\/thefortune.one\/pt\/privatizacao-da-sabesp-sbsp3-camara-de-sao-paulo-aprova-em-1o-turno-adesao-da-cidade\/","url":"https:\/\/thefortune.one\/pt\/privatizacao-da-sabesp-sbsp3-camara-de-sao-paulo-aprova-em-1o-turno-adesao-da-cidade\/","name":"Privatiza\u00e7\u00e3o da Sabesp (SBSP3): C\u00e2mara de S\u00e3o Paulo aprova em 1\u00ba turno ades\u00e3o da cidade - The Fortune.one","isPartOf":{"@id":"https:\/\/thefortune.one\/pt\/#website"},"primaryImageOfPage":{"@id":"https:\/\/thefortune.one\/pt\/privatizacao-da-sabesp-sbsp3-camara-de-sao-paulo-aprova-em-1o-turno-adesao-da-cidade\/#primaryimage"},"image":{"@id":"https:\/\/thefortune.one\/pt\/privatizacao-da-sabesp-sbsp3-camara-de-sao-paulo-aprova-em-1o-turno-adesao-da-cidade\/#primaryimage"},"thumbnailUrl":"https:\/\/thefortune.one\/wp-content\/uploads\/2024\/04\/sa.jpg","datePublished":"2024-04-18T12:54:58+00:00","description":"Somos especialistas em gest\u00e3o patrimonial, op\u00e7\u00f5es de investimentos para diversos perfis, nosso diferencial \u00e9 comprovado com resultados.","breadcrumb":{"@id":"https:\/\/thefortune.one\/pt\/privatizacao-da-sabesp-sbsp3-camara-de-sao-paulo-aprova-em-1o-turno-adesao-da-cidade\/#breadcrumb"},"inLanguage":"en-US","potentialAction":[{"@type":"ReadAction","target":["https:\/\/thefortune.one\/pt\/privatizacao-da-sabesp-sbsp3-camara-de-sao-paulo-aprova-em-1o-turno-adesao-da-cidade\/"]}]},{"@type":"ImageObject","inLanguage":"en-US","@id":"https:\/\/thefortune.one\/pt\/privatizacao-da-sabesp-sbsp3-camara-de-sao-paulo-aprova-em-1o-turno-adesao-da-cidade\/#primaryimage","url":"https:\/\/thefortune.one\/wp-content\/uploads\/2024\/04\/sa.jpg","contentUrl":"https:\/\/thefortune.one\/wp-content\/uploads\/2024\/04\/sa.jpg","width":396,"height":264},{"@type":"BreadcrumbList","@id":"https:\/\/thefortune.one\/pt\/privatizacao-da-sabesp-sbsp3-camara-de-sao-paulo-aprova-em-1o-turno-adesao-da-cidade\/#breadcrumb","itemListElement":[{"@type":"ListItem","position":1,"name":"In\u00edcio","item":"https:\/\/thefortune.one\/pt\/"},{"@type":"ListItem","position":2,"name":"Privatiza\u00e7\u00e3o da Sabesp (SBSP3): C\u00e2mara de S\u00e3o Paulo aprova em 1\u00ba turno ades\u00e3o da cidade"}]},{"@type":"WebSite","@id":"https:\/\/thefortune.one\/pt\/#website","url":"https:\/\/thefortune.one\/pt\/","name":"The Fortune.one","description":"Gestora de Recursos Especializada em Private Equity","publisher":{"@id":"https:\/\/thefortune.one\/pt\/#organization"},"potentialAction":[{"@type":"SearchAction","target":{"@type":"EntryPoint","urlTemplate":"https:\/\/thefortune.one\/pt\/?s={search_term_string}"},"query-input":{"@type":"PropertyValueSpecification","valueRequired":true,"valueName":"search_term_string"}}],"inLanguage":"en-US"},{"@type":"Organization","@id":"https:\/\/thefortune.one\/pt\/#organization","name":"The Fortune One","url":"https:\/\/thefortune.one\/pt\/","logo":{"@type":"ImageObject","inLanguage":"en-US","@id":"https:\/\/thefortune.one\/pt\/#\/schema\/logo\/image\/","url":"https:\/\/thefortune.one\/wp-content\/uploads\/2022\/11\/cropped-cropped-1651682701199-1.jpg","contentUrl":"https:\/\/thefortune.one\/wp-content\/uploads\/2022\/11\/cropped-cropped-1651682701199-1.jpg","width":369,"height":421,"caption":"The Fortune One"},"image":{"@id":"https:\/\/thefortune.one\/pt\/#\/schema\/logo\/image\/"}},{"@type":"Person","@id":"https:\/\/thefortune.one\/pt\/#\/schema\/person\/6cd8fe72a627d36caabf41815984a16f","name":"bianca","image":{"@type":"ImageObject","inLanguage":"en-US","@id":"https:\/\/secure.gravatar.com\/avatar\/66cd7b00d93410555e00d1e6a911a86de0cd0cfa4f83a2f8b47eddc2968c98af?s=96&d=mm&r=g","url":"https:\/\/secure.gravatar.com\/avatar\/66cd7b00d93410555e00d1e6a911a86de0cd0cfa4f83a2f8b47eddc2968c98af?s=96&d=mm&r=g","contentUrl":"https:\/\/secure.gravatar.com\/avatar\/66cd7b00d93410555e00d1e6a911a86de0cd0cfa4f83a2f8b47eddc2968c98af?s=96&d=mm&r=g","caption":"bianca"},"url":"https:\/\/thefortune.one\/en\/author\/bianca\/"}]}},"_links":{"self":[{"href":"https:\/\/thefortune.one\/en\/wp-json\/wp\/v2\/posts\/4912","targetHints":{"allow":["GET"]}}],"collection":[{"href":"https:\/\/thefortune.one\/en\/wp-json\/wp\/v2\/posts"}],"about":[{"href":"https:\/\/thefortune.one\/en\/wp-json\/wp\/v2\/types\/post"}],"author":[{"embeddable":true,"href":"https:\/\/thefortune.one\/en\/wp-json\/wp\/v2\/users\/3"}],"replies":[{"embeddable":true,"href":"https:\/\/thefortune.one\/en\/wp-json\/wp\/v2\/comments?post=4912"}],"version-history":[{"count":1,"href":"https:\/\/thefortune.one\/en\/wp-json\/wp\/v2\/posts\/4912\/revisions"}],"predecessor-version":[{"id":4914,"href":"https:\/\/thefortune.one\/en\/wp-json\/wp\/v2\/posts\/4912\/revisions\/4914"}],"wp:featuredmedia":[{"embeddable":true,"href":"https:\/\/thefortune.one\/en\/wp-json\/wp\/v2\/media\/4913"}],"wp:attachment":[{"href":"https:\/\/thefortune.one\/en\/wp-json\/wp\/v2\/media?parent=4912"}],"wp:term":[{"taxonomy":"category","embeddable":true,"href":"https:\/\/thefortune.one\/en\/wp-json\/wp\/v2\/categories?post=4912"},{"taxonomy":"post_tag","embeddable":true,"href":"https:\/\/thefortune.one\/en\/wp-json\/wp\/v2\/tags?post=4912"}],"curies":[{"name":"wp","href":"https:\/\/api.w.org\/{rel}","templated":true}]}}