{"id":4882,"date":"2024-04-08T13:16:48","date_gmt":"2024-04-08T13:16:48","guid":{"rendered":"https:\/\/thefortune.one\/?p=4882"},"modified":"2024-04-08T13:16:48","modified_gmt":"2024-04-08T13:16:48","slug":"alexandre-de-moraes-pode-tirar-rede-social-x-do-ar-apos-declaracoes-de-elon-musk","status":"publish","type":"post","link":"https:\/\/thefortune.one\/en\/alexandre-de-moraes-pode-tirar-rede-social-x-do-ar-apos-declaracoes-de-elon-musk\/","title":{"rendered":"Alexandre de Moraes pode tirar rede social X do ar, ap\u00f3s declara\u00e7\u00f5es de Elon Musk?"},"content":{"rendered":"\n<figure class=\"wp-block-image size-full\"><img fetchpriority=\"high\" decoding=\"async\" width=\"800\" height=\"450\" src=\"https:\/\/thefortune.one\/wp-content\/uploads\/2024\/04\/image-6.png\" alt=\"\" class=\"wp-image-4883\" srcset=\"https:\/\/thefortune.one\/wp-content\/uploads\/2024\/04\/image-6.png 800w, https:\/\/thefortune.one\/wp-content\/uploads\/2024\/04\/image-6-300x169.png 300w, https:\/\/thefortune.one\/wp-content\/uploads\/2024\/04\/image-6-768x432.png 768w, https:\/\/thefortune.one\/wp-content\/uploads\/2024\/04\/image-6-18x10.png 18w\" sizes=\"(max-width: 800px) 100vw, 800px\" \/><\/figure>\n\n\n\n<p>O dono da rede social X (<a href=\"https:\/\/www.bbc.com\/portuguese\/topics\/c95y354j2pgt\">antigo Twitter<\/a>),&nbsp;<a href=\"https:\/\/www.bbc.com\/portuguese\/topics\/cvmzxmgvrw9t\">Elon Musk<\/a>, usou sua plataforma neste fim de semana para desafiar o ministro do Supremo Tribunal Federal (STF)&nbsp;<a href=\"https:\/\/www.bbc.com\/portuguese\/topics\/cvjp2jw7y40t\">Alexandre de Moraes<\/a>, amea\u00e7ando descumprir decis\u00f5es judiciais e propondo sua ren\u00fancia ou impeachment.<\/p>\n\n\n\n<p>Para Musk, Moares estaria praticando censura ao determinar a suspens\u00e3o de contas do X. J\u00e1 os que defendem as decis\u00f5es do ministro dizem que contas foram tiradas do ar ao terem postado conte\u00fado criminoso, em contextos como os ataques antidemocr\u00e1ticos do 8 de janeiro.<\/p>\n\n\n\n<p>Na noite de domingo (7\/3), Moraes reagiu determinando que Musk seja investigado. O ministro decidiu incluir o dono do X no inqu\u00e9rito que investiga a exist\u00eancia de mil\u00edcias digitais e tamb\u00e9m abriu um novo inqu\u00e9rito para apurar se o empres\u00e1rio cometeu crimes de obstru\u00e7\u00e3o \u00e0 Justi\u00e7a, organiza\u00e7\u00e3o criminosa e incita\u00e7\u00e3o ao crime.<\/p>\n\n\n\n<p>Al\u00e9m disso, estabeleceu uma multa di\u00e1ria de R$ 100 mil por cada perfil da rede social que venha a ser desbloqueado, em descumprimento de decis\u00e3o do STF ou do Tribunal Superior Eleitoral (TSE). E frisou a poss\u00edvel responsabiliza\u00e7\u00e3o dos respons\u00e1veis legais pela empresa no Brasil caso isso ocorra.<\/p>\n\n\n\n<p>A s\u00e9rie de declara\u00e7\u00f5es contra o ministro levantou especula\u00e7\u00f5es de que a plataforma possa ser retirada do ar pela Justi\u00e7a. Para especialistas ouvidos pela BBC News Brasil, isso de fato pode acontecer caso a empresa deixe de cumprir decis\u00f5es judiciais, embora a suspens\u00e3o da plataforma seja uma medida inadequada na vis\u00e3o de alguns juristas.<\/p>\n\n\n\n<p>Segundo Bruna Santos, gerente de campanhas global na Digital Action e integrante da Coaliz\u00e3o Direitos na Rede, a Justi\u00e7a brasileira tem interpretado o Marco Civil da Internet de forma a entender que o descumprimento reiterado de ordens judiciais que falem sobre remo\u00e7\u00e3o de conte\u00fados ou requisi\u00e7\u00f5es de dados de usu\u00e1rios pode sim legitimar um bloqueio de uma certa plataforma.<\/p>\n\n\n\n<p>&#8220;O Musk age para provocar mesmo o Judici\u00e1rio brasileiro. Ele tenta romper com o movimento de compliance (cumprimento) das normas brasileiras. Acho que a chance de bloqueio do X \u00e9 real&#8221;, nota Santos.<\/p>\n\n\n\n<p>O advogado especialista em liberdade de express\u00e3o e professor da PUC\/SP Andr\u00e9 Marsiglia tamb\u00e9m considera poss\u00edvel um bloqueio tempor\u00e1rio do Twitter, j\u00e1 que outras plataformas j\u00e1 foram suspensas no pa\u00eds por descumprimento de decis\u00e3o judicial, como o Telegram e o WhatsApp.<\/p>\n\n\n\n<p>Ele, por\u00e9m, considera censura o bloqueio de uma plataforma. Na sua vis\u00e3o, a Justi\u00e7a deve usar outros meios para punir quem descumpre decis\u00f5es, como aplicar multas \u00e0 empresa.<\/p>\n\n\n\n<p>&#8220;No momento em que voc\u00ea suspende o servi\u00e7o da plataforma, voc\u00ea pune o usu\u00e1rio tamb\u00e9m, inclusive o usu\u00e1rio que usa adequadamente a plataforma. Como as plataformas s\u00e3o canais de veicula\u00e7\u00e3o da express\u00e3o, (ao bloquear o servi\u00e7o) voc\u00ea cerceia a liberdade de express\u00e3o e, portanto, comete censura&#8221;, avalia.<\/p>\n\n\n\n<figure class=\"wp-block-image size-full\"><img decoding=\"async\" width=\"800\" height=\"450\" src=\"https:\/\/thefortune.one\/wp-content\/uploads\/2024\/04\/image-7.png\" alt=\"\" class=\"wp-image-4884\" srcset=\"https:\/\/thefortune.one\/wp-content\/uploads\/2024\/04\/image-7.png 800w, https:\/\/thefortune.one\/wp-content\/uploads\/2024\/04\/image-7-300x169.png 300w, https:\/\/thefortune.one\/wp-content\/uploads\/2024\/04\/image-7-768x432.png 768w, https:\/\/thefortune.one\/wp-content\/uploads\/2024\/04\/image-7-18x10.png 18w\" sizes=\"(max-width: 800px) 100vw, 800px\" \/><\/figure>\n\n\n\n<h2 class=\"wp-block-heading\" id=\"O-que-provocou-a-ofensiva-de-Musk\">O que provocou a ofensiva de Musk?<\/h2>\n\n\n\n<p>Moraes ganhou protagonismo nas decis\u00f5es que restringem redes sociais no pa\u00eds por ser o relator de inqu\u00e9ritos que investigam ataques aos tr\u00eas Poderes e uma suposta tentativa de golpe de Estado. Entre os alvos dessas investiga\u00e7\u00f5es est\u00e3o o ex-presidente Jair Bolsonaro e apoiadores.<\/p>\n\n\n\n<p>Al\u00e9m disso, tamb\u00e9m tomou decis\u00f5es contra usu\u00e1rios das plataformas na presid\u00eancia do Tribunal Superior Eleitoral, com a justificativa de coibir a dissemina\u00e7\u00e3o de not\u00edcias falsas durante as elei\u00e7\u00f5es.<\/p>\n\n\n\n<p>Alguns dos bolsonaristas que j\u00e1 tiveram suas contas bloqueadas no antigo Twitter s\u00e3o a deputada federal Carla Zambelli (PL-SP), o ex-parlamentar Roberto Jefferson e o empres\u00e1rio Luciano Hang.<\/p>\n\n\n\n<p>Essas decis\u00f5es viraram alvo de cr\u00edticas de Musk neste fim de semana ap\u00f3s informa\u00e7\u00f5es internas do antigo Twitter a respeito do cumprimento de decis\u00f5es judiciais brasileiras terem sido divulgadas a partir de quarta-feira (3\/4).<\/p>\n\n\n\n<p>Essas informa\u00e7\u00f5es foram liberadas pelo pr\u00f3prio Musk e est\u00e3o sendo divulgadas pelo ativista e jornalista americano Michael Shellenberger, em artigos que acusam o Judici\u00e1rio brasileiro de autoritarismo e censura.<\/p>\n\n\n\n<p>Foi nesse contexto que Musk usou o X para responder, no s\u00e1bado (6\/4), uma postagem de janeiro de Moraes com a seguinte pergunta: &#8220;Por que voc\u00eas est\u00e3o exigindo tanta censura no Brasil?&#8221;.<\/p>\n\n\n\n<figure class=\"wp-block-image\"><img decoding=\"async\" src=\"https:\/\/ichef.bbci.co.uk\/ace\/ws\/640\/cpsprodpb\/0dd4\/live\/c4317900-f541-11ee-97f7-e98b193ef1b8.jpg\" alt=\"Print de post de Musk\" \/><figcaption class=\"wp-element-caption\">Legenda da foto,&#8221;Por que voc\u00eas est\u00e3o exigindo tanta censura no Brasil?&#8221;, questionou Musk em publica\u00e7\u00e3o de Moraes<\/figcaption><\/figure>\n\n\n\n<p>Na postagem em quest\u00e3o, Moraes parabenizava o ex-ministro do STF Ricardo Lewandowski pela nomea\u00e7\u00e3o como ministro da Justi\u00e7a do governo de Luiz In\u00e1cio Lula da Silva.<\/p>\n\n\n\n<p>No mesmo dia, Musk tamb\u00e9m compartilhou um post de Shellenberger com cr\u00edticas a Moraes, acrescentando o seguinte coment\u00e1rio: &#8220;Esta censura agressiva parece violar a lei e a vontade do povo do Brasil&#8221;.<\/p>\n\n\n\n<p>Na sequ\u00eancia, disse que sua empresa deixaria de cumprir as decis\u00f5es.<\/p>\n\n\n\n<p>&#8220;Estamos levantando todas as restri\u00e7\u00f5es. Este juiz aplicou multas pesadas, amea\u00e7ou prender nossos funcion\u00e1rios e cortou o acesso ao \ud835\udd4f no Brasil. Como resultado, provavelmente perderemos todas as receitas no Brasil e teremos que fechar nosso escrit\u00f3rio l\u00e1. Mas os princ\u00edpios importam mais do que o lucro&#8221;, escreveu.<\/p>\n\n\n\n<p>J\u00e1 no domingo (7\/8), Musk postou em sua rede social que, em breve, &#8220;\ud835\udd4f publicar\u00e1 tudo o que \u00e9 exigido por @Alexandre e como essas solicita\u00e7\u00f5es violam a legisla\u00e7\u00e3o brasileira&#8221;.<\/p>\n\n\n\n<p>&#8220;Este juiz traiu descaradamente e repetidamente a constitui\u00e7\u00e3o e o povo do Brasil. Ele deveria renunciar ou sofrer impeachment&#8221;, defendeu ainda.<\/p>\n\n\n\n<p>As mensagens de Musk geraram intensa movimenta\u00e7\u00e3o de bolsonaristas em seu apoio.<\/p>\n\n\n\n<p>O pr\u00f3prio ex-presidente compartilhou na noite de s\u00e1bado uma mensagem no X em que diz que &#8220;@elonmusk \u00e9 o mito da nossa liberdade&#8221;, acompanhado de um v\u00eddeo de um encontro dos dois em maio de 2022.<\/p>\n\n\n\n<p>Horas antes, Bolsonaro havia feito outra postagem na rede convocado um ato em seu apoio no Rio de Janeiro, em 21 de abril. Nesse v\u00eddeo, ele chama de &#8220;a maior fake news da hist\u00f3ria do Brasil&#8221; a minuta de golpe de Estado, em refer\u00eancia a acusa\u00e7\u00e3o de que teria apresentado aos comandantes das For\u00e7as Armadas um documento com teor golpista no final de 2022, antes da posse de Lula.<\/p>\n\n\n\n<p>Por outro lado, integrantes do atual govervo fizeram duras cr\u00edticas \u00e0 Musk.<\/p>\n\n\n\n<p>Usando sua conta no X, o ministro da Secretaria de Comunica\u00e7\u00e3o, Paulo Pimenta, disse que &#8220;nossa soberania n\u00e3o ser\u00e1 tutelada pelo poder das plataformas de internet e do modelo de neg\u00f3cio das big techs&#8221;.<\/p>\n\n\n\n<p>&#8220;N\u00e3o vamos permitir que ningu\u00e9m, independente do dinheiro e do poder que tenha afronte nossa P\u00e1tria. N\u00e3o vamos transigir diante de amea\u00e7as e n\u00e3o vamos tolerar impunimente nenhum ato que atende contra a democracia&#8221;, disse tamb\u00e9m.<\/p>\n\n\n\n<h2 class=\"wp-block-heading\" id=\"O-que-diz-a-decis\u00e3o-de-Moraes\">O que diz a decis\u00e3o de Moraes?<\/h2>\n\n\n\n<p>Na decis\u00e3o que determina a investiga\u00e7\u00e3o de Musk, Moraes frisou que as atividades nas redes s\u00e3o regulamentadas pelo Marco Civil da internet, o que permite, por exemplo, a quebra de sigilo de dados e at\u00e9 solicita\u00e7\u00e3o para deixar determinado conte\u00fado considerado il\u00edcito indispon\u00edvel a pedido da Justi\u00e7a.<\/p>\n\n\n\n<p>&#8220;O ordenamento jur\u00eddico brasileiro prev\u00ea, portanto, a necessidade de que as empresas que administram servi\u00e7os de internet no Brasil atendam todas as ordens e decis\u00f5es judiciais, inclusive as que determinam o fornecimento de dados pessoais ou outras informa\u00e7\u00f5es que possam contribuir para a identifica\u00e7\u00e3o do usu\u00e1rio ou do terminal, ou ainda, que determinem a cessa\u00e7\u00e3o da pr\u00e1tica de atividades il\u00edcitas, com bloqueio de perfis&#8221;, escreveu o ministro.<\/p>\n\n\n\n<p>Moraes pontuou ainda que existe uma &#8220;instrumentaliza\u00e7\u00e3o criminosa&#8221; nas redes sociais por parte das mil\u00edciais digitais para divulgar, propagar, organizar e aplicar pr\u00e1ticas il\u00edcitas, &#8220;especialmente no grav\u00edssimo atentado ao Estado Democr\u00e1tico de Direito e na tentativa de destrui\u00e7\u00e3o do Supremo Tribunal Federal, Congresso Nacional e Pal\u00e1cio do Planalto, ou seja, da pr\u00f3pria Rep\u00fablica brasileira&#8221;.<\/p>\n\n\n\n<p>Moraes ressaltou tamb\u00e9m que, &#8220;ap\u00f3s a tentativa golpista de 8 de janeiro de 2023&#8221;, houve uma reuni\u00e3o presidida por ele, como presidente do Tribunal Superior Eleitoral (TSE), em mar\u00e7o de 2023, com a presen\u00e7a das principais plataformas, incluindo representantes do X (ex-Twitter), para falar sobre a necessidade de apresenta\u00e7\u00e3o de propostas para evitar que esses crimes ocorressem novamente.<\/p>\n\n\n\n<p>Segundo Moraes, posteriormente um grupo de trabalho sobre o tema, que inclu\u00eda um representante do X, participou de outras cinco reuni\u00f5es no TSE, entre 6 de mar\u00e7o e 4 de abril de 2023.<\/p>\n\n\n\n<p>O ministro ressaltou, ent\u00e3o, em sua decis\u00e3o, que n\u00e3o havia qualquer evid\u00eancia de &#8220;dolo&#8221; (inten\u00e7\u00e3o) criminosa por parte dos provedores de redes sociais, at\u00e9 o momento em que Musk &#8220;iniciou uma campanha de desinforma\u00e7\u00e3o sobre a atua\u00e7\u00e3o do SUPREMO TRIBUNAL FEDERAL e do TRIBUNAL SUPERIOR ELEITORAL, (&#8230;) instigando a desobedi\u00eancia e obstru\u00e7\u00e3o \u00e0 Justi\u00e7a, inclusive, em rela\u00e7\u00e3o a organiza\u00e7\u00f5es criminosas&#8221;.<\/p>\n\n\n\n<p>Moraes destacou ainda a declara\u00e7\u00e3o do dono do X de que &#8220;a plataforma rescindir\u00e1 o cumprimento das ordens emanadas da Justi\u00e7a Brasileira relacionadas ao bloqueio de perfis criminosos e que espalham not\u00edcias fraudulentas, em investiga\u00e7\u00e3o nesta SUPREMA CORTE&#8221;.<\/p>\n\n\n\n<p>Na vis\u00e3o do ministro, essas mensagens seriam &#8220;fortes ind\u00edcios&#8221; do dolo de Musk na instrumentaliza\u00e7\u00e3o criminosa de sua rede social.<\/p>\n\n\n\n<p>&#8220;A flagrante conduta de obstru\u00e7\u00e3o \u00e0 Justi\u00e7a brasileira, a incita\u00e7\u00e3o ao crime, a amea\u00e7a p\u00fablica de desobedi\u00eancia as ordens judiciais e de futura aus\u00eancia de coopera\u00e7\u00e3o da plataforma s\u00e3o fatos que desrespeitam a soberania do Brasil e refor\u00e7am \u00e0 conex\u00e3o da DOLOSA INSTRUMENTALIZA\u00c7\u00c3O CRIMINOSA das atividades do ex-TWITTER atual &#8216;X&#8217;, com as pr\u00e1ticas il\u00edcitas investigadas pelos diversos inqu\u00e9ritos anteriormente citados, devendo ser objeto de investiga\u00e7\u00e3o da Pol\u00edcia Federal&#8221;, refor\u00e7ou ainda o ministro.<\/p>\n\n\n\n<p>A BBC News Brasil tentou contato com a assessoria do Twitter no domingo, mas recebeu a seguinte resposta: &#8220;Ocupado agora, volte mais tarde&#8221;.<\/p>\n\n\n\n<p>Apesar da amea\u00e7a de Musk de deixar de cumprir as decis\u00f5es de Moraes, o perfil oficial da empresa X divulgou em nota que as decis\u00f5es seriam questionadas judicialmente.<\/p>\n\n\n\n<p>&#8220;A X Corp. foi for\u00e7ada por decis\u00f5es judiciais a bloquear determinadas contas populares no Brasil. (&#8230;) Somos amea\u00e7ados com multas di\u00e1rias se n\u00e3o cumprirmos a ordem&#8221;, disse a empresa.<\/p>\n\n\n\n<p>&#8220;N\u00e3o acreditamos que tais ordens estejam de acordo com o Marco Civil da Internet ou com a Constitui\u00e7\u00e3o Federal do Brasil e contestaremos legalmente as ordens no que for poss\u00edvel&#8221;, continuou a nota.<\/p>\n\n\n\n<h2 class=\"wp-block-heading\" id=\"Novas-cobran\u00e7as-por-PL-das-Fake-News-\">Novas cobran\u00e7as por PL das Fake News<\/h2>\n\n\n\n<p>O embate entre Musk e Moraes tende a reativar o debate sobre regulamenta\u00e7\u00e3o das redes sociais no pa\u00eds, proposta que est\u00e1 travada no Congresso, devido ao receio de parte da sociedade com risco de censura.<\/p>\n\n\n\n<p>O ministro da Advocacia-Geral da Uni\u00e3o, Jorge Messias, usou sua conta no X, no s\u00e1bado, para defender a medida.<\/p>\n\n\n\n<p>&#8220;\u00c9 urgente regulamentar as redes sociais. N\u00e3o podemos conviver em uma sociedade em que bilion\u00e1rios com domic\u00edlio no exterior tenham controle de redes sociais e se coloquem em condi\u00e7\u00f5es de violar o Estado de Direito, descumprindo ordens judiciais e amea\u00e7ando nossas autoridades. A Paz Social \u00e9 inegoci\u00e1vel&#8221;, postou.<\/p>\n\n\n\n<p>No entanto, a proposta que tramita no Congresso \u2014 o projeto de lei 2630, conhecido como PL das Fake News \u2014 \u00e9 alvo de controv\u00e9rsias.<\/p>\n\n\n\n<p>&#8220;Eu n\u00e3o sou contra a regula\u00e7\u00e3o, mas eu sou contra a regula\u00e7\u00e3o ruim&#8221;, afirma o professor da PUC\/SP Andr\u00e9 Marsiglia.<\/p>\n\n\n\n<p>&#8220;Hoje, o que n\u00f3s temos no PL 2.630 \u00e9 uma s\u00e9rie de fragilidades conceituais a respeito do que \u00e9 desinforma\u00e7\u00e3o, o que \u00e9 fake News e de como isso deve ser ou n\u00e3o punido. \u00c9 preciso um debate mais aprofundado&#8221;, defende ainda.<\/p>\n\n\n\n<p>J\u00e1 a Coaliz\u00e3o Direitos na Rede, que re\u00fane organiza\u00e7\u00f5es da sociedade civil em defesa dos direitos humanos na Internet, \u00e9 favor\u00e1vel ao PL das Fake News.<\/p>\n\n\n\n<p>&#8220;Essa proposta traz um conjunto m\u00ednimo e equilibrado de regras para as plataformas no Brasil&#8221;, defende a integrante da coaliz\u00e3o Bruna Santos.<\/p>\n\n\n\n<p>&#8220;A gente de fato precisa de um novo n\u00edvel de exig\u00eancias para as plataformas, em fun\u00e7\u00e3o de coisas como a modera\u00e7\u00e3o de conte\u00fado, que \u00e9 praticamente inexistente em plataformas como o X hoje em dia, e tamb\u00e9m essa tentativa de evas\u00e3o do cumprimento das leis locais que algumas empresas t\u00eam feito&#8221;, disse ainda.<\/p>\n","protected":false},"excerpt":{"rendered":"<p>O dono da rede social X (antigo Twitter),&nbsp;Elon Musk, usou sua plataforma neste fim de semana para desafiar o ministro do Supremo Tribunal Federal (STF)&nbsp;Alexandre de Moraes, amea\u00e7ando descumprir decis\u00f5es judiciais e propondo sua ren\u00fancia ou impeachment. Para Musk, Moares estaria praticando censura ao determinar a suspens\u00e3o de contas do X. J\u00e1 os que defendem [&hellip;]<\/p>\n","protected":false},"author":3,"featured_media":4885,"comment_status":"open","ping_status":"open","sticky":false,"template":"","format":"standard","meta":{"_joinchat":[],"footnotes":""},"categories":[1],"tags":[],"class_list":["post-4882","post","type-post","status-publish","format-standard","has-post-thumbnail","hentry","category-the-fortune-one"],"yoast_head":"<!-- This site is optimized with the Yoast SEO plugin v27.5 - https:\/\/yoast.com\/product\/yoast-seo-wordpress\/ -->\n<title>Alexandre de Moraes pode tirar rede social X do ar, ap\u00f3s declara\u00e7\u00f5es de Elon Musk? - The Fortune.one<\/title>\n<meta name=\"description\" content=\"Somos especialistas em gest\u00e3o patrimonial, op\u00e7\u00f5es de investimentos para diversos perfis, nosso diferencial \u00e9 comprovado com resultados.\" \/>\n<meta name=\"robots\" content=\"index, follow, max-snippet:-1, max-image-preview:large, max-video-preview:-1\" \/>\n<link rel=\"canonical\" href=\"https:\/\/thefortune.one\/en\/alexandre-de-moraes-pode-tirar-rede-social-x-do-ar-apos-declaracoes-de-elon-musk\/\" \/>\n<meta property=\"og:locale\" content=\"en_US\" \/>\n<meta property=\"og:type\" content=\"article\" \/>\n<meta property=\"og:title\" content=\"Alexandre de Moraes pode tirar rede social X do ar, ap\u00f3s declara\u00e7\u00f5es de Elon Musk? - The Fortune.one\" \/>\n<meta property=\"og:description\" content=\"Somos especialistas em gest\u00e3o patrimonial, op\u00e7\u00f5es de investimentos para diversos perfis, nosso diferencial \u00e9 comprovado com resultados.\" \/>\n<meta property=\"og:url\" content=\"https:\/\/thefortune.one\/en\/alexandre-de-moraes-pode-tirar-rede-social-x-do-ar-apos-declaracoes-de-elon-musk\/\" \/>\n<meta property=\"og:site_name\" content=\"The Fortune.one\" \/>\n<meta property=\"article:published_time\" content=\"2024-04-08T13:16:48+00:00\" \/>\n<meta property=\"og:image\" content=\"https:\/\/thefortune.one\/wp-content\/uploads\/2024\/04\/MSUK.png\" \/>\n\t<meta property=\"og:image:width\" content=\"800\" \/>\n\t<meta property=\"og:image:height\" content=\"450\" \/>\n\t<meta property=\"og:image:type\" content=\"image\/png\" \/>\n<meta name=\"author\" content=\"bianca\" \/>\n<meta name=\"twitter:card\" content=\"summary_large_image\" \/>\n<meta name=\"twitter:label1\" content=\"Written by\" \/>\n\t<meta name=\"twitter:data1\" content=\"bianca\" \/>\n\t<meta name=\"twitter:label2\" content=\"Est. reading time\" \/>\n\t<meta name=\"twitter:data2\" content=\"11 minutes\" \/>\n<script type=\"application\/ld+json\" class=\"yoast-schema-graph\">{\"@context\":\"https:\\\/\\\/schema.org\",\"@graph\":[{\"@type\":\"Article\",\"@id\":\"https:\\\/\\\/thefortune.one\\\/pt\\\/alexandre-de-moraes-pode-tirar-rede-social-x-do-ar-apos-declaracoes-de-elon-musk\\\/#article\",\"isPartOf\":{\"@id\":\"https:\\\/\\\/thefortune.one\\\/pt\\\/alexandre-de-moraes-pode-tirar-rede-social-x-do-ar-apos-declaracoes-de-elon-musk\\\/\"},\"author\":{\"name\":\"bianca\",\"@id\":\"https:\\\/\\\/thefortune.one\\\/pt\\\/#\\\/schema\\\/person\\\/6cd8fe72a627d36caabf41815984a16f\"},\"headline\":\"Alexandre de Moraes pode tirar rede social X do ar, ap\u00f3s declara\u00e7\u00f5es de Elon Musk?\",\"datePublished\":\"2024-04-08T13:16:48+00:00\",\"mainEntityOfPage\":{\"@id\":\"https:\\\/\\\/thefortune.one\\\/pt\\\/alexandre-de-moraes-pode-tirar-rede-social-x-do-ar-apos-declaracoes-de-elon-musk\\\/\"},\"wordCount\":2119,\"commentCount\":0,\"publisher\":{\"@id\":\"https:\\\/\\\/thefortune.one\\\/pt\\\/#organization\"},\"image\":{\"@id\":\"https:\\\/\\\/thefortune.one\\\/pt\\\/alexandre-de-moraes-pode-tirar-rede-social-x-do-ar-apos-declaracoes-de-elon-musk\\\/#primaryimage\"},\"thumbnailUrl\":\"https:\\\/\\\/thefortune.one\\\/wp-content\\\/uploads\\\/2024\\\/04\\\/MSUK.png\",\"articleSection\":[\"The Fortune.one\"],\"inLanguage\":\"en-US\",\"potentialAction\":[{\"@type\":\"CommentAction\",\"name\":\"Comment\",\"target\":[\"https:\\\/\\\/thefortune.one\\\/pt\\\/alexandre-de-moraes-pode-tirar-rede-social-x-do-ar-apos-declaracoes-de-elon-musk\\\/#respond\"]}]},{\"@type\":\"WebPage\",\"@id\":\"https:\\\/\\\/thefortune.one\\\/pt\\\/alexandre-de-moraes-pode-tirar-rede-social-x-do-ar-apos-declaracoes-de-elon-musk\\\/\",\"url\":\"https:\\\/\\\/thefortune.one\\\/pt\\\/alexandre-de-moraes-pode-tirar-rede-social-x-do-ar-apos-declaracoes-de-elon-musk\\\/\",\"name\":\"Alexandre de Moraes pode tirar rede social X do ar, ap\u00f3s declara\u00e7\u00f5es de Elon Musk? - The Fortune.one\",\"isPartOf\":{\"@id\":\"https:\\\/\\\/thefortune.one\\\/pt\\\/#website\"},\"primaryImageOfPage\":{\"@id\":\"https:\\\/\\\/thefortune.one\\\/pt\\\/alexandre-de-moraes-pode-tirar-rede-social-x-do-ar-apos-declaracoes-de-elon-musk\\\/#primaryimage\"},\"image\":{\"@id\":\"https:\\\/\\\/thefortune.one\\\/pt\\\/alexandre-de-moraes-pode-tirar-rede-social-x-do-ar-apos-declaracoes-de-elon-musk\\\/#primaryimage\"},\"thumbnailUrl\":\"https:\\\/\\\/thefortune.one\\\/wp-content\\\/uploads\\\/2024\\\/04\\\/MSUK.png\",\"datePublished\":\"2024-04-08T13:16:48+00:00\",\"description\":\"Somos especialistas em gest\u00e3o patrimonial, op\u00e7\u00f5es de investimentos para diversos perfis, nosso diferencial \u00e9 comprovado com resultados.\",\"breadcrumb\":{\"@id\":\"https:\\\/\\\/thefortune.one\\\/pt\\\/alexandre-de-moraes-pode-tirar-rede-social-x-do-ar-apos-declaracoes-de-elon-musk\\\/#breadcrumb\"},\"inLanguage\":\"en-US\",\"potentialAction\":[{\"@type\":\"ReadAction\",\"target\":[\"https:\\\/\\\/thefortune.one\\\/pt\\\/alexandre-de-moraes-pode-tirar-rede-social-x-do-ar-apos-declaracoes-de-elon-musk\\\/\"]}]},{\"@type\":\"ImageObject\",\"inLanguage\":\"en-US\",\"@id\":\"https:\\\/\\\/thefortune.one\\\/pt\\\/alexandre-de-moraes-pode-tirar-rede-social-x-do-ar-apos-declaracoes-de-elon-musk\\\/#primaryimage\",\"url\":\"https:\\\/\\\/thefortune.one\\\/wp-content\\\/uploads\\\/2024\\\/04\\\/MSUK.png\",\"contentUrl\":\"https:\\\/\\\/thefortune.one\\\/wp-content\\\/uploads\\\/2024\\\/04\\\/MSUK.png\",\"width\":800,\"height\":450},{\"@type\":\"BreadcrumbList\",\"@id\":\"https:\\\/\\\/thefortune.one\\\/pt\\\/alexandre-de-moraes-pode-tirar-rede-social-x-do-ar-apos-declaracoes-de-elon-musk\\\/#breadcrumb\",\"itemListElement\":[{\"@type\":\"ListItem\",\"position\":1,\"name\":\"In\u00edcio\",\"item\":\"https:\\\/\\\/thefortune.one\\\/pt\\\/\"},{\"@type\":\"ListItem\",\"position\":2,\"name\":\"Alexandre de Moraes pode tirar rede social X do ar, ap\u00f3s declara\u00e7\u00f5es de Elon Musk?\"}]},{\"@type\":\"WebSite\",\"@id\":\"https:\\\/\\\/thefortune.one\\\/pt\\\/#website\",\"url\":\"https:\\\/\\\/thefortune.one\\\/pt\\\/\",\"name\":\"The Fortune.one\",\"description\":\"Gestora de Recursos Especializada em Private Equity\",\"publisher\":{\"@id\":\"https:\\\/\\\/thefortune.one\\\/pt\\\/#organization\"},\"potentialAction\":[{\"@type\":\"SearchAction\",\"target\":{\"@type\":\"EntryPoint\",\"urlTemplate\":\"https:\\\/\\\/thefortune.one\\\/pt\\\/?s={search_term_string}\"},\"query-input\":{\"@type\":\"PropertyValueSpecification\",\"valueRequired\":true,\"valueName\":\"search_term_string\"}}],\"inLanguage\":\"en-US\"},{\"@type\":\"Organization\",\"@id\":\"https:\\\/\\\/thefortune.one\\\/pt\\\/#organization\",\"name\":\"The Fortune One\",\"url\":\"https:\\\/\\\/thefortune.one\\\/pt\\\/\",\"logo\":{\"@type\":\"ImageObject\",\"inLanguage\":\"en-US\",\"@id\":\"https:\\\/\\\/thefortune.one\\\/pt\\\/#\\\/schema\\\/logo\\\/image\\\/\",\"url\":\"https:\\\/\\\/thefortune.one\\\/wp-content\\\/uploads\\\/2022\\\/11\\\/cropped-cropped-1651682701199-1.jpg\",\"contentUrl\":\"https:\\\/\\\/thefortune.one\\\/wp-content\\\/uploads\\\/2022\\\/11\\\/cropped-cropped-1651682701199-1.jpg\",\"width\":369,\"height\":421,\"caption\":\"The Fortune One\"},\"image\":{\"@id\":\"https:\\\/\\\/thefortune.one\\\/pt\\\/#\\\/schema\\\/logo\\\/image\\\/\"}},{\"@type\":\"Person\",\"@id\":\"https:\\\/\\\/thefortune.one\\\/pt\\\/#\\\/schema\\\/person\\\/6cd8fe72a627d36caabf41815984a16f\",\"name\":\"bianca\",\"image\":{\"@type\":\"ImageObject\",\"inLanguage\":\"en-US\",\"@id\":\"https:\\\/\\\/secure.gravatar.com\\\/avatar\\\/66cd7b00d93410555e00d1e6a911a86de0cd0cfa4f83a2f8b47eddc2968c98af?s=96&d=mm&r=g\",\"url\":\"https:\\\/\\\/secure.gravatar.com\\\/avatar\\\/66cd7b00d93410555e00d1e6a911a86de0cd0cfa4f83a2f8b47eddc2968c98af?s=96&d=mm&r=g\",\"contentUrl\":\"https:\\\/\\\/secure.gravatar.com\\\/avatar\\\/66cd7b00d93410555e00d1e6a911a86de0cd0cfa4f83a2f8b47eddc2968c98af?s=96&d=mm&r=g\",\"caption\":\"bianca\"},\"url\":\"https:\\\/\\\/thefortune.one\\\/en\\\/author\\\/bianca\\\/\"}]}<\/script>\n<!-- \/ Yoast SEO plugin. -->","yoast_head_json":{"title":"Alexandre de Moraes pode tirar rede social X do ar, ap\u00f3s declara\u00e7\u00f5es de Elon Musk? - The Fortune.one","description":"Somos especialistas em gest\u00e3o patrimonial, op\u00e7\u00f5es de investimentos para diversos perfis, nosso diferencial \u00e9 comprovado com resultados.","robots":{"index":"index","follow":"follow","max-snippet":"max-snippet:-1","max-image-preview":"max-image-preview:large","max-video-preview":"max-video-preview:-1"},"canonical":"https:\/\/thefortune.one\/en\/alexandre-de-moraes-pode-tirar-rede-social-x-do-ar-apos-declaracoes-de-elon-musk\/","og_locale":"en_US","og_type":"article","og_title":"Alexandre de Moraes pode tirar rede social X do ar, ap\u00f3s declara\u00e7\u00f5es de Elon Musk? - The Fortune.one","og_description":"Somos especialistas em gest\u00e3o patrimonial, op\u00e7\u00f5es de investimentos para diversos perfis, nosso diferencial \u00e9 comprovado com resultados.","og_url":"https:\/\/thefortune.one\/en\/alexandre-de-moraes-pode-tirar-rede-social-x-do-ar-apos-declaracoes-de-elon-musk\/","og_site_name":"The Fortune.one","article_published_time":"2024-04-08T13:16:48+00:00","og_image":[{"width":800,"height":450,"url":"https:\/\/thefortune.one\/wp-content\/uploads\/2024\/04\/MSUK.png","type":"image\/png"}],"author":"bianca","twitter_card":"summary_large_image","twitter_misc":{"Written by":"bianca","Est. reading time":"11 minutes"},"schema":{"@context":"https:\/\/schema.org","@graph":[{"@type":"Article","@id":"https:\/\/thefortune.one\/pt\/alexandre-de-moraes-pode-tirar-rede-social-x-do-ar-apos-declaracoes-de-elon-musk\/#article","isPartOf":{"@id":"https:\/\/thefortune.one\/pt\/alexandre-de-moraes-pode-tirar-rede-social-x-do-ar-apos-declaracoes-de-elon-musk\/"},"author":{"name":"bianca","@id":"https:\/\/thefortune.one\/pt\/#\/schema\/person\/6cd8fe72a627d36caabf41815984a16f"},"headline":"Alexandre de Moraes pode tirar rede social X do ar, ap\u00f3s declara\u00e7\u00f5es de Elon Musk?","datePublished":"2024-04-08T13:16:48+00:00","mainEntityOfPage":{"@id":"https:\/\/thefortune.one\/pt\/alexandre-de-moraes-pode-tirar-rede-social-x-do-ar-apos-declaracoes-de-elon-musk\/"},"wordCount":2119,"commentCount":0,"publisher":{"@id":"https:\/\/thefortune.one\/pt\/#organization"},"image":{"@id":"https:\/\/thefortune.one\/pt\/alexandre-de-moraes-pode-tirar-rede-social-x-do-ar-apos-declaracoes-de-elon-musk\/#primaryimage"},"thumbnailUrl":"https:\/\/thefortune.one\/wp-content\/uploads\/2024\/04\/MSUK.png","articleSection":["The Fortune.one"],"inLanguage":"en-US","potentialAction":[{"@type":"CommentAction","name":"Comment","target":["https:\/\/thefortune.one\/pt\/alexandre-de-moraes-pode-tirar-rede-social-x-do-ar-apos-declaracoes-de-elon-musk\/#respond"]}]},{"@type":"WebPage","@id":"https:\/\/thefortune.one\/pt\/alexandre-de-moraes-pode-tirar-rede-social-x-do-ar-apos-declaracoes-de-elon-musk\/","url":"https:\/\/thefortune.one\/pt\/alexandre-de-moraes-pode-tirar-rede-social-x-do-ar-apos-declaracoes-de-elon-musk\/","name":"Alexandre de Moraes pode tirar rede social X do ar, ap\u00f3s declara\u00e7\u00f5es de Elon Musk? - The Fortune.one","isPartOf":{"@id":"https:\/\/thefortune.one\/pt\/#website"},"primaryImageOfPage":{"@id":"https:\/\/thefortune.one\/pt\/alexandre-de-moraes-pode-tirar-rede-social-x-do-ar-apos-declaracoes-de-elon-musk\/#primaryimage"},"image":{"@id":"https:\/\/thefortune.one\/pt\/alexandre-de-moraes-pode-tirar-rede-social-x-do-ar-apos-declaracoes-de-elon-musk\/#primaryimage"},"thumbnailUrl":"https:\/\/thefortune.one\/wp-content\/uploads\/2024\/04\/MSUK.png","datePublished":"2024-04-08T13:16:48+00:00","description":"Somos especialistas em gest\u00e3o patrimonial, op\u00e7\u00f5es de investimentos para diversos perfis, nosso diferencial \u00e9 comprovado com resultados.","breadcrumb":{"@id":"https:\/\/thefortune.one\/pt\/alexandre-de-moraes-pode-tirar-rede-social-x-do-ar-apos-declaracoes-de-elon-musk\/#breadcrumb"},"inLanguage":"en-US","potentialAction":[{"@type":"ReadAction","target":["https:\/\/thefortune.one\/pt\/alexandre-de-moraes-pode-tirar-rede-social-x-do-ar-apos-declaracoes-de-elon-musk\/"]}]},{"@type":"ImageObject","inLanguage":"en-US","@id":"https:\/\/thefortune.one\/pt\/alexandre-de-moraes-pode-tirar-rede-social-x-do-ar-apos-declaracoes-de-elon-musk\/#primaryimage","url":"https:\/\/thefortune.one\/wp-content\/uploads\/2024\/04\/MSUK.png","contentUrl":"https:\/\/thefortune.one\/wp-content\/uploads\/2024\/04\/MSUK.png","width":800,"height":450},{"@type":"BreadcrumbList","@id":"https:\/\/thefortune.one\/pt\/alexandre-de-moraes-pode-tirar-rede-social-x-do-ar-apos-declaracoes-de-elon-musk\/#breadcrumb","itemListElement":[{"@type":"ListItem","position":1,"name":"In\u00edcio","item":"https:\/\/thefortune.one\/pt\/"},{"@type":"ListItem","position":2,"name":"Alexandre de Moraes pode tirar rede social X do ar, ap\u00f3s declara\u00e7\u00f5es de Elon Musk?"}]},{"@type":"WebSite","@id":"https:\/\/thefortune.one\/pt\/#website","url":"https:\/\/thefortune.one\/pt\/","name":"The Fortune.one","description":"Gestora de Recursos Especializada em Private Equity","publisher":{"@id":"https:\/\/thefortune.one\/pt\/#organization"},"potentialAction":[{"@type":"SearchAction","target":{"@type":"EntryPoint","urlTemplate":"https:\/\/thefortune.one\/pt\/?s={search_term_string}"},"query-input":{"@type":"PropertyValueSpecification","valueRequired":true,"valueName":"search_term_string"}}],"inLanguage":"en-US"},{"@type":"Organization","@id":"https:\/\/thefortune.one\/pt\/#organization","name":"The Fortune One","url":"https:\/\/thefortune.one\/pt\/","logo":{"@type":"ImageObject","inLanguage":"en-US","@id":"https:\/\/thefortune.one\/pt\/#\/schema\/logo\/image\/","url":"https:\/\/thefortune.one\/wp-content\/uploads\/2022\/11\/cropped-cropped-1651682701199-1.jpg","contentUrl":"https:\/\/thefortune.one\/wp-content\/uploads\/2022\/11\/cropped-cropped-1651682701199-1.jpg","width":369,"height":421,"caption":"The Fortune One"},"image":{"@id":"https:\/\/thefortune.one\/pt\/#\/schema\/logo\/image\/"}},{"@type":"Person","@id":"https:\/\/thefortune.one\/pt\/#\/schema\/person\/6cd8fe72a627d36caabf41815984a16f","name":"bianca","image":{"@type":"ImageObject","inLanguage":"en-US","@id":"https:\/\/secure.gravatar.com\/avatar\/66cd7b00d93410555e00d1e6a911a86de0cd0cfa4f83a2f8b47eddc2968c98af?s=96&d=mm&r=g","url":"https:\/\/secure.gravatar.com\/avatar\/66cd7b00d93410555e00d1e6a911a86de0cd0cfa4f83a2f8b47eddc2968c98af?s=96&d=mm&r=g","contentUrl":"https:\/\/secure.gravatar.com\/avatar\/66cd7b00d93410555e00d1e6a911a86de0cd0cfa4f83a2f8b47eddc2968c98af?s=96&d=mm&r=g","caption":"bianca"},"url":"https:\/\/thefortune.one\/en\/author\/bianca\/"}]}},"_links":{"self":[{"href":"https:\/\/thefortune.one\/en\/wp-json\/wp\/v2\/posts\/4882","targetHints":{"allow":["GET"]}}],"collection":[{"href":"https:\/\/thefortune.one\/en\/wp-json\/wp\/v2\/posts"}],"about":[{"href":"https:\/\/thefortune.one\/en\/wp-json\/wp\/v2\/types\/post"}],"author":[{"embeddable":true,"href":"https:\/\/thefortune.one\/en\/wp-json\/wp\/v2\/users\/3"}],"replies":[{"embeddable":true,"href":"https:\/\/thefortune.one\/en\/wp-json\/wp\/v2\/comments?post=4882"}],"version-history":[{"count":1,"href":"https:\/\/thefortune.one\/en\/wp-json\/wp\/v2\/posts\/4882\/revisions"}],"predecessor-version":[{"id":4886,"href":"https:\/\/thefortune.one\/en\/wp-json\/wp\/v2\/posts\/4882\/revisions\/4886"}],"wp:featuredmedia":[{"embeddable":true,"href":"https:\/\/thefortune.one\/en\/wp-json\/wp\/v2\/media\/4885"}],"wp:attachment":[{"href":"https:\/\/thefortune.one\/en\/wp-json\/wp\/v2\/media?parent=4882"}],"wp:term":[{"taxonomy":"category","embeddable":true,"href":"https:\/\/thefortune.one\/en\/wp-json\/wp\/v2\/categories?post=4882"},{"taxonomy":"post_tag","embeddable":true,"href":"https:\/\/thefortune.one\/en\/wp-json\/wp\/v2\/tags?post=4882"}],"curies":[{"name":"wp","href":"https:\/\/api.w.org\/{rel}","templated":true}]}}