{"id":4877,"date":"2024-04-05T12:52:08","date_gmt":"2024-04-05T12:52:08","guid":{"rendered":"https:\/\/thefortune.one\/?p=4877"},"modified":"2024-04-05T12:52:08","modified_gmt":"2024-04-05T12:52:08","slug":"desinflacao-deve-ser-mais-lenta-mas-corte-ainda-deve-acontecer-afirma-dirigente-do-fed","status":"publish","type":"post","link":"https:\/\/thefortune.one\/en\/desinflacao-deve-ser-mais-lenta-mas-corte-ainda-deve-acontecer-afirma-dirigente-do-fed\/","title":{"rendered":"Desinfla\u00e7\u00e3o deve ser mais lenta, mas corte ainda deve acontecer, afirma dirigente do Fed"},"content":{"rendered":"\n<p>Para Loretta Mester, haver\u00e1 &#8216;apoio notavelmente menor do lado da oferta&#8217; do que no ano passado, e por isso a infla\u00e7\u00e3o desacelerar\u00e1 a ritmo bem mais gradual<\/p>\n\n\n\n<figure class=\"wp-block-image size-full\"><img fetchpriority=\"high\" decoding=\"async\" width=\"904\" height=\"847\" src=\"https:\/\/thefortune.one\/wp-content\/uploads\/2024\/04\/image-4.png\" alt=\"\" class=\"wp-image-4878\" srcset=\"https:\/\/thefortune.one\/wp-content\/uploads\/2024\/04\/image-4.png 904w, https:\/\/thefortune.one\/wp-content\/uploads\/2024\/04\/image-4-300x281.png 300w, https:\/\/thefortune.one\/wp-content\/uploads\/2024\/04\/image-4-768x720.png 768w, https:\/\/thefortune.one\/wp-content\/uploads\/2024\/04\/image-4-13x12.png 13w\" sizes=\"(max-width: 904px) 100vw, 904px\" \/><\/figure>\n\n\n\n<p>A desinfla\u00e7\u00e3o nos Estados Unidos deve acontecer em ritmo mais lento do que o visto no \u00faltimo trimestre de 2023, afirmou a presidente do&nbsp;<a href=\"https:\/\/inteligenciafinanceira.com.br\/investimentos\/fed-federal-reserve\/\">Federal Reserve (Fed, o banco central norte-americano)<\/a>&nbsp;de Cleveland, Loretta Mester, nesta quinta-feira (4).<\/p>\n\n\n\n<p>Segundo ela, haver\u00e1 \u201capoio notavelmente menor do lado da oferta\u201d do que no ano passado, e por isso a infla\u00e7\u00e3o desacelerar\u00e1 a ritmo bem mais gradual.<\/p>\n\n\n\n<p>Ela afirmou, em conversa virtual no Centro de Interdepend\u00eancia Global, que a queda da infla\u00e7\u00e3o deve pesar tamb\u00e9m sobre o crescimento do Produto Interno Bruto (PIB) do pa\u00eds, embora ele se mantenha a um ritmo forte.<\/p>\n\n\n\n<p>Mesmo assim, ela mant\u00e9m expectativa por corte de juros no horizonte, assim que a infla\u00e7\u00e3o entrar em queda consolidada e convencer os diretores do Fed de que est\u00e1 caminhando para a meta de 2% ao ano.<\/p>\n\n\n\n<p>Mester, que vota nas reuni\u00f5es deste ano do Comit\u00ea Federal de Mercado Aberto (FOMC, na sigla em ingl\u00eas), diz que n\u00e3o h\u00e1 pressa para a redu\u00e7\u00e3o das taxas, mas ela est\u00e1 pr\u00f3xima de acontecer, amplamente esperada at\u00e9 o fim deste ano, junto de uma redu\u00e7\u00e3o do ritmo do&nbsp;<a href=\"https:\/\/inteligenciafinanceira.com.br\/glossario-financeiro\/balanco\/\">balan\u00e7o <\/a>&nbsp;do Fed, seguindo o plano tra\u00e7ado pela institui\u00e7\u00e3o em 2022.<\/p>\n\n\n\n<p>Por\u00e9m, mesmo ap\u00f3s a redu\u00e7\u00e3o dos juros, ela avalia que as taxas permanecer\u00e3o a n\u00edveis mais elevados do que antes da pandemia, porque a taxa de juros neutra est\u00e1 mais elevada do que anteriormente, provavelmente permanecendo pr\u00f3xima dos 3% para que a economia se equilibre.<\/p>\n\n\n\n<p>Fonte:https:\/\/inteligenciafinanceira.com.br\/mercado-financeiro\/economia\/desinflacao-deve-ser-mais-lenta-mas-corte-ainda-deve-acontecer-afirma-dirigente-do-fed\/<\/p>\n","protected":false},"excerpt":{"rendered":"<p>Para Loretta Mester, haver\u00e1 &#8216;apoio notavelmente menor do lado da oferta&#8217; do que no ano passado, e por isso a infla\u00e7\u00e3o desacelerar\u00e1 a ritmo bem mais gradual A desinfla\u00e7\u00e3o nos Estados Unidos deve acontecer em ritmo mais lento do que o visto no \u00faltimo trimestre de 2023, afirmou a presidente do&nbsp;Federal Reserve (Fed, o banco [&hellip;]<\/p>\n","protected":false},"author":3,"featured_media":4880,"comment_status":"open","ping_status":"open","sticky":false,"template":"","format":"standard","meta":{"_joinchat":[],"footnotes":""},"categories":[1],"tags":[],"class_list":["post-4877","post","type-post","status-publish","format-standard","has-post-thumbnail","hentry","category-the-fortune-one"],"yoast_head":"<!-- This site is optimized with the Yoast SEO plugin v27.5 - https:\/\/yoast.com\/product\/yoast-seo-wordpress\/ -->\n<title>Desinfla\u00e7\u00e3o deve ser mais lenta, mas corte ainda deve acontecer, afirma dirigente do Fed - The Fortune.one<\/title>\n<meta name=\"description\" content=\"Somos especialistas em gest\u00e3o patrimonial, op\u00e7\u00f5es de investimentos para diversos perfis, nosso diferencial \u00e9 comprovado com resultados.\" \/>\n<meta name=\"robots\" content=\"index, follow, max-snippet:-1, max-image-preview:large, max-video-preview:-1\" \/>\n<link rel=\"canonical\" href=\"https:\/\/thefortune.one\/en\/desinflacao-deve-ser-mais-lenta-mas-corte-ainda-deve-acontecer-afirma-dirigente-do-fed\/\" \/>\n<meta property=\"og:locale\" content=\"en_US\" \/>\n<meta property=\"og:type\" content=\"article\" \/>\n<meta property=\"og:title\" content=\"Desinfla\u00e7\u00e3o deve ser mais lenta, mas corte ainda deve acontecer, afirma dirigente do Fed - The Fortune.one\" \/>\n<meta property=\"og:description\" content=\"Somos especialistas em gest\u00e3o patrimonial, op\u00e7\u00f5es de investimentos para diversos perfis, nosso diferencial \u00e9 comprovado com resultados.\" \/>\n<meta property=\"og:url\" content=\"https:\/\/thefortune.one\/en\/desinflacao-deve-ser-mais-lenta-mas-corte-ainda-deve-acontecer-afirma-dirigente-do-fed\/\" \/>\n<meta property=\"og:site_name\" content=\"The Fortune.one\" \/>\n<meta property=\"article:published_time\" content=\"2024-04-05T12:52:08+00:00\" \/>\n<meta property=\"og:image\" content=\"https:\/\/thefortune.one\/wp-content\/uploads\/2024\/04\/feia.jpg\" \/>\n\t<meta property=\"og:image:width\" content=\"396\" \/>\n\t<meta property=\"og:image:height\" content=\"371\" \/>\n\t<meta property=\"og:image:type\" content=\"image\/jpeg\" \/>\n<meta name=\"author\" content=\"bianca\" \/>\n<meta name=\"twitter:card\" content=\"summary_large_image\" \/>\n<meta name=\"twitter:label1\" content=\"Written by\" \/>\n\t<meta name=\"twitter:data1\" content=\"bianca\" \/>\n\t<meta name=\"twitter:label2\" content=\"Est. reading time\" \/>\n\t<meta name=\"twitter:data2\" content=\"1 minute\" \/>\n<script type=\"application\/ld+json\" class=\"yoast-schema-graph\">{\"@context\":\"https:\\\/\\\/schema.org\",\"@graph\":[{\"@type\":\"Article\",\"@id\":\"https:\\\/\\\/thefortune.one\\\/pt\\\/desinflacao-deve-ser-mais-lenta-mas-corte-ainda-deve-acontecer-afirma-dirigente-do-fed\\\/#article\",\"isPartOf\":{\"@id\":\"https:\\\/\\\/thefortune.one\\\/pt\\\/desinflacao-deve-ser-mais-lenta-mas-corte-ainda-deve-acontecer-afirma-dirigente-do-fed\\\/\"},\"author\":{\"name\":\"bianca\",\"@id\":\"https:\\\/\\\/thefortune.one\\\/pt\\\/#\\\/schema\\\/person\\\/6cd8fe72a627d36caabf41815984a16f\"},\"headline\":\"Desinfla\u00e7\u00e3o deve ser mais lenta, mas corte ainda deve acontecer, afirma dirigente do Fed\",\"datePublished\":\"2024-04-05T12:52:08+00:00\",\"mainEntityOfPage\":{\"@id\":\"https:\\\/\\\/thefortune.one\\\/pt\\\/desinflacao-deve-ser-mais-lenta-mas-corte-ainda-deve-acontecer-afirma-dirigente-do-fed\\\/\"},\"wordCount\":313,\"commentCount\":0,\"publisher\":{\"@id\":\"https:\\\/\\\/thefortune.one\\\/pt\\\/#organization\"},\"image\":{\"@id\":\"https:\\\/\\\/thefortune.one\\\/pt\\\/desinflacao-deve-ser-mais-lenta-mas-corte-ainda-deve-acontecer-afirma-dirigente-do-fed\\\/#primaryimage\"},\"thumbnailUrl\":\"https:\\\/\\\/thefortune.one\\\/wp-content\\\/uploads\\\/2024\\\/04\\\/feia.jpg\",\"articleSection\":[\"The Fortune.one\"],\"inLanguage\":\"en-US\",\"potentialAction\":[{\"@type\":\"CommentAction\",\"name\":\"Comment\",\"target\":[\"https:\\\/\\\/thefortune.one\\\/pt\\\/desinflacao-deve-ser-mais-lenta-mas-corte-ainda-deve-acontecer-afirma-dirigente-do-fed\\\/#respond\"]}]},{\"@type\":\"WebPage\",\"@id\":\"https:\\\/\\\/thefortune.one\\\/pt\\\/desinflacao-deve-ser-mais-lenta-mas-corte-ainda-deve-acontecer-afirma-dirigente-do-fed\\\/\",\"url\":\"https:\\\/\\\/thefortune.one\\\/pt\\\/desinflacao-deve-ser-mais-lenta-mas-corte-ainda-deve-acontecer-afirma-dirigente-do-fed\\\/\",\"name\":\"Desinfla\u00e7\u00e3o deve ser mais lenta, mas corte ainda deve acontecer, afirma dirigente do Fed - The Fortune.one\",\"isPartOf\":{\"@id\":\"https:\\\/\\\/thefortune.one\\\/pt\\\/#website\"},\"primaryImageOfPage\":{\"@id\":\"https:\\\/\\\/thefortune.one\\\/pt\\\/desinflacao-deve-ser-mais-lenta-mas-corte-ainda-deve-acontecer-afirma-dirigente-do-fed\\\/#primaryimage\"},\"image\":{\"@id\":\"https:\\\/\\\/thefortune.one\\\/pt\\\/desinflacao-deve-ser-mais-lenta-mas-corte-ainda-deve-acontecer-afirma-dirigente-do-fed\\\/#primaryimage\"},\"thumbnailUrl\":\"https:\\\/\\\/thefortune.one\\\/wp-content\\\/uploads\\\/2024\\\/04\\\/feia.jpg\",\"datePublished\":\"2024-04-05T12:52:08+00:00\",\"description\":\"Somos especialistas em gest\u00e3o patrimonial, op\u00e7\u00f5es de investimentos para diversos perfis, nosso diferencial \u00e9 comprovado com resultados.\",\"breadcrumb\":{\"@id\":\"https:\\\/\\\/thefortune.one\\\/pt\\\/desinflacao-deve-ser-mais-lenta-mas-corte-ainda-deve-acontecer-afirma-dirigente-do-fed\\\/#breadcrumb\"},\"inLanguage\":\"en-US\",\"potentialAction\":[{\"@type\":\"ReadAction\",\"target\":[\"https:\\\/\\\/thefortune.one\\\/pt\\\/desinflacao-deve-ser-mais-lenta-mas-corte-ainda-deve-acontecer-afirma-dirigente-do-fed\\\/\"]}]},{\"@type\":\"ImageObject\",\"inLanguage\":\"en-US\",\"@id\":\"https:\\\/\\\/thefortune.one\\\/pt\\\/desinflacao-deve-ser-mais-lenta-mas-corte-ainda-deve-acontecer-afirma-dirigente-do-fed\\\/#primaryimage\",\"url\":\"https:\\\/\\\/thefortune.one\\\/wp-content\\\/uploads\\\/2024\\\/04\\\/feia.jpg\",\"contentUrl\":\"https:\\\/\\\/thefortune.one\\\/wp-content\\\/uploads\\\/2024\\\/04\\\/feia.jpg\",\"width\":396,\"height\":371},{\"@type\":\"BreadcrumbList\",\"@id\":\"https:\\\/\\\/thefortune.one\\\/pt\\\/desinflacao-deve-ser-mais-lenta-mas-corte-ainda-deve-acontecer-afirma-dirigente-do-fed\\\/#breadcrumb\",\"itemListElement\":[{\"@type\":\"ListItem\",\"position\":1,\"name\":\"In\u00edcio\",\"item\":\"https:\\\/\\\/thefortune.one\\\/pt\\\/\"},{\"@type\":\"ListItem\",\"position\":2,\"name\":\"Desinfla\u00e7\u00e3o deve ser mais lenta, mas corte ainda deve acontecer, afirma dirigente do Fed\"}]},{\"@type\":\"WebSite\",\"@id\":\"https:\\\/\\\/thefortune.one\\\/pt\\\/#website\",\"url\":\"https:\\\/\\\/thefortune.one\\\/pt\\\/\",\"name\":\"The Fortune.one\",\"description\":\"Gestora de Recursos Especializada em Private Equity\",\"publisher\":{\"@id\":\"https:\\\/\\\/thefortune.one\\\/pt\\\/#organization\"},\"potentialAction\":[{\"@type\":\"SearchAction\",\"target\":{\"@type\":\"EntryPoint\",\"urlTemplate\":\"https:\\\/\\\/thefortune.one\\\/pt\\\/?s={search_term_string}\"},\"query-input\":{\"@type\":\"PropertyValueSpecification\",\"valueRequired\":true,\"valueName\":\"search_term_string\"}}],\"inLanguage\":\"en-US\"},{\"@type\":\"Organization\",\"@id\":\"https:\\\/\\\/thefortune.one\\\/pt\\\/#organization\",\"name\":\"The Fortune One\",\"url\":\"https:\\\/\\\/thefortune.one\\\/pt\\\/\",\"logo\":{\"@type\":\"ImageObject\",\"inLanguage\":\"en-US\",\"@id\":\"https:\\\/\\\/thefortune.one\\\/pt\\\/#\\\/schema\\\/logo\\\/image\\\/\",\"url\":\"https:\\\/\\\/thefortune.one\\\/wp-content\\\/uploads\\\/2022\\\/11\\\/cropped-cropped-1651682701199-1.jpg\",\"contentUrl\":\"https:\\\/\\\/thefortune.one\\\/wp-content\\\/uploads\\\/2022\\\/11\\\/cropped-cropped-1651682701199-1.jpg\",\"width\":369,\"height\":421,\"caption\":\"The Fortune One\"},\"image\":{\"@id\":\"https:\\\/\\\/thefortune.one\\\/pt\\\/#\\\/schema\\\/logo\\\/image\\\/\"}},{\"@type\":\"Person\",\"@id\":\"https:\\\/\\\/thefortune.one\\\/pt\\\/#\\\/schema\\\/person\\\/6cd8fe72a627d36caabf41815984a16f\",\"name\":\"bianca\",\"image\":{\"@type\":\"ImageObject\",\"inLanguage\":\"en-US\",\"@id\":\"https:\\\/\\\/secure.gravatar.com\\\/avatar\\\/66cd7b00d93410555e00d1e6a911a86de0cd0cfa4f83a2f8b47eddc2968c98af?s=96&d=mm&r=g\",\"url\":\"https:\\\/\\\/secure.gravatar.com\\\/avatar\\\/66cd7b00d93410555e00d1e6a911a86de0cd0cfa4f83a2f8b47eddc2968c98af?s=96&d=mm&r=g\",\"contentUrl\":\"https:\\\/\\\/secure.gravatar.com\\\/avatar\\\/66cd7b00d93410555e00d1e6a911a86de0cd0cfa4f83a2f8b47eddc2968c98af?s=96&d=mm&r=g\",\"caption\":\"bianca\"},\"url\":\"https:\\\/\\\/thefortune.one\\\/en\\\/author\\\/bianca\\\/\"}]}<\/script>\n<!-- \/ Yoast SEO plugin. -->","yoast_head_json":{"title":"Desinfla\u00e7\u00e3o deve ser mais lenta, mas corte ainda deve acontecer, afirma dirigente do Fed - The Fortune.one","description":"Somos especialistas em gest\u00e3o patrimonial, op\u00e7\u00f5es de investimentos para diversos perfis, nosso diferencial \u00e9 comprovado com resultados.","robots":{"index":"index","follow":"follow","max-snippet":"max-snippet:-1","max-image-preview":"max-image-preview:large","max-video-preview":"max-video-preview:-1"},"canonical":"https:\/\/thefortune.one\/en\/desinflacao-deve-ser-mais-lenta-mas-corte-ainda-deve-acontecer-afirma-dirigente-do-fed\/","og_locale":"en_US","og_type":"article","og_title":"Desinfla\u00e7\u00e3o deve ser mais lenta, mas corte ainda deve acontecer, afirma dirigente do Fed - The Fortune.one","og_description":"Somos especialistas em gest\u00e3o patrimonial, op\u00e7\u00f5es de investimentos para diversos perfis, nosso diferencial \u00e9 comprovado com resultados.","og_url":"https:\/\/thefortune.one\/en\/desinflacao-deve-ser-mais-lenta-mas-corte-ainda-deve-acontecer-afirma-dirigente-do-fed\/","og_site_name":"The Fortune.one","article_published_time":"2024-04-05T12:52:08+00:00","og_image":[{"width":396,"height":371,"url":"https:\/\/thefortune.one\/wp-content\/uploads\/2024\/04\/feia.jpg","type":"image\/jpeg"}],"author":"bianca","twitter_card":"summary_large_image","twitter_misc":{"Written by":"bianca","Est. reading time":"1 minute"},"schema":{"@context":"https:\/\/schema.org","@graph":[{"@type":"Article","@id":"https:\/\/thefortune.one\/pt\/desinflacao-deve-ser-mais-lenta-mas-corte-ainda-deve-acontecer-afirma-dirigente-do-fed\/#article","isPartOf":{"@id":"https:\/\/thefortune.one\/pt\/desinflacao-deve-ser-mais-lenta-mas-corte-ainda-deve-acontecer-afirma-dirigente-do-fed\/"},"author":{"name":"bianca","@id":"https:\/\/thefortune.one\/pt\/#\/schema\/person\/6cd8fe72a627d36caabf41815984a16f"},"headline":"Desinfla\u00e7\u00e3o deve ser mais lenta, mas corte ainda deve acontecer, afirma dirigente do Fed","datePublished":"2024-04-05T12:52:08+00:00","mainEntityOfPage":{"@id":"https:\/\/thefortune.one\/pt\/desinflacao-deve-ser-mais-lenta-mas-corte-ainda-deve-acontecer-afirma-dirigente-do-fed\/"},"wordCount":313,"commentCount":0,"publisher":{"@id":"https:\/\/thefortune.one\/pt\/#organization"},"image":{"@id":"https:\/\/thefortune.one\/pt\/desinflacao-deve-ser-mais-lenta-mas-corte-ainda-deve-acontecer-afirma-dirigente-do-fed\/#primaryimage"},"thumbnailUrl":"https:\/\/thefortune.one\/wp-content\/uploads\/2024\/04\/feia.jpg","articleSection":["The Fortune.one"],"inLanguage":"en-US","potentialAction":[{"@type":"CommentAction","name":"Comment","target":["https:\/\/thefortune.one\/pt\/desinflacao-deve-ser-mais-lenta-mas-corte-ainda-deve-acontecer-afirma-dirigente-do-fed\/#respond"]}]},{"@type":"WebPage","@id":"https:\/\/thefortune.one\/pt\/desinflacao-deve-ser-mais-lenta-mas-corte-ainda-deve-acontecer-afirma-dirigente-do-fed\/","url":"https:\/\/thefortune.one\/pt\/desinflacao-deve-ser-mais-lenta-mas-corte-ainda-deve-acontecer-afirma-dirigente-do-fed\/","name":"Desinfla\u00e7\u00e3o deve ser mais lenta, mas corte ainda deve acontecer, afirma dirigente do Fed - The Fortune.one","isPartOf":{"@id":"https:\/\/thefortune.one\/pt\/#website"},"primaryImageOfPage":{"@id":"https:\/\/thefortune.one\/pt\/desinflacao-deve-ser-mais-lenta-mas-corte-ainda-deve-acontecer-afirma-dirigente-do-fed\/#primaryimage"},"image":{"@id":"https:\/\/thefortune.one\/pt\/desinflacao-deve-ser-mais-lenta-mas-corte-ainda-deve-acontecer-afirma-dirigente-do-fed\/#primaryimage"},"thumbnailUrl":"https:\/\/thefortune.one\/wp-content\/uploads\/2024\/04\/feia.jpg","datePublished":"2024-04-05T12:52:08+00:00","description":"Somos especialistas em gest\u00e3o patrimonial, op\u00e7\u00f5es de investimentos para diversos perfis, nosso diferencial \u00e9 comprovado com resultados.","breadcrumb":{"@id":"https:\/\/thefortune.one\/pt\/desinflacao-deve-ser-mais-lenta-mas-corte-ainda-deve-acontecer-afirma-dirigente-do-fed\/#breadcrumb"},"inLanguage":"en-US","potentialAction":[{"@type":"ReadAction","target":["https:\/\/thefortune.one\/pt\/desinflacao-deve-ser-mais-lenta-mas-corte-ainda-deve-acontecer-afirma-dirigente-do-fed\/"]}]},{"@type":"ImageObject","inLanguage":"en-US","@id":"https:\/\/thefortune.one\/pt\/desinflacao-deve-ser-mais-lenta-mas-corte-ainda-deve-acontecer-afirma-dirigente-do-fed\/#primaryimage","url":"https:\/\/thefortune.one\/wp-content\/uploads\/2024\/04\/feia.jpg","contentUrl":"https:\/\/thefortune.one\/wp-content\/uploads\/2024\/04\/feia.jpg","width":396,"height":371},{"@type":"BreadcrumbList","@id":"https:\/\/thefortune.one\/pt\/desinflacao-deve-ser-mais-lenta-mas-corte-ainda-deve-acontecer-afirma-dirigente-do-fed\/#breadcrumb","itemListElement":[{"@type":"ListItem","position":1,"name":"In\u00edcio","item":"https:\/\/thefortune.one\/pt\/"},{"@type":"ListItem","position":2,"name":"Desinfla\u00e7\u00e3o deve ser mais lenta, mas corte ainda deve acontecer, afirma dirigente do Fed"}]},{"@type":"WebSite","@id":"https:\/\/thefortune.one\/pt\/#website","url":"https:\/\/thefortune.one\/pt\/","name":"The Fortune.one","description":"Gestora de Recursos Especializada em Private Equity","publisher":{"@id":"https:\/\/thefortune.one\/pt\/#organization"},"potentialAction":[{"@type":"SearchAction","target":{"@type":"EntryPoint","urlTemplate":"https:\/\/thefortune.one\/pt\/?s={search_term_string}"},"query-input":{"@type":"PropertyValueSpecification","valueRequired":true,"valueName":"search_term_string"}}],"inLanguage":"en-US"},{"@type":"Organization","@id":"https:\/\/thefortune.one\/pt\/#organization","name":"The Fortune One","url":"https:\/\/thefortune.one\/pt\/","logo":{"@type":"ImageObject","inLanguage":"en-US","@id":"https:\/\/thefortune.one\/pt\/#\/schema\/logo\/image\/","url":"https:\/\/thefortune.one\/wp-content\/uploads\/2022\/11\/cropped-cropped-1651682701199-1.jpg","contentUrl":"https:\/\/thefortune.one\/wp-content\/uploads\/2022\/11\/cropped-cropped-1651682701199-1.jpg","width":369,"height":421,"caption":"The Fortune One"},"image":{"@id":"https:\/\/thefortune.one\/pt\/#\/schema\/logo\/image\/"}},{"@type":"Person","@id":"https:\/\/thefortune.one\/pt\/#\/schema\/person\/6cd8fe72a627d36caabf41815984a16f","name":"bianca","image":{"@type":"ImageObject","inLanguage":"en-US","@id":"https:\/\/secure.gravatar.com\/avatar\/66cd7b00d93410555e00d1e6a911a86de0cd0cfa4f83a2f8b47eddc2968c98af?s=96&d=mm&r=g","url":"https:\/\/secure.gravatar.com\/avatar\/66cd7b00d93410555e00d1e6a911a86de0cd0cfa4f83a2f8b47eddc2968c98af?s=96&d=mm&r=g","contentUrl":"https:\/\/secure.gravatar.com\/avatar\/66cd7b00d93410555e00d1e6a911a86de0cd0cfa4f83a2f8b47eddc2968c98af?s=96&d=mm&r=g","caption":"bianca"},"url":"https:\/\/thefortune.one\/en\/author\/bianca\/"}]}},"_links":{"self":[{"href":"https:\/\/thefortune.one\/en\/wp-json\/wp\/v2\/posts\/4877","targetHints":{"allow":["GET"]}}],"collection":[{"href":"https:\/\/thefortune.one\/en\/wp-json\/wp\/v2\/posts"}],"about":[{"href":"https:\/\/thefortune.one\/en\/wp-json\/wp\/v2\/types\/post"}],"author":[{"embeddable":true,"href":"https:\/\/thefortune.one\/en\/wp-json\/wp\/v2\/users\/3"}],"replies":[{"embeddable":true,"href":"https:\/\/thefortune.one\/en\/wp-json\/wp\/v2\/comments?post=4877"}],"version-history":[{"count":1,"href":"https:\/\/thefortune.one\/en\/wp-json\/wp\/v2\/posts\/4877\/revisions"}],"predecessor-version":[{"id":4881,"href":"https:\/\/thefortune.one\/en\/wp-json\/wp\/v2\/posts\/4877\/revisions\/4881"}],"wp:featuredmedia":[{"embeddable":true,"href":"https:\/\/thefortune.one\/en\/wp-json\/wp\/v2\/media\/4880"}],"wp:attachment":[{"href":"https:\/\/thefortune.one\/en\/wp-json\/wp\/v2\/media?parent=4877"}],"wp:term":[{"taxonomy":"category","embeddable":true,"href":"https:\/\/thefortune.one\/en\/wp-json\/wp\/v2\/categories?post=4877"},{"taxonomy":"post_tag","embeddable":true,"href":"https:\/\/thefortune.one\/en\/wp-json\/wp\/v2\/tags?post=4877"}],"curies":[{"name":"wp","href":"https:\/\/api.w.org\/{rel}","templated":true}]}}