{"id":4873,"date":"2024-04-04T14:03:44","date_gmt":"2024-04-04T14:03:44","guid":{"rendered":"https:\/\/thefortune.one\/?p=4873"},"modified":"2024-04-04T14:03:44","modified_gmt":"2024-04-04T14:03:44","slug":"stf-mantem-cobranca-retroativa-de-tributos-apos-quebra-de-decisoes-definitivas","status":"publish","type":"post","link":"https:\/\/thefortune.one\/en\/stf-mantem-cobranca-retroativa-de-tributos-apos-quebra-de-decisoes-definitivas\/","title":{"rendered":"STF mant\u00e9m cobran\u00e7a retroativa de tributos ap\u00f3s \u2018quebra\u2019 de decis\u00f5es definitivas"},"content":{"rendered":"\n<p>Contribuintes pleiteavam a modula\u00e7\u00e3o dos efeitos para n\u00e3o permitir que a decis\u00e3o tivesse efeitos no passado. O impacto \u00e9 milion\u00e1rio para as empresas envolvidas<\/p>\n\n\n\n<figure class=\"wp-block-image size-full\"><img fetchpriority=\"high\" decoding=\"async\" width=\"904\" height=\"456\" src=\"https:\/\/thefortune.one\/wp-content\/uploads\/2024\/04\/image-3.png\" alt=\"\" class=\"wp-image-4874\" srcset=\"https:\/\/thefortune.one\/wp-content\/uploads\/2024\/04\/image-3.png 904w, https:\/\/thefortune.one\/wp-content\/uploads\/2024\/04\/image-3-300x151.png 300w, https:\/\/thefortune.one\/wp-content\/uploads\/2024\/04\/image-3-768x387.png 768w, https:\/\/thefortune.one\/wp-content\/uploads\/2024\/04\/image-3-18x9.png 18w\" sizes=\"(max-width: 904px) 100vw, 904px\" \/><\/figure>\n\n\n\n<p>O&nbsp;<a href=\"https:\/\/inteligenciafinanceira.com.br\/investimentos\/stf\/\">Supremo Tribunal Federal (STF)<\/a>&nbsp;manteve, por 7 a 4, a decis\u00e3o que autorizou a cobran\u00e7a retroativa de valores n\u00e3o pagos no passado por for\u00e7a de senten\u00e7a definitiva.<\/p>\n\n\n\n<p>Os ministros analisaram recursos contra a decis\u00e3o de fevereiro do ano passado, quando a Corte deliberou que decis\u00f5es que autorizaram contribuintes a n\u00e3o pagar tributos perdem efic\u00e1cia se a Corte se pronunciar, tempos depois, em sentido contr\u00e1rio. Os ministros devem finalizar o julgamento na pr\u00f3xima sess\u00e3o, desta quinta-feira, 4.<\/p>\n\n\n\n<p>Faltou definir a possibilidade de cobran\u00e7a das multas punitivas e morat\u00f3rias decorrentes do n\u00e3o pagamento. No caso concreto, que discutia sobre a Contribui\u00e7\u00e3o Social sobre Lucro L\u00edquido (CSLL), os ministros entenderam que a cobran\u00e7a deve retroagir at\u00e9 2007, data em que o Supremo considerou o tributo constitucional.<\/p>\n\n\n\n<p>Os contribuintes pleiteavam a modula\u00e7\u00e3o dos efeitos para n\u00e3o permitir que a decis\u00e3o tivesse efeitos no passado. O impacto \u00e9 milion\u00e1rio para as empresas envolvidas.<\/p>\n\n\n\n<p>Os recursos foram apresentados pela T\u00eaxtil Bezerra de Menezes (TBM), que foi parte no processo, pelo Conselho Federal da Ordem dos Advogados do Brasil (OAB), pela Federa\u00e7\u00e3o das Ind\u00fastrias do Estado de S\u00e3o Paulo (Fiesp) e pelo Sindicato das Ind\u00fastrias de Produtos Qu\u00edmicos (Sinpeq).<\/p>\n\n\n\n<h2 class=\"wp-block-heading\" id=\"h-votos\">Votos<\/h2>\n\n\n\n<p>Para o relator, Lu\u00eds Roberto Barroso, as empresas que n\u00e3o voltaram a pagar a CSLL ap\u00f3s a decis\u00e3o do Supremo fizeram uma \u201caposta\u201d. \u201cA partir da publica\u00e7\u00e3o da ata da decis\u00e3o de 2007, j\u00e1 n\u00e3o havia mais d\u00favida que o tributo era devido\u201d, disse.<\/p>\n\n\n\n<p>Al\u00e9m de Barroso, Rosa Weber, Cristiano Zanin, Alexandre de Moraes, C\u00e1rmen L\u00facia e Gilmar Mendes tamb\u00e9m votaram para manter a decis\u00e3o de fevereiro.<\/p>\n\n\n\n<p>O ministro Andr\u00e9 Mendon\u00e7a tamb\u00e9m entendeu que o tributo \u00e9 devido desde 2007, mas defendeu a isen\u00e7\u00e3o das multas punitivas e morat\u00f3rias decorrentes do n\u00e3o pagamento. \u201cN\u00e3o entendo como se pode entender existir conduta reprov\u00e1vel por parte do contribuinte que se socorreu no Judici\u00e1rio\u201d, afirmou o ministro.<\/p>\n\n\n\n<p>Os ministros Luiz Fux, Edson Fachin, Dias Toffoli e K\u00e1ssio Nunes Marques votaram para acolher os pedidos e reformar a senten\u00e7a. Para eles, a decis\u00e3o s\u00f3 pode ter efeitos a partir de fevereiro de 2023, quando o Supremo julgou o tema, e a Receita Federal n\u00e3o pode cobrar tributos que n\u00e3o foram recolhidos no passado por for\u00e7a de decis\u00e3o definitiva.<\/p>\n\n\n\n<p>Na sess\u00e3o de hoje, Toffoli afirmou que este caso \u00e9 \u201cum dos julgamentos mais importantes\u201d dos quais participou em 14 anos como juiz constitucional.<\/p>\n\n\n\n<p>\u201cEstamos aqui a adentrar no campo da coisa julgada, e coisa julgada de muitos e muitos anos, e permitindo abrir a\u00e7\u00f5es rescis\u00f3rias in\u00fameras sendo que precisamos refletir sobre seguran\u00e7a jur\u00eddica e previsibilidade\u201d, afirmou.<\/p>\n\n\n\n<p>Fux defendeu que a modula\u00e7\u00e3o \u00e9 necess\u00e1ria para preservar a seguran\u00e7a jur\u00eddica, visto que o cen\u00e1rio era de \u201cincerteza para diversos players do mercado\u201d.<\/p>\n\n\n\n<p>Fonte:https:\/\/inteligenciafinanceira.com.br\/mercado-financeiro\/economia\/stf-mantem-cobranca-retroativa-de-tributos-apos-quebra-de-decisoes-definitivas\/<\/p>\n","protected":false},"excerpt":{"rendered":"<p>Contribuintes pleiteavam a modula\u00e7\u00e3o dos efeitos para n\u00e3o permitir que a decis\u00e3o tivesse efeitos no passado. O impacto \u00e9 milion\u00e1rio para as empresas envolvidas O&nbsp;Supremo Tribunal Federal (STF)&nbsp;manteve, por 7 a 4, a decis\u00e3o que autorizou a cobran\u00e7a retroativa de valores n\u00e3o pagos no passado por for\u00e7a de senten\u00e7a definitiva. Os ministros analisaram recursos contra [&hellip;]<\/p>\n","protected":false},"author":3,"featured_media":4875,"comment_status":"open","ping_status":"open","sticky":false,"template":"","format":"standard","meta":{"_joinchat":[],"footnotes":""},"categories":[1],"tags":[],"class_list":["post-4873","post","type-post","status-publish","format-standard","has-post-thumbnail","hentry","category-the-fortune-one"],"yoast_head":"<!-- This site is optimized with the Yoast SEO plugin v27.5 - https:\/\/yoast.com\/product\/yoast-seo-wordpress\/ -->\n<title>STF mant\u00e9m cobran\u00e7a retroativa de tributos ap\u00f3s \u2018quebra\u2019 de decis\u00f5es definitivas - The Fortune.one<\/title>\n<meta name=\"description\" content=\"Somos especialistas em gest\u00e3o patrimonial, op\u00e7\u00f5es de investimentos para diversos perfis, nosso diferencial \u00e9 comprovado com resultados.\" \/>\n<meta name=\"robots\" content=\"index, follow, max-snippet:-1, max-image-preview:large, max-video-preview:-1\" \/>\n<link rel=\"canonical\" href=\"https:\/\/thefortune.one\/en\/stf-mantem-cobranca-retroativa-de-tributos-apos-quebra-de-decisoes-definitivas\/\" \/>\n<meta property=\"og:locale\" content=\"en_US\" \/>\n<meta property=\"og:type\" content=\"article\" \/>\n<meta property=\"og:title\" content=\"STF mant\u00e9m cobran\u00e7a retroativa de tributos ap\u00f3s \u2018quebra\u2019 de decis\u00f5es definitivas - The Fortune.one\" \/>\n<meta property=\"og:description\" content=\"Somos especialistas em gest\u00e3o patrimonial, op\u00e7\u00f5es de investimentos para diversos perfis, nosso diferencial \u00e9 comprovado com resultados.\" \/>\n<meta property=\"og:url\" content=\"https:\/\/thefortune.one\/en\/stf-mantem-cobranca-retroativa-de-tributos-apos-quebra-de-decisoes-definitivas\/\" \/>\n<meta property=\"og:site_name\" content=\"The Fortune.one\" \/>\n<meta property=\"article:published_time\" content=\"2024-04-04T14:03:44+00:00\" \/>\n<meta property=\"og:image\" content=\"https:\/\/thefortune.one\/wp-content\/uploads\/2024\/04\/stf.jpg\" \/>\n\t<meta property=\"og:image:width\" content=\"396\" \/>\n\t<meta property=\"og:image:height\" content=\"199\" \/>\n\t<meta property=\"og:image:type\" content=\"image\/jpeg\" \/>\n<meta name=\"author\" content=\"bianca\" \/>\n<meta name=\"twitter:card\" content=\"summary_large_image\" \/>\n<meta name=\"twitter:label1\" content=\"Written by\" \/>\n\t<meta name=\"twitter:data1\" content=\"bianca\" \/>\n\t<meta name=\"twitter:label2\" content=\"Est. reading time\" \/>\n\t<meta name=\"twitter:data2\" content=\"3 minutes\" \/>\n<script type=\"application\/ld+json\" class=\"yoast-schema-graph\">{\"@context\":\"https:\\\/\\\/schema.org\",\"@graph\":[{\"@type\":\"Article\",\"@id\":\"https:\\\/\\\/thefortune.one\\\/pt\\\/stf-mantem-cobranca-retroativa-de-tributos-apos-quebra-de-decisoes-definitivas\\\/#article\",\"isPartOf\":{\"@id\":\"https:\\\/\\\/thefortune.one\\\/pt\\\/stf-mantem-cobranca-retroativa-de-tributos-apos-quebra-de-decisoes-definitivas\\\/\"},\"author\":{\"name\":\"bianca\",\"@id\":\"https:\\\/\\\/thefortune.one\\\/pt\\\/#\\\/schema\\\/person\\\/6cd8fe72a627d36caabf41815984a16f\"},\"headline\":\"STF mant\u00e9m cobran\u00e7a retroativa de tributos ap\u00f3s \u2018quebra\u2019 de decis\u00f5es definitivas\",\"datePublished\":\"2024-04-04T14:03:44+00:00\",\"mainEntityOfPage\":{\"@id\":\"https:\\\/\\\/thefortune.one\\\/pt\\\/stf-mantem-cobranca-retroativa-de-tributos-apos-quebra-de-decisoes-definitivas\\\/\"},\"wordCount\":556,\"commentCount\":0,\"publisher\":{\"@id\":\"https:\\\/\\\/thefortune.one\\\/pt\\\/#organization\"},\"image\":{\"@id\":\"https:\\\/\\\/thefortune.one\\\/pt\\\/stf-mantem-cobranca-retroativa-de-tributos-apos-quebra-de-decisoes-definitivas\\\/#primaryimage\"},\"thumbnailUrl\":\"https:\\\/\\\/thefortune.one\\\/wp-content\\\/uploads\\\/2024\\\/04\\\/stf.jpg\",\"articleSection\":[\"The Fortune.one\"],\"inLanguage\":\"en-US\",\"potentialAction\":[{\"@type\":\"CommentAction\",\"name\":\"Comment\",\"target\":[\"https:\\\/\\\/thefortune.one\\\/pt\\\/stf-mantem-cobranca-retroativa-de-tributos-apos-quebra-de-decisoes-definitivas\\\/#respond\"]}]},{\"@type\":\"WebPage\",\"@id\":\"https:\\\/\\\/thefortune.one\\\/pt\\\/stf-mantem-cobranca-retroativa-de-tributos-apos-quebra-de-decisoes-definitivas\\\/\",\"url\":\"https:\\\/\\\/thefortune.one\\\/pt\\\/stf-mantem-cobranca-retroativa-de-tributos-apos-quebra-de-decisoes-definitivas\\\/\",\"name\":\"STF mant\u00e9m cobran\u00e7a retroativa de tributos ap\u00f3s \u2018quebra\u2019 de decis\u00f5es definitivas - The Fortune.one\",\"isPartOf\":{\"@id\":\"https:\\\/\\\/thefortune.one\\\/pt\\\/#website\"},\"primaryImageOfPage\":{\"@id\":\"https:\\\/\\\/thefortune.one\\\/pt\\\/stf-mantem-cobranca-retroativa-de-tributos-apos-quebra-de-decisoes-definitivas\\\/#primaryimage\"},\"image\":{\"@id\":\"https:\\\/\\\/thefortune.one\\\/pt\\\/stf-mantem-cobranca-retroativa-de-tributos-apos-quebra-de-decisoes-definitivas\\\/#primaryimage\"},\"thumbnailUrl\":\"https:\\\/\\\/thefortune.one\\\/wp-content\\\/uploads\\\/2024\\\/04\\\/stf.jpg\",\"datePublished\":\"2024-04-04T14:03:44+00:00\",\"description\":\"Somos especialistas em gest\u00e3o patrimonial, op\u00e7\u00f5es de investimentos para diversos perfis, nosso diferencial \u00e9 comprovado com resultados.\",\"breadcrumb\":{\"@id\":\"https:\\\/\\\/thefortune.one\\\/pt\\\/stf-mantem-cobranca-retroativa-de-tributos-apos-quebra-de-decisoes-definitivas\\\/#breadcrumb\"},\"inLanguage\":\"en-US\",\"potentialAction\":[{\"@type\":\"ReadAction\",\"target\":[\"https:\\\/\\\/thefortune.one\\\/pt\\\/stf-mantem-cobranca-retroativa-de-tributos-apos-quebra-de-decisoes-definitivas\\\/\"]}]},{\"@type\":\"ImageObject\",\"inLanguage\":\"en-US\",\"@id\":\"https:\\\/\\\/thefortune.one\\\/pt\\\/stf-mantem-cobranca-retroativa-de-tributos-apos-quebra-de-decisoes-definitivas\\\/#primaryimage\",\"url\":\"https:\\\/\\\/thefortune.one\\\/wp-content\\\/uploads\\\/2024\\\/04\\\/stf.jpg\",\"contentUrl\":\"https:\\\/\\\/thefortune.one\\\/wp-content\\\/uploads\\\/2024\\\/04\\\/stf.jpg\",\"width\":396,\"height\":199},{\"@type\":\"BreadcrumbList\",\"@id\":\"https:\\\/\\\/thefortune.one\\\/pt\\\/stf-mantem-cobranca-retroativa-de-tributos-apos-quebra-de-decisoes-definitivas\\\/#breadcrumb\",\"itemListElement\":[{\"@type\":\"ListItem\",\"position\":1,\"name\":\"In\u00edcio\",\"item\":\"https:\\\/\\\/thefortune.one\\\/pt\\\/\"},{\"@type\":\"ListItem\",\"position\":2,\"name\":\"STF mant\u00e9m cobran\u00e7a retroativa de tributos ap\u00f3s \u2018quebra\u2019 de decis\u00f5es definitivas\"}]},{\"@type\":\"WebSite\",\"@id\":\"https:\\\/\\\/thefortune.one\\\/pt\\\/#website\",\"url\":\"https:\\\/\\\/thefortune.one\\\/pt\\\/\",\"name\":\"The Fortune.one\",\"description\":\"Gestora de Recursos Especializada em Private Equity\",\"publisher\":{\"@id\":\"https:\\\/\\\/thefortune.one\\\/pt\\\/#organization\"},\"potentialAction\":[{\"@type\":\"SearchAction\",\"target\":{\"@type\":\"EntryPoint\",\"urlTemplate\":\"https:\\\/\\\/thefortune.one\\\/pt\\\/?s={search_term_string}\"},\"query-input\":{\"@type\":\"PropertyValueSpecification\",\"valueRequired\":true,\"valueName\":\"search_term_string\"}}],\"inLanguage\":\"en-US\"},{\"@type\":\"Organization\",\"@id\":\"https:\\\/\\\/thefortune.one\\\/pt\\\/#organization\",\"name\":\"The Fortune One\",\"url\":\"https:\\\/\\\/thefortune.one\\\/pt\\\/\",\"logo\":{\"@type\":\"ImageObject\",\"inLanguage\":\"en-US\",\"@id\":\"https:\\\/\\\/thefortune.one\\\/pt\\\/#\\\/schema\\\/logo\\\/image\\\/\",\"url\":\"https:\\\/\\\/thefortune.one\\\/wp-content\\\/uploads\\\/2022\\\/11\\\/cropped-cropped-1651682701199-1.jpg\",\"contentUrl\":\"https:\\\/\\\/thefortune.one\\\/wp-content\\\/uploads\\\/2022\\\/11\\\/cropped-cropped-1651682701199-1.jpg\",\"width\":369,\"height\":421,\"caption\":\"The Fortune One\"},\"image\":{\"@id\":\"https:\\\/\\\/thefortune.one\\\/pt\\\/#\\\/schema\\\/logo\\\/image\\\/\"}},{\"@type\":\"Person\",\"@id\":\"https:\\\/\\\/thefortune.one\\\/pt\\\/#\\\/schema\\\/person\\\/6cd8fe72a627d36caabf41815984a16f\",\"name\":\"bianca\",\"image\":{\"@type\":\"ImageObject\",\"inLanguage\":\"en-US\",\"@id\":\"https:\\\/\\\/secure.gravatar.com\\\/avatar\\\/66cd7b00d93410555e00d1e6a911a86de0cd0cfa4f83a2f8b47eddc2968c98af?s=96&d=mm&r=g\",\"url\":\"https:\\\/\\\/secure.gravatar.com\\\/avatar\\\/66cd7b00d93410555e00d1e6a911a86de0cd0cfa4f83a2f8b47eddc2968c98af?s=96&d=mm&r=g\",\"contentUrl\":\"https:\\\/\\\/secure.gravatar.com\\\/avatar\\\/66cd7b00d93410555e00d1e6a911a86de0cd0cfa4f83a2f8b47eddc2968c98af?s=96&d=mm&r=g\",\"caption\":\"bianca\"},\"url\":\"https:\\\/\\\/thefortune.one\\\/en\\\/author\\\/bianca\\\/\"}]}<\/script>\n<!-- \/ Yoast SEO plugin. -->","yoast_head_json":{"title":"STF mant\u00e9m cobran\u00e7a retroativa de tributos ap\u00f3s \u2018quebra\u2019 de decis\u00f5es definitivas - The Fortune.one","description":"Somos especialistas em gest\u00e3o patrimonial, op\u00e7\u00f5es de investimentos para diversos perfis, nosso diferencial \u00e9 comprovado com resultados.","robots":{"index":"index","follow":"follow","max-snippet":"max-snippet:-1","max-image-preview":"max-image-preview:large","max-video-preview":"max-video-preview:-1"},"canonical":"https:\/\/thefortune.one\/en\/stf-mantem-cobranca-retroativa-de-tributos-apos-quebra-de-decisoes-definitivas\/","og_locale":"en_US","og_type":"article","og_title":"STF mant\u00e9m cobran\u00e7a retroativa de tributos ap\u00f3s \u2018quebra\u2019 de decis\u00f5es definitivas - The Fortune.one","og_description":"Somos especialistas em gest\u00e3o patrimonial, op\u00e7\u00f5es de investimentos para diversos perfis, nosso diferencial \u00e9 comprovado com resultados.","og_url":"https:\/\/thefortune.one\/en\/stf-mantem-cobranca-retroativa-de-tributos-apos-quebra-de-decisoes-definitivas\/","og_site_name":"The Fortune.one","article_published_time":"2024-04-04T14:03:44+00:00","og_image":[{"width":396,"height":199,"url":"https:\/\/thefortune.one\/wp-content\/uploads\/2024\/04\/stf.jpg","type":"image\/jpeg"}],"author":"bianca","twitter_card":"summary_large_image","twitter_misc":{"Written by":"bianca","Est. reading time":"3 minutes"},"schema":{"@context":"https:\/\/schema.org","@graph":[{"@type":"Article","@id":"https:\/\/thefortune.one\/pt\/stf-mantem-cobranca-retroativa-de-tributos-apos-quebra-de-decisoes-definitivas\/#article","isPartOf":{"@id":"https:\/\/thefortune.one\/pt\/stf-mantem-cobranca-retroativa-de-tributos-apos-quebra-de-decisoes-definitivas\/"},"author":{"name":"bianca","@id":"https:\/\/thefortune.one\/pt\/#\/schema\/person\/6cd8fe72a627d36caabf41815984a16f"},"headline":"STF mant\u00e9m cobran\u00e7a retroativa de tributos ap\u00f3s \u2018quebra\u2019 de decis\u00f5es definitivas","datePublished":"2024-04-04T14:03:44+00:00","mainEntityOfPage":{"@id":"https:\/\/thefortune.one\/pt\/stf-mantem-cobranca-retroativa-de-tributos-apos-quebra-de-decisoes-definitivas\/"},"wordCount":556,"commentCount":0,"publisher":{"@id":"https:\/\/thefortune.one\/pt\/#organization"},"image":{"@id":"https:\/\/thefortune.one\/pt\/stf-mantem-cobranca-retroativa-de-tributos-apos-quebra-de-decisoes-definitivas\/#primaryimage"},"thumbnailUrl":"https:\/\/thefortune.one\/wp-content\/uploads\/2024\/04\/stf.jpg","articleSection":["The Fortune.one"],"inLanguage":"en-US","potentialAction":[{"@type":"CommentAction","name":"Comment","target":["https:\/\/thefortune.one\/pt\/stf-mantem-cobranca-retroativa-de-tributos-apos-quebra-de-decisoes-definitivas\/#respond"]}]},{"@type":"WebPage","@id":"https:\/\/thefortune.one\/pt\/stf-mantem-cobranca-retroativa-de-tributos-apos-quebra-de-decisoes-definitivas\/","url":"https:\/\/thefortune.one\/pt\/stf-mantem-cobranca-retroativa-de-tributos-apos-quebra-de-decisoes-definitivas\/","name":"STF mant\u00e9m cobran\u00e7a retroativa de tributos ap\u00f3s \u2018quebra\u2019 de decis\u00f5es definitivas - The Fortune.one","isPartOf":{"@id":"https:\/\/thefortune.one\/pt\/#website"},"primaryImageOfPage":{"@id":"https:\/\/thefortune.one\/pt\/stf-mantem-cobranca-retroativa-de-tributos-apos-quebra-de-decisoes-definitivas\/#primaryimage"},"image":{"@id":"https:\/\/thefortune.one\/pt\/stf-mantem-cobranca-retroativa-de-tributos-apos-quebra-de-decisoes-definitivas\/#primaryimage"},"thumbnailUrl":"https:\/\/thefortune.one\/wp-content\/uploads\/2024\/04\/stf.jpg","datePublished":"2024-04-04T14:03:44+00:00","description":"Somos especialistas em gest\u00e3o patrimonial, op\u00e7\u00f5es de investimentos para diversos perfis, nosso diferencial \u00e9 comprovado com resultados.","breadcrumb":{"@id":"https:\/\/thefortune.one\/pt\/stf-mantem-cobranca-retroativa-de-tributos-apos-quebra-de-decisoes-definitivas\/#breadcrumb"},"inLanguage":"en-US","potentialAction":[{"@type":"ReadAction","target":["https:\/\/thefortune.one\/pt\/stf-mantem-cobranca-retroativa-de-tributos-apos-quebra-de-decisoes-definitivas\/"]}]},{"@type":"ImageObject","inLanguage":"en-US","@id":"https:\/\/thefortune.one\/pt\/stf-mantem-cobranca-retroativa-de-tributos-apos-quebra-de-decisoes-definitivas\/#primaryimage","url":"https:\/\/thefortune.one\/wp-content\/uploads\/2024\/04\/stf.jpg","contentUrl":"https:\/\/thefortune.one\/wp-content\/uploads\/2024\/04\/stf.jpg","width":396,"height":199},{"@type":"BreadcrumbList","@id":"https:\/\/thefortune.one\/pt\/stf-mantem-cobranca-retroativa-de-tributos-apos-quebra-de-decisoes-definitivas\/#breadcrumb","itemListElement":[{"@type":"ListItem","position":1,"name":"In\u00edcio","item":"https:\/\/thefortune.one\/pt\/"},{"@type":"ListItem","position":2,"name":"STF mant\u00e9m cobran\u00e7a retroativa de tributos ap\u00f3s \u2018quebra\u2019 de decis\u00f5es definitivas"}]},{"@type":"WebSite","@id":"https:\/\/thefortune.one\/pt\/#website","url":"https:\/\/thefortune.one\/pt\/","name":"The Fortune.one","description":"Gestora de Recursos Especializada em Private Equity","publisher":{"@id":"https:\/\/thefortune.one\/pt\/#organization"},"potentialAction":[{"@type":"SearchAction","target":{"@type":"EntryPoint","urlTemplate":"https:\/\/thefortune.one\/pt\/?s={search_term_string}"},"query-input":{"@type":"PropertyValueSpecification","valueRequired":true,"valueName":"search_term_string"}}],"inLanguage":"en-US"},{"@type":"Organization","@id":"https:\/\/thefortune.one\/pt\/#organization","name":"The Fortune One","url":"https:\/\/thefortune.one\/pt\/","logo":{"@type":"ImageObject","inLanguage":"en-US","@id":"https:\/\/thefortune.one\/pt\/#\/schema\/logo\/image\/","url":"https:\/\/thefortune.one\/wp-content\/uploads\/2022\/11\/cropped-cropped-1651682701199-1.jpg","contentUrl":"https:\/\/thefortune.one\/wp-content\/uploads\/2022\/11\/cropped-cropped-1651682701199-1.jpg","width":369,"height":421,"caption":"The Fortune One"},"image":{"@id":"https:\/\/thefortune.one\/pt\/#\/schema\/logo\/image\/"}},{"@type":"Person","@id":"https:\/\/thefortune.one\/pt\/#\/schema\/person\/6cd8fe72a627d36caabf41815984a16f","name":"bianca","image":{"@type":"ImageObject","inLanguage":"en-US","@id":"https:\/\/secure.gravatar.com\/avatar\/66cd7b00d93410555e00d1e6a911a86de0cd0cfa4f83a2f8b47eddc2968c98af?s=96&d=mm&r=g","url":"https:\/\/secure.gravatar.com\/avatar\/66cd7b00d93410555e00d1e6a911a86de0cd0cfa4f83a2f8b47eddc2968c98af?s=96&d=mm&r=g","contentUrl":"https:\/\/secure.gravatar.com\/avatar\/66cd7b00d93410555e00d1e6a911a86de0cd0cfa4f83a2f8b47eddc2968c98af?s=96&d=mm&r=g","caption":"bianca"},"url":"https:\/\/thefortune.one\/en\/author\/bianca\/"}]}},"_links":{"self":[{"href":"https:\/\/thefortune.one\/en\/wp-json\/wp\/v2\/posts\/4873","targetHints":{"allow":["GET"]}}],"collection":[{"href":"https:\/\/thefortune.one\/en\/wp-json\/wp\/v2\/posts"}],"about":[{"href":"https:\/\/thefortune.one\/en\/wp-json\/wp\/v2\/types\/post"}],"author":[{"embeddable":true,"href":"https:\/\/thefortune.one\/en\/wp-json\/wp\/v2\/users\/3"}],"replies":[{"embeddable":true,"href":"https:\/\/thefortune.one\/en\/wp-json\/wp\/v2\/comments?post=4873"}],"version-history":[{"count":1,"href":"https:\/\/thefortune.one\/en\/wp-json\/wp\/v2\/posts\/4873\/revisions"}],"predecessor-version":[{"id":4876,"href":"https:\/\/thefortune.one\/en\/wp-json\/wp\/v2\/posts\/4873\/revisions\/4876"}],"wp:featuredmedia":[{"embeddable":true,"href":"https:\/\/thefortune.one\/en\/wp-json\/wp\/v2\/media\/4875"}],"wp:attachment":[{"href":"https:\/\/thefortune.one\/en\/wp-json\/wp\/v2\/media?parent=4873"}],"wp:term":[{"taxonomy":"category","embeddable":true,"href":"https:\/\/thefortune.one\/en\/wp-json\/wp\/v2\/categories?post=4873"},{"taxonomy":"post_tag","embeddable":true,"href":"https:\/\/thefortune.one\/en\/wp-json\/wp\/v2\/tags?post=4873"}],"curies":[{"name":"wp","href":"https:\/\/api.w.org\/{rel}","templated":true}]}}