{"id":4856,"date":"2024-03-28T13:07:39","date_gmt":"2024-03-28T13:07:39","guid":{"rendered":"https:\/\/thefortune.one\/?p=4856"},"modified":"2024-03-28T13:07:39","modified_gmt":"2024-03-28T13:07:39","slug":"milei-anuncia-plano-para-demitir-70-mil-servidores-na-argentina-15-mil-serao-cortados-em-marco","status":"publish","type":"post","link":"https:\/\/thefortune.one\/en\/milei-anuncia-plano-para-demitir-70-mil-servidores-na-argentina-15-mil-serao-cortados-em-marco\/","title":{"rendered":"Milei anuncia plano para demitir 70 mil servidores na Argentina; 15 mil ser\u00e3o cortados em mar\u00e7o"},"content":{"rendered":"\n<p>Demiss\u00f5es d\u00e3o continuidade ao plano do presidente argentino para diminuir a m\u00e1quina p\u00fablica argentina e alcan\u00e7ar um equil\u00edbrio fiscal ainda em 2024<a href=\"https:\/\/web.whatsapp.com\/send?text=Milei%20anuncia%20plano%20para%20demitir%2070%20mil%20servidores%20na%20Argentina;%2015%20mil%20ser%C3%A3o%20cortados%20em%20mar%C3%A7o%20https%3A%2F%2Finteligenciafinanceira.com.br%2Fmercado-financeiro%2Fpolitica%2Fmilei-anuncia-plano-para-demitir-70-mil-servidores-na-argentina-15-mil-serao-cortados-em-marco%2F\" target=\"_blank\" rel=\"noreferrer noopener\"><\/a><a href=\"https:\/\/www.linkedin.com\/sharing\/share-offsite\/?url=https%3A%2F%2Finteligenciafinanceira.com.br%2Fmercado-financeiro%2Fpolitica%2Fmilei-anuncia-plano-para-demitir-70-mil-servidores-na-argentina-15-mil-serao-cortados-em-marco%2F&amp;title=Milei%20anuncia%20plano%20para%20demitir%2070%20mil%20servidores%20na%20Argentina;%2015%20mil%20ser%C3%A3o%20cortados%20em%20mar%C3%A7o\" target=\"_blank\" rel=\"noreferrer noopener\"><\/a><a href=\"https:\/\/t.me\/share\/url?url=https%3A%2F%2Finteligenciafinanceira.com.br%2Fmercado-financeiro%2Fpolitica%2Fmilei-anuncia-plano-para-demitir-70-mil-servidores-na-argentina-15-mil-serao-cortados-em-marco%2F&amp;text=Milei%20anuncia%20plano%20para%20demitir%2070%20mil%20servidores%20na%20Argentina;%2015%20mil%20ser%C3%A3o%20cortados%20em%20mar%C3%A7o\" target=\"_blank\" rel=\"noreferrer noopener\"><\/a><a href=\"https:\/\/twitter.com\/intent\/tweet?text=Milei%20anuncia%20plano%20para%20demitir%2070%20mil%20servidores%20na%20Argentina;%2015%20mil%20ser%C3%A3o%20cortados%20em%20mar%C3%A7o&amp;url=https%3A%2F%2Finteligenciafinanceira.com.br%2Fmercado-financeiro%2Fpolitica%2Fmilei-anuncia-plano-para-demitir-70-mil-servidores-na-argentina-15-mil-serao-cortados-em-marco%2F&amp;\" target=\"_blank\" rel=\"noreferrer noopener\"><\/a><a href=\"https:\/\/www.facebook.com\/sharer\/sharer.php?u=https%3A%2F%2Finteligenciafinanceira.com.br%2Fmercado-financeiro%2Fpolitica%2Fmilei-anuncia-plano-para-demitir-70-mil-servidores-na-argentina-15-mil-serao-cortados-em-marco%2F\" target=\"_blank\" rel=\"noreferrer noopener\"><\/a><a href=\"mailto:?subject=Milei%20anuncia%20plano%20para%20demitir%2070%20mil%20servidores%20na%20Argentina;%2015%20mil%20ser%C3%A3o%20cortados%20em%20mar%C3%A7o&amp;body=Veja%20mais%20em%20https%3A%2F%2Finteligenciafinanceira.com.br%2Fmercado-financeiro%2Fpolitica%2Fmilei-anuncia-plano-para-demitir-70-mil-servidores-na-argentina-15-mil-serao-cortados-em-marco%2F\" target=\"_blank\" rel=\"noreferrer noopener\"><\/a><a href=\"https:\/\/inteligenciafinanceira.com.br\/mercado-financeiro\/politica\/milei-anuncia-plano-para-demitir-70-mil-servidores-na-argentina-15-mil-serao-cortados-em-marco\/#copy_link\"><\/a><\/p>\n\n\n\n<figure class=\"wp-block-image is-resized\"><img decoding=\"async\" src=\"https:\/\/inteligenciafinanceira.com.br\/wp-content\/uploads\/2024\/03\/53396275735_bafaca01cf_omenor-e1710864193480.jpg?w=396\" alt=\"Milei anuncia plano para demitir 70 mil servidores na Argentina; 15 mil ser\u00e3o cortados em mar\u00e7o\" style=\"width:411px;height:auto\" \/><figcaption class=\"wp-element-caption\">Javier Milei, presidente da Argentina Foto: Minist\u00e9rio de Rela\u00e7\u00f5es Exteriores da Argentina<\/figcaption><\/figure>\n\n\n\n<p>O presidente argentino Javier Milei afirmou no fim desta ter\u00e7a-feira (26) que pretende demitir 70 mil servidores p\u00fablicos da&nbsp;<a href=\"https:\/\/inteligenciafinanceira.com.br\/investimentos\/argentina\/\" target=\"_blank\" rel=\"noreferrer noopener\">Argentina<\/a>. Nesta quarta-feira (27), o seu porta-voz, Manuel Adorni, confirmou que 15 mil ser\u00e3o cortados no dia 31 e que o restante das demiss\u00f5es est\u00e1 em discuss\u00e3o.<\/p>\n\n\n\n<p>De acordo com o porta-voz, o governo optou por n\u00e3o renovar parte dos contratos de servidores que se encerram no fim deste m\u00eas. Os demais ser\u00e3o renovados por mais seis meses, e uma nova auditoria ser\u00e1 feita no t\u00e9rmino deste prazo para analisar novas demiss\u00f5es.<\/p>\n\n\n\n<p>As demiss\u00f5es d\u00e3o continuidade ao plano de Milei para diminuir a m\u00e1quina p\u00fablica argentina e alcan\u00e7ar um equil\u00edbrio fiscal este ano. O plano, que foi a principal plataforma pol\u00edtica do argentino durante as elei\u00e7\u00f5es presidenciais do ano passado, inclui medidas a paralisa\u00e7\u00e3o de obras p\u00fablicas, corte de financiamentos a prov\u00edncias e o fim de 200 mil planos de seguridade social, implementadas em pouco mais de 100 dias de governo.<\/p>\n\n\n\n<p>Essas medidas foram destacadas pelo presidente argentino durante um evento de neg\u00f3cios nesta ter\u00e7a-feira. No final do seu discurso, ele garantiu haver mais \u201cmotosserra\u201d, como ficou conhecida a sua pol\u00edtica de redu\u00e7\u00e3o de gastos, nos pr\u00f3ximos meses.<\/p>\n\n\n\n<p>Em um tom mais cauteloso nesta quarta, o porta-voz de Milei afirmou que os cortes ser\u00e3o \u201cmais lentos do que gostar\u00edamos\u201d por causa da complexidade da m\u00e1quina estatal. \u201cS\u00e3o quest\u00f5es sens\u00edveis porque por tr\u00e1s h\u00e1 locais de trabalho e atendimento \u00e0s pessoas\u201d, disse. \u201cO objetivo \u00e9 chegar ao adequado. Se for 70 mil, que seja 70 mil, se for 15 mil, que fique em 15 mil. Precisamos ser extremamente cir\u00fargicos no trabalho para n\u00e3o cometer erros\u201d, acrescentou.<\/p>\n\n\n\n<p>Adorni tamb\u00e9m afirmou que as demiss\u00f5es n\u00e3o incluem servidores de empresas p\u00fablicas ou de programas sociais. \u201c(O governo) n\u00e3o quer fazer mal, pelo contr\u00e1rio: que se possa enxugar a m\u00e1quina p\u00fablica e que as pessoas n\u00e3o paguem sal\u00e1rios que n\u00e3o correspondam\u201d, disse.<\/p>\n\n\n\n<p>Milei disse em mais de uma ocasi\u00e3o que o governo havia demitido 50 mil servidores, mas autoridades confirmam que os cortes ficaram entre 5 e 7 mil em dezembro, no primeiro m\u00eas do argentino na presid\u00eancia. As medidas enfrentam oposi\u00e7\u00e3o dos sindicatos de trabalhadores do pa\u00eds, que chegaram a organizar uma greve geral em janeiro. Uma nova mobiliza\u00e7\u00e3o foi convocada pela Associa\u00e7\u00e3o dos Trabalhadores do Estado (ATE) depois das novas declara\u00e7\u00f5es do governo.<\/p>\n\n\n\n<p>Nos primeiros 100 dias, as medidas de austeridade de Milei quebraram uma sequ\u00eancia de 10 anos de d\u00e9ficits p\u00fablicos e obtiveram dois super\u00e1vits seguidos nas contas p\u00fablicas, mas, em contrapartida, aumentaram a pobreza do pa\u00eds e fizeram o Executivo entrar em colis\u00e3o com as prov\u00edncias.<\/p>\n\n\n\n<p>Fonte:https:\/\/inteligenciafinanceira.com.br\/mercado-financeiro\/politica\/milei-anuncia-plano-para-demitir-70-mil-servidores-na-argentina-15-mil-serao-cortados-em-marco\/<\/p>\n","protected":false},"excerpt":{"rendered":"<p>Demiss\u00f5es d\u00e3o continuidade ao plano do presidente argentino para diminuir a m\u00e1quina p\u00fablica argentina e alcan\u00e7ar um equil\u00edbrio fiscal ainda em 2024 O presidente argentino Javier Milei afirmou no fim desta ter\u00e7a-feira (26) que pretende demitir 70 mil servidores p\u00fablicos da&nbsp;Argentina. Nesta quarta-feira (27), o seu porta-voz, Manuel Adorni, confirmou que 15 mil ser\u00e3o cortados [&hellip;]<\/p>\n","protected":false},"author":3,"featured_media":4857,"comment_status":"open","ping_status":"open","sticky":false,"template":"","format":"standard","meta":{"_joinchat":[],"footnotes":""},"categories":[1],"tags":[],"class_list":["post-4856","post","type-post","status-publish","format-standard","has-post-thumbnail","hentry","category-the-fortune-one"],"yoast_head":"<!-- This site is optimized with the Yoast SEO plugin v27.5 - https:\/\/yoast.com\/product\/yoast-seo-wordpress\/ -->\n<title>Milei anuncia plano para demitir 70 mil servidores na Argentina; 15 mil ser\u00e3o cortados em mar\u00e7o - The Fortune.one<\/title>\n<meta name=\"description\" content=\"Somos especialistas em gest\u00e3o patrimonial, op\u00e7\u00f5es de investimentos para diversos perfis, nosso diferencial \u00e9 comprovado com resultados.\" \/>\n<meta name=\"robots\" content=\"index, follow, max-snippet:-1, max-image-preview:large, max-video-preview:-1\" \/>\n<link rel=\"canonical\" href=\"https:\/\/thefortune.one\/en\/milei-anuncia-plano-para-demitir-70-mil-servidores-na-argentina-15-mil-serao-cortados-em-marco\/\" \/>\n<meta property=\"og:locale\" content=\"en_US\" \/>\n<meta property=\"og:type\" content=\"article\" \/>\n<meta property=\"og:title\" content=\"Milei anuncia plano para demitir 70 mil servidores na Argentina; 15 mil ser\u00e3o cortados em mar\u00e7o - The Fortune.one\" \/>\n<meta property=\"og:description\" content=\"Somos especialistas em gest\u00e3o patrimonial, op\u00e7\u00f5es de investimentos para diversos perfis, nosso diferencial \u00e9 comprovado com resultados.\" \/>\n<meta property=\"og:url\" content=\"https:\/\/thefortune.one\/en\/milei-anuncia-plano-para-demitir-70-mil-servidores-na-argentina-15-mil-serao-cortados-em-marco\/\" \/>\n<meta property=\"og:site_name\" content=\"The Fortune.one\" \/>\n<meta property=\"article:published_time\" content=\"2024-03-28T13:07:39+00:00\" \/>\n<meta property=\"og:image\" content=\"https:\/\/thefortune.one\/wp-content\/uploads\/2024\/03\/miii.jpg\" \/>\n\t<meta property=\"og:image:width\" content=\"396\" \/>\n\t<meta property=\"og:image:height\" content=\"359\" \/>\n\t<meta property=\"og:image:type\" content=\"image\/jpeg\" \/>\n<meta name=\"author\" content=\"bianca\" \/>\n<meta name=\"twitter:card\" content=\"summary_large_image\" \/>\n<meta name=\"twitter:label1\" content=\"Written by\" \/>\n\t<meta name=\"twitter:data1\" content=\"bianca\" \/>\n\t<meta name=\"twitter:label2\" content=\"Est. reading time\" \/>\n\t<meta name=\"twitter:data2\" content=\"3 minutes\" \/>\n<script type=\"application\/ld+json\" class=\"yoast-schema-graph\">{\"@context\":\"https:\\\/\\\/schema.org\",\"@graph\":[{\"@type\":\"Article\",\"@id\":\"https:\\\/\\\/thefortune.one\\\/pt\\\/milei-anuncia-plano-para-demitir-70-mil-servidores-na-argentina-15-mil-serao-cortados-em-marco\\\/#article\",\"isPartOf\":{\"@id\":\"https:\\\/\\\/thefortune.one\\\/pt\\\/milei-anuncia-plano-para-demitir-70-mil-servidores-na-argentina-15-mil-serao-cortados-em-marco\\\/\"},\"author\":{\"name\":\"bianca\",\"@id\":\"https:\\\/\\\/thefortune.one\\\/pt\\\/#\\\/schema\\\/person\\\/6cd8fe72a627d36caabf41815984a16f\"},\"headline\":\"Milei anuncia plano para demitir 70 mil servidores na Argentina; 15 mil ser\u00e3o cortados em mar\u00e7o\",\"datePublished\":\"2024-03-28T13:07:39+00:00\",\"mainEntityOfPage\":{\"@id\":\"https:\\\/\\\/thefortune.one\\\/pt\\\/milei-anuncia-plano-para-demitir-70-mil-servidores-na-argentina-15-mil-serao-cortados-em-marco\\\/\"},\"wordCount\":547,\"commentCount\":0,\"publisher\":{\"@id\":\"https:\\\/\\\/thefortune.one\\\/pt\\\/#organization\"},\"image\":{\"@id\":\"https:\\\/\\\/thefortune.one\\\/pt\\\/milei-anuncia-plano-para-demitir-70-mil-servidores-na-argentina-15-mil-serao-cortados-em-marco\\\/#primaryimage\"},\"thumbnailUrl\":\"https:\\\/\\\/thefortune.one\\\/wp-content\\\/uploads\\\/2024\\\/03\\\/miii.jpg\",\"articleSection\":[\"The Fortune.one\"],\"inLanguage\":\"en-US\",\"potentialAction\":[{\"@type\":\"CommentAction\",\"name\":\"Comment\",\"target\":[\"https:\\\/\\\/thefortune.one\\\/pt\\\/milei-anuncia-plano-para-demitir-70-mil-servidores-na-argentina-15-mil-serao-cortados-em-marco\\\/#respond\"]}]},{\"@type\":\"WebPage\",\"@id\":\"https:\\\/\\\/thefortune.one\\\/pt\\\/milei-anuncia-plano-para-demitir-70-mil-servidores-na-argentina-15-mil-serao-cortados-em-marco\\\/\",\"url\":\"https:\\\/\\\/thefortune.one\\\/pt\\\/milei-anuncia-plano-para-demitir-70-mil-servidores-na-argentina-15-mil-serao-cortados-em-marco\\\/\",\"name\":\"Milei anuncia plano para demitir 70 mil servidores na Argentina; 15 mil ser\u00e3o cortados em mar\u00e7o - The Fortune.one\",\"isPartOf\":{\"@id\":\"https:\\\/\\\/thefortune.one\\\/pt\\\/#website\"},\"primaryImageOfPage\":{\"@id\":\"https:\\\/\\\/thefortune.one\\\/pt\\\/milei-anuncia-plano-para-demitir-70-mil-servidores-na-argentina-15-mil-serao-cortados-em-marco\\\/#primaryimage\"},\"image\":{\"@id\":\"https:\\\/\\\/thefortune.one\\\/pt\\\/milei-anuncia-plano-para-demitir-70-mil-servidores-na-argentina-15-mil-serao-cortados-em-marco\\\/#primaryimage\"},\"thumbnailUrl\":\"https:\\\/\\\/thefortune.one\\\/wp-content\\\/uploads\\\/2024\\\/03\\\/miii.jpg\",\"datePublished\":\"2024-03-28T13:07:39+00:00\",\"description\":\"Somos especialistas em gest\u00e3o patrimonial, op\u00e7\u00f5es de investimentos para diversos perfis, nosso diferencial \u00e9 comprovado com resultados.\",\"breadcrumb\":{\"@id\":\"https:\\\/\\\/thefortune.one\\\/pt\\\/milei-anuncia-plano-para-demitir-70-mil-servidores-na-argentina-15-mil-serao-cortados-em-marco\\\/#breadcrumb\"},\"inLanguage\":\"en-US\",\"potentialAction\":[{\"@type\":\"ReadAction\",\"target\":[\"https:\\\/\\\/thefortune.one\\\/pt\\\/milei-anuncia-plano-para-demitir-70-mil-servidores-na-argentina-15-mil-serao-cortados-em-marco\\\/\"]}]},{\"@type\":\"ImageObject\",\"inLanguage\":\"en-US\",\"@id\":\"https:\\\/\\\/thefortune.one\\\/pt\\\/milei-anuncia-plano-para-demitir-70-mil-servidores-na-argentina-15-mil-serao-cortados-em-marco\\\/#primaryimage\",\"url\":\"https:\\\/\\\/thefortune.one\\\/wp-content\\\/uploads\\\/2024\\\/03\\\/miii.jpg\",\"contentUrl\":\"https:\\\/\\\/thefortune.one\\\/wp-content\\\/uploads\\\/2024\\\/03\\\/miii.jpg\",\"width\":396,\"height\":359},{\"@type\":\"BreadcrumbList\",\"@id\":\"https:\\\/\\\/thefortune.one\\\/pt\\\/milei-anuncia-plano-para-demitir-70-mil-servidores-na-argentina-15-mil-serao-cortados-em-marco\\\/#breadcrumb\",\"itemListElement\":[{\"@type\":\"ListItem\",\"position\":1,\"name\":\"In\u00edcio\",\"item\":\"https:\\\/\\\/thefortune.one\\\/pt\\\/\"},{\"@type\":\"ListItem\",\"position\":2,\"name\":\"Milei anuncia plano para demitir 70 mil servidores na Argentina; 15 mil ser\u00e3o cortados em mar\u00e7o\"}]},{\"@type\":\"WebSite\",\"@id\":\"https:\\\/\\\/thefortune.one\\\/pt\\\/#website\",\"url\":\"https:\\\/\\\/thefortune.one\\\/pt\\\/\",\"name\":\"The Fortune.one\",\"description\":\"Gestora de Recursos Especializada em Private Equity\",\"publisher\":{\"@id\":\"https:\\\/\\\/thefortune.one\\\/pt\\\/#organization\"},\"potentialAction\":[{\"@type\":\"SearchAction\",\"target\":{\"@type\":\"EntryPoint\",\"urlTemplate\":\"https:\\\/\\\/thefortune.one\\\/pt\\\/?s={search_term_string}\"},\"query-input\":{\"@type\":\"PropertyValueSpecification\",\"valueRequired\":true,\"valueName\":\"search_term_string\"}}],\"inLanguage\":\"en-US\"},{\"@type\":\"Organization\",\"@id\":\"https:\\\/\\\/thefortune.one\\\/pt\\\/#organization\",\"name\":\"The Fortune One\",\"url\":\"https:\\\/\\\/thefortune.one\\\/pt\\\/\",\"logo\":{\"@type\":\"ImageObject\",\"inLanguage\":\"en-US\",\"@id\":\"https:\\\/\\\/thefortune.one\\\/pt\\\/#\\\/schema\\\/logo\\\/image\\\/\",\"url\":\"https:\\\/\\\/thefortune.one\\\/wp-content\\\/uploads\\\/2022\\\/11\\\/cropped-cropped-1651682701199-1.jpg\",\"contentUrl\":\"https:\\\/\\\/thefortune.one\\\/wp-content\\\/uploads\\\/2022\\\/11\\\/cropped-cropped-1651682701199-1.jpg\",\"width\":369,\"height\":421,\"caption\":\"The Fortune One\"},\"image\":{\"@id\":\"https:\\\/\\\/thefortune.one\\\/pt\\\/#\\\/schema\\\/logo\\\/image\\\/\"}},{\"@type\":\"Person\",\"@id\":\"https:\\\/\\\/thefortune.one\\\/pt\\\/#\\\/schema\\\/person\\\/6cd8fe72a627d36caabf41815984a16f\",\"name\":\"bianca\",\"image\":{\"@type\":\"ImageObject\",\"inLanguage\":\"en-US\",\"@id\":\"https:\\\/\\\/secure.gravatar.com\\\/avatar\\\/66cd7b00d93410555e00d1e6a911a86de0cd0cfa4f83a2f8b47eddc2968c98af?s=96&d=mm&r=g\",\"url\":\"https:\\\/\\\/secure.gravatar.com\\\/avatar\\\/66cd7b00d93410555e00d1e6a911a86de0cd0cfa4f83a2f8b47eddc2968c98af?s=96&d=mm&r=g\",\"contentUrl\":\"https:\\\/\\\/secure.gravatar.com\\\/avatar\\\/66cd7b00d93410555e00d1e6a911a86de0cd0cfa4f83a2f8b47eddc2968c98af?s=96&d=mm&r=g\",\"caption\":\"bianca\"},\"url\":\"https:\\\/\\\/thefortune.one\\\/en\\\/author\\\/bianca\\\/\"}]}<\/script>\n<!-- \/ Yoast SEO plugin. -->","yoast_head_json":{"title":"Milei anuncia plano para demitir 70 mil servidores na Argentina; 15 mil ser\u00e3o cortados em mar\u00e7o - The Fortune.one","description":"Somos especialistas em gest\u00e3o patrimonial, op\u00e7\u00f5es de investimentos para diversos perfis, nosso diferencial \u00e9 comprovado com resultados.","robots":{"index":"index","follow":"follow","max-snippet":"max-snippet:-1","max-image-preview":"max-image-preview:large","max-video-preview":"max-video-preview:-1"},"canonical":"https:\/\/thefortune.one\/en\/milei-anuncia-plano-para-demitir-70-mil-servidores-na-argentina-15-mil-serao-cortados-em-marco\/","og_locale":"en_US","og_type":"article","og_title":"Milei anuncia plano para demitir 70 mil servidores na Argentina; 15 mil ser\u00e3o cortados em mar\u00e7o - The Fortune.one","og_description":"Somos especialistas em gest\u00e3o patrimonial, op\u00e7\u00f5es de investimentos para diversos perfis, nosso diferencial \u00e9 comprovado com resultados.","og_url":"https:\/\/thefortune.one\/en\/milei-anuncia-plano-para-demitir-70-mil-servidores-na-argentina-15-mil-serao-cortados-em-marco\/","og_site_name":"The Fortune.one","article_published_time":"2024-03-28T13:07:39+00:00","og_image":[{"width":396,"height":359,"url":"https:\/\/thefortune.one\/wp-content\/uploads\/2024\/03\/miii.jpg","type":"image\/jpeg"}],"author":"bianca","twitter_card":"summary_large_image","twitter_misc":{"Written by":"bianca","Est. reading time":"3 minutes"},"schema":{"@context":"https:\/\/schema.org","@graph":[{"@type":"Article","@id":"https:\/\/thefortune.one\/pt\/milei-anuncia-plano-para-demitir-70-mil-servidores-na-argentina-15-mil-serao-cortados-em-marco\/#article","isPartOf":{"@id":"https:\/\/thefortune.one\/pt\/milei-anuncia-plano-para-demitir-70-mil-servidores-na-argentina-15-mil-serao-cortados-em-marco\/"},"author":{"name":"bianca","@id":"https:\/\/thefortune.one\/pt\/#\/schema\/person\/6cd8fe72a627d36caabf41815984a16f"},"headline":"Milei anuncia plano para demitir 70 mil servidores na Argentina; 15 mil ser\u00e3o cortados em mar\u00e7o","datePublished":"2024-03-28T13:07:39+00:00","mainEntityOfPage":{"@id":"https:\/\/thefortune.one\/pt\/milei-anuncia-plano-para-demitir-70-mil-servidores-na-argentina-15-mil-serao-cortados-em-marco\/"},"wordCount":547,"commentCount":0,"publisher":{"@id":"https:\/\/thefortune.one\/pt\/#organization"},"image":{"@id":"https:\/\/thefortune.one\/pt\/milei-anuncia-plano-para-demitir-70-mil-servidores-na-argentina-15-mil-serao-cortados-em-marco\/#primaryimage"},"thumbnailUrl":"https:\/\/thefortune.one\/wp-content\/uploads\/2024\/03\/miii.jpg","articleSection":["The Fortune.one"],"inLanguage":"en-US","potentialAction":[{"@type":"CommentAction","name":"Comment","target":["https:\/\/thefortune.one\/pt\/milei-anuncia-plano-para-demitir-70-mil-servidores-na-argentina-15-mil-serao-cortados-em-marco\/#respond"]}]},{"@type":"WebPage","@id":"https:\/\/thefortune.one\/pt\/milei-anuncia-plano-para-demitir-70-mil-servidores-na-argentina-15-mil-serao-cortados-em-marco\/","url":"https:\/\/thefortune.one\/pt\/milei-anuncia-plano-para-demitir-70-mil-servidores-na-argentina-15-mil-serao-cortados-em-marco\/","name":"Milei anuncia plano para demitir 70 mil servidores na Argentina; 15 mil ser\u00e3o cortados em mar\u00e7o - The Fortune.one","isPartOf":{"@id":"https:\/\/thefortune.one\/pt\/#website"},"primaryImageOfPage":{"@id":"https:\/\/thefortune.one\/pt\/milei-anuncia-plano-para-demitir-70-mil-servidores-na-argentina-15-mil-serao-cortados-em-marco\/#primaryimage"},"image":{"@id":"https:\/\/thefortune.one\/pt\/milei-anuncia-plano-para-demitir-70-mil-servidores-na-argentina-15-mil-serao-cortados-em-marco\/#primaryimage"},"thumbnailUrl":"https:\/\/thefortune.one\/wp-content\/uploads\/2024\/03\/miii.jpg","datePublished":"2024-03-28T13:07:39+00:00","description":"Somos especialistas em gest\u00e3o patrimonial, op\u00e7\u00f5es de investimentos para diversos perfis, nosso diferencial \u00e9 comprovado com resultados.","breadcrumb":{"@id":"https:\/\/thefortune.one\/pt\/milei-anuncia-plano-para-demitir-70-mil-servidores-na-argentina-15-mil-serao-cortados-em-marco\/#breadcrumb"},"inLanguage":"en-US","potentialAction":[{"@type":"ReadAction","target":["https:\/\/thefortune.one\/pt\/milei-anuncia-plano-para-demitir-70-mil-servidores-na-argentina-15-mil-serao-cortados-em-marco\/"]}]},{"@type":"ImageObject","inLanguage":"en-US","@id":"https:\/\/thefortune.one\/pt\/milei-anuncia-plano-para-demitir-70-mil-servidores-na-argentina-15-mil-serao-cortados-em-marco\/#primaryimage","url":"https:\/\/thefortune.one\/wp-content\/uploads\/2024\/03\/miii.jpg","contentUrl":"https:\/\/thefortune.one\/wp-content\/uploads\/2024\/03\/miii.jpg","width":396,"height":359},{"@type":"BreadcrumbList","@id":"https:\/\/thefortune.one\/pt\/milei-anuncia-plano-para-demitir-70-mil-servidores-na-argentina-15-mil-serao-cortados-em-marco\/#breadcrumb","itemListElement":[{"@type":"ListItem","position":1,"name":"In\u00edcio","item":"https:\/\/thefortune.one\/pt\/"},{"@type":"ListItem","position":2,"name":"Milei anuncia plano para demitir 70 mil servidores na Argentina; 15 mil ser\u00e3o cortados em mar\u00e7o"}]},{"@type":"WebSite","@id":"https:\/\/thefortune.one\/pt\/#website","url":"https:\/\/thefortune.one\/pt\/","name":"The Fortune.one","description":"Gestora de Recursos Especializada em Private Equity","publisher":{"@id":"https:\/\/thefortune.one\/pt\/#organization"},"potentialAction":[{"@type":"SearchAction","target":{"@type":"EntryPoint","urlTemplate":"https:\/\/thefortune.one\/pt\/?s={search_term_string}"},"query-input":{"@type":"PropertyValueSpecification","valueRequired":true,"valueName":"search_term_string"}}],"inLanguage":"en-US"},{"@type":"Organization","@id":"https:\/\/thefortune.one\/pt\/#organization","name":"The Fortune One","url":"https:\/\/thefortune.one\/pt\/","logo":{"@type":"ImageObject","inLanguage":"en-US","@id":"https:\/\/thefortune.one\/pt\/#\/schema\/logo\/image\/","url":"https:\/\/thefortune.one\/wp-content\/uploads\/2022\/11\/cropped-cropped-1651682701199-1.jpg","contentUrl":"https:\/\/thefortune.one\/wp-content\/uploads\/2022\/11\/cropped-cropped-1651682701199-1.jpg","width":369,"height":421,"caption":"The Fortune One"},"image":{"@id":"https:\/\/thefortune.one\/pt\/#\/schema\/logo\/image\/"}},{"@type":"Person","@id":"https:\/\/thefortune.one\/pt\/#\/schema\/person\/6cd8fe72a627d36caabf41815984a16f","name":"bianca","image":{"@type":"ImageObject","inLanguage":"en-US","@id":"https:\/\/secure.gravatar.com\/avatar\/66cd7b00d93410555e00d1e6a911a86de0cd0cfa4f83a2f8b47eddc2968c98af?s=96&d=mm&r=g","url":"https:\/\/secure.gravatar.com\/avatar\/66cd7b00d93410555e00d1e6a911a86de0cd0cfa4f83a2f8b47eddc2968c98af?s=96&d=mm&r=g","contentUrl":"https:\/\/secure.gravatar.com\/avatar\/66cd7b00d93410555e00d1e6a911a86de0cd0cfa4f83a2f8b47eddc2968c98af?s=96&d=mm&r=g","caption":"bianca"},"url":"https:\/\/thefortune.one\/en\/author\/bianca\/"}]}},"_links":{"self":[{"href":"https:\/\/thefortune.one\/en\/wp-json\/wp\/v2\/posts\/4856","targetHints":{"allow":["GET"]}}],"collection":[{"href":"https:\/\/thefortune.one\/en\/wp-json\/wp\/v2\/posts"}],"about":[{"href":"https:\/\/thefortune.one\/en\/wp-json\/wp\/v2\/types\/post"}],"author":[{"embeddable":true,"href":"https:\/\/thefortune.one\/en\/wp-json\/wp\/v2\/users\/3"}],"replies":[{"embeddable":true,"href":"https:\/\/thefortune.one\/en\/wp-json\/wp\/v2\/comments?post=4856"}],"version-history":[{"count":1,"href":"https:\/\/thefortune.one\/en\/wp-json\/wp\/v2\/posts\/4856\/revisions"}],"predecessor-version":[{"id":4858,"href":"https:\/\/thefortune.one\/en\/wp-json\/wp\/v2\/posts\/4856\/revisions\/4858"}],"wp:featuredmedia":[{"embeddable":true,"href":"https:\/\/thefortune.one\/en\/wp-json\/wp\/v2\/media\/4857"}],"wp:attachment":[{"href":"https:\/\/thefortune.one\/en\/wp-json\/wp\/v2\/media?parent=4856"}],"wp:term":[{"taxonomy":"category","embeddable":true,"href":"https:\/\/thefortune.one\/en\/wp-json\/wp\/v2\/categories?post=4856"},{"taxonomy":"post_tag","embeddable":true,"href":"https:\/\/thefortune.one\/en\/wp-json\/wp\/v2\/tags?post=4856"}],"curies":[{"name":"wp","href":"https:\/\/api.w.org\/{rel}","templated":true}]}}