{"id":4761,"date":"2024-02-23T12:49:56","date_gmt":"2024-02-23T12:49:56","guid":{"rendered":"https:\/\/thefortune.one\/?p=4761"},"modified":"2024-02-23T12:49:56","modified_gmt":"2024-02-23T12:49:56","slug":"galipolo-desaceleracao-economica-com-safra-e-efeito-de-juros-e-situacao-mais-conjuntural","status":"publish","type":"post","link":"https:\/\/thefortune.one\/en\/galipolo-desaceleracao-economica-com-safra-e-efeito-de-juros-e-situacao-mais-conjuntural\/","title":{"rendered":"Gal\u00edpolo: desacelera\u00e7\u00e3o econ\u00f4mica com safra e efeito de juros \u00e9 situa\u00e7\u00e3o mais conjuntural"},"content":{"rendered":"\n<p>Na avalia\u00e7\u00e3o do diretor do BC, setor externo pode contribuir menos ao crescimento, por\u00e9m o saldo comercial segue favorecendo uma situa\u00e7\u00e3o privilegiada<a href=\"https:\/\/web.whatsapp.com\/send?text=Gal%C3%ADpolo:%20desacelera%C3%A7%C3%A3o%20econ%C3%B4mica%20com%20safra%20e%20efeito%20de%20juros%20%C3%A9%20situa%C3%A7%C3%A3o%20mais%20conjuntural%20https%3A%2F%2Finteligenciafinanceira.com.br%2Fmercado-financeiro%2Feconomia%2Fgalipolo-desaceleracao-economica-com-safra-e-efeito-de-juros-e-situacao-mais-conjuntural%2F\" target=\"_blank\" rel=\"noreferrer noopener\"><\/a><a href=\"https:\/\/www.linkedin.com\/sharing\/share-offsite\/?url=https%3A%2F%2Finteligenciafinanceira.com.br%2Fmercado-financeiro%2Feconomia%2Fgalipolo-desaceleracao-economica-com-safra-e-efeito-de-juros-e-situacao-mais-conjuntural%2F&amp;title=Gal%C3%ADpolo:%20desacelera%C3%A7%C3%A3o%20econ%C3%B4mica%20com%20safra%20e%20efeito%20de%20juros%20%C3%A9%20situa%C3%A7%C3%A3o%20mais%20conjuntural\" target=\"_blank\" rel=\"noreferrer noopener\"><\/a><a href=\"https:\/\/t.me\/share\/url?url=https%3A%2F%2Finteligenciafinanceira.com.br%2Fmercado-financeiro%2Feconomia%2Fgalipolo-desaceleracao-economica-com-safra-e-efeito-de-juros-e-situacao-mais-conjuntural%2F&amp;text=Gal%C3%ADpolo:%20desacelera%C3%A7%C3%A3o%20econ%C3%B4mica%20com%20safra%20e%20efeito%20de%20juros%20%C3%A9%20situa%C3%A7%C3%A3o%20mais%20conjuntural\" target=\"_blank\" rel=\"noreferrer noopener\"><\/a><a href=\"https:\/\/twitter.com\/intent\/tweet?text=Gal%C3%ADpolo:%20desacelera%C3%A7%C3%A3o%20econ%C3%B4mica%20com%20safra%20e%20efeito%20de%20juros%20%C3%A9%20situa%C3%A7%C3%A3o%20mais%20conjuntural&amp;url=https%3A%2F%2Finteligenciafinanceira.com.br%2Fmercado-financeiro%2Feconomia%2Fgalipolo-desaceleracao-economica-com-safra-e-efeito-de-juros-e-situacao-mais-conjuntural%2F&amp;\" target=\"_blank\" rel=\"noreferrer noopener\"><\/a><a href=\"https:\/\/www.facebook.com\/sharer\/sharer.php?u=https%3A%2F%2Finteligenciafinanceira.com.br%2Fmercado-financeiro%2Feconomia%2Fgalipolo-desaceleracao-economica-com-safra-e-efeito-de-juros-e-situacao-mais-conjuntural%2F\" target=\"_blank\" rel=\"noreferrer noopener\"><\/a><a href=\"mailto:?subject=Gal%C3%ADpolo:%20desacelera%C3%A7%C3%A3o%20econ%C3%B4mica%20com%20safra%20e%20efeito%20de%20juros%20%C3%A9%20situa%C3%A7%C3%A3o%20mais%20conjuntural&amp;body=Veja%20mais%20em%20https%3A%2F%2Finteligenciafinanceira.com.br%2Fmercado-financeiro%2Feconomia%2Fgalipolo-desaceleracao-economica-com-safra-e-efeito-de-juros-e-situacao-mais-conjuntural%2F\" target=\"_blank\" rel=\"noreferrer noopener\"><\/a><a href=\"https:\/\/inteligenciafinanceira.com.br\/mercado-financeiro\/economia\/galipolo-desaceleracao-economica-com-safra-e-efeito-de-juros-e-situacao-mais-conjuntural\/#copy_link\"><\/a><\/p>\n\n\n\n<figure class=\"wp-block-image\"><img decoding=\"async\" src=\"https:\/\/inteligenciafinanceira.com.br\/wp-content\/uploads\/2024\/02\/53087330513_e8fc6138ea_k.jpg?w=396\" alt=\"Gal\u00edpolo: desacelera\u00e7\u00e3o econ\u00f4mica com safra e efeito de juros \u00e9 situa\u00e7\u00e3o mais conjuntural\" \/><figcaption class=\"wp-element-caption\">Gabriel Muricca Gal\u00edpolo, diretor de pol\u00edtica monet\u00e1ria do Banco Central Foto: Raphael Ribeiro\/BCB<\/figcaption><\/figure>\n\n\n\n<p>O diretor de Pol\u00edtica Monet\u00e1ria do&nbsp;<a href=\"https:\/\/inteligenciafinanceira.com.br\/investimentos\/banco-central\/\" target=\"_blank\" rel=\"noreferrer noopener\">Banco Central (BC)<\/a>, Gabriel Gal\u00edpolo, avaliou nesta quinta-feira (22) que efeitos defasados dos juros, junto com a redu\u00e7\u00e3o da safra agr\u00edcola, apontam para uma desacelera\u00e7\u00e3o da atividade econ\u00f4mica neste ano.<\/p>\n\n\n\n<p>Por\u00e9m, ele considera que a perda de tra\u00e7\u00e3o econ\u00f4mica representa uma situa\u00e7\u00e3o mais conjuntural, j\u00e1 que for\u00e7as estruturais seguem sustentando a demanda.<\/p>\n\n\n\n<p>Entre as for\u00e7as que geram resili\u00eancia do consumo, Gal\u00edpolo citou a nova pol\u00edtica de reajustes do sal\u00e1rio m\u00ednimo e o refor\u00e7o do Bolsa Fam\u00edlia, al\u00e9m da contribui\u00e7\u00e3o positiva \u00e0 renda vinda da queda da infla\u00e7\u00e3o e dos juros.<\/p>\n\n\n\n<p>\u201cPode ter redu\u00e7\u00e3o de crescimento conjuntural, mas com for\u00e7as que apresentam resili\u00eancia do ponto de vista estrutural\u201d, declarou o diretor do BC, durante evento na capital paulista da C\u00e2mara Oficial Espanhola de Com\u00e9rcio no Brasil.<\/p>\n\n\n\n<p>Na avalia\u00e7\u00e3o de Gal\u00edpolo, o setor externo pode contribuir menos ao crescimento, por\u00e9m o saldo comercial, em especial a posi\u00e7\u00e3o do Brasil de exportador l\u00edquido de petr\u00f3leo, segue favorecendo uma situa\u00e7\u00e3o privilegiada das contas externas no enfrentamento de choques internacionais, se comparada ao quadro de tr\u00eas ou quatro d\u00e9cadas atr\u00e1s<\/p>\n\n\n\n<p>O ponto de maior aten\u00e7\u00e3o, pontuou o diretor do BC, est\u00e1 no baixo n\u00edvel, j\u00e1 h\u00e1 anos, dos investimentos, que refletem as incertezas do cen\u00e1rio internacional e tamb\u00e9m os efeitos do ciclo anterior de aperto monet\u00e1rio.<\/p>\n\n\n\n<p>Apesar disso, Gal\u00edpolo considerou que, em meio \u00e0 reorganiza\u00e7\u00e3o das cadeias de produ\u00e7\u00e3o, o Brasil, por suas vantagens comparativas na transi\u00e7\u00e3o energ\u00e9tica, est\u00e1 em situa\u00e7\u00e3o privilegiada para atrair investimento, aumentar seu estoque de capital fixo e ganhar produtividade.<\/p>\n\n\n\n<p>Em paralelo, Gal\u00edpolo voltou a dizer que o diferencial da&nbsp;<a href=\"https:\/\/inteligenciafinanceira.com.br\/glossario-financeiro\/taxa-selic\/\">Selic <\/a>&nbsp;frente aos juros dos Estados Unidos, ainda que em patamar historicamente baixo, segue atrativo na compara\u00e7\u00e3o com outras alternativas de investimento em mercados emergentes, permitindo uma menor&nbsp;<a href=\"https:\/\/inteligenciafinanceira.com.br\/glossario-financeiro\/volatilidade\/\">volatilidade <\/a>&nbsp;do c\u00e2mbio.<\/p>\n\n\n\n<p>O diretor do BC observou que US$ 6 trilh\u00f5es tendem a sair dos Estados Unidos quando o pa\u00eds come\u00e7ar a cortar seus juros. \u201cCabe ao Brasil se apresentar como uma oportunidade atrativa\u201d, salientou Gal\u00edpolo. \u201cMesmo se o cen\u00e1rio internacional ficar mais adverso, o Brasil fica mais interessante frente a seus pares. Se n\u00e3o temos muita coragem de dizer que o pior j\u00e1 passou, estamos mais confiantes em dizer que estamos em situa\u00e7\u00e3o melhor do que est\u00e1vamos e se imaginava no passado\u201d, concluiu.<\/p>\n\n\n\n<p>Fonte:https:\/\/inteligenciafinanceira.com.br\/mercado-financeiro\/economia\/galipolo-desaceleracao-economica-com-safra-e-efeito-de-juros-e-situacao-mais-conjuntural\/<\/p>\n","protected":false},"excerpt":{"rendered":"<p>Na avalia\u00e7\u00e3o do diretor do BC, setor externo pode contribuir menos ao crescimento, por\u00e9m o saldo comercial segue favorecendo uma situa\u00e7\u00e3o privilegiada O diretor de Pol\u00edtica Monet\u00e1ria do&nbsp;Banco Central (BC), Gabriel Gal\u00edpolo, avaliou nesta quinta-feira (22) que efeitos defasados dos juros, junto com a redu\u00e7\u00e3o da safra agr\u00edcola, apontam para uma desacelera\u00e7\u00e3o da atividade econ\u00f4mica [&hellip;]<\/p>\n","protected":false},"author":3,"featured_media":4762,"comment_status":"open","ping_status":"open","sticky":false,"template":"","format":"standard","meta":{"_joinchat":[],"footnotes":""},"categories":[1],"tags":[],"class_list":["post-4761","post","type-post","status-publish","format-standard","has-post-thumbnail","hentry","category-the-fortune-one"],"yoast_head":"<!-- This site is optimized with the Yoast SEO plugin v27.5 - https:\/\/yoast.com\/product\/yoast-seo-wordpress\/ -->\n<title>Gal\u00edpolo: desacelera\u00e7\u00e3o econ\u00f4mica com safra e efeito de juros \u00e9 situa\u00e7\u00e3o mais conjuntural - The Fortune.one<\/title>\n<meta name=\"description\" content=\"Somos especialistas em gest\u00e3o patrimonial, op\u00e7\u00f5es de investimentos para diversos perfis, nosso diferencial \u00e9 comprovado com resultados.\" \/>\n<meta name=\"robots\" content=\"index, follow, max-snippet:-1, max-image-preview:large, max-video-preview:-1\" \/>\n<link rel=\"canonical\" href=\"https:\/\/thefortune.one\/en\/galipolo-desaceleracao-economica-com-safra-e-efeito-de-juros-e-situacao-mais-conjuntural\/\" \/>\n<meta property=\"og:locale\" content=\"en_US\" \/>\n<meta property=\"og:type\" content=\"article\" \/>\n<meta property=\"og:title\" content=\"Gal\u00edpolo: desacelera\u00e7\u00e3o econ\u00f4mica com safra e efeito de juros \u00e9 situa\u00e7\u00e3o mais conjuntural - The Fortune.one\" \/>\n<meta property=\"og:description\" content=\"Somos especialistas em gest\u00e3o patrimonial, op\u00e7\u00f5es de investimentos para diversos perfis, nosso diferencial \u00e9 comprovado com resultados.\" \/>\n<meta property=\"og:url\" content=\"https:\/\/thefortune.one\/en\/galipolo-desaceleracao-economica-com-safra-e-efeito-de-juros-e-situacao-mais-conjuntural\/\" \/>\n<meta property=\"og:site_name\" content=\"The Fortune.one\" \/>\n<meta property=\"article:published_time\" content=\"2024-02-23T12:49:56+00:00\" \/>\n<meta property=\"og:image\" content=\"https:\/\/thefortune.one\/wp-content\/uploads\/2024\/02\/go.jpg\" \/>\n\t<meta property=\"og:image:width\" content=\"395\" \/>\n\t<meta property=\"og:image:height\" content=\"280\" \/>\n\t<meta property=\"og:image:type\" content=\"image\/jpeg\" \/>\n<meta name=\"author\" content=\"bianca\" \/>\n<meta name=\"twitter:card\" content=\"summary_large_image\" \/>\n<meta name=\"twitter:label1\" content=\"Written by\" \/>\n\t<meta name=\"twitter:data1\" content=\"bianca\" \/>\n\t<meta name=\"twitter:label2\" content=\"Est. reading time\" \/>\n\t<meta name=\"twitter:data2\" content=\"2 minutes\" \/>\n<script type=\"application\/ld+json\" class=\"yoast-schema-graph\">{\"@context\":\"https:\\\/\\\/schema.org\",\"@graph\":[{\"@type\":\"Article\",\"@id\":\"https:\\\/\\\/thefortune.one\\\/pt\\\/galipolo-desaceleracao-economica-com-safra-e-efeito-de-juros-e-situacao-mais-conjuntural\\\/#article\",\"isPartOf\":{\"@id\":\"https:\\\/\\\/thefortune.one\\\/pt\\\/galipolo-desaceleracao-economica-com-safra-e-efeito-de-juros-e-situacao-mais-conjuntural\\\/\"},\"author\":{\"name\":\"bianca\",\"@id\":\"https:\\\/\\\/thefortune.one\\\/pt\\\/#\\\/schema\\\/person\\\/6cd8fe72a627d36caabf41815984a16f\"},\"headline\":\"Gal\u00edpolo: desacelera\u00e7\u00e3o econ\u00f4mica com safra e efeito de juros \u00e9 situa\u00e7\u00e3o mais conjuntural\",\"datePublished\":\"2024-02-23T12:49:56+00:00\",\"mainEntityOfPage\":{\"@id\":\"https:\\\/\\\/thefortune.one\\\/pt\\\/galipolo-desaceleracao-economica-com-safra-e-efeito-de-juros-e-situacao-mais-conjuntural\\\/\"},\"wordCount\":505,\"commentCount\":0,\"publisher\":{\"@id\":\"https:\\\/\\\/thefortune.one\\\/pt\\\/#organization\"},\"image\":{\"@id\":\"https:\\\/\\\/thefortune.one\\\/pt\\\/galipolo-desaceleracao-economica-com-safra-e-efeito-de-juros-e-situacao-mais-conjuntural\\\/#primaryimage\"},\"thumbnailUrl\":\"https:\\\/\\\/thefortune.one\\\/wp-content\\\/uploads\\\/2024\\\/02\\\/go.jpg\",\"articleSection\":[\"The Fortune.one\"],\"inLanguage\":\"en-US\",\"potentialAction\":[{\"@type\":\"CommentAction\",\"name\":\"Comment\",\"target\":[\"https:\\\/\\\/thefortune.one\\\/pt\\\/galipolo-desaceleracao-economica-com-safra-e-efeito-de-juros-e-situacao-mais-conjuntural\\\/#respond\"]}]},{\"@type\":\"WebPage\",\"@id\":\"https:\\\/\\\/thefortune.one\\\/pt\\\/galipolo-desaceleracao-economica-com-safra-e-efeito-de-juros-e-situacao-mais-conjuntural\\\/\",\"url\":\"https:\\\/\\\/thefortune.one\\\/pt\\\/galipolo-desaceleracao-economica-com-safra-e-efeito-de-juros-e-situacao-mais-conjuntural\\\/\",\"name\":\"Gal\u00edpolo: desacelera\u00e7\u00e3o econ\u00f4mica com safra e efeito de juros \u00e9 situa\u00e7\u00e3o mais conjuntural - The Fortune.one\",\"isPartOf\":{\"@id\":\"https:\\\/\\\/thefortune.one\\\/pt\\\/#website\"},\"primaryImageOfPage\":{\"@id\":\"https:\\\/\\\/thefortune.one\\\/pt\\\/galipolo-desaceleracao-economica-com-safra-e-efeito-de-juros-e-situacao-mais-conjuntural\\\/#primaryimage\"},\"image\":{\"@id\":\"https:\\\/\\\/thefortune.one\\\/pt\\\/galipolo-desaceleracao-economica-com-safra-e-efeito-de-juros-e-situacao-mais-conjuntural\\\/#primaryimage\"},\"thumbnailUrl\":\"https:\\\/\\\/thefortune.one\\\/wp-content\\\/uploads\\\/2024\\\/02\\\/go.jpg\",\"datePublished\":\"2024-02-23T12:49:56+00:00\",\"description\":\"Somos especialistas em gest\u00e3o patrimonial, op\u00e7\u00f5es de investimentos para diversos perfis, nosso diferencial \u00e9 comprovado com resultados.\",\"breadcrumb\":{\"@id\":\"https:\\\/\\\/thefortune.one\\\/pt\\\/galipolo-desaceleracao-economica-com-safra-e-efeito-de-juros-e-situacao-mais-conjuntural\\\/#breadcrumb\"},\"inLanguage\":\"en-US\",\"potentialAction\":[{\"@type\":\"ReadAction\",\"target\":[\"https:\\\/\\\/thefortune.one\\\/pt\\\/galipolo-desaceleracao-economica-com-safra-e-efeito-de-juros-e-situacao-mais-conjuntural\\\/\"]}]},{\"@type\":\"ImageObject\",\"inLanguage\":\"en-US\",\"@id\":\"https:\\\/\\\/thefortune.one\\\/pt\\\/galipolo-desaceleracao-economica-com-safra-e-efeito-de-juros-e-situacao-mais-conjuntural\\\/#primaryimage\",\"url\":\"https:\\\/\\\/thefortune.one\\\/wp-content\\\/uploads\\\/2024\\\/02\\\/go.jpg\",\"contentUrl\":\"https:\\\/\\\/thefortune.one\\\/wp-content\\\/uploads\\\/2024\\\/02\\\/go.jpg\",\"width\":395,\"height\":280},{\"@type\":\"BreadcrumbList\",\"@id\":\"https:\\\/\\\/thefortune.one\\\/pt\\\/galipolo-desaceleracao-economica-com-safra-e-efeito-de-juros-e-situacao-mais-conjuntural\\\/#breadcrumb\",\"itemListElement\":[{\"@type\":\"ListItem\",\"position\":1,\"name\":\"In\u00edcio\",\"item\":\"https:\\\/\\\/thefortune.one\\\/pt\\\/\"},{\"@type\":\"ListItem\",\"position\":2,\"name\":\"Gal\u00edpolo: desacelera\u00e7\u00e3o econ\u00f4mica com safra e efeito de juros \u00e9 situa\u00e7\u00e3o mais conjuntural\"}]},{\"@type\":\"WebSite\",\"@id\":\"https:\\\/\\\/thefortune.one\\\/pt\\\/#website\",\"url\":\"https:\\\/\\\/thefortune.one\\\/pt\\\/\",\"name\":\"The Fortune.one\",\"description\":\"Gestora de Recursos Especializada em Private Equity\",\"publisher\":{\"@id\":\"https:\\\/\\\/thefortune.one\\\/pt\\\/#organization\"},\"potentialAction\":[{\"@type\":\"SearchAction\",\"target\":{\"@type\":\"EntryPoint\",\"urlTemplate\":\"https:\\\/\\\/thefortune.one\\\/pt\\\/?s={search_term_string}\"},\"query-input\":{\"@type\":\"PropertyValueSpecification\",\"valueRequired\":true,\"valueName\":\"search_term_string\"}}],\"inLanguage\":\"en-US\"},{\"@type\":\"Organization\",\"@id\":\"https:\\\/\\\/thefortune.one\\\/pt\\\/#organization\",\"name\":\"The Fortune One\",\"url\":\"https:\\\/\\\/thefortune.one\\\/pt\\\/\",\"logo\":{\"@type\":\"ImageObject\",\"inLanguage\":\"en-US\",\"@id\":\"https:\\\/\\\/thefortune.one\\\/pt\\\/#\\\/schema\\\/logo\\\/image\\\/\",\"url\":\"https:\\\/\\\/thefortune.one\\\/wp-content\\\/uploads\\\/2022\\\/11\\\/cropped-cropped-1651682701199-1.jpg\",\"contentUrl\":\"https:\\\/\\\/thefortune.one\\\/wp-content\\\/uploads\\\/2022\\\/11\\\/cropped-cropped-1651682701199-1.jpg\",\"width\":369,\"height\":421,\"caption\":\"The Fortune One\"},\"image\":{\"@id\":\"https:\\\/\\\/thefortune.one\\\/pt\\\/#\\\/schema\\\/logo\\\/image\\\/\"}},{\"@type\":\"Person\",\"@id\":\"https:\\\/\\\/thefortune.one\\\/pt\\\/#\\\/schema\\\/person\\\/6cd8fe72a627d36caabf41815984a16f\",\"name\":\"bianca\",\"image\":{\"@type\":\"ImageObject\",\"inLanguage\":\"en-US\",\"@id\":\"https:\\\/\\\/secure.gravatar.com\\\/avatar\\\/66cd7b00d93410555e00d1e6a911a86de0cd0cfa4f83a2f8b47eddc2968c98af?s=96&d=mm&r=g\",\"url\":\"https:\\\/\\\/secure.gravatar.com\\\/avatar\\\/66cd7b00d93410555e00d1e6a911a86de0cd0cfa4f83a2f8b47eddc2968c98af?s=96&d=mm&r=g\",\"contentUrl\":\"https:\\\/\\\/secure.gravatar.com\\\/avatar\\\/66cd7b00d93410555e00d1e6a911a86de0cd0cfa4f83a2f8b47eddc2968c98af?s=96&d=mm&r=g\",\"caption\":\"bianca\"},\"url\":\"https:\\\/\\\/thefortune.one\\\/en\\\/author\\\/bianca\\\/\"}]}<\/script>\n<!-- \/ Yoast SEO plugin. -->","yoast_head_json":{"title":"Gal\u00edpolo: desacelera\u00e7\u00e3o econ\u00f4mica com safra e efeito de juros \u00e9 situa\u00e7\u00e3o mais conjuntural - The Fortune.one","description":"Somos especialistas em gest\u00e3o patrimonial, op\u00e7\u00f5es de investimentos para diversos perfis, nosso diferencial \u00e9 comprovado com resultados.","robots":{"index":"index","follow":"follow","max-snippet":"max-snippet:-1","max-image-preview":"max-image-preview:large","max-video-preview":"max-video-preview:-1"},"canonical":"https:\/\/thefortune.one\/en\/galipolo-desaceleracao-economica-com-safra-e-efeito-de-juros-e-situacao-mais-conjuntural\/","og_locale":"en_US","og_type":"article","og_title":"Gal\u00edpolo: desacelera\u00e7\u00e3o econ\u00f4mica com safra e efeito de juros \u00e9 situa\u00e7\u00e3o mais conjuntural - The Fortune.one","og_description":"Somos especialistas em gest\u00e3o patrimonial, op\u00e7\u00f5es de investimentos para diversos perfis, nosso diferencial \u00e9 comprovado com resultados.","og_url":"https:\/\/thefortune.one\/en\/galipolo-desaceleracao-economica-com-safra-e-efeito-de-juros-e-situacao-mais-conjuntural\/","og_site_name":"The Fortune.one","article_published_time":"2024-02-23T12:49:56+00:00","og_image":[{"width":395,"height":280,"url":"https:\/\/thefortune.one\/wp-content\/uploads\/2024\/02\/go.jpg","type":"image\/jpeg"}],"author":"bianca","twitter_card":"summary_large_image","twitter_misc":{"Written by":"bianca","Est. reading time":"2 minutes"},"schema":{"@context":"https:\/\/schema.org","@graph":[{"@type":"Article","@id":"https:\/\/thefortune.one\/pt\/galipolo-desaceleracao-economica-com-safra-e-efeito-de-juros-e-situacao-mais-conjuntural\/#article","isPartOf":{"@id":"https:\/\/thefortune.one\/pt\/galipolo-desaceleracao-economica-com-safra-e-efeito-de-juros-e-situacao-mais-conjuntural\/"},"author":{"name":"bianca","@id":"https:\/\/thefortune.one\/pt\/#\/schema\/person\/6cd8fe72a627d36caabf41815984a16f"},"headline":"Gal\u00edpolo: desacelera\u00e7\u00e3o econ\u00f4mica com safra e efeito de juros \u00e9 situa\u00e7\u00e3o mais conjuntural","datePublished":"2024-02-23T12:49:56+00:00","mainEntityOfPage":{"@id":"https:\/\/thefortune.one\/pt\/galipolo-desaceleracao-economica-com-safra-e-efeito-de-juros-e-situacao-mais-conjuntural\/"},"wordCount":505,"commentCount":0,"publisher":{"@id":"https:\/\/thefortune.one\/pt\/#organization"},"image":{"@id":"https:\/\/thefortune.one\/pt\/galipolo-desaceleracao-economica-com-safra-e-efeito-de-juros-e-situacao-mais-conjuntural\/#primaryimage"},"thumbnailUrl":"https:\/\/thefortune.one\/wp-content\/uploads\/2024\/02\/go.jpg","articleSection":["The Fortune.one"],"inLanguage":"en-US","potentialAction":[{"@type":"CommentAction","name":"Comment","target":["https:\/\/thefortune.one\/pt\/galipolo-desaceleracao-economica-com-safra-e-efeito-de-juros-e-situacao-mais-conjuntural\/#respond"]}]},{"@type":"WebPage","@id":"https:\/\/thefortune.one\/pt\/galipolo-desaceleracao-economica-com-safra-e-efeito-de-juros-e-situacao-mais-conjuntural\/","url":"https:\/\/thefortune.one\/pt\/galipolo-desaceleracao-economica-com-safra-e-efeito-de-juros-e-situacao-mais-conjuntural\/","name":"Gal\u00edpolo: desacelera\u00e7\u00e3o econ\u00f4mica com safra e efeito de juros \u00e9 situa\u00e7\u00e3o mais conjuntural - The Fortune.one","isPartOf":{"@id":"https:\/\/thefortune.one\/pt\/#website"},"primaryImageOfPage":{"@id":"https:\/\/thefortune.one\/pt\/galipolo-desaceleracao-economica-com-safra-e-efeito-de-juros-e-situacao-mais-conjuntural\/#primaryimage"},"image":{"@id":"https:\/\/thefortune.one\/pt\/galipolo-desaceleracao-economica-com-safra-e-efeito-de-juros-e-situacao-mais-conjuntural\/#primaryimage"},"thumbnailUrl":"https:\/\/thefortune.one\/wp-content\/uploads\/2024\/02\/go.jpg","datePublished":"2024-02-23T12:49:56+00:00","description":"Somos especialistas em gest\u00e3o patrimonial, op\u00e7\u00f5es de investimentos para diversos perfis, nosso diferencial \u00e9 comprovado com resultados.","breadcrumb":{"@id":"https:\/\/thefortune.one\/pt\/galipolo-desaceleracao-economica-com-safra-e-efeito-de-juros-e-situacao-mais-conjuntural\/#breadcrumb"},"inLanguage":"en-US","potentialAction":[{"@type":"ReadAction","target":["https:\/\/thefortune.one\/pt\/galipolo-desaceleracao-economica-com-safra-e-efeito-de-juros-e-situacao-mais-conjuntural\/"]}]},{"@type":"ImageObject","inLanguage":"en-US","@id":"https:\/\/thefortune.one\/pt\/galipolo-desaceleracao-economica-com-safra-e-efeito-de-juros-e-situacao-mais-conjuntural\/#primaryimage","url":"https:\/\/thefortune.one\/wp-content\/uploads\/2024\/02\/go.jpg","contentUrl":"https:\/\/thefortune.one\/wp-content\/uploads\/2024\/02\/go.jpg","width":395,"height":280},{"@type":"BreadcrumbList","@id":"https:\/\/thefortune.one\/pt\/galipolo-desaceleracao-economica-com-safra-e-efeito-de-juros-e-situacao-mais-conjuntural\/#breadcrumb","itemListElement":[{"@type":"ListItem","position":1,"name":"In\u00edcio","item":"https:\/\/thefortune.one\/pt\/"},{"@type":"ListItem","position":2,"name":"Gal\u00edpolo: desacelera\u00e7\u00e3o econ\u00f4mica com safra e efeito de juros \u00e9 situa\u00e7\u00e3o mais conjuntural"}]},{"@type":"WebSite","@id":"https:\/\/thefortune.one\/pt\/#website","url":"https:\/\/thefortune.one\/pt\/","name":"The Fortune.one","description":"Gestora de Recursos Especializada em Private Equity","publisher":{"@id":"https:\/\/thefortune.one\/pt\/#organization"},"potentialAction":[{"@type":"SearchAction","target":{"@type":"EntryPoint","urlTemplate":"https:\/\/thefortune.one\/pt\/?s={search_term_string}"},"query-input":{"@type":"PropertyValueSpecification","valueRequired":true,"valueName":"search_term_string"}}],"inLanguage":"en-US"},{"@type":"Organization","@id":"https:\/\/thefortune.one\/pt\/#organization","name":"The Fortune One","url":"https:\/\/thefortune.one\/pt\/","logo":{"@type":"ImageObject","inLanguage":"en-US","@id":"https:\/\/thefortune.one\/pt\/#\/schema\/logo\/image\/","url":"https:\/\/thefortune.one\/wp-content\/uploads\/2022\/11\/cropped-cropped-1651682701199-1.jpg","contentUrl":"https:\/\/thefortune.one\/wp-content\/uploads\/2022\/11\/cropped-cropped-1651682701199-1.jpg","width":369,"height":421,"caption":"The Fortune One"},"image":{"@id":"https:\/\/thefortune.one\/pt\/#\/schema\/logo\/image\/"}},{"@type":"Person","@id":"https:\/\/thefortune.one\/pt\/#\/schema\/person\/6cd8fe72a627d36caabf41815984a16f","name":"bianca","image":{"@type":"ImageObject","inLanguage":"en-US","@id":"https:\/\/secure.gravatar.com\/avatar\/66cd7b00d93410555e00d1e6a911a86de0cd0cfa4f83a2f8b47eddc2968c98af?s=96&d=mm&r=g","url":"https:\/\/secure.gravatar.com\/avatar\/66cd7b00d93410555e00d1e6a911a86de0cd0cfa4f83a2f8b47eddc2968c98af?s=96&d=mm&r=g","contentUrl":"https:\/\/secure.gravatar.com\/avatar\/66cd7b00d93410555e00d1e6a911a86de0cd0cfa4f83a2f8b47eddc2968c98af?s=96&d=mm&r=g","caption":"bianca"},"url":"https:\/\/thefortune.one\/en\/author\/bianca\/"}]}},"_links":{"self":[{"href":"https:\/\/thefortune.one\/en\/wp-json\/wp\/v2\/posts\/4761","targetHints":{"allow":["GET"]}}],"collection":[{"href":"https:\/\/thefortune.one\/en\/wp-json\/wp\/v2\/posts"}],"about":[{"href":"https:\/\/thefortune.one\/en\/wp-json\/wp\/v2\/types\/post"}],"author":[{"embeddable":true,"href":"https:\/\/thefortune.one\/en\/wp-json\/wp\/v2\/users\/3"}],"replies":[{"embeddable":true,"href":"https:\/\/thefortune.one\/en\/wp-json\/wp\/v2\/comments?post=4761"}],"version-history":[{"count":1,"href":"https:\/\/thefortune.one\/en\/wp-json\/wp\/v2\/posts\/4761\/revisions"}],"predecessor-version":[{"id":4763,"href":"https:\/\/thefortune.one\/en\/wp-json\/wp\/v2\/posts\/4761\/revisions\/4763"}],"wp:featuredmedia":[{"embeddable":true,"href":"https:\/\/thefortune.one\/en\/wp-json\/wp\/v2\/media\/4762"}],"wp:attachment":[{"href":"https:\/\/thefortune.one\/en\/wp-json\/wp\/v2\/media?parent=4761"}],"wp:term":[{"taxonomy":"category","embeddable":true,"href":"https:\/\/thefortune.one\/en\/wp-json\/wp\/v2\/categories?post=4761"},{"taxonomy":"post_tag","embeddable":true,"href":"https:\/\/thefortune.one\/en\/wp-json\/wp\/v2\/tags?post=4761"}],"curies":[{"name":"wp","href":"https:\/\/api.w.org\/{rel}","templated":true}]}}