{"id":4706,"date":"2024-02-06T13:03:16","date_gmt":"2024-02-06T13:03:16","guid":{"rendered":"https:\/\/thefortune.one\/?p=4706"},"modified":"2024-02-06T13:03:16","modified_gmt":"2024-02-06T13:03:16","slug":"no-retorno-do-congresso-lira-afirma-que-o-orcamento-nao-e-exclusividade-do-executivo","status":"publish","type":"post","link":"https:\/\/thefortune.one\/en\/no-retorno-do-congresso-lira-afirma-que-o-orcamento-nao-e-exclusividade-do-executivo\/","title":{"rendered":"No retorno do Congresso, Lira afirma que o Or\u00e7amento n\u00e3o \u00e9 exclusividade do Executivo"},"content":{"rendered":"\n<p>Em meio ao descontentamento de parlamentares com cortes de emendas, Lira avisou que o Congresso respeita os acordos pol\u00edticos<a href=\"https:\/\/web.whatsapp.com\/send?text=No%20retorno%20do%20Congresso,%20Lira%20afirma%20que%20o%20Or%C3%A7amento%20n%C3%A3o%20%C3%A9%20exclusividade%20do%20Executivo%20https%3A%2F%2Finteligenciafinanceira.com.br%2Fmercado-financeiro%2Fno-retorno-do-congresso-lira-afirma-que-o-orcamento-nao-e-exclusividade-do-executivo%2F\" target=\"_blank\" rel=\"noreferrer noopener\"><\/a><a href=\"https:\/\/www.linkedin.com\/sharing\/share-offsite\/?url=https%3A%2F%2Finteligenciafinanceira.com.br%2Fmercado-financeiro%2Fno-retorno-do-congresso-lira-afirma-que-o-orcamento-nao-e-exclusividade-do-executivo%2F&amp;title=No%20retorno%20do%20Congresso,%20Lira%20afirma%20que%20o%20Or%C3%A7amento%20n%C3%A3o%20%C3%A9%20exclusividade%20do%20Executivo\" target=\"_blank\" rel=\"noreferrer noopener\"><\/a><a href=\"https:\/\/t.me\/share\/url?url=https%3A%2F%2Finteligenciafinanceira.com.br%2Fmercado-financeiro%2Fno-retorno-do-congresso-lira-afirma-que-o-orcamento-nao-e-exclusividade-do-executivo%2F&amp;text=No%20retorno%20do%20Congresso,%20Lira%20afirma%20que%20o%20Or%C3%A7amento%20n%C3%A3o%20%C3%A9%20exclusividade%20do%20Executivo\" target=\"_blank\" rel=\"noreferrer noopener\"><\/a><a href=\"https:\/\/twitter.com\/intent\/tweet?text=No%20retorno%20do%20Congresso,%20Lira%20afirma%20que%20o%20Or%C3%A7amento%20n%C3%A3o%20%C3%A9%20exclusividade%20do%20Executivo&amp;url=https%3A%2F%2Finteligenciafinanceira.com.br%2Fmercado-financeiro%2Fno-retorno-do-congresso-lira-afirma-que-o-orcamento-nao-e-exclusividade-do-executivo%2F&amp;\" target=\"_blank\" rel=\"noreferrer noopener\"><\/a><a href=\"https:\/\/www.facebook.com\/sharer\/sharer.php?u=https%3A%2F%2Finteligenciafinanceira.com.br%2Fmercado-financeiro%2Fno-retorno-do-congresso-lira-afirma-que-o-orcamento-nao-e-exclusividade-do-executivo%2F\" target=\"_blank\" rel=\"noreferrer noopener\"><\/a><a href=\"mailto:?subject=No%20retorno%20do%20Congresso,%20Lira%20afirma%20que%20o%20Or%C3%A7amento%20n%C3%A3o%20%C3%A9%20exclusividade%20do%20Executivo&amp;body=Veja%20mais%20em%20https%3A%2F%2Finteligenciafinanceira.com.br%2Fmercado-financeiro%2Fno-retorno-do-congresso-lira-afirma-que-o-orcamento-nao-e-exclusividade-do-executivo%2F\" target=\"_blank\" rel=\"noreferrer noopener\"><\/a><a href=\"https:\/\/inteligenciafinanceira.com.br\/mercado-financeiro\/no-retorno-do-congresso-lira-afirma-que-o-orcamento-nao-e-exclusividade-do-executivo\/#copy_link\"><\/a><\/p>\n\n\n\n<figure class=\"wp-block-image\"><img decoding=\"async\" src=\"https:\/\/inteligenciafinanceira.com.br\/wp-content\/uploads\/2023\/12\/53411126925_08ce77e656_3k.jpg?w=833&amp;h=469&amp;crop=1\" alt=\"Foto de Arthur lira, presidente da c\u00e2mara\" \/><figcaption class=\"wp-element-caption\">Arthur Lira (PP-AL), presidente da C\u00e2mara, discursa durante sess\u00e3o solene do Congresso Nacional para promulga\u00e7\u00e3o da reforma tribut\u00e1ria Foto: Marcos Oliveira\/Ag\u00eancia Senado<\/figcaption><\/figure>\n\n\n\n<p>O presidente da C\u00e2mara, Arthur Lira (PP-AL), usou nesta segunda (5) o discurso de abertura do ano Legislativo para mandar recado direto ao governo do presidente&nbsp;<strong><a href=\"https:\/\/inteligenciafinanceira.com.br\/investimentos\/lula\/\" target=\"_blank\" rel=\"noreferrer noopener\">Luiz In\u00e1cio Lula da Silva<\/a><\/strong>.<\/p>\n\n\n\n<p>Em meio ao descontentamento de parlamentares com cortes no pagamento de emendas do Or\u00e7amento, Lira avisou que o Congresso respeita os acordos pol\u00edticos e cobrou do governo compromisso com \u201ca palavra dada\u201d.<\/p>\n\n\n\n<p>Ele pediu respeito ao que chamou de \u201cacordos firmados\u201d e disse que o Or\u00e7amento da Uni\u00e3o \u201cpertence a todos, n\u00e3o apenas ao Executivo\u201d.<\/p>\n\n\n\n<p>Criticou o que chamou de \u201cburocracia t\u00e9cnica\u201d e afirmou que deputados e senadores t\u00eam mais conhecimento das necessidades de cada munic\u00edpio para definir a distribui\u00e7\u00e3o de recursos.<\/p>\n\n\n\n<p>\u201c(A autoria do Or\u00e7amento) n\u00e3o \u00e9 e nem pode ser de autoria exclusiva do Executivo e muito menos de uma burocracia t\u00e9cnica, que apesar do seu preparo n\u00e3o foi eleita para escolher as prioridades da na\u00e7\u00e3o e n\u00e3o gasta a sola do sapato percorrendo os pequenos munic\u00edpios brasileiros como n\u00f3s senadores e deputados\u201d, disse o presidente da C\u00e2mara.<\/p>\n\n\n\n<h2 class=\"wp-block-heading\" id=\"h-lira-cobra-manutencao-de-acordos-firmados-em-2023\">Lira cobra manuten\u00e7\u00e3o de acordos firmados em 2023<\/h2>\n\n\n\n<p>Lira cobrou o governo pela manuten\u00e7\u00e3o de acordos firmados em 2023, que, segundo ele, estariam sendo descumpridos. \u201cN\u00e3o faltamos ao governo e esperamos respeito e compromisso com palavra dada.\u201d<\/p>\n\n\n\n<p>O presidente da C\u00e2mara tem esticado a corda na medi\u00e7\u00e3o de for\u00e7a com o Executivo.<\/p>\n\n\n\n<p>Como forma de marcar a sua insatisfa\u00e7\u00e3o, Lira faltou, na semana passada, \u00e0 posse do novo ministro da Justi\u00e7a, Ricardo Lewandowski, e \u00e0 sess\u00e3o de abertura do ano do Judici\u00e1rio.<\/p>\n\n\n\n<p>Ele tamb\u00e9m n\u00e3o compareceu ao evento \u201cDemocracia Inabalada\u201d, organizado pelo Planalto e que marcou um ano dos atos golpistas de 8 de janeiro de 2023.<\/p>\n\n\n\n<p>Um dos pontos principais de insatisfa\u00e7\u00e3o no Congresso \u00e9 o veto do presidente Lula a R$ 5,6 bilh\u00f5es em emendas no Or\u00e7amento de 2024.<\/p>\n\n\n\n<figure class=\"wp-block-image\"><img decoding=\"async\" src=\"https:\/\/inteligenciafinanceira.com.br\/wp-content\/uploads\/2024\/01\/cndi_mcamgo_abr_22012024-15red-scaled.jpg?w=1691\" alt=\"lula, presidente da rep\u00fablica, luiz in\u00e1cio lula da silva\" class=\"wp-image-262409\" \/><figcaption class=\"wp-element-caption\">O presidente Luiz In\u00e1cio Lula da Silva durante o lan\u00e7amento do programa Nova Ind\u00fastria do Brasil, no Pal\u00e1cio do Planalto, em Bras\u00edlia (DF) Foto: Marcelo Camargo\/Ag\u00eancia Brasil<\/figcaption><\/figure>\n\n\n\n<p>Ao enviar mensagem para a reabertura do ano legislativo, o petista citou a meta de d\u00e9ficit fiscal zero em 2024 e chamou os parlamentares para colocarem suas emendas no novo Programa de Acelera\u00e7\u00e3o do Crescimento (PAC).<\/p>\n\n\n\n<p>O presidente n\u00e3o foi \u00e0 cerim\u00f4nia e mandou o ministro-chefe da Casa Civil, Rui Costa, para entregar a mensagem do Executivo \u00e0 c\u00fapula do Congresso.<\/p>\n\n\n\n<p>Parlamentares pressionam pela derrubada do veto \u00e0s emendas, assim como querem impor um calend\u00e1rio de pagamentos no primeiro semestre, antes das elei\u00e7\u00f5es.<\/p>\n\n\n\n<p>Paralelamente, congressistas querem devolver a&nbsp;<strong><a href=\"https:\/\/inteligenciafinanceira.com.br\/mercado-financeiro\/fazenda-aceita-negociar-novo-modelo-de-desoneracao-se-gasto-for-compensado\/\" target=\"_blank\" rel=\"noreferrer noopener\">medida provis\u00f3ria da reonera\u00e7\u00e3o<\/a><\/strong>, que contrariou lei aprovada no ano passado.<\/p>\n\n\n\n<h2 class=\"wp-block-heading\" id=\"h-ministro-minimiza-recados-do-presidente-da-camara\">Ministro minimiza recados do presidente da C\u00e2mara<\/h2>\n\n\n\n<p>O ministro da Casa Civil, Rui Costa, minimizou os recados do presidente da C\u00e2mara durante o seu discurso.<\/p>\n\n\n\n<p>\u201cVoc\u00eas perceberam que h\u00e1 uma sinergia, uma coincid\u00eancia, entre as prioridades elencadas pelos presidentes das Casas com o governo\u201d, disse, citando as falas de Lira e do presidente do Senado, Rodrigo Pacheco (PSD-MG), sobre a regulamenta\u00e7\u00e3o da agenda fiscal e a\u00e7\u00f5es de atividade econ\u00f4mica.<\/p>\n\n\n\n<p>\u201cN\u00e3o achei preocupante\u201d, continuou, sobre o discurso de Lira. \u201cEle fala em nome do Parlamento e \u00e9 importante que o Parlamento se manifeste\u201d, acrescentou.<\/p>\n\n\n\n<p>Lira disse que os trabalhos da Casa n\u00e3o ser\u00e3o paralisados por causa das elei\u00e7\u00f5es municipais. \u201cErrar\u00e1 grosseiramente qualquer um que aposte numa suposta in\u00e9rcia desta C\u00e2mara.\u201d<\/p>\n\n\n\n<p>Fonte:https:\/\/inteligenciafinanceira.com.br\/mercado-financeiro\/no-retorno-do-congresso-lira-afirma-que-o-orcamento-nao-e-exclusividade-do-executivo\/<\/p>\n","protected":false},"excerpt":{"rendered":"<p>Em meio ao descontentamento de parlamentares com cortes de emendas, Lira avisou que o Congresso respeita os acordos pol\u00edticos O presidente da C\u00e2mara, Arthur Lira (PP-AL), usou nesta segunda (5) o discurso de abertura do ano Legislativo para mandar recado direto ao governo do presidente&nbsp;Luiz In\u00e1cio Lula da Silva. Em meio ao descontentamento de parlamentares [&hellip;]<\/p>\n","protected":false},"author":3,"featured_media":4707,"comment_status":"open","ping_status":"open","sticky":false,"template":"","format":"standard","meta":{"_joinchat":[],"footnotes":""},"categories":[1],"tags":[],"class_list":["post-4706","post","type-post","status-publish","format-standard","has-post-thumbnail","hentry","category-the-fortune-one"],"yoast_head":"<!-- This site is optimized with the Yoast SEO plugin v27.5 - https:\/\/yoast.com\/product\/yoast-seo-wordpress\/ -->\n<title>No retorno do Congresso, Lira afirma que o Or\u00e7amento n\u00e3o \u00e9 exclusividade do Executivo - The Fortune.one<\/title>\n<meta name=\"description\" content=\"Somos especialistas em gest\u00e3o patrimonial, op\u00e7\u00f5es de investimentos para diversos perfis, nosso diferencial \u00e9 comprovado com resultados.\" \/>\n<meta name=\"robots\" content=\"index, follow, max-snippet:-1, max-image-preview:large, max-video-preview:-1\" \/>\n<link rel=\"canonical\" href=\"https:\/\/thefortune.one\/en\/no-retorno-do-congresso-lira-afirma-que-o-orcamento-nao-e-exclusividade-do-executivo\/\" \/>\n<meta property=\"og:locale\" content=\"en_US\" \/>\n<meta property=\"og:type\" content=\"article\" \/>\n<meta property=\"og:title\" content=\"No retorno do Congresso, Lira afirma que o Or\u00e7amento n\u00e3o \u00e9 exclusividade do Executivo - The Fortune.one\" \/>\n<meta property=\"og:description\" content=\"Somos especialistas em gest\u00e3o patrimonial, op\u00e7\u00f5es de investimentos para diversos perfis, nosso diferencial \u00e9 comprovado com resultados.\" \/>\n<meta property=\"og:url\" content=\"https:\/\/thefortune.one\/en\/no-retorno-do-congresso-lira-afirma-que-o-orcamento-nao-e-exclusividade-do-executivo\/\" \/>\n<meta property=\"og:site_name\" content=\"The Fortune.one\" \/>\n<meta property=\"article:published_time\" content=\"2024-02-06T13:03:16+00:00\" \/>\n<meta property=\"og:image\" content=\"https:\/\/thefortune.one\/wp-content\/uploads\/2024\/02\/or.jpg\" \/>\n\t<meta property=\"og:image:width\" content=\"833\" \/>\n\t<meta property=\"og:image:height\" content=\"469\" \/>\n\t<meta property=\"og:image:type\" content=\"image\/jpeg\" \/>\n<meta name=\"author\" content=\"bianca\" \/>\n<meta name=\"twitter:card\" content=\"summary_large_image\" \/>\n<meta name=\"twitter:label1\" content=\"Written by\" \/>\n\t<meta name=\"twitter:data1\" content=\"bianca\" \/>\n\t<meta name=\"twitter:label2\" content=\"Est. reading time\" \/>\n\t<meta name=\"twitter:data2\" content=\"3 minutes\" \/>\n<script type=\"application\/ld+json\" class=\"yoast-schema-graph\">{\"@context\":\"https:\\\/\\\/schema.org\",\"@graph\":[{\"@type\":\"Article\",\"@id\":\"https:\\\/\\\/thefortune.one\\\/pt\\\/no-retorno-do-congresso-lira-afirma-que-o-orcamento-nao-e-exclusividade-do-executivo\\\/#article\",\"isPartOf\":{\"@id\":\"https:\\\/\\\/thefortune.one\\\/pt\\\/no-retorno-do-congresso-lira-afirma-que-o-orcamento-nao-e-exclusividade-do-executivo\\\/\"},\"author\":{\"name\":\"bianca\",\"@id\":\"https:\\\/\\\/thefortune.one\\\/pt\\\/#\\\/schema\\\/person\\\/6cd8fe72a627d36caabf41815984a16f\"},\"headline\":\"No retorno do Congresso, Lira afirma que o Or\u00e7amento n\u00e3o \u00e9 exclusividade do Executivo\",\"datePublished\":\"2024-02-06T13:03:16+00:00\",\"mainEntityOfPage\":{\"@id\":\"https:\\\/\\\/thefortune.one\\\/pt\\\/no-retorno-do-congresso-lira-afirma-que-o-orcamento-nao-e-exclusividade-do-executivo\\\/\"},\"wordCount\":668,\"commentCount\":0,\"publisher\":{\"@id\":\"https:\\\/\\\/thefortune.one\\\/pt\\\/#organization\"},\"image\":{\"@id\":\"https:\\\/\\\/thefortune.one\\\/pt\\\/no-retorno-do-congresso-lira-afirma-que-o-orcamento-nao-e-exclusividade-do-executivo\\\/#primaryimage\"},\"thumbnailUrl\":\"https:\\\/\\\/thefortune.one\\\/wp-content\\\/uploads\\\/2024\\\/02\\\/or.jpg\",\"articleSection\":[\"The Fortune.one\"],\"inLanguage\":\"en-US\",\"potentialAction\":[{\"@type\":\"CommentAction\",\"name\":\"Comment\",\"target\":[\"https:\\\/\\\/thefortune.one\\\/pt\\\/no-retorno-do-congresso-lira-afirma-que-o-orcamento-nao-e-exclusividade-do-executivo\\\/#respond\"]}]},{\"@type\":\"WebPage\",\"@id\":\"https:\\\/\\\/thefortune.one\\\/pt\\\/no-retorno-do-congresso-lira-afirma-que-o-orcamento-nao-e-exclusividade-do-executivo\\\/\",\"url\":\"https:\\\/\\\/thefortune.one\\\/pt\\\/no-retorno-do-congresso-lira-afirma-que-o-orcamento-nao-e-exclusividade-do-executivo\\\/\",\"name\":\"No retorno do Congresso, Lira afirma que o Or\u00e7amento n\u00e3o \u00e9 exclusividade do Executivo - The Fortune.one\",\"isPartOf\":{\"@id\":\"https:\\\/\\\/thefortune.one\\\/pt\\\/#website\"},\"primaryImageOfPage\":{\"@id\":\"https:\\\/\\\/thefortune.one\\\/pt\\\/no-retorno-do-congresso-lira-afirma-que-o-orcamento-nao-e-exclusividade-do-executivo\\\/#primaryimage\"},\"image\":{\"@id\":\"https:\\\/\\\/thefortune.one\\\/pt\\\/no-retorno-do-congresso-lira-afirma-que-o-orcamento-nao-e-exclusividade-do-executivo\\\/#primaryimage\"},\"thumbnailUrl\":\"https:\\\/\\\/thefortune.one\\\/wp-content\\\/uploads\\\/2024\\\/02\\\/or.jpg\",\"datePublished\":\"2024-02-06T13:03:16+00:00\",\"description\":\"Somos especialistas em gest\u00e3o patrimonial, op\u00e7\u00f5es de investimentos para diversos perfis, nosso diferencial \u00e9 comprovado com resultados.\",\"breadcrumb\":{\"@id\":\"https:\\\/\\\/thefortune.one\\\/pt\\\/no-retorno-do-congresso-lira-afirma-que-o-orcamento-nao-e-exclusividade-do-executivo\\\/#breadcrumb\"},\"inLanguage\":\"en-US\",\"potentialAction\":[{\"@type\":\"ReadAction\",\"target\":[\"https:\\\/\\\/thefortune.one\\\/pt\\\/no-retorno-do-congresso-lira-afirma-que-o-orcamento-nao-e-exclusividade-do-executivo\\\/\"]}]},{\"@type\":\"ImageObject\",\"inLanguage\":\"en-US\",\"@id\":\"https:\\\/\\\/thefortune.one\\\/pt\\\/no-retorno-do-congresso-lira-afirma-que-o-orcamento-nao-e-exclusividade-do-executivo\\\/#primaryimage\",\"url\":\"https:\\\/\\\/thefortune.one\\\/wp-content\\\/uploads\\\/2024\\\/02\\\/or.jpg\",\"contentUrl\":\"https:\\\/\\\/thefortune.one\\\/wp-content\\\/uploads\\\/2024\\\/02\\\/or.jpg\",\"width\":833,\"height\":469},{\"@type\":\"BreadcrumbList\",\"@id\":\"https:\\\/\\\/thefortune.one\\\/pt\\\/no-retorno-do-congresso-lira-afirma-que-o-orcamento-nao-e-exclusividade-do-executivo\\\/#breadcrumb\",\"itemListElement\":[{\"@type\":\"ListItem\",\"position\":1,\"name\":\"In\u00edcio\",\"item\":\"https:\\\/\\\/thefortune.one\\\/pt\\\/\"},{\"@type\":\"ListItem\",\"position\":2,\"name\":\"No retorno do Congresso, Lira afirma que o Or\u00e7amento n\u00e3o \u00e9 exclusividade do Executivo\"}]},{\"@type\":\"WebSite\",\"@id\":\"https:\\\/\\\/thefortune.one\\\/pt\\\/#website\",\"url\":\"https:\\\/\\\/thefortune.one\\\/pt\\\/\",\"name\":\"The Fortune.one\",\"description\":\"Gestora de Recursos Especializada em Private Equity\",\"publisher\":{\"@id\":\"https:\\\/\\\/thefortune.one\\\/pt\\\/#organization\"},\"potentialAction\":[{\"@type\":\"SearchAction\",\"target\":{\"@type\":\"EntryPoint\",\"urlTemplate\":\"https:\\\/\\\/thefortune.one\\\/pt\\\/?s={search_term_string}\"},\"query-input\":{\"@type\":\"PropertyValueSpecification\",\"valueRequired\":true,\"valueName\":\"search_term_string\"}}],\"inLanguage\":\"en-US\"},{\"@type\":\"Organization\",\"@id\":\"https:\\\/\\\/thefortune.one\\\/pt\\\/#organization\",\"name\":\"The Fortune One\",\"url\":\"https:\\\/\\\/thefortune.one\\\/pt\\\/\",\"logo\":{\"@type\":\"ImageObject\",\"inLanguage\":\"en-US\",\"@id\":\"https:\\\/\\\/thefortune.one\\\/pt\\\/#\\\/schema\\\/logo\\\/image\\\/\",\"url\":\"https:\\\/\\\/thefortune.one\\\/wp-content\\\/uploads\\\/2022\\\/11\\\/cropped-cropped-1651682701199-1.jpg\",\"contentUrl\":\"https:\\\/\\\/thefortune.one\\\/wp-content\\\/uploads\\\/2022\\\/11\\\/cropped-cropped-1651682701199-1.jpg\",\"width\":369,\"height\":421,\"caption\":\"The Fortune One\"},\"image\":{\"@id\":\"https:\\\/\\\/thefortune.one\\\/pt\\\/#\\\/schema\\\/logo\\\/image\\\/\"}},{\"@type\":\"Person\",\"@id\":\"https:\\\/\\\/thefortune.one\\\/pt\\\/#\\\/schema\\\/person\\\/6cd8fe72a627d36caabf41815984a16f\",\"name\":\"bianca\",\"image\":{\"@type\":\"ImageObject\",\"inLanguage\":\"en-US\",\"@id\":\"https:\\\/\\\/secure.gravatar.com\\\/avatar\\\/66cd7b00d93410555e00d1e6a911a86de0cd0cfa4f83a2f8b47eddc2968c98af?s=96&d=mm&r=g\",\"url\":\"https:\\\/\\\/secure.gravatar.com\\\/avatar\\\/66cd7b00d93410555e00d1e6a911a86de0cd0cfa4f83a2f8b47eddc2968c98af?s=96&d=mm&r=g\",\"contentUrl\":\"https:\\\/\\\/secure.gravatar.com\\\/avatar\\\/66cd7b00d93410555e00d1e6a911a86de0cd0cfa4f83a2f8b47eddc2968c98af?s=96&d=mm&r=g\",\"caption\":\"bianca\"},\"url\":\"https:\\\/\\\/thefortune.one\\\/en\\\/author\\\/bianca\\\/\"}]}<\/script>\n<!-- \/ Yoast SEO plugin. -->","yoast_head_json":{"title":"No retorno do Congresso, Lira afirma que o Or\u00e7amento n\u00e3o \u00e9 exclusividade do Executivo - The Fortune.one","description":"Somos especialistas em gest\u00e3o patrimonial, op\u00e7\u00f5es de investimentos para diversos perfis, nosso diferencial \u00e9 comprovado com resultados.","robots":{"index":"index","follow":"follow","max-snippet":"max-snippet:-1","max-image-preview":"max-image-preview:large","max-video-preview":"max-video-preview:-1"},"canonical":"https:\/\/thefortune.one\/en\/no-retorno-do-congresso-lira-afirma-que-o-orcamento-nao-e-exclusividade-do-executivo\/","og_locale":"en_US","og_type":"article","og_title":"No retorno do Congresso, Lira afirma que o Or\u00e7amento n\u00e3o \u00e9 exclusividade do Executivo - The Fortune.one","og_description":"Somos especialistas em gest\u00e3o patrimonial, op\u00e7\u00f5es de investimentos para diversos perfis, nosso diferencial \u00e9 comprovado com resultados.","og_url":"https:\/\/thefortune.one\/en\/no-retorno-do-congresso-lira-afirma-que-o-orcamento-nao-e-exclusividade-do-executivo\/","og_site_name":"The Fortune.one","article_published_time":"2024-02-06T13:03:16+00:00","og_image":[{"width":833,"height":469,"url":"https:\/\/thefortune.one\/wp-content\/uploads\/2024\/02\/or.jpg","type":"image\/jpeg"}],"author":"bianca","twitter_card":"summary_large_image","twitter_misc":{"Written by":"bianca","Est. reading time":"3 minutes"},"schema":{"@context":"https:\/\/schema.org","@graph":[{"@type":"Article","@id":"https:\/\/thefortune.one\/pt\/no-retorno-do-congresso-lira-afirma-que-o-orcamento-nao-e-exclusividade-do-executivo\/#article","isPartOf":{"@id":"https:\/\/thefortune.one\/pt\/no-retorno-do-congresso-lira-afirma-que-o-orcamento-nao-e-exclusividade-do-executivo\/"},"author":{"name":"bianca","@id":"https:\/\/thefortune.one\/pt\/#\/schema\/person\/6cd8fe72a627d36caabf41815984a16f"},"headline":"No retorno do Congresso, Lira afirma que o Or\u00e7amento n\u00e3o \u00e9 exclusividade do Executivo","datePublished":"2024-02-06T13:03:16+00:00","mainEntityOfPage":{"@id":"https:\/\/thefortune.one\/pt\/no-retorno-do-congresso-lira-afirma-que-o-orcamento-nao-e-exclusividade-do-executivo\/"},"wordCount":668,"commentCount":0,"publisher":{"@id":"https:\/\/thefortune.one\/pt\/#organization"},"image":{"@id":"https:\/\/thefortune.one\/pt\/no-retorno-do-congresso-lira-afirma-que-o-orcamento-nao-e-exclusividade-do-executivo\/#primaryimage"},"thumbnailUrl":"https:\/\/thefortune.one\/wp-content\/uploads\/2024\/02\/or.jpg","articleSection":["The Fortune.one"],"inLanguage":"en-US","potentialAction":[{"@type":"CommentAction","name":"Comment","target":["https:\/\/thefortune.one\/pt\/no-retorno-do-congresso-lira-afirma-que-o-orcamento-nao-e-exclusividade-do-executivo\/#respond"]}]},{"@type":"WebPage","@id":"https:\/\/thefortune.one\/pt\/no-retorno-do-congresso-lira-afirma-que-o-orcamento-nao-e-exclusividade-do-executivo\/","url":"https:\/\/thefortune.one\/pt\/no-retorno-do-congresso-lira-afirma-que-o-orcamento-nao-e-exclusividade-do-executivo\/","name":"No retorno do Congresso, Lira afirma que o Or\u00e7amento n\u00e3o \u00e9 exclusividade do Executivo - The Fortune.one","isPartOf":{"@id":"https:\/\/thefortune.one\/pt\/#website"},"primaryImageOfPage":{"@id":"https:\/\/thefortune.one\/pt\/no-retorno-do-congresso-lira-afirma-que-o-orcamento-nao-e-exclusividade-do-executivo\/#primaryimage"},"image":{"@id":"https:\/\/thefortune.one\/pt\/no-retorno-do-congresso-lira-afirma-que-o-orcamento-nao-e-exclusividade-do-executivo\/#primaryimage"},"thumbnailUrl":"https:\/\/thefortune.one\/wp-content\/uploads\/2024\/02\/or.jpg","datePublished":"2024-02-06T13:03:16+00:00","description":"Somos especialistas em gest\u00e3o patrimonial, op\u00e7\u00f5es de investimentos para diversos perfis, nosso diferencial \u00e9 comprovado com resultados.","breadcrumb":{"@id":"https:\/\/thefortune.one\/pt\/no-retorno-do-congresso-lira-afirma-que-o-orcamento-nao-e-exclusividade-do-executivo\/#breadcrumb"},"inLanguage":"en-US","potentialAction":[{"@type":"ReadAction","target":["https:\/\/thefortune.one\/pt\/no-retorno-do-congresso-lira-afirma-que-o-orcamento-nao-e-exclusividade-do-executivo\/"]}]},{"@type":"ImageObject","inLanguage":"en-US","@id":"https:\/\/thefortune.one\/pt\/no-retorno-do-congresso-lira-afirma-que-o-orcamento-nao-e-exclusividade-do-executivo\/#primaryimage","url":"https:\/\/thefortune.one\/wp-content\/uploads\/2024\/02\/or.jpg","contentUrl":"https:\/\/thefortune.one\/wp-content\/uploads\/2024\/02\/or.jpg","width":833,"height":469},{"@type":"BreadcrumbList","@id":"https:\/\/thefortune.one\/pt\/no-retorno-do-congresso-lira-afirma-que-o-orcamento-nao-e-exclusividade-do-executivo\/#breadcrumb","itemListElement":[{"@type":"ListItem","position":1,"name":"In\u00edcio","item":"https:\/\/thefortune.one\/pt\/"},{"@type":"ListItem","position":2,"name":"No retorno do Congresso, Lira afirma que o Or\u00e7amento n\u00e3o \u00e9 exclusividade do Executivo"}]},{"@type":"WebSite","@id":"https:\/\/thefortune.one\/pt\/#website","url":"https:\/\/thefortune.one\/pt\/","name":"The Fortune.one","description":"Gestora de Recursos Especializada em Private Equity","publisher":{"@id":"https:\/\/thefortune.one\/pt\/#organization"},"potentialAction":[{"@type":"SearchAction","target":{"@type":"EntryPoint","urlTemplate":"https:\/\/thefortune.one\/pt\/?s={search_term_string}"},"query-input":{"@type":"PropertyValueSpecification","valueRequired":true,"valueName":"search_term_string"}}],"inLanguage":"en-US"},{"@type":"Organization","@id":"https:\/\/thefortune.one\/pt\/#organization","name":"The Fortune One","url":"https:\/\/thefortune.one\/pt\/","logo":{"@type":"ImageObject","inLanguage":"en-US","@id":"https:\/\/thefortune.one\/pt\/#\/schema\/logo\/image\/","url":"https:\/\/thefortune.one\/wp-content\/uploads\/2022\/11\/cropped-cropped-1651682701199-1.jpg","contentUrl":"https:\/\/thefortune.one\/wp-content\/uploads\/2022\/11\/cropped-cropped-1651682701199-1.jpg","width":369,"height":421,"caption":"The Fortune One"},"image":{"@id":"https:\/\/thefortune.one\/pt\/#\/schema\/logo\/image\/"}},{"@type":"Person","@id":"https:\/\/thefortune.one\/pt\/#\/schema\/person\/6cd8fe72a627d36caabf41815984a16f","name":"bianca","image":{"@type":"ImageObject","inLanguage":"en-US","@id":"https:\/\/secure.gravatar.com\/avatar\/66cd7b00d93410555e00d1e6a911a86de0cd0cfa4f83a2f8b47eddc2968c98af?s=96&d=mm&r=g","url":"https:\/\/secure.gravatar.com\/avatar\/66cd7b00d93410555e00d1e6a911a86de0cd0cfa4f83a2f8b47eddc2968c98af?s=96&d=mm&r=g","contentUrl":"https:\/\/secure.gravatar.com\/avatar\/66cd7b00d93410555e00d1e6a911a86de0cd0cfa4f83a2f8b47eddc2968c98af?s=96&d=mm&r=g","caption":"bianca"},"url":"https:\/\/thefortune.one\/en\/author\/bianca\/"}]}},"_links":{"self":[{"href":"https:\/\/thefortune.one\/en\/wp-json\/wp\/v2\/posts\/4706","targetHints":{"allow":["GET"]}}],"collection":[{"href":"https:\/\/thefortune.one\/en\/wp-json\/wp\/v2\/posts"}],"about":[{"href":"https:\/\/thefortune.one\/en\/wp-json\/wp\/v2\/types\/post"}],"author":[{"embeddable":true,"href":"https:\/\/thefortune.one\/en\/wp-json\/wp\/v2\/users\/3"}],"replies":[{"embeddable":true,"href":"https:\/\/thefortune.one\/en\/wp-json\/wp\/v2\/comments?post=4706"}],"version-history":[{"count":1,"href":"https:\/\/thefortune.one\/en\/wp-json\/wp\/v2\/posts\/4706\/revisions"}],"predecessor-version":[{"id":4708,"href":"https:\/\/thefortune.one\/en\/wp-json\/wp\/v2\/posts\/4706\/revisions\/4708"}],"wp:featuredmedia":[{"embeddable":true,"href":"https:\/\/thefortune.one\/en\/wp-json\/wp\/v2\/media\/4707"}],"wp:attachment":[{"href":"https:\/\/thefortune.one\/en\/wp-json\/wp\/v2\/media?parent=4706"}],"wp:term":[{"taxonomy":"category","embeddable":true,"href":"https:\/\/thefortune.one\/en\/wp-json\/wp\/v2\/categories?post=4706"},{"taxonomy":"post_tag","embeddable":true,"href":"https:\/\/thefortune.one\/en\/wp-json\/wp\/v2\/tags?post=4706"}],"curies":[{"name":"wp","href":"https:\/\/api.w.org\/{rel}","templated":true}]}}