{"id":4656,"date":"2024-01-29T13:21:46","date_gmt":"2024-01-29T13:21:46","guid":{"rendered":"https:\/\/thefortune.one\/?p=4656"},"modified":"2024-01-29T13:21:46","modified_gmt":"2024-01-29T13:21:46","slug":"o-que-esperar-da-proxima-reuniao-do-copom-com-corte-de-050-p-p-na-selic-ja-precificado","status":"publish","type":"post","link":"https:\/\/thefortune.one\/en\/o-que-esperar-da-proxima-reuniao-do-copom-com-corte-de-050-p-p-na-selic-ja-precificado\/","title":{"rendered":"O que esperar da pr\u00f3xima reuni\u00e3o do Copom com corte de 0,50 p.p. na Selic j\u00e1 precificado?\u00a0"},"content":{"rendered":"\n<p>Decis\u00e3o do Copom sobre taxa de juros estar\u00e1 no centro das aten\u00e7\u00f5es<a href=\"https:\/\/web.whatsapp.com\/send?text=O%20que%20esperar%20da%20pr%C3%B3xima%20reuni%C3%A3o%20do%20Copom%20com%20corte%20de%200,50%20p.p.%20na%20Selic%20j%C3%A1%20precificado?%C2%A0%20https%3A%2F%2Finteligenciafinanceira.com.br%2Fmercado-financeiro%2Fselic%2Fo-que-esperar-da-proxima-reuniao-do-copom-com-corte-de-050-p-p-na-selic-ja-precificado%2F\" target=\"_blank\" rel=\"noreferrer noopener\"><\/a><a href=\"https:\/\/www.linkedin.com\/sharing\/share-offsite\/?url=https%3A%2F%2Finteligenciafinanceira.com.br%2Fmercado-financeiro%2Fselic%2Fo-que-esperar-da-proxima-reuniao-do-copom-com-corte-de-050-p-p-na-selic-ja-precificado%2F&amp;title=O%20que%20esperar%20da%20pr%C3%B3xima%20reuni%C3%A3o%20do%20Copom%20com%20corte%20de%200,50%20p.p.%20na%20Selic%20j%C3%A1%20precificado?%C2%A0\" target=\"_blank\" rel=\"noreferrer noopener\"><\/a><a href=\"https:\/\/t.me\/share\/url?url=https%3A%2F%2Finteligenciafinanceira.com.br%2Fmercado-financeiro%2Fselic%2Fo-que-esperar-da-proxima-reuniao-do-copom-com-corte-de-050-p-p-na-selic-ja-precificado%2F&amp;text=O%20que%20esperar%20da%20pr%C3%B3xima%20reuni%C3%A3o%20do%20Copom%20com%20corte%20de%200,50%20p.p.%20na%20Selic%20j%C3%A1%20precificado?%C2%A0\" target=\"_blank\" rel=\"noreferrer noopener\"><\/a><a href=\"https:\/\/twitter.com\/intent\/tweet?text=O%20que%20esperar%20da%20pr%C3%B3xima%20reuni%C3%A3o%20do%20Copom%20com%20corte%20de%200,50%20p.p.%20na%20Selic%20j%C3%A1%20precificado?%C2%A0&amp;url=https%3A%2F%2Finteligenciafinanceira.com.br%2Fmercado-financeiro%2Fselic%2Fo-que-esperar-da-proxima-reuniao-do-copom-com-corte-de-050-p-p-na-selic-ja-precificado%2F&amp;\" target=\"_blank\" rel=\"noreferrer noopener\"><\/a><a href=\"https:\/\/www.facebook.com\/sharer\/sharer.php?u=https%3A%2F%2Finteligenciafinanceira.com.br%2Fmercado-financeiro%2Fselic%2Fo-que-esperar-da-proxima-reuniao-do-copom-com-corte-de-050-p-p-na-selic-ja-precificado%2F\" target=\"_blank\" rel=\"noreferrer noopener\"><\/a><a href=\"mailto:?subject=O%20que%20esperar%20da%20pr%C3%B3xima%20reuni%C3%A3o%20do%20Copom%20com%20corte%20de%200,50%20p.p.%20na%20Selic%20j%C3%A1%20precificado?%C2%A0&amp;body=Veja%20mais%20em%20https%3A%2F%2Finteligenciafinanceira.com.br%2Fmercado-financeiro%2Fselic%2Fo-que-esperar-da-proxima-reuniao-do-copom-com-corte-de-050-p-p-na-selic-ja-precificado%2F\" target=\"_blank\" rel=\"noreferrer noopener\"><\/a><a href=\"https:\/\/inteligenciafinanceira.com.br\/mercado-financeiro\/selic\/o-que-esperar-da-proxima-reuniao-do-copom-com-corte-de-050-p-p-na-selic-ja-precificado\/#copy_link\"><\/a><\/p>\n\n\n\n<figure class=\"wp-block-image\"><img decoding=\"async\" src=\"https:\/\/inteligenciafinanceira.com.br\/wp-content\/uploads\/2023\/09\/copom-taxa-selic-roberto-campos-neto.jpg?w=833&amp;h=469&amp;crop=1\" alt=\"O que esperar da pr\u00f3xima reuni\u00e3o do Copom com corte de 0,50 p.p. na Selic j\u00e1 precificado?\u00a0\" \/><figcaption class=\"wp-element-caption\">Roberto Campos Neto, presidente do Banco Central. Foto: Lula Marques\/Ag\u00eancia Brasil<\/figcaption><\/figure>\n\n\n\n<p>O&nbsp;<a href=\"https:\/\/inteligenciafinanceira.com.br\/glossario-financeiro\/copom-o-que-e\/\">Comit\u00ea de Pol\u00edtica Monet\u00e1ria do Banco Central (Copom) <\/a>&nbsp;se re\u00fane nesta semana para a primeira decis\u00e3o sobre juros de 2024. O ano come\u00e7a com o mercado interessado em saber se at\u00e9 dezembro a autoridade monet\u00e1ria reduzir\u00e1 a&nbsp;<a href=\"https:\/\/inteligenciafinanceira.com.br\/glossario-financeiro\/taxa-selic\/\">Selic <\/a>&nbsp;dos&nbsp;<a href=\"https:\/\/inteligenciafinanceira.com.br\/mercado-financeiro\/selic\/copom-corta-juros-em-050-ponto-pela-quarta-vez-seguida-e-selic-vai-a-1175-ao-ano\/#:~:text=2023%2C%2018%3A35%20%C3%9Altima%20Atualiza%C3%A7%C3%A3o%3A%2013%20dez.&amp;text=O%20Comit%C3%AA%20de%20Pol%C3%ADtica%20Monet%C3%A1ria,11%2C75%25%20ao%20ano.\">atuais 11,75%<\/a>&nbsp;para o patamar de um d\u00edgito.<\/p>\n\n\n\n<p>Algumas proje\u00e7\u00f5es apontam para isso. Embora a queda a um d\u00edgito n\u00e3o seja certa, h\u00e1 algumas certezas no horizonte. Especialistas ouvidos pela&nbsp;<strong>Intelig\u00eancia Financeira<\/strong>&nbsp;s\u00e3o un\u00e2nimes em dizer que&nbsp;<strong>o BC cortar\u00e1 0,50 ponto percentual (p.p.) na pr\u00f3xima decis\u00e3o, que ser\u00e1 anunciada na quarta-feira (31).<\/strong><\/p>\n\n\n\n<p>Posteriormente, no dia 20 de mar\u00e7o, repetir\u00e1 a medida.<\/p>\n\n\n\n<h2 class=\"wp-block-heading\" id=\"h-o-que-esperar-do-copom-para-alem-do-corte-de-0-50-p-p\">O que esperar do Copom para al\u00e9m do corte de 0,50 p.p.<\/h2>\n\n\n\n<p>Segundo Leonardo Cappa, economista-chefe da consultoria Traad, \u201c<strong>as previs\u00f5es indicam&nbsp;<a href=\"https:\/\/inteligenciafinanceira.com.br\/mercado-financeiro\/boletim-focus\/boletim-focus-22-01-2024\/\">queda at\u00e9 perto de 9% (conforme o \u00faltimo boletim Focus)<\/a>&nbsp;ao final do ciclo<\/strong>. Ou, no cen\u00e1rio mais conservador, a 10%\u201d. Mesmo que caia s\u00f3 at\u00e9 10%, ainda haver\u00e1 mais dois cortes de 0,50 p.p. e, depois, mais um, de 0,25.<\/p>\n\n\n\n<p>Ou seja, esses cortes j\u00e1 est\u00e3o precificados pelo mercado. Diante disso,&nbsp;<strong>a d\u00favida \u00e9 sobre o tom do comunicado do Copom<\/strong>.<\/p>\n\n\n\n<p>\u201cSe o ciclo de corte de juros est\u00e1 perto do final, a linguagem deve ser modificada (em rela\u00e7\u00e3o aos outros comunicados). Mesmo se n\u00e3o estiver, \u00e9 preciso sinalizar ao mercado. Por isso, mais do que nunca, come\u00e7a a ficar relevante o que ser\u00e1 dito pelo Banco Central\u201d, acrescenta Gustavo Cruz, estrategista da RB Investimentos. &nbsp;<\/p>\n\n\n\n<h2 class=\"wp-block-heading\" id=\"h-meta-fiscal-pode-ser-novo-ponto-de-atencao\">Meta fiscal pode ser novo ponto de aten\u00e7\u00e3o<\/h2>\n\n\n\n<p><strong>A persegui\u00e7\u00e3o \u00e0 meta fiscal deve ganhar ainda mais destaque no comunicado de quarta-feira<\/strong>, para al\u00e9m do que j\u00e1 vem sendo sinalizado nas \u00faltimas reuni\u00f5es, segundo Cappa, da Traad.<\/p>\n\n\n\n<p>Com isso, pode aumentar o ru\u00eddo entre Banco Central e governo. Isso porque \u201cos economistas s\u00e3o unanimes em dizer que n\u00e3o haver\u00e1 d\u00e9ficit zero (como pretende o BC). Mas, sim, algo entre 0,3% e 0,8%. A gente n\u00e3o sabe ao certo\u201d, alerta o consultor.<\/p>\n\n\n\n<p>Al\u00e9m disso, o governo est\u00e1 anunciando novos gastos sociais. \u201cCom isso, a quest\u00e3o fiscal pode ganhar espa\u00e7o ainda maior no comunicado. Contudo, no Focus, a gente j\u00e1 v\u00ea uma melhora na proje\u00e7\u00e3o da d\u00edvida\u201d, pondera Cappa.<\/p>\n\n\n\n<h2 class=\"wp-block-heading\" id=\"h-plano-industrial-pode-ser-pauta-nova-no-comunicado\">Plano industrial pode ser pauta nova no comunicado<\/h2>\n\n\n\n<p>Para Ricardo Pompermaier, estrategista-chefe da Davos Investimentos, \u201c<strong>deve ganhar espa\u00e7o a discuss\u00e3o sobre expans\u00e3o parafiscal ap\u00f3s o novo plano industrial do governo<\/strong>\u201d. Ele se refere ao&nbsp;<a href=\"https:\/\/inteligenciafinanceira.com.br\/mercado-financeiro\/economia\/bndes-anuncia-cerca-de-r-250-bi-para-apoio-a-projetos-de-neoindustrializacao-ate-2026\/#:~:text=BNDES%20anuncia%20cerca%20de%20R%24%20250%20bi%20para%20apoio,projetos%20de%20neoindustrializa%C3%A7%C3%A3o%20at%C3%A9%202026&amp;text=3%20min.&amp;text=O%20Banco%20Nacional%20de%20Desenvolvimento,projetos%20de%20neoindustrializa%C3%A7%C3%A3o%20at%C3%A9%202026.\">an\u00fancio feito pelo BNDES de investir at\u00e9 R$ 300 bilh\u00f5es em incentivos ao que tem sido chamado de neoindustrializa\u00e7\u00e3o do pa\u00eds<\/a>.<\/p>\n\n\n\n<p>Com essa nova rubrica e aumento de gastos, existe a possibilidade de o Banco Central refor\u00e7ar, em seu comunicado, a import\u00e2ncia de o governo perseguir a meta fiscal de d\u00e9ficit zero, segundo o estrategista da Davos.<\/p>\n\n\n\n<figure class=\"wp-block-image\"><img decoding=\"async\" src=\"https:\/\/inteligenciafinanceira.com.br\/wp-content\/uploads\/2023\/11\/geraldo-alckmin-meta-fiscal.jpg?w=1080\" alt=\"\" class=\"wp-image-241372\" \/><figcaption class=\"wp-element-caption\">Geraldo Alckmin, vice-presidente da Rep\u00fablica e ministro do Desenvolvimento, Ind\u00fastria, Com\u00e9rcio e Servi\u00e7os. Foto: Cadu Gomes\/VPR<\/figcaption><\/figure>\n\n\n\n<h2 class=\"wp-block-heading\" id=\"h-decisao-do-copom-deve-ter-cenario-internacional-em-foco\">Decis\u00e3o do Copom deve ter cen\u00e1rio internacional em foco<\/h2>\n\n\n\n<p><strong>O conflito no Mar Vermelho, que afeta diretamente o tr\u00e1fego de mercadorias pelo mundo, pode vir a ser abordado pelo BC<\/strong>&nbsp;quando o assunto for cen\u00e1rio internacional. \u201cH\u00e1 algum tipo de press\u00e3o inflacion\u00e1ria aos produtores&nbsp;<strong>por conta do aumento do frete<\/strong>, fruto do que est\u00e1 acontecendo naquela regi\u00e3o\u201d, avalia Cruz, da RB. Com isso, a abordagem a esse assunto pode incluir um tom mais duro.<\/p>\n\n\n\n<p><strong>Por\u00e9m, h\u00e1 quem veja um al\u00edvio nas tens\u00f5es geopol\u00edticas<\/strong>. N\u00e3o tanto relacionado \u00e0 dissolu\u00e7\u00e3o dos conflitos no Oriente M\u00e9dio e na Ucr\u00e2nia, mas ao impacto apenas marginal (por enquanto) em fatores que influenciam diretamente no comportamento dos ativos aqui, no Brasil.<\/p>\n\n\n\n<p>\u201c<strong>Indicadores importantes para a infla\u00e7\u00e3o dom\u00e9stica, como o pre\u00e7o do barril de petr\u00f3leo e o c\u00e2mbio, n\u00e3o foram impactados como o esperado<\/strong>\u201d, segundo Matheus Pizzani, economista da CM Capital.<\/p>\n\n\n\n<p>O aumento de 122% no pre\u00e7o m\u00e9dio do frete desde novembro \u00e9 relevante. Contudo, a men\u00e7\u00e3o no comunicado deve ser apenas discreta. Nesse sentido, o BC \u201cn\u00e3o pode dar a entender que o ciclo de cortes ser\u00e1 interrompido por fatores ainda dif\u00edceis de precificar\u201d. A afirma\u00e7\u00e3o \u00e9 de Caio Schettino, head de aloca\u00e7\u00f5es da Criteria.<\/p>\n\n\n\n<figure class=\"wp-block-image\"><img decoding=\"async\" src=\"https:\/\/inteligenciafinanceira.com.br\/wp-content\/uploads\/2023\/10\/HAMAS-ATAQUE-ISRAEL-GUERRA.jpg?w=1080\" alt=\"Conflito Israel-Palestina\" class=\"wp-image-230931\" \/><figcaption class=\"wp-element-caption\">Foguetes s\u00e3o lan\u00e7ados por militantes palestinos da Faixa de Gaza em dire\u00e7\u00e3o a Israel. Foto: Hatem Moussa\/Associated Press\/Estad\u00e3o Conte\u00fado<\/figcaption><\/figure>\n\n\n\n<h2 class=\"wp-block-heading\" id=\"h-inflacao-e-juros-no-exterior\">Infla\u00e7\u00e3o e juros no exterior<\/h2>\n\n\n\n<p>O BC deve se debru\u00e7ar tamb\u00e9m sobre&nbsp;<strong>ambiente global de desinfla\u00e7\u00e3o<\/strong>, que, na vis\u00e3o de Daniel Miraglia, economista da Integral Investimentos, \u201c<strong>vem ocorrendo mais lentamente que o esperado<\/strong>\u201d.<\/p>\n\n\n\n<p>Com isso, o economista da Integral prev\u00ea que a taxa de juros dos EUA caia apenas na virada do semestre, diferentemente do que o mercado precifica hoje.<\/p>\n\n\n\n<p>\u201cO mercado avalia que o Fed deve come\u00e7ar a cortar os juros em mar\u00e7o, com mais de 50% de probabilidade para este cen\u00e1rio. A gente acha, por\u00e9m, que essa queda deve ocorrer apenas na decis\u00e3o de junho\u201d, diz Miraglia.<\/p>\n\n\n\n<h2 class=\"wp-block-heading\" id=\"h-inflacao-no-brasil-tambem-pesara-sobre-decisao-do-copom\">Infla\u00e7\u00e3o no Brasil tamb\u00e9m pesar\u00e1 sobre decis\u00e3o do Copom<\/h2>\n\n\n\n<p><strong>No cen\u00e1rio dom\u00e9stico, a manuten\u00e7\u00e3o do processo de arrefecimento da infla\u00e7\u00e3o deve ser protagonista novamente no comunicado do Banco Centra<\/strong>l, diz Pizzani, da CM.<\/p>\n\n\n\n<p>\u201cAfora press\u00f5es inflacion\u00e1rias motivadas por fatores sazonais, o IPCA seguiu em sua trajet\u00f3ria descendente ao longo do intervalo entre as reuni\u00f5es, sustentando a principal base para o movimento de redu\u00e7\u00e3o dos juros dom\u00e9sticos\u201d, avalia Pizzani, da CM.<\/p>\n\n\n\n<h2 class=\"wp-block-heading\" id=\"h-o-que-pode-mudar-o-cenario\">O que pode mudar o cen\u00e1rio?<\/h2>\n\n\n\n<p><strong>Por outro lado, a infla\u00e7\u00e3o pode ser um fator a alterar a rota do Banco Central<\/strong>, segundo avalia\u00e7\u00e3o de Cappa, da Traad. Especialmente se tratando do comportamento dos pre\u00e7os para 2025 e 2026.<\/p>\n\n\n\n<p>\u201cTalvez o Copom queira sinalizar que, com a proje\u00e7\u00e3o de 9% de Selic, n\u00e3o ser\u00e1 poss\u00edvel entregar infla\u00e7\u00e3o de 3,5%\u201d, projetada pelo mercado. Isso porque o BC tem insistido em uma meta inflacion\u00e1ria de 3%, enquanto o governo segue engajado em ampliar esse horizonte.<\/p>\n\n\n\n<p><strong>Uma queda de infla\u00e7\u00e3o um pouco mais lenta pode estar relacionada ao aumento dos custos no setor de alimentos<\/strong>, com o impacto do El Ni\u00f1o na produ\u00e7\u00e3o, aumentando principalmente os pre\u00e7os de soja e milho. \u201cE esses pre\u00e7os se alastram pelo resto dos pre\u00e7os agr\u00edcolas\u201d, acrescenta Cappa.<\/p>\n\n\n\n<p>Diante desse cen\u00e1rio, de press\u00e3o inflacion\u00e1ria sobre os alimentos e eleva\u00e7\u00e3o da dispers\u00e3o do aumento de pre\u00e7os, conforme mostra o&nbsp;<a href=\"https:\/\/inteligenciafinanceira.com.br\/mercado-financeiro\/acoes\/bolsa-de-valores-hoje-26-01-2024\/\">IPCA-15 de janeiro<\/a>, a redu\u00e7\u00e3o dos juros a um patamar de apenas um d\u00edgito seria mais dif\u00edcil.<\/p>\n\n\n\n<p>Al\u00e9m disso, \u201ca deteriora\u00e7\u00e3o da din\u00e2mica inflacion\u00e1ria e\/ou a piora do cen\u00e1rio geopol\u00edtico demandar\u00e3o taxas mais altas para frear a acelera\u00e7\u00e3o dos pre\u00e7os\u201d, segundo Yuri Alves, economista da Guide Investimentos.<\/p>\n\n\n\n<p>Por\u00e9m, os conflitos podem tomar caminhos mais serenos. Isso tende a causar uma din\u00e2mica inflacion\u00e1ria menos preocupante. Dessa maneira, \u201cas taxas de juros praticadas podem ter seu ritmo de redu\u00e7\u00e3o acelerado\u201d, complementa Alves.<\/p>\n\n\n\n<h2 class=\"wp-block-heading\" id=\"h-decisao-do-copom-e-impacto-sobre-acoes-e-ativos-de-risco\">Decis\u00e3o do Copom e impacto sobre a\u00e7\u00f5es e ativos de risco<\/h2>\n\n\n\n<p>Para Miraglia, o mercado de renda vari\u00e1vel segue suscet\u00edvel a realiza\u00e7\u00f5es de lucro, ou seja, sa\u00edda de capital, ao menos no curto e m\u00e9dio prazos.&nbsp;<a href=\"https:\/\/inteligenciafinanceira.com.br\/mercado-financeiro\/acoes\/bolsa-de-valores-hoje-26-01-2024\/\">No ano, o Ibovespa tem queda de quase 4%<\/a>.<\/p>\n\n\n\n<p>Os ativos de risco est\u00e3o muito dependentes do que pode acontecer no exterior, segundo o especialista da Integral. E,&nbsp;<strong>at\u00e9 que o Fed apresente sinaliza\u00e7\u00f5es mais certeiras de quando haver\u00e1 o corte, \u201cos ativos de risco podem ter mais realiza\u00e7\u00f5es de lucro<\/strong>\u201d. Essas sinaliza\u00e7\u00f5es podem vir j\u00e1 na pr\u00f3xima quarta-feira, quando o Fed tamb\u00e9m decide sobre pol\u00edtica monet\u00e1ria.<\/p>\n\n\n\n<p>Contudo, Cappa afirma que os juros futuros em alta j\u00e1 mostram que os investidores t\u00eam antecipado alguma postura mais dura dos bancos centrais. Com isso, uma eventual&nbsp;<a href=\"https:\/\/inteligenciafinanceira.com.br\/financas\/glossario-financeiro\/mercado-dovish-ou-hawkish-o-que-isso-quer-dizer\/\">postura mais hawkish (agressiva) <\/a>&nbsp;das autoridades monet\u00e1rias poderia ter um impacto reduzido, dado que parte disso j\u00e1 parece ter sido precificada, o que pode ser visto no desempenho negativo do Ibovespa em 2024 depois da&nbsp;<a href=\"https:\/\/inteligenciafinanceira.com.br\/mercado-financeiro\/acoes\/bolsa-de-valores-hoje-28-12-2023\/\">alta robusta no ano passado<\/a>.<\/p>\n\n\n\n<p>\u201cO mercado estava convergindo para o Focus, com proje\u00e7\u00f5es de juros pr\u00f3ximos de 9% (no final do ciclo de queda). Por\u00e9m, nas \u00faltimas semanas, o mercado se antecipou e est\u00e1 projetando um pouco mais de juros. Se o comunicado do Copom vier um pouco mais hawkish, n\u00e3o deve causar grande impacto porque j\u00e1 houve antecipa\u00e7\u00e3o, mas, se vier ainda mais severo, a\u00ed os juros futuros podem subir a 10% ao final do ciclo, e os ativos de risco devem sofrer\u201d, acrescenta.<\/p>\n\n\n\n<figure class=\"wp-block-image\"><img decoding=\"async\" src=\"https:\/\/inteligenciafinanceira.com.br\/wp-content\/uploads\/2023\/01\/painel_ibovespa_acoes_b3.jpg?w=1688\" alt=\"\" class=\"wp-image-143173\" \/><figcaption class=\"wp-element-caption\">Painel mostra desempenho de a\u00e7\u00f5es na&nbsp;<a href=\"https:\/\/inteligenciafinanceira.com.br\/glossario-financeiro\/b3\/\">B3 <\/a>. Foto: Cris Faga\/NurPhoto\/Reuters<\/figcaption><\/figure>\n\n\n\n<h2 class=\"wp-block-heading\" id=\"h-discurso-mais-brando-e-impacto-sobre-a-bolsa\">Discurso mais brando e impacto sobre a bolsa<\/h2>\n\n\n\n<p>Portanto,&nbsp;<strong>caso o BC e o Fed sigam na linha mais dovish (branda), os ativos devem sofrer um impacto positivo, observando um fortalecimento da migra\u00e7\u00e3o da renda fixa para a vari\u00e1vel<\/strong>.<\/p>\n\n\n\n<p>Jaqueline Kist, especialista em mercado de capitais e s\u00f3cia da Matriz Capital destaca um aumento do fluxo de capital estrangeiro para a bolsa, \u201ccorroborando com a vis\u00e3o otimista para a bolsa brasileira dentre os pa\u00edses emergentes\u201d, arremata.<\/p>\n\n\n\n<p>Fonte:https:\/\/inteligenciafinanceira.com.br\/mercado-financeiro\/selic\/o-que-esperar-da-proxima-reuniao-do-copom-com-corte-de-050-p-p-na-selic-ja-precificado\/<\/p>\n","protected":false},"excerpt":{"rendered":"<p>Decis\u00e3o do Copom sobre taxa de juros estar\u00e1 no centro das aten\u00e7\u00f5es O&nbsp;Comit\u00ea de Pol\u00edtica Monet\u00e1ria do Banco Central (Copom) &nbsp;se re\u00fane nesta semana para a primeira decis\u00e3o sobre juros de 2024. O ano come\u00e7a com o mercado interessado em saber se at\u00e9 dezembro a autoridade monet\u00e1ria reduzir\u00e1 a&nbsp;Selic &nbsp;dos&nbsp;atuais 11,75%&nbsp;para o patamar de um [&hellip;]<\/p>\n","protected":false},"author":3,"featured_media":4657,"comment_status":"open","ping_status":"open","sticky":false,"template":"","format":"standard","meta":{"_joinchat":[],"footnotes":""},"categories":[1],"tags":[],"class_list":["post-4656","post","type-post","status-publish","format-standard","has-post-thumbnail","hentry","category-the-fortune-one"],"yoast_head":"<!-- This site is optimized with the Yoast SEO plugin v27.5 - https:\/\/yoast.com\/product\/yoast-seo-wordpress\/ -->\n<title>O que esperar da pr\u00f3xima reuni\u00e3o do Copom com corte de 0,50 p.p. na Selic j\u00e1 precificado?\u00a0 - The Fortune.one<\/title>\n<meta name=\"description\" content=\"Somos especialistas em gest\u00e3o patrimonial, op\u00e7\u00f5es de investimentos para diversos perfis, nosso diferencial \u00e9 comprovado com resultados.\" \/>\n<meta name=\"robots\" content=\"index, follow, max-snippet:-1, max-image-preview:large, max-video-preview:-1\" \/>\n<link rel=\"canonical\" href=\"https:\/\/thefortune.one\/en\/o-que-esperar-da-proxima-reuniao-do-copom-com-corte-de-050-p-p-na-selic-ja-precificado\/\" \/>\n<meta property=\"og:locale\" content=\"en_US\" \/>\n<meta property=\"og:type\" content=\"article\" \/>\n<meta property=\"og:title\" content=\"O que esperar da pr\u00f3xima reuni\u00e3o do Copom com corte de 0,50 p.p. na Selic j\u00e1 precificado?\u00a0 - The Fortune.one\" \/>\n<meta property=\"og:description\" content=\"Somos especialistas em gest\u00e3o patrimonial, op\u00e7\u00f5es de investimentos para diversos perfis, nosso diferencial \u00e9 comprovado com resultados.\" \/>\n<meta property=\"og:url\" content=\"https:\/\/thefortune.one\/en\/o-que-esperar-da-proxima-reuniao-do-copom-com-corte-de-050-p-p-na-selic-ja-precificado\/\" \/>\n<meta property=\"og:site_name\" content=\"The Fortune.one\" \/>\n<meta property=\"article:published_time\" content=\"2024-01-29T13:21:46+00:00\" \/>\n<meta property=\"og:image\" content=\"https:\/\/thefortune.one\/wp-content\/uploads\/2024\/01\/quesa.jpg\" \/>\n\t<meta property=\"og:image:width\" content=\"833\" \/>\n\t<meta property=\"og:image:height\" content=\"469\" \/>\n\t<meta property=\"og:image:type\" content=\"image\/jpeg\" \/>\n<meta name=\"author\" content=\"bianca\" \/>\n<meta name=\"twitter:card\" content=\"summary_large_image\" \/>\n<meta name=\"twitter:label1\" content=\"Written by\" \/>\n\t<meta name=\"twitter:data1\" content=\"bianca\" \/>\n\t<meta name=\"twitter:label2\" content=\"Est. reading time\" \/>\n\t<meta name=\"twitter:data2\" content=\"8 minutes\" \/>\n<script type=\"application\/ld+json\" class=\"yoast-schema-graph\">{\"@context\":\"https:\\\/\\\/schema.org\",\"@graph\":[{\"@type\":\"Article\",\"@id\":\"https:\\\/\\\/thefortune.one\\\/pt\\\/o-que-esperar-da-proxima-reuniao-do-copom-com-corte-de-050-p-p-na-selic-ja-precificado\\\/#article\",\"isPartOf\":{\"@id\":\"https:\\\/\\\/thefortune.one\\\/pt\\\/o-que-esperar-da-proxima-reuniao-do-copom-com-corte-de-050-p-p-na-selic-ja-precificado\\\/\"},\"author\":{\"name\":\"bianca\",\"@id\":\"https:\\\/\\\/thefortune.one\\\/pt\\\/#\\\/schema\\\/person\\\/6cd8fe72a627d36caabf41815984a16f\"},\"headline\":\"O que esperar da pr\u00f3xima reuni\u00e3o do Copom com corte de 0,50 p.p. na Selic j\u00e1 precificado?\u00a0\",\"datePublished\":\"2024-01-29T13:21:46+00:00\",\"mainEntityOfPage\":{\"@id\":\"https:\\\/\\\/thefortune.one\\\/pt\\\/o-que-esperar-da-proxima-reuniao-do-copom-com-corte-de-050-p-p-na-selic-ja-precificado\\\/\"},\"wordCount\":1651,\"commentCount\":0,\"publisher\":{\"@id\":\"https:\\\/\\\/thefortune.one\\\/pt\\\/#organization\"},\"image\":{\"@id\":\"https:\\\/\\\/thefortune.one\\\/pt\\\/o-que-esperar-da-proxima-reuniao-do-copom-com-corte-de-050-p-p-na-selic-ja-precificado\\\/#primaryimage\"},\"thumbnailUrl\":\"https:\\\/\\\/thefortune.one\\\/wp-content\\\/uploads\\\/2024\\\/01\\\/quesa.jpg\",\"articleSection\":[\"The Fortune.one\"],\"inLanguage\":\"en-US\",\"potentialAction\":[{\"@type\":\"CommentAction\",\"name\":\"Comment\",\"target\":[\"https:\\\/\\\/thefortune.one\\\/pt\\\/o-que-esperar-da-proxima-reuniao-do-copom-com-corte-de-050-p-p-na-selic-ja-precificado\\\/#respond\"]}]},{\"@type\":\"WebPage\",\"@id\":\"https:\\\/\\\/thefortune.one\\\/pt\\\/o-que-esperar-da-proxima-reuniao-do-copom-com-corte-de-050-p-p-na-selic-ja-precificado\\\/\",\"url\":\"https:\\\/\\\/thefortune.one\\\/pt\\\/o-que-esperar-da-proxima-reuniao-do-copom-com-corte-de-050-p-p-na-selic-ja-precificado\\\/\",\"name\":\"O que esperar da pr\u00f3xima reuni\u00e3o do Copom com corte de 0,50 p.p. na Selic j\u00e1 precificado?\u00a0 - The Fortune.one\",\"isPartOf\":{\"@id\":\"https:\\\/\\\/thefortune.one\\\/pt\\\/#website\"},\"primaryImageOfPage\":{\"@id\":\"https:\\\/\\\/thefortune.one\\\/pt\\\/o-que-esperar-da-proxima-reuniao-do-copom-com-corte-de-050-p-p-na-selic-ja-precificado\\\/#primaryimage\"},\"image\":{\"@id\":\"https:\\\/\\\/thefortune.one\\\/pt\\\/o-que-esperar-da-proxima-reuniao-do-copom-com-corte-de-050-p-p-na-selic-ja-precificado\\\/#primaryimage\"},\"thumbnailUrl\":\"https:\\\/\\\/thefortune.one\\\/wp-content\\\/uploads\\\/2024\\\/01\\\/quesa.jpg\",\"datePublished\":\"2024-01-29T13:21:46+00:00\",\"description\":\"Somos especialistas em gest\u00e3o patrimonial, op\u00e7\u00f5es de investimentos para diversos perfis, nosso diferencial \u00e9 comprovado com resultados.\",\"breadcrumb\":{\"@id\":\"https:\\\/\\\/thefortune.one\\\/pt\\\/o-que-esperar-da-proxima-reuniao-do-copom-com-corte-de-050-p-p-na-selic-ja-precificado\\\/#breadcrumb\"},\"inLanguage\":\"en-US\",\"potentialAction\":[{\"@type\":\"ReadAction\",\"target\":[\"https:\\\/\\\/thefortune.one\\\/pt\\\/o-que-esperar-da-proxima-reuniao-do-copom-com-corte-de-050-p-p-na-selic-ja-precificado\\\/\"]}]},{\"@type\":\"ImageObject\",\"inLanguage\":\"en-US\",\"@id\":\"https:\\\/\\\/thefortune.one\\\/pt\\\/o-que-esperar-da-proxima-reuniao-do-copom-com-corte-de-050-p-p-na-selic-ja-precificado\\\/#primaryimage\",\"url\":\"https:\\\/\\\/thefortune.one\\\/wp-content\\\/uploads\\\/2024\\\/01\\\/quesa.jpg\",\"contentUrl\":\"https:\\\/\\\/thefortune.one\\\/wp-content\\\/uploads\\\/2024\\\/01\\\/quesa.jpg\",\"width\":833,\"height\":469},{\"@type\":\"BreadcrumbList\",\"@id\":\"https:\\\/\\\/thefortune.one\\\/pt\\\/o-que-esperar-da-proxima-reuniao-do-copom-com-corte-de-050-p-p-na-selic-ja-precificado\\\/#breadcrumb\",\"itemListElement\":[{\"@type\":\"ListItem\",\"position\":1,\"name\":\"In\u00edcio\",\"item\":\"https:\\\/\\\/thefortune.one\\\/pt\\\/\"},{\"@type\":\"ListItem\",\"position\":2,\"name\":\"O que esperar da pr\u00f3xima reuni\u00e3o do Copom com corte de 0,50 p.p. na Selic j\u00e1 precificado?\u00a0\"}]},{\"@type\":\"WebSite\",\"@id\":\"https:\\\/\\\/thefortune.one\\\/pt\\\/#website\",\"url\":\"https:\\\/\\\/thefortune.one\\\/pt\\\/\",\"name\":\"The Fortune.one\",\"description\":\"Gestora de Recursos Especializada em Private Equity\",\"publisher\":{\"@id\":\"https:\\\/\\\/thefortune.one\\\/pt\\\/#organization\"},\"potentialAction\":[{\"@type\":\"SearchAction\",\"target\":{\"@type\":\"EntryPoint\",\"urlTemplate\":\"https:\\\/\\\/thefortune.one\\\/pt\\\/?s={search_term_string}\"},\"query-input\":{\"@type\":\"PropertyValueSpecification\",\"valueRequired\":true,\"valueName\":\"search_term_string\"}}],\"inLanguage\":\"en-US\"},{\"@type\":\"Organization\",\"@id\":\"https:\\\/\\\/thefortune.one\\\/pt\\\/#organization\",\"name\":\"The Fortune One\",\"url\":\"https:\\\/\\\/thefortune.one\\\/pt\\\/\",\"logo\":{\"@type\":\"ImageObject\",\"inLanguage\":\"en-US\",\"@id\":\"https:\\\/\\\/thefortune.one\\\/pt\\\/#\\\/schema\\\/logo\\\/image\\\/\",\"url\":\"https:\\\/\\\/thefortune.one\\\/wp-content\\\/uploads\\\/2022\\\/11\\\/cropped-cropped-1651682701199-1.jpg\",\"contentUrl\":\"https:\\\/\\\/thefortune.one\\\/wp-content\\\/uploads\\\/2022\\\/11\\\/cropped-cropped-1651682701199-1.jpg\",\"width\":369,\"height\":421,\"caption\":\"The Fortune One\"},\"image\":{\"@id\":\"https:\\\/\\\/thefortune.one\\\/pt\\\/#\\\/schema\\\/logo\\\/image\\\/\"}},{\"@type\":\"Person\",\"@id\":\"https:\\\/\\\/thefortune.one\\\/pt\\\/#\\\/schema\\\/person\\\/6cd8fe72a627d36caabf41815984a16f\",\"name\":\"bianca\",\"image\":{\"@type\":\"ImageObject\",\"inLanguage\":\"en-US\",\"@id\":\"https:\\\/\\\/secure.gravatar.com\\\/avatar\\\/66cd7b00d93410555e00d1e6a911a86de0cd0cfa4f83a2f8b47eddc2968c98af?s=96&d=mm&r=g\",\"url\":\"https:\\\/\\\/secure.gravatar.com\\\/avatar\\\/66cd7b00d93410555e00d1e6a911a86de0cd0cfa4f83a2f8b47eddc2968c98af?s=96&d=mm&r=g\",\"contentUrl\":\"https:\\\/\\\/secure.gravatar.com\\\/avatar\\\/66cd7b00d93410555e00d1e6a911a86de0cd0cfa4f83a2f8b47eddc2968c98af?s=96&d=mm&r=g\",\"caption\":\"bianca\"},\"url\":\"https:\\\/\\\/thefortune.one\\\/en\\\/author\\\/bianca\\\/\"}]}<\/script>\n<!-- \/ Yoast SEO plugin. -->","yoast_head_json":{"title":"O que esperar da pr\u00f3xima reuni\u00e3o do Copom com corte de 0,50 p.p. na Selic j\u00e1 precificado?\u00a0 - The Fortune.one","description":"Somos especialistas em gest\u00e3o patrimonial, op\u00e7\u00f5es de investimentos para diversos perfis, nosso diferencial \u00e9 comprovado com resultados.","robots":{"index":"index","follow":"follow","max-snippet":"max-snippet:-1","max-image-preview":"max-image-preview:large","max-video-preview":"max-video-preview:-1"},"canonical":"https:\/\/thefortune.one\/en\/o-que-esperar-da-proxima-reuniao-do-copom-com-corte-de-050-p-p-na-selic-ja-precificado\/","og_locale":"en_US","og_type":"article","og_title":"O que esperar da pr\u00f3xima reuni\u00e3o do Copom com corte de 0,50 p.p. na Selic j\u00e1 precificado?\u00a0 - The Fortune.one","og_description":"Somos especialistas em gest\u00e3o patrimonial, op\u00e7\u00f5es de investimentos para diversos perfis, nosso diferencial \u00e9 comprovado com resultados.","og_url":"https:\/\/thefortune.one\/en\/o-que-esperar-da-proxima-reuniao-do-copom-com-corte-de-050-p-p-na-selic-ja-precificado\/","og_site_name":"The Fortune.one","article_published_time":"2024-01-29T13:21:46+00:00","og_image":[{"width":833,"height":469,"url":"https:\/\/thefortune.one\/wp-content\/uploads\/2024\/01\/quesa.jpg","type":"image\/jpeg"}],"author":"bianca","twitter_card":"summary_large_image","twitter_misc":{"Written by":"bianca","Est. reading time":"8 minutes"},"schema":{"@context":"https:\/\/schema.org","@graph":[{"@type":"Article","@id":"https:\/\/thefortune.one\/pt\/o-que-esperar-da-proxima-reuniao-do-copom-com-corte-de-050-p-p-na-selic-ja-precificado\/#article","isPartOf":{"@id":"https:\/\/thefortune.one\/pt\/o-que-esperar-da-proxima-reuniao-do-copom-com-corte-de-050-p-p-na-selic-ja-precificado\/"},"author":{"name":"bianca","@id":"https:\/\/thefortune.one\/pt\/#\/schema\/person\/6cd8fe72a627d36caabf41815984a16f"},"headline":"O que esperar da pr\u00f3xima reuni\u00e3o do Copom com corte de 0,50 p.p. na Selic j\u00e1 precificado?\u00a0","datePublished":"2024-01-29T13:21:46+00:00","mainEntityOfPage":{"@id":"https:\/\/thefortune.one\/pt\/o-que-esperar-da-proxima-reuniao-do-copom-com-corte-de-050-p-p-na-selic-ja-precificado\/"},"wordCount":1651,"commentCount":0,"publisher":{"@id":"https:\/\/thefortune.one\/pt\/#organization"},"image":{"@id":"https:\/\/thefortune.one\/pt\/o-que-esperar-da-proxima-reuniao-do-copom-com-corte-de-050-p-p-na-selic-ja-precificado\/#primaryimage"},"thumbnailUrl":"https:\/\/thefortune.one\/wp-content\/uploads\/2024\/01\/quesa.jpg","articleSection":["The Fortune.one"],"inLanguage":"en-US","potentialAction":[{"@type":"CommentAction","name":"Comment","target":["https:\/\/thefortune.one\/pt\/o-que-esperar-da-proxima-reuniao-do-copom-com-corte-de-050-p-p-na-selic-ja-precificado\/#respond"]}]},{"@type":"WebPage","@id":"https:\/\/thefortune.one\/pt\/o-que-esperar-da-proxima-reuniao-do-copom-com-corte-de-050-p-p-na-selic-ja-precificado\/","url":"https:\/\/thefortune.one\/pt\/o-que-esperar-da-proxima-reuniao-do-copom-com-corte-de-050-p-p-na-selic-ja-precificado\/","name":"O que esperar da pr\u00f3xima reuni\u00e3o do Copom com corte de 0,50 p.p. na Selic j\u00e1 precificado?\u00a0 - The Fortune.one","isPartOf":{"@id":"https:\/\/thefortune.one\/pt\/#website"},"primaryImageOfPage":{"@id":"https:\/\/thefortune.one\/pt\/o-que-esperar-da-proxima-reuniao-do-copom-com-corte-de-050-p-p-na-selic-ja-precificado\/#primaryimage"},"image":{"@id":"https:\/\/thefortune.one\/pt\/o-que-esperar-da-proxima-reuniao-do-copom-com-corte-de-050-p-p-na-selic-ja-precificado\/#primaryimage"},"thumbnailUrl":"https:\/\/thefortune.one\/wp-content\/uploads\/2024\/01\/quesa.jpg","datePublished":"2024-01-29T13:21:46+00:00","description":"Somos especialistas em gest\u00e3o patrimonial, op\u00e7\u00f5es de investimentos para diversos perfis, nosso diferencial \u00e9 comprovado com resultados.","breadcrumb":{"@id":"https:\/\/thefortune.one\/pt\/o-que-esperar-da-proxima-reuniao-do-copom-com-corte-de-050-p-p-na-selic-ja-precificado\/#breadcrumb"},"inLanguage":"en-US","potentialAction":[{"@type":"ReadAction","target":["https:\/\/thefortune.one\/pt\/o-que-esperar-da-proxima-reuniao-do-copom-com-corte-de-050-p-p-na-selic-ja-precificado\/"]}]},{"@type":"ImageObject","inLanguage":"en-US","@id":"https:\/\/thefortune.one\/pt\/o-que-esperar-da-proxima-reuniao-do-copom-com-corte-de-050-p-p-na-selic-ja-precificado\/#primaryimage","url":"https:\/\/thefortune.one\/wp-content\/uploads\/2024\/01\/quesa.jpg","contentUrl":"https:\/\/thefortune.one\/wp-content\/uploads\/2024\/01\/quesa.jpg","width":833,"height":469},{"@type":"BreadcrumbList","@id":"https:\/\/thefortune.one\/pt\/o-que-esperar-da-proxima-reuniao-do-copom-com-corte-de-050-p-p-na-selic-ja-precificado\/#breadcrumb","itemListElement":[{"@type":"ListItem","position":1,"name":"In\u00edcio","item":"https:\/\/thefortune.one\/pt\/"},{"@type":"ListItem","position":2,"name":"O que esperar da pr\u00f3xima reuni\u00e3o do Copom com corte de 0,50 p.p. na Selic j\u00e1 precificado?\u00a0"}]},{"@type":"WebSite","@id":"https:\/\/thefortune.one\/pt\/#website","url":"https:\/\/thefortune.one\/pt\/","name":"The Fortune.one","description":"Gestora de Recursos Especializada em Private Equity","publisher":{"@id":"https:\/\/thefortune.one\/pt\/#organization"},"potentialAction":[{"@type":"SearchAction","target":{"@type":"EntryPoint","urlTemplate":"https:\/\/thefortune.one\/pt\/?s={search_term_string}"},"query-input":{"@type":"PropertyValueSpecification","valueRequired":true,"valueName":"search_term_string"}}],"inLanguage":"en-US"},{"@type":"Organization","@id":"https:\/\/thefortune.one\/pt\/#organization","name":"The Fortune One","url":"https:\/\/thefortune.one\/pt\/","logo":{"@type":"ImageObject","inLanguage":"en-US","@id":"https:\/\/thefortune.one\/pt\/#\/schema\/logo\/image\/","url":"https:\/\/thefortune.one\/wp-content\/uploads\/2022\/11\/cropped-cropped-1651682701199-1.jpg","contentUrl":"https:\/\/thefortune.one\/wp-content\/uploads\/2022\/11\/cropped-cropped-1651682701199-1.jpg","width":369,"height":421,"caption":"The Fortune One"},"image":{"@id":"https:\/\/thefortune.one\/pt\/#\/schema\/logo\/image\/"}},{"@type":"Person","@id":"https:\/\/thefortune.one\/pt\/#\/schema\/person\/6cd8fe72a627d36caabf41815984a16f","name":"bianca","image":{"@type":"ImageObject","inLanguage":"en-US","@id":"https:\/\/secure.gravatar.com\/avatar\/66cd7b00d93410555e00d1e6a911a86de0cd0cfa4f83a2f8b47eddc2968c98af?s=96&d=mm&r=g","url":"https:\/\/secure.gravatar.com\/avatar\/66cd7b00d93410555e00d1e6a911a86de0cd0cfa4f83a2f8b47eddc2968c98af?s=96&d=mm&r=g","contentUrl":"https:\/\/secure.gravatar.com\/avatar\/66cd7b00d93410555e00d1e6a911a86de0cd0cfa4f83a2f8b47eddc2968c98af?s=96&d=mm&r=g","caption":"bianca"},"url":"https:\/\/thefortune.one\/en\/author\/bianca\/"}]}},"_links":{"self":[{"href":"https:\/\/thefortune.one\/en\/wp-json\/wp\/v2\/posts\/4656","targetHints":{"allow":["GET"]}}],"collection":[{"href":"https:\/\/thefortune.one\/en\/wp-json\/wp\/v2\/posts"}],"about":[{"href":"https:\/\/thefortune.one\/en\/wp-json\/wp\/v2\/types\/post"}],"author":[{"embeddable":true,"href":"https:\/\/thefortune.one\/en\/wp-json\/wp\/v2\/users\/3"}],"replies":[{"embeddable":true,"href":"https:\/\/thefortune.one\/en\/wp-json\/wp\/v2\/comments?post=4656"}],"version-history":[{"count":1,"href":"https:\/\/thefortune.one\/en\/wp-json\/wp\/v2\/posts\/4656\/revisions"}],"predecessor-version":[{"id":4658,"href":"https:\/\/thefortune.one\/en\/wp-json\/wp\/v2\/posts\/4656\/revisions\/4658"}],"wp:featuredmedia":[{"embeddable":true,"href":"https:\/\/thefortune.one\/en\/wp-json\/wp\/v2\/media\/4657"}],"wp:attachment":[{"href":"https:\/\/thefortune.one\/en\/wp-json\/wp\/v2\/media?parent=4656"}],"wp:term":[{"taxonomy":"category","embeddable":true,"href":"https:\/\/thefortune.one\/en\/wp-json\/wp\/v2\/categories?post=4656"},{"taxonomy":"post_tag","embeddable":true,"href":"https:\/\/thefortune.one\/en\/wp-json\/wp\/v2\/tags?post=4656"}],"curies":[{"name":"wp","href":"https:\/\/api.w.org\/{rel}","templated":true}]}}