{"id":4653,"date":"2024-01-26T12:46:40","date_gmt":"2024-01-26T12:46:40","guid":{"rendered":"https:\/\/thefortune.one\/?p=4653"},"modified":"2024-01-26T12:46:40","modified_gmt":"2024-01-26T12:46:40","slug":"vale-perde-quase-r-40-bi-de-valor-em-2024-em-meio-a-mantega-condenacao-e-baixa-do-minerio","status":"publish","type":"post","link":"https:\/\/thefortune.one\/en\/vale-perde-quase-r-40-bi-de-valor-em-2024-em-meio-a-mantega-condenacao-e-baixa-do-minerio\/","title":{"rendered":"Vale perde quase R$ 40 bi de valor em 2024, em meio a Mantega, condena\u00e7\u00e3o e baixa do min\u00e9rio"},"content":{"rendered":"\n<p>Nos \u00faltimos dez dias, valor de mercado da mineradora caiu R$ 14,4 bilh\u00f5es<\/p>\n\n\n\n<p><a href=\"https:\/\/web.whatsapp.com\/send?text=Vale%20perde%20quase%20R$%2040%20bi%20de%20valor%20em%202024,%20em%20meio%20a%20Mantega,%20condena%C3%A7%C3%A3o%20e%20baixa%20do%20min%C3%A9rio%20https%3A%2F%2Finteligenciafinanceira.com.br%2Fmercado-financeiro%2Fvale-perde-quase-r-40-bi-de-valor-em-2024-em-meio-a-mantega-condenacao-e-baixa-do-minerio%2F\" rel=\"noreferrer noopener\" target=\"_blank\"><\/a><a href=\"https:\/\/www.linkedin.com\/sharing\/share-offsite\/?url=https%3A%2F%2Finteligenciafinanceira.com.br%2Fmercado-financeiro%2Fvale-perde-quase-r-40-bi-de-valor-em-2024-em-meio-a-mantega-condenacao-e-baixa-do-minerio%2F&amp;title=Vale%20perde%20quase%20R$%2040%20bi%20de%20valor%20em%202024,%20em%20meio%20a%20Mantega,%20condena%C3%A7%C3%A3o%20e%20baixa%20do%20min%C3%A9rio\" rel=\"noreferrer noopener\" target=\"_blank\"><\/a><a href=\"https:\/\/t.me\/share\/url?url=https%3A%2F%2Finteligenciafinanceira.com.br%2Fmercado-financeiro%2Fvale-perde-quase-r-40-bi-de-valor-em-2024-em-meio-a-mantega-condenacao-e-baixa-do-minerio%2F&amp;text=Vale%20perde%20quase%20R$%2040%20bi%20de%20valor%20em%202024,%20em%20meio%20a%20Mantega,%20condena%C3%A7%C3%A3o%20e%20baixa%20do%20min%C3%A9rio\" rel=\"noreferrer noopener\" target=\"_blank\"><\/a><a href=\"https:\/\/twitter.com\/intent\/tweet?text=Vale%20perde%20quase%20R$%2040%20bi%20de%20valor%20em%202024,%20em%20meio%20a%20Mantega,%20condena%C3%A7%C3%A3o%20e%20baixa%20do%20min%C3%A9rio&amp;url=https%3A%2F%2Finteligenciafinanceira.com.br%2Fmercado-financeiro%2Fvale-perde-quase-r-40-bi-de-valor-em-2024-em-meio-a-mantega-condenacao-e-baixa-do-minerio%2F&amp;\" rel=\"noreferrer noopener\" target=\"_blank\"><\/a><a href=\"https:\/\/www.facebook.com\/sharer\/sharer.php?u=https%3A%2F%2Finteligenciafinanceira.com.br%2Fmercado-financeiro%2Fvale-perde-quase-r-40-bi-de-valor-em-2024-em-meio-a-mantega-condenacao-e-baixa-do-minerio%2F\" rel=\"noreferrer noopener\" target=\"_blank\"><\/a><a href=\"mailto:?subject=Vale%20perde%20quase%20R$%2040%20bi%20de%20valor%20em%202024,%20em%20meio%20a%20Mantega,%20condena%C3%A7%C3%A3o%20e%20baixa%20do%20min%C3%A9rio&amp;body=Veja%20mais%20em%20https%3A%2F%2Finteligenciafinanceira.com.br%2Fmercado-financeiro%2Fvale-perde-quase-r-40-bi-de-valor-em-2024-em-meio-a-mantega-condenacao-e-baixa-do-minerio%2F\" rel=\"noreferrer noopener\" target=\"_blank\"><\/a><a href=\"https:\/\/inteligenciafinanceira.com.br\/mercado-financeiro\/vale-perde-quase-r-40-bi-de-valor-em-2024-em-meio-a-mantega-condenacao-e-baixa-do-minerio\/#copy_link\"><\/a><\/p>\n\n\n\n<figure class=\"wp-block-image\"><img decoding=\"async\" src=\"https:\/\/inteligenciafinanceira.com.br\/wp-content\/uploads\/2023\/03\/vale-vale3-mariana-samarco.jpg?w=833&amp;h=469&amp;crop=1\" alt=\"A\u00e7\u00f5es da Vale; VALE3\" \/><figcaption class=\"wp-element-caption\">Foto: Fernando Fraz\u00e3o\/Ag\u00eancia Brasil<\/figcaption><\/figure>\n\n\n\n<p>A Vale j\u00e1 perdeu apenas neste ano R$ 39,3 bilh\u00f5es de valor de mercado, em meio a um momento de baixa do pre\u00e7o do min\u00e9rio de ferro \u2013 devido \u00e0 demanda incerta da China \u2013 e \u00e0s press\u00f5es do governo para achar uma posi\u00e7\u00e3o na empresa para o ex-ministro da Fazenda Guido Mantega.<\/p>\n\n\n\n<p><strong><a href=\"https:\/\/inteligenciafinanceira.com.br\/mercado-financeiro\/acoes\/em-dia-dificil-vale-e-gol-lideram-as-acoes-em-queda-no-ibovespa\/\" target=\"_blank\" rel=\"noreferrer noopener\">As a\u00e7\u00f5es da companhia fecharam o preg\u00e3o desta quinta-feira (25) com queda de 2,2%<\/a><\/strong>, acumulando perda de 11,3% desde o in\u00edcio do ano. Com isso, o valor de mercado atual da Vale \u00e9 de R$ 309,1 bilh\u00f5es.<\/p>\n\n\n\n<p>Nesta quinta, tamb\u00e9m pesou contra a empresa a not\u00edcia de que a Justi\u00e7a Federal condenou a mineradora, a BHP e a Samarco a pagar uma multa de R$ 47,6 bilh\u00f5es como indeniza\u00e7\u00e3o por danos morais coletivos causados pelo rompimento da barragem de Fund\u00e3o, em Mariana (MG), em 2015.<\/p>\n\n\n\n<p>A condena\u00e7\u00e3o ocorreu no dia em que a ruptura de outra barragem ligada \u00e0 Vale, a do C\u00f3rrego do Feij\u00e3o, em Brumadinho (MG), completou cinco anos.<\/p>\n\n\n\n<h2 class=\"wp-block-heading\" id=\"h-ofensiva-para-emplacar-mantega\">Ofensiva para emplacar Mantega<\/h2>\n\n\n\n<p>Desde que voltou a ganhar for\u00e7a, no meio de janeiro deste ano, a ofensiva para emplacar o nome de Mantega ao menos entre os integrantes do conselho de administra\u00e7\u00e3o da mineradora, a perda de valor se intensificou.<\/p>\n\n\n\n<p>Desde 15 de janeiro, em apenas 10 dias, a empresa viu o seu valor cair R$ 14,4 bilh\u00f5es, apesar de uma leve recupera\u00e7\u00e3o das a\u00e7\u00f5es entre 22 e 24 de janeiro.<\/p>\n\n\n\n<p>O interesse principal do governo era conduzir Mantega \u00e0 presid\u00eancia da empresa, algo ventilado nos bastidores ao menos desde meados do ano passado, como confirmado pelo&nbsp;<em>Estad\u00e3o<\/em>.<\/p>\n\n\n\n<p>A mineradora tem at\u00e9 o final do m\u00eas para decidir quem ser\u00e1 o comandante dos neg\u00f3cios pelos pr\u00f3ximos tr\u00eas anos.<\/p>\n\n\n\n<p>Apesar de o governo Lula querer influir nesse processo, ele tem pouca interfer\u00eancia na companhia, em compara\u00e7\u00e3o com o passado.<\/p>\n\n\n\n<p>A Vale foi privatizada em 1997, e atualmente n\u00e3o possui controlador definido, j\u00e1 que nenhum&nbsp;<a href=\"https:\/\/inteligenciafinanceira.com.br\/glossario-financeiro\/acionista\/\">acionista <\/a>&nbsp;det\u00e9m mais de 10% das a\u00e7\u00f5es.<\/p>\n\n\n\n<p>Tamb\u00e9m n\u00e3o existe em vigor um acordo de&nbsp;<a href=\"https:\/\/inteligenciafinanceira.com.br\/glossario-financeiro\/acionista\/\">acionistas <\/a>&nbsp;nos moldes do passado, na \u00e9poca dos primeiros governos do PT, quando o Bradespar e a Previ, o fundo de pens\u00e3o dos empregados do Banco do Brasil, detinham maior poder nas escolhas do rumo da empresa.<\/p>\n\n\n\n<h2 class=\"wp-block-heading\" id=\"h-conselho-de-administracao-tem-13-integrantes\">Conselho de administra\u00e7\u00e3o tem 13 integrantes<\/h2>\n\n\n\n<p>O conselho de administra\u00e7\u00e3o da Vale tem 13 integrantes. Dois deles s\u00e3o indicados pela Previ, um pelo Bradesco, um pela Mitsui, outro representa os funcion\u00e1rios da empresa e oito s\u00e3o independentes.<\/p>\n\n\n\n<p>Entre os maiores acionistas tamb\u00e9m est\u00e3o o fundo de investimentos americano BlackRock e a Cosan, do empres\u00e1rio Rubens Ometto. Esta \u00faltima comprou 4,9% da mineradora em 2022, o que permitiu emplacar no conselho da Vale o seu \u00faltimo CEO, Luis Henrique Guimar\u00e3es.<\/p>\n\n\n\n<p>Como homem de confian\u00e7a de Ometto, ele tamb\u00e9m \u00e9 cotado a assumir a presid\u00eancia da mineradora. Na quarta-feira, 24, o ministro de Minas e Energia, Alexandre Silveira, telefonou para conselheiros da empresa para defender a indica\u00e7\u00e3o de Mantega para a presid\u00eancia da companhia, alegando se tratar de uma demanda do presidente Luiz In\u00e1cio Lula da Silva.<\/p>\n\n\n\n<p>A informa\u00e7\u00e3o, revelada pelo jornal&nbsp;<em>O Globo<\/em>, foi confirmada por um dos conselheiros ao&nbsp;<em>Estad\u00e3o<\/em>. A iniciativa indicou a aposta redobrada do governo em influenciar na sucess\u00e3o da Vale, ainda que a governan\u00e7a interna e a participa\u00e7\u00e3o reduzida do governo na mineradora, privatizada em 1997, sejam obst\u00e1culos.<\/p>\n\n\n\n<h2 class=\"wp-block-heading\" id=\"h-conselho-da-vale-se-reune-na-proxima-terca-feira\">Conselho da Vale se re\u00fane na pr\u00f3xima ter\u00e7a-feira<\/h2>\n\n\n\n<p>O conselho da Vale vai se reunir na pr\u00f3xima ter\u00e7a-feira (30) para deliberar sobre o assunto. Auxiliares de Lula e acionistas privados da Vale debateram um arranjo em que Mantega iria para o conselho de administra\u00e7\u00e3o, como revelou o&nbsp;<em>Estad\u00e3o<\/em>.<\/p>\n\n\n\n<p>O atual presidente da Vale, Eduardo Bartolomeo, permaneceria por um mandato mais curto (mais um ano) \u00e0 frente da empresa, e o nome da Cosan no conselho, Luis Henrique Guimar\u00e3es, iria para o comit\u00ea executivo.<\/p>\n\n\n\n<p>O arranjo segue na mesa, segundo apurou a reportagem. Mas, de acordo auxiliares do presidente, o governo Lula deseja que Mantega tenha um papel de destaque no comando e n\u00e3o seja apenas um coadjuvante.<\/p>\n\n\n\n<p><strong><a href=\"https:\/\/inteligenciafinanceira.com.br\/mercado-financeiro\/acoes\/lula-critica-vale-vale3-gleise-defende-mantega-no-conselho-da-empresa-e-acoes-caem-na-bolsa\/\" target=\"_blank\" rel=\"noreferrer noopener\">Nesta quinta-feira (25) a presidente do PT, Gleisi Hoffmann<\/a><\/strong>, foi a p\u00fablico em defesa da indica\u00e7\u00e3o de Mantega. Nas redes sociais, ela afirmou que o ministro \u00e9 um dos \u201cpouqu\u00edssimos brasileiros\u201d qualificados para compor o conselho de administra\u00e7\u00e3o da empresa, grupo do qual fazem parte os representantes dos acionistas.<\/p>\n\n\n\n<p><strong><a href=\"https:\/\/inteligenciafinanceira.com.br\/mercado-financeiro\/acoes\/lula-critica-vale-vale3-gleise-defende-mantega-no-conselho-da-empresa-e-acoes-caem-na-bolsa\/\" target=\"_blank\" rel=\"noreferrer noopener\">Lula tamb\u00e9m foi \u00e0s redes, mas n\u00e3o mencionou Mantega.<\/a><\/strong><\/p>\n\n\n\n<p>Citou os acidentes em Brumadinho e Mariana, em barragens de res\u00edduos provenientes de minera\u00e7\u00e3o da Vale, para criticar a empresa.<\/p>\n\n\n\n<p>\u201cHoje faz cinco anos do crime que deixou Brumadinho debaixo de lama, tirando vidas e destruindo o meio ambiente. Cinco anos e a Vale nada fez para reparar a destrui\u00e7\u00e3o causada. \u00c9 necess\u00e1rio o amparo \u00e0s fam\u00edlias das v\u00edtimas, recupera\u00e7\u00e3o ambiental e, principalmente, fiscaliza\u00e7\u00e3o e preven\u00e7\u00e3o em projetos de minera\u00e7\u00e3o, para n\u00e3o termos novas trag\u00e9dias como Brumadinho e Mariana\u201d, escreveu.<\/p>\n\n\n\n<p>A Vale informou que n\u00e3o foi notificada da decis\u00e3o judicial desta quinta. \u201cA companhia se manifestar\u00e1 oportunamente no processo sobre a decis\u00e3o, contra a qual cabe recurso\u201d, disse a mineradora, em comunicado ao mercado.<\/p>\n\n\n\n<p>Fonte:https:\/\/inteligenciafinanceira.com.br\/mercado-financeiro\/vale-perde-quase-r-40-bi-de-valor-em-2024-em-meio-a-mantega-condenacao-e-baixa-do-minerio\/<\/p>\n","protected":false},"excerpt":{"rendered":"<p>Nos \u00faltimos dez dias, valor de mercado da mineradora caiu R$ 14,4 bilh\u00f5es A Vale j\u00e1 perdeu apenas neste ano R$ 39,3 bilh\u00f5es de valor de mercado, em meio a um momento de baixa do pre\u00e7o do min\u00e9rio de ferro \u2013 devido \u00e0 demanda incerta da China \u2013 e \u00e0s press\u00f5es do governo para achar [&hellip;]<\/p>\n","protected":false},"author":3,"featured_media":4654,"comment_status":"open","ping_status":"open","sticky":false,"template":"","format":"standard","meta":{"_joinchat":[],"footnotes":""},"categories":[1],"tags":[],"class_list":["post-4653","post","type-post","status-publish","format-standard","has-post-thumbnail","hentry","category-the-fortune-one"],"yoast_head":"<!-- This site is optimized with the Yoast SEO plugin v27.5 - https:\/\/yoast.com\/product\/yoast-seo-wordpress\/ -->\n<title>Vale perde quase R$ 40 bi de valor em 2024, em meio a Mantega, condena\u00e7\u00e3o e baixa do min\u00e9rio - The Fortune.one<\/title>\n<meta name=\"description\" content=\"Somos especialistas em gest\u00e3o patrimonial, op\u00e7\u00f5es de investimentos para diversos perfis, nosso diferencial \u00e9 comprovado com resultados.\" \/>\n<meta name=\"robots\" content=\"index, follow, max-snippet:-1, max-image-preview:large, max-video-preview:-1\" \/>\n<link rel=\"canonical\" href=\"https:\/\/thefortune.one\/en\/vale-perde-quase-r-40-bi-de-valor-em-2024-em-meio-a-mantega-condenacao-e-baixa-do-minerio\/\" \/>\n<meta property=\"og:locale\" content=\"en_US\" \/>\n<meta property=\"og:type\" content=\"article\" \/>\n<meta property=\"og:title\" content=\"Vale perde quase R$ 40 bi de valor em 2024, em meio a Mantega, condena\u00e7\u00e3o e baixa do min\u00e9rio - The Fortune.one\" \/>\n<meta property=\"og:description\" content=\"Somos especialistas em gest\u00e3o patrimonial, op\u00e7\u00f5es de investimentos para diversos perfis, nosso diferencial \u00e9 comprovado com resultados.\" \/>\n<meta property=\"og:url\" content=\"https:\/\/thefortune.one\/en\/vale-perde-quase-r-40-bi-de-valor-em-2024-em-meio-a-mantega-condenacao-e-baixa-do-minerio\/\" \/>\n<meta property=\"og:site_name\" content=\"The Fortune.one\" \/>\n<meta property=\"article:published_time\" content=\"2024-01-26T12:46:40+00:00\" \/>\n<meta property=\"og:image\" content=\"https:\/\/thefortune.one\/wp-content\/uploads\/2024\/01\/vale.jpg\" \/>\n\t<meta property=\"og:image:width\" content=\"833\" \/>\n\t<meta property=\"og:image:height\" content=\"469\" \/>\n\t<meta property=\"og:image:type\" content=\"image\/jpeg\" \/>\n<meta name=\"author\" content=\"bianca\" \/>\n<meta name=\"twitter:card\" content=\"summary_large_image\" \/>\n<meta name=\"twitter:label1\" content=\"Written by\" \/>\n\t<meta name=\"twitter:data1\" content=\"bianca\" \/>\n\t<meta name=\"twitter:label2\" content=\"Est. reading time\" \/>\n\t<meta name=\"twitter:data2\" content=\"5 minutes\" \/>\n<script type=\"application\/ld+json\" class=\"yoast-schema-graph\">{\"@context\":\"https:\\\/\\\/schema.org\",\"@graph\":[{\"@type\":\"Article\",\"@id\":\"https:\\\/\\\/thefortune.one\\\/en\\\/vale-perde-quase-r-40-bi-de-valor-em-2024-em-meio-a-mantega-condenacao-e-baixa-do-minerio\\\/#article\",\"isPartOf\":{\"@id\":\"https:\\\/\\\/thefortune.one\\\/en\\\/vale-perde-quase-r-40-bi-de-valor-em-2024-em-meio-a-mantega-condenacao-e-baixa-do-minerio\\\/\"},\"author\":{\"name\":\"bianca\",\"@id\":\"https:\\\/\\\/thefortune.one\\\/pt\\\/#\\\/schema\\\/person\\\/6cd8fe72a627d36caabf41815984a16f\"},\"headline\":\"Vale perde quase R$ 40 bi de valor em 2024, em meio a Mantega, condena\u00e7\u00e3o e baixa do min\u00e9rio\",\"datePublished\":\"2024-01-26T12:46:40+00:00\",\"mainEntityOfPage\":{\"@id\":\"https:\\\/\\\/thefortune.one\\\/en\\\/vale-perde-quase-r-40-bi-de-valor-em-2024-em-meio-a-mantega-condenacao-e-baixa-do-minerio\\\/\"},\"wordCount\":953,\"commentCount\":0,\"publisher\":{\"@id\":\"https:\\\/\\\/thefortune.one\\\/pt\\\/#organization\"},\"image\":{\"@id\":\"https:\\\/\\\/thefortune.one\\\/en\\\/vale-perde-quase-r-40-bi-de-valor-em-2024-em-meio-a-mantega-condenacao-e-baixa-do-minerio\\\/#primaryimage\"},\"thumbnailUrl\":\"https:\\\/\\\/thefortune.one\\\/wp-content\\\/uploads\\\/2024\\\/01\\\/vale.jpg\",\"articleSection\":[\"The Fortune.one\"],\"inLanguage\":\"en-US\",\"potentialAction\":[{\"@type\":\"CommentAction\",\"name\":\"Comment\",\"target\":[\"https:\\\/\\\/thefortune.one\\\/en\\\/vale-perde-quase-r-40-bi-de-valor-em-2024-em-meio-a-mantega-condenacao-e-baixa-do-minerio\\\/#respond\"]}]},{\"@type\":\"WebPage\",\"@id\":\"https:\\\/\\\/thefortune.one\\\/en\\\/vale-perde-quase-r-40-bi-de-valor-em-2024-em-meio-a-mantega-condenacao-e-baixa-do-minerio\\\/\",\"url\":\"https:\\\/\\\/thefortune.one\\\/en\\\/vale-perde-quase-r-40-bi-de-valor-em-2024-em-meio-a-mantega-condenacao-e-baixa-do-minerio\\\/\",\"name\":\"Vale perde quase R$ 40 bi de valor em 2024, em meio a Mantega, condena\u00e7\u00e3o e baixa do min\u00e9rio - The Fortune.one\",\"isPartOf\":{\"@id\":\"https:\\\/\\\/thefortune.one\\\/pt\\\/#website\"},\"primaryImageOfPage\":{\"@id\":\"https:\\\/\\\/thefortune.one\\\/en\\\/vale-perde-quase-r-40-bi-de-valor-em-2024-em-meio-a-mantega-condenacao-e-baixa-do-minerio\\\/#primaryimage\"},\"image\":{\"@id\":\"https:\\\/\\\/thefortune.one\\\/en\\\/vale-perde-quase-r-40-bi-de-valor-em-2024-em-meio-a-mantega-condenacao-e-baixa-do-minerio\\\/#primaryimage\"},\"thumbnailUrl\":\"https:\\\/\\\/thefortune.one\\\/wp-content\\\/uploads\\\/2024\\\/01\\\/vale.jpg\",\"datePublished\":\"2024-01-26T12:46:40+00:00\",\"description\":\"Somos especialistas em gest\u00e3o patrimonial, op\u00e7\u00f5es de investimentos para diversos perfis, nosso diferencial \u00e9 comprovado com resultados.\",\"breadcrumb\":{\"@id\":\"https:\\\/\\\/thefortune.one\\\/en\\\/vale-perde-quase-r-40-bi-de-valor-em-2024-em-meio-a-mantega-condenacao-e-baixa-do-minerio\\\/#breadcrumb\"},\"inLanguage\":\"en-US\",\"potentialAction\":[{\"@type\":\"ReadAction\",\"target\":[\"https:\\\/\\\/thefortune.one\\\/en\\\/vale-perde-quase-r-40-bi-de-valor-em-2024-em-meio-a-mantega-condenacao-e-baixa-do-minerio\\\/\"]}]},{\"@type\":\"ImageObject\",\"inLanguage\":\"en-US\",\"@id\":\"https:\\\/\\\/thefortune.one\\\/en\\\/vale-perde-quase-r-40-bi-de-valor-em-2024-em-meio-a-mantega-condenacao-e-baixa-do-minerio\\\/#primaryimage\",\"url\":\"https:\\\/\\\/thefortune.one\\\/wp-content\\\/uploads\\\/2024\\\/01\\\/vale.jpg\",\"contentUrl\":\"https:\\\/\\\/thefortune.one\\\/wp-content\\\/uploads\\\/2024\\\/01\\\/vale.jpg\",\"width\":833,\"height\":469},{\"@type\":\"BreadcrumbList\",\"@id\":\"https:\\\/\\\/thefortune.one\\\/en\\\/vale-perde-quase-r-40-bi-de-valor-em-2024-em-meio-a-mantega-condenacao-e-baixa-do-minerio\\\/#breadcrumb\",\"itemListElement\":[{\"@type\":\"ListItem\",\"position\":1,\"name\":\"In\u00edcio\",\"item\":\"https:\\\/\\\/thefortune.one\\\/pt\\\/\"},{\"@type\":\"ListItem\",\"position\":2,\"name\":\"Vale perde quase R$ 40 bi de valor em 2024, em meio a Mantega, condena\u00e7\u00e3o e baixa do min\u00e9rio\"}]},{\"@type\":\"WebSite\",\"@id\":\"https:\\\/\\\/thefortune.one\\\/pt\\\/#website\",\"url\":\"https:\\\/\\\/thefortune.one\\\/pt\\\/\",\"name\":\"The Fortune.one\",\"description\":\"Gestora de Recursos Especializada em Private Equity\",\"publisher\":{\"@id\":\"https:\\\/\\\/thefortune.one\\\/pt\\\/#organization\"},\"potentialAction\":[{\"@type\":\"SearchAction\",\"target\":{\"@type\":\"EntryPoint\",\"urlTemplate\":\"https:\\\/\\\/thefortune.one\\\/pt\\\/?s={search_term_string}\"},\"query-input\":{\"@type\":\"PropertyValueSpecification\",\"valueRequired\":true,\"valueName\":\"search_term_string\"}}],\"inLanguage\":\"en-US\"},{\"@type\":\"Organization\",\"@id\":\"https:\\\/\\\/thefortune.one\\\/pt\\\/#organization\",\"name\":\"The Fortune One\",\"url\":\"https:\\\/\\\/thefortune.one\\\/pt\\\/\",\"logo\":{\"@type\":\"ImageObject\",\"inLanguage\":\"en-US\",\"@id\":\"https:\\\/\\\/thefortune.one\\\/pt\\\/#\\\/schema\\\/logo\\\/image\\\/\",\"url\":\"https:\\\/\\\/thefortune.one\\\/wp-content\\\/uploads\\\/2022\\\/11\\\/cropped-cropped-1651682701199-1.jpg\",\"contentUrl\":\"https:\\\/\\\/thefortune.one\\\/wp-content\\\/uploads\\\/2022\\\/11\\\/cropped-cropped-1651682701199-1.jpg\",\"width\":369,\"height\":421,\"caption\":\"The Fortune One\"},\"image\":{\"@id\":\"https:\\\/\\\/thefortune.one\\\/pt\\\/#\\\/schema\\\/logo\\\/image\\\/\"}},{\"@type\":\"Person\",\"@id\":\"https:\\\/\\\/thefortune.one\\\/pt\\\/#\\\/schema\\\/person\\\/6cd8fe72a627d36caabf41815984a16f\",\"name\":\"bianca\",\"image\":{\"@type\":\"ImageObject\",\"inLanguage\":\"en-US\",\"@id\":\"https:\\\/\\\/secure.gravatar.com\\\/avatar\\\/66cd7b00d93410555e00d1e6a911a86de0cd0cfa4f83a2f8b47eddc2968c98af?s=96&d=mm&r=g\",\"url\":\"https:\\\/\\\/secure.gravatar.com\\\/avatar\\\/66cd7b00d93410555e00d1e6a911a86de0cd0cfa4f83a2f8b47eddc2968c98af?s=96&d=mm&r=g\",\"contentUrl\":\"https:\\\/\\\/secure.gravatar.com\\\/avatar\\\/66cd7b00d93410555e00d1e6a911a86de0cd0cfa4f83a2f8b47eddc2968c98af?s=96&d=mm&r=g\",\"caption\":\"bianca\"},\"url\":\"https:\\\/\\\/thefortune.one\\\/en\\\/author\\\/bianca\\\/\"}]}<\/script>\n<!-- \/ Yoast SEO plugin. -->","yoast_head_json":{"title":"Vale perde quase R$ 40 bi de valor em 2024, em meio a Mantega, condena\u00e7\u00e3o e baixa do min\u00e9rio - The Fortune.one","description":"Somos especialistas em gest\u00e3o patrimonial, op\u00e7\u00f5es de investimentos para diversos perfis, nosso diferencial \u00e9 comprovado com resultados.","robots":{"index":"index","follow":"follow","max-snippet":"max-snippet:-1","max-image-preview":"max-image-preview:large","max-video-preview":"max-video-preview:-1"},"canonical":"https:\/\/thefortune.one\/en\/vale-perde-quase-r-40-bi-de-valor-em-2024-em-meio-a-mantega-condenacao-e-baixa-do-minerio\/","og_locale":"en_US","og_type":"article","og_title":"Vale perde quase R$ 40 bi de valor em 2024, em meio a Mantega, condena\u00e7\u00e3o e baixa do min\u00e9rio - The Fortune.one","og_description":"Somos especialistas em gest\u00e3o patrimonial, op\u00e7\u00f5es de investimentos para diversos perfis, nosso diferencial \u00e9 comprovado com resultados.","og_url":"https:\/\/thefortune.one\/en\/vale-perde-quase-r-40-bi-de-valor-em-2024-em-meio-a-mantega-condenacao-e-baixa-do-minerio\/","og_site_name":"The Fortune.one","article_published_time":"2024-01-26T12:46:40+00:00","og_image":[{"width":833,"height":469,"url":"https:\/\/thefortune.one\/wp-content\/uploads\/2024\/01\/vale.jpg","type":"image\/jpeg"}],"author":"bianca","twitter_card":"summary_large_image","twitter_misc":{"Written by":"bianca","Est. reading time":"5 minutes"},"schema":{"@context":"https:\/\/schema.org","@graph":[{"@type":"Article","@id":"https:\/\/thefortune.one\/en\/vale-perde-quase-r-40-bi-de-valor-em-2024-em-meio-a-mantega-condenacao-e-baixa-do-minerio\/#article","isPartOf":{"@id":"https:\/\/thefortune.one\/en\/vale-perde-quase-r-40-bi-de-valor-em-2024-em-meio-a-mantega-condenacao-e-baixa-do-minerio\/"},"author":{"name":"bianca","@id":"https:\/\/thefortune.one\/pt\/#\/schema\/person\/6cd8fe72a627d36caabf41815984a16f"},"headline":"Vale perde quase R$ 40 bi de valor em 2024, em meio a Mantega, condena\u00e7\u00e3o e baixa do min\u00e9rio","datePublished":"2024-01-26T12:46:40+00:00","mainEntityOfPage":{"@id":"https:\/\/thefortune.one\/en\/vale-perde-quase-r-40-bi-de-valor-em-2024-em-meio-a-mantega-condenacao-e-baixa-do-minerio\/"},"wordCount":953,"commentCount":0,"publisher":{"@id":"https:\/\/thefortune.one\/pt\/#organization"},"image":{"@id":"https:\/\/thefortune.one\/en\/vale-perde-quase-r-40-bi-de-valor-em-2024-em-meio-a-mantega-condenacao-e-baixa-do-minerio\/#primaryimage"},"thumbnailUrl":"https:\/\/thefortune.one\/wp-content\/uploads\/2024\/01\/vale.jpg","articleSection":["The Fortune.one"],"inLanguage":"en-US","potentialAction":[{"@type":"CommentAction","name":"Comment","target":["https:\/\/thefortune.one\/en\/vale-perde-quase-r-40-bi-de-valor-em-2024-em-meio-a-mantega-condenacao-e-baixa-do-minerio\/#respond"]}]},{"@type":"WebPage","@id":"https:\/\/thefortune.one\/en\/vale-perde-quase-r-40-bi-de-valor-em-2024-em-meio-a-mantega-condenacao-e-baixa-do-minerio\/","url":"https:\/\/thefortune.one\/en\/vale-perde-quase-r-40-bi-de-valor-em-2024-em-meio-a-mantega-condenacao-e-baixa-do-minerio\/","name":"Vale perde quase R$ 40 bi de valor em 2024, em meio a Mantega, condena\u00e7\u00e3o e baixa do min\u00e9rio - The Fortune.one","isPartOf":{"@id":"https:\/\/thefortune.one\/pt\/#website"},"primaryImageOfPage":{"@id":"https:\/\/thefortune.one\/en\/vale-perde-quase-r-40-bi-de-valor-em-2024-em-meio-a-mantega-condenacao-e-baixa-do-minerio\/#primaryimage"},"image":{"@id":"https:\/\/thefortune.one\/en\/vale-perde-quase-r-40-bi-de-valor-em-2024-em-meio-a-mantega-condenacao-e-baixa-do-minerio\/#primaryimage"},"thumbnailUrl":"https:\/\/thefortune.one\/wp-content\/uploads\/2024\/01\/vale.jpg","datePublished":"2024-01-26T12:46:40+00:00","description":"Somos especialistas em gest\u00e3o patrimonial, op\u00e7\u00f5es de investimentos para diversos perfis, nosso diferencial \u00e9 comprovado com resultados.","breadcrumb":{"@id":"https:\/\/thefortune.one\/en\/vale-perde-quase-r-40-bi-de-valor-em-2024-em-meio-a-mantega-condenacao-e-baixa-do-minerio\/#breadcrumb"},"inLanguage":"en-US","potentialAction":[{"@type":"ReadAction","target":["https:\/\/thefortune.one\/en\/vale-perde-quase-r-40-bi-de-valor-em-2024-em-meio-a-mantega-condenacao-e-baixa-do-minerio\/"]}]},{"@type":"ImageObject","inLanguage":"en-US","@id":"https:\/\/thefortune.one\/en\/vale-perde-quase-r-40-bi-de-valor-em-2024-em-meio-a-mantega-condenacao-e-baixa-do-minerio\/#primaryimage","url":"https:\/\/thefortune.one\/wp-content\/uploads\/2024\/01\/vale.jpg","contentUrl":"https:\/\/thefortune.one\/wp-content\/uploads\/2024\/01\/vale.jpg","width":833,"height":469},{"@type":"BreadcrumbList","@id":"https:\/\/thefortune.one\/en\/vale-perde-quase-r-40-bi-de-valor-em-2024-em-meio-a-mantega-condenacao-e-baixa-do-minerio\/#breadcrumb","itemListElement":[{"@type":"ListItem","position":1,"name":"In\u00edcio","item":"https:\/\/thefortune.one\/pt\/"},{"@type":"ListItem","position":2,"name":"Vale perde quase R$ 40 bi de valor em 2024, em meio a Mantega, condena\u00e7\u00e3o e baixa do min\u00e9rio"}]},{"@type":"WebSite","@id":"https:\/\/thefortune.one\/pt\/#website","url":"https:\/\/thefortune.one\/pt\/","name":"The Fortune.one","description":"Gestora de Recursos Especializada em Private Equity","publisher":{"@id":"https:\/\/thefortune.one\/pt\/#organization"},"potentialAction":[{"@type":"SearchAction","target":{"@type":"EntryPoint","urlTemplate":"https:\/\/thefortune.one\/pt\/?s={search_term_string}"},"query-input":{"@type":"PropertyValueSpecification","valueRequired":true,"valueName":"search_term_string"}}],"inLanguage":"en-US"},{"@type":"Organization","@id":"https:\/\/thefortune.one\/pt\/#organization","name":"The Fortune One","url":"https:\/\/thefortune.one\/pt\/","logo":{"@type":"ImageObject","inLanguage":"en-US","@id":"https:\/\/thefortune.one\/pt\/#\/schema\/logo\/image\/","url":"https:\/\/thefortune.one\/wp-content\/uploads\/2022\/11\/cropped-cropped-1651682701199-1.jpg","contentUrl":"https:\/\/thefortune.one\/wp-content\/uploads\/2022\/11\/cropped-cropped-1651682701199-1.jpg","width":369,"height":421,"caption":"The Fortune One"},"image":{"@id":"https:\/\/thefortune.one\/pt\/#\/schema\/logo\/image\/"}},{"@type":"Person","@id":"https:\/\/thefortune.one\/pt\/#\/schema\/person\/6cd8fe72a627d36caabf41815984a16f","name":"bianca","image":{"@type":"ImageObject","inLanguage":"en-US","@id":"https:\/\/secure.gravatar.com\/avatar\/66cd7b00d93410555e00d1e6a911a86de0cd0cfa4f83a2f8b47eddc2968c98af?s=96&d=mm&r=g","url":"https:\/\/secure.gravatar.com\/avatar\/66cd7b00d93410555e00d1e6a911a86de0cd0cfa4f83a2f8b47eddc2968c98af?s=96&d=mm&r=g","contentUrl":"https:\/\/secure.gravatar.com\/avatar\/66cd7b00d93410555e00d1e6a911a86de0cd0cfa4f83a2f8b47eddc2968c98af?s=96&d=mm&r=g","caption":"bianca"},"url":"https:\/\/thefortune.one\/en\/author\/bianca\/"}]}},"_links":{"self":[{"href":"https:\/\/thefortune.one\/en\/wp-json\/wp\/v2\/posts\/4653","targetHints":{"allow":["GET"]}}],"collection":[{"href":"https:\/\/thefortune.one\/en\/wp-json\/wp\/v2\/posts"}],"about":[{"href":"https:\/\/thefortune.one\/en\/wp-json\/wp\/v2\/types\/post"}],"author":[{"embeddable":true,"href":"https:\/\/thefortune.one\/en\/wp-json\/wp\/v2\/users\/3"}],"replies":[{"embeddable":true,"href":"https:\/\/thefortune.one\/en\/wp-json\/wp\/v2\/comments?post=4653"}],"version-history":[{"count":1,"href":"https:\/\/thefortune.one\/en\/wp-json\/wp\/v2\/posts\/4653\/revisions"}],"predecessor-version":[{"id":4655,"href":"https:\/\/thefortune.one\/en\/wp-json\/wp\/v2\/posts\/4653\/revisions\/4655"}],"wp:featuredmedia":[{"embeddable":true,"href":"https:\/\/thefortune.one\/en\/wp-json\/wp\/v2\/media\/4654"}],"wp:attachment":[{"href":"https:\/\/thefortune.one\/en\/wp-json\/wp\/v2\/media?parent=4653"}],"wp:term":[{"taxonomy":"category","embeddable":true,"href":"https:\/\/thefortune.one\/en\/wp-json\/wp\/v2\/categories?post=4653"},{"taxonomy":"post_tag","embeddable":true,"href":"https:\/\/thefortune.one\/en\/wp-json\/wp\/v2\/tags?post=4653"}],"curies":[{"name":"wp","href":"https:\/\/api.w.org\/{rel}","templated":true}]}}