{"id":4635,"date":"2024-01-22T12:49:42","date_gmt":"2024-01-22T12:49:42","guid":{"rendered":"https:\/\/thefortune.one\/?p=4635"},"modified":"2024-01-22T12:49:42","modified_gmt":"2024-01-22T12:49:42","slug":"preco-de-transporte-maritimo-aumenta-com-a-continuidade-dos-ataques-no-mar-vermelho","status":"publish","type":"post","link":"https:\/\/thefortune.one\/en\/preco-de-transporte-maritimo-aumenta-com-a-continuidade-dos-ataques-no-mar-vermelho\/","title":{"rendered":"Pre\u00e7o de transporte mar\u00edtimo aumenta com a continuidade dos ataques no Mar Vermelho"},"content":{"rendered":"\n<p>Interrup\u00e7\u00f5es est\u00e3o em um ponto-chave para os navios que passam pelo Canal de Suez<a href=\"https:\/\/web.whatsapp.com\/send?text=Pre%C3%A7o%20de%20transporte%20mar%C3%ADtimo%20aumenta%20com%20a%20continuidade%20dos%20ataques%20no%20Mar%20Vermelho%20https%3A%2F%2Finteligenciafinanceira.com.br%2Fmercado-financeiro%2Feconomia%2Fpreco-de-transporte-maritimo-aumenta-com-a-continuidade-dos-ataques-no-mar-vermelho%2F\" target=\"_blank\" rel=\"noreferrer noopener\"><\/a><a href=\"https:\/\/www.linkedin.com\/sharing\/share-offsite\/?url=https%3A%2F%2Finteligenciafinanceira.com.br%2Fmercado-financeiro%2Feconomia%2Fpreco-de-transporte-maritimo-aumenta-com-a-continuidade-dos-ataques-no-mar-vermelho%2F&amp;title=Pre%C3%A7o%20de%20transporte%20mar%C3%ADtimo%20aumenta%20com%20a%20continuidade%20dos%20ataques%20no%20Mar%20Vermelho\" target=\"_blank\" rel=\"noreferrer noopener\"><\/a><a href=\"https:\/\/t.me\/share\/url?url=https%3A%2F%2Finteligenciafinanceira.com.br%2Fmercado-financeiro%2Feconomia%2Fpreco-de-transporte-maritimo-aumenta-com-a-continuidade-dos-ataques-no-mar-vermelho%2F&amp;text=Pre%C3%A7o%20de%20transporte%20mar%C3%ADtimo%20aumenta%20com%20a%20continuidade%20dos%20ataques%20no%20Mar%20Vermelho\" target=\"_blank\" rel=\"noreferrer noopener\"><\/a><a href=\"https:\/\/twitter.com\/intent\/tweet?text=Pre%C3%A7o%20de%20transporte%20mar%C3%ADtimo%20aumenta%20com%20a%20continuidade%20dos%20ataques%20no%20Mar%20Vermelho&amp;url=https%3A%2F%2Finteligenciafinanceira.com.br%2Fmercado-financeiro%2Feconomia%2Fpreco-de-transporte-maritimo-aumenta-com-a-continuidade-dos-ataques-no-mar-vermelho%2F&amp;\" target=\"_blank\" rel=\"noreferrer noopener\"><\/a><a href=\"https:\/\/www.facebook.com\/sharer\/sharer.php?u=https%3A%2F%2Finteligenciafinanceira.com.br%2Fmercado-financeiro%2Feconomia%2Fpreco-de-transporte-maritimo-aumenta-com-a-continuidade-dos-ataques-no-mar-vermelho%2F\" target=\"_blank\" rel=\"noreferrer noopener\"><\/a><a href=\"mailto:?subject=Pre%C3%A7o%20de%20transporte%20mar%C3%ADtimo%20aumenta%20com%20a%20continuidade%20dos%20ataques%20no%20Mar%20Vermelho&amp;body=Veja%20mais%20em%20https%3A%2F%2Finteligenciafinanceira.com.br%2Fmercado-financeiro%2Feconomia%2Fpreco-de-transporte-maritimo-aumenta-com-a-continuidade-dos-ataques-no-mar-vermelho%2F\" target=\"_blank\" rel=\"noreferrer noopener\"><\/a><a href=\"https:\/\/inteligenciafinanceira.com.br\/mercado-financeiro\/economia\/preco-de-transporte-maritimo-aumenta-com-a-continuidade-dos-ataques-no-mar-vermelho\/#copy_link\"><\/a><\/p>\n\n\n\n<figure class=\"wp-block-image\"><img decoding=\"async\" src=\"https:\/\/inteligenciafinanceira.com.br\/wp-content\/uploads\/2024\/01\/frete-maritimo.jpg?w=833&amp;h=469&amp;crop=1\" alt=\"Conflito no Mar Vermelho - risco de infla\u00e7\u00e3o global\" \/><figcaption class=\"wp-element-caption\">Navio de transporte de cargas. Foto: Gonzalo Azumendi\/Getty Images<\/figcaption><\/figure>\n\n\n\n<p>Os pre\u00e7os do transporte mar\u00edtimo global continuam a subir, conforme os rebeldes Houthi seguem atacando os navios de carga no Mar Vermelho e nos arredores.<\/p>\n\n\n\n<p>As interrup\u00e7\u00f5es est\u00e3o em um ponto-chave para os navios que passam pelo Canal de Suez e criam problemas nas cadeias de suprimentos da Europa e dos EUA, atrasando as remessas e aumentando os custos de transporte.<\/p>\n\n\n\n<p>Os custos m\u00e9dios mundiais de transporte de um cont\u00eainer de 40 p\u00e9s subiram 23% na semana at\u00e9 18 de janeiro, para US$ 3.777, de acordo com a Drewry Shipping Consultants, com sede em Londres, mais do que dobrando em rela\u00e7\u00e3o ao m\u00eas passado<\/p>\n\n\n\n<p>Os aumentos s\u00e3o percebidos muito al\u00e9m das rotas comerciais interrompidas que ligam a China \u00e0 Europa e \u00e0 costa leste dos EUA. As tarifas do mercado spot para enviar um cont\u00eainer da China para Los Angeles subiram 38% na semana at\u00e9 18 de janeiro, para US$ 3.860.<\/p>\n\n\n\n<h2 class=\"wp-block-heading\" id=\"h-volatilidade-esta-de-volta\">\u2018Volatilidade est\u00e1 de volta\u2019<\/h2>\n\n\n\n<p>\u201cA\u00a0<a href=\"https:\/\/inteligenciafinanceira.com.br\/glossario-financeiro\/volatilidade\/\">volatilidade <\/a>\u00a0est\u00e1 de volta, em grande parte no transporte internacional de cont\u00eaineres\u201d, disse o diretor-gerente do grupo Drewry Shipping Consultants, Philip Damas.<\/p>\n\n\n\n<p>As grandes empresas que t\u00eam contratos de longo prazo com transportadoras mar\u00edtimas s\u00e3o, em boa parte, imunes \u00e0s oscila\u00e7\u00f5es do mercado spot.<\/p>\n\n\n\n<p>Mas Damas disse que muitas dessas empresas est\u00e3o pagando sobretaxas de 20% ou mais, al\u00e9m das taxas contratuais, para compensar os custos mais altos de transporte, como combust\u00edvel e seguro.<\/p>\n\n\n\n<p>O Fundo Monet\u00e1rio Internacional afirma que o tr\u00e1fego mar\u00edtimo pelo Canal de Suez caiu 37% at\u00e9 agora em 2024 em rela\u00e7\u00e3o ao ano anterior, e as principais transportadora mar\u00edtimas desviaram navios por rotas alternativas pela \u00c1frica, acrescentando mais de uma semana de tr\u00e2nsito.<\/p>\n\n\n\n<p>Os atrasos j\u00e1 est\u00e3o afetando alguns fabricantes na Europa, como as ind\u00fastrias automobil\u00edsticas da Tesla e da Volvo, devido \u00e0 escassez de pe\u00e7as.<\/p>\n\n\n\n<p>Fonte:https:\/\/inteligenciafinanceira.com.br\/mercado-financeiro\/economia\/preco-de-transporte-maritimo-aumenta-com-a-continuidade-dos-ataques-no-mar-vermelho\/<\/p>\n","protected":false},"excerpt":{"rendered":"<p>Interrup\u00e7\u00f5es est\u00e3o em um ponto-chave para os navios que passam pelo Canal de Suez Os pre\u00e7os do transporte mar\u00edtimo global continuam a subir, conforme os rebeldes Houthi seguem atacando os navios de carga no Mar Vermelho e nos arredores. As interrup\u00e7\u00f5es est\u00e3o em um ponto-chave para os navios que passam pelo Canal de Suez e [&hellip;]<\/p>\n","protected":false},"author":3,"featured_media":4636,"comment_status":"open","ping_status":"open","sticky":false,"template":"","format":"standard","meta":{"_joinchat":[],"footnotes":""},"categories":[1],"tags":[],"class_list":["post-4635","post","type-post","status-publish","format-standard","has-post-thumbnail","hentry","category-the-fortune-one"],"yoast_head":"<!-- This site is optimized with the Yoast SEO plugin v27.5 - https:\/\/yoast.com\/product\/yoast-seo-wordpress\/ -->\n<title>Pre\u00e7o de transporte mar\u00edtimo aumenta com a continuidade dos ataques no Mar Vermelho - The Fortune.one<\/title>\n<meta name=\"description\" content=\"Somos especialistas em gest\u00e3o patrimonial, op\u00e7\u00f5es de investimentos para diversos perfis, nosso diferencial \u00e9 comprovado com resultados.\" \/>\n<meta name=\"robots\" content=\"index, follow, max-snippet:-1, max-image-preview:large, max-video-preview:-1\" \/>\n<link rel=\"canonical\" href=\"https:\/\/thefortune.one\/en\/preco-de-transporte-maritimo-aumenta-com-a-continuidade-dos-ataques-no-mar-vermelho\/\" \/>\n<meta property=\"og:locale\" content=\"en_US\" \/>\n<meta property=\"og:type\" content=\"article\" \/>\n<meta property=\"og:title\" content=\"Pre\u00e7o de transporte mar\u00edtimo aumenta com a continuidade dos ataques no Mar Vermelho - The Fortune.one\" \/>\n<meta property=\"og:description\" content=\"Somos especialistas em gest\u00e3o patrimonial, op\u00e7\u00f5es de investimentos para diversos perfis, nosso diferencial \u00e9 comprovado com resultados.\" \/>\n<meta property=\"og:url\" content=\"https:\/\/thefortune.one\/en\/preco-de-transporte-maritimo-aumenta-com-a-continuidade-dos-ataques-no-mar-vermelho\/\" \/>\n<meta property=\"og:site_name\" content=\"The Fortune.one\" \/>\n<meta property=\"article:published_time\" content=\"2024-01-22T12:49:42+00:00\" \/>\n<meta property=\"og:image\" content=\"https:\/\/thefortune.one\/wp-content\/uploads\/2024\/01\/mar-vermelho.jpg\" \/>\n\t<meta property=\"og:image:width\" content=\"833\" \/>\n\t<meta property=\"og:image:height\" content=\"469\" \/>\n\t<meta property=\"og:image:type\" content=\"image\/jpeg\" \/>\n<meta name=\"author\" content=\"bianca\" \/>\n<meta name=\"twitter:card\" content=\"summary_large_image\" \/>\n<meta name=\"twitter:label1\" content=\"Written by\" \/>\n\t<meta name=\"twitter:data1\" content=\"bianca\" \/>\n\t<meta name=\"twitter:label2\" content=\"Est. reading time\" \/>\n\t<meta name=\"twitter:data2\" content=\"2 minutes\" \/>\n<script type=\"application\/ld+json\" class=\"yoast-schema-graph\">{\"@context\":\"https:\\\/\\\/schema.org\",\"@graph\":[{\"@type\":\"Article\",\"@id\":\"https:\\\/\\\/thefortune.one\\\/pt\\\/preco-de-transporte-maritimo-aumenta-com-a-continuidade-dos-ataques-no-mar-vermelho\\\/#article\",\"isPartOf\":{\"@id\":\"https:\\\/\\\/thefortune.one\\\/pt\\\/preco-de-transporte-maritimo-aumenta-com-a-continuidade-dos-ataques-no-mar-vermelho\\\/\"},\"author\":{\"name\":\"bianca\",\"@id\":\"https:\\\/\\\/thefortune.one\\\/pt\\\/#\\\/schema\\\/person\\\/6cd8fe72a627d36caabf41815984a16f\"},\"headline\":\"Pre\u00e7o de transporte mar\u00edtimo aumenta com a continuidade dos ataques no Mar Vermelho\",\"datePublished\":\"2024-01-22T12:49:42+00:00\",\"mainEntityOfPage\":{\"@id\":\"https:\\\/\\\/thefortune.one\\\/pt\\\/preco-de-transporte-maritimo-aumenta-com-a-continuidade-dos-ataques-no-mar-vermelho\\\/\"},\"wordCount\":362,\"commentCount\":0,\"publisher\":{\"@id\":\"https:\\\/\\\/thefortune.one\\\/pt\\\/#organization\"},\"image\":{\"@id\":\"https:\\\/\\\/thefortune.one\\\/pt\\\/preco-de-transporte-maritimo-aumenta-com-a-continuidade-dos-ataques-no-mar-vermelho\\\/#primaryimage\"},\"thumbnailUrl\":\"https:\\\/\\\/thefortune.one\\\/wp-content\\\/uploads\\\/2024\\\/01\\\/mar-vermelho.jpg\",\"articleSection\":[\"The Fortune.one\"],\"inLanguage\":\"en-US\",\"potentialAction\":[{\"@type\":\"CommentAction\",\"name\":\"Comment\",\"target\":[\"https:\\\/\\\/thefortune.one\\\/pt\\\/preco-de-transporte-maritimo-aumenta-com-a-continuidade-dos-ataques-no-mar-vermelho\\\/#respond\"]}]},{\"@type\":\"WebPage\",\"@id\":\"https:\\\/\\\/thefortune.one\\\/pt\\\/preco-de-transporte-maritimo-aumenta-com-a-continuidade-dos-ataques-no-mar-vermelho\\\/\",\"url\":\"https:\\\/\\\/thefortune.one\\\/pt\\\/preco-de-transporte-maritimo-aumenta-com-a-continuidade-dos-ataques-no-mar-vermelho\\\/\",\"name\":\"Pre\u00e7o de transporte mar\u00edtimo aumenta com a continuidade dos ataques no Mar Vermelho - The Fortune.one\",\"isPartOf\":{\"@id\":\"https:\\\/\\\/thefortune.one\\\/pt\\\/#website\"},\"primaryImageOfPage\":{\"@id\":\"https:\\\/\\\/thefortune.one\\\/pt\\\/preco-de-transporte-maritimo-aumenta-com-a-continuidade-dos-ataques-no-mar-vermelho\\\/#primaryimage\"},\"image\":{\"@id\":\"https:\\\/\\\/thefortune.one\\\/pt\\\/preco-de-transporte-maritimo-aumenta-com-a-continuidade-dos-ataques-no-mar-vermelho\\\/#primaryimage\"},\"thumbnailUrl\":\"https:\\\/\\\/thefortune.one\\\/wp-content\\\/uploads\\\/2024\\\/01\\\/mar-vermelho.jpg\",\"datePublished\":\"2024-01-22T12:49:42+00:00\",\"description\":\"Somos especialistas em gest\u00e3o patrimonial, op\u00e7\u00f5es de investimentos para diversos perfis, nosso diferencial \u00e9 comprovado com resultados.\",\"breadcrumb\":{\"@id\":\"https:\\\/\\\/thefortune.one\\\/pt\\\/preco-de-transporte-maritimo-aumenta-com-a-continuidade-dos-ataques-no-mar-vermelho\\\/#breadcrumb\"},\"inLanguage\":\"en-US\",\"potentialAction\":[{\"@type\":\"ReadAction\",\"target\":[\"https:\\\/\\\/thefortune.one\\\/pt\\\/preco-de-transporte-maritimo-aumenta-com-a-continuidade-dos-ataques-no-mar-vermelho\\\/\"]}]},{\"@type\":\"ImageObject\",\"inLanguage\":\"en-US\",\"@id\":\"https:\\\/\\\/thefortune.one\\\/pt\\\/preco-de-transporte-maritimo-aumenta-com-a-continuidade-dos-ataques-no-mar-vermelho\\\/#primaryimage\",\"url\":\"https:\\\/\\\/thefortune.one\\\/wp-content\\\/uploads\\\/2024\\\/01\\\/mar-vermelho.jpg\",\"contentUrl\":\"https:\\\/\\\/thefortune.one\\\/wp-content\\\/uploads\\\/2024\\\/01\\\/mar-vermelho.jpg\",\"width\":833,\"height\":469},{\"@type\":\"BreadcrumbList\",\"@id\":\"https:\\\/\\\/thefortune.one\\\/pt\\\/preco-de-transporte-maritimo-aumenta-com-a-continuidade-dos-ataques-no-mar-vermelho\\\/#breadcrumb\",\"itemListElement\":[{\"@type\":\"ListItem\",\"position\":1,\"name\":\"In\u00edcio\",\"item\":\"https:\\\/\\\/thefortune.one\\\/pt\\\/\"},{\"@type\":\"ListItem\",\"position\":2,\"name\":\"Pre\u00e7o de transporte mar\u00edtimo aumenta com a continuidade dos ataques no Mar Vermelho\"}]},{\"@type\":\"WebSite\",\"@id\":\"https:\\\/\\\/thefortune.one\\\/pt\\\/#website\",\"url\":\"https:\\\/\\\/thefortune.one\\\/pt\\\/\",\"name\":\"The Fortune.one\",\"description\":\"Gestora de Recursos Especializada em Private Equity\",\"publisher\":{\"@id\":\"https:\\\/\\\/thefortune.one\\\/pt\\\/#organization\"},\"potentialAction\":[{\"@type\":\"SearchAction\",\"target\":{\"@type\":\"EntryPoint\",\"urlTemplate\":\"https:\\\/\\\/thefortune.one\\\/pt\\\/?s={search_term_string}\"},\"query-input\":{\"@type\":\"PropertyValueSpecification\",\"valueRequired\":true,\"valueName\":\"search_term_string\"}}],\"inLanguage\":\"en-US\"},{\"@type\":\"Organization\",\"@id\":\"https:\\\/\\\/thefortune.one\\\/pt\\\/#organization\",\"name\":\"The Fortune One\",\"url\":\"https:\\\/\\\/thefortune.one\\\/pt\\\/\",\"logo\":{\"@type\":\"ImageObject\",\"inLanguage\":\"en-US\",\"@id\":\"https:\\\/\\\/thefortune.one\\\/pt\\\/#\\\/schema\\\/logo\\\/image\\\/\",\"url\":\"https:\\\/\\\/thefortune.one\\\/wp-content\\\/uploads\\\/2022\\\/11\\\/cropped-cropped-1651682701199-1.jpg\",\"contentUrl\":\"https:\\\/\\\/thefortune.one\\\/wp-content\\\/uploads\\\/2022\\\/11\\\/cropped-cropped-1651682701199-1.jpg\",\"width\":369,\"height\":421,\"caption\":\"The Fortune One\"},\"image\":{\"@id\":\"https:\\\/\\\/thefortune.one\\\/pt\\\/#\\\/schema\\\/logo\\\/image\\\/\"}},{\"@type\":\"Person\",\"@id\":\"https:\\\/\\\/thefortune.one\\\/pt\\\/#\\\/schema\\\/person\\\/6cd8fe72a627d36caabf41815984a16f\",\"name\":\"bianca\",\"image\":{\"@type\":\"ImageObject\",\"inLanguage\":\"en-US\",\"@id\":\"https:\\\/\\\/secure.gravatar.com\\\/avatar\\\/66cd7b00d93410555e00d1e6a911a86de0cd0cfa4f83a2f8b47eddc2968c98af?s=96&d=mm&r=g\",\"url\":\"https:\\\/\\\/secure.gravatar.com\\\/avatar\\\/66cd7b00d93410555e00d1e6a911a86de0cd0cfa4f83a2f8b47eddc2968c98af?s=96&d=mm&r=g\",\"contentUrl\":\"https:\\\/\\\/secure.gravatar.com\\\/avatar\\\/66cd7b00d93410555e00d1e6a911a86de0cd0cfa4f83a2f8b47eddc2968c98af?s=96&d=mm&r=g\",\"caption\":\"bianca\"},\"url\":\"https:\\\/\\\/thefortune.one\\\/en\\\/author\\\/bianca\\\/\"}]}<\/script>\n<!-- \/ Yoast SEO plugin. -->","yoast_head_json":{"title":"Pre\u00e7o de transporte mar\u00edtimo aumenta com a continuidade dos ataques no Mar Vermelho - The Fortune.one","description":"Somos especialistas em gest\u00e3o patrimonial, op\u00e7\u00f5es de investimentos para diversos perfis, nosso diferencial \u00e9 comprovado com resultados.","robots":{"index":"index","follow":"follow","max-snippet":"max-snippet:-1","max-image-preview":"max-image-preview:large","max-video-preview":"max-video-preview:-1"},"canonical":"https:\/\/thefortune.one\/en\/preco-de-transporte-maritimo-aumenta-com-a-continuidade-dos-ataques-no-mar-vermelho\/","og_locale":"en_US","og_type":"article","og_title":"Pre\u00e7o de transporte mar\u00edtimo aumenta com a continuidade dos ataques no Mar Vermelho - The Fortune.one","og_description":"Somos especialistas em gest\u00e3o patrimonial, op\u00e7\u00f5es de investimentos para diversos perfis, nosso diferencial \u00e9 comprovado com resultados.","og_url":"https:\/\/thefortune.one\/en\/preco-de-transporte-maritimo-aumenta-com-a-continuidade-dos-ataques-no-mar-vermelho\/","og_site_name":"The Fortune.one","article_published_time":"2024-01-22T12:49:42+00:00","og_image":[{"width":833,"height":469,"url":"https:\/\/thefortune.one\/wp-content\/uploads\/2024\/01\/mar-vermelho.jpg","type":"image\/jpeg"}],"author":"bianca","twitter_card":"summary_large_image","twitter_misc":{"Written by":"bianca","Est. reading time":"2 minutes"},"schema":{"@context":"https:\/\/schema.org","@graph":[{"@type":"Article","@id":"https:\/\/thefortune.one\/pt\/preco-de-transporte-maritimo-aumenta-com-a-continuidade-dos-ataques-no-mar-vermelho\/#article","isPartOf":{"@id":"https:\/\/thefortune.one\/pt\/preco-de-transporte-maritimo-aumenta-com-a-continuidade-dos-ataques-no-mar-vermelho\/"},"author":{"name":"bianca","@id":"https:\/\/thefortune.one\/pt\/#\/schema\/person\/6cd8fe72a627d36caabf41815984a16f"},"headline":"Pre\u00e7o de transporte mar\u00edtimo aumenta com a continuidade dos ataques no Mar Vermelho","datePublished":"2024-01-22T12:49:42+00:00","mainEntityOfPage":{"@id":"https:\/\/thefortune.one\/pt\/preco-de-transporte-maritimo-aumenta-com-a-continuidade-dos-ataques-no-mar-vermelho\/"},"wordCount":362,"commentCount":0,"publisher":{"@id":"https:\/\/thefortune.one\/pt\/#organization"},"image":{"@id":"https:\/\/thefortune.one\/pt\/preco-de-transporte-maritimo-aumenta-com-a-continuidade-dos-ataques-no-mar-vermelho\/#primaryimage"},"thumbnailUrl":"https:\/\/thefortune.one\/wp-content\/uploads\/2024\/01\/mar-vermelho.jpg","articleSection":["The Fortune.one"],"inLanguage":"en-US","potentialAction":[{"@type":"CommentAction","name":"Comment","target":["https:\/\/thefortune.one\/pt\/preco-de-transporte-maritimo-aumenta-com-a-continuidade-dos-ataques-no-mar-vermelho\/#respond"]}]},{"@type":"WebPage","@id":"https:\/\/thefortune.one\/pt\/preco-de-transporte-maritimo-aumenta-com-a-continuidade-dos-ataques-no-mar-vermelho\/","url":"https:\/\/thefortune.one\/pt\/preco-de-transporte-maritimo-aumenta-com-a-continuidade-dos-ataques-no-mar-vermelho\/","name":"Pre\u00e7o de transporte mar\u00edtimo aumenta com a continuidade dos ataques no Mar Vermelho - The Fortune.one","isPartOf":{"@id":"https:\/\/thefortune.one\/pt\/#website"},"primaryImageOfPage":{"@id":"https:\/\/thefortune.one\/pt\/preco-de-transporte-maritimo-aumenta-com-a-continuidade-dos-ataques-no-mar-vermelho\/#primaryimage"},"image":{"@id":"https:\/\/thefortune.one\/pt\/preco-de-transporte-maritimo-aumenta-com-a-continuidade-dos-ataques-no-mar-vermelho\/#primaryimage"},"thumbnailUrl":"https:\/\/thefortune.one\/wp-content\/uploads\/2024\/01\/mar-vermelho.jpg","datePublished":"2024-01-22T12:49:42+00:00","description":"Somos especialistas em gest\u00e3o patrimonial, op\u00e7\u00f5es de investimentos para diversos perfis, nosso diferencial \u00e9 comprovado com resultados.","breadcrumb":{"@id":"https:\/\/thefortune.one\/pt\/preco-de-transporte-maritimo-aumenta-com-a-continuidade-dos-ataques-no-mar-vermelho\/#breadcrumb"},"inLanguage":"en-US","potentialAction":[{"@type":"ReadAction","target":["https:\/\/thefortune.one\/pt\/preco-de-transporte-maritimo-aumenta-com-a-continuidade-dos-ataques-no-mar-vermelho\/"]}]},{"@type":"ImageObject","inLanguage":"en-US","@id":"https:\/\/thefortune.one\/pt\/preco-de-transporte-maritimo-aumenta-com-a-continuidade-dos-ataques-no-mar-vermelho\/#primaryimage","url":"https:\/\/thefortune.one\/wp-content\/uploads\/2024\/01\/mar-vermelho.jpg","contentUrl":"https:\/\/thefortune.one\/wp-content\/uploads\/2024\/01\/mar-vermelho.jpg","width":833,"height":469},{"@type":"BreadcrumbList","@id":"https:\/\/thefortune.one\/pt\/preco-de-transporte-maritimo-aumenta-com-a-continuidade-dos-ataques-no-mar-vermelho\/#breadcrumb","itemListElement":[{"@type":"ListItem","position":1,"name":"In\u00edcio","item":"https:\/\/thefortune.one\/pt\/"},{"@type":"ListItem","position":2,"name":"Pre\u00e7o de transporte mar\u00edtimo aumenta com a continuidade dos ataques no Mar Vermelho"}]},{"@type":"WebSite","@id":"https:\/\/thefortune.one\/pt\/#website","url":"https:\/\/thefortune.one\/pt\/","name":"The Fortune.one","description":"Gestora de Recursos Especializada em Private Equity","publisher":{"@id":"https:\/\/thefortune.one\/pt\/#organization"},"potentialAction":[{"@type":"SearchAction","target":{"@type":"EntryPoint","urlTemplate":"https:\/\/thefortune.one\/pt\/?s={search_term_string}"},"query-input":{"@type":"PropertyValueSpecification","valueRequired":true,"valueName":"search_term_string"}}],"inLanguage":"en-US"},{"@type":"Organization","@id":"https:\/\/thefortune.one\/pt\/#organization","name":"The Fortune One","url":"https:\/\/thefortune.one\/pt\/","logo":{"@type":"ImageObject","inLanguage":"en-US","@id":"https:\/\/thefortune.one\/pt\/#\/schema\/logo\/image\/","url":"https:\/\/thefortune.one\/wp-content\/uploads\/2022\/11\/cropped-cropped-1651682701199-1.jpg","contentUrl":"https:\/\/thefortune.one\/wp-content\/uploads\/2022\/11\/cropped-cropped-1651682701199-1.jpg","width":369,"height":421,"caption":"The Fortune One"},"image":{"@id":"https:\/\/thefortune.one\/pt\/#\/schema\/logo\/image\/"}},{"@type":"Person","@id":"https:\/\/thefortune.one\/pt\/#\/schema\/person\/6cd8fe72a627d36caabf41815984a16f","name":"bianca","image":{"@type":"ImageObject","inLanguage":"en-US","@id":"https:\/\/secure.gravatar.com\/avatar\/66cd7b00d93410555e00d1e6a911a86de0cd0cfa4f83a2f8b47eddc2968c98af?s=96&d=mm&r=g","url":"https:\/\/secure.gravatar.com\/avatar\/66cd7b00d93410555e00d1e6a911a86de0cd0cfa4f83a2f8b47eddc2968c98af?s=96&d=mm&r=g","contentUrl":"https:\/\/secure.gravatar.com\/avatar\/66cd7b00d93410555e00d1e6a911a86de0cd0cfa4f83a2f8b47eddc2968c98af?s=96&d=mm&r=g","caption":"bianca"},"url":"https:\/\/thefortune.one\/en\/author\/bianca\/"}]}},"_links":{"self":[{"href":"https:\/\/thefortune.one\/en\/wp-json\/wp\/v2\/posts\/4635","targetHints":{"allow":["GET"]}}],"collection":[{"href":"https:\/\/thefortune.one\/en\/wp-json\/wp\/v2\/posts"}],"about":[{"href":"https:\/\/thefortune.one\/en\/wp-json\/wp\/v2\/types\/post"}],"author":[{"embeddable":true,"href":"https:\/\/thefortune.one\/en\/wp-json\/wp\/v2\/users\/3"}],"replies":[{"embeddable":true,"href":"https:\/\/thefortune.one\/en\/wp-json\/wp\/v2\/comments?post=4635"}],"version-history":[{"count":1,"href":"https:\/\/thefortune.one\/en\/wp-json\/wp\/v2\/posts\/4635\/revisions"}],"predecessor-version":[{"id":4637,"href":"https:\/\/thefortune.one\/en\/wp-json\/wp\/v2\/posts\/4635\/revisions\/4637"}],"wp:featuredmedia":[{"embeddable":true,"href":"https:\/\/thefortune.one\/en\/wp-json\/wp\/v2\/media\/4636"}],"wp:attachment":[{"href":"https:\/\/thefortune.one\/en\/wp-json\/wp\/v2\/media?parent=4635"}],"wp:term":[{"taxonomy":"category","embeddable":true,"href":"https:\/\/thefortune.one\/en\/wp-json\/wp\/v2\/categories?post=4635"},{"taxonomy":"post_tag","embeddable":true,"href":"https:\/\/thefortune.one\/en\/wp-json\/wp\/v2\/tags?post=4635"}],"curies":[{"name":"wp","href":"https:\/\/api.w.org\/{rel}","templated":true}]}}