{"id":4526,"date":"2024-01-10T12:29:58","date_gmt":"2024-01-10T12:29:58","guid":{"rendered":"https:\/\/thefortune.one\/?p=4526"},"modified":"2024-01-10T12:29:58","modified_gmt":"2024-01-10T12:29:58","slug":"luis-caputo-quem-e-o-ministro-da-economia-do-governo-milei","status":"publish","type":"post","link":"https:\/\/thefortune.one\/en\/luis-caputo-quem-e-o-ministro-da-economia-do-governo-milei\/","title":{"rendered":"Luis Caputo: quem \u00e9 o ministro da Economia do governo Milei"},"content":{"rendered":"\n<p>Com passagem pelo mercado financeiro, o economista foi ministro das Finan\u00e7as e presidente do banco central argentino no governo Macri<\/p>\n\n\n\n<figure class=\"wp-block-image size-full\"><img fetchpriority=\"high\" decoding=\"async\" width=\"768\" height=\"519\" src=\"https:\/\/thefortune.one\/wp-content\/uploads\/2024\/01\/image-3.png\" alt=\"\" class=\"wp-image-4527\" srcset=\"https:\/\/thefortune.one\/wp-content\/uploads\/2024\/01\/image-3.png 768w, https:\/\/thefortune.one\/wp-content\/uploads\/2024\/01\/image-3-300x203.png 300w, https:\/\/thefortune.one\/wp-content\/uploads\/2024\/01\/image-3-18x12.png 18w\" sizes=\"(max-width: 768px) 100vw, 768px\" \/><\/figure>\n\n\n\n<p>Em 10 de dezembro,\u00a0<a href=\"https:\/\/www.infomoney.com.br\/perfil\/javier-milei\/\">Javier Milei<\/a>\u00a0assumiu a presid\u00eancia da Argentina, em meio a uma das mais severas crises financeiras de sua hist\u00f3ria recente. O escolhido para liderar a pasta da Economia \u2013 possivelmente a mais desafiadora do atual governo \u2013 foi\u00a0<strong>Luis Caputo<\/strong>, ex-ministro das Finan\u00e7as e presidente do banco central no governo de\u00a0<a href=\"https:\/\/www.infomoney.com.br\/mundo\/para-macri-antes-de-decidir-sobre-dolarizacao-governo-milei-deve-priorizar-ajuste-fiscal\/\">Mauricio Macri<\/a>.<\/p>\n\n\n\n<p>Assim que assumiu o minist\u00e9rio, Caputo anunciou um pacote de a\u00e7\u00f5es que contempla corte de subs\u00eddios e forte desvaloriza\u00e7\u00e3o do peso. Quanto \u00e0&nbsp;<a href=\"https:\/\/www.infomoney.com.br\/economia\/dolarizacao-e-fechamento-do-bc-argentino-continuam-como-objetivos-de-milei-diz-ministro-da-economia\/\">dolariza\u00e7\u00e3o e o fechamento do banco central<\/a>&nbsp;(duas das principais bandeiras eleitorais de Milei), informou que, apesar de continuarem como objetivos do governo, n\u00e3o ser\u00e3o uma meta de curto prazo.<\/p>\n\n\n\n<p>\u201cO objetivo permanece o mesmo, que \u00e9 chegar \u00e0 dolariza\u00e7\u00e3o. Mas temos que sair dessa cat\u00e1strofe primeiro e, por isso, atingir o d\u00e9ficit zero\u201d, disse o ministro ao canal LN+.<\/p>\n\n\n\n<p>Caputo classificou a atual crise como a \u201cpior heran\u00e7a da hist\u00f3ria\u201d. Ao mesmo tempo, reiterou a confian\u00e7a no \u201cplano de estabiliza\u00e7\u00e3o ortodoxo cl\u00e1ssico\u201d que o novo governo est\u00e1 implementando para controlar a disparada da&nbsp;<a href=\"https:\/\/www.infomoney.com.br\/economia\/argentina-inflacao-ao-consumidor-acelera-a-128-em-novembro-com-alta-anual-de-1482\/\">infla\u00e7\u00e3o, que registrou alta anual de 148,2% em novembro<\/a>.<\/p>\n\n\n\n<p>Uma de suas primeiras miss\u00f5es ser\u00e1 renegociar a d\u00edvida de US$ 44 bilh\u00f5es que a Argentina tem junto ao Fundo Monet\u00e1rio Internacional (FMI). Caputo afirmou que o acordo est\u00e1 sendo reformulado, mas n\u00e3o deu detalhes sobre as mudan\u00e7as desejadas pelo governo.<\/p>\n\n\n\n<h2 class=\"wp-block-heading\" id=\"h-quem-e-luis-caputo\">Quem \u00e9 Luis Caputo?<\/h2>\n\n\n\n<p>Nascido em Buenos Aires, Luis Andr\u00e9s Caputo \u00e9 um economista formado pela Universidade de Buenos Aires e foi professor de Economia e Finan\u00e7as na p\u00f3s-gradua\u00e7\u00e3o da Pontif\u00edcia Universidade Cat\u00f3lica da Argentina.<\/p>\n\n\n\n<p>Mas foi no mercado financeiro que efetivamente fez carreira e ficou conhecido. No JP Morgan, foi chefe de trading no banco de investimentos, de 1994 a 1998. Posteriormente, comandou o Deutsche Bank na Argentina e a gestora de fundos Axis.<\/p>\n\n\n\n<p>A passagem para a vida p\u00fablica ocorreu em dezembro de 2015, no in\u00edcio do governo Macri. Na ocasi\u00e3o, a nova equipe econ\u00f4mica havia sido dividida em Fazenda e Finan\u00e7as, e Caputo assumiu como secret\u00e1rio de Finan\u00e7as. Pouco tempo depois, a secretaria foi transformada em minist\u00e9rio, com o economista ainda \u00e0 frente da pasta.<\/p>\n\n\n\n<p>Luis Caputo \u00e9 primo de Nicol\u00e1s Caputo, empres\u00e1rio da constru\u00e7\u00e3o civil argentina e bastante pr\u00f3ximo a Mauricio Macri, cujo apoio a Milei no segundo turno das elei\u00e7\u00f5es foi considerado um dos fatores decisivos para a vit\u00f3ria do candidato ultraliberal.<\/p>\n\n\n\n<h3 class=\"wp-block-heading\" id=\"h-negociacao-com-os-fundos-abutres\">Negocia\u00e7\u00e3o com os \u201cfundos abutres\u201d<\/h3>\n\n\n\n<p>Caputo participou ativamente das negocia\u00e7\u00f5es junto aos&nbsp;<em>holdouts<\/em>&nbsp;\u2013 os chamados \u201cfundos abutres\u201d, respons\u00e1veis pelo lit\u00edgio da d\u00edvida argentina.<\/p>\n\n\n\n<p>Nos primeiros meses do governo Macri, o ent\u00e3o ministro das Finan\u00e7as foi a Nova York negociar com fundos especulativos uma d\u00edvida original de US$ 2,94 bilh\u00f5es que j\u00e1 estava em US$ 9,88 bilh\u00f5es. Isso porque, em 2012, esses fundos haviam conseguido uma senten\u00e7a que determinava o pagamento do principal da d\u00edvida em&nbsp;<em>default<\/em>&nbsp;desde 2001, acrescido de juros.<\/p>\n\n\n\n<h3 class=\"wp-block-heading\" id=\"h-emprestimo-junto-ao-fmi-leliqs-e-o-agravamento-da-crise\">Empr\u00e9stimo junto ao FMI, Leliqs e o agravamento da crise<\/h3>\n\n\n\n<p>No in\u00edcio do governo Macri, a Argentina tamb\u00e9m tinha s\u00e9rios problemas de d\u00e9ficit fiscal (embora de forma menos acentuada do que hoje), e o peso se desvalorizava fortemente frente ao d\u00f3lar. Como ministro das Finan\u00e7as, Caputo foi um dos respons\u00e1veis pela negocia\u00e7\u00e3o do empr\u00e9stimo junto ao FMI, em 2018. Dos US$ 57 bilh\u00f5es aprovados pelo Fundo para a Argentina, US$ 44 bilh\u00f5es foram liberados exclusivamente para a renegocia\u00e7\u00e3o da d\u00edvida.&nbsp;<\/p>\n\n\n\n<p>Ainda em 2018, Caputo deixou o minist\u00e9rio para assumir o banco central argentino. Nesse mesmo ano, como parte dos esfor\u00e7os para conter a alta dos pre\u00e7os, foi criada na Argentina uma pol\u00eamica modalidade de empr\u00e9stimo de curto prazo: as Leliqs (Letras de Liquidez do Banco Central), dispon\u00edveis apenas para os bancos. O objetivo era evitar que o governo precisasse emitir dinheiro, o que, teoricamente, faria a infla\u00e7\u00e3o cair.<\/p>\n\n\n\n<p>Com as Leliqs, o banco central receberia dinheiro dos bancos e n\u00e3o o utilizaria, devolvendo somente os juros. Na pr\u00e1tica, o esperado era que, com menos dinheiro em circula\u00e7\u00e3o, o peso voltasse a se valorizar. Mas n\u00e3o foi o que aconteceu, pois as Leliqs passaram a ser utilizadas tamb\u00e9m como forma de financiamento do governo argentino, o que se tornou um problema para os cofres p\u00fablicos.<\/p>\n\n\n\n<p>Caputo acabou ficando \u00e0 frente do banco central por apenas tr\u00eas meses. Com o agravamento da crise argentina, afastou-se da presid\u00eancia do \u00f3rg\u00e3o, alegando quest\u00f5es pessoais. Segundo a imprensa local na \u00e9poca, diverg\u00eancias com o ent\u00e3o ministro da Economia, Nicol\u00e1s Dujovne, podem ter motivado a sua sa\u00edda.<\/p>\n\n\n\n<p>Durante o breve per\u00edodo em que Caputo conduziu o banco central argentino, a taxa de juros do pa\u00eds passou de 40% ao ano para 60% anuais.<\/p>\n\n\n\n<h3 class=\"wp-block-heading\" id=\"h-expectativas-quanto-a-sua-atuacao\">Expectativas quanto a sua atua\u00e7\u00e3o<\/h3>\n\n\n\n<p>Logo ap\u00f3s ser eleito, Javier Milei disse em coletiva \u00e0 imprensa que o primeiro desafio de Luis Caputo ser\u00e1 lidar com a \u201cbomba das Leliqs\u201d. Segundo o presidente argentino, h\u00e1 riscos de uma hiperinfla\u00e7\u00e3o caso n\u00e3o seja solucionado o atual quadro de \u201cpre\u00e7os muito baixos e retornos muito altos\u201d desses t\u00edtulos.<\/p>\n\n\n\n<p>Ao que tudo indica, Caputo parece contar com a aprova\u00e7\u00e3o do mercado financeiro e do empresariado argentino como ministro da Economia. Inclusive, o FMI chegou a elogiar as \u201ca\u00e7\u00f5es iniciais ousadas\u201d do novo governo.&nbsp;<\/p>\n\n\n\n<p>Por outro lado, h\u00e1 tamb\u00e9m quem esteja c\u00e9tico quanto \u00e0 efetividade das medidas que a Argentina se comprometeu em tomar daqui para frente. Em entrevista \u00e0 CNN, um empres\u00e1rio brasileiro que atua no pa\u00eds demonstrou preocupa\u00e7\u00e3o com a piora no cen\u00e1rio econ\u00f4mico, j\u00e1 antecipada por Milei.<\/p>\n\n\n\n<p>\u201cCaputo deve ter seis meses, no m\u00e1ximo, de apoio dos empres\u00e1rios e da sociedade se conseguir mostrar resultado. Ainda assim, \u00e9 um tempo curt\u00edssimo para a economia e muito longo para as pessoas passarem por mais sufoco. Se os pre\u00e7os realmente foram liberados, ningu\u00e9m sabe dizer se os empres\u00e1rios argentinos ter\u00e3o consci\u00eancia pol\u00edtica para segurar o estouro da infla\u00e7\u00e3o\u201d, disse \u00e0 emissora.<\/p>\n\n\n\n<p>Outro aspecto apontado por especialistas foi a inefic\u00e1cia das a\u00e7\u00f5es que ele realizou no governo Macri, como a negocia\u00e7\u00e3o do atual empr\u00e9stimo junto ao FMI. H\u00e1 quem se refira a Caputo como o \u201cMessi das Finan\u00e7as\u201d, mas \u00e9 preciso entender que o apelido remete ao seu tempo de mercado financeiro.<\/p>\n\n\n\n<p>Fonte:https:\/\/www.infomoney.com.br\/perfil\/luis-caputo\/<\/p>\n\n\n\n<p><a href=\"https:\/\/www.infomoney.com.br\/\"><\/a><\/p>\n\n\n\n<p><a href=\"https:\/\/www.instagram.com\/infomoney\/\" target=\"_blank\" rel=\"noreferrer noopener\"><\/a><a href=\"https:\/\/www.facebook.com\/InfoMoney\" target=\"_blank\" rel=\"noreferrer noopener\"><\/a><a href=\"https:\/\/twitter.com\/infomoney\" target=\"_blank\" rel=\"noreferrer noopener\"><\/a><a href=\"https:\/\/www.linkedin.com\/company\/infomoney\/\" target=\"_blank\" rel=\"noreferrer noopener\"><\/a><a href=\"https:\/\/t.me\/infomoney_noticias\" target=\"_blank\" rel=\"noreferrer noopener\"><\/a><a href=\"https:\/\/www.tiktok.com\/@infomoney\" target=\"_blank\" rel=\"noreferrer noopener\"><\/a><\/p>\n","protected":false},"excerpt":{"rendered":"<p>Com passagem pelo mercado financeiro, o economista foi ministro das Finan\u00e7as e presidente do banco central argentino no governo Macri Em 10 de dezembro,\u00a0Javier Milei\u00a0assumiu a presid\u00eancia da Argentina, em meio a uma das mais severas crises financeiras de sua hist\u00f3ria recente. O escolhido para liderar a pasta da Economia \u2013 possivelmente a mais desafiadora [&hellip;]<\/p>\n","protected":false},"author":3,"featured_media":4528,"comment_status":"open","ping_status":"open","sticky":false,"template":"","format":"standard","meta":{"_joinchat":[],"footnotes":""},"categories":[1],"tags":[],"class_list":["post-4526","post","type-post","status-publish","format-standard","has-post-thumbnail","hentry","category-the-fortune-one"],"yoast_head":"<!-- This site is optimized with the Yoast SEO plugin v27.5 - https:\/\/yoast.com\/product\/yoast-seo-wordpress\/ -->\n<title>Luis Caputo: quem \u00e9 o ministro da Economia do governo Milei - The Fortune.one<\/title>\n<meta name=\"description\" content=\"Somos especialistas em gest\u00e3o patrimonial, op\u00e7\u00f5es de investimentos para diversos perfis, nosso diferencial \u00e9 comprovado com resultados.\" \/>\n<meta name=\"robots\" content=\"index, follow, max-snippet:-1, max-image-preview:large, max-video-preview:-1\" \/>\n<link rel=\"canonical\" href=\"https:\/\/thefortune.one\/en\/luis-caputo-quem-e-o-ministro-da-economia-do-governo-milei\/\" \/>\n<meta property=\"og:locale\" content=\"en_US\" \/>\n<meta property=\"og:type\" content=\"article\" \/>\n<meta property=\"og:title\" content=\"Luis Caputo: quem \u00e9 o ministro da Economia do governo Milei - The Fortune.one\" \/>\n<meta property=\"og:description\" content=\"Somos especialistas em gest\u00e3o patrimonial, op\u00e7\u00f5es de investimentos para diversos perfis, nosso diferencial \u00e9 comprovado com resultados.\" \/>\n<meta property=\"og:url\" content=\"https:\/\/thefortune.one\/en\/luis-caputo-quem-e-o-ministro-da-economia-do-governo-milei\/\" \/>\n<meta property=\"og:site_name\" content=\"The Fortune.one\" \/>\n<meta property=\"article:published_time\" content=\"2024-01-10T12:29:58+00:00\" \/>\n<meta property=\"og:image\" content=\"https:\/\/thefortune.one\/wp-content\/uploads\/2024\/01\/luiz-captu.png\" \/>\n\t<meta property=\"og:image:width\" content=\"1200\" \/>\n\t<meta property=\"og:image:height\" content=\"812\" \/>\n\t<meta property=\"og:image:type\" content=\"image\/png\" \/>\n<meta name=\"author\" content=\"bianca\" \/>\n<meta name=\"twitter:card\" content=\"summary_large_image\" \/>\n<meta name=\"twitter:label1\" content=\"Written by\" \/>\n\t<meta name=\"twitter:data1\" content=\"bianca\" \/>\n\t<meta name=\"twitter:label2\" content=\"Est. reading time\" \/>\n\t<meta name=\"twitter:data2\" content=\"6 minutes\" \/>\n<script type=\"application\/ld+json\" class=\"yoast-schema-graph\">{\"@context\":\"https:\\\/\\\/schema.org\",\"@graph\":[{\"@type\":\"Article\",\"@id\":\"https:\\\/\\\/thefortune.one\\\/pt\\\/luis-caputo-quem-e-o-ministro-da-economia-do-governo-milei\\\/#article\",\"isPartOf\":{\"@id\":\"https:\\\/\\\/thefortune.one\\\/pt\\\/luis-caputo-quem-e-o-ministro-da-economia-do-governo-milei\\\/\"},\"author\":{\"name\":\"bianca\",\"@id\":\"https:\\\/\\\/thefortune.one\\\/pt\\\/#\\\/schema\\\/person\\\/6cd8fe72a627d36caabf41815984a16f\"},\"headline\":\"Luis Caputo: quem \u00e9 o ministro da Economia do governo Milei\",\"datePublished\":\"2024-01-10T12:29:58+00:00\",\"mainEntityOfPage\":{\"@id\":\"https:\\\/\\\/thefortune.one\\\/pt\\\/luis-caputo-quem-e-o-ministro-da-economia-do-governo-milei\\\/\"},\"wordCount\":1147,\"commentCount\":0,\"publisher\":{\"@id\":\"https:\\\/\\\/thefortune.one\\\/pt\\\/#organization\"},\"image\":{\"@id\":\"https:\\\/\\\/thefortune.one\\\/pt\\\/luis-caputo-quem-e-o-ministro-da-economia-do-governo-milei\\\/#primaryimage\"},\"thumbnailUrl\":\"https:\\\/\\\/thefortune.one\\\/wp-content\\\/uploads\\\/2024\\\/01\\\/luiz-captu.png\",\"articleSection\":[\"The Fortune.one\"],\"inLanguage\":\"en-US\",\"potentialAction\":[{\"@type\":\"CommentAction\",\"name\":\"Comment\",\"target\":[\"https:\\\/\\\/thefortune.one\\\/pt\\\/luis-caputo-quem-e-o-ministro-da-economia-do-governo-milei\\\/#respond\"]}]},{\"@type\":\"WebPage\",\"@id\":\"https:\\\/\\\/thefortune.one\\\/pt\\\/luis-caputo-quem-e-o-ministro-da-economia-do-governo-milei\\\/\",\"url\":\"https:\\\/\\\/thefortune.one\\\/pt\\\/luis-caputo-quem-e-o-ministro-da-economia-do-governo-milei\\\/\",\"name\":\"Luis Caputo: quem \u00e9 o ministro da Economia do governo Milei - The Fortune.one\",\"isPartOf\":{\"@id\":\"https:\\\/\\\/thefortune.one\\\/pt\\\/#website\"},\"primaryImageOfPage\":{\"@id\":\"https:\\\/\\\/thefortune.one\\\/pt\\\/luis-caputo-quem-e-o-ministro-da-economia-do-governo-milei\\\/#primaryimage\"},\"image\":{\"@id\":\"https:\\\/\\\/thefortune.one\\\/pt\\\/luis-caputo-quem-e-o-ministro-da-economia-do-governo-milei\\\/#primaryimage\"},\"thumbnailUrl\":\"https:\\\/\\\/thefortune.one\\\/wp-content\\\/uploads\\\/2024\\\/01\\\/luiz-captu.png\",\"datePublished\":\"2024-01-10T12:29:58+00:00\",\"description\":\"Somos especialistas em gest\u00e3o patrimonial, op\u00e7\u00f5es de investimentos para diversos perfis, nosso diferencial \u00e9 comprovado com resultados.\",\"breadcrumb\":{\"@id\":\"https:\\\/\\\/thefortune.one\\\/pt\\\/luis-caputo-quem-e-o-ministro-da-economia-do-governo-milei\\\/#breadcrumb\"},\"inLanguage\":\"en-US\",\"potentialAction\":[{\"@type\":\"ReadAction\",\"target\":[\"https:\\\/\\\/thefortune.one\\\/pt\\\/luis-caputo-quem-e-o-ministro-da-economia-do-governo-milei\\\/\"]}]},{\"@type\":\"ImageObject\",\"inLanguage\":\"en-US\",\"@id\":\"https:\\\/\\\/thefortune.one\\\/pt\\\/luis-caputo-quem-e-o-ministro-da-economia-do-governo-milei\\\/#primaryimage\",\"url\":\"https:\\\/\\\/thefortune.one\\\/wp-content\\\/uploads\\\/2024\\\/01\\\/luiz-captu.png\",\"contentUrl\":\"https:\\\/\\\/thefortune.one\\\/wp-content\\\/uploads\\\/2024\\\/01\\\/luiz-captu.png\",\"width\":1200,\"height\":812},{\"@type\":\"BreadcrumbList\",\"@id\":\"https:\\\/\\\/thefortune.one\\\/pt\\\/luis-caputo-quem-e-o-ministro-da-economia-do-governo-milei\\\/#breadcrumb\",\"itemListElement\":[{\"@type\":\"ListItem\",\"position\":1,\"name\":\"In\u00edcio\",\"item\":\"https:\\\/\\\/thefortune.one\\\/pt\\\/\"},{\"@type\":\"ListItem\",\"position\":2,\"name\":\"Luis Caputo: quem \u00e9 o ministro da Economia do governo Milei\"}]},{\"@type\":\"WebSite\",\"@id\":\"https:\\\/\\\/thefortune.one\\\/pt\\\/#website\",\"url\":\"https:\\\/\\\/thefortune.one\\\/pt\\\/\",\"name\":\"The Fortune.one\",\"description\":\"Gestora de Recursos Especializada em Private Equity\",\"publisher\":{\"@id\":\"https:\\\/\\\/thefortune.one\\\/pt\\\/#organization\"},\"potentialAction\":[{\"@type\":\"SearchAction\",\"target\":{\"@type\":\"EntryPoint\",\"urlTemplate\":\"https:\\\/\\\/thefortune.one\\\/pt\\\/?s={search_term_string}\"},\"query-input\":{\"@type\":\"PropertyValueSpecification\",\"valueRequired\":true,\"valueName\":\"search_term_string\"}}],\"inLanguage\":\"en-US\"},{\"@type\":\"Organization\",\"@id\":\"https:\\\/\\\/thefortune.one\\\/pt\\\/#organization\",\"name\":\"The Fortune One\",\"url\":\"https:\\\/\\\/thefortune.one\\\/pt\\\/\",\"logo\":{\"@type\":\"ImageObject\",\"inLanguage\":\"en-US\",\"@id\":\"https:\\\/\\\/thefortune.one\\\/pt\\\/#\\\/schema\\\/logo\\\/image\\\/\",\"url\":\"https:\\\/\\\/thefortune.one\\\/wp-content\\\/uploads\\\/2022\\\/11\\\/cropped-cropped-1651682701199-1.jpg\",\"contentUrl\":\"https:\\\/\\\/thefortune.one\\\/wp-content\\\/uploads\\\/2022\\\/11\\\/cropped-cropped-1651682701199-1.jpg\",\"width\":369,\"height\":421,\"caption\":\"The Fortune One\"},\"image\":{\"@id\":\"https:\\\/\\\/thefortune.one\\\/pt\\\/#\\\/schema\\\/logo\\\/image\\\/\"}},{\"@type\":\"Person\",\"@id\":\"https:\\\/\\\/thefortune.one\\\/pt\\\/#\\\/schema\\\/person\\\/6cd8fe72a627d36caabf41815984a16f\",\"name\":\"bianca\",\"image\":{\"@type\":\"ImageObject\",\"inLanguage\":\"en-US\",\"@id\":\"https:\\\/\\\/secure.gravatar.com\\\/avatar\\\/66cd7b00d93410555e00d1e6a911a86de0cd0cfa4f83a2f8b47eddc2968c98af?s=96&d=mm&r=g\",\"url\":\"https:\\\/\\\/secure.gravatar.com\\\/avatar\\\/66cd7b00d93410555e00d1e6a911a86de0cd0cfa4f83a2f8b47eddc2968c98af?s=96&d=mm&r=g\",\"contentUrl\":\"https:\\\/\\\/secure.gravatar.com\\\/avatar\\\/66cd7b00d93410555e00d1e6a911a86de0cd0cfa4f83a2f8b47eddc2968c98af?s=96&d=mm&r=g\",\"caption\":\"bianca\"},\"url\":\"https:\\\/\\\/thefortune.one\\\/en\\\/author\\\/bianca\\\/\"}]}<\/script>\n<!-- \/ Yoast SEO plugin. -->","yoast_head_json":{"title":"Luis Caputo: quem \u00e9 o ministro da Economia do governo Milei - The Fortune.one","description":"Somos especialistas em gest\u00e3o patrimonial, op\u00e7\u00f5es de investimentos para diversos perfis, nosso diferencial \u00e9 comprovado com resultados.","robots":{"index":"index","follow":"follow","max-snippet":"max-snippet:-1","max-image-preview":"max-image-preview:large","max-video-preview":"max-video-preview:-1"},"canonical":"https:\/\/thefortune.one\/en\/luis-caputo-quem-e-o-ministro-da-economia-do-governo-milei\/","og_locale":"en_US","og_type":"article","og_title":"Luis Caputo: quem \u00e9 o ministro da Economia do governo Milei - The Fortune.one","og_description":"Somos especialistas em gest\u00e3o patrimonial, op\u00e7\u00f5es de investimentos para diversos perfis, nosso diferencial \u00e9 comprovado com resultados.","og_url":"https:\/\/thefortune.one\/en\/luis-caputo-quem-e-o-ministro-da-economia-do-governo-milei\/","og_site_name":"The Fortune.one","article_published_time":"2024-01-10T12:29:58+00:00","og_image":[{"width":1200,"height":812,"url":"https:\/\/thefortune.one\/wp-content\/uploads\/2024\/01\/luiz-captu.png","type":"image\/png"}],"author":"bianca","twitter_card":"summary_large_image","twitter_misc":{"Written by":"bianca","Est. reading time":"6 minutes"},"schema":{"@context":"https:\/\/schema.org","@graph":[{"@type":"Article","@id":"https:\/\/thefortune.one\/pt\/luis-caputo-quem-e-o-ministro-da-economia-do-governo-milei\/#article","isPartOf":{"@id":"https:\/\/thefortune.one\/pt\/luis-caputo-quem-e-o-ministro-da-economia-do-governo-milei\/"},"author":{"name":"bianca","@id":"https:\/\/thefortune.one\/pt\/#\/schema\/person\/6cd8fe72a627d36caabf41815984a16f"},"headline":"Luis Caputo: quem \u00e9 o ministro da Economia do governo Milei","datePublished":"2024-01-10T12:29:58+00:00","mainEntityOfPage":{"@id":"https:\/\/thefortune.one\/pt\/luis-caputo-quem-e-o-ministro-da-economia-do-governo-milei\/"},"wordCount":1147,"commentCount":0,"publisher":{"@id":"https:\/\/thefortune.one\/pt\/#organization"},"image":{"@id":"https:\/\/thefortune.one\/pt\/luis-caputo-quem-e-o-ministro-da-economia-do-governo-milei\/#primaryimage"},"thumbnailUrl":"https:\/\/thefortune.one\/wp-content\/uploads\/2024\/01\/luiz-captu.png","articleSection":["The Fortune.one"],"inLanguage":"en-US","potentialAction":[{"@type":"CommentAction","name":"Comment","target":["https:\/\/thefortune.one\/pt\/luis-caputo-quem-e-o-ministro-da-economia-do-governo-milei\/#respond"]}]},{"@type":"WebPage","@id":"https:\/\/thefortune.one\/pt\/luis-caputo-quem-e-o-ministro-da-economia-do-governo-milei\/","url":"https:\/\/thefortune.one\/pt\/luis-caputo-quem-e-o-ministro-da-economia-do-governo-milei\/","name":"Luis Caputo: quem \u00e9 o ministro da Economia do governo Milei - The Fortune.one","isPartOf":{"@id":"https:\/\/thefortune.one\/pt\/#website"},"primaryImageOfPage":{"@id":"https:\/\/thefortune.one\/pt\/luis-caputo-quem-e-o-ministro-da-economia-do-governo-milei\/#primaryimage"},"image":{"@id":"https:\/\/thefortune.one\/pt\/luis-caputo-quem-e-o-ministro-da-economia-do-governo-milei\/#primaryimage"},"thumbnailUrl":"https:\/\/thefortune.one\/wp-content\/uploads\/2024\/01\/luiz-captu.png","datePublished":"2024-01-10T12:29:58+00:00","description":"Somos especialistas em gest\u00e3o patrimonial, op\u00e7\u00f5es de investimentos para diversos perfis, nosso diferencial \u00e9 comprovado com resultados.","breadcrumb":{"@id":"https:\/\/thefortune.one\/pt\/luis-caputo-quem-e-o-ministro-da-economia-do-governo-milei\/#breadcrumb"},"inLanguage":"en-US","potentialAction":[{"@type":"ReadAction","target":["https:\/\/thefortune.one\/pt\/luis-caputo-quem-e-o-ministro-da-economia-do-governo-milei\/"]}]},{"@type":"ImageObject","inLanguage":"en-US","@id":"https:\/\/thefortune.one\/pt\/luis-caputo-quem-e-o-ministro-da-economia-do-governo-milei\/#primaryimage","url":"https:\/\/thefortune.one\/wp-content\/uploads\/2024\/01\/luiz-captu.png","contentUrl":"https:\/\/thefortune.one\/wp-content\/uploads\/2024\/01\/luiz-captu.png","width":1200,"height":812},{"@type":"BreadcrumbList","@id":"https:\/\/thefortune.one\/pt\/luis-caputo-quem-e-o-ministro-da-economia-do-governo-milei\/#breadcrumb","itemListElement":[{"@type":"ListItem","position":1,"name":"In\u00edcio","item":"https:\/\/thefortune.one\/pt\/"},{"@type":"ListItem","position":2,"name":"Luis Caputo: quem \u00e9 o ministro da Economia do governo Milei"}]},{"@type":"WebSite","@id":"https:\/\/thefortune.one\/pt\/#website","url":"https:\/\/thefortune.one\/pt\/","name":"The Fortune.one","description":"Gestora de Recursos Especializada em Private Equity","publisher":{"@id":"https:\/\/thefortune.one\/pt\/#organization"},"potentialAction":[{"@type":"SearchAction","target":{"@type":"EntryPoint","urlTemplate":"https:\/\/thefortune.one\/pt\/?s={search_term_string}"},"query-input":{"@type":"PropertyValueSpecification","valueRequired":true,"valueName":"search_term_string"}}],"inLanguage":"en-US"},{"@type":"Organization","@id":"https:\/\/thefortune.one\/pt\/#organization","name":"The Fortune One","url":"https:\/\/thefortune.one\/pt\/","logo":{"@type":"ImageObject","inLanguage":"en-US","@id":"https:\/\/thefortune.one\/pt\/#\/schema\/logo\/image\/","url":"https:\/\/thefortune.one\/wp-content\/uploads\/2022\/11\/cropped-cropped-1651682701199-1.jpg","contentUrl":"https:\/\/thefortune.one\/wp-content\/uploads\/2022\/11\/cropped-cropped-1651682701199-1.jpg","width":369,"height":421,"caption":"The Fortune One"},"image":{"@id":"https:\/\/thefortune.one\/pt\/#\/schema\/logo\/image\/"}},{"@type":"Person","@id":"https:\/\/thefortune.one\/pt\/#\/schema\/person\/6cd8fe72a627d36caabf41815984a16f","name":"bianca","image":{"@type":"ImageObject","inLanguage":"en-US","@id":"https:\/\/secure.gravatar.com\/avatar\/66cd7b00d93410555e00d1e6a911a86de0cd0cfa4f83a2f8b47eddc2968c98af?s=96&d=mm&r=g","url":"https:\/\/secure.gravatar.com\/avatar\/66cd7b00d93410555e00d1e6a911a86de0cd0cfa4f83a2f8b47eddc2968c98af?s=96&d=mm&r=g","contentUrl":"https:\/\/secure.gravatar.com\/avatar\/66cd7b00d93410555e00d1e6a911a86de0cd0cfa4f83a2f8b47eddc2968c98af?s=96&d=mm&r=g","caption":"bianca"},"url":"https:\/\/thefortune.one\/en\/author\/bianca\/"}]}},"_links":{"self":[{"href":"https:\/\/thefortune.one\/en\/wp-json\/wp\/v2\/posts\/4526","targetHints":{"allow":["GET"]}}],"collection":[{"href":"https:\/\/thefortune.one\/en\/wp-json\/wp\/v2\/posts"}],"about":[{"href":"https:\/\/thefortune.one\/en\/wp-json\/wp\/v2\/types\/post"}],"author":[{"embeddable":true,"href":"https:\/\/thefortune.one\/en\/wp-json\/wp\/v2\/users\/3"}],"replies":[{"embeddable":true,"href":"https:\/\/thefortune.one\/en\/wp-json\/wp\/v2\/comments?post=4526"}],"version-history":[{"count":1,"href":"https:\/\/thefortune.one\/en\/wp-json\/wp\/v2\/posts\/4526\/revisions"}],"predecessor-version":[{"id":4529,"href":"https:\/\/thefortune.one\/en\/wp-json\/wp\/v2\/posts\/4526\/revisions\/4529"}],"wp:featuredmedia":[{"embeddable":true,"href":"https:\/\/thefortune.one\/en\/wp-json\/wp\/v2\/media\/4528"}],"wp:attachment":[{"href":"https:\/\/thefortune.one\/en\/wp-json\/wp\/v2\/media?parent=4526"}],"wp:term":[{"taxonomy":"category","embeddable":true,"href":"https:\/\/thefortune.one\/en\/wp-json\/wp\/v2\/categories?post=4526"},{"taxonomy":"post_tag","embeddable":true,"href":"https:\/\/thefortune.one\/en\/wp-json\/wp\/v2\/tags?post=4526"}],"curies":[{"name":"wp","href":"https:\/\/api.w.org\/{rel}","templated":true}]}}