{"id":4522,"date":"2024-01-09T12:53:00","date_gmt":"2024-01-09T12:53:00","guid":{"rendered":"https:\/\/thefortune.one\/?p=4522"},"modified":"2024-01-09T12:53:00","modified_gmt":"2024-01-09T12:53:00","slug":"milei-detalha-reducao-de-subsidios-de-tarifas-na-argentina-e-preve-alta-na-inflacao-ate-abril","status":"publish","type":"post","link":"https:\/\/thefortune.one\/en\/milei-detalha-reducao-de-subsidios-de-tarifas-na-argentina-e-preve-alta-na-inflacao-ate-abril\/","title":{"rendered":"Milei detalha redu\u00e7\u00e3o de subs\u00eddios de tarifas na Argentina e prev\u00ea alta na infla\u00e7\u00e3o at\u00e9 abril"},"content":{"rendered":"\n<p>Mudan\u00e7as devem elevar a infla\u00e7\u00e3o \u00e0 priori, que em dezembro chegou a 160% em 12 meses. No m\u00eas passado, o presidente, Javier Milei, j\u00e1 havia projetado esse aumento, a taxas de 20% ao m\u00eas<\/p>\n\n\n\n<p><a href=\"https:\/\/web.whatsapp.com\/send?text=Milei%20detalha%20redu%C3%A7%C3%A3o%20de%20subs%C3%ADdios%20de%20tarifas%20na%20Argentina%20e%20prev%C3%AA%20alta%20na%20infla%C3%A7%C3%A3o%20at%C3%A9%20abril%20https%3A%2F%2Finteligenciafinanceira.com.br%2Fmercado-financeiro%2Feconomia%2Fmilei-detalha-reducao-de-subsidios-de-tarifas-na-argentina-e-preve-alta-na-inflacao-ate-abril%2F\" rel=\"noreferrer noopener\" target=\"_blank\"><\/a><a href=\"https:\/\/www.linkedin.com\/sharing\/share-offsite\/?url=https%3A%2F%2Finteligenciafinanceira.com.br%2Fmercado-financeiro%2Feconomia%2Fmilei-detalha-reducao-de-subsidios-de-tarifas-na-argentina-e-preve-alta-na-inflacao-ate-abril%2F&amp;title=Milei%20detalha%20redu%C3%A7%C3%A3o%20de%20subs%C3%ADdios%20de%20tarifas%20na%20Argentina%20e%20prev%C3%AA%20alta%20na%20infla%C3%A7%C3%A3o%20at%C3%A9%20abril\" rel=\"noreferrer noopener\" target=\"_blank\"><\/a><a href=\"https:\/\/t.me\/share\/url?url=https%3A%2F%2Finteligenciafinanceira.com.br%2Fmercado-financeiro%2Feconomia%2Fmilei-detalha-reducao-de-subsidios-de-tarifas-na-argentina-e-preve-alta-na-inflacao-ate-abril%2F&amp;text=Milei%20detalha%20redu%C3%A7%C3%A3o%20de%20subs%C3%ADdios%20de%20tarifas%20na%20Argentina%20e%20prev%C3%AA%20alta%20na%20infla%C3%A7%C3%A3o%20at%C3%A9%20abril\" rel=\"noreferrer noopener\" target=\"_blank\"><\/a><a href=\"https:\/\/twitter.com\/intent\/tweet?text=Milei%20detalha%20redu%C3%A7%C3%A3o%20de%20subs%C3%ADdios%20de%20tarifas%20na%20Argentina%20e%20prev%C3%AA%20alta%20na%20infla%C3%A7%C3%A3o%20at%C3%A9%20abril&amp;url=https%3A%2F%2Finteligenciafinanceira.com.br%2Fmercado-financeiro%2Feconomia%2Fmilei-detalha-reducao-de-subsidios-de-tarifas-na-argentina-e-preve-alta-na-inflacao-ate-abril%2F&amp;\" rel=\"noreferrer noopener\" target=\"_blank\"><\/a><a href=\"https:\/\/www.facebook.com\/sharer\/sharer.php?u=https%3A%2F%2Finteligenciafinanceira.com.br%2Fmercado-financeiro%2Feconomia%2Fmilei-detalha-reducao-de-subsidios-de-tarifas-na-argentina-e-preve-alta-na-inflacao-ate-abril%2F\" rel=\"noreferrer noopener\" target=\"_blank\"><\/a><a href=\"mailto:?subject=Milei%20detalha%20redu%C3%A7%C3%A3o%20de%20subs%C3%ADdios%20de%20tarifas%20na%20Argentina%20e%20prev%C3%AA%20alta%20na%20infla%C3%A7%C3%A3o%20at%C3%A9%20abril&amp;body=Veja%20mais%20em%20https%3A%2F%2Finteligenciafinanceira.com.br%2Fmercado-financeiro%2Feconomia%2Fmilei-detalha-reducao-de-subsidios-de-tarifas-na-argentina-e-preve-alta-na-inflacao-ate-abril%2F\" rel=\"noreferrer noopener\" target=\"_blank\"><\/a><a href=\"https:\/\/inteligenciafinanceira.com.br\/mercado-financeiro\/economia\/milei-detalha-reducao-de-subsidios-de-tarifas-na-argentina-e-preve-alta-na-inflacao-ate-abril\/#copy_link\"><\/a><\/p>\n\n\n\n<figure class=\"wp-block-image\"><img decoding=\"async\" src=\"https:\/\/inteligenciafinanceira.com.br\/wp-content\/uploads\/2023\/12\/Vahagn_Khachaturyan_and_Javier_Milei_59403.jpg?w=833&amp;h=469&amp;crop=1\" alt=\"javier milei, presidente da argentina, argentina\" \/><figcaption class=\"wp-element-caption\">Javier Milei, presidente da Argentina Foto: Divulga\u00e7\u00e3o\/Presid\u00eancia da Arm\u00eania\/Wikimedia Commons<\/figcaption><\/figure>\n\n\n\n<p>O governo do presidente da&nbsp;<a href=\"https:\/\/inteligenciafinanceira.com.br\/investimentos\/argentina\/\">Argentina<\/a>, Javier Milei, anunciou nesta segunda-feira, 8, que o governo vai reduzir os subs\u00eddios nas tarifas de g\u00e1s nos pr\u00f3ximos tr\u00eas meses, o que deve levar a uma alta de pre\u00e7os em todo pa\u00eds.<\/p>\n\n\n\n<p>Segundo o secret\u00e1rio de Energia, Eduardo Rodr\u00edguez Chirillo, hoje os usu\u00e1rios de g\u00e1s pagam 17,5% do custo de produ\u00e7\u00e3o do combust\u00edvel. O plano \u00e9 que at\u00e9 o fim de abril o subs\u00eddio chegue ao fim, e os usu\u00e1rios paguem pelo total da produ\u00e7\u00e3o.<\/p>\n\n\n\n<p>De acordo com o jornal argentino La Naci\u00f3n, os usu\u00e1rios de g\u00e1s na Argentina pagam o equivalente a US$ 0,7 por milh\u00e3o de BTU (unidade de medida de g\u00e1s natural), quando o custo m\u00e9dio \u00e9 de US$ 4. \u201cO restante, 82,5%, \u00e9 pago por todos os cidad\u00e3os, independentemente de terem ou n\u00e3o um abastecimento atrav\u00e9s do or\u00e7amento nacional\u201d, disse Chirillo em uma apresenta\u00e7\u00e3o online transmitida pelo YouTube.<\/p>\n\n\n\n<p>A cada m\u00eas, 33% do subs\u00eddio ser\u00e1 retirado at\u00e9 que o custo total seja repassado aos cidad\u00e3os. Apesar de n\u00e3o ser o \u00fanico componente da tarifa de g\u00e1s, o custo da produ\u00e7\u00e3o \u00e9 respons\u00e1vel por cerca de 40% do pre\u00e7o, informou o La Naci\u00f3n.<\/p>\n\n\n\n<p>A redu\u00e7\u00e3o dos subs\u00eddios est\u00e1 prevista desde o dia 12 de dezembro, quando o ministro da Economia do governo Milei, Luis Caputo, anunciou o pacote econ\u00f4mico para tentar solucionar a crise fiscal da Argentina. Para o atual governo, as mudan\u00e7as s\u00e3o necess\u00e1rias para corrigir \u201cdistor\u00e7\u00f5es\u201d deixadas pela gest\u00e3o de Alberto Fern\u00e1ndez. O setor de transporte tamb\u00e9m deve ser afetado.<\/p>\n\n\n\n<p>As mudan\u00e7as devem elevar a infla\u00e7\u00e3o \u00e0 priori, que em dezembro chegou a 160% em 12 meses. No m\u00eas passado, o presidente, Javier Milei, j\u00e1 havia projetado esse aumento, a taxas de 20% ao m\u00eas.<\/p>\n\n\n\n<p>A proje\u00e7\u00e3o est\u00e1 de acordo com os dados publicados nesta segunda-feira pela Dire\u00e7\u00e3o Geral de Estat\u00edsticas de Buenos Aires, referentes \u00e0 capital argentina. A infla\u00e7\u00e3o no \u00faltimo m\u00eas foi de 21,1%, ancorada sobretudo no pre\u00e7o de alimento e bebidas alco\u00f3licas.<\/p>\n\n\n\n<p>O corte de subs\u00eddios \u00e9 impopular. Aliado de Milei, o ex-presidente Maur\u00edcio Macri tentou um corte parecido de subs\u00eddios no seu governo (2015-2019), mas o plano foi rejeitado com protestos nas ruas. A iniciativa at\u00e9 hoje \u00e9 apontada por analistas como um dos fatores que contribuiu para sua derrota para Fern\u00e1ndez em 2019.<\/p>\n\n\n\n<h2 class=\"wp-block-heading\" id=\"h-como-funcionam\">Como funcionam<\/h2>\n\n\n\n<p>Na pr\u00e1tica, subs\u00eddios s\u00e3o ajudas sociais que o governo fornece \u00e0s empresas para manter um controle de pre\u00e7os. Em vez de transferir valores diretamente aos benefici\u00e1rios, como ocorre com programas sociais como a Asignaci\u00f3n Universal por Hijo (AUH, semelhante ao Bolsa Fam\u00edlia brasileiro), o Estado repassa o valor \u00e0s companhias de transporte, energia e g\u00e1s, custeando a maior parte do consumo, enquanto a popula\u00e7\u00e3o paga um valor muito menor que o real.<\/p>\n\n\n\n<p>A passagem unit\u00e1ria de metr\u00f4 em Buenos Aires, por exemplo, custa hoje 80 pesos, o equivalente a R$ 0,50 no c\u00e2mbio oficial e R$ 0,40 no paralelo, o mais usado no pa\u00eds.<\/p>\n\n\n\n<p>Em um contexto em que os sal\u00e1rios dos argentinos s\u00e3o consumidos pela infla\u00e7\u00e3o galopante, os subs\u00eddios servem como ferramenta para n\u00e3o comprometer ainda mais as rendas, al\u00e9m de promover uma distribui\u00e7\u00e3o mais equitativa desta renda. O custo, por\u00e9m, \u00e9 alto. Estima-se que os gastos com esta forma de ajuda social represente entre 2% e 3% do PIB. Por causa do subs\u00eddio, a Argentina tem uma das passagens de transporte p\u00fablico mais baratas da Am\u00e9rica Latina.<\/p>\n\n\n\n<p>Segundo dados da consultoria Invecq compilados pelo site de checagem argentino Chequeado, entre 2016 e 2021 a Argentina destinou em m\u00e9dia 3,3% do PIB para subs\u00eddios, valor s\u00f3 superado pelo Equador (3,9%). Abaixo ficaram Bol\u00edvia (2,6%), Chile (1,2%), Col\u00f4mbia (0,4%) e Brasil (0,3%), entre outros. Em 2022 o governo de Alberto Fern\u00e1ndez destinou 1 bilh\u00e3o de d\u00f3lares a programas de promo\u00e7\u00e3o social, o que equivale a 1,3% do PIB.<\/p>\n\n\n\n<p>A cr\u00edtica que se faz \u00e9 de que, diferentemente dos aux\u00edlios sociais por demanda \u2013 como a AUH \u2013 que s\u00e3o destinados a quem mais necessita, os aux\u00edlio por oferta abarcam a todos. Qualquer um que obtiver um bilhete \u201csube\u201d em Buenos Aires, pagar\u00e1 no transporte o mesmo valor que qualquer portenho seja qual for a renda. \u00c9 por isso que economistas dizem que os subs\u00eddios, principalmente o da energia, s\u00e3o pr\u00f3-rico, porque, por mais que beneficie a todos e de fato ajude aos mais pobres, quem tem maior renda sai em vantagem.<\/p>\n\n\n\n<h2 class=\"wp-block-heading\" id=\"h-outras-mudancas\">Outras mudan\u00e7as<\/h2>\n\n\n\n<p>Em dezembro, Luis Caputo promoveu uma desvaloriza\u00e7\u00e3o de 55% no valor do peso frente ao d\u00f3lar. A moeda, que valia um pouco mais de 400 pesos no fim do governo de Alberto Fern\u00e1ndez passou para 800 pesos. A desvaloriza\u00e7\u00e3o, por\u00e9m, era esperada, j\u00e1 que a Argentina precisa corrigir a distor\u00e7\u00e3o de pre\u00e7o entre o mercado oficial e paralelo do c\u00e2mbio. O que surpreendeu foi o tamanho da desvaloriza\u00e7\u00e3o.<\/p>\n\n\n\n<p>Fonte:https:\/\/inteligenciafinanceira.com.br\/mercado-financeiro\/economia\/milei-detalha-reducao-de-subsidios-de-tarifas-na-argentina-e-preve-alta-na-inflacao-ate-abril\/<\/p>\n","protected":false},"excerpt":{"rendered":"<p>Mudan\u00e7as devem elevar a infla\u00e7\u00e3o \u00e0 priori, que em dezembro chegou a 160% em 12 meses. No m\u00eas passado, o presidente, Javier Milei, j\u00e1 havia projetado esse aumento, a taxas de 20% ao m\u00eas O governo do presidente da&nbsp;Argentina, Javier Milei, anunciou nesta segunda-feira, 8, que o governo vai reduzir os subs\u00eddios nas tarifas de [&hellip;]<\/p>\n","protected":false},"author":3,"featured_media":4523,"comment_status":"open","ping_status":"open","sticky":false,"template":"","format":"standard","meta":{"_joinchat":[],"footnotes":""},"categories":[1],"tags":[],"class_list":["post-4522","post","type-post","status-publish","format-standard","has-post-thumbnail","hentry","category-the-fortune-one"],"yoast_head":"<!-- This site is optimized with the Yoast SEO plugin v27.5 - https:\/\/yoast.com\/product\/yoast-seo-wordpress\/ -->\n<title>Milei detalha redu\u00e7\u00e3o de subs\u00eddios de tarifas na Argentina e prev\u00ea alta na infla\u00e7\u00e3o at\u00e9 abril - The Fortune.one<\/title>\n<meta name=\"description\" content=\"Somos especialistas em gest\u00e3o patrimonial, op\u00e7\u00f5es de investimentos para diversos perfis, nosso diferencial \u00e9 comprovado com resultados.\" \/>\n<meta name=\"robots\" content=\"index, follow, max-snippet:-1, max-image-preview:large, max-video-preview:-1\" \/>\n<link rel=\"canonical\" href=\"https:\/\/thefortune.one\/en\/milei-detalha-reducao-de-subsidios-de-tarifas-na-argentina-e-preve-alta-na-inflacao-ate-abril\/\" \/>\n<meta property=\"og:locale\" content=\"en_US\" \/>\n<meta property=\"og:type\" content=\"article\" \/>\n<meta property=\"og:title\" content=\"Milei detalha redu\u00e7\u00e3o de subs\u00eddios de tarifas na Argentina e prev\u00ea alta na infla\u00e7\u00e3o at\u00e9 abril - The Fortune.one\" \/>\n<meta property=\"og:description\" content=\"Somos especialistas em gest\u00e3o patrimonial, op\u00e7\u00f5es de investimentos para diversos perfis, nosso diferencial \u00e9 comprovado com resultados.\" \/>\n<meta property=\"og:url\" content=\"https:\/\/thefortune.one\/en\/milei-detalha-reducao-de-subsidios-de-tarifas-na-argentina-e-preve-alta-na-inflacao-ate-abril\/\" \/>\n<meta property=\"og:site_name\" content=\"The Fortune.one\" \/>\n<meta property=\"article:published_time\" content=\"2024-01-09T12:53:00+00:00\" \/>\n<meta property=\"og:image\" content=\"https:\/\/thefortune.one\/wp-content\/uploads\/2024\/01\/jj.jpg\" \/>\n\t<meta property=\"og:image:width\" content=\"833\" \/>\n\t<meta property=\"og:image:height\" content=\"469\" \/>\n\t<meta property=\"og:image:type\" content=\"image\/jpeg\" \/>\n<meta name=\"author\" content=\"bianca\" \/>\n<meta name=\"twitter:card\" content=\"summary_large_image\" \/>\n<meta name=\"twitter:label1\" content=\"Written by\" \/>\n\t<meta name=\"twitter:data1\" content=\"bianca\" \/>\n\t<meta name=\"twitter:label2\" content=\"Est. reading time\" \/>\n\t<meta name=\"twitter:data2\" content=\"5 minutes\" \/>\n<script type=\"application\/ld+json\" class=\"yoast-schema-graph\">{\"@context\":\"https:\\\/\\\/schema.org\",\"@graph\":[{\"@type\":\"Article\",\"@id\":\"https:\\\/\\\/thefortune.one\\\/pt\\\/milei-detalha-reducao-de-subsidios-de-tarifas-na-argentina-e-preve-alta-na-inflacao-ate-abril\\\/#article\",\"isPartOf\":{\"@id\":\"https:\\\/\\\/thefortune.one\\\/pt\\\/milei-detalha-reducao-de-subsidios-de-tarifas-na-argentina-e-preve-alta-na-inflacao-ate-abril\\\/\"},\"author\":{\"name\":\"bianca\",\"@id\":\"https:\\\/\\\/thefortune.one\\\/pt\\\/#\\\/schema\\\/person\\\/6cd8fe72a627d36caabf41815984a16f\"},\"headline\":\"Milei detalha redu\u00e7\u00e3o de subs\u00eddios de tarifas na Argentina e prev\u00ea alta na infla\u00e7\u00e3o at\u00e9 abril\",\"datePublished\":\"2024-01-09T12:53:00+00:00\",\"mainEntityOfPage\":{\"@id\":\"https:\\\/\\\/thefortune.one\\\/pt\\\/milei-detalha-reducao-de-subsidios-de-tarifas-na-argentina-e-preve-alta-na-inflacao-ate-abril\\\/\"},\"wordCount\":933,\"commentCount\":0,\"publisher\":{\"@id\":\"https:\\\/\\\/thefortune.one\\\/pt\\\/#organization\"},\"image\":{\"@id\":\"https:\\\/\\\/thefortune.one\\\/pt\\\/milei-detalha-reducao-de-subsidios-de-tarifas-na-argentina-e-preve-alta-na-inflacao-ate-abril\\\/#primaryimage\"},\"thumbnailUrl\":\"https:\\\/\\\/thefortune.one\\\/wp-content\\\/uploads\\\/2024\\\/01\\\/jj.jpg\",\"articleSection\":[\"The Fortune.one\"],\"inLanguage\":\"en-US\",\"potentialAction\":[{\"@type\":\"CommentAction\",\"name\":\"Comment\",\"target\":[\"https:\\\/\\\/thefortune.one\\\/pt\\\/milei-detalha-reducao-de-subsidios-de-tarifas-na-argentina-e-preve-alta-na-inflacao-ate-abril\\\/#respond\"]}]},{\"@type\":\"WebPage\",\"@id\":\"https:\\\/\\\/thefortune.one\\\/pt\\\/milei-detalha-reducao-de-subsidios-de-tarifas-na-argentina-e-preve-alta-na-inflacao-ate-abril\\\/\",\"url\":\"https:\\\/\\\/thefortune.one\\\/pt\\\/milei-detalha-reducao-de-subsidios-de-tarifas-na-argentina-e-preve-alta-na-inflacao-ate-abril\\\/\",\"name\":\"Milei detalha redu\u00e7\u00e3o de subs\u00eddios de tarifas na Argentina e prev\u00ea alta na infla\u00e7\u00e3o at\u00e9 abril - The Fortune.one\",\"isPartOf\":{\"@id\":\"https:\\\/\\\/thefortune.one\\\/pt\\\/#website\"},\"primaryImageOfPage\":{\"@id\":\"https:\\\/\\\/thefortune.one\\\/pt\\\/milei-detalha-reducao-de-subsidios-de-tarifas-na-argentina-e-preve-alta-na-inflacao-ate-abril\\\/#primaryimage\"},\"image\":{\"@id\":\"https:\\\/\\\/thefortune.one\\\/pt\\\/milei-detalha-reducao-de-subsidios-de-tarifas-na-argentina-e-preve-alta-na-inflacao-ate-abril\\\/#primaryimage\"},\"thumbnailUrl\":\"https:\\\/\\\/thefortune.one\\\/wp-content\\\/uploads\\\/2024\\\/01\\\/jj.jpg\",\"datePublished\":\"2024-01-09T12:53:00+00:00\",\"description\":\"Somos especialistas em gest\u00e3o patrimonial, op\u00e7\u00f5es de investimentos para diversos perfis, nosso diferencial \u00e9 comprovado com resultados.\",\"breadcrumb\":{\"@id\":\"https:\\\/\\\/thefortune.one\\\/pt\\\/milei-detalha-reducao-de-subsidios-de-tarifas-na-argentina-e-preve-alta-na-inflacao-ate-abril\\\/#breadcrumb\"},\"inLanguage\":\"en-US\",\"potentialAction\":[{\"@type\":\"ReadAction\",\"target\":[\"https:\\\/\\\/thefortune.one\\\/pt\\\/milei-detalha-reducao-de-subsidios-de-tarifas-na-argentina-e-preve-alta-na-inflacao-ate-abril\\\/\"]}]},{\"@type\":\"ImageObject\",\"inLanguage\":\"en-US\",\"@id\":\"https:\\\/\\\/thefortune.one\\\/pt\\\/milei-detalha-reducao-de-subsidios-de-tarifas-na-argentina-e-preve-alta-na-inflacao-ate-abril\\\/#primaryimage\",\"url\":\"https:\\\/\\\/thefortune.one\\\/wp-content\\\/uploads\\\/2024\\\/01\\\/jj.jpg\",\"contentUrl\":\"https:\\\/\\\/thefortune.one\\\/wp-content\\\/uploads\\\/2024\\\/01\\\/jj.jpg\",\"width\":833,\"height\":469},{\"@type\":\"BreadcrumbList\",\"@id\":\"https:\\\/\\\/thefortune.one\\\/pt\\\/milei-detalha-reducao-de-subsidios-de-tarifas-na-argentina-e-preve-alta-na-inflacao-ate-abril\\\/#breadcrumb\",\"itemListElement\":[{\"@type\":\"ListItem\",\"position\":1,\"name\":\"In\u00edcio\",\"item\":\"https:\\\/\\\/thefortune.one\\\/pt\\\/\"},{\"@type\":\"ListItem\",\"position\":2,\"name\":\"Milei detalha redu\u00e7\u00e3o de subs\u00eddios de tarifas na Argentina e prev\u00ea alta na infla\u00e7\u00e3o at\u00e9 abril\"}]},{\"@type\":\"WebSite\",\"@id\":\"https:\\\/\\\/thefortune.one\\\/pt\\\/#website\",\"url\":\"https:\\\/\\\/thefortune.one\\\/pt\\\/\",\"name\":\"The Fortune.one\",\"description\":\"Gestora de Recursos Especializada em Private Equity\",\"publisher\":{\"@id\":\"https:\\\/\\\/thefortune.one\\\/pt\\\/#organization\"},\"potentialAction\":[{\"@type\":\"SearchAction\",\"target\":{\"@type\":\"EntryPoint\",\"urlTemplate\":\"https:\\\/\\\/thefortune.one\\\/pt\\\/?s={search_term_string}\"},\"query-input\":{\"@type\":\"PropertyValueSpecification\",\"valueRequired\":true,\"valueName\":\"search_term_string\"}}],\"inLanguage\":\"en-US\"},{\"@type\":\"Organization\",\"@id\":\"https:\\\/\\\/thefortune.one\\\/pt\\\/#organization\",\"name\":\"The Fortune One\",\"url\":\"https:\\\/\\\/thefortune.one\\\/pt\\\/\",\"logo\":{\"@type\":\"ImageObject\",\"inLanguage\":\"en-US\",\"@id\":\"https:\\\/\\\/thefortune.one\\\/pt\\\/#\\\/schema\\\/logo\\\/image\\\/\",\"url\":\"https:\\\/\\\/thefortune.one\\\/wp-content\\\/uploads\\\/2022\\\/11\\\/cropped-cropped-1651682701199-1.jpg\",\"contentUrl\":\"https:\\\/\\\/thefortune.one\\\/wp-content\\\/uploads\\\/2022\\\/11\\\/cropped-cropped-1651682701199-1.jpg\",\"width\":369,\"height\":421,\"caption\":\"The Fortune One\"},\"image\":{\"@id\":\"https:\\\/\\\/thefortune.one\\\/pt\\\/#\\\/schema\\\/logo\\\/image\\\/\"}},{\"@type\":\"Person\",\"@id\":\"https:\\\/\\\/thefortune.one\\\/pt\\\/#\\\/schema\\\/person\\\/6cd8fe72a627d36caabf41815984a16f\",\"name\":\"bianca\",\"image\":{\"@type\":\"ImageObject\",\"inLanguage\":\"en-US\",\"@id\":\"https:\\\/\\\/secure.gravatar.com\\\/avatar\\\/66cd7b00d93410555e00d1e6a911a86de0cd0cfa4f83a2f8b47eddc2968c98af?s=96&d=mm&r=g\",\"url\":\"https:\\\/\\\/secure.gravatar.com\\\/avatar\\\/66cd7b00d93410555e00d1e6a911a86de0cd0cfa4f83a2f8b47eddc2968c98af?s=96&d=mm&r=g\",\"contentUrl\":\"https:\\\/\\\/secure.gravatar.com\\\/avatar\\\/66cd7b00d93410555e00d1e6a911a86de0cd0cfa4f83a2f8b47eddc2968c98af?s=96&d=mm&r=g\",\"caption\":\"bianca\"},\"url\":\"https:\\\/\\\/thefortune.one\\\/en\\\/author\\\/bianca\\\/\"}]}<\/script>\n<!-- \/ Yoast SEO plugin. -->","yoast_head_json":{"title":"Milei detalha redu\u00e7\u00e3o de subs\u00eddios de tarifas na Argentina e prev\u00ea alta na infla\u00e7\u00e3o at\u00e9 abril - The Fortune.one","description":"Somos especialistas em gest\u00e3o patrimonial, op\u00e7\u00f5es de investimentos para diversos perfis, nosso diferencial \u00e9 comprovado com resultados.","robots":{"index":"index","follow":"follow","max-snippet":"max-snippet:-1","max-image-preview":"max-image-preview:large","max-video-preview":"max-video-preview:-1"},"canonical":"https:\/\/thefortune.one\/en\/milei-detalha-reducao-de-subsidios-de-tarifas-na-argentina-e-preve-alta-na-inflacao-ate-abril\/","og_locale":"en_US","og_type":"article","og_title":"Milei detalha redu\u00e7\u00e3o de subs\u00eddios de tarifas na Argentina e prev\u00ea alta na infla\u00e7\u00e3o at\u00e9 abril - The Fortune.one","og_description":"Somos especialistas em gest\u00e3o patrimonial, op\u00e7\u00f5es de investimentos para diversos perfis, nosso diferencial \u00e9 comprovado com resultados.","og_url":"https:\/\/thefortune.one\/en\/milei-detalha-reducao-de-subsidios-de-tarifas-na-argentina-e-preve-alta-na-inflacao-ate-abril\/","og_site_name":"The Fortune.one","article_published_time":"2024-01-09T12:53:00+00:00","og_image":[{"width":833,"height":469,"url":"https:\/\/thefortune.one\/wp-content\/uploads\/2024\/01\/jj.jpg","type":"image\/jpeg"}],"author":"bianca","twitter_card":"summary_large_image","twitter_misc":{"Written by":"bianca","Est. reading time":"5 minutes"},"schema":{"@context":"https:\/\/schema.org","@graph":[{"@type":"Article","@id":"https:\/\/thefortune.one\/pt\/milei-detalha-reducao-de-subsidios-de-tarifas-na-argentina-e-preve-alta-na-inflacao-ate-abril\/#article","isPartOf":{"@id":"https:\/\/thefortune.one\/pt\/milei-detalha-reducao-de-subsidios-de-tarifas-na-argentina-e-preve-alta-na-inflacao-ate-abril\/"},"author":{"name":"bianca","@id":"https:\/\/thefortune.one\/pt\/#\/schema\/person\/6cd8fe72a627d36caabf41815984a16f"},"headline":"Milei detalha redu\u00e7\u00e3o de subs\u00eddios de tarifas na Argentina e prev\u00ea alta na infla\u00e7\u00e3o at\u00e9 abril","datePublished":"2024-01-09T12:53:00+00:00","mainEntityOfPage":{"@id":"https:\/\/thefortune.one\/pt\/milei-detalha-reducao-de-subsidios-de-tarifas-na-argentina-e-preve-alta-na-inflacao-ate-abril\/"},"wordCount":933,"commentCount":0,"publisher":{"@id":"https:\/\/thefortune.one\/pt\/#organization"},"image":{"@id":"https:\/\/thefortune.one\/pt\/milei-detalha-reducao-de-subsidios-de-tarifas-na-argentina-e-preve-alta-na-inflacao-ate-abril\/#primaryimage"},"thumbnailUrl":"https:\/\/thefortune.one\/wp-content\/uploads\/2024\/01\/jj.jpg","articleSection":["The Fortune.one"],"inLanguage":"en-US","potentialAction":[{"@type":"CommentAction","name":"Comment","target":["https:\/\/thefortune.one\/pt\/milei-detalha-reducao-de-subsidios-de-tarifas-na-argentina-e-preve-alta-na-inflacao-ate-abril\/#respond"]}]},{"@type":"WebPage","@id":"https:\/\/thefortune.one\/pt\/milei-detalha-reducao-de-subsidios-de-tarifas-na-argentina-e-preve-alta-na-inflacao-ate-abril\/","url":"https:\/\/thefortune.one\/pt\/milei-detalha-reducao-de-subsidios-de-tarifas-na-argentina-e-preve-alta-na-inflacao-ate-abril\/","name":"Milei detalha redu\u00e7\u00e3o de subs\u00eddios de tarifas na Argentina e prev\u00ea alta na infla\u00e7\u00e3o at\u00e9 abril - The Fortune.one","isPartOf":{"@id":"https:\/\/thefortune.one\/pt\/#website"},"primaryImageOfPage":{"@id":"https:\/\/thefortune.one\/pt\/milei-detalha-reducao-de-subsidios-de-tarifas-na-argentina-e-preve-alta-na-inflacao-ate-abril\/#primaryimage"},"image":{"@id":"https:\/\/thefortune.one\/pt\/milei-detalha-reducao-de-subsidios-de-tarifas-na-argentina-e-preve-alta-na-inflacao-ate-abril\/#primaryimage"},"thumbnailUrl":"https:\/\/thefortune.one\/wp-content\/uploads\/2024\/01\/jj.jpg","datePublished":"2024-01-09T12:53:00+00:00","description":"Somos especialistas em gest\u00e3o patrimonial, op\u00e7\u00f5es de investimentos para diversos perfis, nosso diferencial \u00e9 comprovado com resultados.","breadcrumb":{"@id":"https:\/\/thefortune.one\/pt\/milei-detalha-reducao-de-subsidios-de-tarifas-na-argentina-e-preve-alta-na-inflacao-ate-abril\/#breadcrumb"},"inLanguage":"en-US","potentialAction":[{"@type":"ReadAction","target":["https:\/\/thefortune.one\/pt\/milei-detalha-reducao-de-subsidios-de-tarifas-na-argentina-e-preve-alta-na-inflacao-ate-abril\/"]}]},{"@type":"ImageObject","inLanguage":"en-US","@id":"https:\/\/thefortune.one\/pt\/milei-detalha-reducao-de-subsidios-de-tarifas-na-argentina-e-preve-alta-na-inflacao-ate-abril\/#primaryimage","url":"https:\/\/thefortune.one\/wp-content\/uploads\/2024\/01\/jj.jpg","contentUrl":"https:\/\/thefortune.one\/wp-content\/uploads\/2024\/01\/jj.jpg","width":833,"height":469},{"@type":"BreadcrumbList","@id":"https:\/\/thefortune.one\/pt\/milei-detalha-reducao-de-subsidios-de-tarifas-na-argentina-e-preve-alta-na-inflacao-ate-abril\/#breadcrumb","itemListElement":[{"@type":"ListItem","position":1,"name":"In\u00edcio","item":"https:\/\/thefortune.one\/pt\/"},{"@type":"ListItem","position":2,"name":"Milei detalha redu\u00e7\u00e3o de subs\u00eddios de tarifas na Argentina e prev\u00ea alta na infla\u00e7\u00e3o at\u00e9 abril"}]},{"@type":"WebSite","@id":"https:\/\/thefortune.one\/pt\/#website","url":"https:\/\/thefortune.one\/pt\/","name":"The Fortune.one","description":"Gestora de Recursos Especializada em Private Equity","publisher":{"@id":"https:\/\/thefortune.one\/pt\/#organization"},"potentialAction":[{"@type":"SearchAction","target":{"@type":"EntryPoint","urlTemplate":"https:\/\/thefortune.one\/pt\/?s={search_term_string}"},"query-input":{"@type":"PropertyValueSpecification","valueRequired":true,"valueName":"search_term_string"}}],"inLanguage":"en-US"},{"@type":"Organization","@id":"https:\/\/thefortune.one\/pt\/#organization","name":"The Fortune One","url":"https:\/\/thefortune.one\/pt\/","logo":{"@type":"ImageObject","inLanguage":"en-US","@id":"https:\/\/thefortune.one\/pt\/#\/schema\/logo\/image\/","url":"https:\/\/thefortune.one\/wp-content\/uploads\/2022\/11\/cropped-cropped-1651682701199-1.jpg","contentUrl":"https:\/\/thefortune.one\/wp-content\/uploads\/2022\/11\/cropped-cropped-1651682701199-1.jpg","width":369,"height":421,"caption":"The Fortune One"},"image":{"@id":"https:\/\/thefortune.one\/pt\/#\/schema\/logo\/image\/"}},{"@type":"Person","@id":"https:\/\/thefortune.one\/pt\/#\/schema\/person\/6cd8fe72a627d36caabf41815984a16f","name":"bianca","image":{"@type":"ImageObject","inLanguage":"en-US","@id":"https:\/\/secure.gravatar.com\/avatar\/66cd7b00d93410555e00d1e6a911a86de0cd0cfa4f83a2f8b47eddc2968c98af?s=96&d=mm&r=g","url":"https:\/\/secure.gravatar.com\/avatar\/66cd7b00d93410555e00d1e6a911a86de0cd0cfa4f83a2f8b47eddc2968c98af?s=96&d=mm&r=g","contentUrl":"https:\/\/secure.gravatar.com\/avatar\/66cd7b00d93410555e00d1e6a911a86de0cd0cfa4f83a2f8b47eddc2968c98af?s=96&d=mm&r=g","caption":"bianca"},"url":"https:\/\/thefortune.one\/en\/author\/bianca\/"}]}},"_links":{"self":[{"href":"https:\/\/thefortune.one\/en\/wp-json\/wp\/v2\/posts\/4522","targetHints":{"allow":["GET"]}}],"collection":[{"href":"https:\/\/thefortune.one\/en\/wp-json\/wp\/v2\/posts"}],"about":[{"href":"https:\/\/thefortune.one\/en\/wp-json\/wp\/v2\/types\/post"}],"author":[{"embeddable":true,"href":"https:\/\/thefortune.one\/en\/wp-json\/wp\/v2\/users\/3"}],"replies":[{"embeddable":true,"href":"https:\/\/thefortune.one\/en\/wp-json\/wp\/v2\/comments?post=4522"}],"version-history":[{"count":1,"href":"https:\/\/thefortune.one\/en\/wp-json\/wp\/v2\/posts\/4522\/revisions"}],"predecessor-version":[{"id":4524,"href":"https:\/\/thefortune.one\/en\/wp-json\/wp\/v2\/posts\/4522\/revisions\/4524"}],"wp:featuredmedia":[{"embeddable":true,"href":"https:\/\/thefortune.one\/en\/wp-json\/wp\/v2\/media\/4523"}],"wp:attachment":[{"href":"https:\/\/thefortune.one\/en\/wp-json\/wp\/v2\/media?parent=4522"}],"wp:term":[{"taxonomy":"category","embeddable":true,"href":"https:\/\/thefortune.one\/en\/wp-json\/wp\/v2\/categories?post=4522"},{"taxonomy":"post_tag","embeddable":true,"href":"https:\/\/thefortune.one\/en\/wp-json\/wp\/v2\/tags?post=4522"}],"curies":[{"name":"wp","href":"https:\/\/api.w.org\/{rel}","templated":true}]}}