{"id":4512,"date":"2024-01-04T12:57:07","date_gmt":"2024-01-04T12:57:07","guid":{"rendered":"https:\/\/thefortune.one\/?p=4512"},"modified":"2024-01-04T12:57:07","modified_gmt":"2024-01-04T12:57:07","slug":"reoneracao-da-folha-pacheco-avisa-haddad-que-congresso-tende-a-barrar-medida","status":"publish","type":"post","link":"https:\/\/thefortune.one\/en\/reoneracao-da-folha-pacheco-avisa-haddad-que-congresso-tende-a-barrar-medida\/","title":{"rendered":"Reonera\u00e7\u00e3o da folha: Pacheco avisa Haddad que Congresso tende a barrar medida"},"content":{"rendered":"\n<p>A proposta de acabar com o incentivo est\u00e1 alinhada \u00e0 meta de zerar o d\u00e9ficit das contas p\u00fablicas este ano<\/p>\n\n\n\n<figure class=\"wp-block-image\"><img decoding=\"async\" src=\"https:\/\/inteligenciafinanceira.com.br\/wp-content\/uploads\/2023\/03\/rodrigo-pacheco-presidente-senado.jpg?w=833&amp;h=469&amp;crop=1\" alt=\"Reonera\u00e7\u00e3o da folha: Pacheco avisa Haddad que Congresso tende a barrar medida\" \/><figcaption class=\"wp-element-caption\">Presidente do Senado, Rodrigo Pacheco, em pronunciamento. Foto: Pedro Fran\u00e7a\/Ag\u00eancia Senado<\/figcaption><\/figure>\n\n\n\n<p>Deputados e senadores avaliam que a tend\u00eancia \u00e9 o Congresso rejeitar a medida provis\u00f3ria (MP) que retoma a tributa\u00e7\u00e3o gradual da folha de pagamento das empresas.<\/p>\n\n\n\n<p>No Senado, o presidente da Casa, Rodrigo Pacheco (PSD-MG), deve reunir l\u00edderes partid\u00e1rios na pr\u00f3xima segunda-feira ou ter\u00e7a-feira. O objetivo inicial de Pacheco era ouvir a opini\u00e3o dos parlamentares mais influentes sobre a MP da reonera\u00e7\u00e3o, mas os vetos impostos \u00e0 Lei de Diretrizes Or\u00e7ament\u00e1rias (LDO) tamb\u00e9m devem entrar nas discuss\u00f5es.<\/p>\n\n\n\n<p>Pacheco j\u00e1 indicou ao ministro da Fazenda, Fernando Haddad, em conversa reservada, que a medida provis\u00f3ria da reonera\u00e7\u00e3o da folha de sal\u00e1rios vai ter muitas dificuldades de avan\u00e7ar no Congresso, mesmo que n\u00e3o seja devolvida \u00e0 Presid\u00eancia da Rep\u00fablica, apurou o Estad\u00e3o\/Broadcast.<\/p>\n\n\n\n<p>Governistas tentam reverter o quadro e abrir um caminho de di\u00e1logo dos congressistas com o governo at\u00e9 fevereiro, quando o Legislativo volta do recesso.<\/p>\n\n\n\n<p>L\u00edderes da C\u00e2mara ouvidos pelo Estad\u00e3o\/Broadcast disseram que n\u00e3o houve ainda uma reuni\u00e3o para tratar dos temas \u2013 os trabalhos no Legislativo s\u00f3 voltam em fevereiro -, mas avaliam que a MP \u00e9 \u201cassunto \u00f3bvio\u201d<\/p>\n\n\n\n<p>Um desses l\u00edderes disse, em condi\u00e7\u00e3o de anonimato, que o Congresso deve inclusive trabalhar para n\u00e3o receber o texto da MP da reonera\u00e7\u00e3o.<\/p>\n\n\n\n<h2 class=\"wp-block-heading\" id=\"h-mais-mudancas\">Mais mudan\u00e7as<\/h2>\n\n\n\n<p><a href=\"https:\/\/inteligenciafinanceira.com.br\/mercado-financeiro\/economia\/haddad-anuncia-pacote-fiscal-e-tenta-cumprir-meta-de-deficit-zero\/\" target=\"_blank\" rel=\"noreferrer noopener\">A medida provis\u00f3ria da reonera\u00e7\u00e3o da folha foi anunciada por Haddad no \u00faltimo dia 29, cerca de duas semanas ap\u00f3s o Congresso derrubar o veto do governo \u00e0 lei que estende o benef\u00edcio fiscal a 17 setores da economia at\u00e9 2027,<\/a>&nbsp;al\u00e9m da redu\u00e7\u00e3o da contribui\u00e7\u00e3o previdenci\u00e1ria patronal paga pelas prefeituras.<\/p>\n\n\n\n<p>A proposta de acabar com o incentivo, segundo o petista, est\u00e1 alinhada \u00e0 meta de zerar o d\u00e9ficit das contas p\u00fablicas este ano, j\u00e1 que rep\u00f5e aos cofres do governo recursos que n\u00e3o estavam inicialmente previstos no projeto de lei or\u00e7ament\u00e1ria.<\/p>\n\n\n\n<p>A MP tamb\u00e9m prev\u00ea uma extin\u00e7\u00e3o gradativa do Programa Emergencial de Retomada do Setor de Eventos (Perse), aprovado por deputados e senadores para ajudar as empresas do setor em raz\u00e3o da pandemia da covid-19 e que foi prorrogado.<\/p>\n\n\n\n<p>O texto da MP ainda estabelece uma nova regra para compensa\u00e7\u00e3o de cr\u00e9dito tribut\u00e1rio, que ser\u00e1 aplicada a volumes que empresas tenham direito superiores a R$ 10 milh\u00f5es, em raz\u00e3o de decis\u00f5es judiciais.<\/p>\n\n\n\n<p>Fonte:https:\/\/inteligenciafinanceira.com.br\/mercado-financeiro\/politica\/reoneracao-da-folha-pacheco-haddad-rejeicao\/<\/p>\n\n\n\n<p><\/p>\n\n\n\n<p><a href=\"https:\/\/web.whatsapp.com\/send?text=Reonera%C3%A7%C3%A3o%20da%20folha:%20Pacheco%20avisa%20Haddad%20que%20Congresso%20tende%20a%20barrar%20medida%20https%3A%2F%2Finteligenciafinanceira.com.br%2Fmercado-financeiro%2Fpolitica%2Freoneracao-da-folha-pacheco-haddad-rejeicao%2F\" rel=\"noreferrer noopener\" target=\"_blank\"><\/a><a href=\"https:\/\/www.linkedin.com\/sharing\/share-offsite\/?url=https%3A%2F%2Finteligenciafinanceira.com.br%2Fmercado-financeiro%2Fpolitica%2Freoneracao-da-folha-pacheco-haddad-rejeicao%2F&amp;title=Reonera%C3%A7%C3%A3o%20da%20folha:%20Pacheco%20avisa%20Haddad%20que%20Congresso%20tende%20a%20barrar%20medida\" rel=\"noreferrer noopener\" target=\"_blank\"><\/a><a href=\"https:\/\/t.me\/share\/url?url=https%3A%2F%2Finteligenciafinanceira.com.br%2Fmercado-financeiro%2Fpolitica%2Freoneracao-da-folha-pacheco-haddad-rejeicao%2F&amp;text=Reonera%C3%A7%C3%A3o%20da%20folha:%20Pacheco%20avisa%20Haddad%20que%20Congresso%20tende%20a%20barrar%20medida\" rel=\"noreferrer noopener\" target=\"_blank\"><\/a><a href=\"https:\/\/twitter.com\/intent\/tweet?text=Reonera%C3%A7%C3%A3o%20da%20folha:%20Pacheco%20avisa%20Haddad%20que%20Congresso%20tende%20a%20barrar%20medida&amp;url=https%3A%2F%2Finteligenciafinanceira.com.br%2Fmercado-financeiro%2Fpolitica%2Freoneracao-da-folha-pacheco-haddad-rejeicao%2F&amp;\" rel=\"noreferrer noopener\" target=\"_blank\"><\/a><a href=\"https:\/\/www.facebook.com\/sharer\/sharer.php?u=https%3A%2F%2Finteligenciafinanceira.com.br%2Fmercado-financeiro%2Fpolitica%2Freoneracao-da-folha-pacheco-haddad-rejeicao%2F\" rel=\"noreferrer noopener\" target=\"_blank\"><\/a><a href=\"mailto:?subject=Reonera%C3%A7%C3%A3o%20da%20folha:%20Pacheco%20avisa%20Haddad%20que%20Congresso%20tende%20a%20barrar%20medida&amp;body=Veja%20mais%20em%20https%3A%2F%2Finteligenciafinanceira.com.br%2Fmercado-financeiro%2Fpolitica%2Freoneracao-da-folha-pacheco-haddad-rejeicao%2F\" rel=\"noreferrer noopener\" target=\"_blank\"><\/a><\/p>\n","protected":false},"excerpt":{"rendered":"<p>A proposta de acabar com o incentivo est\u00e1 alinhada \u00e0 meta de zerar o d\u00e9ficit das contas p\u00fablicas este ano Deputados e senadores avaliam que a tend\u00eancia \u00e9 o Congresso rejeitar a medida provis\u00f3ria (MP) que retoma a tributa\u00e7\u00e3o gradual da folha de pagamento das empresas. No Senado, o presidente da Casa, Rodrigo Pacheco (PSD-MG), [&hellip;]<\/p>\n","protected":false},"author":3,"featured_media":4513,"comment_status":"open","ping_status":"open","sticky":false,"template":"","format":"standard","meta":{"_joinchat":[],"footnotes":""},"categories":[1],"tags":[],"class_list":["post-4512","post","type-post","status-publish","format-standard","has-post-thumbnail","hentry","category-the-fortune-one"],"yoast_head":"<!-- This site is optimized with the Yoast SEO plugin v27.5 - https:\/\/yoast.com\/product\/yoast-seo-wordpress\/ -->\n<title>Reonera\u00e7\u00e3o da folha: Pacheco avisa Haddad que Congresso tende a barrar medida - The Fortune.one<\/title>\n<meta name=\"description\" content=\"Somos especialistas em gest\u00e3o patrimonial, op\u00e7\u00f5es de investimentos para diversos perfis, nosso diferencial \u00e9 comprovado com resultados.\" \/>\n<meta name=\"robots\" content=\"index, follow, max-snippet:-1, max-image-preview:large, max-video-preview:-1\" \/>\n<link rel=\"canonical\" href=\"https:\/\/thefortune.one\/en\/reoneracao-da-folha-pacheco-avisa-haddad-que-congresso-tende-a-barrar-medida\/\" \/>\n<meta property=\"og:locale\" content=\"en_US\" \/>\n<meta property=\"og:type\" content=\"article\" \/>\n<meta property=\"og:title\" content=\"Reonera\u00e7\u00e3o da folha: Pacheco avisa Haddad que Congresso tende a barrar medida - The Fortune.one\" \/>\n<meta property=\"og:description\" content=\"Somos especialistas em gest\u00e3o patrimonial, op\u00e7\u00f5es de investimentos para diversos perfis, nosso diferencial \u00e9 comprovado com resultados.\" \/>\n<meta property=\"og:url\" content=\"https:\/\/thefortune.one\/en\/reoneracao-da-folha-pacheco-avisa-haddad-que-congresso-tende-a-barrar-medida\/\" \/>\n<meta property=\"og:site_name\" content=\"The Fortune.one\" \/>\n<meta property=\"article:published_time\" content=\"2024-01-04T12:57:07+00:00\" \/>\n<meta property=\"og:image\" content=\"https:\/\/thefortune.one\/wp-content\/uploads\/2024\/01\/pacheco.jpg\" \/>\n\t<meta property=\"og:image:width\" content=\"833\" \/>\n\t<meta property=\"og:image:height\" content=\"469\" \/>\n\t<meta property=\"og:image:type\" content=\"image\/jpeg\" \/>\n<meta name=\"author\" content=\"bianca\" \/>\n<meta name=\"twitter:card\" content=\"summary_large_image\" \/>\n<meta name=\"twitter:label1\" content=\"Written by\" \/>\n\t<meta name=\"twitter:data1\" content=\"bianca\" \/>\n\t<meta name=\"twitter:label2\" content=\"Est. reading time\" \/>\n\t<meta name=\"twitter:data2\" content=\"2 minutes\" \/>\n<script type=\"application\/ld+json\" class=\"yoast-schema-graph\">{\"@context\":\"https:\\\/\\\/schema.org\",\"@graph\":[{\"@type\":\"Article\",\"@id\":\"https:\\\/\\\/thefortune.one\\\/pt\\\/reoneracao-da-folha-pacheco-avisa-haddad-que-congresso-tende-a-barrar-medida\\\/#article\",\"isPartOf\":{\"@id\":\"https:\\\/\\\/thefortune.one\\\/pt\\\/reoneracao-da-folha-pacheco-avisa-haddad-que-congresso-tende-a-barrar-medida\\\/\"},\"author\":{\"name\":\"bianca\",\"@id\":\"https:\\\/\\\/thefortune.one\\\/pt\\\/#\\\/schema\\\/person\\\/6cd8fe72a627d36caabf41815984a16f\"},\"headline\":\"Reonera\u00e7\u00e3o da folha: Pacheco avisa Haddad que Congresso tende a barrar medida\",\"datePublished\":\"2024-01-04T12:57:07+00:00\",\"mainEntityOfPage\":{\"@id\":\"https:\\\/\\\/thefortune.one\\\/pt\\\/reoneracao-da-folha-pacheco-avisa-haddad-que-congresso-tende-a-barrar-medida\\\/\"},\"wordCount\":469,\"commentCount\":0,\"publisher\":{\"@id\":\"https:\\\/\\\/thefortune.one\\\/pt\\\/#organization\"},\"image\":{\"@id\":\"https:\\\/\\\/thefortune.one\\\/pt\\\/reoneracao-da-folha-pacheco-avisa-haddad-que-congresso-tende-a-barrar-medida\\\/#primaryimage\"},\"thumbnailUrl\":\"https:\\\/\\\/thefortune.one\\\/wp-content\\\/uploads\\\/2024\\\/01\\\/pacheco.jpg\",\"articleSection\":[\"The Fortune.one\"],\"inLanguage\":\"en-US\",\"potentialAction\":[{\"@type\":\"CommentAction\",\"name\":\"Comment\",\"target\":[\"https:\\\/\\\/thefortune.one\\\/pt\\\/reoneracao-da-folha-pacheco-avisa-haddad-que-congresso-tende-a-barrar-medida\\\/#respond\"]}]},{\"@type\":\"WebPage\",\"@id\":\"https:\\\/\\\/thefortune.one\\\/pt\\\/reoneracao-da-folha-pacheco-avisa-haddad-que-congresso-tende-a-barrar-medida\\\/\",\"url\":\"https:\\\/\\\/thefortune.one\\\/pt\\\/reoneracao-da-folha-pacheco-avisa-haddad-que-congresso-tende-a-barrar-medida\\\/\",\"name\":\"Reonera\u00e7\u00e3o da folha: Pacheco avisa Haddad que Congresso tende a barrar medida - The Fortune.one\",\"isPartOf\":{\"@id\":\"https:\\\/\\\/thefortune.one\\\/pt\\\/#website\"},\"primaryImageOfPage\":{\"@id\":\"https:\\\/\\\/thefortune.one\\\/pt\\\/reoneracao-da-folha-pacheco-avisa-haddad-que-congresso-tende-a-barrar-medida\\\/#primaryimage\"},\"image\":{\"@id\":\"https:\\\/\\\/thefortune.one\\\/pt\\\/reoneracao-da-folha-pacheco-avisa-haddad-que-congresso-tende-a-barrar-medida\\\/#primaryimage\"},\"thumbnailUrl\":\"https:\\\/\\\/thefortune.one\\\/wp-content\\\/uploads\\\/2024\\\/01\\\/pacheco.jpg\",\"datePublished\":\"2024-01-04T12:57:07+00:00\",\"description\":\"Somos especialistas em gest\u00e3o patrimonial, op\u00e7\u00f5es de investimentos para diversos perfis, nosso diferencial \u00e9 comprovado com resultados.\",\"breadcrumb\":{\"@id\":\"https:\\\/\\\/thefortune.one\\\/pt\\\/reoneracao-da-folha-pacheco-avisa-haddad-que-congresso-tende-a-barrar-medida\\\/#breadcrumb\"},\"inLanguage\":\"en-US\",\"potentialAction\":[{\"@type\":\"ReadAction\",\"target\":[\"https:\\\/\\\/thefortune.one\\\/pt\\\/reoneracao-da-folha-pacheco-avisa-haddad-que-congresso-tende-a-barrar-medida\\\/\"]}]},{\"@type\":\"ImageObject\",\"inLanguage\":\"en-US\",\"@id\":\"https:\\\/\\\/thefortune.one\\\/pt\\\/reoneracao-da-folha-pacheco-avisa-haddad-que-congresso-tende-a-barrar-medida\\\/#primaryimage\",\"url\":\"https:\\\/\\\/thefortune.one\\\/wp-content\\\/uploads\\\/2024\\\/01\\\/pacheco.jpg\",\"contentUrl\":\"https:\\\/\\\/thefortune.one\\\/wp-content\\\/uploads\\\/2024\\\/01\\\/pacheco.jpg\",\"width\":833,\"height\":469},{\"@type\":\"BreadcrumbList\",\"@id\":\"https:\\\/\\\/thefortune.one\\\/pt\\\/reoneracao-da-folha-pacheco-avisa-haddad-que-congresso-tende-a-barrar-medida\\\/#breadcrumb\",\"itemListElement\":[{\"@type\":\"ListItem\",\"position\":1,\"name\":\"In\u00edcio\",\"item\":\"https:\\\/\\\/thefortune.one\\\/pt\\\/\"},{\"@type\":\"ListItem\",\"position\":2,\"name\":\"Reonera\u00e7\u00e3o da folha: Pacheco avisa Haddad que Congresso tende a barrar medida\"}]},{\"@type\":\"WebSite\",\"@id\":\"https:\\\/\\\/thefortune.one\\\/pt\\\/#website\",\"url\":\"https:\\\/\\\/thefortune.one\\\/pt\\\/\",\"name\":\"The Fortune.one\",\"description\":\"Gestora de Recursos Especializada em Private Equity\",\"publisher\":{\"@id\":\"https:\\\/\\\/thefortune.one\\\/pt\\\/#organization\"},\"potentialAction\":[{\"@type\":\"SearchAction\",\"target\":{\"@type\":\"EntryPoint\",\"urlTemplate\":\"https:\\\/\\\/thefortune.one\\\/pt\\\/?s={search_term_string}\"},\"query-input\":{\"@type\":\"PropertyValueSpecification\",\"valueRequired\":true,\"valueName\":\"search_term_string\"}}],\"inLanguage\":\"en-US\"},{\"@type\":\"Organization\",\"@id\":\"https:\\\/\\\/thefortune.one\\\/pt\\\/#organization\",\"name\":\"The Fortune One\",\"url\":\"https:\\\/\\\/thefortune.one\\\/pt\\\/\",\"logo\":{\"@type\":\"ImageObject\",\"inLanguage\":\"en-US\",\"@id\":\"https:\\\/\\\/thefortune.one\\\/pt\\\/#\\\/schema\\\/logo\\\/image\\\/\",\"url\":\"https:\\\/\\\/thefortune.one\\\/wp-content\\\/uploads\\\/2022\\\/11\\\/cropped-cropped-1651682701199-1.jpg\",\"contentUrl\":\"https:\\\/\\\/thefortune.one\\\/wp-content\\\/uploads\\\/2022\\\/11\\\/cropped-cropped-1651682701199-1.jpg\",\"width\":369,\"height\":421,\"caption\":\"The Fortune One\"},\"image\":{\"@id\":\"https:\\\/\\\/thefortune.one\\\/pt\\\/#\\\/schema\\\/logo\\\/image\\\/\"}},{\"@type\":\"Person\",\"@id\":\"https:\\\/\\\/thefortune.one\\\/pt\\\/#\\\/schema\\\/person\\\/6cd8fe72a627d36caabf41815984a16f\",\"name\":\"bianca\",\"image\":{\"@type\":\"ImageObject\",\"inLanguage\":\"en-US\",\"@id\":\"https:\\\/\\\/secure.gravatar.com\\\/avatar\\\/66cd7b00d93410555e00d1e6a911a86de0cd0cfa4f83a2f8b47eddc2968c98af?s=96&d=mm&r=g\",\"url\":\"https:\\\/\\\/secure.gravatar.com\\\/avatar\\\/66cd7b00d93410555e00d1e6a911a86de0cd0cfa4f83a2f8b47eddc2968c98af?s=96&d=mm&r=g\",\"contentUrl\":\"https:\\\/\\\/secure.gravatar.com\\\/avatar\\\/66cd7b00d93410555e00d1e6a911a86de0cd0cfa4f83a2f8b47eddc2968c98af?s=96&d=mm&r=g\",\"caption\":\"bianca\"},\"url\":\"https:\\\/\\\/thefortune.one\\\/en\\\/author\\\/bianca\\\/\"}]}<\/script>\n<!-- \/ Yoast SEO plugin. -->","yoast_head_json":{"title":"Reonera\u00e7\u00e3o da folha: Pacheco avisa Haddad que Congresso tende a barrar medida - The Fortune.one","description":"Somos especialistas em gest\u00e3o patrimonial, op\u00e7\u00f5es de investimentos para diversos perfis, nosso diferencial \u00e9 comprovado com resultados.","robots":{"index":"index","follow":"follow","max-snippet":"max-snippet:-1","max-image-preview":"max-image-preview:large","max-video-preview":"max-video-preview:-1"},"canonical":"https:\/\/thefortune.one\/en\/reoneracao-da-folha-pacheco-avisa-haddad-que-congresso-tende-a-barrar-medida\/","og_locale":"en_US","og_type":"article","og_title":"Reonera\u00e7\u00e3o da folha: Pacheco avisa Haddad que Congresso tende a barrar medida - The Fortune.one","og_description":"Somos especialistas em gest\u00e3o patrimonial, op\u00e7\u00f5es de investimentos para diversos perfis, nosso diferencial \u00e9 comprovado com resultados.","og_url":"https:\/\/thefortune.one\/en\/reoneracao-da-folha-pacheco-avisa-haddad-que-congresso-tende-a-barrar-medida\/","og_site_name":"The Fortune.one","article_published_time":"2024-01-04T12:57:07+00:00","og_image":[{"width":833,"height":469,"url":"https:\/\/thefortune.one\/wp-content\/uploads\/2024\/01\/pacheco.jpg","type":"image\/jpeg"}],"author":"bianca","twitter_card":"summary_large_image","twitter_misc":{"Written by":"bianca","Est. reading time":"2 minutes"},"schema":{"@context":"https:\/\/schema.org","@graph":[{"@type":"Article","@id":"https:\/\/thefortune.one\/pt\/reoneracao-da-folha-pacheco-avisa-haddad-que-congresso-tende-a-barrar-medida\/#article","isPartOf":{"@id":"https:\/\/thefortune.one\/pt\/reoneracao-da-folha-pacheco-avisa-haddad-que-congresso-tende-a-barrar-medida\/"},"author":{"name":"bianca","@id":"https:\/\/thefortune.one\/pt\/#\/schema\/person\/6cd8fe72a627d36caabf41815984a16f"},"headline":"Reonera\u00e7\u00e3o da folha: Pacheco avisa Haddad que Congresso tende a barrar medida","datePublished":"2024-01-04T12:57:07+00:00","mainEntityOfPage":{"@id":"https:\/\/thefortune.one\/pt\/reoneracao-da-folha-pacheco-avisa-haddad-que-congresso-tende-a-barrar-medida\/"},"wordCount":469,"commentCount":0,"publisher":{"@id":"https:\/\/thefortune.one\/pt\/#organization"},"image":{"@id":"https:\/\/thefortune.one\/pt\/reoneracao-da-folha-pacheco-avisa-haddad-que-congresso-tende-a-barrar-medida\/#primaryimage"},"thumbnailUrl":"https:\/\/thefortune.one\/wp-content\/uploads\/2024\/01\/pacheco.jpg","articleSection":["The Fortune.one"],"inLanguage":"en-US","potentialAction":[{"@type":"CommentAction","name":"Comment","target":["https:\/\/thefortune.one\/pt\/reoneracao-da-folha-pacheco-avisa-haddad-que-congresso-tende-a-barrar-medida\/#respond"]}]},{"@type":"WebPage","@id":"https:\/\/thefortune.one\/pt\/reoneracao-da-folha-pacheco-avisa-haddad-que-congresso-tende-a-barrar-medida\/","url":"https:\/\/thefortune.one\/pt\/reoneracao-da-folha-pacheco-avisa-haddad-que-congresso-tende-a-barrar-medida\/","name":"Reonera\u00e7\u00e3o da folha: Pacheco avisa Haddad que Congresso tende a barrar medida - The Fortune.one","isPartOf":{"@id":"https:\/\/thefortune.one\/pt\/#website"},"primaryImageOfPage":{"@id":"https:\/\/thefortune.one\/pt\/reoneracao-da-folha-pacheco-avisa-haddad-que-congresso-tende-a-barrar-medida\/#primaryimage"},"image":{"@id":"https:\/\/thefortune.one\/pt\/reoneracao-da-folha-pacheco-avisa-haddad-que-congresso-tende-a-barrar-medida\/#primaryimage"},"thumbnailUrl":"https:\/\/thefortune.one\/wp-content\/uploads\/2024\/01\/pacheco.jpg","datePublished":"2024-01-04T12:57:07+00:00","description":"Somos especialistas em gest\u00e3o patrimonial, op\u00e7\u00f5es de investimentos para diversos perfis, nosso diferencial \u00e9 comprovado com resultados.","breadcrumb":{"@id":"https:\/\/thefortune.one\/pt\/reoneracao-da-folha-pacheco-avisa-haddad-que-congresso-tende-a-barrar-medida\/#breadcrumb"},"inLanguage":"en-US","potentialAction":[{"@type":"ReadAction","target":["https:\/\/thefortune.one\/pt\/reoneracao-da-folha-pacheco-avisa-haddad-que-congresso-tende-a-barrar-medida\/"]}]},{"@type":"ImageObject","inLanguage":"en-US","@id":"https:\/\/thefortune.one\/pt\/reoneracao-da-folha-pacheco-avisa-haddad-que-congresso-tende-a-barrar-medida\/#primaryimage","url":"https:\/\/thefortune.one\/wp-content\/uploads\/2024\/01\/pacheco.jpg","contentUrl":"https:\/\/thefortune.one\/wp-content\/uploads\/2024\/01\/pacheco.jpg","width":833,"height":469},{"@type":"BreadcrumbList","@id":"https:\/\/thefortune.one\/pt\/reoneracao-da-folha-pacheco-avisa-haddad-que-congresso-tende-a-barrar-medida\/#breadcrumb","itemListElement":[{"@type":"ListItem","position":1,"name":"In\u00edcio","item":"https:\/\/thefortune.one\/pt\/"},{"@type":"ListItem","position":2,"name":"Reonera\u00e7\u00e3o da folha: Pacheco avisa Haddad que Congresso tende a barrar medida"}]},{"@type":"WebSite","@id":"https:\/\/thefortune.one\/pt\/#website","url":"https:\/\/thefortune.one\/pt\/","name":"The Fortune.one","description":"Gestora de Recursos Especializada em Private Equity","publisher":{"@id":"https:\/\/thefortune.one\/pt\/#organization"},"potentialAction":[{"@type":"SearchAction","target":{"@type":"EntryPoint","urlTemplate":"https:\/\/thefortune.one\/pt\/?s={search_term_string}"},"query-input":{"@type":"PropertyValueSpecification","valueRequired":true,"valueName":"search_term_string"}}],"inLanguage":"en-US"},{"@type":"Organization","@id":"https:\/\/thefortune.one\/pt\/#organization","name":"The Fortune One","url":"https:\/\/thefortune.one\/pt\/","logo":{"@type":"ImageObject","inLanguage":"en-US","@id":"https:\/\/thefortune.one\/pt\/#\/schema\/logo\/image\/","url":"https:\/\/thefortune.one\/wp-content\/uploads\/2022\/11\/cropped-cropped-1651682701199-1.jpg","contentUrl":"https:\/\/thefortune.one\/wp-content\/uploads\/2022\/11\/cropped-cropped-1651682701199-1.jpg","width":369,"height":421,"caption":"The Fortune One"},"image":{"@id":"https:\/\/thefortune.one\/pt\/#\/schema\/logo\/image\/"}},{"@type":"Person","@id":"https:\/\/thefortune.one\/pt\/#\/schema\/person\/6cd8fe72a627d36caabf41815984a16f","name":"bianca","image":{"@type":"ImageObject","inLanguage":"en-US","@id":"https:\/\/secure.gravatar.com\/avatar\/66cd7b00d93410555e00d1e6a911a86de0cd0cfa4f83a2f8b47eddc2968c98af?s=96&d=mm&r=g","url":"https:\/\/secure.gravatar.com\/avatar\/66cd7b00d93410555e00d1e6a911a86de0cd0cfa4f83a2f8b47eddc2968c98af?s=96&d=mm&r=g","contentUrl":"https:\/\/secure.gravatar.com\/avatar\/66cd7b00d93410555e00d1e6a911a86de0cd0cfa4f83a2f8b47eddc2968c98af?s=96&d=mm&r=g","caption":"bianca"},"url":"https:\/\/thefortune.one\/en\/author\/bianca\/"}]}},"_links":{"self":[{"href":"https:\/\/thefortune.one\/en\/wp-json\/wp\/v2\/posts\/4512","targetHints":{"allow":["GET"]}}],"collection":[{"href":"https:\/\/thefortune.one\/en\/wp-json\/wp\/v2\/posts"}],"about":[{"href":"https:\/\/thefortune.one\/en\/wp-json\/wp\/v2\/types\/post"}],"author":[{"embeddable":true,"href":"https:\/\/thefortune.one\/en\/wp-json\/wp\/v2\/users\/3"}],"replies":[{"embeddable":true,"href":"https:\/\/thefortune.one\/en\/wp-json\/wp\/v2\/comments?post=4512"}],"version-history":[{"count":1,"href":"https:\/\/thefortune.one\/en\/wp-json\/wp\/v2\/posts\/4512\/revisions"}],"predecessor-version":[{"id":4514,"href":"https:\/\/thefortune.one\/en\/wp-json\/wp\/v2\/posts\/4512\/revisions\/4514"}],"wp:featuredmedia":[{"embeddable":true,"href":"https:\/\/thefortune.one\/en\/wp-json\/wp\/v2\/media\/4513"}],"wp:attachment":[{"href":"https:\/\/thefortune.one\/en\/wp-json\/wp\/v2\/media?parent=4512"}],"wp:term":[{"taxonomy":"category","embeddable":true,"href":"https:\/\/thefortune.one\/en\/wp-json\/wp\/v2\/categories?post=4512"},{"taxonomy":"post_tag","embeddable":true,"href":"https:\/\/thefortune.one\/en\/wp-json\/wp\/v2\/tags?post=4512"}],"curies":[{"name":"wp","href":"https:\/\/api.w.org\/{rel}","templated":true}]}}