{"id":4436,"date":"2023-12-22T12:26:58","date_gmt":"2023-12-22T12:26:58","guid":{"rendered":"https:\/\/thefortune.one\/?p=4436"},"modified":"2023-12-22T12:26:58","modified_gmt":"2023-12-22T12:26:58","slug":"congresso-vota-orcamento-de-2024-nesta-sexta","status":"publish","type":"post","link":"https:\/\/thefortune.one\/en\/congresso-vota-orcamento-de-2024-nesta-sexta\/","title":{"rendered":"Congresso vota Or\u00e7amento de 2024 nesta sexta"},"content":{"rendered":"\n<p>Entre os destaques est\u00e1 o valor do sal\u00e1rio m\u00ednimo, que deve ser estimado em R$ 1.412<a href=\"https:\/\/web.whatsapp.com\/send?text=Congresso%20vota%20Or%C3%A7amento%20de%202024%20nesta%20sexta%20https%3A%2F%2Finteligenciafinanceira.com.br%2Fmercado-financeiro%2Feconomia%2Fcongresso-vota-orcamento-de-2024-nesta-sexta%2F\" target=\"_blank\" rel=\"noreferrer noopener\"><\/a><a href=\"https:\/\/www.linkedin.com\/sharing\/share-offsite\/?url=https%3A%2F%2Finteligenciafinanceira.com.br%2Fmercado-financeiro%2Feconomia%2Fcongresso-vota-orcamento-de-2024-nesta-sexta%2F&amp;title=Congresso%20vota%20Or%C3%A7amento%20de%202024%20nesta%20sexta\" target=\"_blank\" rel=\"noreferrer noopener\"><\/a><a href=\"https:\/\/t.me\/share\/url?url=https%3A%2F%2Finteligenciafinanceira.com.br%2Fmercado-financeiro%2Feconomia%2Fcongresso-vota-orcamento-de-2024-nesta-sexta%2F&amp;text=Congresso%20vota%20Or%C3%A7amento%20de%202024%20nesta%20sexta\" target=\"_blank\" rel=\"noreferrer noopener\"><\/a><a href=\"https:\/\/twitter.com\/intent\/tweet?text=Congresso%20vota%20Or%C3%A7amento%20de%202024%20nesta%20sexta&amp;url=https%3A%2F%2Finteligenciafinanceira.com.br%2Fmercado-financeiro%2Feconomia%2Fcongresso-vota-orcamento-de-2024-nesta-sexta%2F&amp;\" target=\"_blank\" rel=\"noreferrer noopener\"><\/a><a href=\"https:\/\/www.facebook.com\/sharer\/sharer.php?u=https%3A%2F%2Finteligenciafinanceira.com.br%2Fmercado-financeiro%2Feconomia%2Fcongresso-vota-orcamento-de-2024-nesta-sexta%2F\" target=\"_blank\" rel=\"noreferrer noopener\"><\/a><a href=\"mailto:?subject=Congresso%20vota%20Or%C3%A7amento%20de%202024%20nesta%20sexta&amp;body=Veja%20mais%20em%20https%3A%2F%2Finteligenciafinanceira.com.br%2Fmercado-financeiro%2Feconomia%2Fcongresso-vota-orcamento-de-2024-nesta-sexta%2F\" target=\"_blank\" rel=\"noreferrer noopener\"><\/a><a href=\"https:\/\/inteligenciafinanceira.com.br\/mercado-financeiro\/economia\/congresso-vota-orcamento-de-2024-nesta-sexta\/#copy_link\"><\/a><\/p>\n\n\n\n<figure class=\"wp-block-image\"><img decoding=\"async\" src=\"https:\/\/inteligenciafinanceira.com.br\/wp-content\/uploads\/2022\/09\/palacio-do-planalto-congresso-nacional.jpg?w=833&amp;h=469&amp;crop=1\" alt=\"Congresso vota Or\u00e7amento de 2024 nesta sexta\" \/><figcaption class=\"wp-element-caption\">Congresso Nacional visto a partir do Pal\u00e1cio do Planalto. Foto: Cl\u00e9ber Medeiros\/Senado Federal<\/figcaption><\/figure>\n\n\n\n<p><a href=\"https:\/\/inteligenciafinanceira.com.br\/mercado-financeiro\/economia\/comissao-aprova-texto-base-do-orcamento-de-2024-com-corte-de-r-7-bi-no-pac\/\" target=\"_blank\" rel=\"noreferrer noopener\">A Comiss\u00e3o Mista de Or\u00e7amento aprovou nesta quinta-feira (21) o projeto da Lei Or\u00e7ament\u00e1ria (LOA) de 2024 (PLN 29\/23), que prev\u00ea despesas de R$ 5,5 trilh\u00f5es.<\/a>\u00a0A maior parte desse valor se refere ao refinanciamento da d\u00edvida p\u00fablica. Ap\u00f3s v\u00e1rias reuni\u00f5es com o governo e lideran\u00e7as partid\u00e1rias, o relator, deputado Luiz Carlos Motta (PL-SP), apresentou uma complementa\u00e7\u00e3o de voto com mudan\u00e7as no texto antes da vota\u00e7\u00e3o.<\/p>\n\n\n\n<p>Na quarta-feira, ele havia retirado cerca de 30% das dota\u00e7\u00f5es do Programa de Acelera\u00e7\u00e3o do Crescimento (PAC), de R$ 61,3 bilh\u00f5es no projeto original, para levar recursos para as emendas parlamentares de comiss\u00f5es permanentes. Segundo Motta, esses recursos j\u00e1 deveriam ter sido previstos no projeto enviado pelo Executivo.<\/p>\n\n\n\n<p>O governo apresentou ent\u00e3o uma alternativa com recursos de R$ 6,2 bilh\u00f5es da revis\u00e3o de gastos com despesas vinculadas ao sal\u00e1rio m\u00ednimo; um corte de R$ 6 bilh\u00f5es no PAC; al\u00e9m de cortes em v\u00e1rios minist\u00e9rios. Foram feitos cortes de R$ 400 milh\u00f5es na recupera\u00e7\u00e3o de rodovias, de R$ 345 milh\u00f5es na aten\u00e7\u00e3o especializada de sa\u00fade, de R$ 300 milh\u00f5es no programa Farm\u00e1cia Popular e de R$ 300 milh\u00f5es no Minha Casa, Minha Vida.<\/p>\n\n\n\n<p>O sal\u00e1rio m\u00ednimo previsto no texto era de R$ 1.421, mas o valor deve ficar menor em raz\u00e3o da varia\u00e7\u00e3o do&nbsp;INPC&nbsp;neste ano. Isso porque a regra de reajuste do m\u00ednimo prev\u00ea a corre\u00e7\u00e3o pelo INPC mais a varia\u00e7\u00e3o do&nbsp;PIB&nbsp;do ano anterior. O INPC caiu, e o novo valor do m\u00ednimo deve ser de R$ 1.412.<\/p>\n\n\n\n<p>As despesas vinculadas ao m\u00ednimo s\u00e3o os benef\u00edcios previdenci\u00e1rios, Renda Mensal Vital\u00edcia, Benef\u00edcio de Presta\u00e7\u00e3o Continuada (BPC), abono salarial e seguro-desemprego.<\/p>\n\n\n\n<p>O texto final manteve o valor do Fundo Eleitoral de R$ 4,9 bilh\u00f5es para a campanha municipal do ano que vem.<\/p>\n\n\n\n<h2 class=\"wp-block-heading\" id=\"h-emendas\">Emendas<\/h2>\n\n\n\n<p>O relator acolheu 7.900 emendas parlamentares individuais, de bancadas estaduais e de comiss\u00f5es. O projeto original reservava R$ 37 bilh\u00f5es para emendas individuais e de bancadas, que s\u00e3o impositivas.<\/p>\n\n\n\n<p>J\u00e1 a Lei de Diretrizes Or\u00e7ament\u00e1rias (LDO) de 2024 acrescentou R$ 11 bilh\u00f5es de emendas de comiss\u00f5es. E o deputado Luiz Carlos Motta previu R$ 16,7 bilh\u00f5es no seu relat\u00f3rio final, elevando o total das emendas para cerca de R$ 53 bilh\u00f5es.<\/p>\n\n\n\n<p>Na discuss\u00e3o da comiss\u00e3o, foram apresentados 136&nbsp;destaques para vota\u00e7\u00e3o em separado&nbsp;de trechos do projeto. A maior parte foi rejeitada em uma vota\u00e7\u00e3o unificada, e outra parte foi retirada depois que o l\u00edder do governo na comiss\u00e3o, deputado Carlos Zarattini (PT-SP), disse que vai enviar os pedidos de recomposi\u00e7\u00e3o de recursos para o governo.<\/p>\n\n\n\n<p>\u201cVamos organizar, a lideran\u00e7a do governo, para que pleiteie junto \u00e0s comiss\u00f5es para que esses projetos sejam priorizados. Tamb\u00e9m, naquilo que for poss\u00edvel, o governo pode incluir atrav\u00e9s dos seus projetos, seus planos. A\u00ed n\u00f3s tamb\u00e9m vamos colocar como reivindica\u00e7\u00f5es do Congresso Nacional\u201d, afirmou.<\/p>\n\n\n\n<p>O senador Carlos Viana (Podemos-MG) e outros senadores reclamaram da divis\u00e3o dos recursos das emendas de comiss\u00f5es no Senado. Segundo o senador, a Comiss\u00e3o de Ci\u00eancia e Tecnologia ficou com apenas R$ 800 mil. \u201cUma Comiss\u00e3o de Constitui\u00e7\u00e3o e Justi\u00e7a recebe quase R$ 800 milh\u00f5es. Uma Comiss\u00e3o de Desenvolvimento Regional recebe R$ 4,5 bilh\u00f5es. E n\u00f3s n\u00e3o temos a m\u00ednima condi\u00e7\u00e3o de apoiar qualquer tipo de projeto em uma comiss\u00e3o com R$ 800 mil.\u201d<\/p>\n\n\n\n<p>Luiz Carlos Motta respondeu que n\u00e3o poderia acatar as mudan\u00e7as. \u201cE \u00e9 praxe, em todos estes relat\u00f3rios, isso j\u00e1 vir pelos presidentes das Casas. Pelo que a gente sabe, tanto pelo presidente da C\u00e2mara quanto pelo presidente do Senado, isso \u00e9 decidido em reuni\u00e3o de l\u00edderes partid\u00e1rios. Eles se re\u00fanem e decidem. N\u00e3o cabe a mim nem aos parlamentares que est\u00e3o aqui se intrometer em uma decis\u00e3o do Senado Federal\u201d, declarou.<\/p>\n\n\n\n<p>O relator s\u00f3 acatou um destaque do deputado Weliton Prado (Solidariedade-MG) para o combate ao c\u00e2ncer porque ele mesmo se comprometeu a remanejar uma emenda de sua autoria no valor de R$ 10 milh\u00f5es.<\/p>\n\n\n\n<p>O deputado T\u00falio Gad\u00ealha (Rede-PE), que pediu a recomposi\u00e7\u00e3o de recursos para o Minist\u00e9rio do Meio Ambiente, reclamou da dificuldade em modificar a proposta na comiss\u00e3o. \u201cA gente n\u00e3o pode se conformar com os acordos que chegam prontos e com o m\u00e9todo do tratora\u00e7o que est\u00e1 se tornando uma moda nas casas legislativas deste Pa\u00eds.\u201d<\/p>\n\n\n\n<h2 class=\"wp-block-heading\" id=\"h-deficit-publico\">D\u00e9ficit p\u00fablico<\/h2>\n\n\n\n<p>As despesas prim\u00e1rias do governo t\u00eam o limite de R$ 2 trilh\u00f5es no Or\u00e7amento por causa do novo regime fiscal. A meta fiscal de 2024 \u00e9 a de zerar o d\u00e9ficit p\u00fablico, mas a LOA ainda indica um pequeno super\u00e1vit de R$ 3,5 bilh\u00f5es nas contas. A meta ser\u00e1 considerada cumprida se ficar acima ou abaixo de zero em R$ 28,8 bilh\u00f5es.<\/p>\n\n\n\n<p>O projeto da Lei Or\u00e7ament\u00e1ria para 2024 dever\u00e1 ser votado nesta sexta-feira (22) em sess\u00e3o conjunta do Congresso Nacional.<\/p>\n\n\n\n<p>Fonte:https:\/\/inteligenciafinanceira.com.br\/mercado-financeiro\/economia\/congresso-vota-orcamento-de-2024-nesta-sexta\/<\/p>\n","protected":false},"excerpt":{"rendered":"<p>Entre os destaques est\u00e1 o valor do sal\u00e1rio m\u00ednimo, que deve ser estimado em R$ 1.412 A Comiss\u00e3o Mista de Or\u00e7amento aprovou nesta quinta-feira (21) o projeto da Lei Or\u00e7ament\u00e1ria (LOA) de 2024 (PLN 29\/23), que prev\u00ea despesas de R$ 5,5 trilh\u00f5es.\u00a0A maior parte desse valor se refere ao refinanciamento da d\u00edvida p\u00fablica. Ap\u00f3s v\u00e1rias [&hellip;]<\/p>\n","protected":false},"author":3,"featured_media":4437,"comment_status":"open","ping_status":"open","sticky":false,"template":"","format":"standard","meta":{"_joinchat":[],"footnotes":""},"categories":[1],"tags":[],"class_list":["post-4436","post","type-post","status-publish","format-standard","has-post-thumbnail","hentry","category-the-fortune-one"],"yoast_head":"<!-- This site is optimized with the Yoast SEO plugin v27.5 - https:\/\/yoast.com\/product\/yoast-seo-wordpress\/ -->\n<title>Congresso vota Or\u00e7amento de 2024 nesta sexta - The Fortune.one<\/title>\n<meta name=\"description\" content=\"Somos especialistas em gest\u00e3o patrimonial, op\u00e7\u00f5es de investimentos para diversos perfis, nosso diferencial \u00e9 comprovado com resultados.\" \/>\n<meta name=\"robots\" content=\"index, follow, max-snippet:-1, max-image-preview:large, max-video-preview:-1\" \/>\n<link rel=\"canonical\" href=\"https:\/\/thefortune.one\/en\/congresso-vota-orcamento-de-2024-nesta-sexta\/\" \/>\n<meta property=\"og:locale\" content=\"en_US\" \/>\n<meta property=\"og:type\" content=\"article\" \/>\n<meta property=\"og:title\" content=\"Congresso vota Or\u00e7amento de 2024 nesta sexta - The Fortune.one\" \/>\n<meta property=\"og:description\" content=\"Somos especialistas em gest\u00e3o patrimonial, op\u00e7\u00f5es de investimentos para diversos perfis, nosso diferencial \u00e9 comprovado com resultados.\" \/>\n<meta property=\"og:url\" content=\"https:\/\/thefortune.one\/en\/congresso-vota-orcamento-de-2024-nesta-sexta\/\" \/>\n<meta property=\"og:site_name\" content=\"The Fortune.one\" \/>\n<meta property=\"article:published_time\" content=\"2023-12-22T12:26:58+00:00\" \/>\n<meta property=\"og:image\" content=\"https:\/\/thefortune.one\/wp-content\/uploads\/2023\/12\/gv.jpg\" \/>\n\t<meta property=\"og:image:width\" content=\"833\" \/>\n\t<meta property=\"og:image:height\" content=\"469\" \/>\n\t<meta property=\"og:image:type\" content=\"image\/jpeg\" \/>\n<meta name=\"author\" content=\"bianca\" \/>\n<meta name=\"twitter:card\" content=\"summary_large_image\" \/>\n<meta name=\"twitter:label1\" content=\"Written by\" \/>\n\t<meta name=\"twitter:data1\" content=\"bianca\" \/>\n\t<meta name=\"twitter:label2\" content=\"Est. reading time\" \/>\n\t<meta name=\"twitter:data2\" content=\"5 minutes\" \/>\n<script type=\"application\/ld+json\" class=\"yoast-schema-graph\">{\"@context\":\"https:\\\/\\\/schema.org\",\"@graph\":[{\"@type\":\"Article\",\"@id\":\"https:\\\/\\\/thefortune.one\\\/en\\\/congresso-vota-orcamento-de-2024-nesta-sexta\\\/#article\",\"isPartOf\":{\"@id\":\"https:\\\/\\\/thefortune.one\\\/en\\\/congresso-vota-orcamento-de-2024-nesta-sexta\\\/\"},\"author\":{\"name\":\"bianca\",\"@id\":\"https:\\\/\\\/thefortune.one\\\/pt\\\/#\\\/schema\\\/person\\\/6cd8fe72a627d36caabf41815984a16f\"},\"headline\":\"Congresso vota Or\u00e7amento de 2024 nesta sexta\",\"datePublished\":\"2023-12-22T12:26:58+00:00\",\"mainEntityOfPage\":{\"@id\":\"https:\\\/\\\/thefortune.one\\\/en\\\/congresso-vota-orcamento-de-2024-nesta-sexta\\\/\"},\"wordCount\":924,\"commentCount\":0,\"publisher\":{\"@id\":\"https:\\\/\\\/thefortune.one\\\/pt\\\/#organization\"},\"image\":{\"@id\":\"https:\\\/\\\/thefortune.one\\\/en\\\/congresso-vota-orcamento-de-2024-nesta-sexta\\\/#primaryimage\"},\"thumbnailUrl\":\"https:\\\/\\\/thefortune.one\\\/wp-content\\\/uploads\\\/2023\\\/12\\\/gv.jpg\",\"articleSection\":[\"The Fortune.one\"],\"inLanguage\":\"en-US\",\"potentialAction\":[{\"@type\":\"CommentAction\",\"name\":\"Comment\",\"target\":[\"https:\\\/\\\/thefortune.one\\\/en\\\/congresso-vota-orcamento-de-2024-nesta-sexta\\\/#respond\"]}]},{\"@type\":\"WebPage\",\"@id\":\"https:\\\/\\\/thefortune.one\\\/en\\\/congresso-vota-orcamento-de-2024-nesta-sexta\\\/\",\"url\":\"https:\\\/\\\/thefortune.one\\\/en\\\/congresso-vota-orcamento-de-2024-nesta-sexta\\\/\",\"name\":\"Congresso vota Or\u00e7amento de 2024 nesta sexta - The Fortune.one\",\"isPartOf\":{\"@id\":\"https:\\\/\\\/thefortune.one\\\/pt\\\/#website\"},\"primaryImageOfPage\":{\"@id\":\"https:\\\/\\\/thefortune.one\\\/en\\\/congresso-vota-orcamento-de-2024-nesta-sexta\\\/#primaryimage\"},\"image\":{\"@id\":\"https:\\\/\\\/thefortune.one\\\/en\\\/congresso-vota-orcamento-de-2024-nesta-sexta\\\/#primaryimage\"},\"thumbnailUrl\":\"https:\\\/\\\/thefortune.one\\\/wp-content\\\/uploads\\\/2023\\\/12\\\/gv.jpg\",\"datePublished\":\"2023-12-22T12:26:58+00:00\",\"description\":\"Somos especialistas em gest\u00e3o patrimonial, op\u00e7\u00f5es de investimentos para diversos perfis, nosso diferencial \u00e9 comprovado com resultados.\",\"breadcrumb\":{\"@id\":\"https:\\\/\\\/thefortune.one\\\/en\\\/congresso-vota-orcamento-de-2024-nesta-sexta\\\/#breadcrumb\"},\"inLanguage\":\"en-US\",\"potentialAction\":[{\"@type\":\"ReadAction\",\"target\":[\"https:\\\/\\\/thefortune.one\\\/en\\\/congresso-vota-orcamento-de-2024-nesta-sexta\\\/\"]}]},{\"@type\":\"ImageObject\",\"inLanguage\":\"en-US\",\"@id\":\"https:\\\/\\\/thefortune.one\\\/en\\\/congresso-vota-orcamento-de-2024-nesta-sexta\\\/#primaryimage\",\"url\":\"https:\\\/\\\/thefortune.one\\\/wp-content\\\/uploads\\\/2023\\\/12\\\/gv.jpg\",\"contentUrl\":\"https:\\\/\\\/thefortune.one\\\/wp-content\\\/uploads\\\/2023\\\/12\\\/gv.jpg\",\"width\":833,\"height\":469},{\"@type\":\"BreadcrumbList\",\"@id\":\"https:\\\/\\\/thefortune.one\\\/en\\\/congresso-vota-orcamento-de-2024-nesta-sexta\\\/#breadcrumb\",\"itemListElement\":[{\"@type\":\"ListItem\",\"position\":1,\"name\":\"In\u00edcio\",\"item\":\"https:\\\/\\\/thefortune.one\\\/pt\\\/\"},{\"@type\":\"ListItem\",\"position\":2,\"name\":\"Congresso vota Or\u00e7amento de 2024 nesta sexta\"}]},{\"@type\":\"WebSite\",\"@id\":\"https:\\\/\\\/thefortune.one\\\/pt\\\/#website\",\"url\":\"https:\\\/\\\/thefortune.one\\\/pt\\\/\",\"name\":\"The Fortune.one\",\"description\":\"Gestora de Recursos Especializada em Private Equity\",\"publisher\":{\"@id\":\"https:\\\/\\\/thefortune.one\\\/pt\\\/#organization\"},\"potentialAction\":[{\"@type\":\"SearchAction\",\"target\":{\"@type\":\"EntryPoint\",\"urlTemplate\":\"https:\\\/\\\/thefortune.one\\\/pt\\\/?s={search_term_string}\"},\"query-input\":{\"@type\":\"PropertyValueSpecification\",\"valueRequired\":true,\"valueName\":\"search_term_string\"}}],\"inLanguage\":\"en-US\"},{\"@type\":\"Organization\",\"@id\":\"https:\\\/\\\/thefortune.one\\\/pt\\\/#organization\",\"name\":\"The Fortune One\",\"url\":\"https:\\\/\\\/thefortune.one\\\/pt\\\/\",\"logo\":{\"@type\":\"ImageObject\",\"inLanguage\":\"en-US\",\"@id\":\"https:\\\/\\\/thefortune.one\\\/pt\\\/#\\\/schema\\\/logo\\\/image\\\/\",\"url\":\"https:\\\/\\\/thefortune.one\\\/wp-content\\\/uploads\\\/2022\\\/11\\\/cropped-cropped-1651682701199-1.jpg\",\"contentUrl\":\"https:\\\/\\\/thefortune.one\\\/wp-content\\\/uploads\\\/2022\\\/11\\\/cropped-cropped-1651682701199-1.jpg\",\"width\":369,\"height\":421,\"caption\":\"The Fortune One\"},\"image\":{\"@id\":\"https:\\\/\\\/thefortune.one\\\/pt\\\/#\\\/schema\\\/logo\\\/image\\\/\"}},{\"@type\":\"Person\",\"@id\":\"https:\\\/\\\/thefortune.one\\\/pt\\\/#\\\/schema\\\/person\\\/6cd8fe72a627d36caabf41815984a16f\",\"name\":\"bianca\",\"image\":{\"@type\":\"ImageObject\",\"inLanguage\":\"en-US\",\"@id\":\"https:\\\/\\\/secure.gravatar.com\\\/avatar\\\/66cd7b00d93410555e00d1e6a911a86de0cd0cfa4f83a2f8b47eddc2968c98af?s=96&d=mm&r=g\",\"url\":\"https:\\\/\\\/secure.gravatar.com\\\/avatar\\\/66cd7b00d93410555e00d1e6a911a86de0cd0cfa4f83a2f8b47eddc2968c98af?s=96&d=mm&r=g\",\"contentUrl\":\"https:\\\/\\\/secure.gravatar.com\\\/avatar\\\/66cd7b00d93410555e00d1e6a911a86de0cd0cfa4f83a2f8b47eddc2968c98af?s=96&d=mm&r=g\",\"caption\":\"bianca\"},\"url\":\"https:\\\/\\\/thefortune.one\\\/en\\\/author\\\/bianca\\\/\"}]}<\/script>\n<!-- \/ Yoast SEO plugin. -->","yoast_head_json":{"title":"Congresso vota Or\u00e7amento de 2024 nesta sexta - The Fortune.one","description":"Somos especialistas em gest\u00e3o patrimonial, op\u00e7\u00f5es de investimentos para diversos perfis, nosso diferencial \u00e9 comprovado com resultados.","robots":{"index":"index","follow":"follow","max-snippet":"max-snippet:-1","max-image-preview":"max-image-preview:large","max-video-preview":"max-video-preview:-1"},"canonical":"https:\/\/thefortune.one\/en\/congresso-vota-orcamento-de-2024-nesta-sexta\/","og_locale":"en_US","og_type":"article","og_title":"Congresso vota Or\u00e7amento de 2024 nesta sexta - The Fortune.one","og_description":"Somos especialistas em gest\u00e3o patrimonial, op\u00e7\u00f5es de investimentos para diversos perfis, nosso diferencial \u00e9 comprovado com resultados.","og_url":"https:\/\/thefortune.one\/en\/congresso-vota-orcamento-de-2024-nesta-sexta\/","og_site_name":"The Fortune.one","article_published_time":"2023-12-22T12:26:58+00:00","og_image":[{"width":833,"height":469,"url":"https:\/\/thefortune.one\/wp-content\/uploads\/2023\/12\/gv.jpg","type":"image\/jpeg"}],"author":"bianca","twitter_card":"summary_large_image","twitter_misc":{"Written by":"bianca","Est. reading time":"5 minutes"},"schema":{"@context":"https:\/\/schema.org","@graph":[{"@type":"Article","@id":"https:\/\/thefortune.one\/en\/congresso-vota-orcamento-de-2024-nesta-sexta\/#article","isPartOf":{"@id":"https:\/\/thefortune.one\/en\/congresso-vota-orcamento-de-2024-nesta-sexta\/"},"author":{"name":"bianca","@id":"https:\/\/thefortune.one\/pt\/#\/schema\/person\/6cd8fe72a627d36caabf41815984a16f"},"headline":"Congresso vota Or\u00e7amento de 2024 nesta sexta","datePublished":"2023-12-22T12:26:58+00:00","mainEntityOfPage":{"@id":"https:\/\/thefortune.one\/en\/congresso-vota-orcamento-de-2024-nesta-sexta\/"},"wordCount":924,"commentCount":0,"publisher":{"@id":"https:\/\/thefortune.one\/pt\/#organization"},"image":{"@id":"https:\/\/thefortune.one\/en\/congresso-vota-orcamento-de-2024-nesta-sexta\/#primaryimage"},"thumbnailUrl":"https:\/\/thefortune.one\/wp-content\/uploads\/2023\/12\/gv.jpg","articleSection":["The Fortune.one"],"inLanguage":"en-US","potentialAction":[{"@type":"CommentAction","name":"Comment","target":["https:\/\/thefortune.one\/en\/congresso-vota-orcamento-de-2024-nesta-sexta\/#respond"]}]},{"@type":"WebPage","@id":"https:\/\/thefortune.one\/en\/congresso-vota-orcamento-de-2024-nesta-sexta\/","url":"https:\/\/thefortune.one\/en\/congresso-vota-orcamento-de-2024-nesta-sexta\/","name":"Congresso vota Or\u00e7amento de 2024 nesta sexta - The Fortune.one","isPartOf":{"@id":"https:\/\/thefortune.one\/pt\/#website"},"primaryImageOfPage":{"@id":"https:\/\/thefortune.one\/en\/congresso-vota-orcamento-de-2024-nesta-sexta\/#primaryimage"},"image":{"@id":"https:\/\/thefortune.one\/en\/congresso-vota-orcamento-de-2024-nesta-sexta\/#primaryimage"},"thumbnailUrl":"https:\/\/thefortune.one\/wp-content\/uploads\/2023\/12\/gv.jpg","datePublished":"2023-12-22T12:26:58+00:00","description":"Somos especialistas em gest\u00e3o patrimonial, op\u00e7\u00f5es de investimentos para diversos perfis, nosso diferencial \u00e9 comprovado com resultados.","breadcrumb":{"@id":"https:\/\/thefortune.one\/en\/congresso-vota-orcamento-de-2024-nesta-sexta\/#breadcrumb"},"inLanguage":"en-US","potentialAction":[{"@type":"ReadAction","target":["https:\/\/thefortune.one\/en\/congresso-vota-orcamento-de-2024-nesta-sexta\/"]}]},{"@type":"ImageObject","inLanguage":"en-US","@id":"https:\/\/thefortune.one\/en\/congresso-vota-orcamento-de-2024-nesta-sexta\/#primaryimage","url":"https:\/\/thefortune.one\/wp-content\/uploads\/2023\/12\/gv.jpg","contentUrl":"https:\/\/thefortune.one\/wp-content\/uploads\/2023\/12\/gv.jpg","width":833,"height":469},{"@type":"BreadcrumbList","@id":"https:\/\/thefortune.one\/en\/congresso-vota-orcamento-de-2024-nesta-sexta\/#breadcrumb","itemListElement":[{"@type":"ListItem","position":1,"name":"In\u00edcio","item":"https:\/\/thefortune.one\/pt\/"},{"@type":"ListItem","position":2,"name":"Congresso vota Or\u00e7amento de 2024 nesta sexta"}]},{"@type":"WebSite","@id":"https:\/\/thefortune.one\/pt\/#website","url":"https:\/\/thefortune.one\/pt\/","name":"The Fortune.one","description":"Gestora de Recursos Especializada em Private Equity","publisher":{"@id":"https:\/\/thefortune.one\/pt\/#organization"},"potentialAction":[{"@type":"SearchAction","target":{"@type":"EntryPoint","urlTemplate":"https:\/\/thefortune.one\/pt\/?s={search_term_string}"},"query-input":{"@type":"PropertyValueSpecification","valueRequired":true,"valueName":"search_term_string"}}],"inLanguage":"en-US"},{"@type":"Organization","@id":"https:\/\/thefortune.one\/pt\/#organization","name":"The Fortune One","url":"https:\/\/thefortune.one\/pt\/","logo":{"@type":"ImageObject","inLanguage":"en-US","@id":"https:\/\/thefortune.one\/pt\/#\/schema\/logo\/image\/","url":"https:\/\/thefortune.one\/wp-content\/uploads\/2022\/11\/cropped-cropped-1651682701199-1.jpg","contentUrl":"https:\/\/thefortune.one\/wp-content\/uploads\/2022\/11\/cropped-cropped-1651682701199-1.jpg","width":369,"height":421,"caption":"The Fortune One"},"image":{"@id":"https:\/\/thefortune.one\/pt\/#\/schema\/logo\/image\/"}},{"@type":"Person","@id":"https:\/\/thefortune.one\/pt\/#\/schema\/person\/6cd8fe72a627d36caabf41815984a16f","name":"bianca","image":{"@type":"ImageObject","inLanguage":"en-US","@id":"https:\/\/secure.gravatar.com\/avatar\/66cd7b00d93410555e00d1e6a911a86de0cd0cfa4f83a2f8b47eddc2968c98af?s=96&d=mm&r=g","url":"https:\/\/secure.gravatar.com\/avatar\/66cd7b00d93410555e00d1e6a911a86de0cd0cfa4f83a2f8b47eddc2968c98af?s=96&d=mm&r=g","contentUrl":"https:\/\/secure.gravatar.com\/avatar\/66cd7b00d93410555e00d1e6a911a86de0cd0cfa4f83a2f8b47eddc2968c98af?s=96&d=mm&r=g","caption":"bianca"},"url":"https:\/\/thefortune.one\/en\/author\/bianca\/"}]}},"_links":{"self":[{"href":"https:\/\/thefortune.one\/en\/wp-json\/wp\/v2\/posts\/4436","targetHints":{"allow":["GET"]}}],"collection":[{"href":"https:\/\/thefortune.one\/en\/wp-json\/wp\/v2\/posts"}],"about":[{"href":"https:\/\/thefortune.one\/en\/wp-json\/wp\/v2\/types\/post"}],"author":[{"embeddable":true,"href":"https:\/\/thefortune.one\/en\/wp-json\/wp\/v2\/users\/3"}],"replies":[{"embeddable":true,"href":"https:\/\/thefortune.one\/en\/wp-json\/wp\/v2\/comments?post=4436"}],"version-history":[{"count":1,"href":"https:\/\/thefortune.one\/en\/wp-json\/wp\/v2\/posts\/4436\/revisions"}],"predecessor-version":[{"id":4438,"href":"https:\/\/thefortune.one\/en\/wp-json\/wp\/v2\/posts\/4436\/revisions\/4438"}],"wp:featuredmedia":[{"embeddable":true,"href":"https:\/\/thefortune.one\/en\/wp-json\/wp\/v2\/media\/4437"}],"wp:attachment":[{"href":"https:\/\/thefortune.one\/en\/wp-json\/wp\/v2\/media?parent=4436"}],"wp:term":[{"taxonomy":"category","embeddable":true,"href":"https:\/\/thefortune.one\/en\/wp-json\/wp\/v2\/categories?post=4436"},{"taxonomy":"post_tag","embeddable":true,"href":"https:\/\/thefortune.one\/en\/wp-json\/wp\/v2\/tags?post=4436"}],"curies":[{"name":"wp","href":"https:\/\/api.w.org\/{rel}","templated":true}]}}