{"id":4418,"date":"2023-12-18T12:44:26","date_gmt":"2023-12-18T12:44:26","guid":{"rendered":"https:\/\/thefortune.one\/?p=4418"},"modified":"2023-12-18T12:44:26","modified_gmt":"2023-12-18T12:44:26","slug":"a-briga-do-dono-da-itapemirim-na-recuperacao-judicial-da-empresa","status":"publish","type":"post","link":"https:\/\/thefortune.one\/en\/a-briga-do-dono-da-itapemirim-na-recuperacao-judicial-da-empresa\/","title":{"rendered":"A briga do dono da Itapemirim na recupera\u00e7\u00e3o judicial da empresa"},"content":{"rendered":"\n<p>Sidnei Piva contesta avalia\u00e7\u00e3o dos im\u00f3veis da companhia<\/p>\n\n\n\n<figure class=\"wp-block-image size-large\"><img fetchpriority=\"high\" decoding=\"async\" width=\"1024\" height=\"576\" src=\"https:\/\/thefortune.one\/wp-content\/uploads\/2023\/12\/image-13-1024x576.png\" alt=\"\" class=\"wp-image-4419\" srcset=\"https:\/\/thefortune.one\/wp-content\/uploads\/2023\/12\/image-13-1024x576.png 1024w, https:\/\/thefortune.one\/wp-content\/uploads\/2023\/12\/image-13-300x169.png 300w, https:\/\/thefortune.one\/wp-content\/uploads\/2023\/12\/image-13-768x432.png 768w, https:\/\/thefortune.one\/wp-content\/uploads\/2023\/12\/image-13-18x10.png 18w, https:\/\/thefortune.one\/wp-content\/uploads\/2023\/12\/image-13.png 1280w\" sizes=\"(max-width: 1024px) 100vw, 1024px\" \/><\/figure>\n\n\n\n<p>Dono da transportadora Itapemirim, Sidnei Piva est\u00e1 contestando na Justi\u00e7a as avalia\u00e7\u00f5es de pre\u00e7os dos im\u00f3veis do grupo, em recupera\u00e7\u00e3o judicial. O empres\u00e1rio argumenta que os ativos est\u00e3o subvalorizados pelo leiloeiro respons\u00e1vel, que recebe comiss\u00e3o pela venda.<\/p>\n\n\n\n<p>Fonte:https:\/\/veja.abril.com.br\/coluna\/radar-economico\/a-briga-do-dono-da-itapemirim-na-recuperacao-judicial-da-empresa<\/p>\n\n\n\n<p><\/p>\n","protected":false},"excerpt":{"rendered":"<p>Sidnei Piva contesta avalia\u00e7\u00e3o dos im\u00f3veis da companhia Dono da transportadora Itapemirim, Sidnei Piva est\u00e1 contestando na Justi\u00e7a as avalia\u00e7\u00f5es de pre\u00e7os dos im\u00f3veis do grupo, em recupera\u00e7\u00e3o judicial. O empres\u00e1rio argumenta que os ativos est\u00e3o subvalorizados pelo leiloeiro respons\u00e1vel, que recebe comiss\u00e3o pela venda. Fonte:https:\/\/veja.abril.com.br\/coluna\/radar-economico\/a-briga-do-dono-da-itapemirim-na-recuperacao-judicial-da-empresa<\/p>\n","protected":false},"author":3,"featured_media":4420,"comment_status":"open","ping_status":"open","sticky":false,"template":"","format":"standard","meta":{"_joinchat":[],"footnotes":""},"categories":[1],"tags":[],"class_list":["post-4418","post","type-post","status-publish","format-standard","has-post-thumbnail","hentry","category-the-fortune-one"],"yoast_head":"<!-- This site is optimized with the Yoast SEO plugin v27.5 - https:\/\/yoast.com\/product\/yoast-seo-wordpress\/ -->\n<title>A briga do dono da Itapemirim na recupera\u00e7\u00e3o judicial da empresa - The Fortune.one<\/title>\n<meta name=\"description\" content=\"Somos especialistas em gest\u00e3o patrimonial, op\u00e7\u00f5es de investimentos para diversos perfis, nosso diferencial \u00e9 comprovado com resultados.\" \/>\n<meta name=\"robots\" content=\"index, follow, max-snippet:-1, max-image-preview:large, max-video-preview:-1\" \/>\n<link rel=\"canonical\" href=\"https:\/\/thefortune.one\/en\/a-briga-do-dono-da-itapemirim-na-recuperacao-judicial-da-empresa\/\" \/>\n<meta property=\"og:locale\" content=\"en_US\" \/>\n<meta property=\"og:type\" content=\"article\" \/>\n<meta property=\"og:title\" content=\"A briga do dono da Itapemirim na recupera\u00e7\u00e3o judicial da empresa - The Fortune.one\" \/>\n<meta property=\"og:description\" content=\"Somos especialistas em gest\u00e3o patrimonial, op\u00e7\u00f5es de investimentos para diversos perfis, nosso diferencial \u00e9 comprovado com resultados.\" \/>\n<meta property=\"og:url\" content=\"https:\/\/thefortune.one\/en\/a-briga-do-dono-da-itapemirim-na-recuperacao-judicial-da-empresa\/\" \/>\n<meta property=\"og:site_name\" content=\"The Fortune.one\" \/>\n<meta property=\"article:published_time\" content=\"2023-12-18T12:44:26+00:00\" \/>\n<meta property=\"og:image\" content=\"https:\/\/thefortune.one\/wp-content\/uploads\/2023\/12\/ita.jpg\" \/>\n\t<meta property=\"og:image:width\" content=\"1280\" \/>\n\t<meta property=\"og:image:height\" content=\"720\" \/>\n\t<meta property=\"og:image:type\" content=\"image\/jpeg\" \/>\n<meta name=\"author\" content=\"bianca\" \/>\n<meta name=\"twitter:card\" content=\"summary_large_image\" \/>\n<meta name=\"twitter:label1\" content=\"Written by\" \/>\n\t<meta name=\"twitter:data1\" content=\"bianca\" \/>\n<script type=\"application\/ld+json\" class=\"yoast-schema-graph\">{\"@context\":\"https:\\\/\\\/schema.org\",\"@graph\":[{\"@type\":\"Article\",\"@id\":\"https:\\\/\\\/thefortune.one\\\/pt\\\/a-briga-do-dono-da-itapemirim-na-recuperacao-judicial-da-empresa\\\/#article\",\"isPartOf\":{\"@id\":\"https:\\\/\\\/thefortune.one\\\/pt\\\/a-briga-do-dono-da-itapemirim-na-recuperacao-judicial-da-empresa\\\/\"},\"author\":{\"name\":\"bianca\",\"@id\":\"https:\\\/\\\/thefortune.one\\\/pt\\\/#\\\/schema\\\/person\\\/6cd8fe72a627d36caabf41815984a16f\"},\"headline\":\"A briga do dono da Itapemirim na recupera\u00e7\u00e3o judicial da empresa\",\"datePublished\":\"2023-12-18T12:44:26+00:00\",\"mainEntityOfPage\":{\"@id\":\"https:\\\/\\\/thefortune.one\\\/pt\\\/a-briga-do-dono-da-itapemirim-na-recuperacao-judicial-da-empresa\\\/\"},\"wordCount\":77,\"commentCount\":0,\"publisher\":{\"@id\":\"https:\\\/\\\/thefortune.one\\\/pt\\\/#organization\"},\"image\":{\"@id\":\"https:\\\/\\\/thefortune.one\\\/pt\\\/a-briga-do-dono-da-itapemirim-na-recuperacao-judicial-da-empresa\\\/#primaryimage\"},\"thumbnailUrl\":\"https:\\\/\\\/thefortune.one\\\/wp-content\\\/uploads\\\/2023\\\/12\\\/ita.jpg\",\"articleSection\":[\"The Fortune.one\"],\"inLanguage\":\"en-US\",\"potentialAction\":[{\"@type\":\"CommentAction\",\"name\":\"Comment\",\"target\":[\"https:\\\/\\\/thefortune.one\\\/pt\\\/a-briga-do-dono-da-itapemirim-na-recuperacao-judicial-da-empresa\\\/#respond\"]}]},{\"@type\":\"WebPage\",\"@id\":\"https:\\\/\\\/thefortune.one\\\/pt\\\/a-briga-do-dono-da-itapemirim-na-recuperacao-judicial-da-empresa\\\/\",\"url\":\"https:\\\/\\\/thefortune.one\\\/pt\\\/a-briga-do-dono-da-itapemirim-na-recuperacao-judicial-da-empresa\\\/\",\"name\":\"A briga do dono da Itapemirim na recupera\u00e7\u00e3o judicial da empresa - The Fortune.one\",\"isPartOf\":{\"@id\":\"https:\\\/\\\/thefortune.one\\\/pt\\\/#website\"},\"primaryImageOfPage\":{\"@id\":\"https:\\\/\\\/thefortune.one\\\/pt\\\/a-briga-do-dono-da-itapemirim-na-recuperacao-judicial-da-empresa\\\/#primaryimage\"},\"image\":{\"@id\":\"https:\\\/\\\/thefortune.one\\\/pt\\\/a-briga-do-dono-da-itapemirim-na-recuperacao-judicial-da-empresa\\\/#primaryimage\"},\"thumbnailUrl\":\"https:\\\/\\\/thefortune.one\\\/wp-content\\\/uploads\\\/2023\\\/12\\\/ita.jpg\",\"datePublished\":\"2023-12-18T12:44:26+00:00\",\"description\":\"Somos especialistas em gest\u00e3o patrimonial, op\u00e7\u00f5es de investimentos para diversos perfis, nosso diferencial \u00e9 comprovado com resultados.\",\"breadcrumb\":{\"@id\":\"https:\\\/\\\/thefortune.one\\\/pt\\\/a-briga-do-dono-da-itapemirim-na-recuperacao-judicial-da-empresa\\\/#breadcrumb\"},\"inLanguage\":\"en-US\",\"potentialAction\":[{\"@type\":\"ReadAction\",\"target\":[\"https:\\\/\\\/thefortune.one\\\/pt\\\/a-briga-do-dono-da-itapemirim-na-recuperacao-judicial-da-empresa\\\/\"]}]},{\"@type\":\"ImageObject\",\"inLanguage\":\"en-US\",\"@id\":\"https:\\\/\\\/thefortune.one\\\/pt\\\/a-briga-do-dono-da-itapemirim-na-recuperacao-judicial-da-empresa\\\/#primaryimage\",\"url\":\"https:\\\/\\\/thefortune.one\\\/wp-content\\\/uploads\\\/2023\\\/12\\\/ita.jpg\",\"contentUrl\":\"https:\\\/\\\/thefortune.one\\\/wp-content\\\/uploads\\\/2023\\\/12\\\/ita.jpg\",\"width\":1280,\"height\":720},{\"@type\":\"BreadcrumbList\",\"@id\":\"https:\\\/\\\/thefortune.one\\\/pt\\\/a-briga-do-dono-da-itapemirim-na-recuperacao-judicial-da-empresa\\\/#breadcrumb\",\"itemListElement\":[{\"@type\":\"ListItem\",\"position\":1,\"name\":\"In\u00edcio\",\"item\":\"https:\\\/\\\/thefortune.one\\\/pt\\\/\"},{\"@type\":\"ListItem\",\"position\":2,\"name\":\"A briga do dono da Itapemirim na recupera\u00e7\u00e3o judicial da empresa\"}]},{\"@type\":\"WebSite\",\"@id\":\"https:\\\/\\\/thefortune.one\\\/pt\\\/#website\",\"url\":\"https:\\\/\\\/thefortune.one\\\/pt\\\/\",\"name\":\"The Fortune.one\",\"description\":\"Gestora de Recursos Especializada em Private Equity\",\"publisher\":{\"@id\":\"https:\\\/\\\/thefortune.one\\\/pt\\\/#organization\"},\"potentialAction\":[{\"@type\":\"SearchAction\",\"target\":{\"@type\":\"EntryPoint\",\"urlTemplate\":\"https:\\\/\\\/thefortune.one\\\/pt\\\/?s={search_term_string}\"},\"query-input\":{\"@type\":\"PropertyValueSpecification\",\"valueRequired\":true,\"valueName\":\"search_term_string\"}}],\"inLanguage\":\"en-US\"},{\"@type\":\"Organization\",\"@id\":\"https:\\\/\\\/thefortune.one\\\/pt\\\/#organization\",\"name\":\"The Fortune One\",\"url\":\"https:\\\/\\\/thefortune.one\\\/pt\\\/\",\"logo\":{\"@type\":\"ImageObject\",\"inLanguage\":\"en-US\",\"@id\":\"https:\\\/\\\/thefortune.one\\\/pt\\\/#\\\/schema\\\/logo\\\/image\\\/\",\"url\":\"https:\\\/\\\/thefortune.one\\\/wp-content\\\/uploads\\\/2022\\\/11\\\/cropped-cropped-1651682701199-1.jpg\",\"contentUrl\":\"https:\\\/\\\/thefortune.one\\\/wp-content\\\/uploads\\\/2022\\\/11\\\/cropped-cropped-1651682701199-1.jpg\",\"width\":369,\"height\":421,\"caption\":\"The Fortune One\"},\"image\":{\"@id\":\"https:\\\/\\\/thefortune.one\\\/pt\\\/#\\\/schema\\\/logo\\\/image\\\/\"}},{\"@type\":\"Person\",\"@id\":\"https:\\\/\\\/thefortune.one\\\/pt\\\/#\\\/schema\\\/person\\\/6cd8fe72a627d36caabf41815984a16f\",\"name\":\"bianca\",\"image\":{\"@type\":\"ImageObject\",\"inLanguage\":\"en-US\",\"@id\":\"https:\\\/\\\/secure.gravatar.com\\\/avatar\\\/66cd7b00d93410555e00d1e6a911a86de0cd0cfa4f83a2f8b47eddc2968c98af?s=96&d=mm&r=g\",\"url\":\"https:\\\/\\\/secure.gravatar.com\\\/avatar\\\/66cd7b00d93410555e00d1e6a911a86de0cd0cfa4f83a2f8b47eddc2968c98af?s=96&d=mm&r=g\",\"contentUrl\":\"https:\\\/\\\/secure.gravatar.com\\\/avatar\\\/66cd7b00d93410555e00d1e6a911a86de0cd0cfa4f83a2f8b47eddc2968c98af?s=96&d=mm&r=g\",\"caption\":\"bianca\"},\"url\":\"https:\\\/\\\/thefortune.one\\\/en\\\/author\\\/bianca\\\/\"}]}<\/script>\n<!-- \/ Yoast SEO plugin. -->","yoast_head_json":{"title":"A briga do dono da Itapemirim na recupera\u00e7\u00e3o judicial da empresa - The Fortune.one","description":"Somos especialistas em gest\u00e3o patrimonial, op\u00e7\u00f5es de investimentos para diversos perfis, nosso diferencial \u00e9 comprovado com resultados.","robots":{"index":"index","follow":"follow","max-snippet":"max-snippet:-1","max-image-preview":"max-image-preview:large","max-video-preview":"max-video-preview:-1"},"canonical":"https:\/\/thefortune.one\/en\/a-briga-do-dono-da-itapemirim-na-recuperacao-judicial-da-empresa\/","og_locale":"en_US","og_type":"article","og_title":"A briga do dono da Itapemirim na recupera\u00e7\u00e3o judicial da empresa - The Fortune.one","og_description":"Somos especialistas em gest\u00e3o patrimonial, op\u00e7\u00f5es de investimentos para diversos perfis, nosso diferencial \u00e9 comprovado com resultados.","og_url":"https:\/\/thefortune.one\/en\/a-briga-do-dono-da-itapemirim-na-recuperacao-judicial-da-empresa\/","og_site_name":"The Fortune.one","article_published_time":"2023-12-18T12:44:26+00:00","og_image":[{"width":1280,"height":720,"url":"https:\/\/thefortune.one\/wp-content\/uploads\/2023\/12\/ita.jpg","type":"image\/jpeg"}],"author":"bianca","twitter_card":"summary_large_image","twitter_misc":{"Written by":"bianca"},"schema":{"@context":"https:\/\/schema.org","@graph":[{"@type":"Article","@id":"https:\/\/thefortune.one\/pt\/a-briga-do-dono-da-itapemirim-na-recuperacao-judicial-da-empresa\/#article","isPartOf":{"@id":"https:\/\/thefortune.one\/pt\/a-briga-do-dono-da-itapemirim-na-recuperacao-judicial-da-empresa\/"},"author":{"name":"bianca","@id":"https:\/\/thefortune.one\/pt\/#\/schema\/person\/6cd8fe72a627d36caabf41815984a16f"},"headline":"A briga do dono da Itapemirim na recupera\u00e7\u00e3o judicial da empresa","datePublished":"2023-12-18T12:44:26+00:00","mainEntityOfPage":{"@id":"https:\/\/thefortune.one\/pt\/a-briga-do-dono-da-itapemirim-na-recuperacao-judicial-da-empresa\/"},"wordCount":77,"commentCount":0,"publisher":{"@id":"https:\/\/thefortune.one\/pt\/#organization"},"image":{"@id":"https:\/\/thefortune.one\/pt\/a-briga-do-dono-da-itapemirim-na-recuperacao-judicial-da-empresa\/#primaryimage"},"thumbnailUrl":"https:\/\/thefortune.one\/wp-content\/uploads\/2023\/12\/ita.jpg","articleSection":["The Fortune.one"],"inLanguage":"en-US","potentialAction":[{"@type":"CommentAction","name":"Comment","target":["https:\/\/thefortune.one\/pt\/a-briga-do-dono-da-itapemirim-na-recuperacao-judicial-da-empresa\/#respond"]}]},{"@type":"WebPage","@id":"https:\/\/thefortune.one\/pt\/a-briga-do-dono-da-itapemirim-na-recuperacao-judicial-da-empresa\/","url":"https:\/\/thefortune.one\/pt\/a-briga-do-dono-da-itapemirim-na-recuperacao-judicial-da-empresa\/","name":"A briga do dono da Itapemirim na recupera\u00e7\u00e3o judicial da empresa - The Fortune.one","isPartOf":{"@id":"https:\/\/thefortune.one\/pt\/#website"},"primaryImageOfPage":{"@id":"https:\/\/thefortune.one\/pt\/a-briga-do-dono-da-itapemirim-na-recuperacao-judicial-da-empresa\/#primaryimage"},"image":{"@id":"https:\/\/thefortune.one\/pt\/a-briga-do-dono-da-itapemirim-na-recuperacao-judicial-da-empresa\/#primaryimage"},"thumbnailUrl":"https:\/\/thefortune.one\/wp-content\/uploads\/2023\/12\/ita.jpg","datePublished":"2023-12-18T12:44:26+00:00","description":"Somos especialistas em gest\u00e3o patrimonial, op\u00e7\u00f5es de investimentos para diversos perfis, nosso diferencial \u00e9 comprovado com resultados.","breadcrumb":{"@id":"https:\/\/thefortune.one\/pt\/a-briga-do-dono-da-itapemirim-na-recuperacao-judicial-da-empresa\/#breadcrumb"},"inLanguage":"en-US","potentialAction":[{"@type":"ReadAction","target":["https:\/\/thefortune.one\/pt\/a-briga-do-dono-da-itapemirim-na-recuperacao-judicial-da-empresa\/"]}]},{"@type":"ImageObject","inLanguage":"en-US","@id":"https:\/\/thefortune.one\/pt\/a-briga-do-dono-da-itapemirim-na-recuperacao-judicial-da-empresa\/#primaryimage","url":"https:\/\/thefortune.one\/wp-content\/uploads\/2023\/12\/ita.jpg","contentUrl":"https:\/\/thefortune.one\/wp-content\/uploads\/2023\/12\/ita.jpg","width":1280,"height":720},{"@type":"BreadcrumbList","@id":"https:\/\/thefortune.one\/pt\/a-briga-do-dono-da-itapemirim-na-recuperacao-judicial-da-empresa\/#breadcrumb","itemListElement":[{"@type":"ListItem","position":1,"name":"In\u00edcio","item":"https:\/\/thefortune.one\/pt\/"},{"@type":"ListItem","position":2,"name":"A briga do dono da Itapemirim na recupera\u00e7\u00e3o judicial da empresa"}]},{"@type":"WebSite","@id":"https:\/\/thefortune.one\/pt\/#website","url":"https:\/\/thefortune.one\/pt\/","name":"The Fortune.one","description":"Gestora de Recursos Especializada em Private Equity","publisher":{"@id":"https:\/\/thefortune.one\/pt\/#organization"},"potentialAction":[{"@type":"SearchAction","target":{"@type":"EntryPoint","urlTemplate":"https:\/\/thefortune.one\/pt\/?s={search_term_string}"},"query-input":{"@type":"PropertyValueSpecification","valueRequired":true,"valueName":"search_term_string"}}],"inLanguage":"en-US"},{"@type":"Organization","@id":"https:\/\/thefortune.one\/pt\/#organization","name":"The Fortune One","url":"https:\/\/thefortune.one\/pt\/","logo":{"@type":"ImageObject","inLanguage":"en-US","@id":"https:\/\/thefortune.one\/pt\/#\/schema\/logo\/image\/","url":"https:\/\/thefortune.one\/wp-content\/uploads\/2022\/11\/cropped-cropped-1651682701199-1.jpg","contentUrl":"https:\/\/thefortune.one\/wp-content\/uploads\/2022\/11\/cropped-cropped-1651682701199-1.jpg","width":369,"height":421,"caption":"The Fortune One"},"image":{"@id":"https:\/\/thefortune.one\/pt\/#\/schema\/logo\/image\/"}},{"@type":"Person","@id":"https:\/\/thefortune.one\/pt\/#\/schema\/person\/6cd8fe72a627d36caabf41815984a16f","name":"bianca","image":{"@type":"ImageObject","inLanguage":"en-US","@id":"https:\/\/secure.gravatar.com\/avatar\/66cd7b00d93410555e00d1e6a911a86de0cd0cfa4f83a2f8b47eddc2968c98af?s=96&d=mm&r=g","url":"https:\/\/secure.gravatar.com\/avatar\/66cd7b00d93410555e00d1e6a911a86de0cd0cfa4f83a2f8b47eddc2968c98af?s=96&d=mm&r=g","contentUrl":"https:\/\/secure.gravatar.com\/avatar\/66cd7b00d93410555e00d1e6a911a86de0cd0cfa4f83a2f8b47eddc2968c98af?s=96&d=mm&r=g","caption":"bianca"},"url":"https:\/\/thefortune.one\/en\/author\/bianca\/"}]}},"_links":{"self":[{"href":"https:\/\/thefortune.one\/en\/wp-json\/wp\/v2\/posts\/4418","targetHints":{"allow":["GET"]}}],"collection":[{"href":"https:\/\/thefortune.one\/en\/wp-json\/wp\/v2\/posts"}],"about":[{"href":"https:\/\/thefortune.one\/en\/wp-json\/wp\/v2\/types\/post"}],"author":[{"embeddable":true,"href":"https:\/\/thefortune.one\/en\/wp-json\/wp\/v2\/users\/3"}],"replies":[{"embeddable":true,"href":"https:\/\/thefortune.one\/en\/wp-json\/wp\/v2\/comments?post=4418"}],"version-history":[{"count":1,"href":"https:\/\/thefortune.one\/en\/wp-json\/wp\/v2\/posts\/4418\/revisions"}],"predecessor-version":[{"id":4421,"href":"https:\/\/thefortune.one\/en\/wp-json\/wp\/v2\/posts\/4418\/revisions\/4421"}],"wp:featuredmedia":[{"embeddable":true,"href":"https:\/\/thefortune.one\/en\/wp-json\/wp\/v2\/media\/4420"}],"wp:attachment":[{"href":"https:\/\/thefortune.one\/en\/wp-json\/wp\/v2\/media?parent=4418"}],"wp:term":[{"taxonomy":"category","embeddable":true,"href":"https:\/\/thefortune.one\/en\/wp-json\/wp\/v2\/categories?post=4418"},{"taxonomy":"post_tag","embeddable":true,"href":"https:\/\/thefortune.one\/en\/wp-json\/wp\/v2\/tags?post=4418"}],"curies":[{"name":"wp","href":"https:\/\/api.w.org\/{rel}","templated":true}]}}