{"id":4387,"date":"2023-12-07T13:12:05","date_gmt":"2023-12-07T13:12:05","guid":{"rendered":"https:\/\/thefortune.one\/?p=4387"},"modified":"2023-12-07T13:12:05","modified_gmt":"2023-12-07T13:12:05","slug":"os-proximos-passos-para-a-privatizacao-da-sabesp","status":"publish","type":"post","link":"https:\/\/thefortune.one\/en\/os-proximos-passos-para-a-privatizacao-da-sabesp\/","title":{"rendered":"Os pr\u00f3ximos passos para a privatiza\u00e7\u00e3o da Sabesp"},"content":{"rendered":"\n<p>Alesp autorizou a desestatiza\u00e7\u00e3o; empresa precisa decidir o quanto diminuir\u00e1 sua participa\u00e7\u00e3o acion\u00e1ria e negociar contratos vigentes com cidades<br><\/p>\n\n\n\n<figure class=\"wp-block-image size-large\"><img fetchpriority=\"high\" decoding=\"async\" width=\"1024\" height=\"576\" src=\"https:\/\/thefortune.one\/wp-content\/uploads\/2023\/12\/image-4-1024x576.png\" alt=\"\" class=\"wp-image-4388\" srcset=\"https:\/\/thefortune.one\/wp-content\/uploads\/2023\/12\/image-4-1024x576.png 1024w, https:\/\/thefortune.one\/wp-content\/uploads\/2023\/12\/image-4-300x169.png 300w, https:\/\/thefortune.one\/wp-content\/uploads\/2023\/12\/image-4-768x432.png 768w, https:\/\/thefortune.one\/wp-content\/uploads\/2023\/12\/image-4-18x10.png 18w, https:\/\/thefortune.one\/wp-content\/uploads\/2023\/12\/image-4.png 1280w\" sizes=\"(max-width: 1024px) 100vw, 1024px\" \/><\/figure>\n\n\n\n<p>A Assembleia Legislativa do Estado de S\u00e3o Paulo (Alesp) deu aval para que o governo do Estado siga com o projeto de privatiza\u00e7\u00e3o da Sabesp. Na pr\u00e1tica, a gest\u00e3o estadual ir\u00e1 diminuir sua participa\u00e7\u00e3o acion\u00e1ria na companhia, da qual tem 50,3% de participa\u00e7\u00e3o e \u00e9 a controladora. Ap\u00f3s a aprova\u00e7\u00e3o do projeto, h\u00e1 diversos passos que o governo de Tarc\u00edsio de Freitas precisa cumprir para efetivar a desestatiza\u00e7\u00e3o da empresa de saneamento de S\u00e3o Paulo.\u00a0<\/p>\n\n\n\n<p>A previs\u00e3o \u00e9 que o processo seja realizado durante o primeiro semestre de 2024. A aprova\u00e7\u00e3o do projeto \u00e9 uma grande vit\u00f3ria para o governo de Tarc\u00edsio, que defende a diminui\u00e7\u00e3o das estatais e a passagem para o setor privado, vis\u00e3o contr\u00e1ria da gest\u00e3o federal. O pr\u00f3ximo passo, ali\u00e1s, est\u00e1 nas m\u00e3os do pr\u00f3prio Tarc\u00edsio, que \u00e9 a san\u00e7\u00e3o do texto aprovado pelos deputados estaduais.\u00a0<\/p>\n\n\n\n<p>Depois disso, a companhia precisa passar por uma etapa de negocia\u00e7\u00e3o com os munic\u00edpios no qual tem contrato. No caso da cidade de S\u00e3o Paulo, que representa 40% do faturamento da empresa, a quest\u00e3o passar\u00e1 por vota\u00e7\u00e3o, j\u00e1 que h\u00e1 uma lei municipal que prev\u00ea o fim do\u00a0 o texto passa por uma nova vota\u00e7\u00e3o, desta vez na C\u00e2mara Municipal de S\u00e3o Paulo. Uma lei municipal que autoriza a prefeitura a celebrar conv\u00eanios de saneamento e \u00e1gua com o estado prev\u00ea o fim contrato em caso de privatiza\u00e7\u00e3o. Com isso, cabe \u00e0 C\u00e2mara Municipal, neste caso, a aprova\u00e7\u00e3o de uma nova lei sobre o assunto.<\/p>\n\n\n\n<p>Ao todo, o governo precisar\u00e1 se reunir com os 375 munic\u00edpios atendidos pela Sabesp para elaborar documentos sobre a situa\u00e7\u00e3o de cada contrato. A oposi\u00e7\u00e3o ao governador e ex-ministro de Jair Bolsonaro tentar\u00e1 dificultar a conclus\u00e3o do processo nestas etapas e deve recorrer ao Supremo Tribunal Federal.<\/p>\n\n\n\n<p>A gest\u00e3o de Tarc\u00edsio precisa ainda indicar o quanto deseja diminuir sua participa\u00e7\u00e3o, bem como a precifica\u00e7\u00e3o da opera\u00e7\u00e3o. O modelo de privatiza\u00e7\u00e3o aprovado \u00e9 o de\u00a0oferta subsequente de a\u00e7\u00f5es, chamado de \u201cfollow on\u201d, porque a Sabesp j\u00e1 \u00e9 negociada na bolsa.\u00a0<\/p>\n\n\n\n<p>Um dos \u00faltimos passos ser\u00e1 o rito da\u00a0Comiss\u00e3o de Valores Imobili\u00e1rios (CVM) para oferta p\u00fablica de a\u00e7\u00f5es, que inclui, por exemplo, apresenta\u00e7\u00e3o aos investidores e per\u00edodo de sil\u00eancio.<\/p>\n\n\n\n<p>Fonte:https:\/\/veja.abril.com.br\/economia\/os-proximos-passos-para-a-privatizacao-da-sabesp\/<\/p>\n\n\n\n<p><\/p>\n\n\n\n<p><\/p>\n\n\n\n<p><\/p>\n\n\n\n<p><\/p>\n\n\n\n<p><\/p>\n\n\n\n<p><\/p>\n\n\n\n<p><\/p>\n\n\n\n<p><\/p>\n\n\n\n<p><\/p>\n\n\n\n<p><\/p>\n\n\n\n<p><\/p>\n\n\n\n<p><\/p>\n\n\n\n<p><\/p>\n","protected":false},"excerpt":{"rendered":"<p>Alesp autorizou a desestatiza\u00e7\u00e3o; empresa precisa decidir o quanto diminuir\u00e1 sua participa\u00e7\u00e3o acion\u00e1ria e negociar contratos vigentes com cidades A Assembleia Legislativa do Estado de S\u00e3o Paulo (Alesp) deu aval para que o governo do Estado siga com o projeto de privatiza\u00e7\u00e3o da Sabesp. Na pr\u00e1tica, a gest\u00e3o estadual ir\u00e1 diminuir sua participa\u00e7\u00e3o acion\u00e1ria na [&hellip;]<\/p>\n","protected":false},"author":3,"featured_media":4389,"comment_status":"open","ping_status":"open","sticky":false,"template":"","format":"standard","meta":{"_joinchat":[],"footnotes":""},"categories":[1],"tags":[],"class_list":["post-4387","post","type-post","status-publish","format-standard","has-post-thumbnail","hentry","category-the-fortune-one"],"yoast_head":"<!-- This site is optimized with the Yoast SEO plugin v27.5 - https:\/\/yoast.com\/product\/yoast-seo-wordpress\/ -->\n<title>Os pr\u00f3ximos passos para a privatiza\u00e7\u00e3o da Sabesp - The Fortune.one<\/title>\n<meta name=\"description\" content=\"Somos especialistas em gest\u00e3o patrimonial, op\u00e7\u00f5es de investimentos para diversos perfis, nosso diferencial \u00e9 comprovado com resultados.\" \/>\n<meta name=\"robots\" content=\"index, follow, max-snippet:-1, max-image-preview:large, max-video-preview:-1\" \/>\n<link rel=\"canonical\" href=\"https:\/\/thefortune.one\/en\/os-proximos-passos-para-a-privatizacao-da-sabesp\/\" \/>\n<meta property=\"og:locale\" content=\"en_US\" \/>\n<meta property=\"og:type\" content=\"article\" \/>\n<meta property=\"og:title\" content=\"Os pr\u00f3ximos passos para a privatiza\u00e7\u00e3o da Sabesp - The Fortune.one\" \/>\n<meta property=\"og:description\" content=\"Somos especialistas em gest\u00e3o patrimonial, op\u00e7\u00f5es de investimentos para diversos perfis, nosso diferencial \u00e9 comprovado com resultados.\" \/>\n<meta property=\"og:url\" content=\"https:\/\/thefortune.one\/en\/os-proximos-passos-para-a-privatizacao-da-sabesp\/\" \/>\n<meta property=\"og:site_name\" content=\"The Fortune.one\" \/>\n<meta property=\"article:published_time\" content=\"2023-12-07T13:12:05+00:00\" \/>\n<meta property=\"og:image\" content=\"https:\/\/thefortune.one\/wp-content\/uploads\/2023\/12\/sabesp.jpg\" \/>\n\t<meta property=\"og:image:width\" content=\"1280\" \/>\n\t<meta property=\"og:image:height\" content=\"720\" \/>\n\t<meta property=\"og:image:type\" content=\"image\/jpeg\" \/>\n<meta name=\"author\" content=\"bianca\" \/>\n<meta name=\"twitter:card\" content=\"summary_large_image\" \/>\n<meta name=\"twitter:label1\" content=\"Written by\" \/>\n\t<meta name=\"twitter:data1\" content=\"bianca\" \/>\n\t<meta name=\"twitter:label2\" content=\"Est. reading time\" \/>\n\t<meta name=\"twitter:data2\" content=\"2 minutes\" \/>\n<script type=\"application\/ld+json\" class=\"yoast-schema-graph\">{\"@context\":\"https:\\\/\\\/schema.org\",\"@graph\":[{\"@type\":\"Article\",\"@id\":\"https:\\\/\\\/thefortune.one\\\/pt\\\/os-proximos-passos-para-a-privatizacao-da-sabesp\\\/#article\",\"isPartOf\":{\"@id\":\"https:\\\/\\\/thefortune.one\\\/pt\\\/os-proximos-passos-para-a-privatizacao-da-sabesp\\\/\"},\"author\":{\"name\":\"bianca\",\"@id\":\"https:\\\/\\\/thefortune.one\\\/pt\\\/#\\\/schema\\\/person\\\/6cd8fe72a627d36caabf41815984a16f\"},\"headline\":\"Os pr\u00f3ximos passos para a privatiza\u00e7\u00e3o da Sabesp\",\"datePublished\":\"2023-12-07T13:12:05+00:00\",\"mainEntityOfPage\":{\"@id\":\"https:\\\/\\\/thefortune.one\\\/pt\\\/os-proximos-passos-para-a-privatizacao-da-sabesp\\\/\"},\"wordCount\":449,\"commentCount\":0,\"publisher\":{\"@id\":\"https:\\\/\\\/thefortune.one\\\/pt\\\/#organization\"},\"image\":{\"@id\":\"https:\\\/\\\/thefortune.one\\\/pt\\\/os-proximos-passos-para-a-privatizacao-da-sabesp\\\/#primaryimage\"},\"thumbnailUrl\":\"https:\\\/\\\/thefortune.one\\\/wp-content\\\/uploads\\\/2023\\\/12\\\/sabesp.jpg\",\"articleSection\":[\"The Fortune.one\"],\"inLanguage\":\"en-US\",\"potentialAction\":[{\"@type\":\"CommentAction\",\"name\":\"Comment\",\"target\":[\"https:\\\/\\\/thefortune.one\\\/pt\\\/os-proximos-passos-para-a-privatizacao-da-sabesp\\\/#respond\"]}]},{\"@type\":\"WebPage\",\"@id\":\"https:\\\/\\\/thefortune.one\\\/pt\\\/os-proximos-passos-para-a-privatizacao-da-sabesp\\\/\",\"url\":\"https:\\\/\\\/thefortune.one\\\/pt\\\/os-proximos-passos-para-a-privatizacao-da-sabesp\\\/\",\"name\":\"Os pr\u00f3ximos passos para a privatiza\u00e7\u00e3o da Sabesp - The Fortune.one\",\"isPartOf\":{\"@id\":\"https:\\\/\\\/thefortune.one\\\/pt\\\/#website\"},\"primaryImageOfPage\":{\"@id\":\"https:\\\/\\\/thefortune.one\\\/pt\\\/os-proximos-passos-para-a-privatizacao-da-sabesp\\\/#primaryimage\"},\"image\":{\"@id\":\"https:\\\/\\\/thefortune.one\\\/pt\\\/os-proximos-passos-para-a-privatizacao-da-sabesp\\\/#primaryimage\"},\"thumbnailUrl\":\"https:\\\/\\\/thefortune.one\\\/wp-content\\\/uploads\\\/2023\\\/12\\\/sabesp.jpg\",\"datePublished\":\"2023-12-07T13:12:05+00:00\",\"description\":\"Somos especialistas em gest\u00e3o patrimonial, op\u00e7\u00f5es de investimentos para diversos perfis, nosso diferencial \u00e9 comprovado com resultados.\",\"breadcrumb\":{\"@id\":\"https:\\\/\\\/thefortune.one\\\/pt\\\/os-proximos-passos-para-a-privatizacao-da-sabesp\\\/#breadcrumb\"},\"inLanguage\":\"en-US\",\"potentialAction\":[{\"@type\":\"ReadAction\",\"target\":[\"https:\\\/\\\/thefortune.one\\\/pt\\\/os-proximos-passos-para-a-privatizacao-da-sabesp\\\/\"]}]},{\"@type\":\"ImageObject\",\"inLanguage\":\"en-US\",\"@id\":\"https:\\\/\\\/thefortune.one\\\/pt\\\/os-proximos-passos-para-a-privatizacao-da-sabesp\\\/#primaryimage\",\"url\":\"https:\\\/\\\/thefortune.one\\\/wp-content\\\/uploads\\\/2023\\\/12\\\/sabesp.jpg\",\"contentUrl\":\"https:\\\/\\\/thefortune.one\\\/wp-content\\\/uploads\\\/2023\\\/12\\\/sabesp.jpg\",\"width\":1280,\"height\":720},{\"@type\":\"BreadcrumbList\",\"@id\":\"https:\\\/\\\/thefortune.one\\\/pt\\\/os-proximos-passos-para-a-privatizacao-da-sabesp\\\/#breadcrumb\",\"itemListElement\":[{\"@type\":\"ListItem\",\"position\":1,\"name\":\"In\u00edcio\",\"item\":\"https:\\\/\\\/thefortune.one\\\/pt\\\/\"},{\"@type\":\"ListItem\",\"position\":2,\"name\":\"Os pr\u00f3ximos passos para a privatiza\u00e7\u00e3o da Sabesp\"}]},{\"@type\":\"WebSite\",\"@id\":\"https:\\\/\\\/thefortune.one\\\/pt\\\/#website\",\"url\":\"https:\\\/\\\/thefortune.one\\\/pt\\\/\",\"name\":\"The Fortune.one\",\"description\":\"Gestora de Recursos Especializada em Private Equity\",\"publisher\":{\"@id\":\"https:\\\/\\\/thefortune.one\\\/pt\\\/#organization\"},\"potentialAction\":[{\"@type\":\"SearchAction\",\"target\":{\"@type\":\"EntryPoint\",\"urlTemplate\":\"https:\\\/\\\/thefortune.one\\\/pt\\\/?s={search_term_string}\"},\"query-input\":{\"@type\":\"PropertyValueSpecification\",\"valueRequired\":true,\"valueName\":\"search_term_string\"}}],\"inLanguage\":\"en-US\"},{\"@type\":\"Organization\",\"@id\":\"https:\\\/\\\/thefortune.one\\\/pt\\\/#organization\",\"name\":\"The Fortune One\",\"url\":\"https:\\\/\\\/thefortune.one\\\/pt\\\/\",\"logo\":{\"@type\":\"ImageObject\",\"inLanguage\":\"en-US\",\"@id\":\"https:\\\/\\\/thefortune.one\\\/pt\\\/#\\\/schema\\\/logo\\\/image\\\/\",\"url\":\"https:\\\/\\\/thefortune.one\\\/wp-content\\\/uploads\\\/2022\\\/11\\\/cropped-cropped-1651682701199-1.jpg\",\"contentUrl\":\"https:\\\/\\\/thefortune.one\\\/wp-content\\\/uploads\\\/2022\\\/11\\\/cropped-cropped-1651682701199-1.jpg\",\"width\":369,\"height\":421,\"caption\":\"The Fortune One\"},\"image\":{\"@id\":\"https:\\\/\\\/thefortune.one\\\/pt\\\/#\\\/schema\\\/logo\\\/image\\\/\"}},{\"@type\":\"Person\",\"@id\":\"https:\\\/\\\/thefortune.one\\\/pt\\\/#\\\/schema\\\/person\\\/6cd8fe72a627d36caabf41815984a16f\",\"name\":\"bianca\",\"image\":{\"@type\":\"ImageObject\",\"inLanguage\":\"en-US\",\"@id\":\"https:\\\/\\\/secure.gravatar.com\\\/avatar\\\/66cd7b00d93410555e00d1e6a911a86de0cd0cfa4f83a2f8b47eddc2968c98af?s=96&d=mm&r=g\",\"url\":\"https:\\\/\\\/secure.gravatar.com\\\/avatar\\\/66cd7b00d93410555e00d1e6a911a86de0cd0cfa4f83a2f8b47eddc2968c98af?s=96&d=mm&r=g\",\"contentUrl\":\"https:\\\/\\\/secure.gravatar.com\\\/avatar\\\/66cd7b00d93410555e00d1e6a911a86de0cd0cfa4f83a2f8b47eddc2968c98af?s=96&d=mm&r=g\",\"caption\":\"bianca\"},\"url\":\"https:\\\/\\\/thefortune.one\\\/en\\\/author\\\/bianca\\\/\"}]}<\/script>\n<!-- \/ Yoast SEO plugin. -->","yoast_head_json":{"title":"Os pr\u00f3ximos passos para a privatiza\u00e7\u00e3o da Sabesp - The Fortune.one","description":"Somos especialistas em gest\u00e3o patrimonial, op\u00e7\u00f5es de investimentos para diversos perfis, nosso diferencial \u00e9 comprovado com resultados.","robots":{"index":"index","follow":"follow","max-snippet":"max-snippet:-1","max-image-preview":"max-image-preview:large","max-video-preview":"max-video-preview:-1"},"canonical":"https:\/\/thefortune.one\/en\/os-proximos-passos-para-a-privatizacao-da-sabesp\/","og_locale":"en_US","og_type":"article","og_title":"Os pr\u00f3ximos passos para a privatiza\u00e7\u00e3o da Sabesp - The Fortune.one","og_description":"Somos especialistas em gest\u00e3o patrimonial, op\u00e7\u00f5es de investimentos para diversos perfis, nosso diferencial \u00e9 comprovado com resultados.","og_url":"https:\/\/thefortune.one\/en\/os-proximos-passos-para-a-privatizacao-da-sabesp\/","og_site_name":"The Fortune.one","article_published_time":"2023-12-07T13:12:05+00:00","og_image":[{"width":1280,"height":720,"url":"https:\/\/thefortune.one\/wp-content\/uploads\/2023\/12\/sabesp.jpg","type":"image\/jpeg"}],"author":"bianca","twitter_card":"summary_large_image","twitter_misc":{"Written by":"bianca","Est. reading time":"2 minutes"},"schema":{"@context":"https:\/\/schema.org","@graph":[{"@type":"Article","@id":"https:\/\/thefortune.one\/pt\/os-proximos-passos-para-a-privatizacao-da-sabesp\/#article","isPartOf":{"@id":"https:\/\/thefortune.one\/pt\/os-proximos-passos-para-a-privatizacao-da-sabesp\/"},"author":{"name":"bianca","@id":"https:\/\/thefortune.one\/pt\/#\/schema\/person\/6cd8fe72a627d36caabf41815984a16f"},"headline":"Os pr\u00f3ximos passos para a privatiza\u00e7\u00e3o da Sabesp","datePublished":"2023-12-07T13:12:05+00:00","mainEntityOfPage":{"@id":"https:\/\/thefortune.one\/pt\/os-proximos-passos-para-a-privatizacao-da-sabesp\/"},"wordCount":449,"commentCount":0,"publisher":{"@id":"https:\/\/thefortune.one\/pt\/#organization"},"image":{"@id":"https:\/\/thefortune.one\/pt\/os-proximos-passos-para-a-privatizacao-da-sabesp\/#primaryimage"},"thumbnailUrl":"https:\/\/thefortune.one\/wp-content\/uploads\/2023\/12\/sabesp.jpg","articleSection":["The Fortune.one"],"inLanguage":"en-US","potentialAction":[{"@type":"CommentAction","name":"Comment","target":["https:\/\/thefortune.one\/pt\/os-proximos-passos-para-a-privatizacao-da-sabesp\/#respond"]}]},{"@type":"WebPage","@id":"https:\/\/thefortune.one\/pt\/os-proximos-passos-para-a-privatizacao-da-sabesp\/","url":"https:\/\/thefortune.one\/pt\/os-proximos-passos-para-a-privatizacao-da-sabesp\/","name":"Os pr\u00f3ximos passos para a privatiza\u00e7\u00e3o da Sabesp - The Fortune.one","isPartOf":{"@id":"https:\/\/thefortune.one\/pt\/#website"},"primaryImageOfPage":{"@id":"https:\/\/thefortune.one\/pt\/os-proximos-passos-para-a-privatizacao-da-sabesp\/#primaryimage"},"image":{"@id":"https:\/\/thefortune.one\/pt\/os-proximos-passos-para-a-privatizacao-da-sabesp\/#primaryimage"},"thumbnailUrl":"https:\/\/thefortune.one\/wp-content\/uploads\/2023\/12\/sabesp.jpg","datePublished":"2023-12-07T13:12:05+00:00","description":"Somos especialistas em gest\u00e3o patrimonial, op\u00e7\u00f5es de investimentos para diversos perfis, nosso diferencial \u00e9 comprovado com resultados.","breadcrumb":{"@id":"https:\/\/thefortune.one\/pt\/os-proximos-passos-para-a-privatizacao-da-sabesp\/#breadcrumb"},"inLanguage":"en-US","potentialAction":[{"@type":"ReadAction","target":["https:\/\/thefortune.one\/pt\/os-proximos-passos-para-a-privatizacao-da-sabesp\/"]}]},{"@type":"ImageObject","inLanguage":"en-US","@id":"https:\/\/thefortune.one\/pt\/os-proximos-passos-para-a-privatizacao-da-sabesp\/#primaryimage","url":"https:\/\/thefortune.one\/wp-content\/uploads\/2023\/12\/sabesp.jpg","contentUrl":"https:\/\/thefortune.one\/wp-content\/uploads\/2023\/12\/sabesp.jpg","width":1280,"height":720},{"@type":"BreadcrumbList","@id":"https:\/\/thefortune.one\/pt\/os-proximos-passos-para-a-privatizacao-da-sabesp\/#breadcrumb","itemListElement":[{"@type":"ListItem","position":1,"name":"In\u00edcio","item":"https:\/\/thefortune.one\/pt\/"},{"@type":"ListItem","position":2,"name":"Os pr\u00f3ximos passos para a privatiza\u00e7\u00e3o da Sabesp"}]},{"@type":"WebSite","@id":"https:\/\/thefortune.one\/pt\/#website","url":"https:\/\/thefortune.one\/pt\/","name":"The Fortune.one","description":"Gestora de Recursos Especializada em Private Equity","publisher":{"@id":"https:\/\/thefortune.one\/pt\/#organization"},"potentialAction":[{"@type":"SearchAction","target":{"@type":"EntryPoint","urlTemplate":"https:\/\/thefortune.one\/pt\/?s={search_term_string}"},"query-input":{"@type":"PropertyValueSpecification","valueRequired":true,"valueName":"search_term_string"}}],"inLanguage":"en-US"},{"@type":"Organization","@id":"https:\/\/thefortune.one\/pt\/#organization","name":"The Fortune One","url":"https:\/\/thefortune.one\/pt\/","logo":{"@type":"ImageObject","inLanguage":"en-US","@id":"https:\/\/thefortune.one\/pt\/#\/schema\/logo\/image\/","url":"https:\/\/thefortune.one\/wp-content\/uploads\/2022\/11\/cropped-cropped-1651682701199-1.jpg","contentUrl":"https:\/\/thefortune.one\/wp-content\/uploads\/2022\/11\/cropped-cropped-1651682701199-1.jpg","width":369,"height":421,"caption":"The Fortune One"},"image":{"@id":"https:\/\/thefortune.one\/pt\/#\/schema\/logo\/image\/"}},{"@type":"Person","@id":"https:\/\/thefortune.one\/pt\/#\/schema\/person\/6cd8fe72a627d36caabf41815984a16f","name":"bianca","image":{"@type":"ImageObject","inLanguage":"en-US","@id":"https:\/\/secure.gravatar.com\/avatar\/66cd7b00d93410555e00d1e6a911a86de0cd0cfa4f83a2f8b47eddc2968c98af?s=96&d=mm&r=g","url":"https:\/\/secure.gravatar.com\/avatar\/66cd7b00d93410555e00d1e6a911a86de0cd0cfa4f83a2f8b47eddc2968c98af?s=96&d=mm&r=g","contentUrl":"https:\/\/secure.gravatar.com\/avatar\/66cd7b00d93410555e00d1e6a911a86de0cd0cfa4f83a2f8b47eddc2968c98af?s=96&d=mm&r=g","caption":"bianca"},"url":"https:\/\/thefortune.one\/en\/author\/bianca\/"}]}},"_links":{"self":[{"href":"https:\/\/thefortune.one\/en\/wp-json\/wp\/v2\/posts\/4387","targetHints":{"allow":["GET"]}}],"collection":[{"href":"https:\/\/thefortune.one\/en\/wp-json\/wp\/v2\/posts"}],"about":[{"href":"https:\/\/thefortune.one\/en\/wp-json\/wp\/v2\/types\/post"}],"author":[{"embeddable":true,"href":"https:\/\/thefortune.one\/en\/wp-json\/wp\/v2\/users\/3"}],"replies":[{"embeddable":true,"href":"https:\/\/thefortune.one\/en\/wp-json\/wp\/v2\/comments?post=4387"}],"version-history":[{"count":1,"href":"https:\/\/thefortune.one\/en\/wp-json\/wp\/v2\/posts\/4387\/revisions"}],"predecessor-version":[{"id":4390,"href":"https:\/\/thefortune.one\/en\/wp-json\/wp\/v2\/posts\/4387\/revisions\/4390"}],"wp:featuredmedia":[{"embeddable":true,"href":"https:\/\/thefortune.one\/en\/wp-json\/wp\/v2\/media\/4389"}],"wp:attachment":[{"href":"https:\/\/thefortune.one\/en\/wp-json\/wp\/v2\/media?parent=4387"}],"wp:term":[{"taxonomy":"category","embeddable":true,"href":"https:\/\/thefortune.one\/en\/wp-json\/wp\/v2\/categories?post=4387"},{"taxonomy":"post_tag","embeddable":true,"href":"https:\/\/thefortune.one\/en\/wp-json\/wp\/v2\/tags?post=4387"}],"curies":[{"name":"wp","href":"https:\/\/api.w.org\/{rel}","templated":true}]}}