{"id":4371,"date":"2023-12-01T13:11:04","date_gmt":"2023-12-01T13:11:04","guid":{"rendered":"https:\/\/thefortune.one\/?p=4371"},"modified":"2023-12-01T13:11:04","modified_gmt":"2023-12-01T13:11:04","slug":"o-recado-de-lula-sobre-combustiveis-fosseis-apos-convite-da-opep","status":"publish","type":"post","link":"https:\/\/thefortune.one\/en\/o-recado-de-lula-sobre-combustiveis-fosseis-apos-convite-da-opep\/","title":{"rendered":"O recado de Lula sobre combust\u00edveis f\u00f3sseis ap\u00f3s convite da Opep+"},"content":{"rendered":"\n<p>Presidente discursou na COP 28 e, al\u00e9m das falas sobre petr\u00f3leo, disse que gastos com armas e guerras deveriam ser usados para combate \u00e0 desigualdade<\/p>\n\n\n\n<figure class=\"wp-block-image size-large\"><img fetchpriority=\"high\" decoding=\"async\" width=\"1024\" height=\"589\" src=\"https:\/\/thefortune.one\/wp-content\/uploads\/2023\/12\/image-1024x589.png\" alt=\"\" class=\"wp-image-4372\" srcset=\"https:\/\/thefortune.one\/wp-content\/uploads\/2023\/12\/image-1024x589.png 1024w, https:\/\/thefortune.one\/wp-content\/uploads\/2023\/12\/image-300x173.png 300w, https:\/\/thefortune.one\/wp-content\/uploads\/2023\/12\/image-768x442.png 768w, https:\/\/thefortune.one\/wp-content\/uploads\/2023\/12\/image-18x10.png 18w, https:\/\/thefortune.one\/wp-content\/uploads\/2023\/12\/image.png 1251w\" sizes=\"(max-width: 1024px) 100vw, 1024px\" \/><\/figure>\n\n\n\n<p>O presidente Luiz In\u00e1cio Lula da Silva\u00a0afirmou nesta sexta-feira, 1\u00ba, que as economias mundiais precisam enfrentar o debate sobre combust\u00edveis f\u00f3sseis e diminuir seu uso. A fala do presidente aconteceu na COP 28, nos Emirados \u00c1rabes Unidos, um dia ap\u00f3s o Brasil receber o convite da Organiza\u00e7\u00e3o dos Pa\u00edses Exportadores de Petr\u00f3leo e Aliados (Opep+) para se juntar ao grupo.\u00a0<\/p>\n\n\n\n<p>\u201cO mundo j\u00e1 est\u00e1 convencido do potencial das energias renov\u00e1veis. \u00c9 hora de enfrentar o debate sobre o ritmo lento da descarboniza\u00e7\u00e3o do planeta e trabalhar por uma economia menos dependente de combust\u00edveis f\u00f3sseis\u201d, afirmou. Na abertura do discurso, Lula chamou aten\u00e7\u00e3o para o aumento da temperatura global no planeta e eventos globais extremos, como a seca hist\u00f3rica na Amaz\u00f4nia e ciclones na regi\u00e3o sul do Brasil. \u201cA conta chegou antes\u201d, disse o presidente, ao afirmar que o planeta est\u00e1 \u201cfarto\u201d de acordos para o clima que s\u00e3o feitos e n\u00e3o cumpridos e reiterou que o Brasil est\u00e1 disposto a liderar , &#8220;pelo exemplo&#8221;.<\/p>\n\n\n\n<p>Na v\u00e9spera, o Brasil recebeu o convite para integrar a Opep+, a organiza\u00e7\u00e3o que controla os pre\u00e7os do petr\u00f3leo por meio de cartel de grandes produtores como Ar\u00e1bia Saudita, Ir\u00e3, Iraque, Emirados \u00c1rabe Unidos e Venezuela e outros pa\u00edses aliados, como M\u00e9xico e R\u00fassia. A organiza\u00e7\u00e3o, que usa aumento e produ\u00e7\u00e3o dos combust\u00edveis para controlar o valor da commodity no mercado internacional, tem uma vis\u00e3o diferente da defendida por Lula no discurso na COP, que \u00e9 a da continuidade do uso de combust\u00edveis f\u00f3sseis.<\/p>\n\n\n\n<p>Nesta sexta-feira, o presidente da Petrobras, Jean Paul Prates, afirmou \u00e0 ag\u00eancia Reuters que o Brasil dever\u00e1 ingressar no grupo de produtores de petr\u00f3leo Opep+. Segundo ele, o pa\u00eds deve ter um papel de coopera\u00e7\u00e3o e observa\u00e7\u00e3o das decis\u00f5es, mas sem participar do sistema de cotas de produ\u00e7\u00e3o.<\/p>\n\n\n\n<p>\u201cEles chamam outros pa\u00edses que n\u00e3o t\u00eam direito a voto e n\u00e3o s\u00e3o impostas cotas a esses pa\u00edses. Jamais participar\u00edamos de uma entidade que estabelecesse cota para o Brasil, ainda mais com o apoio da Petrobras que \u00e9 uma empresa aberta no mercado e n\u00e3o pode ter cota\u201d, afirmou o executivo.<\/p>\n\n\n\n<p>Discurso de Lula<br>Al\u00e9m da defesa do uso de energias renov\u00e1veis, e a evidente saia-justa que o pais se coloca ao aceitar ingressar na OPEP+, Lula disse em seu discurso que os gastos com armas e guerras deveriam ser usados contra fome e mudan\u00e7a clim\u00e1tica. \u201cQuantas toneladas de carbono s\u00e3o emitidas pelos m\u00edsseis que cruzam o c\u00e9u e desabam sobre civis inocentes, sobretudo crian\u00e7as e mulheres\u201d.<\/p>\n\n\n\n<p>O presidente disse ainda que \u201co mundo naturalizou disparidades inaceit\u00e1veis de renda, de g\u00eanero e de ra\u00e7a e que n\u00e3o \u00e9 poss\u00edvel enfrentar a mudan\u00e7a do clima sem combater a desigualdade\u201d.<\/p>\n\n\n\n<p>ONU<\/p>\n\n\n\n<p>Na fala, Lula ainda criticou a postura da ONU sobre a incapacidade de manter a paz, \u201csimplesmente porque alguns dos seus membros lucram com a guerra\u201d.\u00a0A Organiza\u00e7\u00e3o das Na\u00e7\u00f5es Unidas tem, a R\u00fassia,Ucr\u00e2nia e Israel como pa\u00edses-membros, por exemplo. \u201cGovernantes n\u00e3o podem ser eximidos suas responsabilidades. Nenhum pa\u00eds resolver\u00e1 seus problemas sozinho. Estamos todos obrigados a atuar juntos, al\u00e9m de nossas fronteiras. O Brasil est\u00e1 disposto a liderar pelo exemplo. Ajustamos nossas metas que s\u00e3o hoje mais ambiciosas do que a de muitos pa\u00edses desenvolvidos\u201d, disse.<\/p>\n\n\n\n<p>Fonte:https:\/\/veja.abril.com.br\/economia\/o-recado-de-lula-sobre-combustiveis-fosseis-apos-convite-da-opep\/<\/p>\n\n\n\n<p><\/p>\n\n\n\n<p><\/p>\n\n\n\n<p><\/p>\n\n\n\n<p><\/p>\n\n\n\n<p><\/p>\n\n\n\n<p><\/p>\n\n\n\n<p><\/p>\n\n\n\n<p><\/p>\n\n\n\n<p><\/p>\n\n\n\n<p><\/p>\n\n\n\n<p><\/p>\n\n\n\n<p><\/p>\n\n\n\n<p><\/p>\n\n\n\n<p><\/p>\n\n\n\n<p><\/p>\n\n\n\n<p><\/p>\n\n\n\n<p><\/p>\n","protected":false},"excerpt":{"rendered":"<p>Presidente discursou na COP 28 e, al\u00e9m das falas sobre petr\u00f3leo, disse que gastos com armas e guerras deveriam ser usados para combate \u00e0 desigualdade O presidente Luiz In\u00e1cio Lula da Silva\u00a0afirmou nesta sexta-feira, 1\u00ba, que as economias mundiais precisam enfrentar o debate sobre combust\u00edveis f\u00f3sseis e diminuir seu uso. A fala do presidente aconteceu [&hellip;]<\/p>\n","protected":false},"author":3,"featured_media":4373,"comment_status":"open","ping_status":"open","sticky":false,"template":"","format":"standard","meta":{"_joinchat":[],"footnotes":""},"categories":[1],"tags":[],"class_list":["post-4371","post","type-post","status-publish","format-standard","has-post-thumbnail","hentry","category-the-fortune-one"],"yoast_head":"<!-- This site is optimized with the Yoast SEO plugin v27.5 - https:\/\/yoast.com\/product\/yoast-seo-wordpress\/ -->\n<title>O recado de Lula sobre combust\u00edveis f\u00f3sseis ap\u00f3s convite da Opep+ - The Fortune.one<\/title>\n<meta name=\"description\" content=\"Somos especialistas em gest\u00e3o patrimonial, op\u00e7\u00f5es de investimentos para diversos perfis, nosso diferencial \u00e9 comprovado com resultados.\" \/>\n<meta name=\"robots\" content=\"index, follow, max-snippet:-1, max-image-preview:large, max-video-preview:-1\" \/>\n<link rel=\"canonical\" href=\"https:\/\/thefortune.one\/en\/o-recado-de-lula-sobre-combustiveis-fosseis-apos-convite-da-opep\/\" \/>\n<meta property=\"og:locale\" content=\"en_US\" \/>\n<meta property=\"og:type\" content=\"article\" \/>\n<meta property=\"og:title\" content=\"O recado de Lula sobre combust\u00edveis f\u00f3sseis ap\u00f3s convite da Opep+ - The Fortune.one\" \/>\n<meta property=\"og:description\" content=\"Somos especialistas em gest\u00e3o patrimonial, op\u00e7\u00f5es de investimentos para diversos perfis, nosso diferencial \u00e9 comprovado com resultados.\" \/>\n<meta property=\"og:url\" content=\"https:\/\/thefortune.one\/en\/o-recado-de-lula-sobre-combustiveis-fosseis-apos-convite-da-opep\/\" \/>\n<meta property=\"og:site_name\" content=\"The Fortune.one\" \/>\n<meta property=\"article:published_time\" content=\"2023-12-01T13:11:04+00:00\" \/>\n<meta property=\"og:image\" content=\"https:\/\/thefortune.one\/wp-content\/uploads\/2023\/12\/onu.png\" \/>\n\t<meta property=\"og:image:width\" content=\"1251\" \/>\n\t<meta property=\"og:image:height\" content=\"720\" \/>\n\t<meta property=\"og:image:type\" content=\"image\/png\" \/>\n<meta name=\"author\" content=\"bianca\" \/>\n<meta name=\"twitter:card\" content=\"summary_large_image\" \/>\n<meta name=\"twitter:label1\" content=\"Written by\" \/>\n\t<meta name=\"twitter:data1\" content=\"bianca\" \/>\n\t<meta name=\"twitter:label2\" content=\"Est. reading time\" \/>\n\t<meta name=\"twitter:data2\" content=\"3 minutes\" \/>\n<script type=\"application\/ld+json\" class=\"yoast-schema-graph\">{\"@context\":\"https:\\\/\\\/schema.org\",\"@graph\":[{\"@type\":\"Article\",\"@id\":\"https:\\\/\\\/thefortune.one\\\/pt\\\/o-recado-de-lula-sobre-combustiveis-fosseis-apos-convite-da-opep\\\/#article\",\"isPartOf\":{\"@id\":\"https:\\\/\\\/thefortune.one\\\/pt\\\/o-recado-de-lula-sobre-combustiveis-fosseis-apos-convite-da-opep\\\/\"},\"author\":{\"name\":\"bianca\",\"@id\":\"https:\\\/\\\/thefortune.one\\\/pt\\\/#\\\/schema\\\/person\\\/6cd8fe72a627d36caabf41815984a16f\"},\"headline\":\"O recado de Lula sobre combust\u00edveis f\u00f3sseis ap\u00f3s convite da Opep+\",\"datePublished\":\"2023-12-01T13:11:04+00:00\",\"mainEntityOfPage\":{\"@id\":\"https:\\\/\\\/thefortune.one\\\/pt\\\/o-recado-de-lula-sobre-combustiveis-fosseis-apos-convite-da-opep\\\/\"},\"wordCount\":642,\"commentCount\":0,\"publisher\":{\"@id\":\"https:\\\/\\\/thefortune.one\\\/pt\\\/#organization\"},\"image\":{\"@id\":\"https:\\\/\\\/thefortune.one\\\/pt\\\/o-recado-de-lula-sobre-combustiveis-fosseis-apos-convite-da-opep\\\/#primaryimage\"},\"thumbnailUrl\":\"https:\\\/\\\/thefortune.one\\\/wp-content\\\/uploads\\\/2023\\\/12\\\/onu.png\",\"articleSection\":[\"The Fortune.one\"],\"inLanguage\":\"en-US\",\"potentialAction\":[{\"@type\":\"CommentAction\",\"name\":\"Comment\",\"target\":[\"https:\\\/\\\/thefortune.one\\\/pt\\\/o-recado-de-lula-sobre-combustiveis-fosseis-apos-convite-da-opep\\\/#respond\"]}]},{\"@type\":\"WebPage\",\"@id\":\"https:\\\/\\\/thefortune.one\\\/pt\\\/o-recado-de-lula-sobre-combustiveis-fosseis-apos-convite-da-opep\\\/\",\"url\":\"https:\\\/\\\/thefortune.one\\\/pt\\\/o-recado-de-lula-sobre-combustiveis-fosseis-apos-convite-da-opep\\\/\",\"name\":\"O recado de Lula sobre combust\u00edveis f\u00f3sseis ap\u00f3s convite da Opep+ - The Fortune.one\",\"isPartOf\":{\"@id\":\"https:\\\/\\\/thefortune.one\\\/pt\\\/#website\"},\"primaryImageOfPage\":{\"@id\":\"https:\\\/\\\/thefortune.one\\\/pt\\\/o-recado-de-lula-sobre-combustiveis-fosseis-apos-convite-da-opep\\\/#primaryimage\"},\"image\":{\"@id\":\"https:\\\/\\\/thefortune.one\\\/pt\\\/o-recado-de-lula-sobre-combustiveis-fosseis-apos-convite-da-opep\\\/#primaryimage\"},\"thumbnailUrl\":\"https:\\\/\\\/thefortune.one\\\/wp-content\\\/uploads\\\/2023\\\/12\\\/onu.png\",\"datePublished\":\"2023-12-01T13:11:04+00:00\",\"description\":\"Somos especialistas em gest\u00e3o patrimonial, op\u00e7\u00f5es de investimentos para diversos perfis, nosso diferencial \u00e9 comprovado com resultados.\",\"breadcrumb\":{\"@id\":\"https:\\\/\\\/thefortune.one\\\/pt\\\/o-recado-de-lula-sobre-combustiveis-fosseis-apos-convite-da-opep\\\/#breadcrumb\"},\"inLanguage\":\"en-US\",\"potentialAction\":[{\"@type\":\"ReadAction\",\"target\":[\"https:\\\/\\\/thefortune.one\\\/pt\\\/o-recado-de-lula-sobre-combustiveis-fosseis-apos-convite-da-opep\\\/\"]}]},{\"@type\":\"ImageObject\",\"inLanguage\":\"en-US\",\"@id\":\"https:\\\/\\\/thefortune.one\\\/pt\\\/o-recado-de-lula-sobre-combustiveis-fosseis-apos-convite-da-opep\\\/#primaryimage\",\"url\":\"https:\\\/\\\/thefortune.one\\\/wp-content\\\/uploads\\\/2023\\\/12\\\/onu.png\",\"contentUrl\":\"https:\\\/\\\/thefortune.one\\\/wp-content\\\/uploads\\\/2023\\\/12\\\/onu.png\",\"width\":1251,\"height\":720},{\"@type\":\"BreadcrumbList\",\"@id\":\"https:\\\/\\\/thefortune.one\\\/pt\\\/o-recado-de-lula-sobre-combustiveis-fosseis-apos-convite-da-opep\\\/#breadcrumb\",\"itemListElement\":[{\"@type\":\"ListItem\",\"position\":1,\"name\":\"In\u00edcio\",\"item\":\"https:\\\/\\\/thefortune.one\\\/pt\\\/\"},{\"@type\":\"ListItem\",\"position\":2,\"name\":\"O recado de Lula sobre combust\u00edveis f\u00f3sseis ap\u00f3s convite da Opep+\"}]},{\"@type\":\"WebSite\",\"@id\":\"https:\\\/\\\/thefortune.one\\\/pt\\\/#website\",\"url\":\"https:\\\/\\\/thefortune.one\\\/pt\\\/\",\"name\":\"The Fortune.one\",\"description\":\"Gestora de Recursos Especializada em Private Equity\",\"publisher\":{\"@id\":\"https:\\\/\\\/thefortune.one\\\/pt\\\/#organization\"},\"potentialAction\":[{\"@type\":\"SearchAction\",\"target\":{\"@type\":\"EntryPoint\",\"urlTemplate\":\"https:\\\/\\\/thefortune.one\\\/pt\\\/?s={search_term_string}\"},\"query-input\":{\"@type\":\"PropertyValueSpecification\",\"valueRequired\":true,\"valueName\":\"search_term_string\"}}],\"inLanguage\":\"en-US\"},{\"@type\":\"Organization\",\"@id\":\"https:\\\/\\\/thefortune.one\\\/pt\\\/#organization\",\"name\":\"The Fortune One\",\"url\":\"https:\\\/\\\/thefortune.one\\\/pt\\\/\",\"logo\":{\"@type\":\"ImageObject\",\"inLanguage\":\"en-US\",\"@id\":\"https:\\\/\\\/thefortune.one\\\/pt\\\/#\\\/schema\\\/logo\\\/image\\\/\",\"url\":\"https:\\\/\\\/thefortune.one\\\/wp-content\\\/uploads\\\/2022\\\/11\\\/cropped-cropped-1651682701199-1.jpg\",\"contentUrl\":\"https:\\\/\\\/thefortune.one\\\/wp-content\\\/uploads\\\/2022\\\/11\\\/cropped-cropped-1651682701199-1.jpg\",\"width\":369,\"height\":421,\"caption\":\"The Fortune One\"},\"image\":{\"@id\":\"https:\\\/\\\/thefortune.one\\\/pt\\\/#\\\/schema\\\/logo\\\/image\\\/\"}},{\"@type\":\"Person\",\"@id\":\"https:\\\/\\\/thefortune.one\\\/pt\\\/#\\\/schema\\\/person\\\/6cd8fe72a627d36caabf41815984a16f\",\"name\":\"bianca\",\"image\":{\"@type\":\"ImageObject\",\"inLanguage\":\"en-US\",\"@id\":\"https:\\\/\\\/secure.gravatar.com\\\/avatar\\\/66cd7b00d93410555e00d1e6a911a86de0cd0cfa4f83a2f8b47eddc2968c98af?s=96&d=mm&r=g\",\"url\":\"https:\\\/\\\/secure.gravatar.com\\\/avatar\\\/66cd7b00d93410555e00d1e6a911a86de0cd0cfa4f83a2f8b47eddc2968c98af?s=96&d=mm&r=g\",\"contentUrl\":\"https:\\\/\\\/secure.gravatar.com\\\/avatar\\\/66cd7b00d93410555e00d1e6a911a86de0cd0cfa4f83a2f8b47eddc2968c98af?s=96&d=mm&r=g\",\"caption\":\"bianca\"},\"url\":\"https:\\\/\\\/thefortune.one\\\/en\\\/author\\\/bianca\\\/\"}]}<\/script>\n<!-- \/ Yoast SEO plugin. -->","yoast_head_json":{"title":"O recado de Lula sobre combust\u00edveis f\u00f3sseis ap\u00f3s convite da Opep+ - The Fortune.one","description":"Somos especialistas em gest\u00e3o patrimonial, op\u00e7\u00f5es de investimentos para diversos perfis, nosso diferencial \u00e9 comprovado com resultados.","robots":{"index":"index","follow":"follow","max-snippet":"max-snippet:-1","max-image-preview":"max-image-preview:large","max-video-preview":"max-video-preview:-1"},"canonical":"https:\/\/thefortune.one\/en\/o-recado-de-lula-sobre-combustiveis-fosseis-apos-convite-da-opep\/","og_locale":"en_US","og_type":"article","og_title":"O recado de Lula sobre combust\u00edveis f\u00f3sseis ap\u00f3s convite da Opep+ - The Fortune.one","og_description":"Somos especialistas em gest\u00e3o patrimonial, op\u00e7\u00f5es de investimentos para diversos perfis, nosso diferencial \u00e9 comprovado com resultados.","og_url":"https:\/\/thefortune.one\/en\/o-recado-de-lula-sobre-combustiveis-fosseis-apos-convite-da-opep\/","og_site_name":"The Fortune.one","article_published_time":"2023-12-01T13:11:04+00:00","og_image":[{"width":1251,"height":720,"url":"https:\/\/thefortune.one\/wp-content\/uploads\/2023\/12\/onu.png","type":"image\/png"}],"author":"bianca","twitter_card":"summary_large_image","twitter_misc":{"Written by":"bianca","Est. reading time":"3 minutes"},"schema":{"@context":"https:\/\/schema.org","@graph":[{"@type":"Article","@id":"https:\/\/thefortune.one\/pt\/o-recado-de-lula-sobre-combustiveis-fosseis-apos-convite-da-opep\/#article","isPartOf":{"@id":"https:\/\/thefortune.one\/pt\/o-recado-de-lula-sobre-combustiveis-fosseis-apos-convite-da-opep\/"},"author":{"name":"bianca","@id":"https:\/\/thefortune.one\/pt\/#\/schema\/person\/6cd8fe72a627d36caabf41815984a16f"},"headline":"O recado de Lula sobre combust\u00edveis f\u00f3sseis ap\u00f3s convite da Opep+","datePublished":"2023-12-01T13:11:04+00:00","mainEntityOfPage":{"@id":"https:\/\/thefortune.one\/pt\/o-recado-de-lula-sobre-combustiveis-fosseis-apos-convite-da-opep\/"},"wordCount":642,"commentCount":0,"publisher":{"@id":"https:\/\/thefortune.one\/pt\/#organization"},"image":{"@id":"https:\/\/thefortune.one\/pt\/o-recado-de-lula-sobre-combustiveis-fosseis-apos-convite-da-opep\/#primaryimage"},"thumbnailUrl":"https:\/\/thefortune.one\/wp-content\/uploads\/2023\/12\/onu.png","articleSection":["The Fortune.one"],"inLanguage":"en-US","potentialAction":[{"@type":"CommentAction","name":"Comment","target":["https:\/\/thefortune.one\/pt\/o-recado-de-lula-sobre-combustiveis-fosseis-apos-convite-da-opep\/#respond"]}]},{"@type":"WebPage","@id":"https:\/\/thefortune.one\/pt\/o-recado-de-lula-sobre-combustiveis-fosseis-apos-convite-da-opep\/","url":"https:\/\/thefortune.one\/pt\/o-recado-de-lula-sobre-combustiveis-fosseis-apos-convite-da-opep\/","name":"O recado de Lula sobre combust\u00edveis f\u00f3sseis ap\u00f3s convite da Opep+ - The Fortune.one","isPartOf":{"@id":"https:\/\/thefortune.one\/pt\/#website"},"primaryImageOfPage":{"@id":"https:\/\/thefortune.one\/pt\/o-recado-de-lula-sobre-combustiveis-fosseis-apos-convite-da-opep\/#primaryimage"},"image":{"@id":"https:\/\/thefortune.one\/pt\/o-recado-de-lula-sobre-combustiveis-fosseis-apos-convite-da-opep\/#primaryimage"},"thumbnailUrl":"https:\/\/thefortune.one\/wp-content\/uploads\/2023\/12\/onu.png","datePublished":"2023-12-01T13:11:04+00:00","description":"Somos especialistas em gest\u00e3o patrimonial, op\u00e7\u00f5es de investimentos para diversos perfis, nosso diferencial \u00e9 comprovado com resultados.","breadcrumb":{"@id":"https:\/\/thefortune.one\/pt\/o-recado-de-lula-sobre-combustiveis-fosseis-apos-convite-da-opep\/#breadcrumb"},"inLanguage":"en-US","potentialAction":[{"@type":"ReadAction","target":["https:\/\/thefortune.one\/pt\/o-recado-de-lula-sobre-combustiveis-fosseis-apos-convite-da-opep\/"]}]},{"@type":"ImageObject","inLanguage":"en-US","@id":"https:\/\/thefortune.one\/pt\/o-recado-de-lula-sobre-combustiveis-fosseis-apos-convite-da-opep\/#primaryimage","url":"https:\/\/thefortune.one\/wp-content\/uploads\/2023\/12\/onu.png","contentUrl":"https:\/\/thefortune.one\/wp-content\/uploads\/2023\/12\/onu.png","width":1251,"height":720},{"@type":"BreadcrumbList","@id":"https:\/\/thefortune.one\/pt\/o-recado-de-lula-sobre-combustiveis-fosseis-apos-convite-da-opep\/#breadcrumb","itemListElement":[{"@type":"ListItem","position":1,"name":"In\u00edcio","item":"https:\/\/thefortune.one\/pt\/"},{"@type":"ListItem","position":2,"name":"O recado de Lula sobre combust\u00edveis f\u00f3sseis ap\u00f3s convite da Opep+"}]},{"@type":"WebSite","@id":"https:\/\/thefortune.one\/pt\/#website","url":"https:\/\/thefortune.one\/pt\/","name":"The Fortune.one","description":"Gestora de Recursos Especializada em Private Equity","publisher":{"@id":"https:\/\/thefortune.one\/pt\/#organization"},"potentialAction":[{"@type":"SearchAction","target":{"@type":"EntryPoint","urlTemplate":"https:\/\/thefortune.one\/pt\/?s={search_term_string}"},"query-input":{"@type":"PropertyValueSpecification","valueRequired":true,"valueName":"search_term_string"}}],"inLanguage":"en-US"},{"@type":"Organization","@id":"https:\/\/thefortune.one\/pt\/#organization","name":"The Fortune One","url":"https:\/\/thefortune.one\/pt\/","logo":{"@type":"ImageObject","inLanguage":"en-US","@id":"https:\/\/thefortune.one\/pt\/#\/schema\/logo\/image\/","url":"https:\/\/thefortune.one\/wp-content\/uploads\/2022\/11\/cropped-cropped-1651682701199-1.jpg","contentUrl":"https:\/\/thefortune.one\/wp-content\/uploads\/2022\/11\/cropped-cropped-1651682701199-1.jpg","width":369,"height":421,"caption":"The Fortune One"},"image":{"@id":"https:\/\/thefortune.one\/pt\/#\/schema\/logo\/image\/"}},{"@type":"Person","@id":"https:\/\/thefortune.one\/pt\/#\/schema\/person\/6cd8fe72a627d36caabf41815984a16f","name":"bianca","image":{"@type":"ImageObject","inLanguage":"en-US","@id":"https:\/\/secure.gravatar.com\/avatar\/66cd7b00d93410555e00d1e6a911a86de0cd0cfa4f83a2f8b47eddc2968c98af?s=96&d=mm&r=g","url":"https:\/\/secure.gravatar.com\/avatar\/66cd7b00d93410555e00d1e6a911a86de0cd0cfa4f83a2f8b47eddc2968c98af?s=96&d=mm&r=g","contentUrl":"https:\/\/secure.gravatar.com\/avatar\/66cd7b00d93410555e00d1e6a911a86de0cd0cfa4f83a2f8b47eddc2968c98af?s=96&d=mm&r=g","caption":"bianca"},"url":"https:\/\/thefortune.one\/en\/author\/bianca\/"}]}},"_links":{"self":[{"href":"https:\/\/thefortune.one\/en\/wp-json\/wp\/v2\/posts\/4371","targetHints":{"allow":["GET"]}}],"collection":[{"href":"https:\/\/thefortune.one\/en\/wp-json\/wp\/v2\/posts"}],"about":[{"href":"https:\/\/thefortune.one\/en\/wp-json\/wp\/v2\/types\/post"}],"author":[{"embeddable":true,"href":"https:\/\/thefortune.one\/en\/wp-json\/wp\/v2\/users\/3"}],"replies":[{"embeddable":true,"href":"https:\/\/thefortune.one\/en\/wp-json\/wp\/v2\/comments?post=4371"}],"version-history":[{"count":1,"href":"https:\/\/thefortune.one\/en\/wp-json\/wp\/v2\/posts\/4371\/revisions"}],"predecessor-version":[{"id":4374,"href":"https:\/\/thefortune.one\/en\/wp-json\/wp\/v2\/posts\/4371\/revisions\/4374"}],"wp:featuredmedia":[{"embeddable":true,"href":"https:\/\/thefortune.one\/en\/wp-json\/wp\/v2\/media\/4373"}],"wp:attachment":[{"href":"https:\/\/thefortune.one\/en\/wp-json\/wp\/v2\/media?parent=4371"}],"wp:term":[{"taxonomy":"category","embeddable":true,"href":"https:\/\/thefortune.one\/en\/wp-json\/wp\/v2\/categories?post=4371"},{"taxonomy":"post_tag","embeddable":true,"href":"https:\/\/thefortune.one\/en\/wp-json\/wp\/v2\/tags?post=4371"}],"curies":[{"name":"wp","href":"https:\/\/api.w.org\/{rel}","templated":true}]}}