{"id":4317,"date":"2023-11-14T12:49:56","date_gmt":"2023-11-14T12:49:56","guid":{"rendered":"https:\/\/thefortune.one\/?p=4317"},"modified":"2023-11-14T12:49:56","modified_gmt":"2023-11-14T12:49:56","slug":"pib-da-zona-do-euro-cai-01-no-3-trimestre-em-relacao-ao-trimestre-anterior","status":"publish","type":"post","link":"https:\/\/thefortune.one\/en\/pib-da-zona-do-euro-cai-01-no-3-trimestre-em-relacao-ao-trimestre-anterior\/","title":{"rendered":"PIB da zona do euro cai 0,1% no 3\u00b0 trimestre em rela\u00e7\u00e3o ao trimestre anterior"},"content":{"rendered":"\n<p>No segundo trimestre, o PIB havia crescido 0,2% na \u00e1rea da moeda comum; na UE, a economia ficou est\u00e1vel na mesma compara\u00e7\u00e3o<\/p>\n\n\n\n<figure class=\"wp-block-image\"><img decoding=\"async\" src=\"https:\/\/www.infomoney.com.br\/wp-content\/uploads\/2021\/03\/christian-lue-8Yw6tsB8tnc-unsplash.jpg?resize=916%2C515&amp;quality=70&amp;strip=all\" alt=\"\" \/><\/figure>\n\n\n\n<p>O Produto Interno Bruto (PIB) da zona do euro caiu 0,1% no terceiro trimestre em rela\u00e7\u00e3o ao trimestre anterior e ficou est\u00e1vel na Uni\u00e3o Europeia, de acordo com dados provis\u00f3rios e j\u00e1 com ajustes sazonais divulgados nesta ter\u00e7a-feira (14) pelo Eurostat, o servi\u00e7o de estat\u00edstica da UE. No segundo trimestre, o PIB havia crescido 0,2% na \u00e1rea da moeda comum e tamb\u00e9m tinha permanecido est\u00e1vel na UE.<\/p>\n\n\n\n<p>Na compara\u00e7\u00e3o com o terceiro trimestre do ano passado, a atividade econ\u00f4mica cresceu 0,1% tanto na zona do euro como na Uni\u00e3o Europeia.<\/p>\n\n\n\n<p>Tanto as leituras do PIB ante o trimestre anterior quanto as compara\u00e7\u00f5es com o mesmo per\u00edodo do ano passado vieram em linhas com as proje\u00e7\u00f5es de analistas.<\/p>\n\n\n\n<h2 class=\"wp-block-heading\">Emprego<\/h2>\n\n\n\n<p>O n\u00famero de pessoas empregadas aumentou 0,3% na zona do euro e 0,2% na UE no terceiro trimestre de 2023, em compara\u00e7\u00e3o com o trimestre anterior. No segundo trimestre de 2023, o emprego tamb\u00e9m havia aumentado 0,1% em ambas as leituras.<\/p>\n\n\n\n<p>Em compara\u00e7\u00e3o com o mesmo trimestre do ano anterior, o emprego aumentou 1,4% na \u00e1rea do euro e 1,3% na UE no terceiro trimestre, ap\u00f3s alta de +1,3% na \u00e1rea da moeda comum e de &nbsp;+1,1% na UE no segundo trimestre de 2023.<\/p>\n\n\n\n<p>\u200bFonte:https:\/\/www.infomoney.com.br\/economia\/pib-da-zona-do-euro-cai-01-no-3-trimestre-em-relacao-ao-trimestre-anterior\/<\/p>\n","protected":false},"excerpt":{"rendered":"<p>No segundo trimestre, o PIB havia crescido 0,2% na \u00e1rea da moeda comum; na UE, a economia ficou est\u00e1vel na mesma compara\u00e7\u00e3o O Produto Interno Bruto (PIB) da zona do euro caiu 0,1% no terceiro trimestre em rela\u00e7\u00e3o ao trimestre anterior e ficou est\u00e1vel na Uni\u00e3o Europeia, de acordo com dados provis\u00f3rios e j\u00e1 com [&hellip;]<\/p>\n","protected":false},"author":3,"featured_media":4318,"comment_status":"open","ping_status":"open","sticky":false,"template":"","format":"standard","meta":{"_joinchat":[],"footnotes":""},"categories":[1],"tags":[],"class_list":["post-4317","post","type-post","status-publish","format-standard","has-post-thumbnail","hentry","category-the-fortune-one"],"yoast_head":"<!-- This site is optimized with the Yoast SEO plugin v27.5 - https:\/\/yoast.com\/product\/yoast-seo-wordpress\/ -->\n<title>PIB da zona do euro cai 0,1% no 3\u00b0 trimestre em rela\u00e7\u00e3o ao trimestre anterior - The Fortune.one<\/title>\n<meta name=\"description\" content=\"Somos especialistas em gest\u00e3o patrimonial, op\u00e7\u00f5es de investimentos para diversos perfis, nosso diferencial \u00e9 comprovado com resultados.\" \/>\n<meta name=\"robots\" content=\"index, follow, max-snippet:-1, max-image-preview:large, max-video-preview:-1\" \/>\n<link rel=\"canonical\" href=\"https:\/\/thefortune.one\/en\/pib-da-zona-do-euro-cai-01-no-3-trimestre-em-relacao-ao-trimestre-anterior\/\" \/>\n<meta property=\"og:locale\" content=\"en_US\" \/>\n<meta property=\"og:type\" content=\"article\" \/>\n<meta property=\"og:title\" content=\"PIB da zona do euro cai 0,1% no 3\u00b0 trimestre em rela\u00e7\u00e3o ao trimestre anterior - The Fortune.one\" \/>\n<meta property=\"og:description\" content=\"Somos especialistas em gest\u00e3o patrimonial, op\u00e7\u00f5es de investimentos para diversos perfis, nosso diferencial \u00e9 comprovado com resultados.\" \/>\n<meta property=\"og:url\" content=\"https:\/\/thefortune.one\/en\/pib-da-zona-do-euro-cai-01-no-3-trimestre-em-relacao-ao-trimestre-anterior\/\" \/>\n<meta property=\"og:site_name\" content=\"The Fortune.one\" \/>\n<meta property=\"article:published_time\" content=\"2023-11-14T12:49:56+00:00\" \/>\n<meta property=\"og:image\" content=\"https:\/\/thefortune.one\/wp-content\/uploads\/2023\/11\/bandeira-euro.jpg\" \/>\n\t<meta property=\"og:image:width\" content=\"916\" \/>\n\t<meta property=\"og:image:height\" content=\"515\" \/>\n\t<meta property=\"og:image:type\" content=\"image\/jpeg\" \/>\n<meta name=\"author\" content=\"bianca\" \/>\n<meta name=\"twitter:card\" content=\"summary_large_image\" \/>\n<meta name=\"twitter:label1\" content=\"Written by\" \/>\n\t<meta name=\"twitter:data1\" content=\"bianca\" \/>\n\t<meta name=\"twitter:label2\" content=\"Est. reading time\" \/>\n\t<meta name=\"twitter:data2\" content=\"1 minute\" \/>\n<script type=\"application\/ld+json\" class=\"yoast-schema-graph\">{\"@context\":\"https:\\\/\\\/schema.org\",\"@graph\":[{\"@type\":\"Article\",\"@id\":\"https:\\\/\\\/thefortune.one\\\/pt\\\/pib-da-zona-do-euro-cai-01-no-3-trimestre-em-relacao-ao-trimestre-anterior\\\/#article\",\"isPartOf\":{\"@id\":\"https:\\\/\\\/thefortune.one\\\/pt\\\/pib-da-zona-do-euro-cai-01-no-3-trimestre-em-relacao-ao-trimestre-anterior\\\/\"},\"author\":{\"name\":\"bianca\",\"@id\":\"https:\\\/\\\/thefortune.one\\\/pt\\\/#\\\/schema\\\/person\\\/6cd8fe72a627d36caabf41815984a16f\"},\"headline\":\"PIB da zona do euro cai 0,1% no 3\u00b0 trimestre em rela\u00e7\u00e3o ao trimestre anterior\",\"datePublished\":\"2023-11-14T12:49:56+00:00\",\"mainEntityOfPage\":{\"@id\":\"https:\\\/\\\/thefortune.one\\\/pt\\\/pib-da-zona-do-euro-cai-01-no-3-trimestre-em-relacao-ao-trimestre-anterior\\\/\"},\"wordCount\":256,\"commentCount\":0,\"publisher\":{\"@id\":\"https:\\\/\\\/thefortune.one\\\/pt\\\/#organization\"},\"image\":{\"@id\":\"https:\\\/\\\/thefortune.one\\\/pt\\\/pib-da-zona-do-euro-cai-01-no-3-trimestre-em-relacao-ao-trimestre-anterior\\\/#primaryimage\"},\"thumbnailUrl\":\"https:\\\/\\\/thefortune.one\\\/wp-content\\\/uploads\\\/2023\\\/11\\\/bandeira-euro.jpg\",\"articleSection\":[\"The Fortune.one\"],\"inLanguage\":\"en-US\",\"potentialAction\":[{\"@type\":\"CommentAction\",\"name\":\"Comment\",\"target\":[\"https:\\\/\\\/thefortune.one\\\/pt\\\/pib-da-zona-do-euro-cai-01-no-3-trimestre-em-relacao-ao-trimestre-anterior\\\/#respond\"]}]},{\"@type\":\"WebPage\",\"@id\":\"https:\\\/\\\/thefortune.one\\\/pt\\\/pib-da-zona-do-euro-cai-01-no-3-trimestre-em-relacao-ao-trimestre-anterior\\\/\",\"url\":\"https:\\\/\\\/thefortune.one\\\/pt\\\/pib-da-zona-do-euro-cai-01-no-3-trimestre-em-relacao-ao-trimestre-anterior\\\/\",\"name\":\"PIB da zona do euro cai 0,1% no 3\u00b0 trimestre em rela\u00e7\u00e3o ao trimestre anterior - The Fortune.one\",\"isPartOf\":{\"@id\":\"https:\\\/\\\/thefortune.one\\\/pt\\\/#website\"},\"primaryImageOfPage\":{\"@id\":\"https:\\\/\\\/thefortune.one\\\/pt\\\/pib-da-zona-do-euro-cai-01-no-3-trimestre-em-relacao-ao-trimestre-anterior\\\/#primaryimage\"},\"image\":{\"@id\":\"https:\\\/\\\/thefortune.one\\\/pt\\\/pib-da-zona-do-euro-cai-01-no-3-trimestre-em-relacao-ao-trimestre-anterior\\\/#primaryimage\"},\"thumbnailUrl\":\"https:\\\/\\\/thefortune.one\\\/wp-content\\\/uploads\\\/2023\\\/11\\\/bandeira-euro.jpg\",\"datePublished\":\"2023-11-14T12:49:56+00:00\",\"description\":\"Somos especialistas em gest\u00e3o patrimonial, op\u00e7\u00f5es de investimentos para diversos perfis, nosso diferencial \u00e9 comprovado com resultados.\",\"breadcrumb\":{\"@id\":\"https:\\\/\\\/thefortune.one\\\/pt\\\/pib-da-zona-do-euro-cai-01-no-3-trimestre-em-relacao-ao-trimestre-anterior\\\/#breadcrumb\"},\"inLanguage\":\"en-US\",\"potentialAction\":[{\"@type\":\"ReadAction\",\"target\":[\"https:\\\/\\\/thefortune.one\\\/pt\\\/pib-da-zona-do-euro-cai-01-no-3-trimestre-em-relacao-ao-trimestre-anterior\\\/\"]}]},{\"@type\":\"ImageObject\",\"inLanguage\":\"en-US\",\"@id\":\"https:\\\/\\\/thefortune.one\\\/pt\\\/pib-da-zona-do-euro-cai-01-no-3-trimestre-em-relacao-ao-trimestre-anterior\\\/#primaryimage\",\"url\":\"https:\\\/\\\/thefortune.one\\\/wp-content\\\/uploads\\\/2023\\\/11\\\/bandeira-euro.jpg\",\"contentUrl\":\"https:\\\/\\\/thefortune.one\\\/wp-content\\\/uploads\\\/2023\\\/11\\\/bandeira-euro.jpg\",\"width\":916,\"height\":515},{\"@type\":\"BreadcrumbList\",\"@id\":\"https:\\\/\\\/thefortune.one\\\/pt\\\/pib-da-zona-do-euro-cai-01-no-3-trimestre-em-relacao-ao-trimestre-anterior\\\/#breadcrumb\",\"itemListElement\":[{\"@type\":\"ListItem\",\"position\":1,\"name\":\"In\u00edcio\",\"item\":\"https:\\\/\\\/thefortune.one\\\/pt\\\/\"},{\"@type\":\"ListItem\",\"position\":2,\"name\":\"PIB da zona do euro cai 0,1% no 3\u00b0 trimestre em rela\u00e7\u00e3o ao trimestre anterior\"}]},{\"@type\":\"WebSite\",\"@id\":\"https:\\\/\\\/thefortune.one\\\/pt\\\/#website\",\"url\":\"https:\\\/\\\/thefortune.one\\\/pt\\\/\",\"name\":\"The Fortune.one\",\"description\":\"Gestora de Recursos Especializada em Private Equity\",\"publisher\":{\"@id\":\"https:\\\/\\\/thefortune.one\\\/pt\\\/#organization\"},\"potentialAction\":[{\"@type\":\"SearchAction\",\"target\":{\"@type\":\"EntryPoint\",\"urlTemplate\":\"https:\\\/\\\/thefortune.one\\\/pt\\\/?s={search_term_string}\"},\"query-input\":{\"@type\":\"PropertyValueSpecification\",\"valueRequired\":true,\"valueName\":\"search_term_string\"}}],\"inLanguage\":\"en-US\"},{\"@type\":\"Organization\",\"@id\":\"https:\\\/\\\/thefortune.one\\\/pt\\\/#organization\",\"name\":\"The Fortune One\",\"url\":\"https:\\\/\\\/thefortune.one\\\/pt\\\/\",\"logo\":{\"@type\":\"ImageObject\",\"inLanguage\":\"en-US\",\"@id\":\"https:\\\/\\\/thefortune.one\\\/pt\\\/#\\\/schema\\\/logo\\\/image\\\/\",\"url\":\"https:\\\/\\\/thefortune.one\\\/wp-content\\\/uploads\\\/2022\\\/11\\\/cropped-cropped-1651682701199-1.jpg\",\"contentUrl\":\"https:\\\/\\\/thefortune.one\\\/wp-content\\\/uploads\\\/2022\\\/11\\\/cropped-cropped-1651682701199-1.jpg\",\"width\":369,\"height\":421,\"caption\":\"The Fortune One\"},\"image\":{\"@id\":\"https:\\\/\\\/thefortune.one\\\/pt\\\/#\\\/schema\\\/logo\\\/image\\\/\"}},{\"@type\":\"Person\",\"@id\":\"https:\\\/\\\/thefortune.one\\\/pt\\\/#\\\/schema\\\/person\\\/6cd8fe72a627d36caabf41815984a16f\",\"name\":\"bianca\",\"image\":{\"@type\":\"ImageObject\",\"inLanguage\":\"en-US\",\"@id\":\"https:\\\/\\\/secure.gravatar.com\\\/avatar\\\/66cd7b00d93410555e00d1e6a911a86de0cd0cfa4f83a2f8b47eddc2968c98af?s=96&d=mm&r=g\",\"url\":\"https:\\\/\\\/secure.gravatar.com\\\/avatar\\\/66cd7b00d93410555e00d1e6a911a86de0cd0cfa4f83a2f8b47eddc2968c98af?s=96&d=mm&r=g\",\"contentUrl\":\"https:\\\/\\\/secure.gravatar.com\\\/avatar\\\/66cd7b00d93410555e00d1e6a911a86de0cd0cfa4f83a2f8b47eddc2968c98af?s=96&d=mm&r=g\",\"caption\":\"bianca\"},\"url\":\"https:\\\/\\\/thefortune.one\\\/en\\\/author\\\/bianca\\\/\"}]}<\/script>\n<!-- \/ Yoast SEO plugin. -->","yoast_head_json":{"title":"PIB da zona do euro cai 0,1% no 3\u00b0 trimestre em rela\u00e7\u00e3o ao trimestre anterior - The Fortune.one","description":"Somos especialistas em gest\u00e3o patrimonial, op\u00e7\u00f5es de investimentos para diversos perfis, nosso diferencial \u00e9 comprovado com resultados.","robots":{"index":"index","follow":"follow","max-snippet":"max-snippet:-1","max-image-preview":"max-image-preview:large","max-video-preview":"max-video-preview:-1"},"canonical":"https:\/\/thefortune.one\/en\/pib-da-zona-do-euro-cai-01-no-3-trimestre-em-relacao-ao-trimestre-anterior\/","og_locale":"en_US","og_type":"article","og_title":"PIB da zona do euro cai 0,1% no 3\u00b0 trimestre em rela\u00e7\u00e3o ao trimestre anterior - The Fortune.one","og_description":"Somos especialistas em gest\u00e3o patrimonial, op\u00e7\u00f5es de investimentos para diversos perfis, nosso diferencial \u00e9 comprovado com resultados.","og_url":"https:\/\/thefortune.one\/en\/pib-da-zona-do-euro-cai-01-no-3-trimestre-em-relacao-ao-trimestre-anterior\/","og_site_name":"The Fortune.one","article_published_time":"2023-11-14T12:49:56+00:00","og_image":[{"width":916,"height":515,"url":"https:\/\/thefortune.one\/wp-content\/uploads\/2023\/11\/bandeira-euro.jpg","type":"image\/jpeg"}],"author":"bianca","twitter_card":"summary_large_image","twitter_misc":{"Written by":"bianca","Est. reading time":"1 minute"},"schema":{"@context":"https:\/\/schema.org","@graph":[{"@type":"Article","@id":"https:\/\/thefortune.one\/pt\/pib-da-zona-do-euro-cai-01-no-3-trimestre-em-relacao-ao-trimestre-anterior\/#article","isPartOf":{"@id":"https:\/\/thefortune.one\/pt\/pib-da-zona-do-euro-cai-01-no-3-trimestre-em-relacao-ao-trimestre-anterior\/"},"author":{"name":"bianca","@id":"https:\/\/thefortune.one\/pt\/#\/schema\/person\/6cd8fe72a627d36caabf41815984a16f"},"headline":"PIB da zona do euro cai 0,1% no 3\u00b0 trimestre em rela\u00e7\u00e3o ao trimestre anterior","datePublished":"2023-11-14T12:49:56+00:00","mainEntityOfPage":{"@id":"https:\/\/thefortune.one\/pt\/pib-da-zona-do-euro-cai-01-no-3-trimestre-em-relacao-ao-trimestre-anterior\/"},"wordCount":256,"commentCount":0,"publisher":{"@id":"https:\/\/thefortune.one\/pt\/#organization"},"image":{"@id":"https:\/\/thefortune.one\/pt\/pib-da-zona-do-euro-cai-01-no-3-trimestre-em-relacao-ao-trimestre-anterior\/#primaryimage"},"thumbnailUrl":"https:\/\/thefortune.one\/wp-content\/uploads\/2023\/11\/bandeira-euro.jpg","articleSection":["The Fortune.one"],"inLanguage":"en-US","potentialAction":[{"@type":"CommentAction","name":"Comment","target":["https:\/\/thefortune.one\/pt\/pib-da-zona-do-euro-cai-01-no-3-trimestre-em-relacao-ao-trimestre-anterior\/#respond"]}]},{"@type":"WebPage","@id":"https:\/\/thefortune.one\/pt\/pib-da-zona-do-euro-cai-01-no-3-trimestre-em-relacao-ao-trimestre-anterior\/","url":"https:\/\/thefortune.one\/pt\/pib-da-zona-do-euro-cai-01-no-3-trimestre-em-relacao-ao-trimestre-anterior\/","name":"PIB da zona do euro cai 0,1% no 3\u00b0 trimestre em rela\u00e7\u00e3o ao trimestre anterior - The Fortune.one","isPartOf":{"@id":"https:\/\/thefortune.one\/pt\/#website"},"primaryImageOfPage":{"@id":"https:\/\/thefortune.one\/pt\/pib-da-zona-do-euro-cai-01-no-3-trimestre-em-relacao-ao-trimestre-anterior\/#primaryimage"},"image":{"@id":"https:\/\/thefortune.one\/pt\/pib-da-zona-do-euro-cai-01-no-3-trimestre-em-relacao-ao-trimestre-anterior\/#primaryimage"},"thumbnailUrl":"https:\/\/thefortune.one\/wp-content\/uploads\/2023\/11\/bandeira-euro.jpg","datePublished":"2023-11-14T12:49:56+00:00","description":"Somos especialistas em gest\u00e3o patrimonial, op\u00e7\u00f5es de investimentos para diversos perfis, nosso diferencial \u00e9 comprovado com resultados.","breadcrumb":{"@id":"https:\/\/thefortune.one\/pt\/pib-da-zona-do-euro-cai-01-no-3-trimestre-em-relacao-ao-trimestre-anterior\/#breadcrumb"},"inLanguage":"en-US","potentialAction":[{"@type":"ReadAction","target":["https:\/\/thefortune.one\/pt\/pib-da-zona-do-euro-cai-01-no-3-trimestre-em-relacao-ao-trimestre-anterior\/"]}]},{"@type":"ImageObject","inLanguage":"en-US","@id":"https:\/\/thefortune.one\/pt\/pib-da-zona-do-euro-cai-01-no-3-trimestre-em-relacao-ao-trimestre-anterior\/#primaryimage","url":"https:\/\/thefortune.one\/wp-content\/uploads\/2023\/11\/bandeira-euro.jpg","contentUrl":"https:\/\/thefortune.one\/wp-content\/uploads\/2023\/11\/bandeira-euro.jpg","width":916,"height":515},{"@type":"BreadcrumbList","@id":"https:\/\/thefortune.one\/pt\/pib-da-zona-do-euro-cai-01-no-3-trimestre-em-relacao-ao-trimestre-anterior\/#breadcrumb","itemListElement":[{"@type":"ListItem","position":1,"name":"In\u00edcio","item":"https:\/\/thefortune.one\/pt\/"},{"@type":"ListItem","position":2,"name":"PIB da zona do euro cai 0,1% no 3\u00b0 trimestre em rela\u00e7\u00e3o ao trimestre anterior"}]},{"@type":"WebSite","@id":"https:\/\/thefortune.one\/pt\/#website","url":"https:\/\/thefortune.one\/pt\/","name":"The Fortune.one","description":"Gestora de Recursos Especializada em Private Equity","publisher":{"@id":"https:\/\/thefortune.one\/pt\/#organization"},"potentialAction":[{"@type":"SearchAction","target":{"@type":"EntryPoint","urlTemplate":"https:\/\/thefortune.one\/pt\/?s={search_term_string}"},"query-input":{"@type":"PropertyValueSpecification","valueRequired":true,"valueName":"search_term_string"}}],"inLanguage":"en-US"},{"@type":"Organization","@id":"https:\/\/thefortune.one\/pt\/#organization","name":"The Fortune One","url":"https:\/\/thefortune.one\/pt\/","logo":{"@type":"ImageObject","inLanguage":"en-US","@id":"https:\/\/thefortune.one\/pt\/#\/schema\/logo\/image\/","url":"https:\/\/thefortune.one\/wp-content\/uploads\/2022\/11\/cropped-cropped-1651682701199-1.jpg","contentUrl":"https:\/\/thefortune.one\/wp-content\/uploads\/2022\/11\/cropped-cropped-1651682701199-1.jpg","width":369,"height":421,"caption":"The Fortune One"},"image":{"@id":"https:\/\/thefortune.one\/pt\/#\/schema\/logo\/image\/"}},{"@type":"Person","@id":"https:\/\/thefortune.one\/pt\/#\/schema\/person\/6cd8fe72a627d36caabf41815984a16f","name":"bianca","image":{"@type":"ImageObject","inLanguage":"en-US","@id":"https:\/\/secure.gravatar.com\/avatar\/66cd7b00d93410555e00d1e6a911a86de0cd0cfa4f83a2f8b47eddc2968c98af?s=96&d=mm&r=g","url":"https:\/\/secure.gravatar.com\/avatar\/66cd7b00d93410555e00d1e6a911a86de0cd0cfa4f83a2f8b47eddc2968c98af?s=96&d=mm&r=g","contentUrl":"https:\/\/secure.gravatar.com\/avatar\/66cd7b00d93410555e00d1e6a911a86de0cd0cfa4f83a2f8b47eddc2968c98af?s=96&d=mm&r=g","caption":"bianca"},"url":"https:\/\/thefortune.one\/en\/author\/bianca\/"}]}},"_links":{"self":[{"href":"https:\/\/thefortune.one\/en\/wp-json\/wp\/v2\/posts\/4317","targetHints":{"allow":["GET"]}}],"collection":[{"href":"https:\/\/thefortune.one\/en\/wp-json\/wp\/v2\/posts"}],"about":[{"href":"https:\/\/thefortune.one\/en\/wp-json\/wp\/v2\/types\/post"}],"author":[{"embeddable":true,"href":"https:\/\/thefortune.one\/en\/wp-json\/wp\/v2\/users\/3"}],"replies":[{"embeddable":true,"href":"https:\/\/thefortune.one\/en\/wp-json\/wp\/v2\/comments?post=4317"}],"version-history":[{"count":1,"href":"https:\/\/thefortune.one\/en\/wp-json\/wp\/v2\/posts\/4317\/revisions"}],"predecessor-version":[{"id":4319,"href":"https:\/\/thefortune.one\/en\/wp-json\/wp\/v2\/posts\/4317\/revisions\/4319"}],"wp:featuredmedia":[{"embeddable":true,"href":"https:\/\/thefortune.one\/en\/wp-json\/wp\/v2\/media\/4318"}],"wp:attachment":[{"href":"https:\/\/thefortune.one\/en\/wp-json\/wp\/v2\/media?parent=4317"}],"wp:term":[{"taxonomy":"category","embeddable":true,"href":"https:\/\/thefortune.one\/en\/wp-json\/wp\/v2\/categories?post=4317"},{"taxonomy":"post_tag","embeddable":true,"href":"https:\/\/thefortune.one\/en\/wp-json\/wp\/v2\/tags?post=4317"}],"curies":[{"name":"wp","href":"https:\/\/api.w.org\/{rel}","templated":true}]}}