{"id":4303,"date":"2023-11-08T12:32:55","date_gmt":"2023-11-08T12:32:55","guid":{"rendered":"https:\/\/thefortune.one\/?p=4303"},"modified":"2023-11-08T12:32:55","modified_gmt":"2023-11-08T12:32:55","slug":"vendas-no-varejo-crescem-06-em-setembro-acima-do-esperado-diz-ibge","status":"publish","type":"post","link":"https:\/\/thefortune.one\/en\/vendas-no-varejo-crescem-06-em-setembro-acima-do-esperado-diz-ibge\/","title":{"rendered":"Vendas no varejo crescem 0,6% em setembro, acima do esperado, diz IBGE"},"content":{"rendered":"\n<p>O consenso Refinitiv projetava estabilidade nas vendas no m\u00eas (0,0%) e estimava avan\u00e7o de 2,5% na compara\u00e7\u00e3o anual<\/p>\n\n\n\n<figure class=\"wp-block-image\"><img decoding=\"async\" src=\"https:\/\/www.infomoney.com.br\/wp-content\/uploads\/2019\/06\/supermercado-2.jpg?resize=800%2C515&amp;quality=70&amp;strip=all\" alt=\"\" \/><\/figure>\n\n\n\n<p>O volume de vendas do com\u00e9rcio varejista no Brasil cresceu 0,6% em setembro, ap\u00f3s ter registrado queda de 0,1% em agosto, segundo dados divulgados nesta quarta-feira (8) pelo Instituto Brasileiro de Geografia e Estat\u00edstica (IBGE). Na compara\u00e7\u00e3o com setembro de 2022, houve avan\u00e7o de 3,3%, no quarto crescimento consecutivo do indicador.<\/p>\n\n\n\n<p>O consenso Refinitiv projetava estabilidade nas vendas no m\u00eas (0,0%) e estimava avan\u00e7o de 2,5% na compara\u00e7\u00e3o anual.<\/p>\n\n\n\n<p>O setor acumula alta de 1,8% no ano e de 1,7% em 12 meses. Nesse cen\u00e1rio, o varejo opera 4,9% acima do patamar pr\u00e9-pandemia, registrado em fevereiro de 2020, e 1,5% abaixo do maior n\u00edvel da s\u00e9rie hist\u00f3rica da Pesquisa Mensal de Com\u00e9rcio (PMC).<\/p>\n\n\n\n<p>Segundo o IBGE, apenas tr\u00eas das oito atividades analisadas no varejo restrito ficaram no campo positivo no m\u00eas: M\u00f3veis e Eletrodom\u00e9sticos (2,1%), Hiper, supermercados, produtos aliment\u00edcios, bebidas e fumo (1,6%) e Artigos farmac\u00eauticos, m\u00e9dicos, ortop\u00e9dicos, e de perfumaria (0,4%).<\/p>\n\n\n\n<p>O setor de hiper e supermercados exerceu o maior impacto sobre o resultado positivo do varejo em setembro e est\u00e1 9,1% acima do patamar pr\u00e9-pandemia.<\/p>\n\n\n\n<p>Cristiano Santos, gerente da pesquisa, explica em nota que esse \u00e9 um setor que pesa muito no indicador e seu avan\u00e7o acabou ajudando o varejo a sair da margem de estabilidade.<\/p>\n\n\n\n<p>\u201cUm dos fatores principais para o resultado dessa atividade \u00e9 a escolha or\u00e7ament\u00e1ria das fam\u00edlias, que est\u00e1 voltada para os itens de primeira necessidade. Com o aumento da popula\u00e7\u00e3o ocupada e da massa de rendimento, as pessoas est\u00e3o usando o rendimento habitual para os gastos em hiper e supermercados e n\u00e3o est\u00e1 sobrando para concentrar em outras atividades\u201d, afirma<\/p>\n\n\n\n<p>Na passagem de agosto para setembro, o setor de hiper e supermercados estava pesando cerca de 56% do total do varejo.<\/p>\n\n\n\n<p>As cinco atividades que tiveram varia\u00e7\u00f5es negativas em setembro foram Combust\u00edveis e lubrificantes (-1,7%), Tecidos, vestu\u00e1rio e cal\u00e7ados (-1,1%), Livros, jornais, revistas e papelaria (-1,1%), Outros artigos de uso pessoal e dom\u00e9stico (-0,9%) e Equipamentos e material para escrit\u00f3rio, inform\u00e1tica e comunica\u00e7\u00e3o (-0,1%).<\/p>\n\n\n\n<p>O setor de combust\u00edveis e lubrificantes tem o segundo maior peso no varejo e a queda da atividade veio ap\u00f3s dois meses seguidos no campo positivo. \u201cHouve crescimento de receita dos postos de gasolina, mas n\u00e3o o suficiente para ganhar da infla\u00e7\u00e3o\u201d, destaca o pesquisador.<\/p>\n\n\n\n<p>No varejo ampliado, o setor de Ve\u00edculo e motos, partes e pe\u00e7as recuou 0,9% e o de Material de constru\u00e7\u00e3o caiu 2,0%.<\/p>\n\n\n\n<h2 class=\"wp-block-heading\">Estados<\/h2>\n\n\n\n<p>O varejo registrou resultados positivos em 13 das 27 unidades da Federa\u00e7\u00e3o em setemro ante agosto, com destaque para as altas do Rio de Janeiro (3,1%), do Cear\u00e1 (2,9%) e de Mato Grosso (2,0%).<\/p>\n\n\n\n<p>Outros 13 estados ficaram no campo negativo, com destaque para Roraima (-2,7%), Rio Grande do Sul (-2,8%) e Esp\u00edrito Santo (-2,6%). O volume de vendas de Tocantins ficou est\u00e1vel (0,0%) nessa compara\u00e7\u00e3o.<\/p>\n\n\n\n<p>Ainda na compara\u00e7\u00e3o com agosto, no varejo ampliado, houve varia\u00e7\u00e3o de +0,2%, com 17 unidade da federa\u00e7\u00e3o tendo varia\u00e7\u00e3o negativa. Os destaques foram Rio Grande do Sul (-4,6%), Mato Grosso do Sul (-2,4%) e Roraima (-2,3%).<\/p>\n\n\n\n<p>No lado positivo, as maiores varia\u00e7\u00f5es percentuais vieram do Rio de Janeiro (2,5%), do Maranh\u00e3o (2,2%) e do Cear\u00e1 (2,1%). Houve estabilidade (0,0%) no Tocantins e em S\u00e3o Paulo.<\/p>\n\n\n\n<p>Fonte:https:\/\/www.infomoney.com.br\/economia\/vendas-no-varejo-crescem-06-em-setembro-acima-do-esperado-diz-ibge\/<\/p>\n","protected":false},"excerpt":{"rendered":"<p>O consenso Refinitiv projetava estabilidade nas vendas no m\u00eas (0,0%) e estimava avan\u00e7o de 2,5% na compara\u00e7\u00e3o anual O volume de vendas do com\u00e9rcio varejista no Brasil cresceu 0,6% em setembro, ap\u00f3s ter registrado queda de 0,1% em agosto, segundo dados divulgados nesta quarta-feira (8) pelo Instituto Brasileiro de Geografia e Estat\u00edstica (IBGE). Na compara\u00e7\u00e3o [&hellip;]<\/p>\n","protected":false},"author":3,"featured_media":4304,"comment_status":"open","ping_status":"open","sticky":false,"template":"","format":"standard","meta":{"_joinchat":[],"footnotes":""},"categories":[1],"tags":[],"class_list":["post-4303","post","type-post","status-publish","format-standard","has-post-thumbnail","hentry","category-the-fortune-one"],"yoast_head":"<!-- This site is optimized with the Yoast SEO plugin v27.5 - https:\/\/yoast.com\/product\/yoast-seo-wordpress\/ -->\n<title>Vendas no varejo crescem 0,6% em setembro, acima do esperado, diz IBGE - The Fortune.one<\/title>\n<meta name=\"description\" content=\"Somos especialistas em gest\u00e3o patrimonial, op\u00e7\u00f5es de investimentos para diversos perfis, nosso diferencial \u00e9 comprovado com resultados.\" \/>\n<meta name=\"robots\" content=\"index, follow, max-snippet:-1, max-image-preview:large, max-video-preview:-1\" \/>\n<link rel=\"canonical\" href=\"https:\/\/thefortune.one\/en\/vendas-no-varejo-crescem-06-em-setembro-acima-do-esperado-diz-ibge\/\" \/>\n<meta property=\"og:locale\" content=\"en_US\" \/>\n<meta property=\"og:type\" content=\"article\" \/>\n<meta property=\"og:title\" content=\"Vendas no varejo crescem 0,6% em setembro, acima do esperado, diz IBGE - The Fortune.one\" \/>\n<meta property=\"og:description\" content=\"Somos especialistas em gest\u00e3o patrimonial, op\u00e7\u00f5es de investimentos para diversos perfis, nosso diferencial \u00e9 comprovado com resultados.\" \/>\n<meta property=\"og:url\" content=\"https:\/\/thefortune.one\/en\/vendas-no-varejo-crescem-06-em-setembro-acima-do-esperado-diz-ibge\/\" \/>\n<meta property=\"og:site_name\" content=\"The Fortune.one\" \/>\n<meta property=\"article:published_time\" content=\"2023-11-08T12:32:55+00:00\" \/>\n<meta property=\"og:image\" content=\"https:\/\/thefortune.one\/wp-content\/uploads\/2023\/11\/supermer.jpg\" \/>\n\t<meta property=\"og:image:width\" content=\"800\" \/>\n\t<meta property=\"og:image:height\" content=\"515\" \/>\n\t<meta property=\"og:image:type\" content=\"image\/jpeg\" \/>\n<meta name=\"author\" content=\"bianca\" \/>\n<meta name=\"twitter:card\" content=\"summary_large_image\" \/>\n<meta name=\"twitter:label1\" content=\"Written by\" \/>\n\t<meta name=\"twitter:data1\" content=\"bianca\" \/>\n\t<meta name=\"twitter:label2\" content=\"Est. reading time\" \/>\n\t<meta name=\"twitter:data2\" content=\"3 minutes\" \/>\n<script type=\"application\/ld+json\" class=\"yoast-schema-graph\">{\"@context\":\"https:\\\/\\\/schema.org\",\"@graph\":[{\"@type\":\"Article\",\"@id\":\"https:\\\/\\\/thefortune.one\\\/pt\\\/vendas-no-varejo-crescem-06-em-setembro-acima-do-esperado-diz-ibge\\\/#article\",\"isPartOf\":{\"@id\":\"https:\\\/\\\/thefortune.one\\\/pt\\\/vendas-no-varejo-crescem-06-em-setembro-acima-do-esperado-diz-ibge\\\/\"},\"author\":{\"name\":\"bianca\",\"@id\":\"https:\\\/\\\/thefortune.one\\\/pt\\\/#\\\/schema\\\/person\\\/6cd8fe72a627d36caabf41815984a16f\"},\"headline\":\"Vendas no varejo crescem 0,6% em setembro, acima do esperado, diz IBGE\",\"datePublished\":\"2023-11-08T12:32:55+00:00\",\"mainEntityOfPage\":{\"@id\":\"https:\\\/\\\/thefortune.one\\\/pt\\\/vendas-no-varejo-crescem-06-em-setembro-acima-do-esperado-diz-ibge\\\/\"},\"wordCount\":590,\"commentCount\":0,\"publisher\":{\"@id\":\"https:\\\/\\\/thefortune.one\\\/pt\\\/#organization\"},\"image\":{\"@id\":\"https:\\\/\\\/thefortune.one\\\/pt\\\/vendas-no-varejo-crescem-06-em-setembro-acima-do-esperado-diz-ibge\\\/#primaryimage\"},\"thumbnailUrl\":\"https:\\\/\\\/thefortune.one\\\/wp-content\\\/uploads\\\/2023\\\/11\\\/supermer.jpg\",\"articleSection\":[\"The Fortune.one\"],\"inLanguage\":\"en-US\",\"potentialAction\":[{\"@type\":\"CommentAction\",\"name\":\"Comment\",\"target\":[\"https:\\\/\\\/thefortune.one\\\/pt\\\/vendas-no-varejo-crescem-06-em-setembro-acima-do-esperado-diz-ibge\\\/#respond\"]}]},{\"@type\":\"WebPage\",\"@id\":\"https:\\\/\\\/thefortune.one\\\/pt\\\/vendas-no-varejo-crescem-06-em-setembro-acima-do-esperado-diz-ibge\\\/\",\"url\":\"https:\\\/\\\/thefortune.one\\\/pt\\\/vendas-no-varejo-crescem-06-em-setembro-acima-do-esperado-diz-ibge\\\/\",\"name\":\"Vendas no varejo crescem 0,6% em setembro, acima do esperado, diz IBGE - The Fortune.one\",\"isPartOf\":{\"@id\":\"https:\\\/\\\/thefortune.one\\\/pt\\\/#website\"},\"primaryImageOfPage\":{\"@id\":\"https:\\\/\\\/thefortune.one\\\/pt\\\/vendas-no-varejo-crescem-06-em-setembro-acima-do-esperado-diz-ibge\\\/#primaryimage\"},\"image\":{\"@id\":\"https:\\\/\\\/thefortune.one\\\/pt\\\/vendas-no-varejo-crescem-06-em-setembro-acima-do-esperado-diz-ibge\\\/#primaryimage\"},\"thumbnailUrl\":\"https:\\\/\\\/thefortune.one\\\/wp-content\\\/uploads\\\/2023\\\/11\\\/supermer.jpg\",\"datePublished\":\"2023-11-08T12:32:55+00:00\",\"description\":\"Somos especialistas em gest\u00e3o patrimonial, op\u00e7\u00f5es de investimentos para diversos perfis, nosso diferencial \u00e9 comprovado com resultados.\",\"breadcrumb\":{\"@id\":\"https:\\\/\\\/thefortune.one\\\/pt\\\/vendas-no-varejo-crescem-06-em-setembro-acima-do-esperado-diz-ibge\\\/#breadcrumb\"},\"inLanguage\":\"en-US\",\"potentialAction\":[{\"@type\":\"ReadAction\",\"target\":[\"https:\\\/\\\/thefortune.one\\\/pt\\\/vendas-no-varejo-crescem-06-em-setembro-acima-do-esperado-diz-ibge\\\/\"]}]},{\"@type\":\"ImageObject\",\"inLanguage\":\"en-US\",\"@id\":\"https:\\\/\\\/thefortune.one\\\/pt\\\/vendas-no-varejo-crescem-06-em-setembro-acima-do-esperado-diz-ibge\\\/#primaryimage\",\"url\":\"https:\\\/\\\/thefortune.one\\\/wp-content\\\/uploads\\\/2023\\\/11\\\/supermer.jpg\",\"contentUrl\":\"https:\\\/\\\/thefortune.one\\\/wp-content\\\/uploads\\\/2023\\\/11\\\/supermer.jpg\",\"width\":800,\"height\":515},{\"@type\":\"BreadcrumbList\",\"@id\":\"https:\\\/\\\/thefortune.one\\\/pt\\\/vendas-no-varejo-crescem-06-em-setembro-acima-do-esperado-diz-ibge\\\/#breadcrumb\",\"itemListElement\":[{\"@type\":\"ListItem\",\"position\":1,\"name\":\"In\u00edcio\",\"item\":\"https:\\\/\\\/thefortune.one\\\/pt\\\/\"},{\"@type\":\"ListItem\",\"position\":2,\"name\":\"Vendas no varejo crescem 0,6% em setembro, acima do esperado, diz IBGE\"}]},{\"@type\":\"WebSite\",\"@id\":\"https:\\\/\\\/thefortune.one\\\/pt\\\/#website\",\"url\":\"https:\\\/\\\/thefortune.one\\\/pt\\\/\",\"name\":\"The Fortune.one\",\"description\":\"Gestora de Recursos Especializada em Private Equity\",\"publisher\":{\"@id\":\"https:\\\/\\\/thefortune.one\\\/pt\\\/#organization\"},\"potentialAction\":[{\"@type\":\"SearchAction\",\"target\":{\"@type\":\"EntryPoint\",\"urlTemplate\":\"https:\\\/\\\/thefortune.one\\\/pt\\\/?s={search_term_string}\"},\"query-input\":{\"@type\":\"PropertyValueSpecification\",\"valueRequired\":true,\"valueName\":\"search_term_string\"}}],\"inLanguage\":\"en-US\"},{\"@type\":\"Organization\",\"@id\":\"https:\\\/\\\/thefortune.one\\\/pt\\\/#organization\",\"name\":\"The Fortune One\",\"url\":\"https:\\\/\\\/thefortune.one\\\/pt\\\/\",\"logo\":{\"@type\":\"ImageObject\",\"inLanguage\":\"en-US\",\"@id\":\"https:\\\/\\\/thefortune.one\\\/pt\\\/#\\\/schema\\\/logo\\\/image\\\/\",\"url\":\"https:\\\/\\\/thefortune.one\\\/wp-content\\\/uploads\\\/2022\\\/11\\\/cropped-cropped-1651682701199-1.jpg\",\"contentUrl\":\"https:\\\/\\\/thefortune.one\\\/wp-content\\\/uploads\\\/2022\\\/11\\\/cropped-cropped-1651682701199-1.jpg\",\"width\":369,\"height\":421,\"caption\":\"The Fortune One\"},\"image\":{\"@id\":\"https:\\\/\\\/thefortune.one\\\/pt\\\/#\\\/schema\\\/logo\\\/image\\\/\"}},{\"@type\":\"Person\",\"@id\":\"https:\\\/\\\/thefortune.one\\\/pt\\\/#\\\/schema\\\/person\\\/6cd8fe72a627d36caabf41815984a16f\",\"name\":\"bianca\",\"image\":{\"@type\":\"ImageObject\",\"inLanguage\":\"en-US\",\"@id\":\"https:\\\/\\\/secure.gravatar.com\\\/avatar\\\/66cd7b00d93410555e00d1e6a911a86de0cd0cfa4f83a2f8b47eddc2968c98af?s=96&d=mm&r=g\",\"url\":\"https:\\\/\\\/secure.gravatar.com\\\/avatar\\\/66cd7b00d93410555e00d1e6a911a86de0cd0cfa4f83a2f8b47eddc2968c98af?s=96&d=mm&r=g\",\"contentUrl\":\"https:\\\/\\\/secure.gravatar.com\\\/avatar\\\/66cd7b00d93410555e00d1e6a911a86de0cd0cfa4f83a2f8b47eddc2968c98af?s=96&d=mm&r=g\",\"caption\":\"bianca\"},\"url\":\"https:\\\/\\\/thefortune.one\\\/en\\\/author\\\/bianca\\\/\"}]}<\/script>\n<!-- \/ Yoast SEO plugin. -->","yoast_head_json":{"title":"Vendas no varejo crescem 0,6% em setembro, acima do esperado, diz IBGE - The Fortune.one","description":"Somos especialistas em gest\u00e3o patrimonial, op\u00e7\u00f5es de investimentos para diversos perfis, nosso diferencial \u00e9 comprovado com resultados.","robots":{"index":"index","follow":"follow","max-snippet":"max-snippet:-1","max-image-preview":"max-image-preview:large","max-video-preview":"max-video-preview:-1"},"canonical":"https:\/\/thefortune.one\/en\/vendas-no-varejo-crescem-06-em-setembro-acima-do-esperado-diz-ibge\/","og_locale":"en_US","og_type":"article","og_title":"Vendas no varejo crescem 0,6% em setembro, acima do esperado, diz IBGE - The Fortune.one","og_description":"Somos especialistas em gest\u00e3o patrimonial, op\u00e7\u00f5es de investimentos para diversos perfis, nosso diferencial \u00e9 comprovado com resultados.","og_url":"https:\/\/thefortune.one\/en\/vendas-no-varejo-crescem-06-em-setembro-acima-do-esperado-diz-ibge\/","og_site_name":"The Fortune.one","article_published_time":"2023-11-08T12:32:55+00:00","og_image":[{"width":800,"height":515,"url":"https:\/\/thefortune.one\/wp-content\/uploads\/2023\/11\/supermer.jpg","type":"image\/jpeg"}],"author":"bianca","twitter_card":"summary_large_image","twitter_misc":{"Written by":"bianca","Est. reading time":"3 minutes"},"schema":{"@context":"https:\/\/schema.org","@graph":[{"@type":"Article","@id":"https:\/\/thefortune.one\/pt\/vendas-no-varejo-crescem-06-em-setembro-acima-do-esperado-diz-ibge\/#article","isPartOf":{"@id":"https:\/\/thefortune.one\/pt\/vendas-no-varejo-crescem-06-em-setembro-acima-do-esperado-diz-ibge\/"},"author":{"name":"bianca","@id":"https:\/\/thefortune.one\/pt\/#\/schema\/person\/6cd8fe72a627d36caabf41815984a16f"},"headline":"Vendas no varejo crescem 0,6% em setembro, acima do esperado, diz IBGE","datePublished":"2023-11-08T12:32:55+00:00","mainEntityOfPage":{"@id":"https:\/\/thefortune.one\/pt\/vendas-no-varejo-crescem-06-em-setembro-acima-do-esperado-diz-ibge\/"},"wordCount":590,"commentCount":0,"publisher":{"@id":"https:\/\/thefortune.one\/pt\/#organization"},"image":{"@id":"https:\/\/thefortune.one\/pt\/vendas-no-varejo-crescem-06-em-setembro-acima-do-esperado-diz-ibge\/#primaryimage"},"thumbnailUrl":"https:\/\/thefortune.one\/wp-content\/uploads\/2023\/11\/supermer.jpg","articleSection":["The Fortune.one"],"inLanguage":"en-US","potentialAction":[{"@type":"CommentAction","name":"Comment","target":["https:\/\/thefortune.one\/pt\/vendas-no-varejo-crescem-06-em-setembro-acima-do-esperado-diz-ibge\/#respond"]}]},{"@type":"WebPage","@id":"https:\/\/thefortune.one\/pt\/vendas-no-varejo-crescem-06-em-setembro-acima-do-esperado-diz-ibge\/","url":"https:\/\/thefortune.one\/pt\/vendas-no-varejo-crescem-06-em-setembro-acima-do-esperado-diz-ibge\/","name":"Vendas no varejo crescem 0,6% em setembro, acima do esperado, diz IBGE - The Fortune.one","isPartOf":{"@id":"https:\/\/thefortune.one\/pt\/#website"},"primaryImageOfPage":{"@id":"https:\/\/thefortune.one\/pt\/vendas-no-varejo-crescem-06-em-setembro-acima-do-esperado-diz-ibge\/#primaryimage"},"image":{"@id":"https:\/\/thefortune.one\/pt\/vendas-no-varejo-crescem-06-em-setembro-acima-do-esperado-diz-ibge\/#primaryimage"},"thumbnailUrl":"https:\/\/thefortune.one\/wp-content\/uploads\/2023\/11\/supermer.jpg","datePublished":"2023-11-08T12:32:55+00:00","description":"Somos especialistas em gest\u00e3o patrimonial, op\u00e7\u00f5es de investimentos para diversos perfis, nosso diferencial \u00e9 comprovado com resultados.","breadcrumb":{"@id":"https:\/\/thefortune.one\/pt\/vendas-no-varejo-crescem-06-em-setembro-acima-do-esperado-diz-ibge\/#breadcrumb"},"inLanguage":"en-US","potentialAction":[{"@type":"ReadAction","target":["https:\/\/thefortune.one\/pt\/vendas-no-varejo-crescem-06-em-setembro-acima-do-esperado-diz-ibge\/"]}]},{"@type":"ImageObject","inLanguage":"en-US","@id":"https:\/\/thefortune.one\/pt\/vendas-no-varejo-crescem-06-em-setembro-acima-do-esperado-diz-ibge\/#primaryimage","url":"https:\/\/thefortune.one\/wp-content\/uploads\/2023\/11\/supermer.jpg","contentUrl":"https:\/\/thefortune.one\/wp-content\/uploads\/2023\/11\/supermer.jpg","width":800,"height":515},{"@type":"BreadcrumbList","@id":"https:\/\/thefortune.one\/pt\/vendas-no-varejo-crescem-06-em-setembro-acima-do-esperado-diz-ibge\/#breadcrumb","itemListElement":[{"@type":"ListItem","position":1,"name":"In\u00edcio","item":"https:\/\/thefortune.one\/pt\/"},{"@type":"ListItem","position":2,"name":"Vendas no varejo crescem 0,6% em setembro, acima do esperado, diz IBGE"}]},{"@type":"WebSite","@id":"https:\/\/thefortune.one\/pt\/#website","url":"https:\/\/thefortune.one\/pt\/","name":"The Fortune.one","description":"Gestora de Recursos Especializada em Private Equity","publisher":{"@id":"https:\/\/thefortune.one\/pt\/#organization"},"potentialAction":[{"@type":"SearchAction","target":{"@type":"EntryPoint","urlTemplate":"https:\/\/thefortune.one\/pt\/?s={search_term_string}"},"query-input":{"@type":"PropertyValueSpecification","valueRequired":true,"valueName":"search_term_string"}}],"inLanguage":"en-US"},{"@type":"Organization","@id":"https:\/\/thefortune.one\/pt\/#organization","name":"The Fortune One","url":"https:\/\/thefortune.one\/pt\/","logo":{"@type":"ImageObject","inLanguage":"en-US","@id":"https:\/\/thefortune.one\/pt\/#\/schema\/logo\/image\/","url":"https:\/\/thefortune.one\/wp-content\/uploads\/2022\/11\/cropped-cropped-1651682701199-1.jpg","contentUrl":"https:\/\/thefortune.one\/wp-content\/uploads\/2022\/11\/cropped-cropped-1651682701199-1.jpg","width":369,"height":421,"caption":"The Fortune One"},"image":{"@id":"https:\/\/thefortune.one\/pt\/#\/schema\/logo\/image\/"}},{"@type":"Person","@id":"https:\/\/thefortune.one\/pt\/#\/schema\/person\/6cd8fe72a627d36caabf41815984a16f","name":"bianca","image":{"@type":"ImageObject","inLanguage":"en-US","@id":"https:\/\/secure.gravatar.com\/avatar\/66cd7b00d93410555e00d1e6a911a86de0cd0cfa4f83a2f8b47eddc2968c98af?s=96&d=mm&r=g","url":"https:\/\/secure.gravatar.com\/avatar\/66cd7b00d93410555e00d1e6a911a86de0cd0cfa4f83a2f8b47eddc2968c98af?s=96&d=mm&r=g","contentUrl":"https:\/\/secure.gravatar.com\/avatar\/66cd7b00d93410555e00d1e6a911a86de0cd0cfa4f83a2f8b47eddc2968c98af?s=96&d=mm&r=g","caption":"bianca"},"url":"https:\/\/thefortune.one\/en\/author\/bianca\/"}]}},"_links":{"self":[{"href":"https:\/\/thefortune.one\/en\/wp-json\/wp\/v2\/posts\/4303","targetHints":{"allow":["GET"]}}],"collection":[{"href":"https:\/\/thefortune.one\/en\/wp-json\/wp\/v2\/posts"}],"about":[{"href":"https:\/\/thefortune.one\/en\/wp-json\/wp\/v2\/types\/post"}],"author":[{"embeddable":true,"href":"https:\/\/thefortune.one\/en\/wp-json\/wp\/v2\/users\/3"}],"replies":[{"embeddable":true,"href":"https:\/\/thefortune.one\/en\/wp-json\/wp\/v2\/comments?post=4303"}],"version-history":[{"count":1,"href":"https:\/\/thefortune.one\/en\/wp-json\/wp\/v2\/posts\/4303\/revisions"}],"predecessor-version":[{"id":4305,"href":"https:\/\/thefortune.one\/en\/wp-json\/wp\/v2\/posts\/4303\/revisions\/4305"}],"wp:featuredmedia":[{"embeddable":true,"href":"https:\/\/thefortune.one\/en\/wp-json\/wp\/v2\/media\/4304"}],"wp:attachment":[{"href":"https:\/\/thefortune.one\/en\/wp-json\/wp\/v2\/media?parent=4303"}],"wp:term":[{"taxonomy":"category","embeddable":true,"href":"https:\/\/thefortune.one\/en\/wp-json\/wp\/v2\/categories?post=4303"},{"taxonomy":"post_tag","embeddable":true,"href":"https:\/\/thefortune.one\/en\/wp-json\/wp\/v2\/tags?post=4303"}],"curies":[{"name":"wp","href":"https:\/\/api.w.org\/{rel}","templated":true}]}}