{"id":4296,"date":"2023-11-06T13:27:52","date_gmt":"2023-11-06T13:27:52","guid":{"rendered":"https:\/\/thefortune.one\/?p=4296"},"modified":"2023-11-06T13:27:52","modified_gmt":"2023-11-06T13:27:52","slug":"focus-em-meio-a-discussao-sobre-meta-fiscal-mercado-piora-projecao-para-2024-e-ja-ve-deficit-de-080-do-pib","status":"publish","type":"post","link":"https:\/\/thefortune.one\/en\/focus-em-meio-a-discussao-sobre-meta-fiscal-mercado-piora-projecao-para-2024-e-ja-ve-deficit-de-080-do-pib\/","title":{"rendered":"Focus: em meio \u00e0 discuss\u00e3o sobre meta fiscal, mercado piora proje\u00e7\u00e3o para 2024 e j\u00e1 v\u00ea d\u00e9ficit de 0,80% do PIB"},"content":{"rendered":"\n<h2 class=\"wp-block-heading\">Estimativa para 2025 tamb\u00e9m piorou para resultado negativo em 0,60% do PIB. Analistas veem contas no vermelho em 2026<\/h2>\n\n\n\n<figure class=\"wp-block-image size-full\"><img fetchpriority=\"high\" decoding=\"async\" width=\"888\" height=\"399\" src=\"https:\/\/thefortune.one\/wp-content\/uploads\/2023\/11\/image-1.png\" alt=\"\" class=\"wp-image-4297\" srcset=\"https:\/\/thefortune.one\/wp-content\/uploads\/2023\/11\/image-1.png 888w, https:\/\/thefortune.one\/wp-content\/uploads\/2023\/11\/image-1-300x135.png 300w, https:\/\/thefortune.one\/wp-content\/uploads\/2023\/11\/image-1-768x345.png 768w, https:\/\/thefortune.one\/wp-content\/uploads\/2023\/11\/image-1-18x8.png 18w\" sizes=\"(max-width: 888px) 100vw, 888px\" \/><\/figure>\n\n\n\n<p>Em meio aos debates sobre a meta fiscal, a proje\u00e7\u00e3o para o resultado prim\u00e1rio (receitas menos despesas antes do pagamento de juros) do pr\u00f3ximo ano voltou a cair, segundo o boletim Focus, relat\u00f3rio semanal divulgado pelo Banco Central (BC).<\/p>\n\n\n\n<p>A estimativa para o t\u00e9rmino de 2024 passou de 0,78% para 0,80%. Para 2025, ela piorou de 0,55% para 0,60%. Ao fim de 2023, a proje\u00e7\u00e3o segue em 1,10%.<\/p>\n\n\n\n<p>O mercado sempre trabalhou com previs\u00e3o de d\u00e9ficit em 2024, apesar dos compromissos assumidos pelo governo e com a aprova\u00e7\u00e3o do arcabou\u00e7o fiscal.<\/p>\n\n\n\n<p>No entanto, ap\u00f3s as sinaliza\u00e7\u00f5es de membros do governo, inclusive do pr\u00f3prio presidente Luiz In\u00e1cio Lula da Silva (PT), de que a&nbsp;<a class=\"\" href=\"https:\/\/oglobo.globo.com\/economia\/noticia\/2023\/10\/27\/lula-diz-que-governo-dificilmente-vai-cumprir-meta-de-zerar-rombo-nas-contas-publicas-em-2024.ghtml\">meta para 2024 &#8220;dificilmente&#8221; seria cumprida<\/a>, parte dos agentes pioraram suas proje\u00e7\u00f5es, passando a observar um cen\u00e1rio mais dif\u00edcil para a aprova\u00e7\u00e3o de medidas que visem aumentar a arrecada\u00e7\u00e3o no Congresso.<\/p>\n\n\n\n<p>Para eles, uma poss\u00edvel mudan\u00e7a tamb\u00e9m \u00e9 vista como fator que diminui a credibilidade das novas regras fiscais logo no seu primeiro ano de execu\u00e7\u00e3o.<\/p>\n\n\n\n<h2 class=\"wp-block-heading\">Infla\u00e7\u00e3o para 2024 sobe<\/h2>\n\n\n\n<p>A proje\u00e7\u00e3o mediana para a infla\u00e7\u00e3o ao fim de 2024 subiu de 3,90% para 3,91%. Em rela\u00e7\u00e3o a 2023, a estimativa seguiu em 4,63% e, para 2025, em 3,50%.<\/p>\n\n\n\n<p>As estimativas seguem abaixo do teto da meta do BC. A meta de infla\u00e7\u00e3o perseguida pela autoridade monet\u00e1ria \u00e9 de 3,25% em 2023 e de 3% em 2024 e 2025, com margem de toler\u00e2ncia de 1,5 ponto percentual para baixo ou para cima.<\/p>\n\n\n\n<p>Na \u00faltima semana, o Comit\u00ea de Pol\u00edtica Monet\u00e1ria (Copom)<a class=\"\" href=\"https:\/\/oglobo.globo.com\/economia\/noticia\/2023\/11\/01\/banco-central-reduz-juros-pela-terceira-vez-em-meio-ponto-e-selic-cai-para-1225percent.ghtml\">\u00a0manteve a Selic inalterada em 12,25%<\/a>\u00a0e se comprometeu com novos cortes de 0,50 ponto percentual para as &#8220;pr\u00f3ximas reuni\u00f5es&#8221;, apesar dos recentes receios fiscais.<\/p>\n\n\n\n<p>A expectativa mediana para a taxa b\u00e1sica no fim de 2024 continuou em 9,25%. Para 2024 e 2025, ela permaneceu em 9,25% e 8,75%.<\/p>\n\n\n\n<p>Sobre o Produto Interno Bruto (PIB), as proje\u00e7\u00f5es para o final de 2023, 2024 e 2025 mantiveram-se em 2,89%, 1,50% e 1,90%, respectivamente.<\/p>\n\n\n\n<p>A estimativa para o d\u00f3lar ao t\u00e9rmino deste ano seguiu em R$ 5. Para 2024 e 2025, ela continuou em R$ 5,05 e R$ 5,10, respectivamente.<\/p>\n\n\n\n<p>Fonte&gt;:https:\/\/oglobo.globo.com\/economia\/noticia\/2023\/11\/06\/focus-em-meio-a-discussao-sobre-meta-fiscal-mercado-piora-projecao-para-2024-e-ja-ve-deficit-de-080percent-do-pib.ghtml<\/p>\n","protected":false},"excerpt":{"rendered":"<p>Estimativa para 2025 tamb\u00e9m piorou para resultado negativo em 0,60% do PIB. Analistas veem contas no vermelho em 2026 Em meio aos debates sobre a meta fiscal, a proje\u00e7\u00e3o para o resultado prim\u00e1rio (receitas menos despesas antes do pagamento de juros) do pr\u00f3ximo ano voltou a cair, segundo o boletim Focus, relat\u00f3rio semanal divulgado pelo [&hellip;]<\/p>\n","protected":false},"author":3,"featured_media":4298,"comment_status":"open","ping_status":"open","sticky":false,"template":"","format":"standard","meta":{"_joinchat":[],"footnotes":""},"categories":[1],"tags":[],"class_list":["post-4296","post","type-post","status-publish","format-standard","has-post-thumbnail","hentry","category-the-fortune-one"],"yoast_head":"<!-- This site is optimized with the Yoast SEO plugin v27.5 - https:\/\/yoast.com\/product\/yoast-seo-wordpress\/ -->\n<title>Focus: em meio \u00e0 discuss\u00e3o sobre meta fiscal, mercado piora proje\u00e7\u00e3o para 2024 e j\u00e1 v\u00ea d\u00e9ficit de 0,80% do PIB - The Fortune.one<\/title>\n<meta name=\"description\" content=\"Somos especialistas em gest\u00e3o patrimonial, op\u00e7\u00f5es de investimentos para diversos perfis, nosso diferencial \u00e9 comprovado com resultados.\" \/>\n<meta name=\"robots\" content=\"index, follow, max-snippet:-1, max-image-preview:large, max-video-preview:-1\" \/>\n<link rel=\"canonical\" href=\"https:\/\/thefortune.one\/en\/focus-em-meio-a-discussao-sobre-meta-fiscal-mercado-piora-projecao-para-2024-e-ja-ve-deficit-de-080-do-pib\/\" \/>\n<meta property=\"og:locale\" content=\"en_US\" \/>\n<meta property=\"og:type\" content=\"article\" \/>\n<meta property=\"og:title\" content=\"Focus: em meio \u00e0 discuss\u00e3o sobre meta fiscal, mercado piora proje\u00e7\u00e3o para 2024 e j\u00e1 v\u00ea d\u00e9ficit de 0,80% do PIB - The Fortune.one\" \/>\n<meta property=\"og:description\" content=\"Somos especialistas em gest\u00e3o patrimonial, op\u00e7\u00f5es de investimentos para diversos perfis, nosso diferencial \u00e9 comprovado com resultados.\" \/>\n<meta property=\"og:url\" content=\"https:\/\/thefortune.one\/en\/focus-em-meio-a-discussao-sobre-meta-fiscal-mercado-piora-projecao-para-2024-e-ja-ve-deficit-de-080-do-pib\/\" \/>\n<meta property=\"og:site_name\" content=\"The Fortune.one\" \/>\n<meta property=\"article:published_time\" content=\"2023-11-06T13:27:52+00:00\" \/>\n<meta property=\"og:image\" content=\"https:\/\/thefortune.one\/wp-content\/uploads\/2023\/11\/computador.jpg\" \/>\n\t<meta property=\"og:image:width\" content=\"888\" \/>\n\t<meta property=\"og:image:height\" content=\"399\" \/>\n\t<meta property=\"og:image:type\" content=\"image\/jpeg\" \/>\n<meta name=\"author\" content=\"bianca\" \/>\n<meta name=\"twitter:card\" content=\"summary_large_image\" \/>\n<meta name=\"twitter:label1\" content=\"Written by\" \/>\n\t<meta name=\"twitter:data1\" content=\"bianca\" \/>\n\t<meta name=\"twitter:label2\" content=\"Est. reading time\" \/>\n\t<meta name=\"twitter:data2\" content=\"2 minutes\" \/>\n<script type=\"application\/ld+json\" class=\"yoast-schema-graph\">{\"@context\":\"https:\\\/\\\/schema.org\",\"@graph\":[{\"@type\":\"Article\",\"@id\":\"https:\\\/\\\/thefortune.one\\\/pt\\\/focus-em-meio-a-discussao-sobre-meta-fiscal-mercado-piora-projecao-para-2024-e-ja-ve-deficit-de-080-do-pib\\\/#article\",\"isPartOf\":{\"@id\":\"https:\\\/\\\/thefortune.one\\\/pt\\\/focus-em-meio-a-discussao-sobre-meta-fiscal-mercado-piora-projecao-para-2024-e-ja-ve-deficit-de-080-do-pib\\\/\"},\"author\":{\"name\":\"bianca\",\"@id\":\"https:\\\/\\\/thefortune.one\\\/pt\\\/#\\\/schema\\\/person\\\/6cd8fe72a627d36caabf41815984a16f\"},\"headline\":\"Focus: em meio \u00e0 discuss\u00e3o sobre meta fiscal, mercado piora proje\u00e7\u00e3o para 2024 e j\u00e1 v\u00ea d\u00e9ficit de 0,80% do PIB\",\"datePublished\":\"2023-11-06T13:27:52+00:00\",\"mainEntityOfPage\":{\"@id\":\"https:\\\/\\\/thefortune.one\\\/pt\\\/focus-em-meio-a-discussao-sobre-meta-fiscal-mercado-piora-projecao-para-2024-e-ja-ve-deficit-de-080-do-pib\\\/\"},\"wordCount\":396,\"commentCount\":0,\"publisher\":{\"@id\":\"https:\\\/\\\/thefortune.one\\\/pt\\\/#organization\"},\"image\":{\"@id\":\"https:\\\/\\\/thefortune.one\\\/pt\\\/focus-em-meio-a-discussao-sobre-meta-fiscal-mercado-piora-projecao-para-2024-e-ja-ve-deficit-de-080-do-pib\\\/#primaryimage\"},\"thumbnailUrl\":\"https:\\\/\\\/thefortune.one\\\/wp-content\\\/uploads\\\/2023\\\/11\\\/computador.jpg\",\"articleSection\":[\"The Fortune.one\"],\"inLanguage\":\"en-US\",\"potentialAction\":[{\"@type\":\"CommentAction\",\"name\":\"Comment\",\"target\":[\"https:\\\/\\\/thefortune.one\\\/pt\\\/focus-em-meio-a-discussao-sobre-meta-fiscal-mercado-piora-projecao-para-2024-e-ja-ve-deficit-de-080-do-pib\\\/#respond\"]}]},{\"@type\":\"WebPage\",\"@id\":\"https:\\\/\\\/thefortune.one\\\/pt\\\/focus-em-meio-a-discussao-sobre-meta-fiscal-mercado-piora-projecao-para-2024-e-ja-ve-deficit-de-080-do-pib\\\/\",\"url\":\"https:\\\/\\\/thefortune.one\\\/pt\\\/focus-em-meio-a-discussao-sobre-meta-fiscal-mercado-piora-projecao-para-2024-e-ja-ve-deficit-de-080-do-pib\\\/\",\"name\":\"Focus: em meio \u00e0 discuss\u00e3o sobre meta fiscal, mercado piora proje\u00e7\u00e3o para 2024 e j\u00e1 v\u00ea d\u00e9ficit de 0,80% do PIB - The Fortune.one\",\"isPartOf\":{\"@id\":\"https:\\\/\\\/thefortune.one\\\/pt\\\/#website\"},\"primaryImageOfPage\":{\"@id\":\"https:\\\/\\\/thefortune.one\\\/pt\\\/focus-em-meio-a-discussao-sobre-meta-fiscal-mercado-piora-projecao-para-2024-e-ja-ve-deficit-de-080-do-pib\\\/#primaryimage\"},\"image\":{\"@id\":\"https:\\\/\\\/thefortune.one\\\/pt\\\/focus-em-meio-a-discussao-sobre-meta-fiscal-mercado-piora-projecao-para-2024-e-ja-ve-deficit-de-080-do-pib\\\/#primaryimage\"},\"thumbnailUrl\":\"https:\\\/\\\/thefortune.one\\\/wp-content\\\/uploads\\\/2023\\\/11\\\/computador.jpg\",\"datePublished\":\"2023-11-06T13:27:52+00:00\",\"description\":\"Somos especialistas em gest\u00e3o patrimonial, op\u00e7\u00f5es de investimentos para diversos perfis, nosso diferencial \u00e9 comprovado com resultados.\",\"breadcrumb\":{\"@id\":\"https:\\\/\\\/thefortune.one\\\/pt\\\/focus-em-meio-a-discussao-sobre-meta-fiscal-mercado-piora-projecao-para-2024-e-ja-ve-deficit-de-080-do-pib\\\/#breadcrumb\"},\"inLanguage\":\"en-US\",\"potentialAction\":[{\"@type\":\"ReadAction\",\"target\":[\"https:\\\/\\\/thefortune.one\\\/pt\\\/focus-em-meio-a-discussao-sobre-meta-fiscal-mercado-piora-projecao-para-2024-e-ja-ve-deficit-de-080-do-pib\\\/\"]}]},{\"@type\":\"ImageObject\",\"inLanguage\":\"en-US\",\"@id\":\"https:\\\/\\\/thefortune.one\\\/pt\\\/focus-em-meio-a-discussao-sobre-meta-fiscal-mercado-piora-projecao-para-2024-e-ja-ve-deficit-de-080-do-pib\\\/#primaryimage\",\"url\":\"https:\\\/\\\/thefortune.one\\\/wp-content\\\/uploads\\\/2023\\\/11\\\/computador.jpg\",\"contentUrl\":\"https:\\\/\\\/thefortune.one\\\/wp-content\\\/uploads\\\/2023\\\/11\\\/computador.jpg\",\"width\":888,\"height\":399},{\"@type\":\"BreadcrumbList\",\"@id\":\"https:\\\/\\\/thefortune.one\\\/pt\\\/focus-em-meio-a-discussao-sobre-meta-fiscal-mercado-piora-projecao-para-2024-e-ja-ve-deficit-de-080-do-pib\\\/#breadcrumb\",\"itemListElement\":[{\"@type\":\"ListItem\",\"position\":1,\"name\":\"In\u00edcio\",\"item\":\"https:\\\/\\\/thefortune.one\\\/pt\\\/\"},{\"@type\":\"ListItem\",\"position\":2,\"name\":\"Focus: em meio \u00e0 discuss\u00e3o sobre meta fiscal, mercado piora proje\u00e7\u00e3o para 2024 e j\u00e1 v\u00ea d\u00e9ficit de 0,80% do PIB\"}]},{\"@type\":\"WebSite\",\"@id\":\"https:\\\/\\\/thefortune.one\\\/pt\\\/#website\",\"url\":\"https:\\\/\\\/thefortune.one\\\/pt\\\/\",\"name\":\"The Fortune.one\",\"description\":\"Gestora de Recursos Especializada em Private Equity\",\"publisher\":{\"@id\":\"https:\\\/\\\/thefortune.one\\\/pt\\\/#organization\"},\"potentialAction\":[{\"@type\":\"SearchAction\",\"target\":{\"@type\":\"EntryPoint\",\"urlTemplate\":\"https:\\\/\\\/thefortune.one\\\/pt\\\/?s={search_term_string}\"},\"query-input\":{\"@type\":\"PropertyValueSpecification\",\"valueRequired\":true,\"valueName\":\"search_term_string\"}}],\"inLanguage\":\"en-US\"},{\"@type\":\"Organization\",\"@id\":\"https:\\\/\\\/thefortune.one\\\/pt\\\/#organization\",\"name\":\"The Fortune One\",\"url\":\"https:\\\/\\\/thefortune.one\\\/pt\\\/\",\"logo\":{\"@type\":\"ImageObject\",\"inLanguage\":\"en-US\",\"@id\":\"https:\\\/\\\/thefortune.one\\\/pt\\\/#\\\/schema\\\/logo\\\/image\\\/\",\"url\":\"https:\\\/\\\/thefortune.one\\\/wp-content\\\/uploads\\\/2022\\\/11\\\/cropped-cropped-1651682701199-1.jpg\",\"contentUrl\":\"https:\\\/\\\/thefortune.one\\\/wp-content\\\/uploads\\\/2022\\\/11\\\/cropped-cropped-1651682701199-1.jpg\",\"width\":369,\"height\":421,\"caption\":\"The Fortune One\"},\"image\":{\"@id\":\"https:\\\/\\\/thefortune.one\\\/pt\\\/#\\\/schema\\\/logo\\\/image\\\/\"}},{\"@type\":\"Person\",\"@id\":\"https:\\\/\\\/thefortune.one\\\/pt\\\/#\\\/schema\\\/person\\\/6cd8fe72a627d36caabf41815984a16f\",\"name\":\"bianca\",\"image\":{\"@type\":\"ImageObject\",\"inLanguage\":\"en-US\",\"@id\":\"https:\\\/\\\/secure.gravatar.com\\\/avatar\\\/66cd7b00d93410555e00d1e6a911a86de0cd0cfa4f83a2f8b47eddc2968c98af?s=96&d=mm&r=g\",\"url\":\"https:\\\/\\\/secure.gravatar.com\\\/avatar\\\/66cd7b00d93410555e00d1e6a911a86de0cd0cfa4f83a2f8b47eddc2968c98af?s=96&d=mm&r=g\",\"contentUrl\":\"https:\\\/\\\/secure.gravatar.com\\\/avatar\\\/66cd7b00d93410555e00d1e6a911a86de0cd0cfa4f83a2f8b47eddc2968c98af?s=96&d=mm&r=g\",\"caption\":\"bianca\"},\"url\":\"https:\\\/\\\/thefortune.one\\\/en\\\/author\\\/bianca\\\/\"}]}<\/script>\n<!-- \/ Yoast SEO plugin. -->","yoast_head_json":{"title":"Focus: em meio \u00e0 discuss\u00e3o sobre meta fiscal, mercado piora proje\u00e7\u00e3o para 2024 e j\u00e1 v\u00ea d\u00e9ficit de 0,80% do PIB - The Fortune.one","description":"Somos especialistas em gest\u00e3o patrimonial, op\u00e7\u00f5es de investimentos para diversos perfis, nosso diferencial \u00e9 comprovado com resultados.","robots":{"index":"index","follow":"follow","max-snippet":"max-snippet:-1","max-image-preview":"max-image-preview:large","max-video-preview":"max-video-preview:-1"},"canonical":"https:\/\/thefortune.one\/en\/focus-em-meio-a-discussao-sobre-meta-fiscal-mercado-piora-projecao-para-2024-e-ja-ve-deficit-de-080-do-pib\/","og_locale":"en_US","og_type":"article","og_title":"Focus: em meio \u00e0 discuss\u00e3o sobre meta fiscal, mercado piora proje\u00e7\u00e3o para 2024 e j\u00e1 v\u00ea d\u00e9ficit de 0,80% do PIB - The Fortune.one","og_description":"Somos especialistas em gest\u00e3o patrimonial, op\u00e7\u00f5es de investimentos para diversos perfis, nosso diferencial \u00e9 comprovado com resultados.","og_url":"https:\/\/thefortune.one\/en\/focus-em-meio-a-discussao-sobre-meta-fiscal-mercado-piora-projecao-para-2024-e-ja-ve-deficit-de-080-do-pib\/","og_site_name":"The Fortune.one","article_published_time":"2023-11-06T13:27:52+00:00","og_image":[{"width":888,"height":399,"url":"https:\/\/thefortune.one\/wp-content\/uploads\/2023\/11\/computador.jpg","type":"image\/jpeg"}],"author":"bianca","twitter_card":"summary_large_image","twitter_misc":{"Written by":"bianca","Est. reading time":"2 minutes"},"schema":{"@context":"https:\/\/schema.org","@graph":[{"@type":"Article","@id":"https:\/\/thefortune.one\/pt\/focus-em-meio-a-discussao-sobre-meta-fiscal-mercado-piora-projecao-para-2024-e-ja-ve-deficit-de-080-do-pib\/#article","isPartOf":{"@id":"https:\/\/thefortune.one\/pt\/focus-em-meio-a-discussao-sobre-meta-fiscal-mercado-piora-projecao-para-2024-e-ja-ve-deficit-de-080-do-pib\/"},"author":{"name":"bianca","@id":"https:\/\/thefortune.one\/pt\/#\/schema\/person\/6cd8fe72a627d36caabf41815984a16f"},"headline":"Focus: em meio \u00e0 discuss\u00e3o sobre meta fiscal, mercado piora proje\u00e7\u00e3o para 2024 e j\u00e1 v\u00ea d\u00e9ficit de 0,80% do PIB","datePublished":"2023-11-06T13:27:52+00:00","mainEntityOfPage":{"@id":"https:\/\/thefortune.one\/pt\/focus-em-meio-a-discussao-sobre-meta-fiscal-mercado-piora-projecao-para-2024-e-ja-ve-deficit-de-080-do-pib\/"},"wordCount":396,"commentCount":0,"publisher":{"@id":"https:\/\/thefortune.one\/pt\/#organization"},"image":{"@id":"https:\/\/thefortune.one\/pt\/focus-em-meio-a-discussao-sobre-meta-fiscal-mercado-piora-projecao-para-2024-e-ja-ve-deficit-de-080-do-pib\/#primaryimage"},"thumbnailUrl":"https:\/\/thefortune.one\/wp-content\/uploads\/2023\/11\/computador.jpg","articleSection":["The Fortune.one"],"inLanguage":"en-US","potentialAction":[{"@type":"CommentAction","name":"Comment","target":["https:\/\/thefortune.one\/pt\/focus-em-meio-a-discussao-sobre-meta-fiscal-mercado-piora-projecao-para-2024-e-ja-ve-deficit-de-080-do-pib\/#respond"]}]},{"@type":"WebPage","@id":"https:\/\/thefortune.one\/pt\/focus-em-meio-a-discussao-sobre-meta-fiscal-mercado-piora-projecao-para-2024-e-ja-ve-deficit-de-080-do-pib\/","url":"https:\/\/thefortune.one\/pt\/focus-em-meio-a-discussao-sobre-meta-fiscal-mercado-piora-projecao-para-2024-e-ja-ve-deficit-de-080-do-pib\/","name":"Focus: em meio \u00e0 discuss\u00e3o sobre meta fiscal, mercado piora proje\u00e7\u00e3o para 2024 e j\u00e1 v\u00ea d\u00e9ficit de 0,80% do PIB - The Fortune.one","isPartOf":{"@id":"https:\/\/thefortune.one\/pt\/#website"},"primaryImageOfPage":{"@id":"https:\/\/thefortune.one\/pt\/focus-em-meio-a-discussao-sobre-meta-fiscal-mercado-piora-projecao-para-2024-e-ja-ve-deficit-de-080-do-pib\/#primaryimage"},"image":{"@id":"https:\/\/thefortune.one\/pt\/focus-em-meio-a-discussao-sobre-meta-fiscal-mercado-piora-projecao-para-2024-e-ja-ve-deficit-de-080-do-pib\/#primaryimage"},"thumbnailUrl":"https:\/\/thefortune.one\/wp-content\/uploads\/2023\/11\/computador.jpg","datePublished":"2023-11-06T13:27:52+00:00","description":"Somos especialistas em gest\u00e3o patrimonial, op\u00e7\u00f5es de investimentos para diversos perfis, nosso diferencial \u00e9 comprovado com resultados.","breadcrumb":{"@id":"https:\/\/thefortune.one\/pt\/focus-em-meio-a-discussao-sobre-meta-fiscal-mercado-piora-projecao-para-2024-e-ja-ve-deficit-de-080-do-pib\/#breadcrumb"},"inLanguage":"en-US","potentialAction":[{"@type":"ReadAction","target":["https:\/\/thefortune.one\/pt\/focus-em-meio-a-discussao-sobre-meta-fiscal-mercado-piora-projecao-para-2024-e-ja-ve-deficit-de-080-do-pib\/"]}]},{"@type":"ImageObject","inLanguage":"en-US","@id":"https:\/\/thefortune.one\/pt\/focus-em-meio-a-discussao-sobre-meta-fiscal-mercado-piora-projecao-para-2024-e-ja-ve-deficit-de-080-do-pib\/#primaryimage","url":"https:\/\/thefortune.one\/wp-content\/uploads\/2023\/11\/computador.jpg","contentUrl":"https:\/\/thefortune.one\/wp-content\/uploads\/2023\/11\/computador.jpg","width":888,"height":399},{"@type":"BreadcrumbList","@id":"https:\/\/thefortune.one\/pt\/focus-em-meio-a-discussao-sobre-meta-fiscal-mercado-piora-projecao-para-2024-e-ja-ve-deficit-de-080-do-pib\/#breadcrumb","itemListElement":[{"@type":"ListItem","position":1,"name":"In\u00edcio","item":"https:\/\/thefortune.one\/pt\/"},{"@type":"ListItem","position":2,"name":"Focus: em meio \u00e0 discuss\u00e3o sobre meta fiscal, mercado piora proje\u00e7\u00e3o para 2024 e j\u00e1 v\u00ea d\u00e9ficit de 0,80% do PIB"}]},{"@type":"WebSite","@id":"https:\/\/thefortune.one\/pt\/#website","url":"https:\/\/thefortune.one\/pt\/","name":"The Fortune.one","description":"Gestora de Recursos Especializada em Private Equity","publisher":{"@id":"https:\/\/thefortune.one\/pt\/#organization"},"potentialAction":[{"@type":"SearchAction","target":{"@type":"EntryPoint","urlTemplate":"https:\/\/thefortune.one\/pt\/?s={search_term_string}"},"query-input":{"@type":"PropertyValueSpecification","valueRequired":true,"valueName":"search_term_string"}}],"inLanguage":"en-US"},{"@type":"Organization","@id":"https:\/\/thefortune.one\/pt\/#organization","name":"The Fortune One","url":"https:\/\/thefortune.one\/pt\/","logo":{"@type":"ImageObject","inLanguage":"en-US","@id":"https:\/\/thefortune.one\/pt\/#\/schema\/logo\/image\/","url":"https:\/\/thefortune.one\/wp-content\/uploads\/2022\/11\/cropped-cropped-1651682701199-1.jpg","contentUrl":"https:\/\/thefortune.one\/wp-content\/uploads\/2022\/11\/cropped-cropped-1651682701199-1.jpg","width":369,"height":421,"caption":"The Fortune One"},"image":{"@id":"https:\/\/thefortune.one\/pt\/#\/schema\/logo\/image\/"}},{"@type":"Person","@id":"https:\/\/thefortune.one\/pt\/#\/schema\/person\/6cd8fe72a627d36caabf41815984a16f","name":"bianca","image":{"@type":"ImageObject","inLanguage":"en-US","@id":"https:\/\/secure.gravatar.com\/avatar\/66cd7b00d93410555e00d1e6a911a86de0cd0cfa4f83a2f8b47eddc2968c98af?s=96&d=mm&r=g","url":"https:\/\/secure.gravatar.com\/avatar\/66cd7b00d93410555e00d1e6a911a86de0cd0cfa4f83a2f8b47eddc2968c98af?s=96&d=mm&r=g","contentUrl":"https:\/\/secure.gravatar.com\/avatar\/66cd7b00d93410555e00d1e6a911a86de0cd0cfa4f83a2f8b47eddc2968c98af?s=96&d=mm&r=g","caption":"bianca"},"url":"https:\/\/thefortune.one\/en\/author\/bianca\/"}]}},"_links":{"self":[{"href":"https:\/\/thefortune.one\/en\/wp-json\/wp\/v2\/posts\/4296","targetHints":{"allow":["GET"]}}],"collection":[{"href":"https:\/\/thefortune.one\/en\/wp-json\/wp\/v2\/posts"}],"about":[{"href":"https:\/\/thefortune.one\/en\/wp-json\/wp\/v2\/types\/post"}],"author":[{"embeddable":true,"href":"https:\/\/thefortune.one\/en\/wp-json\/wp\/v2\/users\/3"}],"replies":[{"embeddable":true,"href":"https:\/\/thefortune.one\/en\/wp-json\/wp\/v2\/comments?post=4296"}],"version-history":[{"count":1,"href":"https:\/\/thefortune.one\/en\/wp-json\/wp\/v2\/posts\/4296\/revisions"}],"predecessor-version":[{"id":4299,"href":"https:\/\/thefortune.one\/en\/wp-json\/wp\/v2\/posts\/4296\/revisions\/4299"}],"wp:featuredmedia":[{"embeddable":true,"href":"https:\/\/thefortune.one\/en\/wp-json\/wp\/v2\/media\/4298"}],"wp:attachment":[{"href":"https:\/\/thefortune.one\/en\/wp-json\/wp\/v2\/media?parent=4296"}],"wp:term":[{"taxonomy":"category","embeddable":true,"href":"https:\/\/thefortune.one\/en\/wp-json\/wp\/v2\/categories?post=4296"},{"taxonomy":"post_tag","embeddable":true,"href":"https:\/\/thefortune.one\/en\/wp-json\/wp\/v2\/tags?post=4296"}],"curies":[{"name":"wp","href":"https:\/\/api.w.org\/{rel}","templated":true}]}}