{"id":4222,"date":"2023-10-09T12:53:19","date_gmt":"2023-10-09T12:53:19","guid":{"rendered":"https:\/\/thefortune.one\/?p=4222"},"modified":"2023-10-09T12:53:19","modified_gmt":"2023-10-09T12:53:19","slug":"guerra-israel-x-hamas-deve-trazer-efeito-negativo-a-economia-global-e-brasileira","status":"publish","type":"post","link":"https:\/\/thefortune.one\/en\/guerra-israel-x-hamas-deve-trazer-efeito-negativo-a-economia-global-e-brasileira\/","title":{"rendered":"Guerra Israel x Hamas deve trazer efeito negativo \u00e0 economia global &#8211; e brasileira"},"content":{"rendered":"\n<p>Pre\u00e7os dos combust\u00edveis no Brasil poder\u00e3o ser reajustados se o petr\u00f3leo subir, o que afeta a infla\u00e7\u00e3o corrente e as expectativas; busca por seguran\u00e7a pode pressionar d\u00f3lar para cima e encarecer importa\u00e7\u00f5es<\/p>\n\n\n\n<figure class=\"wp-block-image size-full\"><img fetchpriority=\"high\" decoding=\"async\" width=\"936\" height=\"624\" src=\"https:\/\/thefortune.one\/wp-content\/uploads\/2023\/10\/image-2.png\" alt=\"\" class=\"wp-image-4225\" srcset=\"https:\/\/thefortune.one\/wp-content\/uploads\/2023\/10\/image-2.png 936w, https:\/\/thefortune.one\/wp-content\/uploads\/2023\/10\/image-2-300x200.png 300w, https:\/\/thefortune.one\/wp-content\/uploads\/2023\/10\/image-2-768x512.png 768w, https:\/\/thefortune.one\/wp-content\/uploads\/2023\/10\/image-2-18x12.png 18w\" sizes=\"(max-width: 936px) 100vw, 936px\" \/><\/figure>\n\n\n\n<p><a href=\"https:\/\/www.estadao.com.br\/tudo-sobre\/israel-asia\/\"><strong>Israel<\/strong><\/a><strong>&nbsp;<\/strong>e as regi\u00f5es palestinas (Faixa de Gaza e Cisjord\u00e2nia) t\u00eam um territ\u00f3rio relativamente pequeno e, juntos, n\u00e3o chegam a 15 milh\u00f5es de habitantes. Mas a guerra declarada pelo primeiro-ministro israelense, Benjamin Netanyahu, ap\u00f3s&nbsp;<a href=\"https:\/\/www.estadao.com.br\/internacional\/cinco-coisas-sobre-ataque-terrorista-hamas-israel\/\" target=\"_blank\" rel=\"noreferrer noopener\"><strong>ataque do grupo Hamas a Israel, na Faixa de Gaza, neste s\u00e1bado<\/strong><\/a>, 7, pode ter efeitos importantes sobre a economia global. A grande quest\u00e3o est\u00e1 na localiza\u00e7\u00e3o destes territ\u00f3rios, o Oriente M\u00e9dio, e nos pa\u00edses que apoiam os dois lados: Estados Unidos, do lado israelense, e Ir\u00e3, com os palestinos.<\/p>\n\n\n\n<p>Para come\u00e7ar, a regi\u00e3o est\u00e1 colada a grandes produtores de petr\u00f3leo, como Ar\u00e1bia Saudita, Emirados \u00c1rabes e Catar. E isso significa que os investidores devem embutir o risco da guerra nos pre\u00e7os da commodity. \u201cProvavelmente o barril de petr\u00f3leo ir\u00e1 subir na segunda-feira. O WTI est\u00e1 em queda e atingiu US$ 82,81. Esta guerra era a \u2018desculpa\u2019 que precisava para o barril subir. E se isso acontecer, todo o esfor\u00e7o do Fed [o Banco Central americano] e dos EUA para domar a infla\u00e7\u00e3o estar\u00e1 sob perigo\u201d, afirma o economista Andr\u00e9 Perfeito.<\/p>\n\n\n\n<p>O fato \u00e9 que, caso o petr\u00f3leo realmente suba, os investidores \u201cir\u00e3o continuar colocando press\u00e3o sobre os juros norte-americanos\u201d, diz Perfeito. E a alta dos yields dos Treasuries significa, necessariamente, queda de ativos de risco, como bolsas, e a penaliza\u00e7\u00e3o de ativos emergentes, inclusive os brasileiros.<\/p>\n\n\n\n<p>\u201cN\u00e3o me parece que o conflito ir\u00e1 se alastrar pela regi\u00e3o envolvendo outros pa\u00edses, mas s\u00f3 a possibilidade disso poder acontecer j\u00e1 mostra que a prefer\u00eancia pela liquidez dos agentes deve subir, fazendo com que ativos livres de risco avancem, como \u00e9 o caso do d\u00f3lar\u201d, diz Perfeito.<\/p>\n\n\n\n<p>Dito isso, h\u00e1 um segundo fato que pode afetar os juros americanos. Os Estados Unidos prometeram apoio a Israel, que j\u00e1 \u00e9 a maior pot\u00eancia militar da regi\u00e3o, o que pode significar a necessidade de ampliar os gastos militares no momento em que o governo americano luta para convencer o Congresso a elevar, por maior tempo, o teto da d\u00edvida, garantindo o pagamento de gastos.<\/p>\n\n\n\n<p>O presidente dos Estados Unidos, Joe Biden, disse que conversou com Netanyahu e que reafirmou o compromisso americano com a seguran\u00e7a israelense. \u201cOfereci nossa ajuda e reiterei o meu inabal\u00e1vel compromisso com a seguran\u00e7a de Israel\u201d, escreveu Biden na conta oficial da presid\u00eancia dos EUA no X, antigo Twitter.<\/p>\n\n\n\n<p>O problema \u00e9 que, segundo economistas t\u00eam alertado h\u00e1 tempos, a d\u00edvida dos EUA est\u00e1 se tornando insustent\u00e1vel, o que acaba pressionando ainda mais o retorno dos Treasuries, visto que o investidor cobra mais pr\u00eamios quanto maior \u00e9 o risco de um ativo.<\/p>\n\n\n\n<p>E se os EUA est\u00e3o de um lado, \u00e9 de se esperar que, al\u00e9m do Ir\u00e3, a R\u00fassia tamb\u00e9m estar\u00e1 do outro. Acontece que os russos j\u00e1 est\u00e3o em uma guerra na Ucr\u00e2nia, enfrentando dificuldades econ\u00f4micas e sofrendo san\u00e7\u00f5es que encarecem os pre\u00e7os globais por afetarem as exporta\u00e7\u00f5es do pa\u00eds a outras na\u00e7\u00f5es.<\/p>\n\n\n\n<p>A leitura de analistas, at\u00e9 agora, \u00e9 de que esse promete ser outro conflito longo &#8211; o da Ucr\u00e2nia j\u00e1 dura mais de um ano e meio -, o que manter\u00e1 o n\u00edvel de risco, em maior ou menor grau, em patamares mais elevados.<\/p>\n\n\n\n<p>E caso tudo isso se confirme, por mais que a dist\u00e2ncia geogr\u00e1fica do Brasil para Israel e Palestina seja significativa e que a posi\u00e7\u00e3o pol\u00edtica em conflitos n\u00e3o seja grande preocupa\u00e7\u00e3o, a economia brasileira tamb\u00e9m deve sentir os efeitos, sinaliza um gestor. Afinal, lembra ele, os pre\u00e7os dos combust\u00edveis no Brasil poder\u00e3o ser reajustados se o petr\u00f3leo subir, o que afeta a infla\u00e7\u00e3o corrente e as expectativas. Al\u00e9m disso, a busca por seguran\u00e7a pode pressionar o d\u00f3lar para cima e encarecer as importa\u00e7\u00f5es.<\/p>\n\n\n\n<p>\u201cNos \u00faltimos dias, a curva de juros j\u00e1 passou a indicar menor espa\u00e7o para corte de juros, tanto pelo cen\u00e1rio americano quanto pelo risco fiscal brasileiro. Uma deteriora\u00e7\u00e3o das expectativas de infla\u00e7\u00e3o contaminaria ainda mais o quadro para o Banco Central, afetando outras vari\u00e1veis econ\u00f4micas no m\u00e9dio prazo\u201d, explica.<\/p>\n\n\n\n<p>Para Perfeito, contudo, olhando para o m\u00e9dio prazo, a situa\u00e7\u00e3o n\u00e3o \u00e9 necessariamente ruim para o Brasil. \u201cA depender como o Itamaraty conduza a crise internacional, o Brasil pode se manter como um lugar \u2018suficientemente distante\u2019 de todo esse \u2018ru\u00eddo\u2019. Logo, em termos relativos, o Pa\u00eds pode se beneficiar.\u201d<\/p>\n\n\n\n<p>O problema \u00e9 que o Brasil n\u00e3o deve conseguir guardar muita dist\u00e2ncia do tema, por estar na presid\u00eancia do Conselho de Seguran\u00e7a das Na\u00e7\u00f5es Unidas. Tanto que, ao divulgar uma nota condenando a s\u00e9rie de bombardeios e ataques terrestres realizados a Israel a partir da Faixa de Gaza, o Minist\u00e9rio das Rela\u00e7\u00f5es Exteriores informou que o Brasil convocar\u00e1 reuni\u00e3o de emerg\u00eancia do \u00f3rg\u00e3o.<\/p>\n\n\n\n<p>\u201dAo reiterar que n\u00e3o h\u00e1 justificativa para o recurso \u00e0 viol\u00eancia, sobretudo contra civis, o governo brasileiro exorta todas as partes a exercerem m\u00e1xima conten\u00e7\u00e3o a fim de evitar a escalada da situa\u00e7\u00e3o\u201d, disse o Minist\u00e9rio.<\/p>\n\n\n\n<p>\u201cO governo brasileiro reitera seu compromisso com a solu\u00e7\u00e3o de dois Estados, com Palestina e Israel convivendo em paz e seguran\u00e7a, dentro de fronteiras mutuamente acordadas e internacionalmente reconhecidas. Reafirma, ainda, que a mera gest\u00e3o do conflito n\u00e3o constitui alternativa vi\u00e1vel para o encaminhamento da quest\u00e3o israelo-palestina, sendo urgente a retomada das negocia\u00e7\u00f5es de paz\u201d, finaliza o documento.<\/p>\n\n\n\n<p>Mas os envolvidos no conflito parecem distantes dessa vis\u00e3o. \u201cO inimigo pagar\u00e1 um pre\u00e7o sem precedentes\u201d, afirmou Netanyahu, prometendo que Israel \u201cdevolveria os ataques em uma magnitude que o inimigo n\u00e3o conhece\u201d.<\/p>\n\n\n\n<p>Fonte:https:\/\/www.estadao.com.br\/economia\/guerra-israel-x-hamas-deve-trazer-efeito-negativo-a-economia-global-e-brasileira\/<\/p>\n","protected":false},"excerpt":{"rendered":"<p>Pre\u00e7os dos combust\u00edveis no Brasil poder\u00e3o ser reajustados se o petr\u00f3leo subir, o que afeta a infla\u00e7\u00e3o corrente e as expectativas; busca por seguran\u00e7a pode pressionar d\u00f3lar para cima e encarecer importa\u00e7\u00f5es Israel&nbsp;e as regi\u00f5es palestinas (Faixa de Gaza e Cisjord\u00e2nia) t\u00eam um territ\u00f3rio relativamente pequeno e, juntos, n\u00e3o chegam a 15 milh\u00f5es de habitantes. [&hellip;]<\/p>\n","protected":false},"author":3,"featured_media":4226,"comment_status":"open","ping_status":"open","sticky":false,"template":"","format":"standard","meta":{"_joinchat":[],"footnotes":""},"categories":[1],"tags":[],"class_list":["post-4222","post","type-post","status-publish","format-standard","has-post-thumbnail","hentry","category-the-fortune-one"],"yoast_head":"<!-- This site is optimized with the Yoast SEO plugin v27.5 - https:\/\/yoast.com\/product\/yoast-seo-wordpress\/ -->\n<title>Guerra Israel x Hamas deve trazer efeito negativo \u00e0 economia global - e brasileira - The Fortune.one<\/title>\n<meta name=\"description\" content=\"Somos especialistas em gest\u00e3o patrimonial, op\u00e7\u00f5es de investimentos para diversos perfis, nosso diferencial \u00e9 comprovado com resultados.\" \/>\n<meta name=\"robots\" content=\"index, follow, max-snippet:-1, max-image-preview:large, max-video-preview:-1\" \/>\n<link rel=\"canonical\" href=\"https:\/\/thefortune.one\/en\/guerra-israel-x-hamas-deve-trazer-efeito-negativo-a-economia-global-e-brasileira\/\" \/>\n<meta property=\"og:locale\" content=\"en_US\" \/>\n<meta property=\"og:type\" content=\"article\" \/>\n<meta property=\"og:title\" content=\"Guerra Israel x Hamas deve trazer efeito negativo \u00e0 economia global - e brasileira - The Fortune.one\" \/>\n<meta property=\"og:description\" content=\"Somos especialistas em gest\u00e3o patrimonial, op\u00e7\u00f5es de investimentos para diversos perfis, nosso diferencial \u00e9 comprovado com resultados.\" \/>\n<meta property=\"og:url\" content=\"https:\/\/thefortune.one\/en\/guerra-israel-x-hamas-deve-trazer-efeito-negativo-a-economia-global-e-brasileira\/\" \/>\n<meta property=\"og:site_name\" content=\"The Fortune.one\" \/>\n<meta property=\"article:published_time\" content=\"2023-10-09T12:53:19+00:00\" \/>\n<meta property=\"og:image\" content=\"https:\/\/thefortune.one\/wp-content\/uploads\/2023\/10\/guerra-1.jpg\" \/>\n\t<meta property=\"og:image:width\" content=\"380\" \/>\n\t<meta property=\"og:image:height\" content=\"253\" \/>\n\t<meta property=\"og:image:type\" content=\"image\/jpeg\" \/>\n<meta name=\"author\" content=\"bianca\" \/>\n<meta name=\"twitter:card\" content=\"summary_large_image\" \/>\n<meta name=\"twitter:label1\" content=\"Written by\" \/>\n\t<meta name=\"twitter:data1\" content=\"bianca\" \/>\n\t<meta name=\"twitter:label2\" content=\"Est. reading time\" \/>\n\t<meta name=\"twitter:data2\" content=\"5 minutes\" \/>\n<script type=\"application\/ld+json\" class=\"yoast-schema-graph\">{\"@context\":\"https:\\\/\\\/schema.org\",\"@graph\":[{\"@type\":\"Article\",\"@id\":\"https:\\\/\\\/thefortune.one\\\/pt\\\/guerra-israel-x-hamas-deve-trazer-efeito-negativo-a-economia-global-e-brasileira\\\/#article\",\"isPartOf\":{\"@id\":\"https:\\\/\\\/thefortune.one\\\/pt\\\/guerra-israel-x-hamas-deve-trazer-efeito-negativo-a-economia-global-e-brasileira\\\/\"},\"author\":{\"name\":\"bianca\",\"@id\":\"https:\\\/\\\/thefortune.one\\\/pt\\\/#\\\/schema\\\/person\\\/6cd8fe72a627d36caabf41815984a16f\"},\"headline\":\"Guerra Israel x Hamas deve trazer efeito negativo \u00e0 economia global &#8211; e brasileira\",\"datePublished\":\"2023-10-09T12:53:19+00:00\",\"mainEntityOfPage\":{\"@id\":\"https:\\\/\\\/thefortune.one\\\/pt\\\/guerra-israel-x-hamas-deve-trazer-efeito-negativo-a-economia-global-e-brasileira\\\/\"},\"wordCount\":1053,\"commentCount\":0,\"publisher\":{\"@id\":\"https:\\\/\\\/thefortune.one\\\/pt\\\/#organization\"},\"image\":{\"@id\":\"https:\\\/\\\/thefortune.one\\\/pt\\\/guerra-israel-x-hamas-deve-trazer-efeito-negativo-a-economia-global-e-brasileira\\\/#primaryimage\"},\"thumbnailUrl\":\"https:\\\/\\\/thefortune.one\\\/wp-content\\\/uploads\\\/2023\\\/10\\\/guerra-1.jpg\",\"articleSection\":[\"The Fortune.one\"],\"inLanguage\":\"en-US\",\"potentialAction\":[{\"@type\":\"CommentAction\",\"name\":\"Comment\",\"target\":[\"https:\\\/\\\/thefortune.one\\\/pt\\\/guerra-israel-x-hamas-deve-trazer-efeito-negativo-a-economia-global-e-brasileira\\\/#respond\"]}]},{\"@type\":\"WebPage\",\"@id\":\"https:\\\/\\\/thefortune.one\\\/pt\\\/guerra-israel-x-hamas-deve-trazer-efeito-negativo-a-economia-global-e-brasileira\\\/\",\"url\":\"https:\\\/\\\/thefortune.one\\\/pt\\\/guerra-israel-x-hamas-deve-trazer-efeito-negativo-a-economia-global-e-brasileira\\\/\",\"name\":\"Guerra Israel x Hamas deve trazer efeito negativo \u00e0 economia global - e brasileira - The Fortune.one\",\"isPartOf\":{\"@id\":\"https:\\\/\\\/thefortune.one\\\/pt\\\/#website\"},\"primaryImageOfPage\":{\"@id\":\"https:\\\/\\\/thefortune.one\\\/pt\\\/guerra-israel-x-hamas-deve-trazer-efeito-negativo-a-economia-global-e-brasileira\\\/#primaryimage\"},\"image\":{\"@id\":\"https:\\\/\\\/thefortune.one\\\/pt\\\/guerra-israel-x-hamas-deve-trazer-efeito-negativo-a-economia-global-e-brasileira\\\/#primaryimage\"},\"thumbnailUrl\":\"https:\\\/\\\/thefortune.one\\\/wp-content\\\/uploads\\\/2023\\\/10\\\/guerra-1.jpg\",\"datePublished\":\"2023-10-09T12:53:19+00:00\",\"description\":\"Somos especialistas em gest\u00e3o patrimonial, op\u00e7\u00f5es de investimentos para diversos perfis, nosso diferencial \u00e9 comprovado com resultados.\",\"breadcrumb\":{\"@id\":\"https:\\\/\\\/thefortune.one\\\/pt\\\/guerra-israel-x-hamas-deve-trazer-efeito-negativo-a-economia-global-e-brasileira\\\/#breadcrumb\"},\"inLanguage\":\"en-US\",\"potentialAction\":[{\"@type\":\"ReadAction\",\"target\":[\"https:\\\/\\\/thefortune.one\\\/pt\\\/guerra-israel-x-hamas-deve-trazer-efeito-negativo-a-economia-global-e-brasileira\\\/\"]}]},{\"@type\":\"ImageObject\",\"inLanguage\":\"en-US\",\"@id\":\"https:\\\/\\\/thefortune.one\\\/pt\\\/guerra-israel-x-hamas-deve-trazer-efeito-negativo-a-economia-global-e-brasileira\\\/#primaryimage\",\"url\":\"https:\\\/\\\/thefortune.one\\\/wp-content\\\/uploads\\\/2023\\\/10\\\/guerra-1.jpg\",\"contentUrl\":\"https:\\\/\\\/thefortune.one\\\/wp-content\\\/uploads\\\/2023\\\/10\\\/guerra-1.jpg\",\"width\":380,\"height\":253},{\"@type\":\"BreadcrumbList\",\"@id\":\"https:\\\/\\\/thefortune.one\\\/pt\\\/guerra-israel-x-hamas-deve-trazer-efeito-negativo-a-economia-global-e-brasileira\\\/#breadcrumb\",\"itemListElement\":[{\"@type\":\"ListItem\",\"position\":1,\"name\":\"In\u00edcio\",\"item\":\"https:\\\/\\\/thefortune.one\\\/pt\\\/\"},{\"@type\":\"ListItem\",\"position\":2,\"name\":\"Guerra Israel x Hamas deve trazer efeito negativo \u00e0 economia global &#8211; e brasileira\"}]},{\"@type\":\"WebSite\",\"@id\":\"https:\\\/\\\/thefortune.one\\\/pt\\\/#website\",\"url\":\"https:\\\/\\\/thefortune.one\\\/pt\\\/\",\"name\":\"The Fortune.one\",\"description\":\"Gestora de Recursos Especializada em Private Equity\",\"publisher\":{\"@id\":\"https:\\\/\\\/thefortune.one\\\/pt\\\/#organization\"},\"potentialAction\":[{\"@type\":\"SearchAction\",\"target\":{\"@type\":\"EntryPoint\",\"urlTemplate\":\"https:\\\/\\\/thefortune.one\\\/pt\\\/?s={search_term_string}\"},\"query-input\":{\"@type\":\"PropertyValueSpecification\",\"valueRequired\":true,\"valueName\":\"search_term_string\"}}],\"inLanguage\":\"en-US\"},{\"@type\":\"Organization\",\"@id\":\"https:\\\/\\\/thefortune.one\\\/pt\\\/#organization\",\"name\":\"The Fortune One\",\"url\":\"https:\\\/\\\/thefortune.one\\\/pt\\\/\",\"logo\":{\"@type\":\"ImageObject\",\"inLanguage\":\"en-US\",\"@id\":\"https:\\\/\\\/thefortune.one\\\/pt\\\/#\\\/schema\\\/logo\\\/image\\\/\",\"url\":\"https:\\\/\\\/thefortune.one\\\/wp-content\\\/uploads\\\/2022\\\/11\\\/cropped-cropped-1651682701199-1.jpg\",\"contentUrl\":\"https:\\\/\\\/thefortune.one\\\/wp-content\\\/uploads\\\/2022\\\/11\\\/cropped-cropped-1651682701199-1.jpg\",\"width\":369,\"height\":421,\"caption\":\"The Fortune One\"},\"image\":{\"@id\":\"https:\\\/\\\/thefortune.one\\\/pt\\\/#\\\/schema\\\/logo\\\/image\\\/\"}},{\"@type\":\"Person\",\"@id\":\"https:\\\/\\\/thefortune.one\\\/pt\\\/#\\\/schema\\\/person\\\/6cd8fe72a627d36caabf41815984a16f\",\"name\":\"bianca\",\"image\":{\"@type\":\"ImageObject\",\"inLanguage\":\"en-US\",\"@id\":\"https:\\\/\\\/secure.gravatar.com\\\/avatar\\\/66cd7b00d93410555e00d1e6a911a86de0cd0cfa4f83a2f8b47eddc2968c98af?s=96&d=mm&r=g\",\"url\":\"https:\\\/\\\/secure.gravatar.com\\\/avatar\\\/66cd7b00d93410555e00d1e6a911a86de0cd0cfa4f83a2f8b47eddc2968c98af?s=96&d=mm&r=g\",\"contentUrl\":\"https:\\\/\\\/secure.gravatar.com\\\/avatar\\\/66cd7b00d93410555e00d1e6a911a86de0cd0cfa4f83a2f8b47eddc2968c98af?s=96&d=mm&r=g\",\"caption\":\"bianca\"},\"url\":\"https:\\\/\\\/thefortune.one\\\/en\\\/author\\\/bianca\\\/\"}]}<\/script>\n<!-- \/ Yoast SEO plugin. -->","yoast_head_json":{"title":"Guerra Israel x Hamas deve trazer efeito negativo \u00e0 economia global - e brasileira - The Fortune.one","description":"Somos especialistas em gest\u00e3o patrimonial, op\u00e7\u00f5es de investimentos para diversos perfis, nosso diferencial \u00e9 comprovado com resultados.","robots":{"index":"index","follow":"follow","max-snippet":"max-snippet:-1","max-image-preview":"max-image-preview:large","max-video-preview":"max-video-preview:-1"},"canonical":"https:\/\/thefortune.one\/en\/guerra-israel-x-hamas-deve-trazer-efeito-negativo-a-economia-global-e-brasileira\/","og_locale":"en_US","og_type":"article","og_title":"Guerra Israel x Hamas deve trazer efeito negativo \u00e0 economia global - e brasileira - The Fortune.one","og_description":"Somos especialistas em gest\u00e3o patrimonial, op\u00e7\u00f5es de investimentos para diversos perfis, nosso diferencial \u00e9 comprovado com resultados.","og_url":"https:\/\/thefortune.one\/en\/guerra-israel-x-hamas-deve-trazer-efeito-negativo-a-economia-global-e-brasileira\/","og_site_name":"The Fortune.one","article_published_time":"2023-10-09T12:53:19+00:00","og_image":[{"width":380,"height":253,"url":"https:\/\/thefortune.one\/wp-content\/uploads\/2023\/10\/guerra-1.jpg","type":"image\/jpeg"}],"author":"bianca","twitter_card":"summary_large_image","twitter_misc":{"Written by":"bianca","Est. reading time":"5 minutes"},"schema":{"@context":"https:\/\/schema.org","@graph":[{"@type":"Article","@id":"https:\/\/thefortune.one\/pt\/guerra-israel-x-hamas-deve-trazer-efeito-negativo-a-economia-global-e-brasileira\/#article","isPartOf":{"@id":"https:\/\/thefortune.one\/pt\/guerra-israel-x-hamas-deve-trazer-efeito-negativo-a-economia-global-e-brasileira\/"},"author":{"name":"bianca","@id":"https:\/\/thefortune.one\/pt\/#\/schema\/person\/6cd8fe72a627d36caabf41815984a16f"},"headline":"Guerra Israel x Hamas deve trazer efeito negativo \u00e0 economia global &#8211; e brasileira","datePublished":"2023-10-09T12:53:19+00:00","mainEntityOfPage":{"@id":"https:\/\/thefortune.one\/pt\/guerra-israel-x-hamas-deve-trazer-efeito-negativo-a-economia-global-e-brasileira\/"},"wordCount":1053,"commentCount":0,"publisher":{"@id":"https:\/\/thefortune.one\/pt\/#organization"},"image":{"@id":"https:\/\/thefortune.one\/pt\/guerra-israel-x-hamas-deve-trazer-efeito-negativo-a-economia-global-e-brasileira\/#primaryimage"},"thumbnailUrl":"https:\/\/thefortune.one\/wp-content\/uploads\/2023\/10\/guerra-1.jpg","articleSection":["The Fortune.one"],"inLanguage":"en-US","potentialAction":[{"@type":"CommentAction","name":"Comment","target":["https:\/\/thefortune.one\/pt\/guerra-israel-x-hamas-deve-trazer-efeito-negativo-a-economia-global-e-brasileira\/#respond"]}]},{"@type":"WebPage","@id":"https:\/\/thefortune.one\/pt\/guerra-israel-x-hamas-deve-trazer-efeito-negativo-a-economia-global-e-brasileira\/","url":"https:\/\/thefortune.one\/pt\/guerra-israel-x-hamas-deve-trazer-efeito-negativo-a-economia-global-e-brasileira\/","name":"Guerra Israel x Hamas deve trazer efeito negativo \u00e0 economia global - e brasileira - The Fortune.one","isPartOf":{"@id":"https:\/\/thefortune.one\/pt\/#website"},"primaryImageOfPage":{"@id":"https:\/\/thefortune.one\/pt\/guerra-israel-x-hamas-deve-trazer-efeito-negativo-a-economia-global-e-brasileira\/#primaryimage"},"image":{"@id":"https:\/\/thefortune.one\/pt\/guerra-israel-x-hamas-deve-trazer-efeito-negativo-a-economia-global-e-brasileira\/#primaryimage"},"thumbnailUrl":"https:\/\/thefortune.one\/wp-content\/uploads\/2023\/10\/guerra-1.jpg","datePublished":"2023-10-09T12:53:19+00:00","description":"Somos especialistas em gest\u00e3o patrimonial, op\u00e7\u00f5es de investimentos para diversos perfis, nosso diferencial \u00e9 comprovado com resultados.","breadcrumb":{"@id":"https:\/\/thefortune.one\/pt\/guerra-israel-x-hamas-deve-trazer-efeito-negativo-a-economia-global-e-brasileira\/#breadcrumb"},"inLanguage":"en-US","potentialAction":[{"@type":"ReadAction","target":["https:\/\/thefortune.one\/pt\/guerra-israel-x-hamas-deve-trazer-efeito-negativo-a-economia-global-e-brasileira\/"]}]},{"@type":"ImageObject","inLanguage":"en-US","@id":"https:\/\/thefortune.one\/pt\/guerra-israel-x-hamas-deve-trazer-efeito-negativo-a-economia-global-e-brasileira\/#primaryimage","url":"https:\/\/thefortune.one\/wp-content\/uploads\/2023\/10\/guerra-1.jpg","contentUrl":"https:\/\/thefortune.one\/wp-content\/uploads\/2023\/10\/guerra-1.jpg","width":380,"height":253},{"@type":"BreadcrumbList","@id":"https:\/\/thefortune.one\/pt\/guerra-israel-x-hamas-deve-trazer-efeito-negativo-a-economia-global-e-brasileira\/#breadcrumb","itemListElement":[{"@type":"ListItem","position":1,"name":"In\u00edcio","item":"https:\/\/thefortune.one\/pt\/"},{"@type":"ListItem","position":2,"name":"Guerra Israel x Hamas deve trazer efeito negativo \u00e0 economia global &#8211; e brasileira"}]},{"@type":"WebSite","@id":"https:\/\/thefortune.one\/pt\/#website","url":"https:\/\/thefortune.one\/pt\/","name":"The Fortune.one","description":"Gestora de Recursos Especializada em Private Equity","publisher":{"@id":"https:\/\/thefortune.one\/pt\/#organization"},"potentialAction":[{"@type":"SearchAction","target":{"@type":"EntryPoint","urlTemplate":"https:\/\/thefortune.one\/pt\/?s={search_term_string}"},"query-input":{"@type":"PropertyValueSpecification","valueRequired":true,"valueName":"search_term_string"}}],"inLanguage":"en-US"},{"@type":"Organization","@id":"https:\/\/thefortune.one\/pt\/#organization","name":"The Fortune One","url":"https:\/\/thefortune.one\/pt\/","logo":{"@type":"ImageObject","inLanguage":"en-US","@id":"https:\/\/thefortune.one\/pt\/#\/schema\/logo\/image\/","url":"https:\/\/thefortune.one\/wp-content\/uploads\/2022\/11\/cropped-cropped-1651682701199-1.jpg","contentUrl":"https:\/\/thefortune.one\/wp-content\/uploads\/2022\/11\/cropped-cropped-1651682701199-1.jpg","width":369,"height":421,"caption":"The Fortune One"},"image":{"@id":"https:\/\/thefortune.one\/pt\/#\/schema\/logo\/image\/"}},{"@type":"Person","@id":"https:\/\/thefortune.one\/pt\/#\/schema\/person\/6cd8fe72a627d36caabf41815984a16f","name":"bianca","image":{"@type":"ImageObject","inLanguage":"en-US","@id":"https:\/\/secure.gravatar.com\/avatar\/66cd7b00d93410555e00d1e6a911a86de0cd0cfa4f83a2f8b47eddc2968c98af?s=96&d=mm&r=g","url":"https:\/\/secure.gravatar.com\/avatar\/66cd7b00d93410555e00d1e6a911a86de0cd0cfa4f83a2f8b47eddc2968c98af?s=96&d=mm&r=g","contentUrl":"https:\/\/secure.gravatar.com\/avatar\/66cd7b00d93410555e00d1e6a911a86de0cd0cfa4f83a2f8b47eddc2968c98af?s=96&d=mm&r=g","caption":"bianca"},"url":"https:\/\/thefortune.one\/en\/author\/bianca\/"}]}},"_links":{"self":[{"href":"https:\/\/thefortune.one\/en\/wp-json\/wp\/v2\/posts\/4222","targetHints":{"allow":["GET"]}}],"collection":[{"href":"https:\/\/thefortune.one\/en\/wp-json\/wp\/v2\/posts"}],"about":[{"href":"https:\/\/thefortune.one\/en\/wp-json\/wp\/v2\/types\/post"}],"author":[{"embeddable":true,"href":"https:\/\/thefortune.one\/en\/wp-json\/wp\/v2\/users\/3"}],"replies":[{"embeddable":true,"href":"https:\/\/thefortune.one\/en\/wp-json\/wp\/v2\/comments?post=4222"}],"version-history":[{"count":1,"href":"https:\/\/thefortune.one\/en\/wp-json\/wp\/v2\/posts\/4222\/revisions"}],"predecessor-version":[{"id":4227,"href":"https:\/\/thefortune.one\/en\/wp-json\/wp\/v2\/posts\/4222\/revisions\/4227"}],"wp:featuredmedia":[{"embeddable":true,"href":"https:\/\/thefortune.one\/en\/wp-json\/wp\/v2\/media\/4226"}],"wp:attachment":[{"href":"https:\/\/thefortune.one\/en\/wp-json\/wp\/v2\/media?parent=4222"}],"wp:term":[{"taxonomy":"category","embeddable":true,"href":"https:\/\/thefortune.one\/en\/wp-json\/wp\/v2\/categories?post=4222"},{"taxonomy":"post_tag","embeddable":true,"href":"https:\/\/thefortune.one\/en\/wp-json\/wp\/v2\/tags?post=4222"}],"curies":[{"name":"wp","href":"https:\/\/api.w.org\/{rel}","templated":true}]}}