{"id":4181,"date":"2023-09-26T13:29:24","date_gmt":"2023-09-26T13:29:24","guid":{"rendered":"https:\/\/thefortune.one\/?p=4181"},"modified":"2023-09-26T13:29:24","modified_gmt":"2023-09-26T13:29:24","slug":"ata-do-copom-intensificacao-do-ritmo-de-cortes-de-juros-e-pouco-provavel","status":"publish","type":"post","link":"https:\/\/thefortune.one\/en\/ata-do-copom-intensificacao-do-ritmo-de-cortes-de-juros-e-pouco-provavel\/","title":{"rendered":"Ata do Copom: Intensifica\u00e7\u00e3o do ritmo de cortes de juros \u00e9 pouco prov\u00e1vel"},"content":{"rendered":"\n<p>Confian\u00e7a para acelerar viria apenas com mudan\u00e7a da din\u00e2mica da infla\u00e7\u00e3o, especialmente de servi\u00e7os, e reancoragem s\u00f3lida das expectativas<\/p>\n\n\n\n<figure class=\"wp-block-image\"><img decoding=\"async\" src=\"https:\/\/www.infomoney.com.br\/wp-content\/uploads\/2023\/08\/bc-copom-nova-diretoriap.jpg?resize=916%2C515&amp;quality=70&amp;strip=all\" alt=\"Reuni\u00e3o do Comit\u00ea de Pol\u00edtica Monet\u00e1ria do Banco Central do Brasil. Foto: Raphael Ribeiro\/BCB\" \/><\/figure>\n\n\n\n<p>O Comit\u00ea de Pol\u00edtica Monet\u00e1ria (Copom) do Banco Central julga como pouco prov\u00e1vel uma intensifica\u00e7\u00e3o adicional do ritmo de cortes de juros, uma vez que isso exigiria surpresas positivas substanciais que elevassem ainda mais a confian\u00e7a na din\u00e2mica desinflacion\u00e1ria \u00e0 frente. A afirma\u00e7\u00e3o est\u00e1 na Ata da \u00faltima reuni\u00e3o do colegiado, realizada no dia 20 e que decidiu por um&nbsp;<a href=\"https:\/\/www.infomoney.com.br\/mercados\/bc-reduz-juros-em-050-ponto-percentual-selic-vai-a-1275\/\">novo corte de 50 pontos-base na taxa Selic<\/a>, que foi reduzida para 12,75% ao ano.<\/p>\n\n\n\n<p>Segundo o documento, essa confian\u00e7a viria apenas com uma altera\u00e7\u00e3o significativa dos fundamentos da din\u00e2mica da infla\u00e7\u00e3o, tais como uma reancoragem mais s\u00f3lida das expectativas, uma abertura contundente do hiato do produto ou uma din\u00e2mica \u201csubstancialmente mais benigna do que a esperada da infla\u00e7\u00e3o de servi\u00e7os\u201d.<\/p>\n\n\n\n<p>O ritmo de 0,50 ponto percentual foi considerado pelos diretores do BC como apropriado nas pr\u00f3ximas reuni\u00f5es para manter a pol\u00edtica monet\u00e1ria contracionista necess\u00e1ria para o processo desinflacion\u00e1rio.<\/p>\n\n\n\n<p>\u201cTal ritmo conjuga, de um lado, o firme compromisso com a reancoragem de expectativas e a din\u00e2mica desinflacion\u00e1ria e, de outro, o ajuste no n\u00edvel de aperto monet\u00e1rio em termos reais diante da din\u00e2mica mais benigna da infla\u00e7\u00e3o antecipada nas proje\u00e7\u00f5es do cen\u00e1rio de refer\u00eancia\u201d, diz o texto da Ata.<\/p>\n\n\n\n<p>Segundo o documento, foi avaliada ainda que n\u00e3o h\u00e1 evid\u00eancia de que esteja em curso um aperto al\u00e9m do que seria necess\u00e1rio para a converg\u00eancia da infla\u00e7\u00e3o para a meta e que o cen\u00e1rio ainda inspira cautela, refor\u00e7ando a vis\u00e3o de serenidade e modera\u00e7\u00e3o que o Comit\u00ea tem expressado.<\/p>\n\n\n\n<h2 class=\"wp-block-heading\">Preocupa\u00e7\u00e3o com o fiscal<\/h2>\n\n\n\n<p>Sobre as expectativas de infla\u00e7\u00e3o, o Copom considera que, ap\u00f3s apresentarem reancoragem parcial, elas seguem sendo um fator de preocupa\u00e7\u00e3o. \u201cO Comit\u00ea seguiu avaliando que, entre as possibilidades que justificariam observarmos expectativas de infla\u00e7\u00e3o acima da meta estariam as preocupa\u00e7\u00f5es no \u00e2mbito fiscal, receios com a desinfla\u00e7\u00e3o global e a poss\u00edvel percep\u00e7\u00e3o, por parte de analistas, de que o Copom, ao longo do tempo, poderia se tornar mais leniente no combate \u00e0 infla\u00e7\u00e3o\u201d, diz o texto.<\/p>\n\n\n\n<p>\u201cDesse modo, o Comit\u00ea avalia que a redu\u00e7\u00e3o das expectativas vir\u00e1 por meio de uma atua\u00e7\u00e3o firme, em conson\u00e2ncia com o objetivo de fortalecer a credibilidade e a reputa\u00e7\u00e3o tanto das institui\u00e7\u00f5es como dos arcabou\u00e7os econ\u00f4micos.\u201d<\/p>\n\n\n\n<p>Para o Comit\u00ea, parte da incerteza observada nos mercados, com eleva\u00e7\u00e3o de pr\u00eamios de risco e da infla\u00e7\u00e3o impl\u00edcita, estava anteriormente mais em torno do desenho final do arcabou\u00e7o fiscal e atualmente se refere mais \u00e0 execu\u00e7\u00e3o das medidas de receita e despesas compat\u00edveis com o arcabou\u00e7o e o atingimento das metas fiscais.<\/p>\n\n\n\n<p>\u201cTendo em conta a import\u00e2ncia da execu\u00e7\u00e3o das metas fiscais j\u00e1 estabelecidas para a ancoragem das expectativas de infla\u00e7\u00e3o e, consequentemente, para a condu\u00e7\u00e3o da pol\u00edtica monet\u00e1ria, o Comit\u00ea refor\u00e7a a import\u00e2ncia da firme persecu\u00e7\u00e3o dessas metas.\u201d<\/p>\n\n\n\n<p>O Copom ressalta que, em seus cen\u00e1rios para a infla\u00e7\u00e3o, permanecem fatores de risco em ambas as dire\u00e7\u00f5es. Entre os riscos de alta para o cen\u00e1rio inflacion\u00e1rio e as expectativas de infla\u00e7\u00e3o, destacam-se uma maior persist\u00eancia das press\u00f5es inflacion\u00e1rias globais e uma maior resili\u00eancia na infla\u00e7\u00e3o de servi\u00e7os do que a projetada em fun\u00e7\u00e3o de um hiato do produto mais apertado.<\/p>\n\n\n\n<p>Entre os riscos de baixa, foram destacadas a desacelera\u00e7\u00e3o da atividade econ\u00f4mica global mais acentuada do que a projetada os impactos do aperto monet\u00e1rio sincronizado sobre a desinfla\u00e7\u00e3o global se mostrarem mais fortes do que o esperado.<\/p>\n\n\n\n<p>Em sua decis\u00e3o sobre juros, o Comit\u00ea considerou que a conjuntura atual, caracterizada por um est\u00e1gio do processo desinflacion\u00e1rio que tende a ser mais lento e por expectativas de infla\u00e7\u00e3o com reancoragem parcial, demanda serenidade e modera\u00e7\u00e3o na condu\u00e7\u00e3o da pol\u00edtica monet\u00e1ria.<\/p>\n\n\n\n<p>\u201cO Comit\u00ea refor\u00e7a a necessidade de perseverar com uma pol\u00edtica monet\u00e1ria contracionista at\u00e9 que se consolide n\u00e3o apenas o processo de desinfla\u00e7\u00e3o como tamb\u00e9m a ancoragem das expectativas em torno de suas metas.\u201d<\/p>\n\n\n\n<p>Para os diretores do BC, em se confirmando o cen\u00e1rio esperado, os membros do Comit\u00ea, unanimemente, refor\u00e7aram no documento que anteveem redu\u00e7\u00e3o de juros de mesma magnitude nas pr\u00f3ximas reuni\u00f5es e avaliam que esse \u00e9 o ritmo apropriado para manter a pol\u00edtica monet\u00e1ria contracionista necess\u00e1ria para o processo desinflacion\u00e1rio.<\/p>\n\n\n\n<p>\u201cO Comit\u00ea ressalta ainda que a magnitude total do ciclo de flexibiliza\u00e7\u00e3o ao longo do tempo depender\u00e1 da evolu\u00e7\u00e3o da din\u00e2mica inflacion\u00e1ria, em especial dos componentes mais sens\u00edveis \u00e0 pol\u00edtica monet\u00e1ria e \u00e0 atividade econ\u00f4mica, das expectativas de infla\u00e7\u00e3o, em particular as de maior prazo, de suas proje\u00e7\u00f5es de infla\u00e7\u00e3o, do hiato do produto e do balan\u00e7o de riscos.\u201d<\/p>\n\n\n\n<h2 class=\"wp-block-heading\">Cen\u00e1rios externo e interno<\/h2>\n\n\n\n<p>Segundo a avalia\u00e7\u00e3o dos diretores do BC, o ambiente externo mostra-se mais incerto, com a continuidade do processo de desinfla\u00e7\u00e3o, a despeito de n\u00facleos de infla\u00e7\u00e3o ainda elevados e resili\u00eancia nos mercados de trabalho de diversos pa\u00edses.<\/p>\n\n\n\n<p>Ainda segundo a Ata do Copom, em paralelo, os bancos centrais das principais economias seguem determinados em promover a converg\u00eancia das taxas de infla\u00e7\u00e3o para suas metas, \u201cseja dando continuidade a seus ciclos de aperto monet\u00e1rio, seja sinalizando um per\u00edodo prolongado de juros elevados para combater as press\u00f5es inflacion\u00e1rias ou indicando um per\u00edodo de pausa ainda em um ciclo de eleva\u00e7\u00e3o de juros.\u201d<\/p>\n\n\n\n<p>O Comit\u00ea destacou tamb\u00e9m a eleva\u00e7\u00e3o das taxas de juros de longo prazo dos Estados Unidos e a perspectiva de menor crescimento na China, \u201cambas exigindo maior aten\u00e7\u00e3o por parte de pa\u00edses emergentes\u201d.<\/p>\n\n\n\n<p>No \u00e2mbito dom\u00e9stico, a avalia\u00e7\u00e3o \u00e9 que o conjunto de indicadores recentes indica um cen\u00e1rio de maior resili\u00eancia da atividade econ\u00f4mica. \u201cOs dados referentes \u00e0 atividade econ\u00f4mica do segundo trimestre, em particular a divulga\u00e7\u00e3o do PIB, indicam que setores n\u00e3o c\u00edclicos da economia mantiveram dinamismo, mas tamb\u00e9m se observou um crescimento no componente da demanda referente ao consumo das fam\u00edlias\u201d, diz a Ata.<\/p>\n\n\n\n<p>Para o BC, de modo geral, nos indicadores setoriais, observou-se alguma desacelera\u00e7\u00e3o no setor de com\u00e9rcio, moderada reacelera\u00e7\u00e3o na ind\u00fastria e estabilidade do crescimento no setor de servi\u00e7os, ap\u00f3s ritmo mais forte nos trimestres anteriores. \u201cO mercado de trabalho segue resiliente, mas com alguma modera\u00e7\u00e3o na margem.\u201d<\/p>\n\n\n\n<p>Para os diretores, a infla\u00e7\u00e3o ao consumidor segue com uma din\u00e2mica corrente mais benigna, exibindo desacelera\u00e7\u00e3o tanto na infla\u00e7\u00e3o de servi\u00e7os quanto nos n\u00facleos de infla\u00e7\u00e3o. \u201cOs indicadores que agregam os componentes mais sens\u00edveis ao ciclo econ\u00f4mico e \u00e0 pol\u00edtica monet\u00e1ria, que possuem maior in\u00e9rcia inflacion\u00e1ria, apresentaram menor infla\u00e7\u00e3o, mas mant\u00eam-se acima da meta.\u201d<\/p>\n\n\n\n<p>As expectativas de infla\u00e7\u00e3o para 2023 est\u00e3o em 4,9%, as de 2024 se situam em 3,9%, e as de 2025 s\u00e3o de 3,5%.<\/p>\n\n\n\n<p>Fonte:https:\/\/www.infomoney.com.br\/economia\/ata-do-copom-intensificacao-do-ritmo-de-cortes-de-juros-e-pouco-provavel\/<\/p>\n","protected":false},"excerpt":{"rendered":"<p>Confian\u00e7a para acelerar viria apenas com mudan\u00e7a da din\u00e2mica da infla\u00e7\u00e3o, especialmente de servi\u00e7os, e reancoragem s\u00f3lida das expectativas O Comit\u00ea de Pol\u00edtica Monet\u00e1ria (Copom) do Banco Central julga como pouco prov\u00e1vel uma intensifica\u00e7\u00e3o adicional do ritmo de cortes de juros, uma vez que isso exigiria surpresas positivas substanciais que elevassem ainda mais a confian\u00e7a [&hellip;]<\/p>\n","protected":false},"author":3,"featured_media":4184,"comment_status":"open","ping_status":"open","sticky":false,"template":"","format":"standard","meta":{"_joinchat":[],"footnotes":""},"categories":[1],"tags":[],"class_list":["post-4181","post","type-post","status-publish","format-standard","has-post-thumbnail","hentry","category-the-fortune-one"],"yoast_head":"<!-- This site is optimized with the Yoast SEO plugin v27.5 - https:\/\/yoast.com\/product\/yoast-seo-wordpress\/ -->\n<title>Ata do Copom: Intensifica\u00e7\u00e3o do ritmo de cortes de juros \u00e9 pouco prov\u00e1vel - The Fortune.one<\/title>\n<meta name=\"description\" content=\"Somos especialistas em gest\u00e3o patrimonial, op\u00e7\u00f5es de investimentos para diversos perfis, nosso diferencial \u00e9 comprovado com resultados.\" \/>\n<meta name=\"robots\" content=\"index, follow, max-snippet:-1, max-image-preview:large, max-video-preview:-1\" \/>\n<link rel=\"canonical\" href=\"https:\/\/thefortune.one\/en\/ata-do-copom-intensificacao-do-ritmo-de-cortes-de-juros-e-pouco-provavel\/\" \/>\n<meta property=\"og:locale\" content=\"en_US\" \/>\n<meta property=\"og:type\" content=\"article\" \/>\n<meta property=\"og:title\" content=\"Ata do Copom: Intensifica\u00e7\u00e3o do ritmo de cortes de juros \u00e9 pouco prov\u00e1vel - The Fortune.one\" \/>\n<meta property=\"og:description\" content=\"Somos especialistas em gest\u00e3o patrimonial, op\u00e7\u00f5es de investimentos para diversos perfis, nosso diferencial \u00e9 comprovado com resultados.\" \/>\n<meta property=\"og:url\" content=\"https:\/\/thefortune.one\/en\/ata-do-copom-intensificacao-do-ritmo-de-cortes-de-juros-e-pouco-provavel\/\" \/>\n<meta property=\"og:site_name\" content=\"The Fortune.one\" \/>\n<meta property=\"article:published_time\" content=\"2023-09-26T13:29:24+00:00\" \/>\n<meta property=\"og:image\" content=\"https:\/\/thefortune.one\/wp-content\/uploads\/2023\/09\/reuniao-2.jpg\" \/>\n\t<meta property=\"og:image:width\" content=\"916\" \/>\n\t<meta property=\"og:image:height\" content=\"515\" \/>\n\t<meta property=\"og:image:type\" content=\"image\/jpeg\" \/>\n<meta name=\"author\" content=\"bianca\" \/>\n<meta name=\"twitter:card\" content=\"summary_large_image\" \/>\n<meta name=\"twitter:label1\" content=\"Written by\" \/>\n\t<meta name=\"twitter:data1\" content=\"bianca\" \/>\n\t<meta name=\"twitter:label2\" content=\"Est. reading time\" \/>\n\t<meta name=\"twitter:data2\" content=\"6 minutes\" \/>\n<script type=\"application\/ld+json\" class=\"yoast-schema-graph\">{\"@context\":\"https:\\\/\\\/schema.org\",\"@graph\":[{\"@type\":\"Article\",\"@id\":\"https:\\\/\\\/thefortune.one\\\/pt\\\/ata-do-copom-intensificacao-do-ritmo-de-cortes-de-juros-e-pouco-provavel\\\/#article\",\"isPartOf\":{\"@id\":\"https:\\\/\\\/thefortune.one\\\/pt\\\/ata-do-copom-intensificacao-do-ritmo-de-cortes-de-juros-e-pouco-provavel\\\/\"},\"author\":{\"name\":\"bianca\",\"@id\":\"https:\\\/\\\/thefortune.one\\\/pt\\\/#\\\/schema\\\/person\\\/6cd8fe72a627d36caabf41815984a16f\"},\"headline\":\"Ata do Copom: Intensifica\u00e7\u00e3o do ritmo de cortes de juros \u00e9 pouco prov\u00e1vel\",\"datePublished\":\"2023-09-26T13:29:24+00:00\",\"mainEntityOfPage\":{\"@id\":\"https:\\\/\\\/thefortune.one\\\/pt\\\/ata-do-copom-intensificacao-do-ritmo-de-cortes-de-juros-e-pouco-provavel\\\/\"},\"wordCount\":1271,\"commentCount\":0,\"publisher\":{\"@id\":\"https:\\\/\\\/thefortune.one\\\/pt\\\/#organization\"},\"image\":{\"@id\":\"https:\\\/\\\/thefortune.one\\\/pt\\\/ata-do-copom-intensificacao-do-ritmo-de-cortes-de-juros-e-pouco-provavel\\\/#primaryimage\"},\"thumbnailUrl\":\"https:\\\/\\\/thefortune.one\\\/wp-content\\\/uploads\\\/2023\\\/09\\\/reuniao-2.jpg\",\"articleSection\":[\"The Fortune.one\"],\"inLanguage\":\"en-US\",\"potentialAction\":[{\"@type\":\"CommentAction\",\"name\":\"Comment\",\"target\":[\"https:\\\/\\\/thefortune.one\\\/pt\\\/ata-do-copom-intensificacao-do-ritmo-de-cortes-de-juros-e-pouco-provavel\\\/#respond\"]}]},{\"@type\":\"WebPage\",\"@id\":\"https:\\\/\\\/thefortune.one\\\/pt\\\/ata-do-copom-intensificacao-do-ritmo-de-cortes-de-juros-e-pouco-provavel\\\/\",\"url\":\"https:\\\/\\\/thefortune.one\\\/pt\\\/ata-do-copom-intensificacao-do-ritmo-de-cortes-de-juros-e-pouco-provavel\\\/\",\"name\":\"Ata do Copom: Intensifica\u00e7\u00e3o do ritmo de cortes de juros \u00e9 pouco prov\u00e1vel - The Fortune.one\",\"isPartOf\":{\"@id\":\"https:\\\/\\\/thefortune.one\\\/pt\\\/#website\"},\"primaryImageOfPage\":{\"@id\":\"https:\\\/\\\/thefortune.one\\\/pt\\\/ata-do-copom-intensificacao-do-ritmo-de-cortes-de-juros-e-pouco-provavel\\\/#primaryimage\"},\"image\":{\"@id\":\"https:\\\/\\\/thefortune.one\\\/pt\\\/ata-do-copom-intensificacao-do-ritmo-de-cortes-de-juros-e-pouco-provavel\\\/#primaryimage\"},\"thumbnailUrl\":\"https:\\\/\\\/thefortune.one\\\/wp-content\\\/uploads\\\/2023\\\/09\\\/reuniao-2.jpg\",\"datePublished\":\"2023-09-26T13:29:24+00:00\",\"description\":\"Somos especialistas em gest\u00e3o patrimonial, op\u00e7\u00f5es de investimentos para diversos perfis, nosso diferencial \u00e9 comprovado com resultados.\",\"breadcrumb\":{\"@id\":\"https:\\\/\\\/thefortune.one\\\/pt\\\/ata-do-copom-intensificacao-do-ritmo-de-cortes-de-juros-e-pouco-provavel\\\/#breadcrumb\"},\"inLanguage\":\"en-US\",\"potentialAction\":[{\"@type\":\"ReadAction\",\"target\":[\"https:\\\/\\\/thefortune.one\\\/pt\\\/ata-do-copom-intensificacao-do-ritmo-de-cortes-de-juros-e-pouco-provavel\\\/\"]}]},{\"@type\":\"ImageObject\",\"inLanguage\":\"en-US\",\"@id\":\"https:\\\/\\\/thefortune.one\\\/pt\\\/ata-do-copom-intensificacao-do-ritmo-de-cortes-de-juros-e-pouco-provavel\\\/#primaryimage\",\"url\":\"https:\\\/\\\/thefortune.one\\\/wp-content\\\/uploads\\\/2023\\\/09\\\/reuniao-2.jpg\",\"contentUrl\":\"https:\\\/\\\/thefortune.one\\\/wp-content\\\/uploads\\\/2023\\\/09\\\/reuniao-2.jpg\",\"width\":916,\"height\":515},{\"@type\":\"BreadcrumbList\",\"@id\":\"https:\\\/\\\/thefortune.one\\\/pt\\\/ata-do-copom-intensificacao-do-ritmo-de-cortes-de-juros-e-pouco-provavel\\\/#breadcrumb\",\"itemListElement\":[{\"@type\":\"ListItem\",\"position\":1,\"name\":\"In\u00edcio\",\"item\":\"https:\\\/\\\/thefortune.one\\\/pt\\\/\"},{\"@type\":\"ListItem\",\"position\":2,\"name\":\"Ata do Copom: Intensifica\u00e7\u00e3o do ritmo de cortes de juros \u00e9 pouco prov\u00e1vel\"}]},{\"@type\":\"WebSite\",\"@id\":\"https:\\\/\\\/thefortune.one\\\/pt\\\/#website\",\"url\":\"https:\\\/\\\/thefortune.one\\\/pt\\\/\",\"name\":\"The Fortune.one\",\"description\":\"Gestora de Recursos Especializada em Private Equity\",\"publisher\":{\"@id\":\"https:\\\/\\\/thefortune.one\\\/pt\\\/#organization\"},\"potentialAction\":[{\"@type\":\"SearchAction\",\"target\":{\"@type\":\"EntryPoint\",\"urlTemplate\":\"https:\\\/\\\/thefortune.one\\\/pt\\\/?s={search_term_string}\"},\"query-input\":{\"@type\":\"PropertyValueSpecification\",\"valueRequired\":true,\"valueName\":\"search_term_string\"}}],\"inLanguage\":\"en-US\"},{\"@type\":\"Organization\",\"@id\":\"https:\\\/\\\/thefortune.one\\\/pt\\\/#organization\",\"name\":\"The Fortune One\",\"url\":\"https:\\\/\\\/thefortune.one\\\/pt\\\/\",\"logo\":{\"@type\":\"ImageObject\",\"inLanguage\":\"en-US\",\"@id\":\"https:\\\/\\\/thefortune.one\\\/pt\\\/#\\\/schema\\\/logo\\\/image\\\/\",\"url\":\"https:\\\/\\\/thefortune.one\\\/wp-content\\\/uploads\\\/2022\\\/11\\\/cropped-cropped-1651682701199-1.jpg\",\"contentUrl\":\"https:\\\/\\\/thefortune.one\\\/wp-content\\\/uploads\\\/2022\\\/11\\\/cropped-cropped-1651682701199-1.jpg\",\"width\":369,\"height\":421,\"caption\":\"The Fortune One\"},\"image\":{\"@id\":\"https:\\\/\\\/thefortune.one\\\/pt\\\/#\\\/schema\\\/logo\\\/image\\\/\"}},{\"@type\":\"Person\",\"@id\":\"https:\\\/\\\/thefortune.one\\\/pt\\\/#\\\/schema\\\/person\\\/6cd8fe72a627d36caabf41815984a16f\",\"name\":\"bianca\",\"image\":{\"@type\":\"ImageObject\",\"inLanguage\":\"en-US\",\"@id\":\"https:\\\/\\\/secure.gravatar.com\\\/avatar\\\/66cd7b00d93410555e00d1e6a911a86de0cd0cfa4f83a2f8b47eddc2968c98af?s=96&d=mm&r=g\",\"url\":\"https:\\\/\\\/secure.gravatar.com\\\/avatar\\\/66cd7b00d93410555e00d1e6a911a86de0cd0cfa4f83a2f8b47eddc2968c98af?s=96&d=mm&r=g\",\"contentUrl\":\"https:\\\/\\\/secure.gravatar.com\\\/avatar\\\/66cd7b00d93410555e00d1e6a911a86de0cd0cfa4f83a2f8b47eddc2968c98af?s=96&d=mm&r=g\",\"caption\":\"bianca\"},\"url\":\"https:\\\/\\\/thefortune.one\\\/en\\\/author\\\/bianca\\\/\"}]}<\/script>\n<!-- \/ Yoast SEO plugin. -->","yoast_head_json":{"title":"Ata do Copom: Intensifica\u00e7\u00e3o do ritmo de cortes de juros \u00e9 pouco prov\u00e1vel - The Fortune.one","description":"Somos especialistas em gest\u00e3o patrimonial, op\u00e7\u00f5es de investimentos para diversos perfis, nosso diferencial \u00e9 comprovado com resultados.","robots":{"index":"index","follow":"follow","max-snippet":"max-snippet:-1","max-image-preview":"max-image-preview:large","max-video-preview":"max-video-preview:-1"},"canonical":"https:\/\/thefortune.one\/en\/ata-do-copom-intensificacao-do-ritmo-de-cortes-de-juros-e-pouco-provavel\/","og_locale":"en_US","og_type":"article","og_title":"Ata do Copom: Intensifica\u00e7\u00e3o do ritmo de cortes de juros \u00e9 pouco prov\u00e1vel - The Fortune.one","og_description":"Somos especialistas em gest\u00e3o patrimonial, op\u00e7\u00f5es de investimentos para diversos perfis, nosso diferencial \u00e9 comprovado com resultados.","og_url":"https:\/\/thefortune.one\/en\/ata-do-copom-intensificacao-do-ritmo-de-cortes-de-juros-e-pouco-provavel\/","og_site_name":"The Fortune.one","article_published_time":"2023-09-26T13:29:24+00:00","og_image":[{"width":916,"height":515,"url":"https:\/\/thefortune.one\/wp-content\/uploads\/2023\/09\/reuniao-2.jpg","type":"image\/jpeg"}],"author":"bianca","twitter_card":"summary_large_image","twitter_misc":{"Written by":"bianca","Est. reading time":"6 minutes"},"schema":{"@context":"https:\/\/schema.org","@graph":[{"@type":"Article","@id":"https:\/\/thefortune.one\/pt\/ata-do-copom-intensificacao-do-ritmo-de-cortes-de-juros-e-pouco-provavel\/#article","isPartOf":{"@id":"https:\/\/thefortune.one\/pt\/ata-do-copom-intensificacao-do-ritmo-de-cortes-de-juros-e-pouco-provavel\/"},"author":{"name":"bianca","@id":"https:\/\/thefortune.one\/pt\/#\/schema\/person\/6cd8fe72a627d36caabf41815984a16f"},"headline":"Ata do Copom: Intensifica\u00e7\u00e3o do ritmo de cortes de juros \u00e9 pouco prov\u00e1vel","datePublished":"2023-09-26T13:29:24+00:00","mainEntityOfPage":{"@id":"https:\/\/thefortune.one\/pt\/ata-do-copom-intensificacao-do-ritmo-de-cortes-de-juros-e-pouco-provavel\/"},"wordCount":1271,"commentCount":0,"publisher":{"@id":"https:\/\/thefortune.one\/pt\/#organization"},"image":{"@id":"https:\/\/thefortune.one\/pt\/ata-do-copom-intensificacao-do-ritmo-de-cortes-de-juros-e-pouco-provavel\/#primaryimage"},"thumbnailUrl":"https:\/\/thefortune.one\/wp-content\/uploads\/2023\/09\/reuniao-2.jpg","articleSection":["The Fortune.one"],"inLanguage":"en-US","potentialAction":[{"@type":"CommentAction","name":"Comment","target":["https:\/\/thefortune.one\/pt\/ata-do-copom-intensificacao-do-ritmo-de-cortes-de-juros-e-pouco-provavel\/#respond"]}]},{"@type":"WebPage","@id":"https:\/\/thefortune.one\/pt\/ata-do-copom-intensificacao-do-ritmo-de-cortes-de-juros-e-pouco-provavel\/","url":"https:\/\/thefortune.one\/pt\/ata-do-copom-intensificacao-do-ritmo-de-cortes-de-juros-e-pouco-provavel\/","name":"Ata do Copom: Intensifica\u00e7\u00e3o do ritmo de cortes de juros \u00e9 pouco prov\u00e1vel - The Fortune.one","isPartOf":{"@id":"https:\/\/thefortune.one\/pt\/#website"},"primaryImageOfPage":{"@id":"https:\/\/thefortune.one\/pt\/ata-do-copom-intensificacao-do-ritmo-de-cortes-de-juros-e-pouco-provavel\/#primaryimage"},"image":{"@id":"https:\/\/thefortune.one\/pt\/ata-do-copom-intensificacao-do-ritmo-de-cortes-de-juros-e-pouco-provavel\/#primaryimage"},"thumbnailUrl":"https:\/\/thefortune.one\/wp-content\/uploads\/2023\/09\/reuniao-2.jpg","datePublished":"2023-09-26T13:29:24+00:00","description":"Somos especialistas em gest\u00e3o patrimonial, op\u00e7\u00f5es de investimentos para diversos perfis, nosso diferencial \u00e9 comprovado com resultados.","breadcrumb":{"@id":"https:\/\/thefortune.one\/pt\/ata-do-copom-intensificacao-do-ritmo-de-cortes-de-juros-e-pouco-provavel\/#breadcrumb"},"inLanguage":"en-US","potentialAction":[{"@type":"ReadAction","target":["https:\/\/thefortune.one\/pt\/ata-do-copom-intensificacao-do-ritmo-de-cortes-de-juros-e-pouco-provavel\/"]}]},{"@type":"ImageObject","inLanguage":"en-US","@id":"https:\/\/thefortune.one\/pt\/ata-do-copom-intensificacao-do-ritmo-de-cortes-de-juros-e-pouco-provavel\/#primaryimage","url":"https:\/\/thefortune.one\/wp-content\/uploads\/2023\/09\/reuniao-2.jpg","contentUrl":"https:\/\/thefortune.one\/wp-content\/uploads\/2023\/09\/reuniao-2.jpg","width":916,"height":515},{"@type":"BreadcrumbList","@id":"https:\/\/thefortune.one\/pt\/ata-do-copom-intensificacao-do-ritmo-de-cortes-de-juros-e-pouco-provavel\/#breadcrumb","itemListElement":[{"@type":"ListItem","position":1,"name":"In\u00edcio","item":"https:\/\/thefortune.one\/pt\/"},{"@type":"ListItem","position":2,"name":"Ata do Copom: Intensifica\u00e7\u00e3o do ritmo de cortes de juros \u00e9 pouco prov\u00e1vel"}]},{"@type":"WebSite","@id":"https:\/\/thefortune.one\/pt\/#website","url":"https:\/\/thefortune.one\/pt\/","name":"The Fortune.one","description":"Gestora de Recursos Especializada em Private Equity","publisher":{"@id":"https:\/\/thefortune.one\/pt\/#organization"},"potentialAction":[{"@type":"SearchAction","target":{"@type":"EntryPoint","urlTemplate":"https:\/\/thefortune.one\/pt\/?s={search_term_string}"},"query-input":{"@type":"PropertyValueSpecification","valueRequired":true,"valueName":"search_term_string"}}],"inLanguage":"en-US"},{"@type":"Organization","@id":"https:\/\/thefortune.one\/pt\/#organization","name":"The Fortune One","url":"https:\/\/thefortune.one\/pt\/","logo":{"@type":"ImageObject","inLanguage":"en-US","@id":"https:\/\/thefortune.one\/pt\/#\/schema\/logo\/image\/","url":"https:\/\/thefortune.one\/wp-content\/uploads\/2022\/11\/cropped-cropped-1651682701199-1.jpg","contentUrl":"https:\/\/thefortune.one\/wp-content\/uploads\/2022\/11\/cropped-cropped-1651682701199-1.jpg","width":369,"height":421,"caption":"The Fortune One"},"image":{"@id":"https:\/\/thefortune.one\/pt\/#\/schema\/logo\/image\/"}},{"@type":"Person","@id":"https:\/\/thefortune.one\/pt\/#\/schema\/person\/6cd8fe72a627d36caabf41815984a16f","name":"bianca","image":{"@type":"ImageObject","inLanguage":"en-US","@id":"https:\/\/secure.gravatar.com\/avatar\/66cd7b00d93410555e00d1e6a911a86de0cd0cfa4f83a2f8b47eddc2968c98af?s=96&d=mm&r=g","url":"https:\/\/secure.gravatar.com\/avatar\/66cd7b00d93410555e00d1e6a911a86de0cd0cfa4f83a2f8b47eddc2968c98af?s=96&d=mm&r=g","contentUrl":"https:\/\/secure.gravatar.com\/avatar\/66cd7b00d93410555e00d1e6a911a86de0cd0cfa4f83a2f8b47eddc2968c98af?s=96&d=mm&r=g","caption":"bianca"},"url":"https:\/\/thefortune.one\/en\/author\/bianca\/"}]}},"_links":{"self":[{"href":"https:\/\/thefortune.one\/en\/wp-json\/wp\/v2\/posts\/4181","targetHints":{"allow":["GET"]}}],"collection":[{"href":"https:\/\/thefortune.one\/en\/wp-json\/wp\/v2\/posts"}],"about":[{"href":"https:\/\/thefortune.one\/en\/wp-json\/wp\/v2\/types\/post"}],"author":[{"embeddable":true,"href":"https:\/\/thefortune.one\/en\/wp-json\/wp\/v2\/users\/3"}],"replies":[{"embeddable":true,"href":"https:\/\/thefortune.one\/en\/wp-json\/wp\/v2\/comments?post=4181"}],"version-history":[{"count":1,"href":"https:\/\/thefortune.one\/en\/wp-json\/wp\/v2\/posts\/4181\/revisions"}],"predecessor-version":[{"id":4185,"href":"https:\/\/thefortune.one\/en\/wp-json\/wp\/v2\/posts\/4181\/revisions\/4185"}],"wp:featuredmedia":[{"embeddable":true,"href":"https:\/\/thefortune.one\/en\/wp-json\/wp\/v2\/media\/4184"}],"wp:attachment":[{"href":"https:\/\/thefortune.one\/en\/wp-json\/wp\/v2\/media?parent=4181"}],"wp:term":[{"taxonomy":"category","embeddable":true,"href":"https:\/\/thefortune.one\/en\/wp-json\/wp\/v2\/categories?post=4181"},{"taxonomy":"post_tag","embeddable":true,"href":"https:\/\/thefortune.one\/en\/wp-json\/wp\/v2\/tags?post=4181"}],"curies":[{"name":"wp","href":"https:\/\/api.w.org\/{rel}","templated":true}]}}