{"id":4166,"date":"2023-09-22T12:22:07","date_gmt":"2023-09-22T12:22:07","guid":{"rendered":"https:\/\/thefortune.one\/?p=4166"},"modified":"2023-09-22T12:22:07","modified_gmt":"2023-09-22T12:22:07","slug":"projecao-do-ipca-para-2023-sobe-e-expectativa-do-pib-passa-de-256-para-264-aponta-focus","status":"publish","type":"post","link":"https:\/\/thefortune.one\/en\/projecao-do-ipca-para-2023-sobe-e-expectativa-do-pib-passa-de-256-para-264-aponta-focus\/","title":{"rendered":"Proje\u00e7\u00e3o do IPCA para 2023 sobe e expectativa do PIB passa de 2,56% para 2,64%, aponta Focus"},"content":{"rendered":"\n<h2 class=\"wp-block-heading\">A proje\u00e7\u00e3o para a infla\u00e7\u00e3o oficial em 2023 medida pelo \u00cdndice Nacional de Pre\u00e7os ao Consumidor Amplo (IPCA) avan\u00e7ou de 4,92% para 4,93%<\/h2>\n\n\n\n<figure class=\"wp-block-image size-full\"><img fetchpriority=\"high\" decoding=\"async\" width=\"1024\" height=\"683\" src=\"https:\/\/thefortune.one\/wp-content\/uploads\/2023\/09\/image-7.png\" alt=\"\" class=\"wp-image-4167\" srcset=\"https:\/\/thefortune.one\/wp-content\/uploads\/2023\/09\/image-7.png 1024w, https:\/\/thefortune.one\/wp-content\/uploads\/2023\/09\/image-7-300x200.png 300w, https:\/\/thefortune.one\/wp-content\/uploads\/2023\/09\/image-7-768x512.png 768w, https:\/\/thefortune.one\/wp-content\/uploads\/2023\/09\/image-7-18x12.png 18w\" sizes=\"(max-width: 1024px) 100vw, 1024px\" \/><\/figure>\n\n\n\n<p>As expectativas inflacion\u00e1rias voltaram a subir marginalmente no&nbsp;<strong>Boletim Focus<\/strong>&nbsp;divulgado na manh\u00e3 desta segunda-feira, 11, pelo Banco Central. A proje\u00e7\u00e3o para a infla\u00e7\u00e3o oficial em 2023 medida pelo \u00cdndice Nacional de Pre\u00e7os ao Consumidor Amplo (<strong>IPCA<\/strong>) avan\u00e7ou de 4,92% para 4,93%. Um m\u00eas antes, a mediana era de 4,84%. Para 2024, foco principal da pol\u00edtica monet\u00e1ria, a proje\u00e7\u00e3o tamb\u00e9m teve alta de 3,88% para 3,89%. H\u00e1 um m\u00eas, era de 3,86%.<\/p>\n\n\n\n<p>Considerando somente as 67 estimativas atualizadas nos \u00faltimos cinco dias \u00fateis, a mediana para 2023 variou de 4,92% para 4,93%. Para 2024, por sua vez, a proje\u00e7\u00e3o de alta avan\u00e7ou de 3,80% para 3,82%, considerando 66 atualiza\u00e7\u00f5es no per\u00edodo.<\/p>\n\n\n\n<p>Para 2025, que agora tem peso minorit\u00e1rio nas decis\u00f5es do Copom, a proje\u00e7\u00e3o continuou em 3,50%, repetindo a mediana de quatro semanas antes. No horizonte mais longo, de 2026, tamb\u00e9m houve manuten\u00e7\u00e3o da estimativa em 3,50%. H\u00e1 um m\u00eas, a proje\u00e7\u00e3o j\u00e1 era de 3,50%.<\/p>\n\n\n\n<p>As estimativas do Boletim Focus continuam acima da meta. Para 2023, a mediana supera o teto da meta (4,75%) e indica estouro do objetivo a ser perseguido pelo BC pelo terceiro ano consecutivo, depois de 2021 e 2022. Nos outros anos, as expectativas est\u00e3o dentro do intervalo, mas superam o alvo central de 3,0%.<\/p>\n\n\n\n<p>No Comit\u00ea de Pol\u00edtica Monet\u00e1ria (Copom) de agosto, o BC divulgou proje\u00e7\u00e3o de 3,4% para o IPCA de 2024, a mesma da reuni\u00e3o anterior. Para 2025, a proje\u00e7\u00e3o ficou em 3,0% no modelo, que considerava um primeiro corte de 0,25pp e n\u00e3o o que ocorreu, de 0,50pp -, de 3,1% em junho. Para 2023, a proje\u00e7\u00e3o \u00e9 de 4,9<\/p>\n\n\n\n<h2 class=\"wp-block-heading\">PIB no Focus<\/h2>\n\n\n\n<p>Ainda sob efeito da surpresa com o Produto Interno Bruto (PIB) do segundo trimestre (0,9%), o Focus trouxe novo avan\u00e7o da proje\u00e7\u00e3o de crescimento econ\u00f4mico para este ano.<\/p>\n\n\n\n<p>A mediana para a alta do Produto Interno Bruto (PIB) em 2023 passou de 2,56% para 2,64%, contra 2,29% h\u00e1 um m\u00eas. Considerando apenas as 54 respostas nos \u00faltimos cinco dias \u00fateis, a estimativa para o PIB no fim de 2023 passou de 2,66% para 2,96%.<\/p>\n\n\n\n<p>Para 2024, o Relat\u00f3rio Focus tamb\u00e9m mostrou melhora na estimativa de crescimento do PIB, de 1,32% para 1,47%, ante 1 30% de um m\u00eas atr\u00e1s. Considerando apenas as 51 respostas nos \u00faltimos cinco dias \u00fateis, a estimativa para o PIB de 2024 passou de 1,44% para 1,60%.<\/p>\n\n\n\n<p>Em rela\u00e7\u00e3o a 2025, a mediana aumentou de 1,90% para 2,00%, ante 1,90% de quatro semanas antes. O Boletim ainda trouxe a estimativa de crescimento para 2026, que se manteve em 2,00%, mesma mediana de um m\u00eas atr\u00e1s.<\/p>\n\n\n\n<p>Ap\u00f3s o PIB do segundo trimestre, o ministro Fernando Haddad, indicou que a proje\u00e7\u00e3o oficial para este ano deve subir de 2,5% para algo pr\u00f3ximo a 3,0%, mas que a Secretaria de Pol\u00edtica Econ\u00f4mica (SPE) vai divulgar o novo n\u00famero de forma ordenada.<\/p>\n\n\n\n<p>No Banco Central, a estimativa atual \u00e9 de 2,0%, conforme o Relat\u00f3rio Trimestral de Infla\u00e7\u00e3o (RTI) de junho, mas o presidente do BC, Roberto Campos Neto, disse que o mercado deve revisar o n\u00famero para entre 2,5% e 3,0%.<\/p>\n\n\n\n<p>Fonte:https:\/\/exame.com\/economia\/projecao-do-ipca-para-2023-sobe-e-expectativa-do-pib-passa-de-256-para-264-aponta-focus\/<\/p>\n","protected":false},"excerpt":{"rendered":"<p>A proje\u00e7\u00e3o para a infla\u00e7\u00e3o oficial em 2023 medida pelo \u00cdndice Nacional de Pre\u00e7os ao Consumidor Amplo (IPCA) avan\u00e7ou de 4,92% para 4,93% As expectativas inflacion\u00e1rias voltaram a subir marginalmente no&nbsp;Boletim Focus&nbsp;divulgado na manh\u00e3 desta segunda-feira, 11, pelo Banco Central. A proje\u00e7\u00e3o para a infla\u00e7\u00e3o oficial em 2023 medida pelo \u00cdndice Nacional de Pre\u00e7os ao [&hellip;]<\/p>\n","protected":false},"author":3,"featured_media":4168,"comment_status":"open","ping_status":"open","sticky":false,"template":"","format":"standard","meta":{"_joinchat":[],"footnotes":""},"categories":[1],"tags":[],"class_list":["post-4166","post","type-post","status-publish","format-standard","has-post-thumbnail","hentry","category-the-fortune-one"],"yoast_head":"<!-- This site is optimized with the Yoast SEO plugin v27.5 - https:\/\/yoast.com\/product\/yoast-seo-wordpress\/ -->\n<title>Proje\u00e7\u00e3o do IPCA para 2023 sobe e expectativa do PIB passa de 2,56% para 2,64%, aponta Focus - The Fortune.one<\/title>\n<meta name=\"description\" content=\"Somos especialistas em gest\u00e3o patrimonial, op\u00e7\u00f5es de investimentos para diversos perfis, nosso diferencial \u00e9 comprovado com resultados.\" \/>\n<meta name=\"robots\" content=\"index, follow, max-snippet:-1, max-image-preview:large, max-video-preview:-1\" \/>\n<link rel=\"canonical\" href=\"https:\/\/thefortune.one\/en\/projecao-do-ipca-para-2023-sobe-e-expectativa-do-pib-passa-de-256-para-264-aponta-focus\/\" \/>\n<meta property=\"og:locale\" content=\"en_US\" \/>\n<meta property=\"og:type\" content=\"article\" \/>\n<meta property=\"og:title\" content=\"Proje\u00e7\u00e3o do IPCA para 2023 sobe e expectativa do PIB passa de 2,56% para 2,64%, aponta Focus - The Fortune.one\" \/>\n<meta property=\"og:description\" content=\"Somos especialistas em gest\u00e3o patrimonial, op\u00e7\u00f5es de investimentos para diversos perfis, nosso diferencial \u00e9 comprovado com resultados.\" \/>\n<meta property=\"og:url\" content=\"https:\/\/thefortune.one\/en\/projecao-do-ipca-para-2023-sobe-e-expectativa-do-pib-passa-de-256-para-264-aponta-focus\/\" \/>\n<meta property=\"og:site_name\" content=\"The Fortune.one\" \/>\n<meta property=\"article:published_time\" content=\"2023-09-22T12:22:07+00:00\" \/>\n<meta property=\"og:image\" content=\"https:\/\/thefortune.one\/wp-content\/uploads\/2023\/09\/cont.jpg\" \/>\n\t<meta property=\"og:image:width\" content=\"1024\" \/>\n\t<meta property=\"og:image:height\" content=\"683\" \/>\n\t<meta property=\"og:image:type\" content=\"image\/jpeg\" \/>\n<meta name=\"author\" content=\"bianca\" \/>\n<meta name=\"twitter:card\" content=\"summary_large_image\" \/>\n<meta name=\"twitter:label1\" content=\"Written by\" \/>\n\t<meta name=\"twitter:data1\" content=\"bianca\" \/>\n\t<meta name=\"twitter:label2\" content=\"Est. reading time\" \/>\n\t<meta name=\"twitter:data2\" content=\"3 minutes\" \/>\n<script type=\"application\/ld+json\" class=\"yoast-schema-graph\">{\"@context\":\"https:\\\/\\\/schema.org\",\"@graph\":[{\"@type\":\"Article\",\"@id\":\"https:\\\/\\\/thefortune.one\\\/pt\\\/projecao-do-ipca-para-2023-sobe-e-expectativa-do-pib-passa-de-256-para-264-aponta-focus\\\/#article\",\"isPartOf\":{\"@id\":\"https:\\\/\\\/thefortune.one\\\/pt\\\/projecao-do-ipca-para-2023-sobe-e-expectativa-do-pib-passa-de-256-para-264-aponta-focus\\\/\"},\"author\":{\"name\":\"bianca\",\"@id\":\"https:\\\/\\\/thefortune.one\\\/pt\\\/#\\\/schema\\\/person\\\/6cd8fe72a627d36caabf41815984a16f\"},\"headline\":\"Proje\u00e7\u00e3o do IPCA para 2023 sobe e expectativa do PIB passa de 2,56% para 2,64%, aponta Focus\",\"datePublished\":\"2023-09-22T12:22:07+00:00\",\"mainEntityOfPage\":{\"@id\":\"https:\\\/\\\/thefortune.one\\\/pt\\\/projecao-do-ipca-para-2023-sobe-e-expectativa-do-pib-passa-de-256-para-264-aponta-focus\\\/\"},\"wordCount\":548,\"commentCount\":0,\"publisher\":{\"@id\":\"https:\\\/\\\/thefortune.one\\\/pt\\\/#organization\"},\"image\":{\"@id\":\"https:\\\/\\\/thefortune.one\\\/pt\\\/projecao-do-ipca-para-2023-sobe-e-expectativa-do-pib-passa-de-256-para-264-aponta-focus\\\/#primaryimage\"},\"thumbnailUrl\":\"https:\\\/\\\/thefortune.one\\\/wp-content\\\/uploads\\\/2023\\\/09\\\/cont.jpg\",\"articleSection\":[\"The Fortune.one\"],\"inLanguage\":\"en-US\",\"potentialAction\":[{\"@type\":\"CommentAction\",\"name\":\"Comment\",\"target\":[\"https:\\\/\\\/thefortune.one\\\/pt\\\/projecao-do-ipca-para-2023-sobe-e-expectativa-do-pib-passa-de-256-para-264-aponta-focus\\\/#respond\"]}]},{\"@type\":\"WebPage\",\"@id\":\"https:\\\/\\\/thefortune.one\\\/pt\\\/projecao-do-ipca-para-2023-sobe-e-expectativa-do-pib-passa-de-256-para-264-aponta-focus\\\/\",\"url\":\"https:\\\/\\\/thefortune.one\\\/pt\\\/projecao-do-ipca-para-2023-sobe-e-expectativa-do-pib-passa-de-256-para-264-aponta-focus\\\/\",\"name\":\"Proje\u00e7\u00e3o do IPCA para 2023 sobe e expectativa do PIB passa de 2,56% para 2,64%, aponta Focus - The Fortune.one\",\"isPartOf\":{\"@id\":\"https:\\\/\\\/thefortune.one\\\/pt\\\/#website\"},\"primaryImageOfPage\":{\"@id\":\"https:\\\/\\\/thefortune.one\\\/pt\\\/projecao-do-ipca-para-2023-sobe-e-expectativa-do-pib-passa-de-256-para-264-aponta-focus\\\/#primaryimage\"},\"image\":{\"@id\":\"https:\\\/\\\/thefortune.one\\\/pt\\\/projecao-do-ipca-para-2023-sobe-e-expectativa-do-pib-passa-de-256-para-264-aponta-focus\\\/#primaryimage\"},\"thumbnailUrl\":\"https:\\\/\\\/thefortune.one\\\/wp-content\\\/uploads\\\/2023\\\/09\\\/cont.jpg\",\"datePublished\":\"2023-09-22T12:22:07+00:00\",\"description\":\"Somos especialistas em gest\u00e3o patrimonial, op\u00e7\u00f5es de investimentos para diversos perfis, nosso diferencial \u00e9 comprovado com resultados.\",\"breadcrumb\":{\"@id\":\"https:\\\/\\\/thefortune.one\\\/pt\\\/projecao-do-ipca-para-2023-sobe-e-expectativa-do-pib-passa-de-256-para-264-aponta-focus\\\/#breadcrumb\"},\"inLanguage\":\"en-US\",\"potentialAction\":[{\"@type\":\"ReadAction\",\"target\":[\"https:\\\/\\\/thefortune.one\\\/pt\\\/projecao-do-ipca-para-2023-sobe-e-expectativa-do-pib-passa-de-256-para-264-aponta-focus\\\/\"]}]},{\"@type\":\"ImageObject\",\"inLanguage\":\"en-US\",\"@id\":\"https:\\\/\\\/thefortune.one\\\/pt\\\/projecao-do-ipca-para-2023-sobe-e-expectativa-do-pib-passa-de-256-para-264-aponta-focus\\\/#primaryimage\",\"url\":\"https:\\\/\\\/thefortune.one\\\/wp-content\\\/uploads\\\/2023\\\/09\\\/cont.jpg\",\"contentUrl\":\"https:\\\/\\\/thefortune.one\\\/wp-content\\\/uploads\\\/2023\\\/09\\\/cont.jpg\",\"width\":1024,\"height\":683},{\"@type\":\"BreadcrumbList\",\"@id\":\"https:\\\/\\\/thefortune.one\\\/pt\\\/projecao-do-ipca-para-2023-sobe-e-expectativa-do-pib-passa-de-256-para-264-aponta-focus\\\/#breadcrumb\",\"itemListElement\":[{\"@type\":\"ListItem\",\"position\":1,\"name\":\"In\u00edcio\",\"item\":\"https:\\\/\\\/thefortune.one\\\/pt\\\/\"},{\"@type\":\"ListItem\",\"position\":2,\"name\":\"Proje\u00e7\u00e3o do IPCA para 2023 sobe e expectativa do PIB passa de 2,56% para 2,64%, aponta Focus\"}]},{\"@type\":\"WebSite\",\"@id\":\"https:\\\/\\\/thefortune.one\\\/pt\\\/#website\",\"url\":\"https:\\\/\\\/thefortune.one\\\/pt\\\/\",\"name\":\"The Fortune.one\",\"description\":\"Gestora de Recursos Especializada em Private Equity\",\"publisher\":{\"@id\":\"https:\\\/\\\/thefortune.one\\\/pt\\\/#organization\"},\"potentialAction\":[{\"@type\":\"SearchAction\",\"target\":{\"@type\":\"EntryPoint\",\"urlTemplate\":\"https:\\\/\\\/thefortune.one\\\/pt\\\/?s={search_term_string}\"},\"query-input\":{\"@type\":\"PropertyValueSpecification\",\"valueRequired\":true,\"valueName\":\"search_term_string\"}}],\"inLanguage\":\"en-US\"},{\"@type\":\"Organization\",\"@id\":\"https:\\\/\\\/thefortune.one\\\/pt\\\/#organization\",\"name\":\"The Fortune One\",\"url\":\"https:\\\/\\\/thefortune.one\\\/pt\\\/\",\"logo\":{\"@type\":\"ImageObject\",\"inLanguage\":\"en-US\",\"@id\":\"https:\\\/\\\/thefortune.one\\\/pt\\\/#\\\/schema\\\/logo\\\/image\\\/\",\"url\":\"https:\\\/\\\/thefortune.one\\\/wp-content\\\/uploads\\\/2022\\\/11\\\/cropped-cropped-1651682701199-1.jpg\",\"contentUrl\":\"https:\\\/\\\/thefortune.one\\\/wp-content\\\/uploads\\\/2022\\\/11\\\/cropped-cropped-1651682701199-1.jpg\",\"width\":369,\"height\":421,\"caption\":\"The Fortune One\"},\"image\":{\"@id\":\"https:\\\/\\\/thefortune.one\\\/pt\\\/#\\\/schema\\\/logo\\\/image\\\/\"}},{\"@type\":\"Person\",\"@id\":\"https:\\\/\\\/thefortune.one\\\/pt\\\/#\\\/schema\\\/person\\\/6cd8fe72a627d36caabf41815984a16f\",\"name\":\"bianca\",\"image\":{\"@type\":\"ImageObject\",\"inLanguage\":\"en-US\",\"@id\":\"https:\\\/\\\/secure.gravatar.com\\\/avatar\\\/66cd7b00d93410555e00d1e6a911a86de0cd0cfa4f83a2f8b47eddc2968c98af?s=96&d=mm&r=g\",\"url\":\"https:\\\/\\\/secure.gravatar.com\\\/avatar\\\/66cd7b00d93410555e00d1e6a911a86de0cd0cfa4f83a2f8b47eddc2968c98af?s=96&d=mm&r=g\",\"contentUrl\":\"https:\\\/\\\/secure.gravatar.com\\\/avatar\\\/66cd7b00d93410555e00d1e6a911a86de0cd0cfa4f83a2f8b47eddc2968c98af?s=96&d=mm&r=g\",\"caption\":\"bianca\"},\"url\":\"https:\\\/\\\/thefortune.one\\\/en\\\/author\\\/bianca\\\/\"}]}<\/script>\n<!-- \/ Yoast SEO plugin. -->","yoast_head_json":{"title":"Proje\u00e7\u00e3o do IPCA para 2023 sobe e expectativa do PIB passa de 2,56% para 2,64%, aponta Focus - The Fortune.one","description":"Somos especialistas em gest\u00e3o patrimonial, op\u00e7\u00f5es de investimentos para diversos perfis, nosso diferencial \u00e9 comprovado com resultados.","robots":{"index":"index","follow":"follow","max-snippet":"max-snippet:-1","max-image-preview":"max-image-preview:large","max-video-preview":"max-video-preview:-1"},"canonical":"https:\/\/thefortune.one\/en\/projecao-do-ipca-para-2023-sobe-e-expectativa-do-pib-passa-de-256-para-264-aponta-focus\/","og_locale":"en_US","og_type":"article","og_title":"Proje\u00e7\u00e3o do IPCA para 2023 sobe e expectativa do PIB passa de 2,56% para 2,64%, aponta Focus - The Fortune.one","og_description":"Somos especialistas em gest\u00e3o patrimonial, op\u00e7\u00f5es de investimentos para diversos perfis, nosso diferencial \u00e9 comprovado com resultados.","og_url":"https:\/\/thefortune.one\/en\/projecao-do-ipca-para-2023-sobe-e-expectativa-do-pib-passa-de-256-para-264-aponta-focus\/","og_site_name":"The Fortune.one","article_published_time":"2023-09-22T12:22:07+00:00","og_image":[{"width":1024,"height":683,"url":"https:\/\/thefortune.one\/wp-content\/uploads\/2023\/09\/cont.jpg","type":"image\/jpeg"}],"author":"bianca","twitter_card":"summary_large_image","twitter_misc":{"Written by":"bianca","Est. reading time":"3 minutes"},"schema":{"@context":"https:\/\/schema.org","@graph":[{"@type":"Article","@id":"https:\/\/thefortune.one\/pt\/projecao-do-ipca-para-2023-sobe-e-expectativa-do-pib-passa-de-256-para-264-aponta-focus\/#article","isPartOf":{"@id":"https:\/\/thefortune.one\/pt\/projecao-do-ipca-para-2023-sobe-e-expectativa-do-pib-passa-de-256-para-264-aponta-focus\/"},"author":{"name":"bianca","@id":"https:\/\/thefortune.one\/pt\/#\/schema\/person\/6cd8fe72a627d36caabf41815984a16f"},"headline":"Proje\u00e7\u00e3o do IPCA para 2023 sobe e expectativa do PIB passa de 2,56% para 2,64%, aponta Focus","datePublished":"2023-09-22T12:22:07+00:00","mainEntityOfPage":{"@id":"https:\/\/thefortune.one\/pt\/projecao-do-ipca-para-2023-sobe-e-expectativa-do-pib-passa-de-256-para-264-aponta-focus\/"},"wordCount":548,"commentCount":0,"publisher":{"@id":"https:\/\/thefortune.one\/pt\/#organization"},"image":{"@id":"https:\/\/thefortune.one\/pt\/projecao-do-ipca-para-2023-sobe-e-expectativa-do-pib-passa-de-256-para-264-aponta-focus\/#primaryimage"},"thumbnailUrl":"https:\/\/thefortune.one\/wp-content\/uploads\/2023\/09\/cont.jpg","articleSection":["The Fortune.one"],"inLanguage":"en-US","potentialAction":[{"@type":"CommentAction","name":"Comment","target":["https:\/\/thefortune.one\/pt\/projecao-do-ipca-para-2023-sobe-e-expectativa-do-pib-passa-de-256-para-264-aponta-focus\/#respond"]}]},{"@type":"WebPage","@id":"https:\/\/thefortune.one\/pt\/projecao-do-ipca-para-2023-sobe-e-expectativa-do-pib-passa-de-256-para-264-aponta-focus\/","url":"https:\/\/thefortune.one\/pt\/projecao-do-ipca-para-2023-sobe-e-expectativa-do-pib-passa-de-256-para-264-aponta-focus\/","name":"Proje\u00e7\u00e3o do IPCA para 2023 sobe e expectativa do PIB passa de 2,56% para 2,64%, aponta Focus - The Fortune.one","isPartOf":{"@id":"https:\/\/thefortune.one\/pt\/#website"},"primaryImageOfPage":{"@id":"https:\/\/thefortune.one\/pt\/projecao-do-ipca-para-2023-sobe-e-expectativa-do-pib-passa-de-256-para-264-aponta-focus\/#primaryimage"},"image":{"@id":"https:\/\/thefortune.one\/pt\/projecao-do-ipca-para-2023-sobe-e-expectativa-do-pib-passa-de-256-para-264-aponta-focus\/#primaryimage"},"thumbnailUrl":"https:\/\/thefortune.one\/wp-content\/uploads\/2023\/09\/cont.jpg","datePublished":"2023-09-22T12:22:07+00:00","description":"Somos especialistas em gest\u00e3o patrimonial, op\u00e7\u00f5es de investimentos para diversos perfis, nosso diferencial \u00e9 comprovado com resultados.","breadcrumb":{"@id":"https:\/\/thefortune.one\/pt\/projecao-do-ipca-para-2023-sobe-e-expectativa-do-pib-passa-de-256-para-264-aponta-focus\/#breadcrumb"},"inLanguage":"en-US","potentialAction":[{"@type":"ReadAction","target":["https:\/\/thefortune.one\/pt\/projecao-do-ipca-para-2023-sobe-e-expectativa-do-pib-passa-de-256-para-264-aponta-focus\/"]}]},{"@type":"ImageObject","inLanguage":"en-US","@id":"https:\/\/thefortune.one\/pt\/projecao-do-ipca-para-2023-sobe-e-expectativa-do-pib-passa-de-256-para-264-aponta-focus\/#primaryimage","url":"https:\/\/thefortune.one\/wp-content\/uploads\/2023\/09\/cont.jpg","contentUrl":"https:\/\/thefortune.one\/wp-content\/uploads\/2023\/09\/cont.jpg","width":1024,"height":683},{"@type":"BreadcrumbList","@id":"https:\/\/thefortune.one\/pt\/projecao-do-ipca-para-2023-sobe-e-expectativa-do-pib-passa-de-256-para-264-aponta-focus\/#breadcrumb","itemListElement":[{"@type":"ListItem","position":1,"name":"In\u00edcio","item":"https:\/\/thefortune.one\/pt\/"},{"@type":"ListItem","position":2,"name":"Proje\u00e7\u00e3o do IPCA para 2023 sobe e expectativa do PIB passa de 2,56% para 2,64%, aponta Focus"}]},{"@type":"WebSite","@id":"https:\/\/thefortune.one\/pt\/#website","url":"https:\/\/thefortune.one\/pt\/","name":"The Fortune.one","description":"Gestora de Recursos Especializada em Private Equity","publisher":{"@id":"https:\/\/thefortune.one\/pt\/#organization"},"potentialAction":[{"@type":"SearchAction","target":{"@type":"EntryPoint","urlTemplate":"https:\/\/thefortune.one\/pt\/?s={search_term_string}"},"query-input":{"@type":"PropertyValueSpecification","valueRequired":true,"valueName":"search_term_string"}}],"inLanguage":"en-US"},{"@type":"Organization","@id":"https:\/\/thefortune.one\/pt\/#organization","name":"The Fortune One","url":"https:\/\/thefortune.one\/pt\/","logo":{"@type":"ImageObject","inLanguage":"en-US","@id":"https:\/\/thefortune.one\/pt\/#\/schema\/logo\/image\/","url":"https:\/\/thefortune.one\/wp-content\/uploads\/2022\/11\/cropped-cropped-1651682701199-1.jpg","contentUrl":"https:\/\/thefortune.one\/wp-content\/uploads\/2022\/11\/cropped-cropped-1651682701199-1.jpg","width":369,"height":421,"caption":"The Fortune One"},"image":{"@id":"https:\/\/thefortune.one\/pt\/#\/schema\/logo\/image\/"}},{"@type":"Person","@id":"https:\/\/thefortune.one\/pt\/#\/schema\/person\/6cd8fe72a627d36caabf41815984a16f","name":"bianca","image":{"@type":"ImageObject","inLanguage":"en-US","@id":"https:\/\/secure.gravatar.com\/avatar\/66cd7b00d93410555e00d1e6a911a86de0cd0cfa4f83a2f8b47eddc2968c98af?s=96&d=mm&r=g","url":"https:\/\/secure.gravatar.com\/avatar\/66cd7b00d93410555e00d1e6a911a86de0cd0cfa4f83a2f8b47eddc2968c98af?s=96&d=mm&r=g","contentUrl":"https:\/\/secure.gravatar.com\/avatar\/66cd7b00d93410555e00d1e6a911a86de0cd0cfa4f83a2f8b47eddc2968c98af?s=96&d=mm&r=g","caption":"bianca"},"url":"https:\/\/thefortune.one\/en\/author\/bianca\/"}]}},"_links":{"self":[{"href":"https:\/\/thefortune.one\/en\/wp-json\/wp\/v2\/posts\/4166","targetHints":{"allow":["GET"]}}],"collection":[{"href":"https:\/\/thefortune.one\/en\/wp-json\/wp\/v2\/posts"}],"about":[{"href":"https:\/\/thefortune.one\/en\/wp-json\/wp\/v2\/types\/post"}],"author":[{"embeddable":true,"href":"https:\/\/thefortune.one\/en\/wp-json\/wp\/v2\/users\/3"}],"replies":[{"embeddable":true,"href":"https:\/\/thefortune.one\/en\/wp-json\/wp\/v2\/comments?post=4166"}],"version-history":[{"count":1,"href":"https:\/\/thefortune.one\/en\/wp-json\/wp\/v2\/posts\/4166\/revisions"}],"predecessor-version":[{"id":4169,"href":"https:\/\/thefortune.one\/en\/wp-json\/wp\/v2\/posts\/4166\/revisions\/4169"}],"wp:featuredmedia":[{"embeddable":true,"href":"https:\/\/thefortune.one\/en\/wp-json\/wp\/v2\/media\/4168"}],"wp:attachment":[{"href":"https:\/\/thefortune.one\/en\/wp-json\/wp\/v2\/media?parent=4166"}],"wp:term":[{"taxonomy":"category","embeddable":true,"href":"https:\/\/thefortune.one\/en\/wp-json\/wp\/v2\/categories?post=4166"},{"taxonomy":"post_tag","embeddable":true,"href":"https:\/\/thefortune.one\/en\/wp-json\/wp\/v2\/tags?post=4166"}],"curies":[{"name":"wp","href":"https:\/\/api.w.org\/{rel}","templated":true}]}}