{"id":4158,"date":"2023-09-20T13:18:22","date_gmt":"2023-09-20T13:18:22","guid":{"rendered":"https:\/\/thefortune.one\/?p=4158"},"modified":"2023-09-20T13:18:22","modified_gmt":"2023-09-20T13:18:22","slug":"selic-vai-cair-a-1275-mercado-aposta-em-novo-corte-de-05-ponto-hoje","status":"publish","type":"post","link":"https:\/\/thefortune.one\/en\/selic-vai-cair-a-1275-mercado-aposta-em-novo-corte-de-05-ponto-hoje\/","title":{"rendered":"Selic vai cair a 12,75%? Mercado aposta em novo corte de 0,5 ponto hoje"},"content":{"rendered":"\n<figure class=\"wp-block-image size-full\"><img fetchpriority=\"high\" decoding=\"async\" width=\"900\" height=\"506\" src=\"https:\/\/thefortune.one\/wp-content\/uploads\/2023\/09\/image-5.png\" alt=\"\" class=\"wp-image-4159\" srcset=\"https:\/\/thefortune.one\/wp-content\/uploads\/2023\/09\/image-5.png 900w, https:\/\/thefortune.one\/wp-content\/uploads\/2023\/09\/image-5-300x169.png 300w, https:\/\/thefortune.one\/wp-content\/uploads\/2023\/09\/image-5-768x432.png 768w, https:\/\/thefortune.one\/wp-content\/uploads\/2023\/09\/image-5-18x10.png 18w\" sizes=\"(max-width: 900px) 100vw, 900px\" \/><\/figure>\n\n\n\n<p>O Copom (Comit\u00ea de Pol\u00edtica Monet\u00e1ria) do Banco Central se re\u00fane nesta quarta-feira (20) para discutir a taxa b\u00e1sica de juros, hoje em 13,25% ao ano. O mercado aposta que o BC deve manter o ritmo atual e anunciar um novo corte de 0,5 ponto percentual, levando a Selic a 12,75% \u2014 o menor patamar desde maio de 2022 (11,75%).<\/p>\n\n\n\n<h2 class=\"wp-block-heading\">Por que aposta \u00e9 de corte de 0,5 ponto<\/h2>\n\n\n\n<p><strong><a href=\"https:\/\/economia.uol.com.br\/guia-de-economia\/inflacao\/\">Infla\u00e7\u00e3o<\/a>\u00a0d\u00e1 sinais positivos, mas futuro ainda preocupa.<\/strong>\u00a0Embora o IPCA\u00a0<a href=\"https:\/\/economia.uol.com.br\/noticias\/redacao\/2023\/09\/12\/ipca-inflacao-de-agosto-2023.htm\">tenha surpreendido no \u00faltimo m\u00eas<\/a>, a expectativa do mercado \u00e9 de que a infla\u00e7\u00e3o termine o ano em 4,86%, segundo o \u00faltimo Boletim Focus. O \u00edndice est\u00e1 acima da meta para 2023, que \u00e9 de 3,25% (com toler\u00e2ncia de 1,5 ponto para cima ou para baixo).<\/p>\n\n\n\n<p><strong>H\u00e1 d\u00favidas se o governo vai conseguir cumprir a meta de d\u00e9ficit zero em 2024.<\/strong>&nbsp;Especialistas veem o andamento do arcabou\u00e7o fiscal e da reforma tribut\u00e1ria como ponto favor\u00e1vel ao corte nos juros, mas ainda questionam a capacidade do governo de diminuir os gastos e aumentar a arrecada\u00e7\u00e3o. Segundo Tha\u00eds Zara, economista s\u00eanior da LCA Consultores,&nbsp;<a href=\"https:\/\/www1.folha.uol.com.br\/mercado\/2023\/08\/proposta-de-orcamento-de-2024-tera-r-168-bi-em-receitas-extras-divididas-em-tres-pilares.shtml\">as despesas previstas para 2024 est\u00e3o &#8220;subestimadas&#8221;<\/a>.<\/p>\n\n\n\n<p><strong>Alta do petr\u00f3leo no exterior pressiona combust\u00edveis no Brasil.<\/strong>&nbsp;Os recentes dados econ\u00f4micos da China e as expectativas de restri\u00e7\u00e3o da oferta global de petr\u00f3leo&nbsp;<a href=\"https:\/\/www1.folha.uol.com.br\/colunas\/viniciustorres\/2023\/09\/petroleo-a-caminho-de-us-100-e-combustivel-mais-caro-afetam-inflacao-la-fora-e-aqui.shtml\" target=\"_blank\" rel=\"noreferrer noopener\">fizeram o pre\u00e7o do barril disparar no mercado internacional<\/a>. Essa alta pode levar a um aumento dos combust\u00edveis no Brasil, o que impactaria a infla\u00e7\u00e3o nos pr\u00f3ximos meses. Isso tamb\u00e9m desencoraja cortes mais agressivos nos juros, segundo analistas.<\/p>\n\n\n\n<p>Houve avan\u00e7os em aspectos importantes, como a infla\u00e7\u00e3o de servi\u00e7os. Mas acreditamos que essa melhora j\u00e1 estava incorporada ao cen\u00e1rio do BC. Neste sentido, esperamos manuten\u00e7\u00e3o do ritmo de cortes em 0,5 ponto at\u00e9 pelo menos o in\u00edcio do pr\u00f3ximo ano.<strong>Rafael Cardoso, economista-chefe da Daycoval Asset<\/strong><\/p>\n\n\n\n<p>Apesar da melhora na infla\u00e7\u00e3o de servi\u00e7os, parece cedo para dizer que ela \u00e9 mais benigna do que a esperada. Al\u00e9m disso, ainda h\u00e1 risco de n\u00e3o cumprimento das metas fiscais para 2024. O ritmo atual [de cortes] deve prevalecer nesta e nas pr\u00f3ximas reuni\u00f5es.<strong>Tha\u00eds Zara, economista s\u00eanior da LCA Consultores<\/strong><\/p>\n\n\n\n<p>Outra preocupa\u00e7\u00e3o que os membros do Copom podem levar em considera\u00e7\u00e3o s\u00e3o os dados recentes da China, que pressionam as commodities, como o petr\u00f3leo. Isso pode refletir em uma alta do pre\u00e7o dos combust\u00edveis no Brasil.<strong>Bruna Centeno, s\u00f3cia e economista da Blue3 Investimentos<\/strong><\/p>\n\n\n\n<h2 class=\"wp-block-heading\">O que disse o BC e o que vem \u00e0 frente<\/h2>\n\n\n\n<p><strong>Em agosto, BC sinalizou perspectiva de novo corte de 0,5 ponto.<\/strong>\u00a0Na \u00faltima reuni\u00e3o, quando anunciou a redu\u00e7\u00e3o da Selic para 13,25% ao ano, o Copom antecipou que os pr\u00f3ximos reajustes devem vir &#8220;na mesma magnitude&#8221;. &#8220;A decis\u00e3o desta quarta j\u00e1 est\u00e1 precificada pelo mercado&#8221;, diz Ana Paula Carvalho, s\u00f3cia da AVG Capital.Continua ap\u00f3s a publicidade<strong>Melhora no quadro inflacion\u00e1rio motivou in\u00edcio do corte nos juros.<\/strong>\u00a0A desacelera\u00e7\u00e3o dos pre\u00e7os, segundo o Copom, permitiu &#8220;acumular a confian\u00e7a necess\u00e1ria para iniciar um ciclo gradual de flexibiliza\u00e7\u00e3o monet\u00e1ria&#8221;. O BC tamb\u00e9m citou a poss\u00edvel desacelera\u00e7\u00e3o da economia nos pr\u00f3ximos trimestres.<\/p>\n\n\n\n<p><strong>Decis\u00e3o deve ser un\u00e2nime, diferentemente da \u00faltima reuni\u00e3o.<\/strong>&nbsp;Em agosto, a decis\u00e3o pelo primeiro corte de 0,5 ponto nos juros venceu por um placar apertado, com cinco votos favor\u00e1veis \u2014 incluindo o de Roberto Campos Neto, presidente do BC \u2014 e quatro contr\u00e1rios. Desta vez, a nova redu\u00e7\u00e3o deve ser un\u00e2nime, segundo projeta a XP.<\/p>\n\n\n\n<p><strong>Selic deve encerrar 2023 em 11,75%, segundo proje\u00e7\u00f5es.<\/strong>&nbsp;O mercado discute agora as chances de o BC acelerar a redu\u00e7\u00e3o dos juros nas pr\u00f3ximas reuni\u00f5es e quando ser\u00e1 o fim do ciclo de cortes, que tende a coincidir com o chamado juro neutro. \u00c9 o patamar em que a economia cresce com seu maior potencial, com a infla\u00e7\u00e3o sob controle.<\/p>\n\n\n\n<p>Os membros do Comit\u00ea, unanimemente, anteveem redu\u00e7\u00e3o de mesma magnitude nas pr\u00f3ximas reuni\u00f5es e avaliam que esse \u00e9 o ritmo apropriado para manter a pol\u00edtica monet\u00e1ria contracionista necess\u00e1ria para o processo desinflacion\u00e1rio.<strong>Copom, em comunicado divulgado em 2 de agosto<\/strong><\/p>\n\n\n\n<p>N\u00e3o vejo um motivo para acontecer uma decis\u00e3o diferente disso [corte de 0,5 ponto]. O BC est\u00e1 olhando de perto as novas incertezas fiscais em torno da capacidade do governo entregar a meta fiscal do pr\u00f3ximo ano e as proje\u00e7\u00f5es de infla\u00e7\u00e3o para 2024 e 2025.<strong>Ana Paula Carvalho, s\u00f3cia da AVG Capital<\/strong><\/p>\n\n\n\n<p>O cen\u00e1rio externo trouxe mais incertezas, com a recente alta do petr\u00f3leo e a expectativa de juros maiores por mais tempo nos Estados Unidos. Por isso, um aumento no ritmo dos cortes para 0,75 ponto ficou mais improv\u00e1vel no curto prazo.<strong>Rafaela Vit\u00f3ria, economista-chefe do Inter<\/strong>Continua ap\u00f3s a publicidade<\/p>\n\n\n\n<h2 class=\"wp-block-heading\">Com juros em queda, o que muda?<\/h2>\n\n\n\n<p><strong>Juros menores barateiam o cr\u00e9dito, favorecendo o consumo.<\/strong>&nbsp;Um corte na Selic, ainda que pequeno,&nbsp;<a href=\"http:\/\/economia.uol.com.br\/noticias\/redacao\/2023\/08\/02\/juros-tem-1-queda-em-3-anos-como-isso-afeta-familias-empresas-e-mercado.htm\">tem reflexo nas taxas cobradas por bancos e lojas<\/a>, o que ajuda a impulsionar o consumo das fam\u00edlias. Esse efeito n\u00e3o \u00e9 imediato, e os impactos mais relevantes ser\u00e3o sentidos pela popula\u00e7\u00e3o ao longo do tempo.<\/p>\n\n\n\n<p><strong>Com mais cr\u00e9dito, fam\u00edlias t\u00eam al\u00edvio no or\u00e7amento.<\/strong>&nbsp;A Selic \u00e9 chamada de taxa &#8220;b\u00e1sica&#8221; justamente porque serve como refer\u00eancia para outros juros do mercado, como os cobrados em empr\u00e9stimos e financiamentos. Ou seja: quem vai financiar um carro ou um im\u00f3vel, por exemplo, pode ter um &#8220;respiro&#8221;.<\/p>\n\n\n\n<p><strong>Corte nos juros pode estimular a gera\u00e7\u00e3o de empregos.<\/strong>&nbsp;Quando os juros est\u00e3o altos, o custo de opera\u00e7\u00e3o de uma empresa tamb\u00e9m \u00e9 maior, o que desestimula investimentos e contrata\u00e7\u00f5es. \u00c0 medida que a Selic cai, empres\u00e1rios ficam mais dispostos a tomar riscos para crescer e, consequentemente, gerar empregos.<\/p>\n\n\n\n<p><strong>A longo prazo, juros menores diminuem gastos do governo com a d\u00edvida p\u00fablica.<\/strong>&nbsp;Segundo indicadores do pr\u00f3prio Banco Central, cada 1% da Selic representa um acr\u00e9scimo de quase R$ 36 bilh\u00f5es para a d\u00edvida p\u00fablica do Brasil.<strong><\/strong><\/p>\n\n\n\n<p><strong>Investimentos de risco, como a\u00e7\u00f5es, tendem a ser mais buscados.<\/strong>\u00a0No longo prazo, a cont\u00ednua redu\u00e7\u00e3o dos juros torna menos atrativos os investimentos em\u00a0<a href=\"https:\/\/economia.uol.com.br\/guia-de-economia\/o-que-e-renda-fixa-entenda-e-veja-como-aplicar.htm\">renda fixa<\/a>, como t\u00edtulos do Tesouro, CDB e LCI. Isso pode gerar uma migra\u00e7\u00e3o para ativos mais arriscados, como a\u00e7\u00f5es e\u00a0<a href=\"https:\/\/economia.uol.com.br\/guia-de-economia\/o-que-e-renda-variavel-entenda-e-veja-como-investir.htm\">renda vari\u00e1vel<\/a>.<\/p>\n\n\n\n<h3 class=\"wp-block-heading\"><strong>Fonte:https:\/\/economia.uol.com.br\/noticias\/redacao\/2023\/09\/20\/mercado-aposta-em-novo-corte-de-05-ponto-nos-juros-para-1275-por-que.htm<\/strong><\/h3>\n","protected":false},"excerpt":{"rendered":"<p>O Copom (Comit\u00ea de Pol\u00edtica Monet\u00e1ria) do Banco Central se re\u00fane nesta quarta-feira (20) para discutir a taxa b\u00e1sica de juros, hoje em 13,25% ao ano. O mercado aposta que o BC deve manter o ritmo atual e anunciar um novo corte de 0,5 ponto percentual, levando a Selic a 12,75% \u2014 o menor patamar [&hellip;]<\/p>\n","protected":false},"author":3,"featured_media":4160,"comment_status":"open","ping_status":"open","sticky":false,"template":"","format":"standard","meta":{"_joinchat":[],"footnotes":""},"categories":[1],"tags":[],"class_list":["post-4158","post","type-post","status-publish","format-standard","has-post-thumbnail","hentry","category-the-fortune-one"],"yoast_head":"<!-- This site is optimized with the Yoast SEO plugin v27.5 - https:\/\/yoast.com\/product\/yoast-seo-wordpress\/ -->\n<title>Selic vai cair a 12,75%? Mercado aposta em novo corte de 0,5 ponto hoje - The Fortune.one<\/title>\n<meta name=\"description\" content=\"Somos especialistas em gest\u00e3o patrimonial, op\u00e7\u00f5es de investimentos para diversos perfis, nosso diferencial \u00e9 comprovado com resultados.\" \/>\n<meta name=\"robots\" content=\"index, follow, max-snippet:-1, max-image-preview:large, max-video-preview:-1\" \/>\n<link rel=\"canonical\" href=\"https:\/\/thefortune.one\/en\/selic-vai-cair-a-1275-mercado-aposta-em-novo-corte-de-05-ponto-hoje\/\" \/>\n<meta property=\"og:locale\" content=\"en_US\" \/>\n<meta property=\"og:type\" content=\"article\" \/>\n<meta property=\"og:title\" content=\"Selic vai cair a 12,75%? Mercado aposta em novo corte de 0,5 ponto hoje - The Fortune.one\" \/>\n<meta property=\"og:description\" content=\"Somos especialistas em gest\u00e3o patrimonial, op\u00e7\u00f5es de investimentos para diversos perfis, nosso diferencial \u00e9 comprovado com resultados.\" \/>\n<meta property=\"og:url\" content=\"https:\/\/thefortune.one\/en\/selic-vai-cair-a-1275-mercado-aposta-em-novo-corte-de-05-ponto-hoje\/\" \/>\n<meta property=\"og:site_name\" content=\"The Fortune.one\" \/>\n<meta property=\"article:published_time\" content=\"2023-09-20T13:18:22+00:00\" \/>\n<meta property=\"og:image\" content=\"https:\/\/thefortune.one\/wp-content\/uploads\/2023\/09\/por.jpg\" \/>\n\t<meta property=\"og:image:width\" content=\"900\" \/>\n\t<meta property=\"og:image:height\" content=\"506\" \/>\n\t<meta property=\"og:image:type\" content=\"image\/jpeg\" \/>\n<meta name=\"author\" content=\"bianca\" \/>\n<meta name=\"twitter:card\" content=\"summary_large_image\" \/>\n<meta name=\"twitter:label1\" content=\"Written by\" \/>\n\t<meta name=\"twitter:data1\" content=\"bianca\" \/>\n\t<meta name=\"twitter:label2\" content=\"Est. reading time\" \/>\n\t<meta name=\"twitter:data2\" content=\"6 minutes\" \/>\n<script type=\"application\/ld+json\" class=\"yoast-schema-graph\">{\"@context\":\"https:\\\/\\\/schema.org\",\"@graph\":[{\"@type\":\"Article\",\"@id\":\"https:\\\/\\\/thefortune.one\\\/pt\\\/selic-vai-cair-a-1275-mercado-aposta-em-novo-corte-de-05-ponto-hoje\\\/#article\",\"isPartOf\":{\"@id\":\"https:\\\/\\\/thefortune.one\\\/pt\\\/selic-vai-cair-a-1275-mercado-aposta-em-novo-corte-de-05-ponto-hoje\\\/\"},\"author\":{\"name\":\"bianca\",\"@id\":\"https:\\\/\\\/thefortune.one\\\/pt\\\/#\\\/schema\\\/person\\\/6cd8fe72a627d36caabf41815984a16f\"},\"headline\":\"Selic vai cair a 12,75%? Mercado aposta em novo corte de 0,5 ponto hoje\",\"datePublished\":\"2023-09-20T13:18:22+00:00\",\"mainEntityOfPage\":{\"@id\":\"https:\\\/\\\/thefortune.one\\\/pt\\\/selic-vai-cair-a-1275-mercado-aposta-em-novo-corte-de-05-ponto-hoje\\\/\"},\"wordCount\":1126,\"commentCount\":0,\"publisher\":{\"@id\":\"https:\\\/\\\/thefortune.one\\\/pt\\\/#organization\"},\"image\":{\"@id\":\"https:\\\/\\\/thefortune.one\\\/pt\\\/selic-vai-cair-a-1275-mercado-aposta-em-novo-corte-de-05-ponto-hoje\\\/#primaryimage\"},\"thumbnailUrl\":\"https:\\\/\\\/thefortune.one\\\/wp-content\\\/uploads\\\/2023\\\/09\\\/por.jpg\",\"articleSection\":[\"The Fortune.one\"],\"inLanguage\":\"en-US\",\"potentialAction\":[{\"@type\":\"CommentAction\",\"name\":\"Comment\",\"target\":[\"https:\\\/\\\/thefortune.one\\\/pt\\\/selic-vai-cair-a-1275-mercado-aposta-em-novo-corte-de-05-ponto-hoje\\\/#respond\"]}]},{\"@type\":\"WebPage\",\"@id\":\"https:\\\/\\\/thefortune.one\\\/pt\\\/selic-vai-cair-a-1275-mercado-aposta-em-novo-corte-de-05-ponto-hoje\\\/\",\"url\":\"https:\\\/\\\/thefortune.one\\\/pt\\\/selic-vai-cair-a-1275-mercado-aposta-em-novo-corte-de-05-ponto-hoje\\\/\",\"name\":\"Selic vai cair a 12,75%? Mercado aposta em novo corte de 0,5 ponto hoje - The Fortune.one\",\"isPartOf\":{\"@id\":\"https:\\\/\\\/thefortune.one\\\/pt\\\/#website\"},\"primaryImageOfPage\":{\"@id\":\"https:\\\/\\\/thefortune.one\\\/pt\\\/selic-vai-cair-a-1275-mercado-aposta-em-novo-corte-de-05-ponto-hoje\\\/#primaryimage\"},\"image\":{\"@id\":\"https:\\\/\\\/thefortune.one\\\/pt\\\/selic-vai-cair-a-1275-mercado-aposta-em-novo-corte-de-05-ponto-hoje\\\/#primaryimage\"},\"thumbnailUrl\":\"https:\\\/\\\/thefortune.one\\\/wp-content\\\/uploads\\\/2023\\\/09\\\/por.jpg\",\"datePublished\":\"2023-09-20T13:18:22+00:00\",\"description\":\"Somos especialistas em gest\u00e3o patrimonial, op\u00e7\u00f5es de investimentos para diversos perfis, nosso diferencial \u00e9 comprovado com resultados.\",\"breadcrumb\":{\"@id\":\"https:\\\/\\\/thefortune.one\\\/pt\\\/selic-vai-cair-a-1275-mercado-aposta-em-novo-corte-de-05-ponto-hoje\\\/#breadcrumb\"},\"inLanguage\":\"en-US\",\"potentialAction\":[{\"@type\":\"ReadAction\",\"target\":[\"https:\\\/\\\/thefortune.one\\\/pt\\\/selic-vai-cair-a-1275-mercado-aposta-em-novo-corte-de-05-ponto-hoje\\\/\"]}]},{\"@type\":\"ImageObject\",\"inLanguage\":\"en-US\",\"@id\":\"https:\\\/\\\/thefortune.one\\\/pt\\\/selic-vai-cair-a-1275-mercado-aposta-em-novo-corte-de-05-ponto-hoje\\\/#primaryimage\",\"url\":\"https:\\\/\\\/thefortune.one\\\/wp-content\\\/uploads\\\/2023\\\/09\\\/por.jpg\",\"contentUrl\":\"https:\\\/\\\/thefortune.one\\\/wp-content\\\/uploads\\\/2023\\\/09\\\/por.jpg\",\"width\":900,\"height\":506},{\"@type\":\"BreadcrumbList\",\"@id\":\"https:\\\/\\\/thefortune.one\\\/pt\\\/selic-vai-cair-a-1275-mercado-aposta-em-novo-corte-de-05-ponto-hoje\\\/#breadcrumb\",\"itemListElement\":[{\"@type\":\"ListItem\",\"position\":1,\"name\":\"In\u00edcio\",\"item\":\"https:\\\/\\\/thefortune.one\\\/pt\\\/\"},{\"@type\":\"ListItem\",\"position\":2,\"name\":\"Selic vai cair a 12,75%? Mercado aposta em novo corte de 0,5 ponto hoje\"}]},{\"@type\":\"WebSite\",\"@id\":\"https:\\\/\\\/thefortune.one\\\/pt\\\/#website\",\"url\":\"https:\\\/\\\/thefortune.one\\\/pt\\\/\",\"name\":\"The Fortune.one\",\"description\":\"Gestora de Recursos Especializada em Private Equity\",\"publisher\":{\"@id\":\"https:\\\/\\\/thefortune.one\\\/pt\\\/#organization\"},\"potentialAction\":[{\"@type\":\"SearchAction\",\"target\":{\"@type\":\"EntryPoint\",\"urlTemplate\":\"https:\\\/\\\/thefortune.one\\\/pt\\\/?s={search_term_string}\"},\"query-input\":{\"@type\":\"PropertyValueSpecification\",\"valueRequired\":true,\"valueName\":\"search_term_string\"}}],\"inLanguage\":\"en-US\"},{\"@type\":\"Organization\",\"@id\":\"https:\\\/\\\/thefortune.one\\\/pt\\\/#organization\",\"name\":\"The Fortune One\",\"url\":\"https:\\\/\\\/thefortune.one\\\/pt\\\/\",\"logo\":{\"@type\":\"ImageObject\",\"inLanguage\":\"en-US\",\"@id\":\"https:\\\/\\\/thefortune.one\\\/pt\\\/#\\\/schema\\\/logo\\\/image\\\/\",\"url\":\"https:\\\/\\\/thefortune.one\\\/wp-content\\\/uploads\\\/2022\\\/11\\\/cropped-cropped-1651682701199-1.jpg\",\"contentUrl\":\"https:\\\/\\\/thefortune.one\\\/wp-content\\\/uploads\\\/2022\\\/11\\\/cropped-cropped-1651682701199-1.jpg\",\"width\":369,\"height\":421,\"caption\":\"The Fortune One\"},\"image\":{\"@id\":\"https:\\\/\\\/thefortune.one\\\/pt\\\/#\\\/schema\\\/logo\\\/image\\\/\"}},{\"@type\":\"Person\",\"@id\":\"https:\\\/\\\/thefortune.one\\\/pt\\\/#\\\/schema\\\/person\\\/6cd8fe72a627d36caabf41815984a16f\",\"name\":\"bianca\",\"image\":{\"@type\":\"ImageObject\",\"inLanguage\":\"en-US\",\"@id\":\"https:\\\/\\\/secure.gravatar.com\\\/avatar\\\/66cd7b00d93410555e00d1e6a911a86de0cd0cfa4f83a2f8b47eddc2968c98af?s=96&d=mm&r=g\",\"url\":\"https:\\\/\\\/secure.gravatar.com\\\/avatar\\\/66cd7b00d93410555e00d1e6a911a86de0cd0cfa4f83a2f8b47eddc2968c98af?s=96&d=mm&r=g\",\"contentUrl\":\"https:\\\/\\\/secure.gravatar.com\\\/avatar\\\/66cd7b00d93410555e00d1e6a911a86de0cd0cfa4f83a2f8b47eddc2968c98af?s=96&d=mm&r=g\",\"caption\":\"bianca\"},\"url\":\"https:\\\/\\\/thefortune.one\\\/en\\\/author\\\/bianca\\\/\"}]}<\/script>\n<!-- \/ Yoast SEO plugin. -->","yoast_head_json":{"title":"Selic vai cair a 12,75%? Mercado aposta em novo corte de 0,5 ponto hoje - The Fortune.one","description":"Somos especialistas em gest\u00e3o patrimonial, op\u00e7\u00f5es de investimentos para diversos perfis, nosso diferencial \u00e9 comprovado com resultados.","robots":{"index":"index","follow":"follow","max-snippet":"max-snippet:-1","max-image-preview":"max-image-preview:large","max-video-preview":"max-video-preview:-1"},"canonical":"https:\/\/thefortune.one\/en\/selic-vai-cair-a-1275-mercado-aposta-em-novo-corte-de-05-ponto-hoje\/","og_locale":"en_US","og_type":"article","og_title":"Selic vai cair a 12,75%? Mercado aposta em novo corte de 0,5 ponto hoje - The Fortune.one","og_description":"Somos especialistas em gest\u00e3o patrimonial, op\u00e7\u00f5es de investimentos para diversos perfis, nosso diferencial \u00e9 comprovado com resultados.","og_url":"https:\/\/thefortune.one\/en\/selic-vai-cair-a-1275-mercado-aposta-em-novo-corte-de-05-ponto-hoje\/","og_site_name":"The Fortune.one","article_published_time":"2023-09-20T13:18:22+00:00","og_image":[{"width":900,"height":506,"url":"https:\/\/thefortune.one\/wp-content\/uploads\/2023\/09\/por.jpg","type":"image\/jpeg"}],"author":"bianca","twitter_card":"summary_large_image","twitter_misc":{"Written by":"bianca","Est. reading time":"6 minutes"},"schema":{"@context":"https:\/\/schema.org","@graph":[{"@type":"Article","@id":"https:\/\/thefortune.one\/pt\/selic-vai-cair-a-1275-mercado-aposta-em-novo-corte-de-05-ponto-hoje\/#article","isPartOf":{"@id":"https:\/\/thefortune.one\/pt\/selic-vai-cair-a-1275-mercado-aposta-em-novo-corte-de-05-ponto-hoje\/"},"author":{"name":"bianca","@id":"https:\/\/thefortune.one\/pt\/#\/schema\/person\/6cd8fe72a627d36caabf41815984a16f"},"headline":"Selic vai cair a 12,75%? Mercado aposta em novo corte de 0,5 ponto hoje","datePublished":"2023-09-20T13:18:22+00:00","mainEntityOfPage":{"@id":"https:\/\/thefortune.one\/pt\/selic-vai-cair-a-1275-mercado-aposta-em-novo-corte-de-05-ponto-hoje\/"},"wordCount":1126,"commentCount":0,"publisher":{"@id":"https:\/\/thefortune.one\/pt\/#organization"},"image":{"@id":"https:\/\/thefortune.one\/pt\/selic-vai-cair-a-1275-mercado-aposta-em-novo-corte-de-05-ponto-hoje\/#primaryimage"},"thumbnailUrl":"https:\/\/thefortune.one\/wp-content\/uploads\/2023\/09\/por.jpg","articleSection":["The Fortune.one"],"inLanguage":"en-US","potentialAction":[{"@type":"CommentAction","name":"Comment","target":["https:\/\/thefortune.one\/pt\/selic-vai-cair-a-1275-mercado-aposta-em-novo-corte-de-05-ponto-hoje\/#respond"]}]},{"@type":"WebPage","@id":"https:\/\/thefortune.one\/pt\/selic-vai-cair-a-1275-mercado-aposta-em-novo-corte-de-05-ponto-hoje\/","url":"https:\/\/thefortune.one\/pt\/selic-vai-cair-a-1275-mercado-aposta-em-novo-corte-de-05-ponto-hoje\/","name":"Selic vai cair a 12,75%? Mercado aposta em novo corte de 0,5 ponto hoje - The Fortune.one","isPartOf":{"@id":"https:\/\/thefortune.one\/pt\/#website"},"primaryImageOfPage":{"@id":"https:\/\/thefortune.one\/pt\/selic-vai-cair-a-1275-mercado-aposta-em-novo-corte-de-05-ponto-hoje\/#primaryimage"},"image":{"@id":"https:\/\/thefortune.one\/pt\/selic-vai-cair-a-1275-mercado-aposta-em-novo-corte-de-05-ponto-hoje\/#primaryimage"},"thumbnailUrl":"https:\/\/thefortune.one\/wp-content\/uploads\/2023\/09\/por.jpg","datePublished":"2023-09-20T13:18:22+00:00","description":"Somos especialistas em gest\u00e3o patrimonial, op\u00e7\u00f5es de investimentos para diversos perfis, nosso diferencial \u00e9 comprovado com resultados.","breadcrumb":{"@id":"https:\/\/thefortune.one\/pt\/selic-vai-cair-a-1275-mercado-aposta-em-novo-corte-de-05-ponto-hoje\/#breadcrumb"},"inLanguage":"en-US","potentialAction":[{"@type":"ReadAction","target":["https:\/\/thefortune.one\/pt\/selic-vai-cair-a-1275-mercado-aposta-em-novo-corte-de-05-ponto-hoje\/"]}]},{"@type":"ImageObject","inLanguage":"en-US","@id":"https:\/\/thefortune.one\/pt\/selic-vai-cair-a-1275-mercado-aposta-em-novo-corte-de-05-ponto-hoje\/#primaryimage","url":"https:\/\/thefortune.one\/wp-content\/uploads\/2023\/09\/por.jpg","contentUrl":"https:\/\/thefortune.one\/wp-content\/uploads\/2023\/09\/por.jpg","width":900,"height":506},{"@type":"BreadcrumbList","@id":"https:\/\/thefortune.one\/pt\/selic-vai-cair-a-1275-mercado-aposta-em-novo-corte-de-05-ponto-hoje\/#breadcrumb","itemListElement":[{"@type":"ListItem","position":1,"name":"In\u00edcio","item":"https:\/\/thefortune.one\/pt\/"},{"@type":"ListItem","position":2,"name":"Selic vai cair a 12,75%? Mercado aposta em novo corte de 0,5 ponto hoje"}]},{"@type":"WebSite","@id":"https:\/\/thefortune.one\/pt\/#website","url":"https:\/\/thefortune.one\/pt\/","name":"The Fortune.one","description":"Gestora de Recursos Especializada em Private Equity","publisher":{"@id":"https:\/\/thefortune.one\/pt\/#organization"},"potentialAction":[{"@type":"SearchAction","target":{"@type":"EntryPoint","urlTemplate":"https:\/\/thefortune.one\/pt\/?s={search_term_string}"},"query-input":{"@type":"PropertyValueSpecification","valueRequired":true,"valueName":"search_term_string"}}],"inLanguage":"en-US"},{"@type":"Organization","@id":"https:\/\/thefortune.one\/pt\/#organization","name":"The Fortune One","url":"https:\/\/thefortune.one\/pt\/","logo":{"@type":"ImageObject","inLanguage":"en-US","@id":"https:\/\/thefortune.one\/pt\/#\/schema\/logo\/image\/","url":"https:\/\/thefortune.one\/wp-content\/uploads\/2022\/11\/cropped-cropped-1651682701199-1.jpg","contentUrl":"https:\/\/thefortune.one\/wp-content\/uploads\/2022\/11\/cropped-cropped-1651682701199-1.jpg","width":369,"height":421,"caption":"The Fortune One"},"image":{"@id":"https:\/\/thefortune.one\/pt\/#\/schema\/logo\/image\/"}},{"@type":"Person","@id":"https:\/\/thefortune.one\/pt\/#\/schema\/person\/6cd8fe72a627d36caabf41815984a16f","name":"bianca","image":{"@type":"ImageObject","inLanguage":"en-US","@id":"https:\/\/secure.gravatar.com\/avatar\/66cd7b00d93410555e00d1e6a911a86de0cd0cfa4f83a2f8b47eddc2968c98af?s=96&d=mm&r=g","url":"https:\/\/secure.gravatar.com\/avatar\/66cd7b00d93410555e00d1e6a911a86de0cd0cfa4f83a2f8b47eddc2968c98af?s=96&d=mm&r=g","contentUrl":"https:\/\/secure.gravatar.com\/avatar\/66cd7b00d93410555e00d1e6a911a86de0cd0cfa4f83a2f8b47eddc2968c98af?s=96&d=mm&r=g","caption":"bianca"},"url":"https:\/\/thefortune.one\/en\/author\/bianca\/"}]}},"_links":{"self":[{"href":"https:\/\/thefortune.one\/en\/wp-json\/wp\/v2\/posts\/4158","targetHints":{"allow":["GET"]}}],"collection":[{"href":"https:\/\/thefortune.one\/en\/wp-json\/wp\/v2\/posts"}],"about":[{"href":"https:\/\/thefortune.one\/en\/wp-json\/wp\/v2\/types\/post"}],"author":[{"embeddable":true,"href":"https:\/\/thefortune.one\/en\/wp-json\/wp\/v2\/users\/3"}],"replies":[{"embeddable":true,"href":"https:\/\/thefortune.one\/en\/wp-json\/wp\/v2\/comments?post=4158"}],"version-history":[{"count":1,"href":"https:\/\/thefortune.one\/en\/wp-json\/wp\/v2\/posts\/4158\/revisions"}],"predecessor-version":[{"id":4161,"href":"https:\/\/thefortune.one\/en\/wp-json\/wp\/v2\/posts\/4158\/revisions\/4161"}],"wp:featuredmedia":[{"embeddable":true,"href":"https:\/\/thefortune.one\/en\/wp-json\/wp\/v2\/media\/4160"}],"wp:attachment":[{"href":"https:\/\/thefortune.one\/en\/wp-json\/wp\/v2\/media?parent=4158"}],"wp:term":[{"taxonomy":"category","embeddable":true,"href":"https:\/\/thefortune.one\/en\/wp-json\/wp\/v2\/categories?post=4158"},{"taxonomy":"post_tag","embeddable":true,"href":"https:\/\/thefortune.one\/en\/wp-json\/wp\/v2\/tags?post=4158"}],"curies":[{"name":"wp","href":"https:\/\/api.w.org\/{rel}","templated":true}]}}