{"id":4145,"date":"2023-09-15T12:42:47","date_gmt":"2023-09-15T12:42:47","guid":{"rendered":"https:\/\/thefortune.one\/?p=4145"},"modified":"2023-09-15T12:42:47","modified_gmt":"2023-09-15T12:42:47","slug":"aumento-nos-combustiveis-congresso-aprova-projeto-de-compensacao-do-icms-veja-a-agenda-desta-sexta-15","status":"publish","type":"post","link":"https:\/\/thefortune.one\/en\/aumento-nos-combustiveis-congresso-aprova-projeto-de-compensacao-do-icms-veja-a-agenda-desta-sexta-15\/","title":{"rendered":"Aumento nos combust\u00edveis? Congresso aprova projeto de compensa\u00e7\u00e3o do ICMS; veja a agenda desta sexta (15)"},"content":{"rendered":"\n<figure class=\"wp-block-image size-large\"><img fetchpriority=\"high\" decoding=\"async\" width=\"1024\" height=\"544\" src=\"https:\/\/thefortune.one\/wp-content\/uploads\/2023\/09\/image-3-1024x544.png\" alt=\"\" class=\"wp-image-4147\" srcset=\"https:\/\/thefortune.one\/wp-content\/uploads\/2023\/09\/image-3-1024x544.png 1024w, https:\/\/thefortune.one\/wp-content\/uploads\/2023\/09\/image-3-300x159.png 300w, https:\/\/thefortune.one\/wp-content\/uploads\/2023\/09\/image-3-768x408.png 768w, https:\/\/thefortune.one\/wp-content\/uploads\/2023\/09\/image-3-18x10.png 18w, https:\/\/thefortune.one\/wp-content\/uploads\/2023\/09\/image-3.png 1280w\" sizes=\"(max-width: 1024px) 100vw, 1024px\" \/><\/figure>\n\n\n\n<p>Ontem \u00e0 noite (14), foi aprovado na&nbsp;<strong><a href=\"https:\/\/www.moneytimes.com.br\/tag\/camara-dos-deputados\/\">C\u00e2mara dos Deputados<\/a>&nbsp;<\/strong>o<a href=\"https:\/\/www.moneytimes.com.br\/camara-conclui-votacao-de-plp-que-compensa-estados-e-municipios-por-perdas-no-icms-fpe-e-fpm\/\">&nbsp;Projeto de Lei Complementar 136\/23, que&nbsp;antecipa recomposi\u00e7\u00f5es a Estados e munic\u00edpios por queda na arrecada\u00e7\u00e3o do ICMS<\/a>&nbsp;e repassa recursos aos entes federativos por perdas nos fundos de Participa\u00e7\u00e3o dos Estados (FPM) e dos Munic\u00edpios (FPM).&nbsp;O texto agora segue para o&nbsp;<strong><a href=\"https:\/\/www.moneytimes.com.br\/tag\/senado\/\">Senado<\/a><\/strong>.<\/p>\n\n\n\n<p>O projeto foi criado em raz\u00e3o da queda de arrecada\u00e7\u00e3o do&nbsp;<strong><a href=\"https:\/\/www.moneytimes.com.br\/tag\/icms\/\">ICMS<\/a>&nbsp;<\/strong>devido a mudan\u00e7as na incid\u00eancia do tributo sobre&nbsp;<strong>combust\u00edveis<\/strong>, g\u00e1s natural, energia el\u00e9trica, comunica\u00e7\u00f5es e transporte coletivo, em 2022, que prejudicaram os caixas.<\/p>\n\n\n\n<p>O assunto gerou pol\u00eamica, devido \u00e0 preocupa\u00e7\u00e3o de que os Estados pudessem subir a porcentagem de cobran\u00e7a do&nbsp;<strong><a href=\"https:\/\/www.moneytimes.com.br\/tag\/impostos\/\">imposto<\/a>&nbsp;<\/strong>e, por consequ\u00eancia, elevar o&nbsp;<strong>pre\u00e7o dos combust\u00edveis<\/strong>. Um trecho \u2014 que foi alterado \u2014 do texto previa que os federados n\u00e3o seriam mais obrigados a cobrarem a al\u00edquota ad rem.<\/p>\n\n\n\n<p>No entanto, o relator do projeto, deputado Zeca Dirceu (PT), nega a possibilidade de aumento. \u201cForam suprimidas do texto aquelas partes que poderiam dar algum tipo de conota\u00e7\u00e3o de que, no futuro, os Estados viessem a mexer nas al\u00edquotas na forma de cobran\u00e7a do ICMS\u201d, garantiu Dirceu, em plen\u00e1rio.<\/p>\n\n\n\n<h2 class=\"wp-block-heading\">Economia<\/h2>\n\n\n\n<p>No Brasil, hoje saem os dados das vendas no varejo referente a julho. J\u00e1 nos Estados Unidos saem hoje alguns indicadores, com destaque para a produ\u00e7\u00e3o industrial de agosto.<\/p>\n\n\n\n<p>O mercado j\u00e1 aguarda com expectativa a pr\u00f3xima reuni\u00e3o do\u00a0<strong>Comit\u00ea de Pol\u00edtica Monet\u00e1ria<\/strong>\u00a0(<strong><a href=\"https:\/\/www.moneytimes.com.br\/tag\/copom\/\">Copom<\/a><\/strong>), que ocorre na pr\u00f3xima semana, nos dias 19 e 20. A expectativa se mant\u00e9m em um corte de 0,50 ponto percentual.<\/p>\n\n\n\n<p>Fonte:https:\/\/www.moneytimes.com.br\/aumento-nos-combustiveis-agenda-do-dia-sexta-feira-15-09-2023\/<\/p>\n","protected":false},"excerpt":{"rendered":"<p>Ontem \u00e0 noite (14), foi aprovado na&nbsp;C\u00e2mara dos Deputados&nbsp;o&nbsp;Projeto de Lei Complementar 136\/23, que&nbsp;antecipa recomposi\u00e7\u00f5es a Estados e munic\u00edpios por queda na arrecada\u00e7\u00e3o do ICMS&nbsp;e repassa recursos aos entes federativos por perdas nos fundos de Participa\u00e7\u00e3o dos Estados (FPM) e dos Munic\u00edpios (FPM).&nbsp;O texto agora segue para o&nbsp;Senado. O projeto foi criado em raz\u00e3o da [&hellip;]<\/p>\n","protected":false},"author":3,"featured_media":4148,"comment_status":"open","ping_status":"open","sticky":false,"template":"","format":"standard","meta":{"_joinchat":[],"footnotes":""},"categories":[1],"tags":[],"class_list":["post-4145","post","type-post","status-publish","format-standard","has-post-thumbnail","hentry","category-the-fortune-one"],"yoast_head":"<!-- This site is optimized with the Yoast SEO plugin v27.5 - https:\/\/yoast.com\/product\/yoast-seo-wordpress\/ -->\n<title>Aumento nos combust\u00edveis? Congresso aprova projeto de compensa\u00e7\u00e3o do ICMS; veja a agenda desta sexta (15) - The Fortune.one<\/title>\n<meta name=\"description\" content=\"Somos especialistas em gest\u00e3o patrimonial, op\u00e7\u00f5es de investimentos para diversos perfis, nosso diferencial \u00e9 comprovado com resultados.\" \/>\n<meta name=\"robots\" content=\"index, follow, max-snippet:-1, max-image-preview:large, max-video-preview:-1\" \/>\n<link rel=\"canonical\" href=\"https:\/\/thefortune.one\/en\/aumento-nos-combustiveis-congresso-aprova-projeto-de-compensacao-do-icms-veja-a-agenda-desta-sexta-15\/\" \/>\n<meta property=\"og:locale\" content=\"en_US\" \/>\n<meta property=\"og:type\" content=\"article\" \/>\n<meta property=\"og:title\" content=\"Aumento nos combust\u00edveis? Congresso aprova projeto de compensa\u00e7\u00e3o do ICMS; veja a agenda desta sexta (15) - The Fortune.one\" \/>\n<meta property=\"og:description\" content=\"Somos especialistas em gest\u00e3o patrimonial, op\u00e7\u00f5es de investimentos para diversos perfis, nosso diferencial \u00e9 comprovado com resultados.\" \/>\n<meta property=\"og:url\" content=\"https:\/\/thefortune.one\/en\/aumento-nos-combustiveis-congresso-aprova-projeto-de-compensacao-do-icms-veja-a-agenda-desta-sexta-15\/\" \/>\n<meta property=\"og:site_name\" content=\"The Fortune.one\" \/>\n<meta property=\"article:published_time\" content=\"2023-09-15T12:42:47+00:00\" \/>\n<meta property=\"og:image\" content=\"https:\/\/thefortune.one\/wp-content\/uploads\/2023\/09\/gaso.jpg\" \/>\n\t<meta property=\"og:image:width\" content=\"1280\" \/>\n\t<meta property=\"og:image:height\" content=\"680\" \/>\n\t<meta property=\"og:image:type\" content=\"image\/jpeg\" \/>\n<meta name=\"author\" content=\"bianca\" \/>\n<meta name=\"twitter:card\" content=\"summary_large_image\" \/>\n<meta name=\"twitter:label1\" content=\"Written by\" \/>\n\t<meta name=\"twitter:data1\" content=\"bianca\" \/>\n\t<meta name=\"twitter:label2\" content=\"Est. reading time\" \/>\n\t<meta name=\"twitter:data2\" content=\"2 minutes\" \/>\n<script type=\"application\/ld+json\" class=\"yoast-schema-graph\">{\"@context\":\"https:\\\/\\\/schema.org\",\"@graph\":[{\"@type\":\"Article\",\"@id\":\"https:\\\/\\\/thefortune.one\\\/pt\\\/aumento-nos-combustiveis-congresso-aprova-projeto-de-compensacao-do-icms-veja-a-agenda-desta-sexta-15\\\/#article\",\"isPartOf\":{\"@id\":\"https:\\\/\\\/thefortune.one\\\/pt\\\/aumento-nos-combustiveis-congresso-aprova-projeto-de-compensacao-do-icms-veja-a-agenda-desta-sexta-15\\\/\"},\"author\":{\"name\":\"bianca\",\"@id\":\"https:\\\/\\\/thefortune.one\\\/pt\\\/#\\\/schema\\\/person\\\/6cd8fe72a627d36caabf41815984a16f\"},\"headline\":\"Aumento nos combust\u00edveis? Congresso aprova projeto de compensa\u00e7\u00e3o do ICMS; veja a agenda desta sexta (15)\",\"datePublished\":\"2023-09-15T12:42:47+00:00\",\"mainEntityOfPage\":{\"@id\":\"https:\\\/\\\/thefortune.one\\\/pt\\\/aumento-nos-combustiveis-congresso-aprova-projeto-de-compensacao-do-icms-veja-a-agenda-desta-sexta-15\\\/\"},\"wordCount\":317,\"commentCount\":0,\"publisher\":{\"@id\":\"https:\\\/\\\/thefortune.one\\\/pt\\\/#organization\"},\"image\":{\"@id\":\"https:\\\/\\\/thefortune.one\\\/pt\\\/aumento-nos-combustiveis-congresso-aprova-projeto-de-compensacao-do-icms-veja-a-agenda-desta-sexta-15\\\/#primaryimage\"},\"thumbnailUrl\":\"https:\\\/\\\/thefortune.one\\\/wp-content\\\/uploads\\\/2023\\\/09\\\/gaso.jpg\",\"articleSection\":[\"The Fortune.one\"],\"inLanguage\":\"en-US\",\"potentialAction\":[{\"@type\":\"CommentAction\",\"name\":\"Comment\",\"target\":[\"https:\\\/\\\/thefortune.one\\\/pt\\\/aumento-nos-combustiveis-congresso-aprova-projeto-de-compensacao-do-icms-veja-a-agenda-desta-sexta-15\\\/#respond\"]}]},{\"@type\":\"WebPage\",\"@id\":\"https:\\\/\\\/thefortune.one\\\/pt\\\/aumento-nos-combustiveis-congresso-aprova-projeto-de-compensacao-do-icms-veja-a-agenda-desta-sexta-15\\\/\",\"url\":\"https:\\\/\\\/thefortune.one\\\/pt\\\/aumento-nos-combustiveis-congresso-aprova-projeto-de-compensacao-do-icms-veja-a-agenda-desta-sexta-15\\\/\",\"name\":\"Aumento nos combust\u00edveis? Congresso aprova projeto de compensa\u00e7\u00e3o do ICMS; veja a agenda desta sexta (15) - The Fortune.one\",\"isPartOf\":{\"@id\":\"https:\\\/\\\/thefortune.one\\\/pt\\\/#website\"},\"primaryImageOfPage\":{\"@id\":\"https:\\\/\\\/thefortune.one\\\/pt\\\/aumento-nos-combustiveis-congresso-aprova-projeto-de-compensacao-do-icms-veja-a-agenda-desta-sexta-15\\\/#primaryimage\"},\"image\":{\"@id\":\"https:\\\/\\\/thefortune.one\\\/pt\\\/aumento-nos-combustiveis-congresso-aprova-projeto-de-compensacao-do-icms-veja-a-agenda-desta-sexta-15\\\/#primaryimage\"},\"thumbnailUrl\":\"https:\\\/\\\/thefortune.one\\\/wp-content\\\/uploads\\\/2023\\\/09\\\/gaso.jpg\",\"datePublished\":\"2023-09-15T12:42:47+00:00\",\"description\":\"Somos especialistas em gest\u00e3o patrimonial, op\u00e7\u00f5es de investimentos para diversos perfis, nosso diferencial \u00e9 comprovado com resultados.\",\"breadcrumb\":{\"@id\":\"https:\\\/\\\/thefortune.one\\\/pt\\\/aumento-nos-combustiveis-congresso-aprova-projeto-de-compensacao-do-icms-veja-a-agenda-desta-sexta-15\\\/#breadcrumb\"},\"inLanguage\":\"en-US\",\"potentialAction\":[{\"@type\":\"ReadAction\",\"target\":[\"https:\\\/\\\/thefortune.one\\\/pt\\\/aumento-nos-combustiveis-congresso-aprova-projeto-de-compensacao-do-icms-veja-a-agenda-desta-sexta-15\\\/\"]}]},{\"@type\":\"ImageObject\",\"inLanguage\":\"en-US\",\"@id\":\"https:\\\/\\\/thefortune.one\\\/pt\\\/aumento-nos-combustiveis-congresso-aprova-projeto-de-compensacao-do-icms-veja-a-agenda-desta-sexta-15\\\/#primaryimage\",\"url\":\"https:\\\/\\\/thefortune.one\\\/wp-content\\\/uploads\\\/2023\\\/09\\\/gaso.jpg\",\"contentUrl\":\"https:\\\/\\\/thefortune.one\\\/wp-content\\\/uploads\\\/2023\\\/09\\\/gaso.jpg\",\"width\":1280,\"height\":680},{\"@type\":\"BreadcrumbList\",\"@id\":\"https:\\\/\\\/thefortune.one\\\/pt\\\/aumento-nos-combustiveis-congresso-aprova-projeto-de-compensacao-do-icms-veja-a-agenda-desta-sexta-15\\\/#breadcrumb\",\"itemListElement\":[{\"@type\":\"ListItem\",\"position\":1,\"name\":\"In\u00edcio\",\"item\":\"https:\\\/\\\/thefortune.one\\\/pt\\\/\"},{\"@type\":\"ListItem\",\"position\":2,\"name\":\"Aumento nos combust\u00edveis? Congresso aprova projeto de compensa\u00e7\u00e3o do ICMS; veja a agenda desta sexta (15)\"}]},{\"@type\":\"WebSite\",\"@id\":\"https:\\\/\\\/thefortune.one\\\/pt\\\/#website\",\"url\":\"https:\\\/\\\/thefortune.one\\\/pt\\\/\",\"name\":\"The Fortune.one\",\"description\":\"Gestora de Recursos Especializada em Private Equity\",\"publisher\":{\"@id\":\"https:\\\/\\\/thefortune.one\\\/pt\\\/#organization\"},\"potentialAction\":[{\"@type\":\"SearchAction\",\"target\":{\"@type\":\"EntryPoint\",\"urlTemplate\":\"https:\\\/\\\/thefortune.one\\\/pt\\\/?s={search_term_string}\"},\"query-input\":{\"@type\":\"PropertyValueSpecification\",\"valueRequired\":true,\"valueName\":\"search_term_string\"}}],\"inLanguage\":\"en-US\"},{\"@type\":\"Organization\",\"@id\":\"https:\\\/\\\/thefortune.one\\\/pt\\\/#organization\",\"name\":\"The Fortune One\",\"url\":\"https:\\\/\\\/thefortune.one\\\/pt\\\/\",\"logo\":{\"@type\":\"ImageObject\",\"inLanguage\":\"en-US\",\"@id\":\"https:\\\/\\\/thefortune.one\\\/pt\\\/#\\\/schema\\\/logo\\\/image\\\/\",\"url\":\"https:\\\/\\\/thefortune.one\\\/wp-content\\\/uploads\\\/2022\\\/11\\\/cropped-cropped-1651682701199-1.jpg\",\"contentUrl\":\"https:\\\/\\\/thefortune.one\\\/wp-content\\\/uploads\\\/2022\\\/11\\\/cropped-cropped-1651682701199-1.jpg\",\"width\":369,\"height\":421,\"caption\":\"The Fortune One\"},\"image\":{\"@id\":\"https:\\\/\\\/thefortune.one\\\/pt\\\/#\\\/schema\\\/logo\\\/image\\\/\"}},{\"@type\":\"Person\",\"@id\":\"https:\\\/\\\/thefortune.one\\\/pt\\\/#\\\/schema\\\/person\\\/6cd8fe72a627d36caabf41815984a16f\",\"name\":\"bianca\",\"image\":{\"@type\":\"ImageObject\",\"inLanguage\":\"en-US\",\"@id\":\"https:\\\/\\\/secure.gravatar.com\\\/avatar\\\/66cd7b00d93410555e00d1e6a911a86de0cd0cfa4f83a2f8b47eddc2968c98af?s=96&d=mm&r=g\",\"url\":\"https:\\\/\\\/secure.gravatar.com\\\/avatar\\\/66cd7b00d93410555e00d1e6a911a86de0cd0cfa4f83a2f8b47eddc2968c98af?s=96&d=mm&r=g\",\"contentUrl\":\"https:\\\/\\\/secure.gravatar.com\\\/avatar\\\/66cd7b00d93410555e00d1e6a911a86de0cd0cfa4f83a2f8b47eddc2968c98af?s=96&d=mm&r=g\",\"caption\":\"bianca\"},\"url\":\"https:\\\/\\\/thefortune.one\\\/en\\\/author\\\/bianca\\\/\"}]}<\/script>\n<!-- \/ Yoast SEO plugin. -->","yoast_head_json":{"title":"Aumento nos combust\u00edveis? Congresso aprova projeto de compensa\u00e7\u00e3o do ICMS; veja a agenda desta sexta (15) - The Fortune.one","description":"Somos especialistas em gest\u00e3o patrimonial, op\u00e7\u00f5es de investimentos para diversos perfis, nosso diferencial \u00e9 comprovado com resultados.","robots":{"index":"index","follow":"follow","max-snippet":"max-snippet:-1","max-image-preview":"max-image-preview:large","max-video-preview":"max-video-preview:-1"},"canonical":"https:\/\/thefortune.one\/en\/aumento-nos-combustiveis-congresso-aprova-projeto-de-compensacao-do-icms-veja-a-agenda-desta-sexta-15\/","og_locale":"en_US","og_type":"article","og_title":"Aumento nos combust\u00edveis? Congresso aprova projeto de compensa\u00e7\u00e3o do ICMS; veja a agenda desta sexta (15) - The Fortune.one","og_description":"Somos especialistas em gest\u00e3o patrimonial, op\u00e7\u00f5es de investimentos para diversos perfis, nosso diferencial \u00e9 comprovado com resultados.","og_url":"https:\/\/thefortune.one\/en\/aumento-nos-combustiveis-congresso-aprova-projeto-de-compensacao-do-icms-veja-a-agenda-desta-sexta-15\/","og_site_name":"The Fortune.one","article_published_time":"2023-09-15T12:42:47+00:00","og_image":[{"width":1280,"height":680,"url":"https:\/\/thefortune.one\/wp-content\/uploads\/2023\/09\/gaso.jpg","type":"image\/jpeg"}],"author":"bianca","twitter_card":"summary_large_image","twitter_misc":{"Written by":"bianca","Est. reading time":"2 minutes"},"schema":{"@context":"https:\/\/schema.org","@graph":[{"@type":"Article","@id":"https:\/\/thefortune.one\/pt\/aumento-nos-combustiveis-congresso-aprova-projeto-de-compensacao-do-icms-veja-a-agenda-desta-sexta-15\/#article","isPartOf":{"@id":"https:\/\/thefortune.one\/pt\/aumento-nos-combustiveis-congresso-aprova-projeto-de-compensacao-do-icms-veja-a-agenda-desta-sexta-15\/"},"author":{"name":"bianca","@id":"https:\/\/thefortune.one\/pt\/#\/schema\/person\/6cd8fe72a627d36caabf41815984a16f"},"headline":"Aumento nos combust\u00edveis? Congresso aprova projeto de compensa\u00e7\u00e3o do ICMS; veja a agenda desta sexta (15)","datePublished":"2023-09-15T12:42:47+00:00","mainEntityOfPage":{"@id":"https:\/\/thefortune.one\/pt\/aumento-nos-combustiveis-congresso-aprova-projeto-de-compensacao-do-icms-veja-a-agenda-desta-sexta-15\/"},"wordCount":317,"commentCount":0,"publisher":{"@id":"https:\/\/thefortune.one\/pt\/#organization"},"image":{"@id":"https:\/\/thefortune.one\/pt\/aumento-nos-combustiveis-congresso-aprova-projeto-de-compensacao-do-icms-veja-a-agenda-desta-sexta-15\/#primaryimage"},"thumbnailUrl":"https:\/\/thefortune.one\/wp-content\/uploads\/2023\/09\/gaso.jpg","articleSection":["The Fortune.one"],"inLanguage":"en-US","potentialAction":[{"@type":"CommentAction","name":"Comment","target":["https:\/\/thefortune.one\/pt\/aumento-nos-combustiveis-congresso-aprova-projeto-de-compensacao-do-icms-veja-a-agenda-desta-sexta-15\/#respond"]}]},{"@type":"WebPage","@id":"https:\/\/thefortune.one\/pt\/aumento-nos-combustiveis-congresso-aprova-projeto-de-compensacao-do-icms-veja-a-agenda-desta-sexta-15\/","url":"https:\/\/thefortune.one\/pt\/aumento-nos-combustiveis-congresso-aprova-projeto-de-compensacao-do-icms-veja-a-agenda-desta-sexta-15\/","name":"Aumento nos combust\u00edveis? Congresso aprova projeto de compensa\u00e7\u00e3o do ICMS; veja a agenda desta sexta (15) - The Fortune.one","isPartOf":{"@id":"https:\/\/thefortune.one\/pt\/#website"},"primaryImageOfPage":{"@id":"https:\/\/thefortune.one\/pt\/aumento-nos-combustiveis-congresso-aprova-projeto-de-compensacao-do-icms-veja-a-agenda-desta-sexta-15\/#primaryimage"},"image":{"@id":"https:\/\/thefortune.one\/pt\/aumento-nos-combustiveis-congresso-aprova-projeto-de-compensacao-do-icms-veja-a-agenda-desta-sexta-15\/#primaryimage"},"thumbnailUrl":"https:\/\/thefortune.one\/wp-content\/uploads\/2023\/09\/gaso.jpg","datePublished":"2023-09-15T12:42:47+00:00","description":"Somos especialistas em gest\u00e3o patrimonial, op\u00e7\u00f5es de investimentos para diversos perfis, nosso diferencial \u00e9 comprovado com resultados.","breadcrumb":{"@id":"https:\/\/thefortune.one\/pt\/aumento-nos-combustiveis-congresso-aprova-projeto-de-compensacao-do-icms-veja-a-agenda-desta-sexta-15\/#breadcrumb"},"inLanguage":"en-US","potentialAction":[{"@type":"ReadAction","target":["https:\/\/thefortune.one\/pt\/aumento-nos-combustiveis-congresso-aprova-projeto-de-compensacao-do-icms-veja-a-agenda-desta-sexta-15\/"]}]},{"@type":"ImageObject","inLanguage":"en-US","@id":"https:\/\/thefortune.one\/pt\/aumento-nos-combustiveis-congresso-aprova-projeto-de-compensacao-do-icms-veja-a-agenda-desta-sexta-15\/#primaryimage","url":"https:\/\/thefortune.one\/wp-content\/uploads\/2023\/09\/gaso.jpg","contentUrl":"https:\/\/thefortune.one\/wp-content\/uploads\/2023\/09\/gaso.jpg","width":1280,"height":680},{"@type":"BreadcrumbList","@id":"https:\/\/thefortune.one\/pt\/aumento-nos-combustiveis-congresso-aprova-projeto-de-compensacao-do-icms-veja-a-agenda-desta-sexta-15\/#breadcrumb","itemListElement":[{"@type":"ListItem","position":1,"name":"In\u00edcio","item":"https:\/\/thefortune.one\/pt\/"},{"@type":"ListItem","position":2,"name":"Aumento nos combust\u00edveis? Congresso aprova projeto de compensa\u00e7\u00e3o do ICMS; veja a agenda desta sexta (15)"}]},{"@type":"WebSite","@id":"https:\/\/thefortune.one\/pt\/#website","url":"https:\/\/thefortune.one\/pt\/","name":"The Fortune.one","description":"Gestora de Recursos Especializada em Private Equity","publisher":{"@id":"https:\/\/thefortune.one\/pt\/#organization"},"potentialAction":[{"@type":"SearchAction","target":{"@type":"EntryPoint","urlTemplate":"https:\/\/thefortune.one\/pt\/?s={search_term_string}"},"query-input":{"@type":"PropertyValueSpecification","valueRequired":true,"valueName":"search_term_string"}}],"inLanguage":"en-US"},{"@type":"Organization","@id":"https:\/\/thefortune.one\/pt\/#organization","name":"The Fortune One","url":"https:\/\/thefortune.one\/pt\/","logo":{"@type":"ImageObject","inLanguage":"en-US","@id":"https:\/\/thefortune.one\/pt\/#\/schema\/logo\/image\/","url":"https:\/\/thefortune.one\/wp-content\/uploads\/2022\/11\/cropped-cropped-1651682701199-1.jpg","contentUrl":"https:\/\/thefortune.one\/wp-content\/uploads\/2022\/11\/cropped-cropped-1651682701199-1.jpg","width":369,"height":421,"caption":"The Fortune One"},"image":{"@id":"https:\/\/thefortune.one\/pt\/#\/schema\/logo\/image\/"}},{"@type":"Person","@id":"https:\/\/thefortune.one\/pt\/#\/schema\/person\/6cd8fe72a627d36caabf41815984a16f","name":"bianca","image":{"@type":"ImageObject","inLanguage":"en-US","@id":"https:\/\/secure.gravatar.com\/avatar\/66cd7b00d93410555e00d1e6a911a86de0cd0cfa4f83a2f8b47eddc2968c98af?s=96&d=mm&r=g","url":"https:\/\/secure.gravatar.com\/avatar\/66cd7b00d93410555e00d1e6a911a86de0cd0cfa4f83a2f8b47eddc2968c98af?s=96&d=mm&r=g","contentUrl":"https:\/\/secure.gravatar.com\/avatar\/66cd7b00d93410555e00d1e6a911a86de0cd0cfa4f83a2f8b47eddc2968c98af?s=96&d=mm&r=g","caption":"bianca"},"url":"https:\/\/thefortune.one\/en\/author\/bianca\/"}]}},"_links":{"self":[{"href":"https:\/\/thefortune.one\/en\/wp-json\/wp\/v2\/posts\/4145","targetHints":{"allow":["GET"]}}],"collection":[{"href":"https:\/\/thefortune.one\/en\/wp-json\/wp\/v2\/posts"}],"about":[{"href":"https:\/\/thefortune.one\/en\/wp-json\/wp\/v2\/types\/post"}],"author":[{"embeddable":true,"href":"https:\/\/thefortune.one\/en\/wp-json\/wp\/v2\/users\/3"}],"replies":[{"embeddable":true,"href":"https:\/\/thefortune.one\/en\/wp-json\/wp\/v2\/comments?post=4145"}],"version-history":[{"count":1,"href":"https:\/\/thefortune.one\/en\/wp-json\/wp\/v2\/posts\/4145\/revisions"}],"predecessor-version":[{"id":4149,"href":"https:\/\/thefortune.one\/en\/wp-json\/wp\/v2\/posts\/4145\/revisions\/4149"}],"wp:featuredmedia":[{"embeddable":true,"href":"https:\/\/thefortune.one\/en\/wp-json\/wp\/v2\/media\/4148"}],"wp:attachment":[{"href":"https:\/\/thefortune.one\/en\/wp-json\/wp\/v2\/media?parent=4145"}],"wp:term":[{"taxonomy":"category","embeddable":true,"href":"https:\/\/thefortune.one\/en\/wp-json\/wp\/v2\/categories?post=4145"},{"taxonomy":"post_tag","embeddable":true,"href":"https:\/\/thefortune.one\/en\/wp-json\/wp\/v2\/tags?post=4145"}],"curies":[{"name":"wp","href":"https:\/\/api.w.org\/{rel}","templated":true}]}}