{"id":4086,"date":"2023-08-29T13:19:48","date_gmt":"2023-08-29T13:19:48","guid":{"rendered":"https:\/\/thefortune.one\/?p=4086"},"modified":"2023-08-29T13:19:48","modified_gmt":"2023-08-29T13:19:48","slug":"corrida-por-arrecadacao-pode-gerar-erosao-na-economia-diz-presidente-do-bc","status":"publish","type":"post","link":"https:\/\/thefortune.one\/en\/corrida-por-arrecadacao-pode-gerar-erosao-na-economia-diz-presidente-do-bc\/","title":{"rendered":"Corrida por arrecada\u00e7\u00e3o pode gerar eros\u00e3o na economia, diz presidente do BC"},"content":{"rendered":"\n<p>Para Campos Neto, grande necessidade de receita extra explica falta de confian\u00e7a do mercado em rela\u00e7\u00e3o \u00e0s metas fiscais<\/p>\n\n\n\n<p>O presidente do&nbsp;<a href=\"https:\/\/www1.folha.uol.com.br\/folha-topicos\/banco-central\/\">Banco Central<\/a>,&nbsp;<a href=\"https:\/\/www1.folha.uol.com.br\/folha-topicos\/roberto-campos-neto\/\">Roberto Campos Neto<\/a>, disse estar preocupado com os esfor\u00e7os do governo federal para aumentar receita. Segundo ele, a experi\u00eancia de alguns pa\u00edses vizinhos mostra que o efeito disso pode trazer problemas duradouros.<\/p>\n\n\n\n<p>&#8220;Existe uma preocupa\u00e7\u00e3o porque, em alguns lugares, a corrida por arrecada\u00e7\u00e3o acabou gerando eros\u00e3o de base. A gente tem um exemplo aqui do lado que \u00e9 o da Argentina. A gente tem um outro exemplo bem conhecido que \u00e9 o da Turquia&#8221;, disse a uma plateia de investidores institucionais presentes na Warren Institutional Day, realizado em S\u00e3o Paulo.<\/p>\n\n\n\n<p>Segundo Campos Neto, a incredulidade do mercado em rela\u00e7\u00e3o \u00e0s\u00a0<a href=\"https:\/\/www1.folha.uol.com.br\/mercado\/2023\/08\/deficit-zero-em-2024-defendido-por-haddad-enfrenta-ceticismo-no-governo.shtml\">metas fiscais fixadas pelo governo<\/a>\u00a0para os pr\u00f3ximos anos, entre elas a de zerar o d\u00e9ficit j\u00e1 em 2024, ocorre devido \u00e0 grande necessidade de receitas adicionais para que as metas sejam cumpridas.<\/p>\n\n\n\n<figure class=\"wp-block-image size-full\"><img fetchpriority=\"high\" decoding=\"async\" width=\"1024\" height=\"683\" src=\"https:\/\/thefortune.one\/wp-content\/uploads\/2023\/08\/image-13.png\" alt=\"\" class=\"wp-image-4087\" srcset=\"https:\/\/thefortune.one\/wp-content\/uploads\/2023\/08\/image-13.png 1024w, https:\/\/thefortune.one\/wp-content\/uploads\/2023\/08\/image-13-300x200.png 300w, https:\/\/thefortune.one\/wp-content\/uploads\/2023\/08\/image-13-768x512.png 768w, https:\/\/thefortune.one\/wp-content\/uploads\/2023\/08\/image-13-18x12.png 18w\" sizes=\"(max-width: 1024px) 100vw, 1024px\" \/><\/figure>\n\n\n\n<p>O presidente do BC ponderou que \u00e9 inevit\u00e1vel que haja aumento de impostos para que as metas fiscais prometidas pela equipe econ\u00f4mica do governo sejam alcan\u00e7adas, mas questionou a sustentabilidade disso para a economia, uma vez que o Brasil j\u00e1 tem uma carga tribut\u00e1ria muito elevada.<\/p>\n\n\n\n<p>Sem fazer cr\u00edticas diretas \u00e0 estrat\u00e9gia do Minist\u00e9rio da Fazenda de controlar as contas p\u00fablicas pelo lado da receita, sem realizar cortes de despesas, Campos Neto chamou aten\u00e7\u00e3o para o fato de o Brasil ter crescimento de gastos em termos reais acima da m\u00e9dia global.<\/p>\n\n\n\n<p>&#8220;Em parte, esse \u00e9 um problema estrutural, que n\u00e3o \u00e9 deste governo, n\u00e3o \u00e9 do governo anterior&#8221;, afirmou.<\/p>\n\n\n\n<p>Presente no evento, o economista-chefe da Warren Rena, Felipe Salto, considerou que a preocupa\u00e7\u00e3o de Campos Neto com rela\u00e7\u00e3o ao cen\u00e1rio fiscal no Brasil ficou patente durante seu discurso.<\/p>\n\n\n\n<p>&#8220;Claro que ele \u00e9 sempre muito cuidadoso com o uso da fala, mas, mais do que o desenho do arcabou\u00e7o fiscal, que \u00e9 essa nova regra aprovada pelo Congresso, e proposta pelo governo, agora a preocupa\u00e7\u00e3o vai ser quanto \u00e0 execu\u00e7\u00e3o, se o governo vai conseguir cumprir a meta de resultado prim\u00e1rio&#8221;, disse.<\/p>\n\n\n\n<h3 class=\"wp-block-heading\" id=\"decisoes-de-juros\">BARRA PARA AUMENTAR RITMO DE CORTE DA SELIC \u00c9 ALTA<\/h3>\n\n\n\n<p>Campos Neto tamb\u00e9m comentou a&nbsp;<a href=\"https:\/\/www1.folha.uol.com.br\/mercado\/2023\/08\/bc-corta-selic-em-05-ponto-para-1325-em-reuniao-de-estreia-de-indicados-por-lula.shtml\">\u00faltima decis\u00e3o de juros<\/a>&nbsp;do&nbsp;<a href=\"https:\/\/www1.folha.uol.com.br\/folha-topicos\/copom\/\">Copom<\/a>&nbsp;(Comit\u00ea de Pol\u00edtica Monet\u00e1ria). No in\u00edcio deste m\u00eas, o Banco Central decidiu iniciar o ciclo de redu\u00e7\u00e3o da taxa b\u00e1sica&nbsp;<a href=\"https:\/\/www1.folha.uol.com.br\/folha-topicos\/selic\/\">Selic<\/a>. Mas a diretoria ficou dividida quanto ao patamar de corte, cabendo ao presidente do BC o voto de minerva.<\/p>\n\n\n\n<p>Segundo Campos Neto, esse impasse estava dentro do esperado, dada a configura\u00e7\u00e3o de reuni\u00f5es passadas do Copom. Ele negou que as recentes indica\u00e7\u00f5es do governo para a diretoria do BC possam colocar em d\u00favida a pol\u00edtica monet\u00e1ria no Brasil.<\/p>\n\n\n\n<p>Com rela\u00e7\u00e3o aos pr\u00f3ximos passos do comit\u00ea, Campos Neto afirmou que \u00e9 muito dif\u00edcil um aumento no n\u00edvel de redu\u00e7\u00e3o da taxa Selic. O primeiro corte na reuni\u00e3o deste m\u00eas foi de 0,5 ponto percentual, o que levou os juros b\u00e1sicos a 13,25% ao ano.<\/p>\n\n\n\n<p><a href=\"https:\/\/www1.folha.uol.com.br\/mercado\/2023\/08\/roberto-campos-netos-diz-que-subiu-a-barra-para-o-fiscal-no-brasil.shtml\">&#8220;A barra para fazer algo diferente [em rela\u00e7\u00e3o ao ritmo de corte] \u00e9 muito alta&#8221;, declarou.<\/a><\/p>\n\n\n\n<p>Sobre os \u00faltimos movimentos da Bolsa de Valores no Brasil, Campos Neto disse que o repique na curva de juros futuros, com as taxas subindo, \u00e9 em parte um cen\u00e1rio sincronizado com o restante do mundo.<\/p>\n\n\n\n<h3 class=\"wp-block-heading\" id=\"ipca-15\">N\u00daCLEOS DE INFLA\u00c7\u00c3O DE SERVI\u00c7OS N\u00c3O EST\u00c3O RUINS<\/h3>\n\n\n\n<p>O presidente do BC analisou, ainda, os<a href=\"https:\/\/www1.folha.uol.com.br\/mercado\/2023\/08\/previa-da-inflacao-tem-alta-de-028-em-agosto-indica-ibge.shtml\">&nbsp;\u00faltimos dados do IPCA-15<\/a>&nbsp;(\u00cdndice de Pre\u00e7os ao Consumidor Amplo-15).<\/p>\n\n\n\n<p>Segundo Campos Neto, os n\u00facleos da infla\u00e7\u00e3o de servi\u00e7os \u2014que excluem itens mais vol\u00e1teis da conta e indicam a tend\u00eancia dos pre\u00e7os \u2014n\u00e3o vieram ruins. Essa \u00e9 uma medida que tem sido acompanhada de perto pelo Banco Central.<\/p>\n\n\n\n<p>A infla\u00e7\u00e3o de alimentos, por outro lado, surpreendeu negativamente, de acordo com o presidente do BC.<\/p>\n\n\n\n<p>O IPCA-15 registrou alta de 0,28% em agosto, ante uma expectativa de avan\u00e7o de 0,17%, de acordo com a m\u00e9dia das proje\u00e7\u00f5es levantadas pela Reuters.<\/p>\n\n\n\n<p>Segundo Campos Neto, o movimento inflacion\u00e1rio no Brasil, com uma volta de alta leve nos pre\u00e7os, est\u00e1 dentro do esperado. Ele ressaltou que o mercado est\u00e1 esperando um desvio em rela\u00e7\u00e3o \u00e0 meta da infla\u00e7\u00e3o neste ano, com uma converg\u00eancia em 2024 e 2025,<\/p>\n\n\n\n<p>Fonte:https:\/\/www1.folha.uol.com.br\/mercado\/2023\/08\/corrida-por-arrecadacao-pode-gerar-inflacao-de-base-diz-presidente-do-bc.shtml<\/p>\n","protected":false},"excerpt":{"rendered":"<p>Para Campos Neto, grande necessidade de receita extra explica falta de confian\u00e7a do mercado em rela\u00e7\u00e3o \u00e0s metas fiscais O presidente do&nbsp;Banco Central,&nbsp;Roberto Campos Neto, disse estar preocupado com os esfor\u00e7os do governo federal para aumentar receita. Segundo ele, a experi\u00eancia de alguns pa\u00edses vizinhos mostra que o efeito disso pode trazer problemas duradouros. &#8220;Existe [&hellip;]<\/p>\n","protected":false},"author":3,"featured_media":4088,"comment_status":"open","ping_status":"open","sticky":false,"template":"","format":"standard","meta":{"_joinchat":[],"footnotes":""},"categories":[1],"tags":[],"class_list":["post-4086","post","type-post","status-publish","format-standard","has-post-thumbnail","hentry","category-the-fortune-one"],"yoast_head":"<!-- This site is optimized with the Yoast SEO plugin v27.5 - https:\/\/yoast.com\/product\/yoast-seo-wordpress\/ -->\n<title>Corrida por arrecada\u00e7\u00e3o pode gerar eros\u00e3o na economia, diz presidente do BC - The Fortune.one<\/title>\n<meta name=\"description\" content=\"Somos especialistas em gest\u00e3o patrimonial, op\u00e7\u00f5es de investimentos para diversos perfis, nosso diferencial \u00e9 comprovado com resultados.\" \/>\n<meta name=\"robots\" content=\"index, follow, max-snippet:-1, max-image-preview:large, max-video-preview:-1\" \/>\n<link rel=\"canonical\" href=\"https:\/\/thefortune.one\/en\/corrida-por-arrecadacao-pode-gerar-erosao-na-economia-diz-presidente-do-bc\/\" \/>\n<meta property=\"og:locale\" content=\"en_US\" \/>\n<meta property=\"og:type\" content=\"article\" \/>\n<meta property=\"og:title\" content=\"Corrida por arrecada\u00e7\u00e3o pode gerar eros\u00e3o na economia, diz presidente do BC - The Fortune.one\" \/>\n<meta property=\"og:description\" content=\"Somos especialistas em gest\u00e3o patrimonial, op\u00e7\u00f5es de investimentos para diversos perfis, nosso diferencial \u00e9 comprovado com resultados.\" \/>\n<meta property=\"og:url\" content=\"https:\/\/thefortune.one\/en\/corrida-por-arrecadacao-pode-gerar-erosao-na-economia-diz-presidente-do-bc\/\" \/>\n<meta property=\"og:site_name\" content=\"The Fortune.one\" \/>\n<meta property=\"article:published_time\" content=\"2023-08-29T13:19:48+00:00\" \/>\n<meta property=\"og:image\" content=\"https:\/\/thefortune.one\/wp-content\/uploads\/2023\/08\/gh.jpg\" \/>\n\t<meta property=\"og:image:width\" content=\"768\" \/>\n\t<meta property=\"og:image:height\" content=\"512\" \/>\n\t<meta property=\"og:image:type\" content=\"image\/jpeg\" \/>\n<meta name=\"author\" content=\"bianca\" \/>\n<meta name=\"twitter:card\" content=\"summary_large_image\" \/>\n<meta name=\"twitter:label1\" content=\"Written by\" \/>\n\t<meta name=\"twitter:data1\" content=\"bianca\" \/>\n\t<meta name=\"twitter:label2\" content=\"Est. reading time\" \/>\n\t<meta name=\"twitter:data2\" content=\"4 minutes\" \/>\n<script type=\"application\/ld+json\" class=\"yoast-schema-graph\">{\"@context\":\"https:\\\/\\\/schema.org\",\"@graph\":[{\"@type\":\"Article\",\"@id\":\"https:\\\/\\\/thefortune.one\\\/pt\\\/corrida-por-arrecadacao-pode-gerar-erosao-na-economia-diz-presidente-do-bc\\\/#article\",\"isPartOf\":{\"@id\":\"https:\\\/\\\/thefortune.one\\\/pt\\\/corrida-por-arrecadacao-pode-gerar-erosao-na-economia-diz-presidente-do-bc\\\/\"},\"author\":{\"name\":\"bianca\",\"@id\":\"https:\\\/\\\/thefortune.one\\\/pt\\\/#\\\/schema\\\/person\\\/6cd8fe72a627d36caabf41815984a16f\"},\"headline\":\"Corrida por arrecada\u00e7\u00e3o pode gerar eros\u00e3o na economia, diz presidente do BC\",\"datePublished\":\"2023-08-29T13:19:48+00:00\",\"mainEntityOfPage\":{\"@id\":\"https:\\\/\\\/thefortune.one\\\/pt\\\/corrida-por-arrecadacao-pode-gerar-erosao-na-economia-diz-presidente-do-bc\\\/\"},\"wordCount\":779,\"commentCount\":0,\"publisher\":{\"@id\":\"https:\\\/\\\/thefortune.one\\\/pt\\\/#organization\"},\"image\":{\"@id\":\"https:\\\/\\\/thefortune.one\\\/pt\\\/corrida-por-arrecadacao-pode-gerar-erosao-na-economia-diz-presidente-do-bc\\\/#primaryimage\"},\"thumbnailUrl\":\"https:\\\/\\\/thefortune.one\\\/wp-content\\\/uploads\\\/2023\\\/08\\\/gh.jpg\",\"articleSection\":[\"The Fortune.one\"],\"inLanguage\":\"en-US\",\"potentialAction\":[{\"@type\":\"CommentAction\",\"name\":\"Comment\",\"target\":[\"https:\\\/\\\/thefortune.one\\\/pt\\\/corrida-por-arrecadacao-pode-gerar-erosao-na-economia-diz-presidente-do-bc\\\/#respond\"]}]},{\"@type\":\"WebPage\",\"@id\":\"https:\\\/\\\/thefortune.one\\\/pt\\\/corrida-por-arrecadacao-pode-gerar-erosao-na-economia-diz-presidente-do-bc\\\/\",\"url\":\"https:\\\/\\\/thefortune.one\\\/pt\\\/corrida-por-arrecadacao-pode-gerar-erosao-na-economia-diz-presidente-do-bc\\\/\",\"name\":\"Corrida por arrecada\u00e7\u00e3o pode gerar eros\u00e3o na economia, diz presidente do BC - The Fortune.one\",\"isPartOf\":{\"@id\":\"https:\\\/\\\/thefortune.one\\\/pt\\\/#website\"},\"primaryImageOfPage\":{\"@id\":\"https:\\\/\\\/thefortune.one\\\/pt\\\/corrida-por-arrecadacao-pode-gerar-erosao-na-economia-diz-presidente-do-bc\\\/#primaryimage\"},\"image\":{\"@id\":\"https:\\\/\\\/thefortune.one\\\/pt\\\/corrida-por-arrecadacao-pode-gerar-erosao-na-economia-diz-presidente-do-bc\\\/#primaryimage\"},\"thumbnailUrl\":\"https:\\\/\\\/thefortune.one\\\/wp-content\\\/uploads\\\/2023\\\/08\\\/gh.jpg\",\"datePublished\":\"2023-08-29T13:19:48+00:00\",\"description\":\"Somos especialistas em gest\u00e3o patrimonial, op\u00e7\u00f5es de investimentos para diversos perfis, nosso diferencial \u00e9 comprovado com resultados.\",\"breadcrumb\":{\"@id\":\"https:\\\/\\\/thefortune.one\\\/pt\\\/corrida-por-arrecadacao-pode-gerar-erosao-na-economia-diz-presidente-do-bc\\\/#breadcrumb\"},\"inLanguage\":\"en-US\",\"potentialAction\":[{\"@type\":\"ReadAction\",\"target\":[\"https:\\\/\\\/thefortune.one\\\/pt\\\/corrida-por-arrecadacao-pode-gerar-erosao-na-economia-diz-presidente-do-bc\\\/\"]}]},{\"@type\":\"ImageObject\",\"inLanguage\":\"en-US\",\"@id\":\"https:\\\/\\\/thefortune.one\\\/pt\\\/corrida-por-arrecadacao-pode-gerar-erosao-na-economia-diz-presidente-do-bc\\\/#primaryimage\",\"url\":\"https:\\\/\\\/thefortune.one\\\/wp-content\\\/uploads\\\/2023\\\/08\\\/gh.jpg\",\"contentUrl\":\"https:\\\/\\\/thefortune.one\\\/wp-content\\\/uploads\\\/2023\\\/08\\\/gh.jpg\",\"width\":768,\"height\":512},{\"@type\":\"BreadcrumbList\",\"@id\":\"https:\\\/\\\/thefortune.one\\\/pt\\\/corrida-por-arrecadacao-pode-gerar-erosao-na-economia-diz-presidente-do-bc\\\/#breadcrumb\",\"itemListElement\":[{\"@type\":\"ListItem\",\"position\":1,\"name\":\"In\u00edcio\",\"item\":\"https:\\\/\\\/thefortune.one\\\/pt\\\/\"},{\"@type\":\"ListItem\",\"position\":2,\"name\":\"Corrida por arrecada\u00e7\u00e3o pode gerar eros\u00e3o na economia, diz presidente do BC\"}]},{\"@type\":\"WebSite\",\"@id\":\"https:\\\/\\\/thefortune.one\\\/pt\\\/#website\",\"url\":\"https:\\\/\\\/thefortune.one\\\/pt\\\/\",\"name\":\"The Fortune.one\",\"description\":\"Gestora de Recursos Especializada em Private Equity\",\"publisher\":{\"@id\":\"https:\\\/\\\/thefortune.one\\\/pt\\\/#organization\"},\"potentialAction\":[{\"@type\":\"SearchAction\",\"target\":{\"@type\":\"EntryPoint\",\"urlTemplate\":\"https:\\\/\\\/thefortune.one\\\/pt\\\/?s={search_term_string}\"},\"query-input\":{\"@type\":\"PropertyValueSpecification\",\"valueRequired\":true,\"valueName\":\"search_term_string\"}}],\"inLanguage\":\"en-US\"},{\"@type\":\"Organization\",\"@id\":\"https:\\\/\\\/thefortune.one\\\/pt\\\/#organization\",\"name\":\"The Fortune One\",\"url\":\"https:\\\/\\\/thefortune.one\\\/pt\\\/\",\"logo\":{\"@type\":\"ImageObject\",\"inLanguage\":\"en-US\",\"@id\":\"https:\\\/\\\/thefortune.one\\\/pt\\\/#\\\/schema\\\/logo\\\/image\\\/\",\"url\":\"https:\\\/\\\/thefortune.one\\\/wp-content\\\/uploads\\\/2022\\\/11\\\/cropped-cropped-1651682701199-1.jpg\",\"contentUrl\":\"https:\\\/\\\/thefortune.one\\\/wp-content\\\/uploads\\\/2022\\\/11\\\/cropped-cropped-1651682701199-1.jpg\",\"width\":369,\"height\":421,\"caption\":\"The Fortune One\"},\"image\":{\"@id\":\"https:\\\/\\\/thefortune.one\\\/pt\\\/#\\\/schema\\\/logo\\\/image\\\/\"}},{\"@type\":\"Person\",\"@id\":\"https:\\\/\\\/thefortune.one\\\/pt\\\/#\\\/schema\\\/person\\\/6cd8fe72a627d36caabf41815984a16f\",\"name\":\"bianca\",\"image\":{\"@type\":\"ImageObject\",\"inLanguage\":\"en-US\",\"@id\":\"https:\\\/\\\/secure.gravatar.com\\\/avatar\\\/66cd7b00d93410555e00d1e6a911a86de0cd0cfa4f83a2f8b47eddc2968c98af?s=96&d=mm&r=g\",\"url\":\"https:\\\/\\\/secure.gravatar.com\\\/avatar\\\/66cd7b00d93410555e00d1e6a911a86de0cd0cfa4f83a2f8b47eddc2968c98af?s=96&d=mm&r=g\",\"contentUrl\":\"https:\\\/\\\/secure.gravatar.com\\\/avatar\\\/66cd7b00d93410555e00d1e6a911a86de0cd0cfa4f83a2f8b47eddc2968c98af?s=96&d=mm&r=g\",\"caption\":\"bianca\"},\"url\":\"https:\\\/\\\/thefortune.one\\\/en\\\/author\\\/bianca\\\/\"}]}<\/script>\n<!-- \/ Yoast SEO plugin. -->","yoast_head_json":{"title":"Corrida por arrecada\u00e7\u00e3o pode gerar eros\u00e3o na economia, diz presidente do BC - The Fortune.one","description":"Somos especialistas em gest\u00e3o patrimonial, op\u00e7\u00f5es de investimentos para diversos perfis, nosso diferencial \u00e9 comprovado com resultados.","robots":{"index":"index","follow":"follow","max-snippet":"max-snippet:-1","max-image-preview":"max-image-preview:large","max-video-preview":"max-video-preview:-1"},"canonical":"https:\/\/thefortune.one\/en\/corrida-por-arrecadacao-pode-gerar-erosao-na-economia-diz-presidente-do-bc\/","og_locale":"en_US","og_type":"article","og_title":"Corrida por arrecada\u00e7\u00e3o pode gerar eros\u00e3o na economia, diz presidente do BC - The Fortune.one","og_description":"Somos especialistas em gest\u00e3o patrimonial, op\u00e7\u00f5es de investimentos para diversos perfis, nosso diferencial \u00e9 comprovado com resultados.","og_url":"https:\/\/thefortune.one\/en\/corrida-por-arrecadacao-pode-gerar-erosao-na-economia-diz-presidente-do-bc\/","og_site_name":"The Fortune.one","article_published_time":"2023-08-29T13:19:48+00:00","og_image":[{"width":768,"height":512,"url":"https:\/\/thefortune.one\/wp-content\/uploads\/2023\/08\/gh.jpg","type":"image\/jpeg"}],"author":"bianca","twitter_card":"summary_large_image","twitter_misc":{"Written by":"bianca","Est. reading time":"4 minutes"},"schema":{"@context":"https:\/\/schema.org","@graph":[{"@type":"Article","@id":"https:\/\/thefortune.one\/pt\/corrida-por-arrecadacao-pode-gerar-erosao-na-economia-diz-presidente-do-bc\/#article","isPartOf":{"@id":"https:\/\/thefortune.one\/pt\/corrida-por-arrecadacao-pode-gerar-erosao-na-economia-diz-presidente-do-bc\/"},"author":{"name":"bianca","@id":"https:\/\/thefortune.one\/pt\/#\/schema\/person\/6cd8fe72a627d36caabf41815984a16f"},"headline":"Corrida por arrecada\u00e7\u00e3o pode gerar eros\u00e3o na economia, diz presidente do BC","datePublished":"2023-08-29T13:19:48+00:00","mainEntityOfPage":{"@id":"https:\/\/thefortune.one\/pt\/corrida-por-arrecadacao-pode-gerar-erosao-na-economia-diz-presidente-do-bc\/"},"wordCount":779,"commentCount":0,"publisher":{"@id":"https:\/\/thefortune.one\/pt\/#organization"},"image":{"@id":"https:\/\/thefortune.one\/pt\/corrida-por-arrecadacao-pode-gerar-erosao-na-economia-diz-presidente-do-bc\/#primaryimage"},"thumbnailUrl":"https:\/\/thefortune.one\/wp-content\/uploads\/2023\/08\/gh.jpg","articleSection":["The Fortune.one"],"inLanguage":"en-US","potentialAction":[{"@type":"CommentAction","name":"Comment","target":["https:\/\/thefortune.one\/pt\/corrida-por-arrecadacao-pode-gerar-erosao-na-economia-diz-presidente-do-bc\/#respond"]}]},{"@type":"WebPage","@id":"https:\/\/thefortune.one\/pt\/corrida-por-arrecadacao-pode-gerar-erosao-na-economia-diz-presidente-do-bc\/","url":"https:\/\/thefortune.one\/pt\/corrida-por-arrecadacao-pode-gerar-erosao-na-economia-diz-presidente-do-bc\/","name":"Corrida por arrecada\u00e7\u00e3o pode gerar eros\u00e3o na economia, diz presidente do BC - The Fortune.one","isPartOf":{"@id":"https:\/\/thefortune.one\/pt\/#website"},"primaryImageOfPage":{"@id":"https:\/\/thefortune.one\/pt\/corrida-por-arrecadacao-pode-gerar-erosao-na-economia-diz-presidente-do-bc\/#primaryimage"},"image":{"@id":"https:\/\/thefortune.one\/pt\/corrida-por-arrecadacao-pode-gerar-erosao-na-economia-diz-presidente-do-bc\/#primaryimage"},"thumbnailUrl":"https:\/\/thefortune.one\/wp-content\/uploads\/2023\/08\/gh.jpg","datePublished":"2023-08-29T13:19:48+00:00","description":"Somos especialistas em gest\u00e3o patrimonial, op\u00e7\u00f5es de investimentos para diversos perfis, nosso diferencial \u00e9 comprovado com resultados.","breadcrumb":{"@id":"https:\/\/thefortune.one\/pt\/corrida-por-arrecadacao-pode-gerar-erosao-na-economia-diz-presidente-do-bc\/#breadcrumb"},"inLanguage":"en-US","potentialAction":[{"@type":"ReadAction","target":["https:\/\/thefortune.one\/pt\/corrida-por-arrecadacao-pode-gerar-erosao-na-economia-diz-presidente-do-bc\/"]}]},{"@type":"ImageObject","inLanguage":"en-US","@id":"https:\/\/thefortune.one\/pt\/corrida-por-arrecadacao-pode-gerar-erosao-na-economia-diz-presidente-do-bc\/#primaryimage","url":"https:\/\/thefortune.one\/wp-content\/uploads\/2023\/08\/gh.jpg","contentUrl":"https:\/\/thefortune.one\/wp-content\/uploads\/2023\/08\/gh.jpg","width":768,"height":512},{"@type":"BreadcrumbList","@id":"https:\/\/thefortune.one\/pt\/corrida-por-arrecadacao-pode-gerar-erosao-na-economia-diz-presidente-do-bc\/#breadcrumb","itemListElement":[{"@type":"ListItem","position":1,"name":"In\u00edcio","item":"https:\/\/thefortune.one\/pt\/"},{"@type":"ListItem","position":2,"name":"Corrida por arrecada\u00e7\u00e3o pode gerar eros\u00e3o na economia, diz presidente do BC"}]},{"@type":"WebSite","@id":"https:\/\/thefortune.one\/pt\/#website","url":"https:\/\/thefortune.one\/pt\/","name":"The Fortune.one","description":"Gestora de Recursos Especializada em Private Equity","publisher":{"@id":"https:\/\/thefortune.one\/pt\/#organization"},"potentialAction":[{"@type":"SearchAction","target":{"@type":"EntryPoint","urlTemplate":"https:\/\/thefortune.one\/pt\/?s={search_term_string}"},"query-input":{"@type":"PropertyValueSpecification","valueRequired":true,"valueName":"search_term_string"}}],"inLanguage":"en-US"},{"@type":"Organization","@id":"https:\/\/thefortune.one\/pt\/#organization","name":"The Fortune One","url":"https:\/\/thefortune.one\/pt\/","logo":{"@type":"ImageObject","inLanguage":"en-US","@id":"https:\/\/thefortune.one\/pt\/#\/schema\/logo\/image\/","url":"https:\/\/thefortune.one\/wp-content\/uploads\/2022\/11\/cropped-cropped-1651682701199-1.jpg","contentUrl":"https:\/\/thefortune.one\/wp-content\/uploads\/2022\/11\/cropped-cropped-1651682701199-1.jpg","width":369,"height":421,"caption":"The Fortune One"},"image":{"@id":"https:\/\/thefortune.one\/pt\/#\/schema\/logo\/image\/"}},{"@type":"Person","@id":"https:\/\/thefortune.one\/pt\/#\/schema\/person\/6cd8fe72a627d36caabf41815984a16f","name":"bianca","image":{"@type":"ImageObject","inLanguage":"en-US","@id":"https:\/\/secure.gravatar.com\/avatar\/66cd7b00d93410555e00d1e6a911a86de0cd0cfa4f83a2f8b47eddc2968c98af?s=96&d=mm&r=g","url":"https:\/\/secure.gravatar.com\/avatar\/66cd7b00d93410555e00d1e6a911a86de0cd0cfa4f83a2f8b47eddc2968c98af?s=96&d=mm&r=g","contentUrl":"https:\/\/secure.gravatar.com\/avatar\/66cd7b00d93410555e00d1e6a911a86de0cd0cfa4f83a2f8b47eddc2968c98af?s=96&d=mm&r=g","caption":"bianca"},"url":"https:\/\/thefortune.one\/en\/author\/bianca\/"}]}},"_links":{"self":[{"href":"https:\/\/thefortune.one\/en\/wp-json\/wp\/v2\/posts\/4086","targetHints":{"allow":["GET"]}}],"collection":[{"href":"https:\/\/thefortune.one\/en\/wp-json\/wp\/v2\/posts"}],"about":[{"href":"https:\/\/thefortune.one\/en\/wp-json\/wp\/v2\/types\/post"}],"author":[{"embeddable":true,"href":"https:\/\/thefortune.one\/en\/wp-json\/wp\/v2\/users\/3"}],"replies":[{"embeddable":true,"href":"https:\/\/thefortune.one\/en\/wp-json\/wp\/v2\/comments?post=4086"}],"version-history":[{"count":1,"href":"https:\/\/thefortune.one\/en\/wp-json\/wp\/v2\/posts\/4086\/revisions"}],"predecessor-version":[{"id":4089,"href":"https:\/\/thefortune.one\/en\/wp-json\/wp\/v2\/posts\/4086\/revisions\/4089"}],"wp:featuredmedia":[{"embeddable":true,"href":"https:\/\/thefortune.one\/en\/wp-json\/wp\/v2\/media\/4088"}],"wp:attachment":[{"href":"https:\/\/thefortune.one\/en\/wp-json\/wp\/v2\/media?parent=4086"}],"wp:term":[{"taxonomy":"category","embeddable":true,"href":"https:\/\/thefortune.one\/en\/wp-json\/wp\/v2\/categories?post=4086"},{"taxonomy":"post_tag","embeddable":true,"href":"https:\/\/thefortune.one\/en\/wp-json\/wp\/v2\/tags?post=4086"}],"curies":[{"name":"wp","href":"https:\/\/api.w.org\/{rel}","templated":true}]}}