{"id":4045,"date":"2023-08-16T13:41:02","date_gmt":"2023-08-16T13:41:02","guid":{"rendered":"https:\/\/thefortune.one\/?p=4045"},"modified":"2023-08-16T13:41:02","modified_gmt":"2023-08-16T13:41:02","slug":"dolar-recua-com-exterior-de-olho-em-dados-europeus-antes-de-ata-do-fed","status":"publish","type":"post","link":"https:\/\/thefortune.one\/en\/dolar-recua-com-exterior-de-olho-em-dados-europeus-antes-de-ata-do-fed\/","title":{"rendered":"D\u00f3lar recua com exterior de olho em dados europeus antes de ata do Fed"},"content":{"rendered":"\n<h2 class=\"wp-block-heading\">O euro e a libra se fortalecem ante o d\u00f3lar ap\u00f3s indicadores de crescimento do PIB da zona do euro como previsto, produ\u00e7\u00e3o industrial do bloco acima do esperado e de infla\u00e7\u00e3o ao consumidor no Reino Unido apontando desacelera\u00e7\u00e3o em julho<\/h2>\n\n\n\n<figure class=\"wp-block-image size-full\"><img fetchpriority=\"high\" decoding=\"async\" width=\"924\" height=\"616\" src=\"https:\/\/thefortune.one\/wp-content\/uploads\/2023\/08\/image-7.png\" alt=\"\" class=\"wp-image-4046\" srcset=\"https:\/\/thefortune.one\/wp-content\/uploads\/2023\/08\/image-7.png 924w, https:\/\/thefortune.one\/wp-content\/uploads\/2023\/08\/image-7-300x200.png 300w, https:\/\/thefortune.one\/wp-content\/uploads\/2023\/08\/image-7-768x512.png 768w, https:\/\/thefortune.one\/wp-content\/uploads\/2023\/08\/image-7-18x12.png 18w\" sizes=\"(max-width: 924px) 100vw, 924px\" \/><\/figure>\n\n\n\n<p>O d\u00f3lar recua no mercado \u00e0 vista nesta quarta-feira, 16, acompanhando a tend\u00eancia no exterior pela manh\u00e3, ap\u00f3s altas na ter\u00e7a-feira. L\u00e1 fora, o euro e a libra se fortalecem ante o d\u00f3lar ap\u00f3s indicadores de crescimento do PIB da zona do euro como previsto, produ\u00e7\u00e3o industrial do bloco acima do esperado e de infla\u00e7\u00e3o ao consumidor no Reino Unido apontando desacelera\u00e7\u00e3o em julho.<\/p>\n\n\n\n<p>Os investidores locais reduzem posi\u00e7\u00f5es defensivas em meio ainda \u00e0 sinaliza\u00e7\u00e3o dada pelo presidente da C\u00e2mara, Arthur Lira (PP-AL), para a vota\u00e7\u00e3o final do arcabou\u00e7o fiscal e da desonera\u00e7\u00e3o da folha de pagamentos na semana que vem.<\/p>\n\n\n\n<p>Lira afirmou nesta ter\u00e7a que o arcabou\u00e7o fiscal pode ser votado no plen\u00e1rio da Casa na pr\u00f3xima ter\u00e7a-feira, 22, se houver consenso sobre a emenda do Senado que autoriza a previs\u00e3o de despesas condicionadas no Or\u00e7amento de 2024.<\/p>\n\n\n\n<p>Mas os ajustes dos ativos financeiros s\u00e3o relativamente contidos diante do compasso de espera pela produ\u00e7\u00e3o industrial nos EUA em julho (10h15) e a ata da reuni\u00e3o de julho do Federal Reserve (15h), que elevou em 25 pontos-base as taxas dos Fed Funds, \u00e0 faixa de 5,25% a 5,75% ao ano, ap\u00f3s uma pausa em junho.<\/p>\n\n\n\n<p>No mercado local, os investidores focam no presidente do Banco Central, Roberto Campos Neto, em palestra nesta manh\u00e3. Campos Neto foi voto determinante para o corte de 0,50 pp da Selic, a 13,25% ao ano, no dia 2 de agosto. Na ter\u00e7a, a diretora de Assuntos Internacionais do Banco Central, Fernanda Guardado, descartou a possibilidade de o Comit\u00ea de Pol\u00edtica Monet\u00e1ria (Copom) acelerar o ritmo de corte da Selic, processo iniciado neste m\u00eas com uma redu\u00e7\u00e3o de 50 pontos-base, para 13,25% ao ano.<\/p>\n\n\n\n<p>Segundo ela, o comit\u00ea est\u00e1 bastante comprometido com o ritmo de queda. &#8220;Acho que talvez n\u00e3o seja boa pr\u00e1tica se comprometer de forma inexor\u00e1vel, pois a gente n\u00e3o sabe o tipo de choque que pode acontecer na economia&#8221;, ponderou. &#8220;Uma acelera\u00e7\u00e3o (dos cortes) no meio do ciclo geralmente significa um novo pace (ritmo) e a gente n\u00e3o antev\u00ea condi\u00e7\u00f5es para esse novo pace&#8221;, adiantou, durante o evento &#8220;Sob o Olhar Delas&#8221;, organizado pela XP Inc., em Bras\u00edlia.<\/p>\n\n\n\n<p>\u00c0s 9h31 desta quarta, o d\u00f3lar \u00e0 vista ca\u00eda 0,18%, a R$ 4,9780. O d\u00f3lar para setembro cedia 0,19%, a R$ 4,9905.<\/p>\n\n\n\n<p>Fonte:https:\/\/revistapegn.globo.com\/economia\/noticia\/2023\/08\/dolar-recua-com-exterior-de-olho-em-dados-europeus-antes-de-ata-do-fed.ghtml<\/p>\n","protected":false},"excerpt":{"rendered":"<p>O euro e a libra se fortalecem ante o d\u00f3lar ap\u00f3s indicadores de crescimento do PIB da zona do euro como previsto, produ\u00e7\u00e3o industrial do bloco acima do esperado e de infla\u00e7\u00e3o ao consumidor no Reino Unido apontando desacelera\u00e7\u00e3o em julho O d\u00f3lar recua no mercado \u00e0 vista nesta quarta-feira, 16, acompanhando a tend\u00eancia no [&hellip;]<\/p>\n","protected":false},"author":3,"featured_media":4047,"comment_status":"open","ping_status":"open","sticky":false,"template":"","format":"standard","meta":{"_joinchat":[],"footnotes":""},"categories":[1],"tags":[],"class_list":["post-4045","post","type-post","status-publish","format-standard","has-post-thumbnail","hentry","category-the-fortune-one"],"yoast_head":"<!-- This site is optimized with the Yoast SEO plugin v27.5 - https:\/\/yoast.com\/product\/yoast-seo-wordpress\/ -->\n<title>D\u00f3lar recua com exterior de olho em dados europeus antes de ata do Fed - The Fortune.one<\/title>\n<meta name=\"description\" content=\"Somos especialistas em gest\u00e3o patrimonial, op\u00e7\u00f5es de investimentos para diversos perfis, nosso diferencial \u00e9 comprovado com resultados.\" \/>\n<meta name=\"robots\" content=\"index, follow, max-snippet:-1, max-image-preview:large, max-video-preview:-1\" \/>\n<link rel=\"canonical\" href=\"https:\/\/thefortune.one\/en\/dolar-recua-com-exterior-de-olho-em-dados-europeus-antes-de-ata-do-fed\/\" \/>\n<meta property=\"og:locale\" content=\"en_US\" \/>\n<meta property=\"og:type\" content=\"article\" \/>\n<meta property=\"og:title\" content=\"D\u00f3lar recua com exterior de olho em dados europeus antes de ata do Fed - The Fortune.one\" \/>\n<meta property=\"og:description\" content=\"Somos especialistas em gest\u00e3o patrimonial, op\u00e7\u00f5es de investimentos para diversos perfis, nosso diferencial \u00e9 comprovado com resultados.\" \/>\n<meta property=\"og:url\" content=\"https:\/\/thefortune.one\/en\/dolar-recua-com-exterior-de-olho-em-dados-europeus-antes-de-ata-do-fed\/\" \/>\n<meta property=\"og:site_name\" content=\"The Fortune.one\" \/>\n<meta property=\"article:published_time\" content=\"2023-08-16T13:41:02+00:00\" \/>\n<meta property=\"og:image\" content=\"https:\/\/thefortune.one\/wp-content\/uploads\/2023\/08\/dolar.jpg\" \/>\n\t<meta property=\"og:image:width\" content=\"924\" \/>\n\t<meta property=\"og:image:height\" content=\"616\" \/>\n\t<meta property=\"og:image:type\" content=\"image\/jpeg\" \/>\n<meta name=\"author\" content=\"bianca\" \/>\n<meta name=\"twitter:card\" content=\"summary_large_image\" \/>\n<meta name=\"twitter:label1\" content=\"Written by\" \/>\n\t<meta name=\"twitter:data1\" content=\"bianca\" \/>\n\t<meta name=\"twitter:label2\" content=\"Est. reading time\" \/>\n\t<meta name=\"twitter:data2\" content=\"2 minutes\" \/>\n<script type=\"application\/ld+json\" class=\"yoast-schema-graph\">{\"@context\":\"https:\\\/\\\/schema.org\",\"@graph\":[{\"@type\":\"Article\",\"@id\":\"https:\\\/\\\/thefortune.one\\\/pt\\\/dolar-recua-com-exterior-de-olho-em-dados-europeus-antes-de-ata-do-fed\\\/#article\",\"isPartOf\":{\"@id\":\"https:\\\/\\\/thefortune.one\\\/pt\\\/dolar-recua-com-exterior-de-olho-em-dados-europeus-antes-de-ata-do-fed\\\/\"},\"author\":{\"name\":\"bianca\",\"@id\":\"https:\\\/\\\/thefortune.one\\\/pt\\\/#\\\/schema\\\/person\\\/6cd8fe72a627d36caabf41815984a16f\"},\"headline\":\"D\u00f3lar recua com exterior de olho em dados europeus antes de ata do Fed\",\"datePublished\":\"2023-08-16T13:41:02+00:00\",\"mainEntityOfPage\":{\"@id\":\"https:\\\/\\\/thefortune.one\\\/pt\\\/dolar-recua-com-exterior-de-olho-em-dados-europeus-antes-de-ata-do-fed\\\/\"},\"wordCount\":470,\"commentCount\":0,\"publisher\":{\"@id\":\"https:\\\/\\\/thefortune.one\\\/pt\\\/#organization\"},\"image\":{\"@id\":\"https:\\\/\\\/thefortune.one\\\/pt\\\/dolar-recua-com-exterior-de-olho-em-dados-europeus-antes-de-ata-do-fed\\\/#primaryimage\"},\"thumbnailUrl\":\"https:\\\/\\\/thefortune.one\\\/wp-content\\\/uploads\\\/2023\\\/08\\\/dolar.jpg\",\"articleSection\":[\"The Fortune.one\"],\"inLanguage\":\"en-US\",\"potentialAction\":[{\"@type\":\"CommentAction\",\"name\":\"Comment\",\"target\":[\"https:\\\/\\\/thefortune.one\\\/pt\\\/dolar-recua-com-exterior-de-olho-em-dados-europeus-antes-de-ata-do-fed\\\/#respond\"]}]},{\"@type\":\"WebPage\",\"@id\":\"https:\\\/\\\/thefortune.one\\\/pt\\\/dolar-recua-com-exterior-de-olho-em-dados-europeus-antes-de-ata-do-fed\\\/\",\"url\":\"https:\\\/\\\/thefortune.one\\\/pt\\\/dolar-recua-com-exterior-de-olho-em-dados-europeus-antes-de-ata-do-fed\\\/\",\"name\":\"D\u00f3lar recua com exterior de olho em dados europeus antes de ata do Fed - The Fortune.one\",\"isPartOf\":{\"@id\":\"https:\\\/\\\/thefortune.one\\\/pt\\\/#website\"},\"primaryImageOfPage\":{\"@id\":\"https:\\\/\\\/thefortune.one\\\/pt\\\/dolar-recua-com-exterior-de-olho-em-dados-europeus-antes-de-ata-do-fed\\\/#primaryimage\"},\"image\":{\"@id\":\"https:\\\/\\\/thefortune.one\\\/pt\\\/dolar-recua-com-exterior-de-olho-em-dados-europeus-antes-de-ata-do-fed\\\/#primaryimage\"},\"thumbnailUrl\":\"https:\\\/\\\/thefortune.one\\\/wp-content\\\/uploads\\\/2023\\\/08\\\/dolar.jpg\",\"datePublished\":\"2023-08-16T13:41:02+00:00\",\"description\":\"Somos especialistas em gest\u00e3o patrimonial, op\u00e7\u00f5es de investimentos para diversos perfis, nosso diferencial \u00e9 comprovado com resultados.\",\"breadcrumb\":{\"@id\":\"https:\\\/\\\/thefortune.one\\\/pt\\\/dolar-recua-com-exterior-de-olho-em-dados-europeus-antes-de-ata-do-fed\\\/#breadcrumb\"},\"inLanguage\":\"en-US\",\"potentialAction\":[{\"@type\":\"ReadAction\",\"target\":[\"https:\\\/\\\/thefortune.one\\\/pt\\\/dolar-recua-com-exterior-de-olho-em-dados-europeus-antes-de-ata-do-fed\\\/\"]}]},{\"@type\":\"ImageObject\",\"inLanguage\":\"en-US\",\"@id\":\"https:\\\/\\\/thefortune.one\\\/pt\\\/dolar-recua-com-exterior-de-olho-em-dados-europeus-antes-de-ata-do-fed\\\/#primaryimage\",\"url\":\"https:\\\/\\\/thefortune.one\\\/wp-content\\\/uploads\\\/2023\\\/08\\\/dolar.jpg\",\"contentUrl\":\"https:\\\/\\\/thefortune.one\\\/wp-content\\\/uploads\\\/2023\\\/08\\\/dolar.jpg\",\"width\":924,\"height\":616},{\"@type\":\"BreadcrumbList\",\"@id\":\"https:\\\/\\\/thefortune.one\\\/pt\\\/dolar-recua-com-exterior-de-olho-em-dados-europeus-antes-de-ata-do-fed\\\/#breadcrumb\",\"itemListElement\":[{\"@type\":\"ListItem\",\"position\":1,\"name\":\"In\u00edcio\",\"item\":\"https:\\\/\\\/thefortune.one\\\/pt\\\/\"},{\"@type\":\"ListItem\",\"position\":2,\"name\":\"D\u00f3lar recua com exterior de olho em dados europeus antes de ata do Fed\"}]},{\"@type\":\"WebSite\",\"@id\":\"https:\\\/\\\/thefortune.one\\\/pt\\\/#website\",\"url\":\"https:\\\/\\\/thefortune.one\\\/pt\\\/\",\"name\":\"The Fortune.one\",\"description\":\"Gestora de Recursos Especializada em Private Equity\",\"publisher\":{\"@id\":\"https:\\\/\\\/thefortune.one\\\/pt\\\/#organization\"},\"potentialAction\":[{\"@type\":\"SearchAction\",\"target\":{\"@type\":\"EntryPoint\",\"urlTemplate\":\"https:\\\/\\\/thefortune.one\\\/pt\\\/?s={search_term_string}\"},\"query-input\":{\"@type\":\"PropertyValueSpecification\",\"valueRequired\":true,\"valueName\":\"search_term_string\"}}],\"inLanguage\":\"en-US\"},{\"@type\":\"Organization\",\"@id\":\"https:\\\/\\\/thefortune.one\\\/pt\\\/#organization\",\"name\":\"The Fortune One\",\"url\":\"https:\\\/\\\/thefortune.one\\\/pt\\\/\",\"logo\":{\"@type\":\"ImageObject\",\"inLanguage\":\"en-US\",\"@id\":\"https:\\\/\\\/thefortune.one\\\/pt\\\/#\\\/schema\\\/logo\\\/image\\\/\",\"url\":\"https:\\\/\\\/thefortune.one\\\/wp-content\\\/uploads\\\/2022\\\/11\\\/cropped-cropped-1651682701199-1.jpg\",\"contentUrl\":\"https:\\\/\\\/thefortune.one\\\/wp-content\\\/uploads\\\/2022\\\/11\\\/cropped-cropped-1651682701199-1.jpg\",\"width\":369,\"height\":421,\"caption\":\"The Fortune One\"},\"image\":{\"@id\":\"https:\\\/\\\/thefortune.one\\\/pt\\\/#\\\/schema\\\/logo\\\/image\\\/\"}},{\"@type\":\"Person\",\"@id\":\"https:\\\/\\\/thefortune.one\\\/pt\\\/#\\\/schema\\\/person\\\/6cd8fe72a627d36caabf41815984a16f\",\"name\":\"bianca\",\"image\":{\"@type\":\"ImageObject\",\"inLanguage\":\"en-US\",\"@id\":\"https:\\\/\\\/secure.gravatar.com\\\/avatar\\\/66cd7b00d93410555e00d1e6a911a86de0cd0cfa4f83a2f8b47eddc2968c98af?s=96&d=mm&r=g\",\"url\":\"https:\\\/\\\/secure.gravatar.com\\\/avatar\\\/66cd7b00d93410555e00d1e6a911a86de0cd0cfa4f83a2f8b47eddc2968c98af?s=96&d=mm&r=g\",\"contentUrl\":\"https:\\\/\\\/secure.gravatar.com\\\/avatar\\\/66cd7b00d93410555e00d1e6a911a86de0cd0cfa4f83a2f8b47eddc2968c98af?s=96&d=mm&r=g\",\"caption\":\"bianca\"},\"url\":\"https:\\\/\\\/thefortune.one\\\/en\\\/author\\\/bianca\\\/\"}]}<\/script>\n<!-- \/ Yoast SEO plugin. -->","yoast_head_json":{"title":"D\u00f3lar recua com exterior de olho em dados europeus antes de ata do Fed - The Fortune.one","description":"Somos especialistas em gest\u00e3o patrimonial, op\u00e7\u00f5es de investimentos para diversos perfis, nosso diferencial \u00e9 comprovado com resultados.","robots":{"index":"index","follow":"follow","max-snippet":"max-snippet:-1","max-image-preview":"max-image-preview:large","max-video-preview":"max-video-preview:-1"},"canonical":"https:\/\/thefortune.one\/en\/dolar-recua-com-exterior-de-olho-em-dados-europeus-antes-de-ata-do-fed\/","og_locale":"en_US","og_type":"article","og_title":"D\u00f3lar recua com exterior de olho em dados europeus antes de ata do Fed - The Fortune.one","og_description":"Somos especialistas em gest\u00e3o patrimonial, op\u00e7\u00f5es de investimentos para diversos perfis, nosso diferencial \u00e9 comprovado com resultados.","og_url":"https:\/\/thefortune.one\/en\/dolar-recua-com-exterior-de-olho-em-dados-europeus-antes-de-ata-do-fed\/","og_site_name":"The Fortune.one","article_published_time":"2023-08-16T13:41:02+00:00","og_image":[{"width":924,"height":616,"url":"https:\/\/thefortune.one\/wp-content\/uploads\/2023\/08\/dolar.jpg","type":"image\/jpeg"}],"author":"bianca","twitter_card":"summary_large_image","twitter_misc":{"Written by":"bianca","Est. reading time":"2 minutes"},"schema":{"@context":"https:\/\/schema.org","@graph":[{"@type":"Article","@id":"https:\/\/thefortune.one\/pt\/dolar-recua-com-exterior-de-olho-em-dados-europeus-antes-de-ata-do-fed\/#article","isPartOf":{"@id":"https:\/\/thefortune.one\/pt\/dolar-recua-com-exterior-de-olho-em-dados-europeus-antes-de-ata-do-fed\/"},"author":{"name":"bianca","@id":"https:\/\/thefortune.one\/pt\/#\/schema\/person\/6cd8fe72a627d36caabf41815984a16f"},"headline":"D\u00f3lar recua com exterior de olho em dados europeus antes de ata do Fed","datePublished":"2023-08-16T13:41:02+00:00","mainEntityOfPage":{"@id":"https:\/\/thefortune.one\/pt\/dolar-recua-com-exterior-de-olho-em-dados-europeus-antes-de-ata-do-fed\/"},"wordCount":470,"commentCount":0,"publisher":{"@id":"https:\/\/thefortune.one\/pt\/#organization"},"image":{"@id":"https:\/\/thefortune.one\/pt\/dolar-recua-com-exterior-de-olho-em-dados-europeus-antes-de-ata-do-fed\/#primaryimage"},"thumbnailUrl":"https:\/\/thefortune.one\/wp-content\/uploads\/2023\/08\/dolar.jpg","articleSection":["The Fortune.one"],"inLanguage":"en-US","potentialAction":[{"@type":"CommentAction","name":"Comment","target":["https:\/\/thefortune.one\/pt\/dolar-recua-com-exterior-de-olho-em-dados-europeus-antes-de-ata-do-fed\/#respond"]}]},{"@type":"WebPage","@id":"https:\/\/thefortune.one\/pt\/dolar-recua-com-exterior-de-olho-em-dados-europeus-antes-de-ata-do-fed\/","url":"https:\/\/thefortune.one\/pt\/dolar-recua-com-exterior-de-olho-em-dados-europeus-antes-de-ata-do-fed\/","name":"D\u00f3lar recua com exterior de olho em dados europeus antes de ata do Fed - The Fortune.one","isPartOf":{"@id":"https:\/\/thefortune.one\/pt\/#website"},"primaryImageOfPage":{"@id":"https:\/\/thefortune.one\/pt\/dolar-recua-com-exterior-de-olho-em-dados-europeus-antes-de-ata-do-fed\/#primaryimage"},"image":{"@id":"https:\/\/thefortune.one\/pt\/dolar-recua-com-exterior-de-olho-em-dados-europeus-antes-de-ata-do-fed\/#primaryimage"},"thumbnailUrl":"https:\/\/thefortune.one\/wp-content\/uploads\/2023\/08\/dolar.jpg","datePublished":"2023-08-16T13:41:02+00:00","description":"Somos especialistas em gest\u00e3o patrimonial, op\u00e7\u00f5es de investimentos para diversos perfis, nosso diferencial \u00e9 comprovado com resultados.","breadcrumb":{"@id":"https:\/\/thefortune.one\/pt\/dolar-recua-com-exterior-de-olho-em-dados-europeus-antes-de-ata-do-fed\/#breadcrumb"},"inLanguage":"en-US","potentialAction":[{"@type":"ReadAction","target":["https:\/\/thefortune.one\/pt\/dolar-recua-com-exterior-de-olho-em-dados-europeus-antes-de-ata-do-fed\/"]}]},{"@type":"ImageObject","inLanguage":"en-US","@id":"https:\/\/thefortune.one\/pt\/dolar-recua-com-exterior-de-olho-em-dados-europeus-antes-de-ata-do-fed\/#primaryimage","url":"https:\/\/thefortune.one\/wp-content\/uploads\/2023\/08\/dolar.jpg","contentUrl":"https:\/\/thefortune.one\/wp-content\/uploads\/2023\/08\/dolar.jpg","width":924,"height":616},{"@type":"BreadcrumbList","@id":"https:\/\/thefortune.one\/pt\/dolar-recua-com-exterior-de-olho-em-dados-europeus-antes-de-ata-do-fed\/#breadcrumb","itemListElement":[{"@type":"ListItem","position":1,"name":"In\u00edcio","item":"https:\/\/thefortune.one\/pt\/"},{"@type":"ListItem","position":2,"name":"D\u00f3lar recua com exterior de olho em dados europeus antes de ata do Fed"}]},{"@type":"WebSite","@id":"https:\/\/thefortune.one\/pt\/#website","url":"https:\/\/thefortune.one\/pt\/","name":"The Fortune.one","description":"Gestora de Recursos Especializada em Private Equity","publisher":{"@id":"https:\/\/thefortune.one\/pt\/#organization"},"potentialAction":[{"@type":"SearchAction","target":{"@type":"EntryPoint","urlTemplate":"https:\/\/thefortune.one\/pt\/?s={search_term_string}"},"query-input":{"@type":"PropertyValueSpecification","valueRequired":true,"valueName":"search_term_string"}}],"inLanguage":"en-US"},{"@type":"Organization","@id":"https:\/\/thefortune.one\/pt\/#organization","name":"The Fortune One","url":"https:\/\/thefortune.one\/pt\/","logo":{"@type":"ImageObject","inLanguage":"en-US","@id":"https:\/\/thefortune.one\/pt\/#\/schema\/logo\/image\/","url":"https:\/\/thefortune.one\/wp-content\/uploads\/2022\/11\/cropped-cropped-1651682701199-1.jpg","contentUrl":"https:\/\/thefortune.one\/wp-content\/uploads\/2022\/11\/cropped-cropped-1651682701199-1.jpg","width":369,"height":421,"caption":"The Fortune One"},"image":{"@id":"https:\/\/thefortune.one\/pt\/#\/schema\/logo\/image\/"}},{"@type":"Person","@id":"https:\/\/thefortune.one\/pt\/#\/schema\/person\/6cd8fe72a627d36caabf41815984a16f","name":"bianca","image":{"@type":"ImageObject","inLanguage":"en-US","@id":"https:\/\/secure.gravatar.com\/avatar\/66cd7b00d93410555e00d1e6a911a86de0cd0cfa4f83a2f8b47eddc2968c98af?s=96&d=mm&r=g","url":"https:\/\/secure.gravatar.com\/avatar\/66cd7b00d93410555e00d1e6a911a86de0cd0cfa4f83a2f8b47eddc2968c98af?s=96&d=mm&r=g","contentUrl":"https:\/\/secure.gravatar.com\/avatar\/66cd7b00d93410555e00d1e6a911a86de0cd0cfa4f83a2f8b47eddc2968c98af?s=96&d=mm&r=g","caption":"bianca"},"url":"https:\/\/thefortune.one\/en\/author\/bianca\/"}]}},"_links":{"self":[{"href":"https:\/\/thefortune.one\/en\/wp-json\/wp\/v2\/posts\/4045","targetHints":{"allow":["GET"]}}],"collection":[{"href":"https:\/\/thefortune.one\/en\/wp-json\/wp\/v2\/posts"}],"about":[{"href":"https:\/\/thefortune.one\/en\/wp-json\/wp\/v2\/types\/post"}],"author":[{"embeddable":true,"href":"https:\/\/thefortune.one\/en\/wp-json\/wp\/v2\/users\/3"}],"replies":[{"embeddable":true,"href":"https:\/\/thefortune.one\/en\/wp-json\/wp\/v2\/comments?post=4045"}],"version-history":[{"count":1,"href":"https:\/\/thefortune.one\/en\/wp-json\/wp\/v2\/posts\/4045\/revisions"}],"predecessor-version":[{"id":4048,"href":"https:\/\/thefortune.one\/en\/wp-json\/wp\/v2\/posts\/4045\/revisions\/4048"}],"wp:featuredmedia":[{"embeddable":true,"href":"https:\/\/thefortune.one\/en\/wp-json\/wp\/v2\/media\/4047"}],"wp:attachment":[{"href":"https:\/\/thefortune.one\/en\/wp-json\/wp\/v2\/media?parent=4045"}],"wp:term":[{"taxonomy":"category","embeddable":true,"href":"https:\/\/thefortune.one\/en\/wp-json\/wp\/v2\/categories?post=4045"},{"taxonomy":"post_tag","embeddable":true,"href":"https:\/\/thefortune.one\/en\/wp-json\/wp\/v2\/tags?post=4045"}],"curies":[{"name":"wp","href":"https:\/\/api.w.org\/{rel}","templated":true}]}}