{"id":4029,"date":"2023-08-14T12:32:51","date_gmt":"2023-08-14T12:32:51","guid":{"rendered":"https:\/\/thefortune.one\/?p=4029"},"modified":"2023-08-14T12:32:51","modified_gmt":"2023-08-14T12:32:51","slug":"quem-e-javier-milei-o-candidato-libertario-que-venceu-as-previas-eleitorais-na-argentina","status":"publish","type":"post","link":"https:\/\/thefortune.one\/en\/quem-e-javier-milei-o-candidato-libertario-que-venceu-as-previas-eleitorais-na-argentina\/","title":{"rendered":"Quem \u00e9 Javier Milei, o candidato libert\u00e1rio que venceu as pr\u00e9vias eleitorais na Argentina"},"content":{"rendered":"\n<h2 class=\"wp-block-heading\">Um desconhecido na pol\u00edtica at\u00e9 2021, ele chegou aos primeiros lugares na pesquisas eleitorais e despontou nas prim\u00e1rias eleitorais da Argentina, levantando questionamentos sobre suas chances de ser o pr\u00f3ximo presidente da Argentina<\/h2>\n\n\n\n<p>Um desconhecido na pol\u00edtica&nbsp;<a href=\"https:\/\/tudo-sobre.estadao.com.br\/argentina-america-do-sul\" target=\"_blank\" rel=\"noreferrer noopener\"><strong>argentina&nbsp;<\/strong><\/a>at\u00e9 conquistar uma cadeira como deputado em 2021, o libert\u00e1rio&nbsp;<a href=\"https:\/\/tudo-sobre.estadao.com.br\/javier-milei\" target=\"_blank\" rel=\"noreferrer noopener\"><strong>Javier Milei<\/strong><\/a>&nbsp;ganhou impulso na corrida presidencial neste domingo, 13, ao ser o grande vencedor das&nbsp;<a href=\"https:\/\/www.estadao.com.br\/internacional\/bullrich-desponta-e-milei-despenca-em-pesquisas-antes-de-primarias-eleitorais-na-argentina\/\"><strong>PASO, as Prim\u00e1rias, Abertas, Simult\u00e2neas e Obrigat\u00f3rias,<\/strong><\/a>&nbsp;que s\u00e3o um term\u00f4metro para a disputa presidencial da&nbsp;<a href=\"https:\/\/www.estadao.com.br\/tudo-sobre\/argentina-america-do-sul\/\"><strong>Argentina<\/strong><\/a>. O economista que surgiu com uma terceira for\u00e7a pol\u00edtica virou o jogo e saiu como protagonista, com mais de 5 milh\u00f5es de votos.<\/p>\n\n\n\n<p>Com 97% das urnas apuradas,<strong>\u00a0<\/strong>Javier Milei tem 30,4% dos votos. \u00c0 frente da coaliz\u00e3o de centro-direita<strong>\u00a0Juntos por el Cambio\u00a0<\/strong>(28,27%)<strong>\u00a0<\/strong>e da coaliz\u00e3o da esquerda que governa o pa\u00eds<strong>\u00a0Uni\u00f3n por la P\u00e1tria\u00a0<\/strong>(27,27%). As pr\u00e9vias definem as chapas que v\u00e3o concorrer na elei\u00e7\u00e3o presidencial de outubro.<\/p>\n\n\n\n<p>A vota\u00e7\u00e3o expressiva de Milei foi antecipada pelas pr\u00f3prias campanhas enquanto a apura\u00e7\u00e3o avan\u00e7ava e pegou a Argentina de surpresa. Em discurso ap\u00f3s a vit\u00f3ria, Milei falou em fazer um esfor\u00e7o nacional para \u201cacabar com o kirchnerismo e a casta pol\u00edtica parasit\u00e1ria\u201d que domina o pa\u00eds.<\/p>\n\n\n\n<p>O presidente da coaliz\u00e3o\u00a0<strong>Liberdade Avan\u00e7a<\/strong>\u00a0capturou uma aten\u00e7\u00e3o consider\u00e1vel do eleitorado argentino quando se colocou como \u201cdiferente de tudo que est\u00e1 a\u00ed\u201d. Com seu lema de ser \u201c<strong>contra a casta pol\u00edtica<\/strong>\u201d, Milei enfatiza que n\u00e3o faz parte nem da pol\u00edtica peronista nem da oposi\u00e7\u00e3o macrista.\u00a0<a rel=\"noreferrer noopener\" href=\"https:\/\/www.estadao.com.br\/internacional\/inflacao-e-violencia-enfraquecem-esquerda-na-argentina-e-eleitor-busca-candidatos-linha-dura\/\" target=\"_blank\"><strong>O discurso agradou quem est\u00e1 cansado da enorme crise econ\u00f4mica que passa o pa\u00eds<\/strong><\/a>\u00a0e n\u00e3o foi resolvida no \u00faltimos governos de\u00a0<a rel=\"noreferrer noopener\" href=\"https:\/\/tudo-sobre.estadao.com.br\/alberto-fernandez\" target=\"_blank\"><strong>Alberto Fern\u00e1ndez<\/strong><\/a>\u00a0e seu antecessor\u00a0<a rel=\"noreferrer noopener\" href=\"https:\/\/tudo-sobre.estadao.com.br\/mauricio-macri\" target=\"_blank\"><strong>Mauricio Macri<\/strong><\/a>.<\/p>\n\n\n\n<figure class=\"wp-block-image size-full\"><img fetchpriority=\"high\" decoding=\"async\" width=\"936\" height=\"624\" src=\"https:\/\/thefortune.one\/wp-content\/uploads\/2023\/08\/image-4.png\" alt=\"\" class=\"wp-image-4030\" srcset=\"https:\/\/thefortune.one\/wp-content\/uploads\/2023\/08\/image-4.png 936w, https:\/\/thefortune.one\/wp-content\/uploads\/2023\/08\/image-4-300x200.png 300w, https:\/\/thefortune.one\/wp-content\/uploads\/2023\/08\/image-4-768x512.png 768w, https:\/\/thefortune.one\/wp-content\/uploads\/2023\/08\/image-4-18x12.png 18w\" sizes=\"(max-width: 936px) 100vw, 936px\" \/><\/figure>\n\n\n\n<p>\u00c0 insatisfa\u00e7\u00e3o popular se somou\u00a0<a rel=\"noreferrer noopener\" href=\"https:\/\/www.estadao.com.br\/internacional\/saida-de-macri-acirra-disputa-entre-peronistas-pela-presidencia-da-argentina\/\" target=\"_blank\"><strong>as brigas internas dentro das coaliz\u00f5es de governo e oposi\u00e7\u00e3o pelas candidaturas presidenciais<\/strong><\/a>. A chapa peronista\u00a0<strong>Uni\u00e3o pela P\u00e1tria<\/strong>\u00a0(antiga\u00a0<strong>Frente de Todos<\/strong>) travou batalhas at\u00e9 os \u00faltimos dias para definir um candidato. Enquanto a oposi\u00e7\u00e3o do\u00a0<strong>Juntos pela Mudan\u00e7a<\/strong>\u00a0decidiu sair com dois nomes de peso para a disputa, mas n\u00e3o sem antes protagonizar trocas de acusa\u00e7\u00f5es entre eles e\u00a0<a rel=\"noreferrer noopener\" href=\"https:\/\/www.estadao.com.br\/internacional\/disputa-em-buenos-aires-expoe-crise-na-oposicao-argentina-a-meses-das-eleicoes-presidenciais\/\" target=\"_blank\"><strong>disputas at\u00e9 mesmo pela prefeitura de Buenos Aires.<\/strong><\/a><\/p>\n\n\n\n<p>Javier Milei \u00e9 a mais nova express\u00e3o dos outsiders que irromperam na pol\u00edtica nos anos recentes. O economista de 51 anos, autodenominado anarcocapitalista, disse que iria acabar com a classe dominante, cortar o governo e fechar o banco central, cuja pol\u00edtica monet\u00e1ria ruim, segundo ele, \u201crouba\u201d dinheiro dos argentinos por meio da infla\u00e7\u00e3o. .<\/p>\n\n\n\n<p>Estrela do atual ciclo eleitoral da Argentina, Milei tem propostas radicais. Al\u00e9m da dolariza\u00e7\u00e3o da economia do pa\u00eds, ele prop\u00f5e o fim da educa\u00e7\u00e3o gratuita e obrigat\u00f3ria, que substituiria por um sistema de vouchers; uma gradual privatiza\u00e7\u00e3o do sistema de sa\u00fade; desregulamenta\u00e7\u00e3o do mercado de armas; e o fim da educa\u00e7\u00e3o sexual obrigat\u00f3ria.<\/p>\n\n\n\n<p>Javier Milei \u00e9 a mais nova express\u00e3o dos outsiders que irromperam na pol\u00edtica nos anos recentes. O economista de 51 anos, autodenominado anarcocapitalista, disse que iria acabar com a classe dominante, cortar o governo e fechar o banco central, cuja pol\u00edtica monet\u00e1ria ruim, segundo ele, \u201crouba\u201d dinheiro dos argentinos por meio da infla\u00e7\u00e3o. .<\/p>\n\n\n\n<p>Estrela do atual ciclo eleitoral da Argentina, Milei tem propostas radicais. Al\u00e9m da dolariza\u00e7\u00e3o da economia do pa\u00eds, ele prop\u00f5e o fim da educa\u00e7\u00e3o gratuita e obrigat\u00f3ria, que substituiria por um sistema de vouchers; uma gradual privatiza\u00e7\u00e3o do sistema de sa\u00fade; desregulamenta\u00e7\u00e3o do mercado de armas; e o fim da educa\u00e7\u00e3o sexual obrigat\u00f3ria.<\/p>\n\n\n\n<figure class=\"wp-block-image size-full\"><img decoding=\"async\" width=\"936\" height=\"624\" src=\"https:\/\/thefortune.one\/wp-content\/uploads\/2023\/08\/image-5.png\" alt=\"\" class=\"wp-image-4032\" srcset=\"https:\/\/thefortune.one\/wp-content\/uploads\/2023\/08\/image-5.png 936w, https:\/\/thefortune.one\/wp-content\/uploads\/2023\/08\/image-5-300x200.png 300w, https:\/\/thefortune.one\/wp-content\/uploads\/2023\/08\/image-5-768x512.png 768w, https:\/\/thefortune.one\/wp-content\/uploads\/2023\/08\/image-5-18x12.png 18w\" sizes=\"(max-width: 936px) 100vw, 936px\" \/><\/figure>\n\n\n\n<p>Como presidente, diz Milei, ele cortaria os gastos drasticamente para poder reduzir os impostos. Ele fortaleceria os la\u00e7os com os Estados Unidos e outras pot\u00eancias ocidentais e atrairia o apoio de aliados que se op\u00f5em \u00e0s ideias da esquerda que est\u00e3o surgindo na regi\u00e3o.<\/p>\n\n\n\n<p>\u201cA Am\u00e9rica Latina s\u00f3 tem uma sa\u00edda se abra\u00e7ar ideias de liberdade mais uma vez\u201d, disse Milei ao The Washington Post no ano passado. Ele disse que \u201ccortaria o pr\u00f3prio bra\u00e7o antes de aumentar os impostos\u201d.<\/p>\n\n\n\n<p>Milei \u00e9 talvez o membro mais radical de um grupo de libert\u00e1rios que obteve vit\u00f3rias nas elei\u00e7\u00f5es de meio de mandato de 2021. Foi a primeira vez em d\u00e9cadas que a filosofia de governo limitado atraiu apoio consider\u00e1vel, uma surpresa em um pa\u00eds h\u00e1 muito governado por variantes do peronismo de esquerda.<\/p>\n\n\n\n<p>A ascens\u00e3o de Milei foi auxiliada por sentimentos generalizados de pessimismo e apatia. O pa\u00eds concluiu um acordo com o Fundo Monet\u00e1rio Internacional para evitar o mais recente de uma s\u00e9rie de inadimpl\u00eancias, mas a infla\u00e7\u00e3o mensal de 6,7% em mar\u00e7o sugere que as press\u00f5es sobre os pre\u00e7os est\u00e3o apenas piorando. Pesquisas indicam que a maioria dos argentinos acredita que a economia estar\u00e1 pior daqui a um ano e espera que seus filhos tamb\u00e9m estejam piores no futuro.<\/p>\n\n\n\n<p>\u201cHoje, Milei \u00e9 um reposit\u00f3rio das frustra\u00e7\u00f5es das pessoas\u201d, disse Mariel Fornoni, diretor da empresa de pesquisas de Buenos Aires Management &amp; Fit. \u201cAs expectativas s\u00e3o incrivelmente baixas. Cada l\u00edder pol\u00edtico que medimos tem uma imagem p\u00fablica muito ruim, e isso \u00e9 algo que nunca vi em anos\u201d.<\/p>\n\n\n\n<p>Inf\u00e2ncia dif\u00edcil e goleiro<\/p>\n\n\n\n<figure class=\"wp-block-embed\"><div class=\"wp-block-embed__wrapper\">\nhttps:\/\/662c5ca6f5aebf8f278fbe396c477fe0.safeframe.googlesyndication.com\/safeframe\/1-0-40\/html\/container.html\n<\/div><\/figure>\n\n\n\n<p>Milei foi goleiro do clube de futebol argentino Chacarita Juniors, mas encerrou a carreira no come\u00e7o dos anos 1990. Nascido no bairro portenho de Palermo, em 22 de outubro de 1970, Milei teve uma inf\u00e2ncia marcada por pol\u00eamicas em fam\u00edlia. Ele mesmo reconhece que n\u00e3o se dava bem com a fam\u00edlia, apenas com sua irm\u00e3, Karina Milei. Ele diz que ela \u00e9 a pessoa que melhor o conhece e \u201ca grande arquiteta\u201d de seus acontecimentos pol\u00edticos. Milei disse a diferentes meios de comunica\u00e7\u00e3o que, caso se torne presidente, ela desempenhar\u00e1 o papel de primeira-dama.<\/p>\n\n\n\n<p>O jornalista Juan Luis Gonz\u00e1lez \u00e9 um dos pesquisadores da biografia n\u00e3o autorizada do economista, intitulada \u201cEl Loco\u201d. \u00c0 CNN, ele declarou que a passagem de Javier Milei pelo Col\u00e9gio Cardenal Copello, em Villa Devoto, foi marcada por bullying na maior parte da vida.<\/p>\n\n\n\n<figure class=\"wp-block-image size-full\"><img decoding=\"async\" width=\"936\" height=\"624\" src=\"https:\/\/thefortune.one\/wp-content\/uploads\/2023\/08\/image-6.png\" alt=\"\" class=\"wp-image-4033\" srcset=\"https:\/\/thefortune.one\/wp-content\/uploads\/2023\/08\/image-6.png 936w, https:\/\/thefortune.one\/wp-content\/uploads\/2023\/08\/image-6-300x200.png 300w, https:\/\/thefortune.one\/wp-content\/uploads\/2023\/08\/image-6-768x512.png 768w, https:\/\/thefortune.one\/wp-content\/uploads\/2023\/08\/image-6-18x12.png 18w\" sizes=\"(max-width: 936px) 100vw, 936px\" \/><\/figure>\n\n\n\n<p>Hoje Milei vive com cinco Mastiffs ingleses, cada um pesando cerca de 100 quilos, e ele reconhece nesses cachorros sua verdadeira fam\u00edlia.<\/p>\n\n\n\n<p>A partir de 2018, a ascens\u00e3o de Milei come\u00e7ou nos principais meios de comunica\u00e7\u00e3o argentinos, com a divulga\u00e7\u00e3o de seu discurso \u201cliberal libert\u00e1rio\u201d, como costuma chamar. Suas apari\u00e7\u00f5es no r\u00e1dio e na televis\u00e3o locais geraram pol\u00eamica, seja entre seus colegas economistas, jornalistas ou apresentadores.<\/p>\n\n\n\n<p>O grande salto em sua carreira pol\u00edtica veio em 2020, quando anunciou sua candidatura \u00e0 presid\u00eancia nas elei\u00e7\u00f5es de 2023. Esse passo abriu caminho para que seu partido, La Libertad Avanza, conquistasse duas cadeiras na C\u00e2mara dos Deputados no ano seguinte, ocupados por ele e por sua candidata \u00e0 vice-presid\u00eancia, Victoria Villarruel.<\/p>\n\n\n\n<p>Enquanto a corrida estava indefinida dentro dos partidos tradicionais da Argentina, Milei se beneficiava de ser o \u00fanico nome certo na disputa para as prim\u00e1rias que ocorrem em agosto e j\u00e1 ocupava espa\u00e7os na televis\u00e3o e no r\u00e1dio para compartilhar suas ideias de governo.<\/p>\n\n\n\n<p>As palavras fortes contra os pol\u00edticos e a marca registrada do cabelo desordenado &#8211; que lhe rendeu compara\u00e7\u00f5es com o ex-premi\u00ea brit\u00e2nico&nbsp;<a href=\"https:\/\/tudo-sobre.estadao.com.br\/boris-johnson\" target=\"_blank\" rel=\"noreferrer noopener\"><strong>Boris Johnson<\/strong><\/a>&nbsp;&#8211; conquistou um p\u00fablico que se viu representado em seu jeito mais pr\u00f3ximo \u201cdo povo\u201d.&nbsp;<a href=\"https:\/\/www.estadao.com.br\/internacional\/inflacao-e-violencia-enfraquecem-esquerda-na-argentina-e-eleitor-busca-candidatos-linha-dura\/\" target=\"_blank\" rel=\"noreferrer noopener\">Mas foi seu diploma de economista que lhe rendeu a confian\u00e7a de parte da popula\u00e7\u00e3o argentina de que ele saberia resolver o problema da infla\u00e7\u00e3o acima dos 110%<\/a>. Ainda que seus planos fossem vagos ou radicais, como acabar com o Banco Central ou dolarizar a economia &#8211; em um cen\u00e1rio de fuga de d\u00f3lares.<\/p>\n\n\n\n<h3 class=\"wp-block-heading\">Esc\u00e2ndalo<\/h3>\n\n\n\n<p>Al\u00e9m das mudan\u00e7as no xadrez dos advers\u00e1rios, Milei se v\u00ea agora prejudicado pelo maior esc\u00e2ndalo envolvendo seu nome desde que entrou para a pol\u00edtica em 2021.&nbsp;<a href=\"https:\/\/www.estadao.com.br\/internacional\/candidato-ultraliberal-da-argentina-javier-milei-e-investigado-por-suposta-venda-de-candidaturas\/\" target=\"_blank\" rel=\"noreferrer noopener\"><strong>A Justi\u00e7a Eleitoral argentina abriu uma investiga\u00e7\u00e3o por den\u00fancias de venda de candidaturas dentro da coaliz\u00e3o Liberdade Avan\u00e7a<\/strong><\/a>.<\/p>\n\n\n\n<p><strong>Segundo denunciou ex-aliados do candidato, sua equipe chegou a cobrar mais de US$ 50 mil d\u00f3lares para indicar nomes \u00e0s corridas para prefeitos, vereadores e governadores nas elei\u00e7\u00f5es provinciais<\/strong>. \u00c1udios divulgados pelo&nbsp;<em>La Naci\u00f3n<\/em>&nbsp;em que Milei \u00e9 citado pelo nome refor\u00e7aram as den\u00fancias at\u00e9 que a Justi\u00e7a abriu o inqu\u00e9rito. Milei nega a venda e se diz v\u00edtima de difama\u00e7\u00e3o.<\/p>\n\n\n\n<p>Al\u00e9m disso, nenhum dos candidatos apoiados por ele conseguiu cargos nas elei\u00e7\u00f5es provinciais, que at\u00e9 ent\u00e3o veem predomin\u00e2ncia dos candidatos apoiados pelo governo. No entanto, ainda faltam elei\u00e7\u00f5es de prov\u00edncias importantes e que concentram a maioria do eleitorado, como Buenos Aires e\u00a0<strong>Santa F\u00e9<\/strong>.\u00a0<strong>\/Washington Post, AFP, EFE, com Carolina Marins<\/strong><\/p>\n\n\n\n<p>Fonte:https:\/\/www.estadao.com.br\/internacional\/quem-e-javier-milei-o-candidato-libertario-que-venceu-as-previas-eleitorais-na-argentina\/<\/p>\n","protected":false},"excerpt":{"rendered":"<p>Um desconhecido na pol\u00edtica at\u00e9 2021, ele chegou aos primeiros lugares na pesquisas eleitorais e despontou nas prim\u00e1rias eleitorais da Argentina, levantando questionamentos sobre suas chances de ser o pr\u00f3ximo presidente da Argentina Um desconhecido na pol\u00edtica&nbsp;argentina&nbsp;at\u00e9 conquistar uma cadeira como deputado em 2021, o libert\u00e1rio&nbsp;Javier Milei&nbsp;ganhou impulso na corrida presidencial neste domingo, 13, ao [&hellip;]<\/p>\n","protected":false},"author":3,"featured_media":4040,"comment_status":"open","ping_status":"open","sticky":false,"template":"","format":"standard","meta":{"_joinchat":[],"footnotes":""},"categories":[1],"tags":[],"class_list":["post-4029","post","type-post","status-publish","format-standard","has-post-thumbnail","hentry","category-the-fortune-one"],"yoast_head":"<!-- This site is optimized with the Yoast SEO plugin v27.5 - https:\/\/yoast.com\/product\/yoast-seo-wordpress\/ -->\n<title>Quem \u00e9 Javier Milei, o candidato libert\u00e1rio que venceu as pr\u00e9vias eleitorais na Argentina - The Fortune.one<\/title>\n<meta name=\"description\" content=\"Somos especialistas em gest\u00e3o patrimonial, op\u00e7\u00f5es de investimentos para diversos perfis, nosso diferencial \u00e9 comprovado com resultados.\" \/>\n<meta name=\"robots\" content=\"index, follow, max-snippet:-1, max-image-preview:large, max-video-preview:-1\" \/>\n<link rel=\"canonical\" href=\"https:\/\/thefortune.one\/en\/quem-e-javier-milei-o-candidato-libertario-que-venceu-as-previas-eleitorais-na-argentina\/\" \/>\n<meta property=\"og:locale\" content=\"en_US\" \/>\n<meta property=\"og:type\" content=\"article\" \/>\n<meta property=\"og:title\" content=\"Quem \u00e9 Javier Milei, o candidato libert\u00e1rio que venceu as pr\u00e9vias eleitorais na Argentina - The Fortune.one\" \/>\n<meta property=\"og:description\" content=\"Somos especialistas em gest\u00e3o patrimonial, op\u00e7\u00f5es de investimentos para diversos perfis, nosso diferencial \u00e9 comprovado com resultados.\" \/>\n<meta property=\"og:url\" content=\"https:\/\/thefortune.one\/en\/quem-e-javier-milei-o-candidato-libertario-que-venceu-as-previas-eleitorais-na-argentina\/\" \/>\n<meta property=\"og:site_name\" content=\"The Fortune.one\" \/>\n<meta property=\"article:published_time\" content=\"2023-08-14T12:32:51+00:00\" \/>\n<meta property=\"og:image\" content=\"https:\/\/thefortune.one\/wp-content\/uploads\/2023\/08\/marvie.jpg\" \/>\n\t<meta property=\"og:image:width\" content=\"380\" \/>\n\t<meta property=\"og:image:height\" content=\"253\" \/>\n\t<meta property=\"og:image:type\" content=\"image\/jpeg\" \/>\n<meta name=\"author\" content=\"bianca\" \/>\n<meta name=\"twitter:card\" content=\"summary_large_image\" \/>\n<meta name=\"twitter:label1\" content=\"Written by\" \/>\n\t<meta name=\"twitter:data1\" content=\"bianca\" \/>\n\t<meta name=\"twitter:label2\" content=\"Est. reading time\" \/>\n\t<meta name=\"twitter:data2\" content=\"8 minutes\" \/>\n<script type=\"application\/ld+json\" class=\"yoast-schema-graph\">{\"@context\":\"https:\\\/\\\/schema.org\",\"@graph\":[{\"@type\":\"Article\",\"@id\":\"https:\\\/\\\/thefortune.one\\\/pt\\\/quem-e-javier-milei-o-candidato-libertario-que-venceu-as-previas-eleitorais-na-argentina\\\/#article\",\"isPartOf\":{\"@id\":\"https:\\\/\\\/thefortune.one\\\/pt\\\/quem-e-javier-milei-o-candidato-libertario-que-venceu-as-previas-eleitorais-na-argentina\\\/\"},\"author\":{\"name\":\"bianca\",\"@id\":\"https:\\\/\\\/thefortune.one\\\/pt\\\/#\\\/schema\\\/person\\\/6cd8fe72a627d36caabf41815984a16f\"},\"headline\":\"Quem \u00e9 Javier Milei, o candidato libert\u00e1rio que venceu as pr\u00e9vias eleitorais na Argentina\",\"datePublished\":\"2023-08-14T12:32:51+00:00\",\"mainEntityOfPage\":{\"@id\":\"https:\\\/\\\/thefortune.one\\\/pt\\\/quem-e-javier-milei-o-candidato-libertario-que-venceu-as-previas-eleitorais-na-argentina\\\/\"},\"wordCount\":1576,\"commentCount\":0,\"publisher\":{\"@id\":\"https:\\\/\\\/thefortune.one\\\/pt\\\/#organization\"},\"image\":{\"@id\":\"https:\\\/\\\/thefortune.one\\\/pt\\\/quem-e-javier-milei-o-candidato-libertario-que-venceu-as-previas-eleitorais-na-argentina\\\/#primaryimage\"},\"thumbnailUrl\":\"https:\\\/\\\/thefortune.one\\\/wp-content\\\/uploads\\\/2023\\\/08\\\/marvie.jpg\",\"articleSection\":[\"The Fortune.one\"],\"inLanguage\":\"en-US\",\"potentialAction\":[{\"@type\":\"CommentAction\",\"name\":\"Comment\",\"target\":[\"https:\\\/\\\/thefortune.one\\\/pt\\\/quem-e-javier-milei-o-candidato-libertario-que-venceu-as-previas-eleitorais-na-argentina\\\/#respond\"]}]},{\"@type\":\"WebPage\",\"@id\":\"https:\\\/\\\/thefortune.one\\\/pt\\\/quem-e-javier-milei-o-candidato-libertario-que-venceu-as-previas-eleitorais-na-argentina\\\/\",\"url\":\"https:\\\/\\\/thefortune.one\\\/pt\\\/quem-e-javier-milei-o-candidato-libertario-que-venceu-as-previas-eleitorais-na-argentina\\\/\",\"name\":\"Quem \u00e9 Javier Milei, o candidato libert\u00e1rio que venceu as pr\u00e9vias eleitorais na Argentina - The Fortune.one\",\"isPartOf\":{\"@id\":\"https:\\\/\\\/thefortune.one\\\/pt\\\/#website\"},\"primaryImageOfPage\":{\"@id\":\"https:\\\/\\\/thefortune.one\\\/pt\\\/quem-e-javier-milei-o-candidato-libertario-que-venceu-as-previas-eleitorais-na-argentina\\\/#primaryimage\"},\"image\":{\"@id\":\"https:\\\/\\\/thefortune.one\\\/pt\\\/quem-e-javier-milei-o-candidato-libertario-que-venceu-as-previas-eleitorais-na-argentina\\\/#primaryimage\"},\"thumbnailUrl\":\"https:\\\/\\\/thefortune.one\\\/wp-content\\\/uploads\\\/2023\\\/08\\\/marvie.jpg\",\"datePublished\":\"2023-08-14T12:32:51+00:00\",\"description\":\"Somos especialistas em gest\u00e3o patrimonial, op\u00e7\u00f5es de investimentos para diversos perfis, nosso diferencial \u00e9 comprovado com resultados.\",\"breadcrumb\":{\"@id\":\"https:\\\/\\\/thefortune.one\\\/pt\\\/quem-e-javier-milei-o-candidato-libertario-que-venceu-as-previas-eleitorais-na-argentina\\\/#breadcrumb\"},\"inLanguage\":\"en-US\",\"potentialAction\":[{\"@type\":\"ReadAction\",\"target\":[\"https:\\\/\\\/thefortune.one\\\/pt\\\/quem-e-javier-milei-o-candidato-libertario-que-venceu-as-previas-eleitorais-na-argentina\\\/\"]}]},{\"@type\":\"ImageObject\",\"inLanguage\":\"en-US\",\"@id\":\"https:\\\/\\\/thefortune.one\\\/pt\\\/quem-e-javier-milei-o-candidato-libertario-que-venceu-as-previas-eleitorais-na-argentina\\\/#primaryimage\",\"url\":\"https:\\\/\\\/thefortune.one\\\/wp-content\\\/uploads\\\/2023\\\/08\\\/marvie.jpg\",\"contentUrl\":\"https:\\\/\\\/thefortune.one\\\/wp-content\\\/uploads\\\/2023\\\/08\\\/marvie.jpg\",\"width\":380,\"height\":253},{\"@type\":\"BreadcrumbList\",\"@id\":\"https:\\\/\\\/thefortune.one\\\/pt\\\/quem-e-javier-milei-o-candidato-libertario-que-venceu-as-previas-eleitorais-na-argentina\\\/#breadcrumb\",\"itemListElement\":[{\"@type\":\"ListItem\",\"position\":1,\"name\":\"In\u00edcio\",\"item\":\"https:\\\/\\\/thefortune.one\\\/pt\\\/\"},{\"@type\":\"ListItem\",\"position\":2,\"name\":\"Quem \u00e9 Javier Milei, o candidato libert\u00e1rio que venceu as pr\u00e9vias eleitorais na Argentina\"}]},{\"@type\":\"WebSite\",\"@id\":\"https:\\\/\\\/thefortune.one\\\/pt\\\/#website\",\"url\":\"https:\\\/\\\/thefortune.one\\\/pt\\\/\",\"name\":\"The Fortune.one\",\"description\":\"Gestora de Recursos Especializada em Private Equity\",\"publisher\":{\"@id\":\"https:\\\/\\\/thefortune.one\\\/pt\\\/#organization\"},\"potentialAction\":[{\"@type\":\"SearchAction\",\"target\":{\"@type\":\"EntryPoint\",\"urlTemplate\":\"https:\\\/\\\/thefortune.one\\\/pt\\\/?s={search_term_string}\"},\"query-input\":{\"@type\":\"PropertyValueSpecification\",\"valueRequired\":true,\"valueName\":\"search_term_string\"}}],\"inLanguage\":\"en-US\"},{\"@type\":\"Organization\",\"@id\":\"https:\\\/\\\/thefortune.one\\\/pt\\\/#organization\",\"name\":\"The Fortune One\",\"url\":\"https:\\\/\\\/thefortune.one\\\/pt\\\/\",\"logo\":{\"@type\":\"ImageObject\",\"inLanguage\":\"en-US\",\"@id\":\"https:\\\/\\\/thefortune.one\\\/pt\\\/#\\\/schema\\\/logo\\\/image\\\/\",\"url\":\"https:\\\/\\\/thefortune.one\\\/wp-content\\\/uploads\\\/2022\\\/11\\\/cropped-cropped-1651682701199-1.jpg\",\"contentUrl\":\"https:\\\/\\\/thefortune.one\\\/wp-content\\\/uploads\\\/2022\\\/11\\\/cropped-cropped-1651682701199-1.jpg\",\"width\":369,\"height\":421,\"caption\":\"The Fortune One\"},\"image\":{\"@id\":\"https:\\\/\\\/thefortune.one\\\/pt\\\/#\\\/schema\\\/logo\\\/image\\\/\"}},{\"@type\":\"Person\",\"@id\":\"https:\\\/\\\/thefortune.one\\\/pt\\\/#\\\/schema\\\/person\\\/6cd8fe72a627d36caabf41815984a16f\",\"name\":\"bianca\",\"image\":{\"@type\":\"ImageObject\",\"inLanguage\":\"en-US\",\"@id\":\"https:\\\/\\\/secure.gravatar.com\\\/avatar\\\/66cd7b00d93410555e00d1e6a911a86de0cd0cfa4f83a2f8b47eddc2968c98af?s=96&d=mm&r=g\",\"url\":\"https:\\\/\\\/secure.gravatar.com\\\/avatar\\\/66cd7b00d93410555e00d1e6a911a86de0cd0cfa4f83a2f8b47eddc2968c98af?s=96&d=mm&r=g\",\"contentUrl\":\"https:\\\/\\\/secure.gravatar.com\\\/avatar\\\/66cd7b00d93410555e00d1e6a911a86de0cd0cfa4f83a2f8b47eddc2968c98af?s=96&d=mm&r=g\",\"caption\":\"bianca\"},\"url\":\"https:\\\/\\\/thefortune.one\\\/en\\\/author\\\/bianca\\\/\"}]}<\/script>\n<!-- \/ Yoast SEO plugin. -->","yoast_head_json":{"title":"Quem \u00e9 Javier Milei, o candidato libert\u00e1rio que venceu as pr\u00e9vias eleitorais na Argentina - The Fortune.one","description":"Somos especialistas em gest\u00e3o patrimonial, op\u00e7\u00f5es de investimentos para diversos perfis, nosso diferencial \u00e9 comprovado com resultados.","robots":{"index":"index","follow":"follow","max-snippet":"max-snippet:-1","max-image-preview":"max-image-preview:large","max-video-preview":"max-video-preview:-1"},"canonical":"https:\/\/thefortune.one\/en\/quem-e-javier-milei-o-candidato-libertario-que-venceu-as-previas-eleitorais-na-argentina\/","og_locale":"en_US","og_type":"article","og_title":"Quem \u00e9 Javier Milei, o candidato libert\u00e1rio que venceu as pr\u00e9vias eleitorais na Argentina - The Fortune.one","og_description":"Somos especialistas em gest\u00e3o patrimonial, op\u00e7\u00f5es de investimentos para diversos perfis, nosso diferencial \u00e9 comprovado com resultados.","og_url":"https:\/\/thefortune.one\/en\/quem-e-javier-milei-o-candidato-libertario-que-venceu-as-previas-eleitorais-na-argentina\/","og_site_name":"The Fortune.one","article_published_time":"2023-08-14T12:32:51+00:00","og_image":[{"width":380,"height":253,"url":"https:\/\/thefortune.one\/wp-content\/uploads\/2023\/08\/marvie.jpg","type":"image\/jpeg"}],"author":"bianca","twitter_card":"summary_large_image","twitter_misc":{"Written by":"bianca","Est. reading time":"8 minutes"},"schema":{"@context":"https:\/\/schema.org","@graph":[{"@type":"Article","@id":"https:\/\/thefortune.one\/pt\/quem-e-javier-milei-o-candidato-libertario-que-venceu-as-previas-eleitorais-na-argentina\/#article","isPartOf":{"@id":"https:\/\/thefortune.one\/pt\/quem-e-javier-milei-o-candidato-libertario-que-venceu-as-previas-eleitorais-na-argentina\/"},"author":{"name":"bianca","@id":"https:\/\/thefortune.one\/pt\/#\/schema\/person\/6cd8fe72a627d36caabf41815984a16f"},"headline":"Quem \u00e9 Javier Milei, o candidato libert\u00e1rio que venceu as pr\u00e9vias eleitorais na Argentina","datePublished":"2023-08-14T12:32:51+00:00","mainEntityOfPage":{"@id":"https:\/\/thefortune.one\/pt\/quem-e-javier-milei-o-candidato-libertario-que-venceu-as-previas-eleitorais-na-argentina\/"},"wordCount":1576,"commentCount":0,"publisher":{"@id":"https:\/\/thefortune.one\/pt\/#organization"},"image":{"@id":"https:\/\/thefortune.one\/pt\/quem-e-javier-milei-o-candidato-libertario-que-venceu-as-previas-eleitorais-na-argentina\/#primaryimage"},"thumbnailUrl":"https:\/\/thefortune.one\/wp-content\/uploads\/2023\/08\/marvie.jpg","articleSection":["The Fortune.one"],"inLanguage":"en-US","potentialAction":[{"@type":"CommentAction","name":"Comment","target":["https:\/\/thefortune.one\/pt\/quem-e-javier-milei-o-candidato-libertario-que-venceu-as-previas-eleitorais-na-argentina\/#respond"]}]},{"@type":"WebPage","@id":"https:\/\/thefortune.one\/pt\/quem-e-javier-milei-o-candidato-libertario-que-venceu-as-previas-eleitorais-na-argentina\/","url":"https:\/\/thefortune.one\/pt\/quem-e-javier-milei-o-candidato-libertario-que-venceu-as-previas-eleitorais-na-argentina\/","name":"Quem \u00e9 Javier Milei, o candidato libert\u00e1rio que venceu as pr\u00e9vias eleitorais na Argentina - The Fortune.one","isPartOf":{"@id":"https:\/\/thefortune.one\/pt\/#website"},"primaryImageOfPage":{"@id":"https:\/\/thefortune.one\/pt\/quem-e-javier-milei-o-candidato-libertario-que-venceu-as-previas-eleitorais-na-argentina\/#primaryimage"},"image":{"@id":"https:\/\/thefortune.one\/pt\/quem-e-javier-milei-o-candidato-libertario-que-venceu-as-previas-eleitorais-na-argentina\/#primaryimage"},"thumbnailUrl":"https:\/\/thefortune.one\/wp-content\/uploads\/2023\/08\/marvie.jpg","datePublished":"2023-08-14T12:32:51+00:00","description":"Somos especialistas em gest\u00e3o patrimonial, op\u00e7\u00f5es de investimentos para diversos perfis, nosso diferencial \u00e9 comprovado com resultados.","breadcrumb":{"@id":"https:\/\/thefortune.one\/pt\/quem-e-javier-milei-o-candidato-libertario-que-venceu-as-previas-eleitorais-na-argentina\/#breadcrumb"},"inLanguage":"en-US","potentialAction":[{"@type":"ReadAction","target":["https:\/\/thefortune.one\/pt\/quem-e-javier-milei-o-candidato-libertario-que-venceu-as-previas-eleitorais-na-argentina\/"]}]},{"@type":"ImageObject","inLanguage":"en-US","@id":"https:\/\/thefortune.one\/pt\/quem-e-javier-milei-o-candidato-libertario-que-venceu-as-previas-eleitorais-na-argentina\/#primaryimage","url":"https:\/\/thefortune.one\/wp-content\/uploads\/2023\/08\/marvie.jpg","contentUrl":"https:\/\/thefortune.one\/wp-content\/uploads\/2023\/08\/marvie.jpg","width":380,"height":253},{"@type":"BreadcrumbList","@id":"https:\/\/thefortune.one\/pt\/quem-e-javier-milei-o-candidato-libertario-que-venceu-as-previas-eleitorais-na-argentina\/#breadcrumb","itemListElement":[{"@type":"ListItem","position":1,"name":"In\u00edcio","item":"https:\/\/thefortune.one\/pt\/"},{"@type":"ListItem","position":2,"name":"Quem \u00e9 Javier Milei, o candidato libert\u00e1rio que venceu as pr\u00e9vias eleitorais na Argentina"}]},{"@type":"WebSite","@id":"https:\/\/thefortune.one\/pt\/#website","url":"https:\/\/thefortune.one\/pt\/","name":"The Fortune.one","description":"Gestora de Recursos Especializada em Private Equity","publisher":{"@id":"https:\/\/thefortune.one\/pt\/#organization"},"potentialAction":[{"@type":"SearchAction","target":{"@type":"EntryPoint","urlTemplate":"https:\/\/thefortune.one\/pt\/?s={search_term_string}"},"query-input":{"@type":"PropertyValueSpecification","valueRequired":true,"valueName":"search_term_string"}}],"inLanguage":"en-US"},{"@type":"Organization","@id":"https:\/\/thefortune.one\/pt\/#organization","name":"The Fortune One","url":"https:\/\/thefortune.one\/pt\/","logo":{"@type":"ImageObject","inLanguage":"en-US","@id":"https:\/\/thefortune.one\/pt\/#\/schema\/logo\/image\/","url":"https:\/\/thefortune.one\/wp-content\/uploads\/2022\/11\/cropped-cropped-1651682701199-1.jpg","contentUrl":"https:\/\/thefortune.one\/wp-content\/uploads\/2022\/11\/cropped-cropped-1651682701199-1.jpg","width":369,"height":421,"caption":"The Fortune One"},"image":{"@id":"https:\/\/thefortune.one\/pt\/#\/schema\/logo\/image\/"}},{"@type":"Person","@id":"https:\/\/thefortune.one\/pt\/#\/schema\/person\/6cd8fe72a627d36caabf41815984a16f","name":"bianca","image":{"@type":"ImageObject","inLanguage":"en-US","@id":"https:\/\/secure.gravatar.com\/avatar\/66cd7b00d93410555e00d1e6a911a86de0cd0cfa4f83a2f8b47eddc2968c98af?s=96&d=mm&r=g","url":"https:\/\/secure.gravatar.com\/avatar\/66cd7b00d93410555e00d1e6a911a86de0cd0cfa4f83a2f8b47eddc2968c98af?s=96&d=mm&r=g","contentUrl":"https:\/\/secure.gravatar.com\/avatar\/66cd7b00d93410555e00d1e6a911a86de0cd0cfa4f83a2f8b47eddc2968c98af?s=96&d=mm&r=g","caption":"bianca"},"url":"https:\/\/thefortune.one\/en\/author\/bianca\/"}]}},"_links":{"self":[{"href":"https:\/\/thefortune.one\/en\/wp-json\/wp\/v2\/posts\/4029","targetHints":{"allow":["GET"]}}],"collection":[{"href":"https:\/\/thefortune.one\/en\/wp-json\/wp\/v2\/posts"}],"about":[{"href":"https:\/\/thefortune.one\/en\/wp-json\/wp\/v2\/types\/post"}],"author":[{"embeddable":true,"href":"https:\/\/thefortune.one\/en\/wp-json\/wp\/v2\/users\/3"}],"replies":[{"embeddable":true,"href":"https:\/\/thefortune.one\/en\/wp-json\/wp\/v2\/comments?post=4029"}],"version-history":[{"count":1,"href":"https:\/\/thefortune.one\/en\/wp-json\/wp\/v2\/posts\/4029\/revisions"}],"predecessor-version":[{"id":4041,"href":"https:\/\/thefortune.one\/en\/wp-json\/wp\/v2\/posts\/4029\/revisions\/4041"}],"wp:featuredmedia":[{"embeddable":true,"href":"https:\/\/thefortune.one\/en\/wp-json\/wp\/v2\/media\/4040"}],"wp:attachment":[{"href":"https:\/\/thefortune.one\/en\/wp-json\/wp\/v2\/media?parent=4029"}],"wp:term":[{"taxonomy":"category","embeddable":true,"href":"https:\/\/thefortune.one\/en\/wp-json\/wp\/v2\/categories?post=4029"},{"taxonomy":"post_tag","embeddable":true,"href":"https:\/\/thefortune.one\/en\/wp-json\/wp\/v2\/tags?post=4029"}],"curies":[{"name":"wp","href":"https:\/\/api.w.org\/{rel}","templated":true}]}}