{"id":3986,"date":"2023-07-25T12:45:37","date_gmt":"2023-07-25T12:45:37","guid":{"rendered":"https:\/\/thefortune.one\/?p=3986"},"modified":"2023-07-25T12:45:37","modified_gmt":"2023-07-25T12:45:37","slug":"ipca-15-tem-deflacao-de-007-em-julho-preco-da-energia-eletrica-puxa-queda","status":"publish","type":"post","link":"https:\/\/thefortune.one\/en\/ipca-15-tem-deflacao-de-007-em-julho-preco-da-energia-eletrica-puxa-queda\/","title":{"rendered":"IPCA-15 tem defla\u00e7\u00e3o de 0,07% em julho; pre\u00e7o da energia el\u00e9trica puxa queda"},"content":{"rendered":"\n<h2 class=\"wp-block-heading\">Com o resultado no m\u00eas, a pr\u00e9via da infla\u00e7\u00e3o oficial brasileira desacelerou a 3,19% na taxa acumulada em 12 meses<\/h2>\n\n\n\n<p><a href=\"https:\/\/inteligenciafinanceira.com.br\/autor\/lucas\/\">LUCAS ANDRADE<\/a><small>Publicado em 25.jul.2023 \u00e0s 09h05Atualizado em 25.jul.2023 \u00e0s 09h20<\/small><\/p>\n\n\n\n<figure class=\"wp-block-image\"><img decoding=\"async\" src=\"https:\/\/inteligenciafinanceira.com.br\/wp-content\/uploads\/2022\/11\/torres_transmissao_energia.jpg?w=728&amp;h=469&amp;crop=1\" alt=\"IPCA-15 tem defla\u00e7\u00e3o de 0,07% em julho; pre\u00e7o da energia el\u00e9trica puxa queda\" \/><figcaption class=\"wp-element-caption\">Torres de linha de transmiss\u00e3o de energia. Foto: Pawel Kopczynski\/Reuters<\/figcaption><\/figure>\n\n\n\n<p>O IBGE (Instituto Brasileiro de Geografia e Estat\u00edstica) informou nesta ter\u00e7a-feira (25) que o IPCA-15 (\u00cdndice de Pre\u00e7os ao Consumidor Amplo 15) teve defla\u00e7\u00e3o de 0,07% em julho, ap\u00f3s ter subido 0,04% em junho.<\/p>\n\n\n\n<p>Com o resultado, a pr\u00e9via da infla\u00e7\u00e3o oficial brasileira desacelerou a 3,19% na taxa acumulada em 12 meses \u2013 ante 3,40% na leitura do m\u00eas anterior.<\/p>\n\n\n\n<p>A queda dos pre\u00e7os foi maior que as expectativas do mercado. Os agentes financeiros esperavam uma defla\u00e7\u00e3o de 0,03% em julho e uma taxa em 12 meses de 3,23%.<\/p>\n\n\n\n<h2 class=\"wp-block-heading\">O que puxou a defla\u00e7\u00e3o no IPCA-15 de julho?<\/h2>\n\n\n\n<p>Segundo o IBGE, o principal impacto negativo para o resultado veio da retra\u00e7\u00e3o nos pre\u00e7os da energia el\u00e9trica residencial (-3,45%), ap\u00f3s a incorpora\u00e7\u00e3o do B\u00f4nus de Itaipu, creditado nas faturas de julho.<\/p>\n\n\n\n<p>Al\u00e9m da energia el\u00e9trica residencial (-3,45%), a queda nos pre\u00e7os do botij\u00e3o de g\u00e1s (-2,10%) tamb\u00e9m influenciou a retra\u00e7\u00e3o do grupo Habita\u00e7\u00e3o (-0,94%), um dos que mais impactaram o \u00edndice geral.<\/p>\n\n\n\n<p><a href=\"https:\/\/inteligenciafinanceira.com.br\/saiba\/economia\/deflacao-investimentos\/\" target=\"_blank\" rel=\"noreferrer noopener\">O Brasil est\u00e1 em defla\u00e7\u00e3o? Entenda o fen\u00f4meno e saiba como ele pode afetar os seus investimentos<\/a><\/p>\n\n\n\n<p>Entre os grupos analisados pela pesquisa, a outra maior influ\u00eancia sobre o \u00edndice geral veio de alimenta\u00e7\u00e3o e bebidas (-0,40%), que puxou a defla\u00e7\u00e3o de alimenta\u00e7\u00e3o no domic\u00edlio (-0,72%).<\/p>\n\n\n\n<p>Entre os alimentos com pre\u00e7os em queda, destacam-se o feij\u00e3o-carioca (-10,20%), o \u00f3leo de soja (-6,14%), o leite longa vida (-2,50%) e as carnes (-2,42%). Por outro lado, a batata-inglesa (10,25%) e o alho (3,74%) ficaram mais caros neste m\u00eas.<\/p>\n\n\n\n<p>Com a alta mais intensa do lanche (0,34% em junho para 1,02% em julho), a alimenta\u00e7\u00e3o fora do domic\u00edlio (0,46%) acelerou em rela\u00e7\u00e3o ao m\u00eas anterior (0,29%).<\/p>\n\n\n\n<h2 class=\"wp-block-heading\" id=\"h-gasolina-acelera-na-previa-da-inflacao\">Gasolina acelera na pr\u00e9via da infla\u00e7\u00e3o<\/h2>\n\n\n\n<p>Pelo lado das altas, o IBGE destaca a varia\u00e7\u00e3o do grupo de transportes (0,63%). O avan\u00e7o \u00e9 explicado pelo aumento nos pre\u00e7os da gasolina (2,99%), que teve o maior impacto positivo (0,14 ponto percentual) entre os subitens pesquisados.<\/p>\n\n\n\n<p>O g\u00e1s veicular tamb\u00e9m subiu (0,06%), enquanto o \u00f3leo diesel (-3,48%) e etanol (-0,70%) tiveram defla\u00e7\u00e3o.<\/p>\n\n\n\n<p>Com esses resultados, os combust\u00edveis tiveram alta de 2,28% em julho.<\/p>\n\n\n\n<p><a href=\"https:\/\/inteligenciafinanceira.com.br\/aprenda\/investir\/juros-inflacao-efeito-fundos-imobiliarios\/\" target=\"_blank\" rel=\"noreferrer noopener\">Juros mais baixos e infla\u00e7\u00e3o em queda: como ficam os rendimentos dos fundos imobili\u00e1rios?<\/a><\/p>\n\n\n\n<p>Ainda em transportes, houve alta de 4,70% nos pre\u00e7os das passagens a\u00e9reas, que j\u00e1 haviam subido 10,70% em junho.<\/p>\n\n\n\n<p>Do lado das quedas, foram observados recuos nos pre\u00e7os do autom\u00f3vel novo (-2,34%) e do autom\u00f3vel usado (-1,05%), al\u00e9m do \u00f4nibus urbano (-0,72%).<\/p>\n\n\n\n<p>Fonte:https:\/\/inteligenciafinanceira.com.br\/saiba\/economia\/ipca-15-hoje-deflacao-julho-2023\/<\/p>\n","protected":false},"excerpt":{"rendered":"<p>Com o resultado no m\u00eas, a pr\u00e9via da infla\u00e7\u00e3o oficial brasileira desacelerou a 3,19% na taxa acumulada em 12 meses LUCAS ANDRADEPublicado em 25.jul.2023 \u00e0s 09h05Atualizado em 25.jul.2023 \u00e0s 09h20 O IBGE (Instituto Brasileiro de Geografia e Estat\u00edstica) informou nesta ter\u00e7a-feira (25) que o IPCA-15 (\u00cdndice de Pre\u00e7os ao Consumidor Amplo 15) teve defla\u00e7\u00e3o de [&hellip;]<\/p>\n","protected":false},"author":3,"featured_media":3987,"comment_status":"open","ping_status":"open","sticky":false,"template":"","format":"standard","meta":{"_joinchat":[],"footnotes":""},"categories":[1],"tags":[],"class_list":["post-3986","post","type-post","status-publish","format-standard","has-post-thumbnail","hentry","category-the-fortune-one"],"yoast_head":"<!-- This site is optimized with the Yoast SEO plugin v27.5 - https:\/\/yoast.com\/product\/yoast-seo-wordpress\/ -->\n<title>IPCA-15 tem defla\u00e7\u00e3o de 0,07% em julho; pre\u00e7o da energia el\u00e9trica puxa queda - The Fortune.one<\/title>\n<meta name=\"description\" content=\"Somos especialistas em gest\u00e3o patrimonial, op\u00e7\u00f5es de investimentos para diversos perfis, nosso diferencial \u00e9 comprovado com resultados.\" \/>\n<meta name=\"robots\" content=\"index, follow, max-snippet:-1, max-image-preview:large, max-video-preview:-1\" \/>\n<link rel=\"canonical\" href=\"https:\/\/thefortune.one\/en\/ipca-15-tem-deflacao-de-007-em-julho-preco-da-energia-eletrica-puxa-queda\/\" \/>\n<meta property=\"og:locale\" content=\"en_US\" \/>\n<meta property=\"og:type\" content=\"article\" \/>\n<meta property=\"og:title\" content=\"IPCA-15 tem defla\u00e7\u00e3o de 0,07% em julho; pre\u00e7o da energia el\u00e9trica puxa queda - The Fortune.one\" \/>\n<meta property=\"og:description\" content=\"Somos especialistas em gest\u00e3o patrimonial, op\u00e7\u00f5es de investimentos para diversos perfis, nosso diferencial \u00e9 comprovado com resultados.\" \/>\n<meta property=\"og:url\" content=\"https:\/\/thefortune.one\/en\/ipca-15-tem-deflacao-de-007-em-julho-preco-da-energia-eletrica-puxa-queda\/\" \/>\n<meta property=\"og:site_name\" content=\"The Fortune.one\" \/>\n<meta property=\"article:published_time\" content=\"2023-07-25T12:45:37+00:00\" \/>\n<meta property=\"og:image\" content=\"https:\/\/thefortune.one\/wp-content\/uploads\/2023\/07\/luz.jpg\" \/>\n\t<meta property=\"og:image:width\" content=\"728\" \/>\n\t<meta property=\"og:image:height\" content=\"469\" \/>\n\t<meta property=\"og:image:type\" content=\"image\/jpeg\" \/>\n<meta name=\"author\" content=\"bianca\" \/>\n<meta name=\"twitter:card\" content=\"summary_large_image\" \/>\n<meta name=\"twitter:label1\" content=\"Written by\" \/>\n\t<meta name=\"twitter:data1\" content=\"bianca\" \/>\n\t<meta name=\"twitter:label2\" content=\"Est. reading time\" \/>\n\t<meta name=\"twitter:data2\" content=\"2 minutes\" \/>\n<script type=\"application\/ld+json\" class=\"yoast-schema-graph\">{\"@context\":\"https:\\\/\\\/schema.org\",\"@graph\":[{\"@type\":\"Article\",\"@id\":\"https:\\\/\\\/thefortune.one\\\/pt\\\/ipca-15-tem-deflacao-de-007-em-julho-preco-da-energia-eletrica-puxa-queda\\\/#article\",\"isPartOf\":{\"@id\":\"https:\\\/\\\/thefortune.one\\\/pt\\\/ipca-15-tem-deflacao-de-007-em-julho-preco-da-energia-eletrica-puxa-queda\\\/\"},\"author\":{\"name\":\"bianca\",\"@id\":\"https:\\\/\\\/thefortune.one\\\/pt\\\/#\\\/schema\\\/person\\\/6cd8fe72a627d36caabf41815984a16f\"},\"headline\":\"IPCA-15 tem defla\u00e7\u00e3o de 0,07% em julho; pre\u00e7o da energia el\u00e9trica puxa queda\",\"datePublished\":\"2023-07-25T12:45:37+00:00\",\"mainEntityOfPage\":{\"@id\":\"https:\\\/\\\/thefortune.one\\\/pt\\\/ipca-15-tem-deflacao-de-007-em-julho-preco-da-energia-eletrica-puxa-queda\\\/\"},\"wordCount\":501,\"commentCount\":0,\"publisher\":{\"@id\":\"https:\\\/\\\/thefortune.one\\\/pt\\\/#organization\"},\"image\":{\"@id\":\"https:\\\/\\\/thefortune.one\\\/pt\\\/ipca-15-tem-deflacao-de-007-em-julho-preco-da-energia-eletrica-puxa-queda\\\/#primaryimage\"},\"thumbnailUrl\":\"https:\\\/\\\/thefortune.one\\\/wp-content\\\/uploads\\\/2023\\\/07\\\/luz.jpg\",\"articleSection\":[\"The Fortune.one\"],\"inLanguage\":\"en-US\",\"potentialAction\":[{\"@type\":\"CommentAction\",\"name\":\"Comment\",\"target\":[\"https:\\\/\\\/thefortune.one\\\/pt\\\/ipca-15-tem-deflacao-de-007-em-julho-preco-da-energia-eletrica-puxa-queda\\\/#respond\"]}]},{\"@type\":\"WebPage\",\"@id\":\"https:\\\/\\\/thefortune.one\\\/pt\\\/ipca-15-tem-deflacao-de-007-em-julho-preco-da-energia-eletrica-puxa-queda\\\/\",\"url\":\"https:\\\/\\\/thefortune.one\\\/pt\\\/ipca-15-tem-deflacao-de-007-em-julho-preco-da-energia-eletrica-puxa-queda\\\/\",\"name\":\"IPCA-15 tem defla\u00e7\u00e3o de 0,07% em julho; pre\u00e7o da energia el\u00e9trica puxa queda - The Fortune.one\",\"isPartOf\":{\"@id\":\"https:\\\/\\\/thefortune.one\\\/pt\\\/#website\"},\"primaryImageOfPage\":{\"@id\":\"https:\\\/\\\/thefortune.one\\\/pt\\\/ipca-15-tem-deflacao-de-007-em-julho-preco-da-energia-eletrica-puxa-queda\\\/#primaryimage\"},\"image\":{\"@id\":\"https:\\\/\\\/thefortune.one\\\/pt\\\/ipca-15-tem-deflacao-de-007-em-julho-preco-da-energia-eletrica-puxa-queda\\\/#primaryimage\"},\"thumbnailUrl\":\"https:\\\/\\\/thefortune.one\\\/wp-content\\\/uploads\\\/2023\\\/07\\\/luz.jpg\",\"datePublished\":\"2023-07-25T12:45:37+00:00\",\"description\":\"Somos especialistas em gest\u00e3o patrimonial, op\u00e7\u00f5es de investimentos para diversos perfis, nosso diferencial \u00e9 comprovado com resultados.\",\"breadcrumb\":{\"@id\":\"https:\\\/\\\/thefortune.one\\\/pt\\\/ipca-15-tem-deflacao-de-007-em-julho-preco-da-energia-eletrica-puxa-queda\\\/#breadcrumb\"},\"inLanguage\":\"en-US\",\"potentialAction\":[{\"@type\":\"ReadAction\",\"target\":[\"https:\\\/\\\/thefortune.one\\\/pt\\\/ipca-15-tem-deflacao-de-007-em-julho-preco-da-energia-eletrica-puxa-queda\\\/\"]}]},{\"@type\":\"ImageObject\",\"inLanguage\":\"en-US\",\"@id\":\"https:\\\/\\\/thefortune.one\\\/pt\\\/ipca-15-tem-deflacao-de-007-em-julho-preco-da-energia-eletrica-puxa-queda\\\/#primaryimage\",\"url\":\"https:\\\/\\\/thefortune.one\\\/wp-content\\\/uploads\\\/2023\\\/07\\\/luz.jpg\",\"contentUrl\":\"https:\\\/\\\/thefortune.one\\\/wp-content\\\/uploads\\\/2023\\\/07\\\/luz.jpg\",\"width\":728,\"height\":469},{\"@type\":\"BreadcrumbList\",\"@id\":\"https:\\\/\\\/thefortune.one\\\/pt\\\/ipca-15-tem-deflacao-de-007-em-julho-preco-da-energia-eletrica-puxa-queda\\\/#breadcrumb\",\"itemListElement\":[{\"@type\":\"ListItem\",\"position\":1,\"name\":\"In\u00edcio\",\"item\":\"https:\\\/\\\/thefortune.one\\\/pt\\\/\"},{\"@type\":\"ListItem\",\"position\":2,\"name\":\"IPCA-15 tem defla\u00e7\u00e3o de 0,07% em julho; pre\u00e7o da energia el\u00e9trica puxa queda\"}]},{\"@type\":\"WebSite\",\"@id\":\"https:\\\/\\\/thefortune.one\\\/pt\\\/#website\",\"url\":\"https:\\\/\\\/thefortune.one\\\/pt\\\/\",\"name\":\"The Fortune.one\",\"description\":\"Gestora de Recursos Especializada em Private Equity\",\"publisher\":{\"@id\":\"https:\\\/\\\/thefortune.one\\\/pt\\\/#organization\"},\"potentialAction\":[{\"@type\":\"SearchAction\",\"target\":{\"@type\":\"EntryPoint\",\"urlTemplate\":\"https:\\\/\\\/thefortune.one\\\/pt\\\/?s={search_term_string}\"},\"query-input\":{\"@type\":\"PropertyValueSpecification\",\"valueRequired\":true,\"valueName\":\"search_term_string\"}}],\"inLanguage\":\"en-US\"},{\"@type\":\"Organization\",\"@id\":\"https:\\\/\\\/thefortune.one\\\/pt\\\/#organization\",\"name\":\"The Fortune One\",\"url\":\"https:\\\/\\\/thefortune.one\\\/pt\\\/\",\"logo\":{\"@type\":\"ImageObject\",\"inLanguage\":\"en-US\",\"@id\":\"https:\\\/\\\/thefortune.one\\\/pt\\\/#\\\/schema\\\/logo\\\/image\\\/\",\"url\":\"https:\\\/\\\/thefortune.one\\\/wp-content\\\/uploads\\\/2022\\\/11\\\/cropped-cropped-1651682701199-1.jpg\",\"contentUrl\":\"https:\\\/\\\/thefortune.one\\\/wp-content\\\/uploads\\\/2022\\\/11\\\/cropped-cropped-1651682701199-1.jpg\",\"width\":369,\"height\":421,\"caption\":\"The Fortune One\"},\"image\":{\"@id\":\"https:\\\/\\\/thefortune.one\\\/pt\\\/#\\\/schema\\\/logo\\\/image\\\/\"}},{\"@type\":\"Person\",\"@id\":\"https:\\\/\\\/thefortune.one\\\/pt\\\/#\\\/schema\\\/person\\\/6cd8fe72a627d36caabf41815984a16f\",\"name\":\"bianca\",\"image\":{\"@type\":\"ImageObject\",\"inLanguage\":\"en-US\",\"@id\":\"https:\\\/\\\/secure.gravatar.com\\\/avatar\\\/66cd7b00d93410555e00d1e6a911a86de0cd0cfa4f83a2f8b47eddc2968c98af?s=96&d=mm&r=g\",\"url\":\"https:\\\/\\\/secure.gravatar.com\\\/avatar\\\/66cd7b00d93410555e00d1e6a911a86de0cd0cfa4f83a2f8b47eddc2968c98af?s=96&d=mm&r=g\",\"contentUrl\":\"https:\\\/\\\/secure.gravatar.com\\\/avatar\\\/66cd7b00d93410555e00d1e6a911a86de0cd0cfa4f83a2f8b47eddc2968c98af?s=96&d=mm&r=g\",\"caption\":\"bianca\"},\"url\":\"https:\\\/\\\/thefortune.one\\\/en\\\/author\\\/bianca\\\/\"}]}<\/script>\n<!-- \/ Yoast SEO plugin. -->","yoast_head_json":{"title":"IPCA-15 tem defla\u00e7\u00e3o de 0,07% em julho; pre\u00e7o da energia el\u00e9trica puxa queda - The Fortune.one","description":"Somos especialistas em gest\u00e3o patrimonial, op\u00e7\u00f5es de investimentos para diversos perfis, nosso diferencial \u00e9 comprovado com resultados.","robots":{"index":"index","follow":"follow","max-snippet":"max-snippet:-1","max-image-preview":"max-image-preview:large","max-video-preview":"max-video-preview:-1"},"canonical":"https:\/\/thefortune.one\/en\/ipca-15-tem-deflacao-de-007-em-julho-preco-da-energia-eletrica-puxa-queda\/","og_locale":"en_US","og_type":"article","og_title":"IPCA-15 tem defla\u00e7\u00e3o de 0,07% em julho; pre\u00e7o da energia el\u00e9trica puxa queda - The Fortune.one","og_description":"Somos especialistas em gest\u00e3o patrimonial, op\u00e7\u00f5es de investimentos para diversos perfis, nosso diferencial \u00e9 comprovado com resultados.","og_url":"https:\/\/thefortune.one\/en\/ipca-15-tem-deflacao-de-007-em-julho-preco-da-energia-eletrica-puxa-queda\/","og_site_name":"The Fortune.one","article_published_time":"2023-07-25T12:45:37+00:00","og_image":[{"width":728,"height":469,"url":"https:\/\/thefortune.one\/wp-content\/uploads\/2023\/07\/luz.jpg","type":"image\/jpeg"}],"author":"bianca","twitter_card":"summary_large_image","twitter_misc":{"Written by":"bianca","Est. reading time":"2 minutes"},"schema":{"@context":"https:\/\/schema.org","@graph":[{"@type":"Article","@id":"https:\/\/thefortune.one\/pt\/ipca-15-tem-deflacao-de-007-em-julho-preco-da-energia-eletrica-puxa-queda\/#article","isPartOf":{"@id":"https:\/\/thefortune.one\/pt\/ipca-15-tem-deflacao-de-007-em-julho-preco-da-energia-eletrica-puxa-queda\/"},"author":{"name":"bianca","@id":"https:\/\/thefortune.one\/pt\/#\/schema\/person\/6cd8fe72a627d36caabf41815984a16f"},"headline":"IPCA-15 tem defla\u00e7\u00e3o de 0,07% em julho; pre\u00e7o da energia el\u00e9trica puxa queda","datePublished":"2023-07-25T12:45:37+00:00","mainEntityOfPage":{"@id":"https:\/\/thefortune.one\/pt\/ipca-15-tem-deflacao-de-007-em-julho-preco-da-energia-eletrica-puxa-queda\/"},"wordCount":501,"commentCount":0,"publisher":{"@id":"https:\/\/thefortune.one\/pt\/#organization"},"image":{"@id":"https:\/\/thefortune.one\/pt\/ipca-15-tem-deflacao-de-007-em-julho-preco-da-energia-eletrica-puxa-queda\/#primaryimage"},"thumbnailUrl":"https:\/\/thefortune.one\/wp-content\/uploads\/2023\/07\/luz.jpg","articleSection":["The Fortune.one"],"inLanguage":"en-US","potentialAction":[{"@type":"CommentAction","name":"Comment","target":["https:\/\/thefortune.one\/pt\/ipca-15-tem-deflacao-de-007-em-julho-preco-da-energia-eletrica-puxa-queda\/#respond"]}]},{"@type":"WebPage","@id":"https:\/\/thefortune.one\/pt\/ipca-15-tem-deflacao-de-007-em-julho-preco-da-energia-eletrica-puxa-queda\/","url":"https:\/\/thefortune.one\/pt\/ipca-15-tem-deflacao-de-007-em-julho-preco-da-energia-eletrica-puxa-queda\/","name":"IPCA-15 tem defla\u00e7\u00e3o de 0,07% em julho; pre\u00e7o da energia el\u00e9trica puxa queda - The Fortune.one","isPartOf":{"@id":"https:\/\/thefortune.one\/pt\/#website"},"primaryImageOfPage":{"@id":"https:\/\/thefortune.one\/pt\/ipca-15-tem-deflacao-de-007-em-julho-preco-da-energia-eletrica-puxa-queda\/#primaryimage"},"image":{"@id":"https:\/\/thefortune.one\/pt\/ipca-15-tem-deflacao-de-007-em-julho-preco-da-energia-eletrica-puxa-queda\/#primaryimage"},"thumbnailUrl":"https:\/\/thefortune.one\/wp-content\/uploads\/2023\/07\/luz.jpg","datePublished":"2023-07-25T12:45:37+00:00","description":"Somos especialistas em gest\u00e3o patrimonial, op\u00e7\u00f5es de investimentos para diversos perfis, nosso diferencial \u00e9 comprovado com resultados.","breadcrumb":{"@id":"https:\/\/thefortune.one\/pt\/ipca-15-tem-deflacao-de-007-em-julho-preco-da-energia-eletrica-puxa-queda\/#breadcrumb"},"inLanguage":"en-US","potentialAction":[{"@type":"ReadAction","target":["https:\/\/thefortune.one\/pt\/ipca-15-tem-deflacao-de-007-em-julho-preco-da-energia-eletrica-puxa-queda\/"]}]},{"@type":"ImageObject","inLanguage":"en-US","@id":"https:\/\/thefortune.one\/pt\/ipca-15-tem-deflacao-de-007-em-julho-preco-da-energia-eletrica-puxa-queda\/#primaryimage","url":"https:\/\/thefortune.one\/wp-content\/uploads\/2023\/07\/luz.jpg","contentUrl":"https:\/\/thefortune.one\/wp-content\/uploads\/2023\/07\/luz.jpg","width":728,"height":469},{"@type":"BreadcrumbList","@id":"https:\/\/thefortune.one\/pt\/ipca-15-tem-deflacao-de-007-em-julho-preco-da-energia-eletrica-puxa-queda\/#breadcrumb","itemListElement":[{"@type":"ListItem","position":1,"name":"In\u00edcio","item":"https:\/\/thefortune.one\/pt\/"},{"@type":"ListItem","position":2,"name":"IPCA-15 tem defla\u00e7\u00e3o de 0,07% em julho; pre\u00e7o da energia el\u00e9trica puxa queda"}]},{"@type":"WebSite","@id":"https:\/\/thefortune.one\/pt\/#website","url":"https:\/\/thefortune.one\/pt\/","name":"The Fortune.one","description":"Gestora de Recursos Especializada em Private Equity","publisher":{"@id":"https:\/\/thefortune.one\/pt\/#organization"},"potentialAction":[{"@type":"SearchAction","target":{"@type":"EntryPoint","urlTemplate":"https:\/\/thefortune.one\/pt\/?s={search_term_string}"},"query-input":{"@type":"PropertyValueSpecification","valueRequired":true,"valueName":"search_term_string"}}],"inLanguage":"en-US"},{"@type":"Organization","@id":"https:\/\/thefortune.one\/pt\/#organization","name":"The Fortune One","url":"https:\/\/thefortune.one\/pt\/","logo":{"@type":"ImageObject","inLanguage":"en-US","@id":"https:\/\/thefortune.one\/pt\/#\/schema\/logo\/image\/","url":"https:\/\/thefortune.one\/wp-content\/uploads\/2022\/11\/cropped-cropped-1651682701199-1.jpg","contentUrl":"https:\/\/thefortune.one\/wp-content\/uploads\/2022\/11\/cropped-cropped-1651682701199-1.jpg","width":369,"height":421,"caption":"The Fortune One"},"image":{"@id":"https:\/\/thefortune.one\/pt\/#\/schema\/logo\/image\/"}},{"@type":"Person","@id":"https:\/\/thefortune.one\/pt\/#\/schema\/person\/6cd8fe72a627d36caabf41815984a16f","name":"bianca","image":{"@type":"ImageObject","inLanguage":"en-US","@id":"https:\/\/secure.gravatar.com\/avatar\/66cd7b00d93410555e00d1e6a911a86de0cd0cfa4f83a2f8b47eddc2968c98af?s=96&d=mm&r=g","url":"https:\/\/secure.gravatar.com\/avatar\/66cd7b00d93410555e00d1e6a911a86de0cd0cfa4f83a2f8b47eddc2968c98af?s=96&d=mm&r=g","contentUrl":"https:\/\/secure.gravatar.com\/avatar\/66cd7b00d93410555e00d1e6a911a86de0cd0cfa4f83a2f8b47eddc2968c98af?s=96&d=mm&r=g","caption":"bianca"},"url":"https:\/\/thefortune.one\/en\/author\/bianca\/"}]}},"_links":{"self":[{"href":"https:\/\/thefortune.one\/en\/wp-json\/wp\/v2\/posts\/3986","targetHints":{"allow":["GET"]}}],"collection":[{"href":"https:\/\/thefortune.one\/en\/wp-json\/wp\/v2\/posts"}],"about":[{"href":"https:\/\/thefortune.one\/en\/wp-json\/wp\/v2\/types\/post"}],"author":[{"embeddable":true,"href":"https:\/\/thefortune.one\/en\/wp-json\/wp\/v2\/users\/3"}],"replies":[{"embeddable":true,"href":"https:\/\/thefortune.one\/en\/wp-json\/wp\/v2\/comments?post=3986"}],"version-history":[{"count":1,"href":"https:\/\/thefortune.one\/en\/wp-json\/wp\/v2\/posts\/3986\/revisions"}],"predecessor-version":[{"id":3988,"href":"https:\/\/thefortune.one\/en\/wp-json\/wp\/v2\/posts\/3986\/revisions\/3988"}],"wp:featuredmedia":[{"embeddable":true,"href":"https:\/\/thefortune.one\/en\/wp-json\/wp\/v2\/media\/3987"}],"wp:attachment":[{"href":"https:\/\/thefortune.one\/en\/wp-json\/wp\/v2\/media?parent=3986"}],"wp:term":[{"taxonomy":"category","embeddable":true,"href":"https:\/\/thefortune.one\/en\/wp-json\/wp\/v2\/categories?post=3986"},{"taxonomy":"post_tag","embeddable":true,"href":"https:\/\/thefortune.one\/en\/wp-json\/wp\/v2\/tags?post=3986"}],"curies":[{"name":"wp","href":"https:\/\/api.w.org\/{rel}","templated":true}]}}