{"id":3979,"date":"2023-07-21T13:12:13","date_gmt":"2023-07-21T13:12:13","guid":{"rendered":"https:\/\/thefortune.one\/?p=3979"},"modified":"2023-07-21T13:12:13","modified_gmt":"2023-07-21T13:12:13","slug":"monitor-do-pib-da-fgv-indica-retracao-de-3-na-economia-em-maio","status":"publish","type":"post","link":"https:\/\/thefortune.one\/en\/monitor-do-pib-da-fgv-indica-retracao-de-3-na-economia-em-maio\/","title":{"rendered":"Monitor do PIB da FGV indica retra\u00e7\u00e3o de 3% na economia em maio"},"content":{"rendered":"\n<p>Na compara\u00e7\u00e3o com o mesmo m\u00eas em 2022, a atividade econ\u00f4mica teve alta de 1,8% <\/p>\n\n\n\n<figure class=\"wp-block-image size-full is-resized\"><img fetchpriority=\"high\" decoding=\"async\" src=\"https:\/\/thefortune.one\/wp-content\/uploads\/2023\/07\/calculadora.jpg\" alt=\"\" class=\"wp-image-3980\" width=\"842\" height=\"473\" srcset=\"https:\/\/thefortune.one\/wp-content\/uploads\/2023\/07\/calculadora.jpg 848w, https:\/\/thefortune.one\/wp-content\/uploads\/2023\/07\/calculadora-300x169.jpg 300w, https:\/\/thefortune.one\/wp-content\/uploads\/2023\/07\/calculadora-768x432.jpg 768w, https:\/\/thefortune.one\/wp-content\/uploads\/2023\/07\/calculadora-18x10.jpg 18w\" sizes=\"(max-width: 842px) 100vw, 842px\" \/><\/figure>\n\n\n\n<p>A economia brasileira caiu 3% em maio em rela\u00e7\u00e3o a abril de 2023, segundo a FGV (Funda\u00e7\u00e3o Get\u00falio Vargas). Em rela\u00e7\u00e3o ao mesmo per\u00edodo de 2022, a economia cresceu 1,8%. O acumulado do PIB at\u00e9 maio \u00e9 de R$ 4,2 trilh\u00f5es.\u00a0 O Monitor do PIB (Produto Interno Bruto) foi divulgado nesta 4\u00aa feira (19.jul.2022). Eis a \u00edntegra do relat\u00f3rio (688 KB).<\/p>\n\n\n\n<p>Na 2\u00aa feira (17.jul), o \u00edndice de atividade econ\u00f4mica do Banco Central mostrou queda de 2% do PIB em maio. O resultado foi o pior registrado para o m\u00eas em 5 anos, s\u00f3 atr\u00e1s de 2018, quando caiu 3,08%. Segundo Juliana Trece, coordenadora do Monitor do PIB da FGV, o forte recuo da atividade econ\u00f4mica em maio reflete o fim dos principais meses de colheita da safra de soja.<\/p>\n\n\n\n<p> \u201cO expressivo crescimento do PIB no 1\u00ba trimestre, sendo influenciado pelo desempenho da colheita de soja, elevou a base de compara\u00e7\u00e3o nos primeiros meses do ano e, em maio, com a redu\u00e7\u00e3o da colheita deste produto, a atividade  econ\u00f4mica retraiu\u201d, disse. <\/p>\n\n\n\n<p>Eis abaixo outros destaques da pesquisa: <\/p>\n\n\n\n<p><strong>consumo das fam\u00edlias<\/strong>: cresceu 2,9%. A taxa \u00e9 o principal componente para explicar essa tend\u00eancia de queda; enquanto em 2022 teve crescimento m\u00e9dio trimestral em torno de 7,0%, no trimestre encerrado em maio de 2023 cresceu 3,2%. <\/p>\n\n\n\n<p><strong>exporta\u00e7\u00e3<\/strong>o: cresceu 17,2% no trimestre encerrado em maio. Destacam-se as contribui\u00e7\u00f5es da exporta\u00e7\u00e3o de produtos da extrativa mineral e da agropecu\u00e1ria;<\/p>\n\n\n\n<p> <strong>importa\u00e7\u00f5es<\/strong>: cresceu 7,3% no trimestre encerrado em maio. A maioria dos componentes da importa\u00e7\u00e3o contribuiu positivamente para este resultado, com destaque para a importa\u00e7\u00e3o de bens de consumo que Fonte: (https:\/\/www.poder360.com.br\/economia\/monitor-do-pib-da-fgv-indica-retracao-de-3-na-economia-em-maio\/)<br><\/p>\n\n\n\n<p><\/p>\n\n\n\n<p><\/p>\n\n\n\n<p><\/p>\n","protected":false},"excerpt":{"rendered":"<p>Na compara\u00e7\u00e3o com o mesmo m\u00eas em 2022, a atividade econ\u00f4mica teve alta de 1,8% A economia brasileira caiu 3% em maio em rela\u00e7\u00e3o a abril de 2023, segundo a FGV (Funda\u00e7\u00e3o Get\u00falio Vargas). Em rela\u00e7\u00e3o ao mesmo per\u00edodo de 2022, a economia cresceu 1,8%. O acumulado do PIB at\u00e9 maio \u00e9 de R$ 4,2 [&hellip;]<\/p>\n","protected":false},"author":3,"featured_media":3981,"comment_status":"open","ping_status":"open","sticky":false,"template":"","format":"standard","meta":{"_joinchat":[],"footnotes":""},"categories":[1],"tags":[],"class_list":["post-3979","post","type-post","status-publish","format-standard","has-post-thumbnail","hentry","category-the-fortune-one"],"yoast_head":"<!-- This site is optimized with the Yoast SEO plugin v27.5 - https:\/\/yoast.com\/product\/yoast-seo-wordpress\/ -->\n<title>Monitor do PIB da FGV indica retra\u00e7\u00e3o de 3% na economia em maio - The Fortune.one<\/title>\n<meta name=\"description\" content=\"Somos especialistas em gest\u00e3o patrimonial, op\u00e7\u00f5es de investimentos para diversos perfis, nosso diferencial \u00e9 comprovado com resultados.\" \/>\n<meta name=\"robots\" content=\"index, follow, max-snippet:-1, max-image-preview:large, max-video-preview:-1\" \/>\n<link rel=\"canonical\" href=\"https:\/\/thefortune.one\/en\/monitor-do-pib-da-fgv-indica-retracao-de-3-na-economia-em-maio\/\" \/>\n<meta property=\"og:locale\" content=\"en_US\" \/>\n<meta property=\"og:type\" content=\"article\" \/>\n<meta property=\"og:title\" content=\"Monitor do PIB da FGV indica retra\u00e7\u00e3o de 3% na economia em maio - The Fortune.one\" \/>\n<meta property=\"og:description\" content=\"Somos especialistas em gest\u00e3o patrimonial, op\u00e7\u00f5es de investimentos para diversos perfis, nosso diferencial \u00e9 comprovado com resultados.\" \/>\n<meta property=\"og:url\" content=\"https:\/\/thefortune.one\/en\/monitor-do-pib-da-fgv-indica-retracao-de-3-na-economia-em-maio\/\" \/>\n<meta property=\"og:site_name\" content=\"The Fortune.one\" \/>\n<meta property=\"article:published_time\" content=\"2023-07-21T13:12:13+00:00\" \/>\n<meta property=\"og:image\" content=\"https:\/\/thefortune.one\/wp-content\/uploads\/2023\/07\/calculadora-1.jpg\" \/>\n\t<meta property=\"og:image:width\" content=\"848\" \/>\n\t<meta property=\"og:image:height\" content=\"477\" \/>\n\t<meta property=\"og:image:type\" content=\"image\/jpeg\" \/>\n<meta name=\"author\" content=\"bianca\" \/>\n<meta name=\"twitter:card\" content=\"summary_large_image\" \/>\n<meta name=\"twitter:label1\" content=\"Written by\" \/>\n\t<meta name=\"twitter:data1\" content=\"bianca\" \/>\n\t<meta name=\"twitter:label2\" content=\"Est. reading time\" \/>\n\t<meta name=\"twitter:data2\" content=\"1 minute\" \/>\n<script type=\"application\/ld+json\" class=\"yoast-schema-graph\">{\"@context\":\"https:\\\/\\\/schema.org\",\"@graph\":[{\"@type\":\"Article\",\"@id\":\"https:\\\/\\\/thefortune.one\\\/pt\\\/monitor-do-pib-da-fgv-indica-retracao-de-3-na-economia-em-maio\\\/#article\",\"isPartOf\":{\"@id\":\"https:\\\/\\\/thefortune.one\\\/pt\\\/monitor-do-pib-da-fgv-indica-retracao-de-3-na-economia-em-maio\\\/\"},\"author\":{\"name\":\"bianca\",\"@id\":\"https:\\\/\\\/thefortune.one\\\/pt\\\/#\\\/schema\\\/person\\\/6cd8fe72a627d36caabf41815984a16f\"},\"headline\":\"Monitor do PIB da FGV indica retra\u00e7\u00e3o de 3% na economia em maio\",\"datePublished\":\"2023-07-21T13:12:13+00:00\",\"mainEntityOfPage\":{\"@id\":\"https:\\\/\\\/thefortune.one\\\/pt\\\/monitor-do-pib-da-fgv-indica-retracao-de-3-na-economia-em-maio\\\/\"},\"wordCount\":304,\"commentCount\":0,\"publisher\":{\"@id\":\"https:\\\/\\\/thefortune.one\\\/pt\\\/#organization\"},\"image\":{\"@id\":\"https:\\\/\\\/thefortune.one\\\/pt\\\/monitor-do-pib-da-fgv-indica-retracao-de-3-na-economia-em-maio\\\/#primaryimage\"},\"thumbnailUrl\":\"https:\\\/\\\/thefortune.one\\\/wp-content\\\/uploads\\\/2023\\\/07\\\/calculadora-1.jpg\",\"articleSection\":[\"The Fortune.one\"],\"inLanguage\":\"en-US\",\"potentialAction\":[{\"@type\":\"CommentAction\",\"name\":\"Comment\",\"target\":[\"https:\\\/\\\/thefortune.one\\\/pt\\\/monitor-do-pib-da-fgv-indica-retracao-de-3-na-economia-em-maio\\\/#respond\"]}]},{\"@type\":\"WebPage\",\"@id\":\"https:\\\/\\\/thefortune.one\\\/pt\\\/monitor-do-pib-da-fgv-indica-retracao-de-3-na-economia-em-maio\\\/\",\"url\":\"https:\\\/\\\/thefortune.one\\\/pt\\\/monitor-do-pib-da-fgv-indica-retracao-de-3-na-economia-em-maio\\\/\",\"name\":\"Monitor do PIB da FGV indica retra\u00e7\u00e3o de 3% na economia em maio - The Fortune.one\",\"isPartOf\":{\"@id\":\"https:\\\/\\\/thefortune.one\\\/pt\\\/#website\"},\"primaryImageOfPage\":{\"@id\":\"https:\\\/\\\/thefortune.one\\\/pt\\\/monitor-do-pib-da-fgv-indica-retracao-de-3-na-economia-em-maio\\\/#primaryimage\"},\"image\":{\"@id\":\"https:\\\/\\\/thefortune.one\\\/pt\\\/monitor-do-pib-da-fgv-indica-retracao-de-3-na-economia-em-maio\\\/#primaryimage\"},\"thumbnailUrl\":\"https:\\\/\\\/thefortune.one\\\/wp-content\\\/uploads\\\/2023\\\/07\\\/calculadora-1.jpg\",\"datePublished\":\"2023-07-21T13:12:13+00:00\",\"description\":\"Somos especialistas em gest\u00e3o patrimonial, op\u00e7\u00f5es de investimentos para diversos perfis, nosso diferencial \u00e9 comprovado com resultados.\",\"breadcrumb\":{\"@id\":\"https:\\\/\\\/thefortune.one\\\/pt\\\/monitor-do-pib-da-fgv-indica-retracao-de-3-na-economia-em-maio\\\/#breadcrumb\"},\"inLanguage\":\"en-US\",\"potentialAction\":[{\"@type\":\"ReadAction\",\"target\":[\"https:\\\/\\\/thefortune.one\\\/pt\\\/monitor-do-pib-da-fgv-indica-retracao-de-3-na-economia-em-maio\\\/\"]}]},{\"@type\":\"ImageObject\",\"inLanguage\":\"en-US\",\"@id\":\"https:\\\/\\\/thefortune.one\\\/pt\\\/monitor-do-pib-da-fgv-indica-retracao-de-3-na-economia-em-maio\\\/#primaryimage\",\"url\":\"https:\\\/\\\/thefortune.one\\\/wp-content\\\/uploads\\\/2023\\\/07\\\/calculadora-1.jpg\",\"contentUrl\":\"https:\\\/\\\/thefortune.one\\\/wp-content\\\/uploads\\\/2023\\\/07\\\/calculadora-1.jpg\",\"width\":848,\"height\":477},{\"@type\":\"BreadcrumbList\",\"@id\":\"https:\\\/\\\/thefortune.one\\\/pt\\\/monitor-do-pib-da-fgv-indica-retracao-de-3-na-economia-em-maio\\\/#breadcrumb\",\"itemListElement\":[{\"@type\":\"ListItem\",\"position\":1,\"name\":\"In\u00edcio\",\"item\":\"https:\\\/\\\/thefortune.one\\\/pt\\\/\"},{\"@type\":\"ListItem\",\"position\":2,\"name\":\"Monitor do PIB da FGV indica retra\u00e7\u00e3o de 3% na economia em maio\"}]},{\"@type\":\"WebSite\",\"@id\":\"https:\\\/\\\/thefortune.one\\\/pt\\\/#website\",\"url\":\"https:\\\/\\\/thefortune.one\\\/pt\\\/\",\"name\":\"The Fortune.one\",\"description\":\"Gestora de Recursos Especializada em Private Equity\",\"publisher\":{\"@id\":\"https:\\\/\\\/thefortune.one\\\/pt\\\/#organization\"},\"potentialAction\":[{\"@type\":\"SearchAction\",\"target\":{\"@type\":\"EntryPoint\",\"urlTemplate\":\"https:\\\/\\\/thefortune.one\\\/pt\\\/?s={search_term_string}\"},\"query-input\":{\"@type\":\"PropertyValueSpecification\",\"valueRequired\":true,\"valueName\":\"search_term_string\"}}],\"inLanguage\":\"en-US\"},{\"@type\":\"Organization\",\"@id\":\"https:\\\/\\\/thefortune.one\\\/pt\\\/#organization\",\"name\":\"The Fortune One\",\"url\":\"https:\\\/\\\/thefortune.one\\\/pt\\\/\",\"logo\":{\"@type\":\"ImageObject\",\"inLanguage\":\"en-US\",\"@id\":\"https:\\\/\\\/thefortune.one\\\/pt\\\/#\\\/schema\\\/logo\\\/image\\\/\",\"url\":\"https:\\\/\\\/thefortune.one\\\/wp-content\\\/uploads\\\/2022\\\/11\\\/cropped-cropped-1651682701199-1.jpg\",\"contentUrl\":\"https:\\\/\\\/thefortune.one\\\/wp-content\\\/uploads\\\/2022\\\/11\\\/cropped-cropped-1651682701199-1.jpg\",\"width\":369,\"height\":421,\"caption\":\"The Fortune One\"},\"image\":{\"@id\":\"https:\\\/\\\/thefortune.one\\\/pt\\\/#\\\/schema\\\/logo\\\/image\\\/\"}},{\"@type\":\"Person\",\"@id\":\"https:\\\/\\\/thefortune.one\\\/pt\\\/#\\\/schema\\\/person\\\/6cd8fe72a627d36caabf41815984a16f\",\"name\":\"bianca\",\"image\":{\"@type\":\"ImageObject\",\"inLanguage\":\"en-US\",\"@id\":\"https:\\\/\\\/secure.gravatar.com\\\/avatar\\\/66cd7b00d93410555e00d1e6a911a86de0cd0cfa4f83a2f8b47eddc2968c98af?s=96&d=mm&r=g\",\"url\":\"https:\\\/\\\/secure.gravatar.com\\\/avatar\\\/66cd7b00d93410555e00d1e6a911a86de0cd0cfa4f83a2f8b47eddc2968c98af?s=96&d=mm&r=g\",\"contentUrl\":\"https:\\\/\\\/secure.gravatar.com\\\/avatar\\\/66cd7b00d93410555e00d1e6a911a86de0cd0cfa4f83a2f8b47eddc2968c98af?s=96&d=mm&r=g\",\"caption\":\"bianca\"},\"url\":\"https:\\\/\\\/thefortune.one\\\/en\\\/author\\\/bianca\\\/\"}]}<\/script>\n<!-- \/ Yoast SEO plugin. -->","yoast_head_json":{"title":"Monitor do PIB da FGV indica retra\u00e7\u00e3o de 3% na economia em maio - The Fortune.one","description":"Somos especialistas em gest\u00e3o patrimonial, op\u00e7\u00f5es de investimentos para diversos perfis, nosso diferencial \u00e9 comprovado com resultados.","robots":{"index":"index","follow":"follow","max-snippet":"max-snippet:-1","max-image-preview":"max-image-preview:large","max-video-preview":"max-video-preview:-1"},"canonical":"https:\/\/thefortune.one\/en\/monitor-do-pib-da-fgv-indica-retracao-de-3-na-economia-em-maio\/","og_locale":"en_US","og_type":"article","og_title":"Monitor do PIB da FGV indica retra\u00e7\u00e3o de 3% na economia em maio - The Fortune.one","og_description":"Somos especialistas em gest\u00e3o patrimonial, op\u00e7\u00f5es de investimentos para diversos perfis, nosso diferencial \u00e9 comprovado com resultados.","og_url":"https:\/\/thefortune.one\/en\/monitor-do-pib-da-fgv-indica-retracao-de-3-na-economia-em-maio\/","og_site_name":"The Fortune.one","article_published_time":"2023-07-21T13:12:13+00:00","og_image":[{"width":848,"height":477,"url":"https:\/\/thefortune.one\/wp-content\/uploads\/2023\/07\/calculadora-1.jpg","type":"image\/jpeg"}],"author":"bianca","twitter_card":"summary_large_image","twitter_misc":{"Written by":"bianca","Est. reading time":"1 minute"},"schema":{"@context":"https:\/\/schema.org","@graph":[{"@type":"Article","@id":"https:\/\/thefortune.one\/pt\/monitor-do-pib-da-fgv-indica-retracao-de-3-na-economia-em-maio\/#article","isPartOf":{"@id":"https:\/\/thefortune.one\/pt\/monitor-do-pib-da-fgv-indica-retracao-de-3-na-economia-em-maio\/"},"author":{"name":"bianca","@id":"https:\/\/thefortune.one\/pt\/#\/schema\/person\/6cd8fe72a627d36caabf41815984a16f"},"headline":"Monitor do PIB da FGV indica retra\u00e7\u00e3o de 3% na economia em maio","datePublished":"2023-07-21T13:12:13+00:00","mainEntityOfPage":{"@id":"https:\/\/thefortune.one\/pt\/monitor-do-pib-da-fgv-indica-retracao-de-3-na-economia-em-maio\/"},"wordCount":304,"commentCount":0,"publisher":{"@id":"https:\/\/thefortune.one\/pt\/#organization"},"image":{"@id":"https:\/\/thefortune.one\/pt\/monitor-do-pib-da-fgv-indica-retracao-de-3-na-economia-em-maio\/#primaryimage"},"thumbnailUrl":"https:\/\/thefortune.one\/wp-content\/uploads\/2023\/07\/calculadora-1.jpg","articleSection":["The Fortune.one"],"inLanguage":"en-US","potentialAction":[{"@type":"CommentAction","name":"Comment","target":["https:\/\/thefortune.one\/pt\/monitor-do-pib-da-fgv-indica-retracao-de-3-na-economia-em-maio\/#respond"]}]},{"@type":"WebPage","@id":"https:\/\/thefortune.one\/pt\/monitor-do-pib-da-fgv-indica-retracao-de-3-na-economia-em-maio\/","url":"https:\/\/thefortune.one\/pt\/monitor-do-pib-da-fgv-indica-retracao-de-3-na-economia-em-maio\/","name":"Monitor do PIB da FGV indica retra\u00e7\u00e3o de 3% na economia em maio - The Fortune.one","isPartOf":{"@id":"https:\/\/thefortune.one\/pt\/#website"},"primaryImageOfPage":{"@id":"https:\/\/thefortune.one\/pt\/monitor-do-pib-da-fgv-indica-retracao-de-3-na-economia-em-maio\/#primaryimage"},"image":{"@id":"https:\/\/thefortune.one\/pt\/monitor-do-pib-da-fgv-indica-retracao-de-3-na-economia-em-maio\/#primaryimage"},"thumbnailUrl":"https:\/\/thefortune.one\/wp-content\/uploads\/2023\/07\/calculadora-1.jpg","datePublished":"2023-07-21T13:12:13+00:00","description":"Somos especialistas em gest\u00e3o patrimonial, op\u00e7\u00f5es de investimentos para diversos perfis, nosso diferencial \u00e9 comprovado com resultados.","breadcrumb":{"@id":"https:\/\/thefortune.one\/pt\/monitor-do-pib-da-fgv-indica-retracao-de-3-na-economia-em-maio\/#breadcrumb"},"inLanguage":"en-US","potentialAction":[{"@type":"ReadAction","target":["https:\/\/thefortune.one\/pt\/monitor-do-pib-da-fgv-indica-retracao-de-3-na-economia-em-maio\/"]}]},{"@type":"ImageObject","inLanguage":"en-US","@id":"https:\/\/thefortune.one\/pt\/monitor-do-pib-da-fgv-indica-retracao-de-3-na-economia-em-maio\/#primaryimage","url":"https:\/\/thefortune.one\/wp-content\/uploads\/2023\/07\/calculadora-1.jpg","contentUrl":"https:\/\/thefortune.one\/wp-content\/uploads\/2023\/07\/calculadora-1.jpg","width":848,"height":477},{"@type":"BreadcrumbList","@id":"https:\/\/thefortune.one\/pt\/monitor-do-pib-da-fgv-indica-retracao-de-3-na-economia-em-maio\/#breadcrumb","itemListElement":[{"@type":"ListItem","position":1,"name":"In\u00edcio","item":"https:\/\/thefortune.one\/pt\/"},{"@type":"ListItem","position":2,"name":"Monitor do PIB da FGV indica retra\u00e7\u00e3o de 3% na economia em maio"}]},{"@type":"WebSite","@id":"https:\/\/thefortune.one\/pt\/#website","url":"https:\/\/thefortune.one\/pt\/","name":"The Fortune.one","description":"Gestora de Recursos Especializada em Private Equity","publisher":{"@id":"https:\/\/thefortune.one\/pt\/#organization"},"potentialAction":[{"@type":"SearchAction","target":{"@type":"EntryPoint","urlTemplate":"https:\/\/thefortune.one\/pt\/?s={search_term_string}"},"query-input":{"@type":"PropertyValueSpecification","valueRequired":true,"valueName":"search_term_string"}}],"inLanguage":"en-US"},{"@type":"Organization","@id":"https:\/\/thefortune.one\/pt\/#organization","name":"The Fortune One","url":"https:\/\/thefortune.one\/pt\/","logo":{"@type":"ImageObject","inLanguage":"en-US","@id":"https:\/\/thefortune.one\/pt\/#\/schema\/logo\/image\/","url":"https:\/\/thefortune.one\/wp-content\/uploads\/2022\/11\/cropped-cropped-1651682701199-1.jpg","contentUrl":"https:\/\/thefortune.one\/wp-content\/uploads\/2022\/11\/cropped-cropped-1651682701199-1.jpg","width":369,"height":421,"caption":"The Fortune One"},"image":{"@id":"https:\/\/thefortune.one\/pt\/#\/schema\/logo\/image\/"}},{"@type":"Person","@id":"https:\/\/thefortune.one\/pt\/#\/schema\/person\/6cd8fe72a627d36caabf41815984a16f","name":"bianca","image":{"@type":"ImageObject","inLanguage":"en-US","@id":"https:\/\/secure.gravatar.com\/avatar\/66cd7b00d93410555e00d1e6a911a86de0cd0cfa4f83a2f8b47eddc2968c98af?s=96&d=mm&r=g","url":"https:\/\/secure.gravatar.com\/avatar\/66cd7b00d93410555e00d1e6a911a86de0cd0cfa4f83a2f8b47eddc2968c98af?s=96&d=mm&r=g","contentUrl":"https:\/\/secure.gravatar.com\/avatar\/66cd7b00d93410555e00d1e6a911a86de0cd0cfa4f83a2f8b47eddc2968c98af?s=96&d=mm&r=g","caption":"bianca"},"url":"https:\/\/thefortune.one\/en\/author\/bianca\/"}]}},"_links":{"self":[{"href":"https:\/\/thefortune.one\/en\/wp-json\/wp\/v2\/posts\/3979","targetHints":{"allow":["GET"]}}],"collection":[{"href":"https:\/\/thefortune.one\/en\/wp-json\/wp\/v2\/posts"}],"about":[{"href":"https:\/\/thefortune.one\/en\/wp-json\/wp\/v2\/types\/post"}],"author":[{"embeddable":true,"href":"https:\/\/thefortune.one\/en\/wp-json\/wp\/v2\/users\/3"}],"replies":[{"embeddable":true,"href":"https:\/\/thefortune.one\/en\/wp-json\/wp\/v2\/comments?post=3979"}],"version-history":[{"count":1,"href":"https:\/\/thefortune.one\/en\/wp-json\/wp\/v2\/posts\/3979\/revisions"}],"predecessor-version":[{"id":3982,"href":"https:\/\/thefortune.one\/en\/wp-json\/wp\/v2\/posts\/3979\/revisions\/3982"}],"wp:featuredmedia":[{"embeddable":true,"href":"https:\/\/thefortune.one\/en\/wp-json\/wp\/v2\/media\/3981"}],"wp:attachment":[{"href":"https:\/\/thefortune.one\/en\/wp-json\/wp\/v2\/media?parent=3979"}],"wp:term":[{"taxonomy":"category","embeddable":true,"href":"https:\/\/thefortune.one\/en\/wp-json\/wp\/v2\/categories?post=3979"},{"taxonomy":"post_tag","embeddable":true,"href":"https:\/\/thefortune.one\/en\/wp-json\/wp\/v2\/tags?post=3979"}],"curies":[{"name":"wp","href":"https:\/\/api.w.org\/{rel}","templated":true}]}}