{"id":3974,"date":"2023-07-20T12:51:05","date_gmt":"2023-07-20T12:51:05","guid":{"rendered":"https:\/\/thefortune.one\/?p=3974"},"modified":"2023-07-20T12:51:05","modified_gmt":"2023-07-20T12:51:05","slug":"fim-do-acordo-de-graos-entre-russia-e-ucrania-pode-favorecer-o-brasil-entenda","status":"publish","type":"post","link":"https:\/\/thefortune.one\/en\/fim-do-acordo-de-graos-entre-russia-e-ucrania-pode-favorecer-o-brasil-entenda\/","title":{"rendered":"Fim do acordo de gr\u00e3os entre R\u00fassia e Ucr\u00e2nia pode favorecer o Brasil? Entenda"},"content":{"rendered":"\n<h2 class=\"wp-block-heading\">Pa\u00edses podem buscar parceiros mais seguros, no longo prazo, e produ\u00e7\u00e3o recorde brasileira de milho pode colocar Brasil como grande exportador neste ano<\/h2>\n\n\n\n<p>A decis\u00e3o da&nbsp;<a href=\"https:\/\/tudo-sobre.estadao.com.br\/russia\"><strong>R\u00fassia<\/strong><\/a>&nbsp;de interromper sua participa\u00e7\u00e3o<strong>&nbsp;<\/strong><a href=\"https:\/\/www.estadao.com.br\/internacional\/turquia-diz-que-russia-e-ucrania-assinarao-acordo-sobre-exportacao-de-graos\/\"><strong>no acordo de gr\u00e3os do Mar Negro<\/strong><\/a>, que<strong>&nbsp;<\/strong><a href=\"https:\/\/www.estadao.com.br\/internacional\/turquia-diz-que-russia-e-ucrania-assinarao-acordo-sobre-exportacao-de-graos\/\"><strong>permitia \u00e0 Ucr\u00e2nia exportar seus gr\u00e3os por mar<\/strong><\/a>, apesar de um bloqueio durante a guerra, pode levar pa\u00edses compradores desses gr\u00e3os a buscarem parceiros mais est\u00e1veis. Isso pode favorecer, por exemplo, a Am\u00e9rica Latina, avalia o vice-presidente da Associa\u00e7\u00e3o Brasileira do Agroneg\u00f3cio (Abag),&nbsp;<strong>Ingo Pl\u00f6ger<\/strong>.<\/p>\n\n\n\n<p>A economista&nbsp;<strong>Gabriela Faria<\/strong>, analista da Tend\u00eancias Consultoria Integrada e especializada em agropecu\u00e1ria e biocombust\u00edveis, tamb\u00e9m afirma que o Brasil tem mais a ganhar do que a perder com a situa\u00e7\u00e3o. \u201cSe a Ucr\u00e2nia normalmente exporta para Uni\u00e3o Europeia e norte da \u00c1frica e deixa de exportar, o Brasil pode ocupar esse espa\u00e7o, ainda mais porque temos uma safra muito grande de milho neste ano\u201d, afirma.<\/p>\n\n\n\n<p>Ucr\u00e2nia e R\u00fassia assinaram dois acordos no ano passado para reabrir tr\u00eas portos ucranianos do Mar Negro que estavam bloqueados em raz\u00e3o da guerra e para facilitar a exporta\u00e7\u00e3o de alimentos e fertilizantes russos. A R\u00fassia \u00e9 importante exportadora de fertilizantes, e a Ucr\u00e2nia, de milho. Al\u00e9m disso, os dois pa\u00edses exportam trigo, cevada e outros produtos aliment\u00edcios. Quando os embarques da Ucr\u00e2nia ficaram bloqueados, os pre\u00e7os de gr\u00e3os em todo o mundo subiram.<\/p>\n\n\n\n<p>\u201cO fato de a Ucr\u00e2nia e a Europa estarem sujeitos a esse tipo de pol\u00edticas coercitivas, leva compradores a buscarem no longo prazo op\u00e7\u00f5es mais \u2018seguras\u2019 e v\u00e3o aderir a estrat\u00e9gia de&nbsp;<em>safeshoring<\/em>&nbsp;ou&nbsp;<em>friendshoring<\/em>, o que favorece a Am\u00e9rica Latina\u201d, afirma Ploger, da Abag.<\/p>\n\n\n\n<p>\u201cNeste momento de encontro em Bruxelas, \u00e9 motivo de se repensar as prioridades da Uni\u00e3o Europeia frente \u00e0 Am\u00e9rica Latina\u201d, pondera, sobre a 3\u00aa c\u00fapula entre a<strong>\u00a0<\/strong><a href=\"https:\/\/www.estadao.com.br\/tudo-sobre\/celac\/\"><strong>Comunidade de Estados Latino-Americanos e Caribenhos (Celac)<\/strong><\/a><strong>\u00a0<\/strong>e a<strong>\u00a0<\/strong><a href=\"https:\/\/tudo-sobre.estadao.com.br\/uniao-europeia\"><strong>Uni\u00e3o Europeia<\/strong><\/a>\u00a0(UE), que aconteceu nesta semana em\u00a0<a href=\"https:\/\/tudo-sobre.estadao.com.br\/bruxelas-belgica\"><strong>Bruxelas<\/strong><\/a>, na B\u00e9lgica. O encontro marcou a tentativa de reaproxima\u00e7\u00e3o dos dois blocos, que n\u00e3o fizeram reuni\u00f5es nos \u00faltimos oito anos, mas exp\u00f4s\u00a0<a href=\"https:\/\/www.estadao.com.br\/internacional\/apoio-a-ucrania-opoe-lideres-da-america-latina-e-europa-em-negociacao-para-cupula-celac-ue\/\"><strong>diverg\u00eancias no posicionamento sobre a guerra na Ucr\u00e2nia<\/strong><\/a><strong>.<\/strong><\/p>\n\n\n\n<p>O cen\u00e1rio econ\u00f4mico do Brasil e do mundo e as implica\u00e7\u00f5es para o seu bolso, de segunda a sexta.<\/p>\n\n\n\n<p>Ao se cadastrar nas newsletters, voc\u00ea concorda com os&nbsp;<a href=\"https:\/\/www.estadao.com.br\/termo-de-uso\">Termos de Uso<\/a>&nbsp;e&nbsp;<a href=\"https:\/\/www.estadao.com.br\/termo-de-uso#politica-privacidade\">Pol\u00edtica de Privacidade<\/a>.<\/p>\n\n\n\n<p>A economista da Tend\u00eancias concorda que o Brasil \u00e9 uma boa alternativa aos pa\u00edses mais vol\u00e1teis. \u201cO Brasil est\u00e1 bem longe do conflito e tem potencial de ser um grande exportador\u201d, diz.<\/p>\n\n\n\n<figure class=\"wp-block-image size-full\"><img fetchpriority=\"high\" decoding=\"async\" width=\"936\" height=\"624\" src=\"https:\/\/thefortune.one\/wp-content\/uploads\/2023\/07\/image-5.png\" alt=\"\" class=\"wp-image-3975\" srcset=\"https:\/\/thefortune.one\/wp-content\/uploads\/2023\/07\/image-5.png 936w, https:\/\/thefortune.one\/wp-content\/uploads\/2023\/07\/image-5-300x200.png 300w, https:\/\/thefortune.one\/wp-content\/uploads\/2023\/07\/image-5-768x512.png 768w, https:\/\/thefortune.one\/wp-content\/uploads\/2023\/07\/image-5-18x12.png 18w\" sizes=\"(max-width: 936px) 100vw, 936px\" \/><\/figure>\n\n\n\n<p>O an\u00fancio da R\u00fassia de que suspenderia o acordo,&nbsp;<a href=\"https:\/\/www.estadao.com.br\/internacional\/turquia-diz-que-russia-e-ucrania-assinarao-acordo-sobre-exportacao-de-graos\/\"><strong>considerado essencial para manter os pre\u00e7os globais de alimentos est\u00e1veis<\/strong><\/a>, aconteceu na segunda-feira, 17.<\/p>\n\n\n\n<p>Na avalia\u00e7\u00e3o de Pl\u00f6ger, a decis\u00e3o, neste momento da colheita ucraniana, \u201cafeta n\u00e3o s\u00f3 a Ucr\u00e2nia, mas o mercado comprador destes gr\u00e3os, que s\u00e3o em primeira linha a Europa no seu sentido mais amplo\u201d.<\/p>\n\n\n\n<p>No curto prazo, diz ele, isso tamb\u00e9m pode ser favor\u00e1vel ao Brasil. \u201cPara outros mercados ofertantes, significa pre\u00e7o melhor nas pr\u00f3ximas semanas, mas isto \u00e9 de muito curto prazo, pois vai depender de acordos sa\u00edrem ou de outros estocarem. \u00c9 especula\u00e7\u00e3o de curto prazo, que neste momento \u00e9 favor\u00e1vel ao Brasil\u201d, afirma o vice-presidente da Abag.<\/p>\n\n\n\n<p>Segundo Gabriela Faria, no entanto, o choque neste ano, com a interrup\u00e7\u00e3o do acordo, tende a ser menor do que o ocorrido no in\u00edcio da guerra. \u201cA safra de milho da Ucr\u00e2nia, prevista para este ano, j\u00e1 n\u00e3o era t\u00e3o positiva. Ainda que a Ucr\u00e2nia escoasse sua produ\u00e7\u00e3o normalmente, o mercado j\u00e1 precificou que a produ\u00e7\u00e3o de l\u00e1 n\u00e3o deve ser t\u00e3o positiva neste ano, pois o plantio foi afetado por conta da guerra e h\u00e1 quest\u00f5es clim\u00e1ticas que afetaram tamb\u00e9m outros pa\u00edses, como a R\u00fassia. Isso vale para milho e para trigo\u201d, afirma a economista.<\/p>\n\n\n\n<p>Desde o ano passado, discuss\u00f5es sobre a renova\u00e7\u00e3o do acordo v\u00eam e v\u00e3o. Por isso, alguns analistas acreditam que o escoamento de gr\u00e3os pode ser normalizado em algum momento, mas a situa\u00e7\u00e3o \u00e9 imprevis\u00edvel.<\/p>\n\n\n\n<p>Na ter\u00e7a-feira, a bolsa reagiu com um aumento de pre\u00e7os na cota\u00e7\u00e3o do milho. Segundo a economista da Tend\u00eancias, no entanto, \u00e9 dif\u00edcil saber o quanto disso \u00e9 em raz\u00e3o do an\u00fancio da Ucr\u00e2nia e o quanto \u00e9 um fator causado pela diminui\u00e7\u00e3o da produ\u00e7\u00e3o americana. Os EUA s\u00e3o os maiores produtores de milho, mas veem a safra deste ano prejudicada por quest\u00f5es clim\u00e1ticas.<\/p>\n\n\n\n<p>\u201cA previs\u00e3o \u00e9 que, neste ano, o Brasil vai superar as exporta\u00e7\u00f5es dos EUA de milho \u2014 e isso s\u00f3 aconteceu uma vez na hist\u00f3ria at\u00e9 agora, em 2012. Agora que estamos com uns 20%, 25% da safra colhida, cada vez mais vemos esse n\u00famero recorde se confirmando\u201d, afirma Gabriela Faria.<\/p>\n\n\n\n<p>O aumento da oferta no Brasil \u00e9 um dos cen\u00e1rios que, na vis\u00e3o da especialista, deve conter uma alta de pre\u00e7os dos gr\u00e3os e alimentos dentro do Brasil. \u201cAno passado, com a eclos\u00e3o da guerra, tivemos um cen\u00e1rio de custos muito elevado \u2014 para combust\u00edvel, pecu\u00e1ria. Esse ano, internamente, tivemos safra recorde de soja, produzimos muito trigo e importamos menos trigo no ano passado e, com o milho \u00e9 a mesma coisa. E temos um cen\u00e1rio de custos de produ\u00e7\u00e3o menor, com o pre\u00e7o do petr\u00f3leo mais baixo do que ano passado. Dificilmente teremos um aumento t\u00e3o grande como o ano passado. O risco \u00e9 os pre\u00e7os n\u00e3o ca\u00edrem tanto quanto cairiam\u201d, diz a economista.<\/p>\n\n\n\n<p>Fonte:https:\/\/www.estadao.com.br\/economia\/fim-acordo-graos-russia-ucrania-favorecer-brasil\/<\/p>\n\n\n\n<p>Encontrou algum erro?<a href=\"http:\/\/www.estadao.com.br\/correcoes\/enviar?url=https:\/\/www.estadao.com.br\/economia\/fim-acordo-graos-russia-ucrania-favorecer-brasil\/\" target=\"_blank\" rel=\"noreferrer noopener\">Entre em contato<\/a><\/p>\n\n\n\n<p><\/p>\n\n\n\n<p><a href=\"https:\/\/www.facebook.com\/sharer\/sharer.php?u=https:\/\/www.estadao.com.br\/economia\/fim-acordo-graos-russia-ucrania-favorecer-brasil\/%3Futm_source%3Destadao%3Afacebook%26utm_medium%3Dlink\" target=\"_blank\" rel=\"noreferrer noopener\"><\/a><a href=\"https:\/\/twitter.com\/intent\/tweet?text=Fim+do+acordo+de+gr%C3%A3os+entre+R%C3%BAssia+e+Ucr%C3%A2nia+pode+favorecer+o+Brasil?+Entenda%20@estadao%3A%20&amp;url=https:\/\/www.estadao.com.br\/economia\/fim-acordo-graos-russia-ucrania-favorecer-brasil\/%3Futm_source%3Destadao%3Atwitter%26utm_medium%3Dlink&amp;original_referer=https:\/\/www.estadao.com.br\/economia\/fim-acordo-graos-russia-ucrania-favorecer-brasil\/\" target=\"_blank\" rel=\"noreferrer noopener\"><\/a><a href=\"https:\/\/api.whatsapp.com\/send?text=Fim+do+acordo+de+gr%C3%A3os+entre+R%C3%BAssia+e+Ucr%C3%A2nia+pode+favorecer+o+Brasil?+Entenda%20https:\/\/www.estadao.com.br\/economia\/fim-acordo-graos-russia-ucrania-favorecer-brasil\/%3Futm_source%3Destadao%3Awhatsapp%26utm_medium%3Dlink&amp;app_absent=0\" target=\"_blank\" rel=\"noreferrer noopener\"><\/a><a href=\"https:\/\/www.linkedin.com\/sharing\/share-offsite\/?url=https:\/\/www.estadao.com.br\/economia\/fim-acordo-graos-russia-ucrania-favorecer-brasil\/%3Futm_source%3Destadao%3Alinkedin%26utm_medium%3Dlink\" target=\"_blank\" rel=\"noreferrer noopener\"><\/a><a href=\"mailto:?subject=Fim%20do%20acordo%20de%20gr%C3%A3os%20entre%20R%C3%BAssia%20e%20Ucr%C3%A2nia%20pode%20favorecer%20o%20Brasil?%20Entenda&amp;body=Fim%20do%20acordo%20de%20gr%C3%A3os%20entre%20R%C3%BAssia%20e%20Ucr%C3%A2nia%20pode%20favorecer%20o%20Brasil?%20Entenda%20-%20https:\/\/www.estadao.com.br\/economia\/fim-acordo-graos-russia-ucrania-favorecer-brasil\/%3Futm_source%3Destadao%3Amail%26utm_medium%3Dlink\"><\/a><\/p>\n","protected":false},"excerpt":{"rendered":"<p>Pa\u00edses podem buscar parceiros mais seguros, no longo prazo, e produ\u00e7\u00e3o recorde brasileira de milho pode colocar Brasil como grande exportador neste ano A decis\u00e3o da&nbsp;R\u00fassia&nbsp;de interromper sua participa\u00e7\u00e3o&nbsp;no acordo de gr\u00e3os do Mar Negro, que&nbsp;permitia \u00e0 Ucr\u00e2nia exportar seus gr\u00e3os por mar, apesar de um bloqueio durante a guerra, pode levar pa\u00edses compradores desses [&hellip;]<\/p>\n","protected":false},"author":3,"featured_media":3976,"comment_status":"open","ping_status":"open","sticky":false,"template":"","format":"standard","meta":{"_joinchat":[],"footnotes":""},"categories":[1],"tags":[],"class_list":["post-3974","post","type-post","status-publish","format-standard","has-post-thumbnail","hentry","category-the-fortune-one"],"yoast_head":"<!-- This site is optimized with the Yoast SEO plugin v27.5 - https:\/\/yoast.com\/product\/yoast-seo-wordpress\/ -->\n<title>Fim do acordo de gr\u00e3os entre R\u00fassia e Ucr\u00e2nia pode favorecer o Brasil? Entenda - The Fortune.one<\/title>\n<meta name=\"description\" content=\"Somos especialistas em gest\u00e3o patrimonial, op\u00e7\u00f5es de investimentos para diversos perfis, nosso diferencial \u00e9 comprovado com resultados.\" \/>\n<meta name=\"robots\" content=\"index, follow, max-snippet:-1, max-image-preview:large, max-video-preview:-1\" \/>\n<link rel=\"canonical\" href=\"https:\/\/thefortune.one\/en\/fim-do-acordo-de-graos-entre-russia-e-ucrania-pode-favorecer-o-brasil-entenda\/\" \/>\n<meta property=\"og:locale\" content=\"en_US\" \/>\n<meta property=\"og:type\" content=\"article\" \/>\n<meta property=\"og:title\" content=\"Fim do acordo de gr\u00e3os entre R\u00fassia e Ucr\u00e2nia pode favorecer o Brasil? Entenda - The Fortune.one\" \/>\n<meta property=\"og:description\" content=\"Somos especialistas em gest\u00e3o patrimonial, op\u00e7\u00f5es de investimentos para diversos perfis, nosso diferencial \u00e9 comprovado com resultados.\" \/>\n<meta property=\"og:url\" content=\"https:\/\/thefortune.one\/en\/fim-do-acordo-de-graos-entre-russia-e-ucrania-pode-favorecer-o-brasil-entenda\/\" \/>\n<meta property=\"og:site_name\" content=\"The Fortune.one\" \/>\n<meta property=\"article:published_time\" content=\"2023-07-20T12:51:05+00:00\" \/>\n<meta property=\"og:image\" content=\"https:\/\/thefortune.one\/wp-content\/uploads\/2023\/07\/tri.jpg\" \/>\n\t<meta property=\"og:image:width\" content=\"380\" \/>\n\t<meta property=\"og:image:height\" content=\"253\" \/>\n\t<meta property=\"og:image:type\" content=\"image\/jpeg\" \/>\n<meta name=\"author\" content=\"bianca\" \/>\n<meta name=\"twitter:card\" content=\"summary_large_image\" \/>\n<meta name=\"twitter:label1\" content=\"Written by\" \/>\n\t<meta name=\"twitter:data1\" content=\"bianca\" \/>\n\t<meta name=\"twitter:label2\" content=\"Est. reading time\" \/>\n\t<meta name=\"twitter:data2\" content=\"5 minutes\" \/>\n<script type=\"application\/ld+json\" class=\"yoast-schema-graph\">{\"@context\":\"https:\\\/\\\/schema.org\",\"@graph\":[{\"@type\":\"Article\",\"@id\":\"https:\\\/\\\/thefortune.one\\\/pt\\\/fim-do-acordo-de-graos-entre-russia-e-ucrania-pode-favorecer-o-brasil-entenda\\\/#article\",\"isPartOf\":{\"@id\":\"https:\\\/\\\/thefortune.one\\\/pt\\\/fim-do-acordo-de-graos-entre-russia-e-ucrania-pode-favorecer-o-brasil-entenda\\\/\"},\"author\":{\"name\":\"bianca\",\"@id\":\"https:\\\/\\\/thefortune.one\\\/pt\\\/#\\\/schema\\\/person\\\/6cd8fe72a627d36caabf41815984a16f\"},\"headline\":\"Fim do acordo de gr\u00e3os entre R\u00fassia e Ucr\u00e2nia pode favorecer o Brasil? Entenda\",\"datePublished\":\"2023-07-20T12:51:05+00:00\",\"mainEntityOfPage\":{\"@id\":\"https:\\\/\\\/thefortune.one\\\/pt\\\/fim-do-acordo-de-graos-entre-russia-e-ucrania-pode-favorecer-o-brasil-entenda\\\/\"},\"wordCount\":1038,\"commentCount\":0,\"publisher\":{\"@id\":\"https:\\\/\\\/thefortune.one\\\/pt\\\/#organization\"},\"image\":{\"@id\":\"https:\\\/\\\/thefortune.one\\\/pt\\\/fim-do-acordo-de-graos-entre-russia-e-ucrania-pode-favorecer-o-brasil-entenda\\\/#primaryimage\"},\"thumbnailUrl\":\"https:\\\/\\\/thefortune.one\\\/wp-content\\\/uploads\\\/2023\\\/07\\\/tri.jpg\",\"articleSection\":[\"The Fortune.one\"],\"inLanguage\":\"en-US\",\"potentialAction\":[{\"@type\":\"CommentAction\",\"name\":\"Comment\",\"target\":[\"https:\\\/\\\/thefortune.one\\\/pt\\\/fim-do-acordo-de-graos-entre-russia-e-ucrania-pode-favorecer-o-brasil-entenda\\\/#respond\"]}]},{\"@type\":\"WebPage\",\"@id\":\"https:\\\/\\\/thefortune.one\\\/pt\\\/fim-do-acordo-de-graos-entre-russia-e-ucrania-pode-favorecer-o-brasil-entenda\\\/\",\"url\":\"https:\\\/\\\/thefortune.one\\\/pt\\\/fim-do-acordo-de-graos-entre-russia-e-ucrania-pode-favorecer-o-brasil-entenda\\\/\",\"name\":\"Fim do acordo de gr\u00e3os entre R\u00fassia e Ucr\u00e2nia pode favorecer o Brasil? Entenda - The Fortune.one\",\"isPartOf\":{\"@id\":\"https:\\\/\\\/thefortune.one\\\/pt\\\/#website\"},\"primaryImageOfPage\":{\"@id\":\"https:\\\/\\\/thefortune.one\\\/pt\\\/fim-do-acordo-de-graos-entre-russia-e-ucrania-pode-favorecer-o-brasil-entenda\\\/#primaryimage\"},\"image\":{\"@id\":\"https:\\\/\\\/thefortune.one\\\/pt\\\/fim-do-acordo-de-graos-entre-russia-e-ucrania-pode-favorecer-o-brasil-entenda\\\/#primaryimage\"},\"thumbnailUrl\":\"https:\\\/\\\/thefortune.one\\\/wp-content\\\/uploads\\\/2023\\\/07\\\/tri.jpg\",\"datePublished\":\"2023-07-20T12:51:05+00:00\",\"description\":\"Somos especialistas em gest\u00e3o patrimonial, op\u00e7\u00f5es de investimentos para diversos perfis, nosso diferencial \u00e9 comprovado com resultados.\",\"breadcrumb\":{\"@id\":\"https:\\\/\\\/thefortune.one\\\/pt\\\/fim-do-acordo-de-graos-entre-russia-e-ucrania-pode-favorecer-o-brasil-entenda\\\/#breadcrumb\"},\"inLanguage\":\"en-US\",\"potentialAction\":[{\"@type\":\"ReadAction\",\"target\":[\"https:\\\/\\\/thefortune.one\\\/pt\\\/fim-do-acordo-de-graos-entre-russia-e-ucrania-pode-favorecer-o-brasil-entenda\\\/\"]}]},{\"@type\":\"ImageObject\",\"inLanguage\":\"en-US\",\"@id\":\"https:\\\/\\\/thefortune.one\\\/pt\\\/fim-do-acordo-de-graos-entre-russia-e-ucrania-pode-favorecer-o-brasil-entenda\\\/#primaryimage\",\"url\":\"https:\\\/\\\/thefortune.one\\\/wp-content\\\/uploads\\\/2023\\\/07\\\/tri.jpg\",\"contentUrl\":\"https:\\\/\\\/thefortune.one\\\/wp-content\\\/uploads\\\/2023\\\/07\\\/tri.jpg\",\"width\":380,\"height\":253},{\"@type\":\"BreadcrumbList\",\"@id\":\"https:\\\/\\\/thefortune.one\\\/pt\\\/fim-do-acordo-de-graos-entre-russia-e-ucrania-pode-favorecer-o-brasil-entenda\\\/#breadcrumb\",\"itemListElement\":[{\"@type\":\"ListItem\",\"position\":1,\"name\":\"In\u00edcio\",\"item\":\"https:\\\/\\\/thefortune.one\\\/pt\\\/\"},{\"@type\":\"ListItem\",\"position\":2,\"name\":\"Fim do acordo de gr\u00e3os entre R\u00fassia e Ucr\u00e2nia pode favorecer o Brasil? Entenda\"}]},{\"@type\":\"WebSite\",\"@id\":\"https:\\\/\\\/thefortune.one\\\/pt\\\/#website\",\"url\":\"https:\\\/\\\/thefortune.one\\\/pt\\\/\",\"name\":\"The Fortune.one\",\"description\":\"Gestora de Recursos Especializada em Private Equity\",\"publisher\":{\"@id\":\"https:\\\/\\\/thefortune.one\\\/pt\\\/#organization\"},\"potentialAction\":[{\"@type\":\"SearchAction\",\"target\":{\"@type\":\"EntryPoint\",\"urlTemplate\":\"https:\\\/\\\/thefortune.one\\\/pt\\\/?s={search_term_string}\"},\"query-input\":{\"@type\":\"PropertyValueSpecification\",\"valueRequired\":true,\"valueName\":\"search_term_string\"}}],\"inLanguage\":\"en-US\"},{\"@type\":\"Organization\",\"@id\":\"https:\\\/\\\/thefortune.one\\\/pt\\\/#organization\",\"name\":\"The Fortune One\",\"url\":\"https:\\\/\\\/thefortune.one\\\/pt\\\/\",\"logo\":{\"@type\":\"ImageObject\",\"inLanguage\":\"en-US\",\"@id\":\"https:\\\/\\\/thefortune.one\\\/pt\\\/#\\\/schema\\\/logo\\\/image\\\/\",\"url\":\"https:\\\/\\\/thefortune.one\\\/wp-content\\\/uploads\\\/2022\\\/11\\\/cropped-cropped-1651682701199-1.jpg\",\"contentUrl\":\"https:\\\/\\\/thefortune.one\\\/wp-content\\\/uploads\\\/2022\\\/11\\\/cropped-cropped-1651682701199-1.jpg\",\"width\":369,\"height\":421,\"caption\":\"The Fortune One\"},\"image\":{\"@id\":\"https:\\\/\\\/thefortune.one\\\/pt\\\/#\\\/schema\\\/logo\\\/image\\\/\"}},{\"@type\":\"Person\",\"@id\":\"https:\\\/\\\/thefortune.one\\\/pt\\\/#\\\/schema\\\/person\\\/6cd8fe72a627d36caabf41815984a16f\",\"name\":\"bianca\",\"image\":{\"@type\":\"ImageObject\",\"inLanguage\":\"en-US\",\"@id\":\"https:\\\/\\\/secure.gravatar.com\\\/avatar\\\/66cd7b00d93410555e00d1e6a911a86de0cd0cfa4f83a2f8b47eddc2968c98af?s=96&d=mm&r=g\",\"url\":\"https:\\\/\\\/secure.gravatar.com\\\/avatar\\\/66cd7b00d93410555e00d1e6a911a86de0cd0cfa4f83a2f8b47eddc2968c98af?s=96&d=mm&r=g\",\"contentUrl\":\"https:\\\/\\\/secure.gravatar.com\\\/avatar\\\/66cd7b00d93410555e00d1e6a911a86de0cd0cfa4f83a2f8b47eddc2968c98af?s=96&d=mm&r=g\",\"caption\":\"bianca\"},\"url\":\"https:\\\/\\\/thefortune.one\\\/en\\\/author\\\/bianca\\\/\"}]}<\/script>\n<!-- \/ Yoast SEO plugin. -->","yoast_head_json":{"title":"Fim do acordo de gr\u00e3os entre R\u00fassia e Ucr\u00e2nia pode favorecer o Brasil? Entenda - The Fortune.one","description":"Somos especialistas em gest\u00e3o patrimonial, op\u00e7\u00f5es de investimentos para diversos perfis, nosso diferencial \u00e9 comprovado com resultados.","robots":{"index":"index","follow":"follow","max-snippet":"max-snippet:-1","max-image-preview":"max-image-preview:large","max-video-preview":"max-video-preview:-1"},"canonical":"https:\/\/thefortune.one\/en\/fim-do-acordo-de-graos-entre-russia-e-ucrania-pode-favorecer-o-brasil-entenda\/","og_locale":"en_US","og_type":"article","og_title":"Fim do acordo de gr\u00e3os entre R\u00fassia e Ucr\u00e2nia pode favorecer o Brasil? Entenda - The Fortune.one","og_description":"Somos especialistas em gest\u00e3o patrimonial, op\u00e7\u00f5es de investimentos para diversos perfis, nosso diferencial \u00e9 comprovado com resultados.","og_url":"https:\/\/thefortune.one\/en\/fim-do-acordo-de-graos-entre-russia-e-ucrania-pode-favorecer-o-brasil-entenda\/","og_site_name":"The Fortune.one","article_published_time":"2023-07-20T12:51:05+00:00","og_image":[{"width":380,"height":253,"url":"https:\/\/thefortune.one\/wp-content\/uploads\/2023\/07\/tri.jpg","type":"image\/jpeg"}],"author":"bianca","twitter_card":"summary_large_image","twitter_misc":{"Written by":"bianca","Est. reading time":"5 minutes"},"schema":{"@context":"https:\/\/schema.org","@graph":[{"@type":"Article","@id":"https:\/\/thefortune.one\/pt\/fim-do-acordo-de-graos-entre-russia-e-ucrania-pode-favorecer-o-brasil-entenda\/#article","isPartOf":{"@id":"https:\/\/thefortune.one\/pt\/fim-do-acordo-de-graos-entre-russia-e-ucrania-pode-favorecer-o-brasil-entenda\/"},"author":{"name":"bianca","@id":"https:\/\/thefortune.one\/pt\/#\/schema\/person\/6cd8fe72a627d36caabf41815984a16f"},"headline":"Fim do acordo de gr\u00e3os entre R\u00fassia e Ucr\u00e2nia pode favorecer o Brasil? Entenda","datePublished":"2023-07-20T12:51:05+00:00","mainEntityOfPage":{"@id":"https:\/\/thefortune.one\/pt\/fim-do-acordo-de-graos-entre-russia-e-ucrania-pode-favorecer-o-brasil-entenda\/"},"wordCount":1038,"commentCount":0,"publisher":{"@id":"https:\/\/thefortune.one\/pt\/#organization"},"image":{"@id":"https:\/\/thefortune.one\/pt\/fim-do-acordo-de-graos-entre-russia-e-ucrania-pode-favorecer-o-brasil-entenda\/#primaryimage"},"thumbnailUrl":"https:\/\/thefortune.one\/wp-content\/uploads\/2023\/07\/tri.jpg","articleSection":["The Fortune.one"],"inLanguage":"en-US","potentialAction":[{"@type":"CommentAction","name":"Comment","target":["https:\/\/thefortune.one\/pt\/fim-do-acordo-de-graos-entre-russia-e-ucrania-pode-favorecer-o-brasil-entenda\/#respond"]}]},{"@type":"WebPage","@id":"https:\/\/thefortune.one\/pt\/fim-do-acordo-de-graos-entre-russia-e-ucrania-pode-favorecer-o-brasil-entenda\/","url":"https:\/\/thefortune.one\/pt\/fim-do-acordo-de-graos-entre-russia-e-ucrania-pode-favorecer-o-brasil-entenda\/","name":"Fim do acordo de gr\u00e3os entre R\u00fassia e Ucr\u00e2nia pode favorecer o Brasil? Entenda - The Fortune.one","isPartOf":{"@id":"https:\/\/thefortune.one\/pt\/#website"},"primaryImageOfPage":{"@id":"https:\/\/thefortune.one\/pt\/fim-do-acordo-de-graos-entre-russia-e-ucrania-pode-favorecer-o-brasil-entenda\/#primaryimage"},"image":{"@id":"https:\/\/thefortune.one\/pt\/fim-do-acordo-de-graos-entre-russia-e-ucrania-pode-favorecer-o-brasil-entenda\/#primaryimage"},"thumbnailUrl":"https:\/\/thefortune.one\/wp-content\/uploads\/2023\/07\/tri.jpg","datePublished":"2023-07-20T12:51:05+00:00","description":"Somos especialistas em gest\u00e3o patrimonial, op\u00e7\u00f5es de investimentos para diversos perfis, nosso diferencial \u00e9 comprovado com resultados.","breadcrumb":{"@id":"https:\/\/thefortune.one\/pt\/fim-do-acordo-de-graos-entre-russia-e-ucrania-pode-favorecer-o-brasil-entenda\/#breadcrumb"},"inLanguage":"en-US","potentialAction":[{"@type":"ReadAction","target":["https:\/\/thefortune.one\/pt\/fim-do-acordo-de-graos-entre-russia-e-ucrania-pode-favorecer-o-brasil-entenda\/"]}]},{"@type":"ImageObject","inLanguage":"en-US","@id":"https:\/\/thefortune.one\/pt\/fim-do-acordo-de-graos-entre-russia-e-ucrania-pode-favorecer-o-brasil-entenda\/#primaryimage","url":"https:\/\/thefortune.one\/wp-content\/uploads\/2023\/07\/tri.jpg","contentUrl":"https:\/\/thefortune.one\/wp-content\/uploads\/2023\/07\/tri.jpg","width":380,"height":253},{"@type":"BreadcrumbList","@id":"https:\/\/thefortune.one\/pt\/fim-do-acordo-de-graos-entre-russia-e-ucrania-pode-favorecer-o-brasil-entenda\/#breadcrumb","itemListElement":[{"@type":"ListItem","position":1,"name":"In\u00edcio","item":"https:\/\/thefortune.one\/pt\/"},{"@type":"ListItem","position":2,"name":"Fim do acordo de gr\u00e3os entre R\u00fassia e Ucr\u00e2nia pode favorecer o Brasil? Entenda"}]},{"@type":"WebSite","@id":"https:\/\/thefortune.one\/pt\/#website","url":"https:\/\/thefortune.one\/pt\/","name":"The Fortune.one","description":"Gestora de Recursos Especializada em Private Equity","publisher":{"@id":"https:\/\/thefortune.one\/pt\/#organization"},"potentialAction":[{"@type":"SearchAction","target":{"@type":"EntryPoint","urlTemplate":"https:\/\/thefortune.one\/pt\/?s={search_term_string}"},"query-input":{"@type":"PropertyValueSpecification","valueRequired":true,"valueName":"search_term_string"}}],"inLanguage":"en-US"},{"@type":"Organization","@id":"https:\/\/thefortune.one\/pt\/#organization","name":"The Fortune One","url":"https:\/\/thefortune.one\/pt\/","logo":{"@type":"ImageObject","inLanguage":"en-US","@id":"https:\/\/thefortune.one\/pt\/#\/schema\/logo\/image\/","url":"https:\/\/thefortune.one\/wp-content\/uploads\/2022\/11\/cropped-cropped-1651682701199-1.jpg","contentUrl":"https:\/\/thefortune.one\/wp-content\/uploads\/2022\/11\/cropped-cropped-1651682701199-1.jpg","width":369,"height":421,"caption":"The Fortune One"},"image":{"@id":"https:\/\/thefortune.one\/pt\/#\/schema\/logo\/image\/"}},{"@type":"Person","@id":"https:\/\/thefortune.one\/pt\/#\/schema\/person\/6cd8fe72a627d36caabf41815984a16f","name":"bianca","image":{"@type":"ImageObject","inLanguage":"en-US","@id":"https:\/\/secure.gravatar.com\/avatar\/66cd7b00d93410555e00d1e6a911a86de0cd0cfa4f83a2f8b47eddc2968c98af?s=96&d=mm&r=g","url":"https:\/\/secure.gravatar.com\/avatar\/66cd7b00d93410555e00d1e6a911a86de0cd0cfa4f83a2f8b47eddc2968c98af?s=96&d=mm&r=g","contentUrl":"https:\/\/secure.gravatar.com\/avatar\/66cd7b00d93410555e00d1e6a911a86de0cd0cfa4f83a2f8b47eddc2968c98af?s=96&d=mm&r=g","caption":"bianca"},"url":"https:\/\/thefortune.one\/en\/author\/bianca\/"}]}},"_links":{"self":[{"href":"https:\/\/thefortune.one\/en\/wp-json\/wp\/v2\/posts\/3974","targetHints":{"allow":["GET"]}}],"collection":[{"href":"https:\/\/thefortune.one\/en\/wp-json\/wp\/v2\/posts"}],"about":[{"href":"https:\/\/thefortune.one\/en\/wp-json\/wp\/v2\/types\/post"}],"author":[{"embeddable":true,"href":"https:\/\/thefortune.one\/en\/wp-json\/wp\/v2\/users\/3"}],"replies":[{"embeddable":true,"href":"https:\/\/thefortune.one\/en\/wp-json\/wp\/v2\/comments?post=3974"}],"version-history":[{"count":1,"href":"https:\/\/thefortune.one\/en\/wp-json\/wp\/v2\/posts\/3974\/revisions"}],"predecessor-version":[{"id":3977,"href":"https:\/\/thefortune.one\/en\/wp-json\/wp\/v2\/posts\/3974\/revisions\/3977"}],"wp:featuredmedia":[{"embeddable":true,"href":"https:\/\/thefortune.one\/en\/wp-json\/wp\/v2\/media\/3976"}],"wp:attachment":[{"href":"https:\/\/thefortune.one\/en\/wp-json\/wp\/v2\/media?parent=3974"}],"wp:term":[{"taxonomy":"category","embeddable":true,"href":"https:\/\/thefortune.one\/en\/wp-json\/wp\/v2\/categories?post=3974"},{"taxonomy":"post_tag","embeddable":true,"href":"https:\/\/thefortune.one\/en\/wp-json\/wp\/v2\/tags?post=3974"}],"curies":[{"name":"wp","href":"https:\/\/api.w.org\/{rel}","templated":true}]}}