{"id":3966,"date":"2023-07-18T12:54:25","date_gmt":"2023-07-18T12:54:25","guid":{"rendered":"https:\/\/thefortune.one\/?p=3966"},"modified":"2023-07-18T12:54:25","modified_gmt":"2023-07-18T12:54:25","slug":"pib-2023-economistas-revisam-crescimento-no-segundo-semestre-com-agronegocio-mais-fraco","status":"publish","type":"post","link":"https:\/\/thefortune.one\/en\/pib-2023-economistas-revisam-crescimento-no-segundo-semestre-com-agronegocio-mais-fraco\/","title":{"rendered":"PIB 2023: Economistas revisam crescimento no segundo semestre com agroneg\u00f3cio mais fraco"},"content":{"rendered":"\n<h2 class=\"wp-block-heading\">Perspectiva de um PIB estagnado no segundo semestre est\u00e1 se consolidando, diz economista do Santander Brasil<\/h2>\n\n\n\n<p><a href=\"https:\/\/inteligenciafinanceira.com.br\/autor\/redacao-if\/\">REDA\u00c7\u00c3O IF<\/a><small>Publicado em 18.jul.2023 \u00e0s 08h48Atualizado em 18.jul.2023 \u00e0s 08h59<\/small><\/p>\n\n\n\n<figure class=\"wp-block-image\"><img decoding=\"async\" src=\"https:\/\/inteligenciafinanceira.com.br\/wp-content\/uploads\/2023\/07\/24431130.073701-1.jpg?w=833&amp;h=469&amp;crop=1\" alt=\"PIB 2023: Economistas revisam crescimento no segundo semestre com agroneg\u00f3cio mais fraco\" \/><figcaption class=\"wp-element-caption\">Colheita de soja. Foto: Alex Silva\/Estad\u00e3o Conte\u00fado<\/figcaption><\/figure>\n\n\n\n<p>A economia brasileira apresentou forte retra\u00e7\u00e3o em maio, de acordo com o \u00cdndice de Atividade Econ\u00f4mica do Banco Central (IBC-Br), divulgado nesta segunda-feira (17). O indicador, que \u00e9 uma esp\u00e9cie de \u201cpr\u00e9via do BC\u201d para o Produto Interno Bruto (PIB), caiu 2% j\u00e1 livre de efeitos sazonais, revertendo alta de 0,81% que havia registrado em abril.<\/p>\n\n\n\n<p>Influenciada principalmente pelo fim das safras de soja e milho, maiores do que inicialmente esperado, a queda forte do IBC-Br surpreendeu economistas e analistas de mercado. De acordo com as expectativas coletadas pelo Proje\u00e7\u00f5es Broadcast, as previs\u00f5es variavam de uma queda de 1,2% at\u00e9 uma alta de 1% para o indicador em maio. A mediana das proje\u00e7\u00f5es era negativa, mas de apenas 0,1%.<\/p>\n\n\n\n<p>\u201cComo tivemos um desempenho forte desses gr\u00e3os (grandes safras de soja e milho) nos primeiros meses do ano, ou eles precisavam repetir o comportamento em maio, ou algum outro vetor (setor) precisava substitu\u00ed-lo, o que n\u00e3o aconteceu\u201d, disse Antonio Ricciardi, economista da GO Associados, sobre o tombo do indicador em maio.<\/p>\n\n\n\n<p>Ao comentar o resultado do IBC-Br, o ministro da Fazenda, Fernando Haddad, afirmou que era \u201cesperado\u201d diante do patamar \u201cmuito elevado\u201d do juro real no Pa\u00eds. Haddad se disse ainda preocupado com a situa\u00e7\u00e3o e ironizou afirmando que a desacelera\u00e7\u00e3o da economia \u201cpretendida\u201d pelo Banco Central \u201cchegou forte\u201d.<\/p>\n\n\n\n<p>\u201cA pretendida desacelera\u00e7\u00e3o da economia pelo Banco Central chegou forte e a gente precisa ter muita cautela com o que pode acontecer se as taxas (de juros) forem mantidas na casa de dez (pontos porcentuais). \u00c9 muito pesado para a economia, est\u00e1 muito pesado para a economia\u201d, disse.<\/p>\n\n\n\n<p>Tamb\u00e9m sem se ater aos dados objetivos que levaram \u00e0 queda do \u00edndice, o presidente em exerc\u00edcio, Geraldo Alckmin, atacou os juros altos \u201cescandalosos\u201d segundo ele, ao falar ontem do IBC-Br.<\/p>\n\n\n\n<p>O inc\u00f4modo do governo com o mau desempenho do indicador se explica. No final de maio, o Minist\u00e9rio da Fazenda aumentou sua proje\u00e7\u00e3o para o PIB deste ano, de 1,61% para 1,91%. Na ocasi\u00e3o, o secret\u00e1rio de Pol\u00edtica Econ\u00f4mica (SPE) da Fazenda, Guilherme Mello, disse ao&nbsp;<em>Estad\u00e3o\/Broadcast<\/em>, sistema de not\u00edcias em tempo real do Grupo Estado, que o resultado poderia ficar mais perto de 2,5%. A estimativa do BC para o PIB de 2023 \u00e9 de alta de 2%, segundo o Relat\u00f3rio Trimestral de Infla\u00e7\u00e3o (RTI) divulgado no m\u00eas passado.<\/p>\n\n\n\n<h2 class=\"wp-block-heading\" id=\"h-aperto\">Aperto<\/h2>\n\n\n\n<p>Entre os economistas e analistas de mercado, o IBC-Br de maio \u00e9 um importante sinalizador do que vem pela frente. Gabriel Couto, economista do Santander Brasil, disse que o recuo al\u00e9m do esperado refor\u00e7a a vis\u00e3o de que os dados mais positivos de atividade que foram registrados no primeiro trimestre tendem a ficar restritos ao per\u00edodo.<\/p>\n\n\n\n<p>\u201cA tend\u00eancia \u00e9 de varia\u00e7\u00f5es na vizinhan\u00e7a de zero. A perspectiva de um PIB estagnado no per\u00edodo est\u00e1 se consolidando cada vez mais\u201d, disse Couto, referindo-se \u00e0s proje\u00e7\u00f5es do banco para o desempenho do PIB no segundo trimestre.<\/p>\n\n\n\n<p>Ricciardi, da GO Associados, lembrou que foi a agricultura a grande surpresa positiva do desempenho do PIB do primeiro trimestre, uma vez que as performances mais fracas de ind\u00fastria, servi\u00e7os e varejo j\u00e1 eram esperadas. \u201cEsses outros setores seguem em baixa, com impacto do juro alto e das condi\u00e7\u00f5es financeiras apertadas\u201d, salientou o economista.<\/p>\n\n\n\n<p>Na avalia\u00e7\u00e3o de Ricciardi, vetores favor\u00e1veis que podem impulsionar a economia, como a confirma\u00e7\u00e3o do corte na&nbsp;<a href=\"https:\/\/inteligenciafinanceira.com.br\/glossario\/taxa-selic\/\">taxa Selic <\/a>&nbsp;em agosto pelo BC, podem trazer impacto positivo para a atividade dom\u00e9stica. Mas se de fato isso ocorrer, ressaltou ele, seus efeitos s\u00f3 devem ser percebidos nos \u00faltimos meses do ano, em novembro ou dezembro.<\/p>\n\n\n\n<h2 class=\"wp-block-heading\">Diverg\u00eancia<\/h2>\n\n\n\n<p>Apesar do recuo em maio, em 12 meses o IBC-Br acumula alta de 3,43%, ligeiramente abaixo da varia\u00e7\u00e3o de 3,57% dos 12 meses encerrados em abril. Segundo o BC, o indicador registrou avan\u00e7o de 1,63% no acumulado do trimestre de mar\u00e7o at\u00e9 maio em rela\u00e7\u00e3o aos tr\u00eas meses anteriores (dezembro a fevereiro), j\u00e1 ajustada sazonalmente.<\/p>\n\n\n\n<p>O economista-chefe da Austin Rating, Alex Agostini, afirmou que o resultado ruim de maio n\u00e3o altera o cen\u00e1rio de que a atividade econ\u00f4mica ainda est\u00e1 aquecida. \u201cO IBC-Br tem uma din\u00e2mica pr\u00f3pria, \u00e9 dif\u00edcil de entender o que realmente puxou para baixo o dado na margem\u201d, disse. \u201cMas o momento para dados de atividade, com vimos nas \u00faltimas leituras de volume de servi\u00e7os e produ\u00e7\u00e3o industrial, segue relativamente positivo.\u201d<\/p>\n\n\n\n<p>Na avalia\u00e7\u00e3o do economista, fatores como a tend\u00eancia de queda internacional nos pre\u00e7os dos combust\u00edveis, aliados \u00e0 valoriza\u00e7\u00e3o do real e \u00e0 materializa\u00e7\u00e3o de cortes na&nbsp;<a href=\"https:\/\/inteligenciafinanceira.com.br\/glossario\/taxa-selic\/\">Selic <\/a>&nbsp;em agosto, podem contribuir para o cen\u00e1rio de atividade mais aquecida do que o inicialmente projetado para o ano. \u201cEsse recuo do IBC-Br em maio n\u00e3o coloca risco para um crescimento acima de 2% da economia\u201d, afirma.<\/p>\n\n\n\n<p>A perspectiva de desacelera\u00e7\u00e3o para atividade tamb\u00e9m no segundo semestre deve se manter, na avalia\u00e7\u00e3o do economista. \u201cO agro deve continuar contribuindo relativamente bem, por\u00e9m, com a queda nas cota\u00e7\u00f5es internacionais de algumas commodities agr\u00edcolas, esse impacto \u00e9 moderado\u201d, disse.<\/p>\n\n\n\n<p>As proje\u00e7\u00f5es da Austin para o PIB est\u00e3o em revis\u00e3o, devendo ficar entre 2% e 2,5%. O Santander projeta alta de 1,9%, enquanto a XP prev\u00ea avan\u00e7o de 2,2% para o PIB em 2023.<\/p>\n\n\n\n<p>Fonte:https:\/\/inteligenciafinanceira.com.br\/saiba\/economia\/pib-2023-economistas-revisam-crescimento-no-segundo-semestre-com-agronegocio-mais-fraco-e-queda-nos-precos-de-commodities-agricolas\/<\/p>\n","protected":false},"excerpt":{"rendered":"<p>Perspectiva de um PIB estagnado no segundo semestre est\u00e1 se consolidando, diz economista do Santander Brasil REDA\u00c7\u00c3O IFPublicado em 18.jul.2023 \u00e0s 08h48Atualizado em 18.jul.2023 \u00e0s 08h59 A economia brasileira apresentou forte retra\u00e7\u00e3o em maio, de acordo com o \u00cdndice de Atividade Econ\u00f4mica do Banco Central (IBC-Br), divulgado nesta segunda-feira (17). O indicador, que \u00e9 uma [&hellip;]<\/p>\n","protected":false},"author":3,"featured_media":3967,"comment_status":"open","ping_status":"open","sticky":false,"template":"","format":"standard","meta":{"_joinchat":[],"footnotes":""},"categories":[1],"tags":[],"class_list":["post-3966","post","type-post","status-publish","format-standard","has-post-thumbnail","hentry","category-the-fortune-one"],"yoast_head":"<!-- This site is optimized with the Yoast SEO plugin v27.5 - https:\/\/yoast.com\/product\/yoast-seo-wordpress\/ -->\n<title>PIB 2023: Economistas revisam crescimento no segundo semestre com agroneg\u00f3cio mais fraco - The Fortune.one<\/title>\n<meta name=\"description\" content=\"Somos especialistas em gest\u00e3o patrimonial, op\u00e7\u00f5es de investimentos para diversos perfis, nosso diferencial \u00e9 comprovado com resultados.\" \/>\n<meta name=\"robots\" content=\"index, follow, max-snippet:-1, max-image-preview:large, max-video-preview:-1\" \/>\n<link rel=\"canonical\" href=\"https:\/\/thefortune.one\/en\/pib-2023-economistas-revisam-crescimento-no-segundo-semestre-com-agronegocio-mais-fraco\/\" \/>\n<meta property=\"og:locale\" content=\"en_US\" \/>\n<meta property=\"og:type\" content=\"article\" \/>\n<meta property=\"og:title\" content=\"PIB 2023: Economistas revisam crescimento no segundo semestre com agroneg\u00f3cio mais fraco - The Fortune.one\" \/>\n<meta property=\"og:description\" content=\"Somos especialistas em gest\u00e3o patrimonial, op\u00e7\u00f5es de investimentos para diversos perfis, nosso diferencial \u00e9 comprovado com resultados.\" \/>\n<meta property=\"og:url\" content=\"https:\/\/thefortune.one\/en\/pib-2023-economistas-revisam-crescimento-no-segundo-semestre-com-agronegocio-mais-fraco\/\" \/>\n<meta property=\"og:site_name\" content=\"The Fortune.one\" \/>\n<meta property=\"article:published_time\" content=\"2023-07-18T12:54:25+00:00\" \/>\n<meta property=\"og:image\" content=\"https:\/\/thefortune.one\/wp-content\/uploads\/2023\/07\/agrone.jpg\" \/>\n\t<meta property=\"og:image:width\" content=\"833\" \/>\n\t<meta property=\"og:image:height\" content=\"469\" \/>\n\t<meta property=\"og:image:type\" content=\"image\/jpeg\" \/>\n<meta name=\"author\" content=\"bianca\" \/>\n<meta name=\"twitter:card\" content=\"summary_large_image\" \/>\n<meta name=\"twitter:label1\" content=\"Written by\" \/>\n\t<meta name=\"twitter:data1\" content=\"bianca\" \/>\n\t<meta name=\"twitter:label2\" content=\"Est. reading time\" \/>\n\t<meta name=\"twitter:data2\" content=\"5 minutes\" \/>\n<script type=\"application\/ld+json\" class=\"yoast-schema-graph\">{\"@context\":\"https:\\\/\\\/schema.org\",\"@graph\":[{\"@type\":\"Article\",\"@id\":\"https:\\\/\\\/thefortune.one\\\/pt\\\/pib-2023-economistas-revisam-crescimento-no-segundo-semestre-com-agronegocio-mais-fraco\\\/#article\",\"isPartOf\":{\"@id\":\"https:\\\/\\\/thefortune.one\\\/pt\\\/pib-2023-economistas-revisam-crescimento-no-segundo-semestre-com-agronegocio-mais-fraco\\\/\"},\"author\":{\"name\":\"bianca\",\"@id\":\"https:\\\/\\\/thefortune.one\\\/pt\\\/#\\\/schema\\\/person\\\/6cd8fe72a627d36caabf41815984a16f\"},\"headline\":\"PIB 2023: Economistas revisam crescimento no segundo semestre com agroneg\u00f3cio mais fraco\",\"datePublished\":\"2023-07-18T12:54:25+00:00\",\"mainEntityOfPage\":{\"@id\":\"https:\\\/\\\/thefortune.one\\\/pt\\\/pib-2023-economistas-revisam-crescimento-no-segundo-semestre-com-agronegocio-mais-fraco\\\/\"},\"wordCount\":963,\"commentCount\":0,\"publisher\":{\"@id\":\"https:\\\/\\\/thefortune.one\\\/pt\\\/#organization\"},\"image\":{\"@id\":\"https:\\\/\\\/thefortune.one\\\/pt\\\/pib-2023-economistas-revisam-crescimento-no-segundo-semestre-com-agronegocio-mais-fraco\\\/#primaryimage\"},\"thumbnailUrl\":\"https:\\\/\\\/thefortune.one\\\/wp-content\\\/uploads\\\/2023\\\/07\\\/agrone.jpg\",\"articleSection\":[\"The Fortune.one\"],\"inLanguage\":\"en-US\",\"potentialAction\":[{\"@type\":\"CommentAction\",\"name\":\"Comment\",\"target\":[\"https:\\\/\\\/thefortune.one\\\/pt\\\/pib-2023-economistas-revisam-crescimento-no-segundo-semestre-com-agronegocio-mais-fraco\\\/#respond\"]}]},{\"@type\":\"WebPage\",\"@id\":\"https:\\\/\\\/thefortune.one\\\/pt\\\/pib-2023-economistas-revisam-crescimento-no-segundo-semestre-com-agronegocio-mais-fraco\\\/\",\"url\":\"https:\\\/\\\/thefortune.one\\\/pt\\\/pib-2023-economistas-revisam-crescimento-no-segundo-semestre-com-agronegocio-mais-fraco\\\/\",\"name\":\"PIB 2023: Economistas revisam crescimento no segundo semestre com agroneg\u00f3cio mais fraco - The Fortune.one\",\"isPartOf\":{\"@id\":\"https:\\\/\\\/thefortune.one\\\/pt\\\/#website\"},\"primaryImageOfPage\":{\"@id\":\"https:\\\/\\\/thefortune.one\\\/pt\\\/pib-2023-economistas-revisam-crescimento-no-segundo-semestre-com-agronegocio-mais-fraco\\\/#primaryimage\"},\"image\":{\"@id\":\"https:\\\/\\\/thefortune.one\\\/pt\\\/pib-2023-economistas-revisam-crescimento-no-segundo-semestre-com-agronegocio-mais-fraco\\\/#primaryimage\"},\"thumbnailUrl\":\"https:\\\/\\\/thefortune.one\\\/wp-content\\\/uploads\\\/2023\\\/07\\\/agrone.jpg\",\"datePublished\":\"2023-07-18T12:54:25+00:00\",\"description\":\"Somos especialistas em gest\u00e3o patrimonial, op\u00e7\u00f5es de investimentos para diversos perfis, nosso diferencial \u00e9 comprovado com resultados.\",\"breadcrumb\":{\"@id\":\"https:\\\/\\\/thefortune.one\\\/pt\\\/pib-2023-economistas-revisam-crescimento-no-segundo-semestre-com-agronegocio-mais-fraco\\\/#breadcrumb\"},\"inLanguage\":\"en-US\",\"potentialAction\":[{\"@type\":\"ReadAction\",\"target\":[\"https:\\\/\\\/thefortune.one\\\/pt\\\/pib-2023-economistas-revisam-crescimento-no-segundo-semestre-com-agronegocio-mais-fraco\\\/\"]}]},{\"@type\":\"ImageObject\",\"inLanguage\":\"en-US\",\"@id\":\"https:\\\/\\\/thefortune.one\\\/pt\\\/pib-2023-economistas-revisam-crescimento-no-segundo-semestre-com-agronegocio-mais-fraco\\\/#primaryimage\",\"url\":\"https:\\\/\\\/thefortune.one\\\/wp-content\\\/uploads\\\/2023\\\/07\\\/agrone.jpg\",\"contentUrl\":\"https:\\\/\\\/thefortune.one\\\/wp-content\\\/uploads\\\/2023\\\/07\\\/agrone.jpg\",\"width\":833,\"height\":469},{\"@type\":\"BreadcrumbList\",\"@id\":\"https:\\\/\\\/thefortune.one\\\/pt\\\/pib-2023-economistas-revisam-crescimento-no-segundo-semestre-com-agronegocio-mais-fraco\\\/#breadcrumb\",\"itemListElement\":[{\"@type\":\"ListItem\",\"position\":1,\"name\":\"In\u00edcio\",\"item\":\"https:\\\/\\\/thefortune.one\\\/pt\\\/\"},{\"@type\":\"ListItem\",\"position\":2,\"name\":\"PIB 2023: Economistas revisam crescimento no segundo semestre com agroneg\u00f3cio mais fraco\"}]},{\"@type\":\"WebSite\",\"@id\":\"https:\\\/\\\/thefortune.one\\\/pt\\\/#website\",\"url\":\"https:\\\/\\\/thefortune.one\\\/pt\\\/\",\"name\":\"The Fortune.one\",\"description\":\"Gestora de Recursos Especializada em Private Equity\",\"publisher\":{\"@id\":\"https:\\\/\\\/thefortune.one\\\/pt\\\/#organization\"},\"potentialAction\":[{\"@type\":\"SearchAction\",\"target\":{\"@type\":\"EntryPoint\",\"urlTemplate\":\"https:\\\/\\\/thefortune.one\\\/pt\\\/?s={search_term_string}\"},\"query-input\":{\"@type\":\"PropertyValueSpecification\",\"valueRequired\":true,\"valueName\":\"search_term_string\"}}],\"inLanguage\":\"en-US\"},{\"@type\":\"Organization\",\"@id\":\"https:\\\/\\\/thefortune.one\\\/pt\\\/#organization\",\"name\":\"The Fortune One\",\"url\":\"https:\\\/\\\/thefortune.one\\\/pt\\\/\",\"logo\":{\"@type\":\"ImageObject\",\"inLanguage\":\"en-US\",\"@id\":\"https:\\\/\\\/thefortune.one\\\/pt\\\/#\\\/schema\\\/logo\\\/image\\\/\",\"url\":\"https:\\\/\\\/thefortune.one\\\/wp-content\\\/uploads\\\/2022\\\/11\\\/cropped-cropped-1651682701199-1.jpg\",\"contentUrl\":\"https:\\\/\\\/thefortune.one\\\/wp-content\\\/uploads\\\/2022\\\/11\\\/cropped-cropped-1651682701199-1.jpg\",\"width\":369,\"height\":421,\"caption\":\"The Fortune One\"},\"image\":{\"@id\":\"https:\\\/\\\/thefortune.one\\\/pt\\\/#\\\/schema\\\/logo\\\/image\\\/\"}},{\"@type\":\"Person\",\"@id\":\"https:\\\/\\\/thefortune.one\\\/pt\\\/#\\\/schema\\\/person\\\/6cd8fe72a627d36caabf41815984a16f\",\"name\":\"bianca\",\"image\":{\"@type\":\"ImageObject\",\"inLanguage\":\"en-US\",\"@id\":\"https:\\\/\\\/secure.gravatar.com\\\/avatar\\\/66cd7b00d93410555e00d1e6a911a86de0cd0cfa4f83a2f8b47eddc2968c98af?s=96&d=mm&r=g\",\"url\":\"https:\\\/\\\/secure.gravatar.com\\\/avatar\\\/66cd7b00d93410555e00d1e6a911a86de0cd0cfa4f83a2f8b47eddc2968c98af?s=96&d=mm&r=g\",\"contentUrl\":\"https:\\\/\\\/secure.gravatar.com\\\/avatar\\\/66cd7b00d93410555e00d1e6a911a86de0cd0cfa4f83a2f8b47eddc2968c98af?s=96&d=mm&r=g\",\"caption\":\"bianca\"},\"url\":\"https:\\\/\\\/thefortune.one\\\/en\\\/author\\\/bianca\\\/\"}]}<\/script>\n<!-- \/ Yoast SEO plugin. -->","yoast_head_json":{"title":"PIB 2023: Economistas revisam crescimento no segundo semestre com agroneg\u00f3cio mais fraco - The Fortune.one","description":"Somos especialistas em gest\u00e3o patrimonial, op\u00e7\u00f5es de investimentos para diversos perfis, nosso diferencial \u00e9 comprovado com resultados.","robots":{"index":"index","follow":"follow","max-snippet":"max-snippet:-1","max-image-preview":"max-image-preview:large","max-video-preview":"max-video-preview:-1"},"canonical":"https:\/\/thefortune.one\/en\/pib-2023-economistas-revisam-crescimento-no-segundo-semestre-com-agronegocio-mais-fraco\/","og_locale":"en_US","og_type":"article","og_title":"PIB 2023: Economistas revisam crescimento no segundo semestre com agroneg\u00f3cio mais fraco - The Fortune.one","og_description":"Somos especialistas em gest\u00e3o patrimonial, op\u00e7\u00f5es de investimentos para diversos perfis, nosso diferencial \u00e9 comprovado com resultados.","og_url":"https:\/\/thefortune.one\/en\/pib-2023-economistas-revisam-crescimento-no-segundo-semestre-com-agronegocio-mais-fraco\/","og_site_name":"The Fortune.one","article_published_time":"2023-07-18T12:54:25+00:00","og_image":[{"width":833,"height":469,"url":"https:\/\/thefortune.one\/wp-content\/uploads\/2023\/07\/agrone.jpg","type":"image\/jpeg"}],"author":"bianca","twitter_card":"summary_large_image","twitter_misc":{"Written by":"bianca","Est. reading time":"5 minutes"},"schema":{"@context":"https:\/\/schema.org","@graph":[{"@type":"Article","@id":"https:\/\/thefortune.one\/pt\/pib-2023-economistas-revisam-crescimento-no-segundo-semestre-com-agronegocio-mais-fraco\/#article","isPartOf":{"@id":"https:\/\/thefortune.one\/pt\/pib-2023-economistas-revisam-crescimento-no-segundo-semestre-com-agronegocio-mais-fraco\/"},"author":{"name":"bianca","@id":"https:\/\/thefortune.one\/pt\/#\/schema\/person\/6cd8fe72a627d36caabf41815984a16f"},"headline":"PIB 2023: Economistas revisam crescimento no segundo semestre com agroneg\u00f3cio mais fraco","datePublished":"2023-07-18T12:54:25+00:00","mainEntityOfPage":{"@id":"https:\/\/thefortune.one\/pt\/pib-2023-economistas-revisam-crescimento-no-segundo-semestre-com-agronegocio-mais-fraco\/"},"wordCount":963,"commentCount":0,"publisher":{"@id":"https:\/\/thefortune.one\/pt\/#organization"},"image":{"@id":"https:\/\/thefortune.one\/pt\/pib-2023-economistas-revisam-crescimento-no-segundo-semestre-com-agronegocio-mais-fraco\/#primaryimage"},"thumbnailUrl":"https:\/\/thefortune.one\/wp-content\/uploads\/2023\/07\/agrone.jpg","articleSection":["The Fortune.one"],"inLanguage":"en-US","potentialAction":[{"@type":"CommentAction","name":"Comment","target":["https:\/\/thefortune.one\/pt\/pib-2023-economistas-revisam-crescimento-no-segundo-semestre-com-agronegocio-mais-fraco\/#respond"]}]},{"@type":"WebPage","@id":"https:\/\/thefortune.one\/pt\/pib-2023-economistas-revisam-crescimento-no-segundo-semestre-com-agronegocio-mais-fraco\/","url":"https:\/\/thefortune.one\/pt\/pib-2023-economistas-revisam-crescimento-no-segundo-semestre-com-agronegocio-mais-fraco\/","name":"PIB 2023: Economistas revisam crescimento no segundo semestre com agroneg\u00f3cio mais fraco - The Fortune.one","isPartOf":{"@id":"https:\/\/thefortune.one\/pt\/#website"},"primaryImageOfPage":{"@id":"https:\/\/thefortune.one\/pt\/pib-2023-economistas-revisam-crescimento-no-segundo-semestre-com-agronegocio-mais-fraco\/#primaryimage"},"image":{"@id":"https:\/\/thefortune.one\/pt\/pib-2023-economistas-revisam-crescimento-no-segundo-semestre-com-agronegocio-mais-fraco\/#primaryimage"},"thumbnailUrl":"https:\/\/thefortune.one\/wp-content\/uploads\/2023\/07\/agrone.jpg","datePublished":"2023-07-18T12:54:25+00:00","description":"Somos especialistas em gest\u00e3o patrimonial, op\u00e7\u00f5es de investimentos para diversos perfis, nosso diferencial \u00e9 comprovado com resultados.","breadcrumb":{"@id":"https:\/\/thefortune.one\/pt\/pib-2023-economistas-revisam-crescimento-no-segundo-semestre-com-agronegocio-mais-fraco\/#breadcrumb"},"inLanguage":"en-US","potentialAction":[{"@type":"ReadAction","target":["https:\/\/thefortune.one\/pt\/pib-2023-economistas-revisam-crescimento-no-segundo-semestre-com-agronegocio-mais-fraco\/"]}]},{"@type":"ImageObject","inLanguage":"en-US","@id":"https:\/\/thefortune.one\/pt\/pib-2023-economistas-revisam-crescimento-no-segundo-semestre-com-agronegocio-mais-fraco\/#primaryimage","url":"https:\/\/thefortune.one\/wp-content\/uploads\/2023\/07\/agrone.jpg","contentUrl":"https:\/\/thefortune.one\/wp-content\/uploads\/2023\/07\/agrone.jpg","width":833,"height":469},{"@type":"BreadcrumbList","@id":"https:\/\/thefortune.one\/pt\/pib-2023-economistas-revisam-crescimento-no-segundo-semestre-com-agronegocio-mais-fraco\/#breadcrumb","itemListElement":[{"@type":"ListItem","position":1,"name":"In\u00edcio","item":"https:\/\/thefortune.one\/pt\/"},{"@type":"ListItem","position":2,"name":"PIB 2023: Economistas revisam crescimento no segundo semestre com agroneg\u00f3cio mais fraco"}]},{"@type":"WebSite","@id":"https:\/\/thefortune.one\/pt\/#website","url":"https:\/\/thefortune.one\/pt\/","name":"The Fortune.one","description":"Gestora de Recursos Especializada em Private Equity","publisher":{"@id":"https:\/\/thefortune.one\/pt\/#organization"},"potentialAction":[{"@type":"SearchAction","target":{"@type":"EntryPoint","urlTemplate":"https:\/\/thefortune.one\/pt\/?s={search_term_string}"},"query-input":{"@type":"PropertyValueSpecification","valueRequired":true,"valueName":"search_term_string"}}],"inLanguage":"en-US"},{"@type":"Organization","@id":"https:\/\/thefortune.one\/pt\/#organization","name":"The Fortune One","url":"https:\/\/thefortune.one\/pt\/","logo":{"@type":"ImageObject","inLanguage":"en-US","@id":"https:\/\/thefortune.one\/pt\/#\/schema\/logo\/image\/","url":"https:\/\/thefortune.one\/wp-content\/uploads\/2022\/11\/cropped-cropped-1651682701199-1.jpg","contentUrl":"https:\/\/thefortune.one\/wp-content\/uploads\/2022\/11\/cropped-cropped-1651682701199-1.jpg","width":369,"height":421,"caption":"The Fortune One"},"image":{"@id":"https:\/\/thefortune.one\/pt\/#\/schema\/logo\/image\/"}},{"@type":"Person","@id":"https:\/\/thefortune.one\/pt\/#\/schema\/person\/6cd8fe72a627d36caabf41815984a16f","name":"bianca","image":{"@type":"ImageObject","inLanguage":"en-US","@id":"https:\/\/secure.gravatar.com\/avatar\/66cd7b00d93410555e00d1e6a911a86de0cd0cfa4f83a2f8b47eddc2968c98af?s=96&d=mm&r=g","url":"https:\/\/secure.gravatar.com\/avatar\/66cd7b00d93410555e00d1e6a911a86de0cd0cfa4f83a2f8b47eddc2968c98af?s=96&d=mm&r=g","contentUrl":"https:\/\/secure.gravatar.com\/avatar\/66cd7b00d93410555e00d1e6a911a86de0cd0cfa4f83a2f8b47eddc2968c98af?s=96&d=mm&r=g","caption":"bianca"},"url":"https:\/\/thefortune.one\/en\/author\/bianca\/"}]}},"_links":{"self":[{"href":"https:\/\/thefortune.one\/en\/wp-json\/wp\/v2\/posts\/3966","targetHints":{"allow":["GET"]}}],"collection":[{"href":"https:\/\/thefortune.one\/en\/wp-json\/wp\/v2\/posts"}],"about":[{"href":"https:\/\/thefortune.one\/en\/wp-json\/wp\/v2\/types\/post"}],"author":[{"embeddable":true,"href":"https:\/\/thefortune.one\/en\/wp-json\/wp\/v2\/users\/3"}],"replies":[{"embeddable":true,"href":"https:\/\/thefortune.one\/en\/wp-json\/wp\/v2\/comments?post=3966"}],"version-history":[{"count":1,"href":"https:\/\/thefortune.one\/en\/wp-json\/wp\/v2\/posts\/3966\/revisions"}],"predecessor-version":[{"id":3968,"href":"https:\/\/thefortune.one\/en\/wp-json\/wp\/v2\/posts\/3966\/revisions\/3968"}],"wp:featuredmedia":[{"embeddable":true,"href":"https:\/\/thefortune.one\/en\/wp-json\/wp\/v2\/media\/3967"}],"wp:attachment":[{"href":"https:\/\/thefortune.one\/en\/wp-json\/wp\/v2\/media?parent=3966"}],"wp:term":[{"taxonomy":"category","embeddable":true,"href":"https:\/\/thefortune.one\/en\/wp-json\/wp\/v2\/categories?post=3966"},{"taxonomy":"post_tag","embeddable":true,"href":"https:\/\/thefortune.one\/en\/wp-json\/wp\/v2\/tags?post=3966"}],"curies":[{"name":"wp","href":"https:\/\/api.w.org\/{rel}","templated":true}]}}