{"id":3953,"date":"2023-07-12T12:41:04","date_gmt":"2023-07-12T12:41:04","guid":{"rendered":"https:\/\/thefortune.one\/?p=3953"},"modified":"2023-07-12T12:41:04","modified_gmt":"2023-07-12T12:41:04","slug":"avaliacao-positiva-do-trabalho-de-haddad-salta-de-26-para-65-segundo-o-mercado","status":"publish","type":"post","link":"https:\/\/thefortune.one\/en\/avaliacao-positiva-do-trabalho-de-haddad-salta-de-26-para-65-segundo-o-mercado\/","title":{"rendered":"Avalia\u00e7\u00e3o positiva do trabalho de Haddad salta de 26% para 65%, segundo o mercado"},"content":{"rendered":"\n<h2 class=\"wp-block-heading\">Levantamento realizou 94 entrevistas com fundos de investimento<\/h2>\n\n\n\n<figure class=\"wp-block-image size-full\"><img fetchpriority=\"high\" decoding=\"async\" width=\"833\" height=\"469\" src=\"https:\/\/thefortune.one\/wp-content\/uploads\/2023\/07\/imagem.jpg\" alt=\"\" class=\"wp-image-3954\" srcset=\"https:\/\/thefortune.one\/wp-content\/uploads\/2023\/07\/imagem.jpg 833w, https:\/\/thefortune.one\/wp-content\/uploads\/2023\/07\/imagem-300x169.jpg 300w, https:\/\/thefortune.one\/wp-content\/uploads\/2023\/07\/imagem-768x432.jpg 768w, https:\/\/thefortune.one\/wp-content\/uploads\/2023\/07\/imagem-18x10.jpg 18w\" sizes=\"(max-width: 833px) 100vw, 833px\" \/><\/figure>\n\n\n\n<p>A percep\u00e7\u00e3o de que a&nbsp;<a href=\"https:\/\/inteligenciafinanceira.com.br\/glossario\/taxa-selic\/\">taxa Selic <\/a>&nbsp;ser\u00e1 reduzida ainda este ano se tornou un\u00e2nime no mercado em julho, mostra pesquisa Genial\/Quaest divulgada nesta quarta-feira (12). Entre maio e julho, a raz\u00e3o dos que preveem cortes em 2023 avan\u00e7ou de 88% para 100%.<\/p>\n\n\n\n<p><a href=\"https:\/\/inteligenciafinanceira.com.br\/saiba\/empresas\/os-115-bancos-da-febraban-concordam-selic-vai-cair-em-agosto\/\" target=\"_blank\" rel=\"noreferrer noopener\">Os 115 bancos concordam: a Selic vai cair<\/a><\/p>\n\n\n\n<p>A aposta majorit\u00e1ria (92%) \u00e9 de in\u00edcio do ciclo de cortes de juros em agosto, enquanto 7% esperam que o Banco Central s\u00f3 comece a reduzir a&nbsp;<a href=\"https:\/\/inteligenciafinanceira.com.br\/glossario\/taxa-selic\/\">Selic <\/a>&nbsp;em setembro e 1%, em novembro.<\/p>\n\n\n\n<p>Em agosto, 56% preveem redu\u00e7\u00e3o de 0,25 ponto porcentual dos juros, contra 32% que esperam queda de 0,5 ponto. Apenas 1% dos entrevistados projeta redu\u00e7\u00e3o maior do que 0,5 ponto. Outros 7% esperam manuten\u00e7\u00e3o dos juros em 13,75%, enquanto 4% preveem alta de 0,25 ponto porcentual.<\/p>\n\n\n\n<h2 class=\"wp-block-heading\" id=\"h-conselho-monetario-e-campos-neto\">Conselho Monet\u00e1rio e Campos Neto<\/h2>\n\n\n\n<p>Para 94%, o Conselho Monet\u00e1rio Nacional (CMN) tomou a decis\u00e3o certa ao manter a meta de infla\u00e7\u00e3o em 3%, enquanto 6% classificaram a medida como errada. A ado\u00e7\u00e3o de uma meta de infla\u00e7\u00e3o cont\u00ednua foi vista como positiva por 81% e como negativa por 19%.<\/p>\n\n\n\n<p>A maioria dos entrevistados (86%) classifica a atua\u00e7\u00e3o do presidente do Banco Central, Roberto Campos Neto, em 2023 como positiva, contra 7% de regular e 7% de negativo. Ao todo, 71% se disseram \u201cmuito preocupados\u201d com a futura indica\u00e7\u00e3o de um nome para a presid\u00eancia do BC pelo presidente Luiz In\u00e1cio Lula da Silva, contra 27% que afirmaram estar \u201cpouco preocupados\u201d e 2% que se disseram \u201cnada preocupados\u201d.<\/p>\n\n\n\n<p>A pesquisa fez 94&nbsp;<a href=\"https:\/\/inteligenciafinanceira.com.br\/assunto\/entrevista\/\">entrevistas<\/a>&nbsp;com fundos de investimento sediados nos Estados de S\u00e3o Paulo e do Rio de Janeiro entre os dias 6 e 10 de julho. A amostra considerou 47% de gestores, 31% de economistas, 14% de traders, 5% de analistas e 3% de pessoas com outros cargos.<\/p>\n\n\n\n<h2 class=\"wp-block-heading\" id=\"h-avaliacao-sobre-a-reforma-tributaria\">Avalia\u00e7\u00e3o sobre a reforma tribut\u00e1ria<\/h2>\n\n\n\n<p>A maioria do mercado avalia que a reforma tribut\u00e1ria dever\u00e1 aumentar a gera\u00e7\u00e3o de empregos no Pa\u00eds e melhorar os resultados da ind\u00fastria, mostra a mesma pesquisa. Em contrapartida, espera-se uma piora dos resultados dos setores de com\u00e9rcio e servi\u00e7os. Para 66%, a reforma tribut\u00e1ria deve aumentar o bem-estar das pessoas, enquanto 34% veem diminui\u00e7\u00e3o.<\/p>\n\n\n\n<h2 class=\"wp-block-heading\" id=\"h-avaliacao-lula-e-haddad\">Avalia\u00e7\u00e3o Lula e Haddad<\/h2>\n\n\n\n<figure class=\"wp-block-image\"><img decoding=\"async\" src=\"https:\/\/inteligenciafinanceira.com.br\/wp-content\/uploads\/2023\/06\/cropped-lula-aprovacao-pesquisa-quaest.jpg?w=640\" alt=\"cropped-lula-aprovacao-pesquisa-quaest.jpg\" class=\"wp-image-197609\" \/><figcaption class=\"wp-element-caption\">Lula durante a live semanal \u2018Conversa com o Presidente\u2019. Foto: Foto: Ricardo Stuckert\/Presid\u00eancia<\/figcaption><\/figure>\n\n\n\n<p>A propor\u00e7\u00e3o do mercado financeiro que avalia positivamente o governo do presidente Luiz In\u00e1cio Lula da Silva (PT) saltou de 2% em maio para 20% em julho. No per\u00edodo, a avalia\u00e7\u00e3o negativa sobre o governo caiu de 86% para 44%, e a avalia\u00e7\u00e3o regular subiu de 12% para 36%.<\/p>\n\n\n\n<p><a href=\"https:\/\/inteligenciafinanceira.com.br\/assunto\/fernando-haddad\/\" target=\"_blank\" rel=\"noreferrer noopener\">Tudo o que n\u00f3s sabemos sobre Fernando Haddad<\/a><\/p>\n\n\n\n<p>A mudan\u00e7a foi mais evidente na avalia\u00e7\u00e3o positiva sobre o trabalho do ministro da Fazenda, Fernando Haddad, que disparou de 26% em maio para 65% em julho. A propor\u00e7\u00e3o dos que consideram o trabalho de Haddad negativo passou de 37% para 11%, enquanto os que d\u00e3o avalia\u00e7\u00e3o regular ao ministro diminu\u00edram de 37% para 24%.<\/p>\n\n\n\n<p>Para 23% dos entrevistados, o fortalecimento de Haddad \u00e9 o principal fator por tr\u00e1s da \u00faltima rodada de melhora dos ativos dom\u00e9sticos \u2013 atr\u00e1s apenas do movimento dos mercados internacionais, citado por 32%. Mais 20% mencionaram a atua\u00e7\u00e3o do Congresso e outros 20%, a atua\u00e7\u00e3o do Banco Central. Apenas 3% citaram medidas do governo Lula como raz\u00e3o para o desempenho.<\/p>\n\n\n\n<p>A propor\u00e7\u00e3o dos que avaliam que o governo est\u00e1 preocupado com o controle da infla\u00e7\u00e3o avan\u00e7ou de 20% em maio para 34% em julho, enquanto a parcela dos que n\u00e3o veem essa preocupa\u00e7\u00e3o recuou de 80% para 66%.<\/p>\n\n\n\n<p>Fonte:https:\/\/inteligenciafinanceira.com.br\/saiba\/e-unanime-todo-o-mercado-espera-pela-queda-da-selic-mostra-pesquisa\/<\/p>\n","protected":false},"excerpt":{"rendered":"<p>Levantamento realizou 94 entrevistas com fundos de investimento A percep\u00e7\u00e3o de que a&nbsp;taxa Selic &nbsp;ser\u00e1 reduzida ainda este ano se tornou un\u00e2nime no mercado em julho, mostra pesquisa Genial\/Quaest divulgada nesta quarta-feira (12). Entre maio e julho, a raz\u00e3o dos que preveem cortes em 2023 avan\u00e7ou de 88% para 100%. Os 115 bancos concordam: a [&hellip;]<\/p>\n","protected":false},"author":3,"featured_media":3955,"comment_status":"open","ping_status":"open","sticky":false,"template":"","format":"standard","meta":{"_joinchat":[],"footnotes":""},"categories":[1],"tags":[],"class_list":["post-3953","post","type-post","status-publish","format-standard","has-post-thumbnail","hentry","category-the-fortune-one"],"yoast_head":"<!-- This site is optimized with the Yoast SEO plugin v27.5 - https:\/\/yoast.com\/product\/yoast-seo-wordpress\/ -->\n<title>Avalia\u00e7\u00e3o positiva do trabalho de Haddad salta de 26% para 65%, segundo o mercado - The Fortune.one<\/title>\n<meta name=\"description\" content=\"Somos especialistas em gest\u00e3o patrimonial, op\u00e7\u00f5es de investimentos para diversos perfis, nosso diferencial \u00e9 comprovado com resultados.\" \/>\n<meta name=\"robots\" content=\"index, follow, max-snippet:-1, max-image-preview:large, max-video-preview:-1\" \/>\n<link rel=\"canonical\" href=\"https:\/\/thefortune.one\/en\/avaliacao-positiva-do-trabalho-de-haddad-salta-de-26-para-65-segundo-o-mercado\/\" \/>\n<meta property=\"og:locale\" content=\"en_US\" \/>\n<meta property=\"og:type\" content=\"article\" \/>\n<meta property=\"og:title\" content=\"Avalia\u00e7\u00e3o positiva do trabalho de Haddad salta de 26% para 65%, segundo o mercado - The Fortune.one\" \/>\n<meta property=\"og:description\" content=\"Somos especialistas em gest\u00e3o patrimonial, op\u00e7\u00f5es de investimentos para diversos perfis, nosso diferencial \u00e9 comprovado com resultados.\" \/>\n<meta property=\"og:url\" content=\"https:\/\/thefortune.one\/en\/avaliacao-positiva-do-trabalho-de-haddad-salta-de-26-para-65-segundo-o-mercado\/\" \/>\n<meta property=\"og:site_name\" content=\"The Fortune.one\" \/>\n<meta property=\"article:published_time\" content=\"2023-07-12T12:41:04+00:00\" \/>\n<meta property=\"og:image\" content=\"https:\/\/thefortune.one\/wp-content\/uploads\/2023\/07\/imagem-1.jpg\" \/>\n\t<meta property=\"og:image:width\" content=\"833\" \/>\n\t<meta property=\"og:image:height\" content=\"469\" \/>\n\t<meta property=\"og:image:type\" content=\"image\/jpeg\" \/>\n<meta name=\"author\" content=\"bianca\" \/>\n<meta name=\"twitter:card\" content=\"summary_large_image\" \/>\n<meta name=\"twitter:label1\" content=\"Written by\" \/>\n\t<meta name=\"twitter:data1\" content=\"bianca\" \/>\n\t<meta name=\"twitter:label2\" content=\"Est. reading time\" \/>\n\t<meta name=\"twitter:data2\" content=\"3 minutes\" \/>\n<script type=\"application\/ld+json\" class=\"yoast-schema-graph\">{\"@context\":\"https:\\\/\\\/schema.org\",\"@graph\":[{\"@type\":\"Article\",\"@id\":\"https:\\\/\\\/thefortune.one\\\/pt\\\/avaliacao-positiva-do-trabalho-de-haddad-salta-de-26-para-65-segundo-o-mercado\\\/#article\",\"isPartOf\":{\"@id\":\"https:\\\/\\\/thefortune.one\\\/pt\\\/avaliacao-positiva-do-trabalho-de-haddad-salta-de-26-para-65-segundo-o-mercado\\\/\"},\"author\":{\"name\":\"bianca\",\"@id\":\"https:\\\/\\\/thefortune.one\\\/pt\\\/#\\\/schema\\\/person\\\/6cd8fe72a627d36caabf41815984a16f\"},\"headline\":\"Avalia\u00e7\u00e3o positiva do trabalho de Haddad salta de 26% para 65%, segundo o mercado\",\"datePublished\":\"2023-07-12T12:41:04+00:00\",\"mainEntityOfPage\":{\"@id\":\"https:\\\/\\\/thefortune.one\\\/pt\\\/avaliacao-positiva-do-trabalho-de-haddad-salta-de-26-para-65-segundo-o-mercado\\\/\"},\"wordCount\":613,\"commentCount\":0,\"publisher\":{\"@id\":\"https:\\\/\\\/thefortune.one\\\/pt\\\/#organization\"},\"image\":{\"@id\":\"https:\\\/\\\/thefortune.one\\\/pt\\\/avaliacao-positiva-do-trabalho-de-haddad-salta-de-26-para-65-segundo-o-mercado\\\/#primaryimage\"},\"thumbnailUrl\":\"https:\\\/\\\/thefortune.one\\\/wp-content\\\/uploads\\\/2023\\\/07\\\/imagem-1.jpg\",\"articleSection\":[\"The Fortune.one\"],\"inLanguage\":\"en-US\",\"potentialAction\":[{\"@type\":\"CommentAction\",\"name\":\"Comment\",\"target\":[\"https:\\\/\\\/thefortune.one\\\/pt\\\/avaliacao-positiva-do-trabalho-de-haddad-salta-de-26-para-65-segundo-o-mercado\\\/#respond\"]}]},{\"@type\":\"WebPage\",\"@id\":\"https:\\\/\\\/thefortune.one\\\/pt\\\/avaliacao-positiva-do-trabalho-de-haddad-salta-de-26-para-65-segundo-o-mercado\\\/\",\"url\":\"https:\\\/\\\/thefortune.one\\\/pt\\\/avaliacao-positiva-do-trabalho-de-haddad-salta-de-26-para-65-segundo-o-mercado\\\/\",\"name\":\"Avalia\u00e7\u00e3o positiva do trabalho de Haddad salta de 26% para 65%, segundo o mercado - The Fortune.one\",\"isPartOf\":{\"@id\":\"https:\\\/\\\/thefortune.one\\\/pt\\\/#website\"},\"primaryImageOfPage\":{\"@id\":\"https:\\\/\\\/thefortune.one\\\/pt\\\/avaliacao-positiva-do-trabalho-de-haddad-salta-de-26-para-65-segundo-o-mercado\\\/#primaryimage\"},\"image\":{\"@id\":\"https:\\\/\\\/thefortune.one\\\/pt\\\/avaliacao-positiva-do-trabalho-de-haddad-salta-de-26-para-65-segundo-o-mercado\\\/#primaryimage\"},\"thumbnailUrl\":\"https:\\\/\\\/thefortune.one\\\/wp-content\\\/uploads\\\/2023\\\/07\\\/imagem-1.jpg\",\"datePublished\":\"2023-07-12T12:41:04+00:00\",\"description\":\"Somos especialistas em gest\u00e3o patrimonial, op\u00e7\u00f5es de investimentos para diversos perfis, nosso diferencial \u00e9 comprovado com resultados.\",\"breadcrumb\":{\"@id\":\"https:\\\/\\\/thefortune.one\\\/pt\\\/avaliacao-positiva-do-trabalho-de-haddad-salta-de-26-para-65-segundo-o-mercado\\\/#breadcrumb\"},\"inLanguage\":\"en-US\",\"potentialAction\":[{\"@type\":\"ReadAction\",\"target\":[\"https:\\\/\\\/thefortune.one\\\/pt\\\/avaliacao-positiva-do-trabalho-de-haddad-salta-de-26-para-65-segundo-o-mercado\\\/\"]}]},{\"@type\":\"ImageObject\",\"inLanguage\":\"en-US\",\"@id\":\"https:\\\/\\\/thefortune.one\\\/pt\\\/avaliacao-positiva-do-trabalho-de-haddad-salta-de-26-para-65-segundo-o-mercado\\\/#primaryimage\",\"url\":\"https:\\\/\\\/thefortune.one\\\/wp-content\\\/uploads\\\/2023\\\/07\\\/imagem-1.jpg\",\"contentUrl\":\"https:\\\/\\\/thefortune.one\\\/wp-content\\\/uploads\\\/2023\\\/07\\\/imagem-1.jpg\",\"width\":833,\"height\":469},{\"@type\":\"BreadcrumbList\",\"@id\":\"https:\\\/\\\/thefortune.one\\\/pt\\\/avaliacao-positiva-do-trabalho-de-haddad-salta-de-26-para-65-segundo-o-mercado\\\/#breadcrumb\",\"itemListElement\":[{\"@type\":\"ListItem\",\"position\":1,\"name\":\"In\u00edcio\",\"item\":\"https:\\\/\\\/thefortune.one\\\/pt\\\/\"},{\"@type\":\"ListItem\",\"position\":2,\"name\":\"Avalia\u00e7\u00e3o positiva do trabalho de Haddad salta de 26% para 65%, segundo o mercado\"}]},{\"@type\":\"WebSite\",\"@id\":\"https:\\\/\\\/thefortune.one\\\/pt\\\/#website\",\"url\":\"https:\\\/\\\/thefortune.one\\\/pt\\\/\",\"name\":\"The Fortune.one\",\"description\":\"Gestora de Recursos Especializada em Private Equity\",\"publisher\":{\"@id\":\"https:\\\/\\\/thefortune.one\\\/pt\\\/#organization\"},\"potentialAction\":[{\"@type\":\"SearchAction\",\"target\":{\"@type\":\"EntryPoint\",\"urlTemplate\":\"https:\\\/\\\/thefortune.one\\\/pt\\\/?s={search_term_string}\"},\"query-input\":{\"@type\":\"PropertyValueSpecification\",\"valueRequired\":true,\"valueName\":\"search_term_string\"}}],\"inLanguage\":\"en-US\"},{\"@type\":\"Organization\",\"@id\":\"https:\\\/\\\/thefortune.one\\\/pt\\\/#organization\",\"name\":\"The Fortune One\",\"url\":\"https:\\\/\\\/thefortune.one\\\/pt\\\/\",\"logo\":{\"@type\":\"ImageObject\",\"inLanguage\":\"en-US\",\"@id\":\"https:\\\/\\\/thefortune.one\\\/pt\\\/#\\\/schema\\\/logo\\\/image\\\/\",\"url\":\"https:\\\/\\\/thefortune.one\\\/wp-content\\\/uploads\\\/2022\\\/11\\\/cropped-cropped-1651682701199-1.jpg\",\"contentUrl\":\"https:\\\/\\\/thefortune.one\\\/wp-content\\\/uploads\\\/2022\\\/11\\\/cropped-cropped-1651682701199-1.jpg\",\"width\":369,\"height\":421,\"caption\":\"The Fortune One\"},\"image\":{\"@id\":\"https:\\\/\\\/thefortune.one\\\/pt\\\/#\\\/schema\\\/logo\\\/image\\\/\"}},{\"@type\":\"Person\",\"@id\":\"https:\\\/\\\/thefortune.one\\\/pt\\\/#\\\/schema\\\/person\\\/6cd8fe72a627d36caabf41815984a16f\",\"name\":\"bianca\",\"image\":{\"@type\":\"ImageObject\",\"inLanguage\":\"en-US\",\"@id\":\"https:\\\/\\\/secure.gravatar.com\\\/avatar\\\/66cd7b00d93410555e00d1e6a911a86de0cd0cfa4f83a2f8b47eddc2968c98af?s=96&d=mm&r=g\",\"url\":\"https:\\\/\\\/secure.gravatar.com\\\/avatar\\\/66cd7b00d93410555e00d1e6a911a86de0cd0cfa4f83a2f8b47eddc2968c98af?s=96&d=mm&r=g\",\"contentUrl\":\"https:\\\/\\\/secure.gravatar.com\\\/avatar\\\/66cd7b00d93410555e00d1e6a911a86de0cd0cfa4f83a2f8b47eddc2968c98af?s=96&d=mm&r=g\",\"caption\":\"bianca\"},\"url\":\"https:\\\/\\\/thefortune.one\\\/en\\\/author\\\/bianca\\\/\"}]}<\/script>\n<!-- \/ Yoast SEO plugin. -->","yoast_head_json":{"title":"Avalia\u00e7\u00e3o positiva do trabalho de Haddad salta de 26% para 65%, segundo o mercado - The Fortune.one","description":"Somos especialistas em gest\u00e3o patrimonial, op\u00e7\u00f5es de investimentos para diversos perfis, nosso diferencial \u00e9 comprovado com resultados.","robots":{"index":"index","follow":"follow","max-snippet":"max-snippet:-1","max-image-preview":"max-image-preview:large","max-video-preview":"max-video-preview:-1"},"canonical":"https:\/\/thefortune.one\/en\/avaliacao-positiva-do-trabalho-de-haddad-salta-de-26-para-65-segundo-o-mercado\/","og_locale":"en_US","og_type":"article","og_title":"Avalia\u00e7\u00e3o positiva do trabalho de Haddad salta de 26% para 65%, segundo o mercado - The Fortune.one","og_description":"Somos especialistas em gest\u00e3o patrimonial, op\u00e7\u00f5es de investimentos para diversos perfis, nosso diferencial \u00e9 comprovado com resultados.","og_url":"https:\/\/thefortune.one\/en\/avaliacao-positiva-do-trabalho-de-haddad-salta-de-26-para-65-segundo-o-mercado\/","og_site_name":"The Fortune.one","article_published_time":"2023-07-12T12:41:04+00:00","og_image":[{"width":833,"height":469,"url":"https:\/\/thefortune.one\/wp-content\/uploads\/2023\/07\/imagem-1.jpg","type":"image\/jpeg"}],"author":"bianca","twitter_card":"summary_large_image","twitter_misc":{"Written by":"bianca","Est. reading time":"3 minutes"},"schema":{"@context":"https:\/\/schema.org","@graph":[{"@type":"Article","@id":"https:\/\/thefortune.one\/pt\/avaliacao-positiva-do-trabalho-de-haddad-salta-de-26-para-65-segundo-o-mercado\/#article","isPartOf":{"@id":"https:\/\/thefortune.one\/pt\/avaliacao-positiva-do-trabalho-de-haddad-salta-de-26-para-65-segundo-o-mercado\/"},"author":{"name":"bianca","@id":"https:\/\/thefortune.one\/pt\/#\/schema\/person\/6cd8fe72a627d36caabf41815984a16f"},"headline":"Avalia\u00e7\u00e3o positiva do trabalho de Haddad salta de 26% para 65%, segundo o mercado","datePublished":"2023-07-12T12:41:04+00:00","mainEntityOfPage":{"@id":"https:\/\/thefortune.one\/pt\/avaliacao-positiva-do-trabalho-de-haddad-salta-de-26-para-65-segundo-o-mercado\/"},"wordCount":613,"commentCount":0,"publisher":{"@id":"https:\/\/thefortune.one\/pt\/#organization"},"image":{"@id":"https:\/\/thefortune.one\/pt\/avaliacao-positiva-do-trabalho-de-haddad-salta-de-26-para-65-segundo-o-mercado\/#primaryimage"},"thumbnailUrl":"https:\/\/thefortune.one\/wp-content\/uploads\/2023\/07\/imagem-1.jpg","articleSection":["The Fortune.one"],"inLanguage":"en-US","potentialAction":[{"@type":"CommentAction","name":"Comment","target":["https:\/\/thefortune.one\/pt\/avaliacao-positiva-do-trabalho-de-haddad-salta-de-26-para-65-segundo-o-mercado\/#respond"]}]},{"@type":"WebPage","@id":"https:\/\/thefortune.one\/pt\/avaliacao-positiva-do-trabalho-de-haddad-salta-de-26-para-65-segundo-o-mercado\/","url":"https:\/\/thefortune.one\/pt\/avaliacao-positiva-do-trabalho-de-haddad-salta-de-26-para-65-segundo-o-mercado\/","name":"Avalia\u00e7\u00e3o positiva do trabalho de Haddad salta de 26% para 65%, segundo o mercado - The Fortune.one","isPartOf":{"@id":"https:\/\/thefortune.one\/pt\/#website"},"primaryImageOfPage":{"@id":"https:\/\/thefortune.one\/pt\/avaliacao-positiva-do-trabalho-de-haddad-salta-de-26-para-65-segundo-o-mercado\/#primaryimage"},"image":{"@id":"https:\/\/thefortune.one\/pt\/avaliacao-positiva-do-trabalho-de-haddad-salta-de-26-para-65-segundo-o-mercado\/#primaryimage"},"thumbnailUrl":"https:\/\/thefortune.one\/wp-content\/uploads\/2023\/07\/imagem-1.jpg","datePublished":"2023-07-12T12:41:04+00:00","description":"Somos especialistas em gest\u00e3o patrimonial, op\u00e7\u00f5es de investimentos para diversos perfis, nosso diferencial \u00e9 comprovado com resultados.","breadcrumb":{"@id":"https:\/\/thefortune.one\/pt\/avaliacao-positiva-do-trabalho-de-haddad-salta-de-26-para-65-segundo-o-mercado\/#breadcrumb"},"inLanguage":"en-US","potentialAction":[{"@type":"ReadAction","target":["https:\/\/thefortune.one\/pt\/avaliacao-positiva-do-trabalho-de-haddad-salta-de-26-para-65-segundo-o-mercado\/"]}]},{"@type":"ImageObject","inLanguage":"en-US","@id":"https:\/\/thefortune.one\/pt\/avaliacao-positiva-do-trabalho-de-haddad-salta-de-26-para-65-segundo-o-mercado\/#primaryimage","url":"https:\/\/thefortune.one\/wp-content\/uploads\/2023\/07\/imagem-1.jpg","contentUrl":"https:\/\/thefortune.one\/wp-content\/uploads\/2023\/07\/imagem-1.jpg","width":833,"height":469},{"@type":"BreadcrumbList","@id":"https:\/\/thefortune.one\/pt\/avaliacao-positiva-do-trabalho-de-haddad-salta-de-26-para-65-segundo-o-mercado\/#breadcrumb","itemListElement":[{"@type":"ListItem","position":1,"name":"In\u00edcio","item":"https:\/\/thefortune.one\/pt\/"},{"@type":"ListItem","position":2,"name":"Avalia\u00e7\u00e3o positiva do trabalho de Haddad salta de 26% para 65%, segundo o mercado"}]},{"@type":"WebSite","@id":"https:\/\/thefortune.one\/pt\/#website","url":"https:\/\/thefortune.one\/pt\/","name":"The Fortune.one","description":"Gestora de Recursos Especializada em Private Equity","publisher":{"@id":"https:\/\/thefortune.one\/pt\/#organization"},"potentialAction":[{"@type":"SearchAction","target":{"@type":"EntryPoint","urlTemplate":"https:\/\/thefortune.one\/pt\/?s={search_term_string}"},"query-input":{"@type":"PropertyValueSpecification","valueRequired":true,"valueName":"search_term_string"}}],"inLanguage":"en-US"},{"@type":"Organization","@id":"https:\/\/thefortune.one\/pt\/#organization","name":"The Fortune One","url":"https:\/\/thefortune.one\/pt\/","logo":{"@type":"ImageObject","inLanguage":"en-US","@id":"https:\/\/thefortune.one\/pt\/#\/schema\/logo\/image\/","url":"https:\/\/thefortune.one\/wp-content\/uploads\/2022\/11\/cropped-cropped-1651682701199-1.jpg","contentUrl":"https:\/\/thefortune.one\/wp-content\/uploads\/2022\/11\/cropped-cropped-1651682701199-1.jpg","width":369,"height":421,"caption":"The Fortune One"},"image":{"@id":"https:\/\/thefortune.one\/pt\/#\/schema\/logo\/image\/"}},{"@type":"Person","@id":"https:\/\/thefortune.one\/pt\/#\/schema\/person\/6cd8fe72a627d36caabf41815984a16f","name":"bianca","image":{"@type":"ImageObject","inLanguage":"en-US","@id":"https:\/\/secure.gravatar.com\/avatar\/66cd7b00d93410555e00d1e6a911a86de0cd0cfa4f83a2f8b47eddc2968c98af?s=96&d=mm&r=g","url":"https:\/\/secure.gravatar.com\/avatar\/66cd7b00d93410555e00d1e6a911a86de0cd0cfa4f83a2f8b47eddc2968c98af?s=96&d=mm&r=g","contentUrl":"https:\/\/secure.gravatar.com\/avatar\/66cd7b00d93410555e00d1e6a911a86de0cd0cfa4f83a2f8b47eddc2968c98af?s=96&d=mm&r=g","caption":"bianca"},"url":"https:\/\/thefortune.one\/en\/author\/bianca\/"}]}},"_links":{"self":[{"href":"https:\/\/thefortune.one\/en\/wp-json\/wp\/v2\/posts\/3953","targetHints":{"allow":["GET"]}}],"collection":[{"href":"https:\/\/thefortune.one\/en\/wp-json\/wp\/v2\/posts"}],"about":[{"href":"https:\/\/thefortune.one\/en\/wp-json\/wp\/v2\/types\/post"}],"author":[{"embeddable":true,"href":"https:\/\/thefortune.one\/en\/wp-json\/wp\/v2\/users\/3"}],"replies":[{"embeddable":true,"href":"https:\/\/thefortune.one\/en\/wp-json\/wp\/v2\/comments?post=3953"}],"version-history":[{"count":1,"href":"https:\/\/thefortune.one\/en\/wp-json\/wp\/v2\/posts\/3953\/revisions"}],"predecessor-version":[{"id":3956,"href":"https:\/\/thefortune.one\/en\/wp-json\/wp\/v2\/posts\/3953\/revisions\/3956"}],"wp:featuredmedia":[{"embeddable":true,"href":"https:\/\/thefortune.one\/en\/wp-json\/wp\/v2\/media\/3955"}],"wp:attachment":[{"href":"https:\/\/thefortune.one\/en\/wp-json\/wp\/v2\/media?parent=3953"}],"wp:term":[{"taxonomy":"category","embeddable":true,"href":"https:\/\/thefortune.one\/en\/wp-json\/wp\/v2\/categories?post=3953"},{"taxonomy":"post_tag","embeddable":true,"href":"https:\/\/thefortune.one\/en\/wp-json\/wp\/v2\/tags?post=3953"}],"curies":[{"name":"wp","href":"https:\/\/api.w.org\/{rel}","templated":true}]}}