{"id":3945,"date":"2023-07-10T13:10:08","date_gmt":"2023-07-10T13:10:08","guid":{"rendered":"https:\/\/thefortune.one\/?p=3945"},"modified":"2023-07-10T13:10:08","modified_gmt":"2023-07-10T13:10:08","slug":"agenda-do-dia-bc-divulga-boletim-focus-declaracoes-de-dirigentes-do-fed","status":"publish","type":"post","link":"https:\/\/thefortune.one\/en\/agenda-do-dia-bc-divulga-boletim-focus-declaracoes-de-dirigentes-do-fed\/","title":{"rendered":"Agenda do dia: BC divulga boletim Focus; declara\u00e7\u00f5es de dirigentes do Fed"},"content":{"rendered":"\n<p>Confira o que voc\u00ea precisa saber e acompanhar nesta segunda-feira<\/p>\n\n\n\n<figure class=\"wp-block-image size-full\"><img fetchpriority=\"high\" decoding=\"async\" width=\"1024\" height=\"683\" src=\"https:\/\/thefortune.one\/wp-content\/uploads\/2023\/07\/banco-central-1.jpg\" alt=\"\" class=\"wp-image-3947\" srcset=\"https:\/\/thefortune.one\/wp-content\/uploads\/2023\/07\/banco-central-1.jpg 1024w, https:\/\/thefortune.one\/wp-content\/uploads\/2023\/07\/banco-central-1-300x200.jpg 300w, https:\/\/thefortune.one\/wp-content\/uploads\/2023\/07\/banco-central-1-768x512.jpg 768w, https:\/\/thefortune.one\/wp-content\/uploads\/2023\/07\/banco-central-1-18x12.jpg 18w\" sizes=\"(max-width: 1024px) 100vw, 1024px\" \/><\/figure>\n\n\n\n<p>As expectativas de infla\u00e7\u00e3o mostradas no Boletim Focus, que apresentaram queda nas \u00faltimas semanas, devem ficar no foco de agentes econ\u00f4micos nesta segunda-feira. Os dados ajudam o mercado a tra\u00e7ar expectativas para a pr\u00f3xima reuni\u00e3o do Comit\u00ea de Pol\u00edtica Monet\u00e1ria (Copom) do Banco Central. No exterior, falas de dirigentes do Federal Reserve (Fed) em evento ser\u00e3o monitoradas de perto. Confira abaixo outros destaques da agenda desta segunda-feira:<br>FGV divulga IPC-S da primeira quadrissemana de julho<\/p>\n\n\n\n<p>O Instituto Brasileiro de Economia da Funda\u00e7\u00e3o Getulio Vargas (Ibre-FGV) divulga, \u00e0s 8h, o \u00cdndice de Pre\u00e7os ao Consumidor \u2013 Semanal (IPC-S) da primeira quadrissemana de julho. O IPC-S da quarta quadrissemana de junho de 2023 caiu 0,10%, acumulando alta de 2,22% nos \u00faltimos 12 meses, com tr\u00eas das oito classes de despesa em alta: Educa\u00e7\u00e3o (de -0,33%, na terceira quadrissemana de junho para 0,87% na quarta); Transportes (-1,65% para -1,14%) e Vestu\u00e1rio (0,35% para 0,50%). Tiveram queda os grupos: Habita\u00e7\u00e3o (0,38% para 0,23%), Sa\u00fade e Cuidados Pessoais (0,36% para 0,19%), Alimenta\u00e7\u00e3o (-0,32% para -0,36%) e Despesas Diversas (0,28% para 0,12%).<\/p>\n\n\n\n<p><strong>BC comunica boletim Focus da semana<\/strong><\/p>\n\n\n\n<p>O Banco Central (BC) comunica, \u00e0s 8h25, o Boletim Focus da semana encerrada em 7 de julho. Na semana encerrada em 30 de junho, a mediana das proje\u00e7\u00f5es dos economistas do mercado para o IPCA em 2023 caiu, de 5,06% para 4,98%. Para 2024, tamb\u00e9m recuou , de 3,98% para 3,92%. Para 2025, foi de 3,80% para 3,60%. Para a taxa Selic, o ponto-m\u00e9dio das expectativas caiu para 12% no fim de 2023, ficou em 9,50% em 2024 e se manteve em 9,00% em 2025. A mediana das proje\u00e7\u00f5es para o PIB de 2023 voltou a subir ligeiramente, de 2,18% para 2,19%. Para 2024, subiu de 1,<\/p>\n\n\n\n<p>22% para 1,28%. Para 2025, caiu de 1,83% para 1,81%. A mediana para o d\u00f3lar no fim deste ano foi mantida em R$ 5,00. Para 2024, recuou de R$ 5,10 para R$ 5,08. Para 2025, foi de R$ 5,15 para R$ 5,17.<\/p>\n\n\n\n<p><strong>Secex apresenta balan\u00e7a comercial da primeira semana de julho<\/strong><\/p>\n\n\n\n<p>A Secretaria de Com\u00e9rcio (Secex) do Minist\u00e9rio do Desenvolvimento, Ind\u00fastria, Com\u00e9rcio e Servi\u00e7os (Mdic) apresenta, \u00e0s 15h, o resultado da balan\u00e7a comercial de 3 a 7 de julho. Na semana anterior, a do fechamento de junho, a balan\u00e7a comercial brasileira registrou super\u00e1vit de US$ 10,592 bilh\u00f5es em junho,com exporta\u00e7\u00f5es de US$ 30,1 bilh\u00f5es e importa\u00e7\u00f5es de US$ 19,5 bilh\u00f5es. O resultado foi 19,1% maior do que o registrado no mesmo per\u00edodo do ano anterior, pela m\u00e9dia di\u00e1ria. Com o resultado de junho, a balan\u00e7a comercial encerrou o primeiro semestre com super\u00e1vit acumulado de US$ 45,514 bilh\u00f5es, resultado recorde para o per\u00edodo desde desde o in\u00edcio da s\u00e9rie hist\u00f3rica, em 1989.<\/p>\n\n\n\n<p><strong>EUA divulgam estoques do atacado<\/strong><\/p>\n\n\n\n<p>\u00c0s 11h, o Departamento de Com\u00e9rcio dos Estados Unidos divulga os n\u00edveis de estoques do atacado em maio. Na leitura de abril: -0,1% m\/m.<br><strong>Dirigentes do Fed participam de evento<\/strong><\/p>\n\n\n\n<p>\u00c0s 12h, a presidente do Fed de San Francisco, Mary Daly, participa de evento. A presidente do Fed de Cleveland, Loretta Mester, participa de evento no mesmo horario, assiim como Raphael Bostic, presidente do Fed de Atlanta.<br><strong>Lula recebe ministros<\/strong><\/p>\n\n\n\n<p>O presidente Luiz In\u00e1cio Lula da Silva se re\u00fane \u00e0s 9h com o ministro da Casa Civil, Rui Costa, o ministro da Casa Civil, Rui Costa, o ministro da Secretaria-Geral, M\u00e1rcio Mac\u00eado, o ministro da Secretaria de Rela\u00e7\u00f5es Institucionais, Alexandre Padilha, e o ministro da Secretaria de Comunica\u00e7\u00e3o Social, Paulo Pimenta, no Pal\u00e1cio do Planalto. \u00c0s 10h volta a receber Rui Costa. \u00c0s 15h, recebe o ministro da Justi\u00e7a e Seguran\u00e7a P\u00fablica, Fl\u00e1vio Dino.<\/p>\n\n\n\n<p><strong>Haddad e Pacheco t\u00eam encontro programado<\/strong><\/p>\n\n\n\n<p>O ministro da Fazenda, Fernando Haddad, participa de tr\u00eas compromissos na sede da pasta, em Bras\u00edlia, hoje. \u00c0s 10h, tem reuni\u00e3o com a presidente da Caixa Econ\u00f4mica Federal, Rita Serrano. \u00c0s 11h, Haddad concede entrevista com transmiss\u00e3o ao vivo para o podcast O Assunto. \u00c0s 15h, de reuni\u00e3o com o ministro-chefe do Gabinete de Seguran\u00e7a Institucional da Presid\u00eancia da Rep\u00fablica, General Amaro. Est\u00e1 prevista ainda para esta segunda-feira reuni\u00e3o de Haddad com o presidente do Senado, Rodrigo Pacheco, para discutir reforma tribut\u00e1ria.<\/p>\n\n\n\n<p><strong>Diretora do BC faz live no Youtube<\/strong><\/p>\n\n\n\n<p>A diretora de administra\u00e7\u00e3o do Banco Central (BC), Carolina Barros, participa, \u00e0s 14h de segunda-feira, da &#8220;LiveBC&#8221;, transmiss\u00e3o ao vivo semanal, com o tema &#8220;O BC no seu Bolso: o Dinheiro Brasileiro&#8221;, pelo canal da autoridade monet\u00e1ria no Youtube. A diretora Fernanda Guardado (assuntos internacionais) reuni\u00e3o \u00e0s14h30 com investidores da Necton Investimentos, para tratar de assuntos de conjuntura econ\u00f4mica, no BC do Rio de Janeiro. \u00c0s 16h, Guardado tem videoconfer\u00eancia com representantes do Ita\u00fa Asset, para tratar de assuntos de conjuntura econ\u00f4mica. Os diretores Renato Gomes (organiza\u00e7\u00e3o), Mauricio Moura (relacionamento) e Otavio Damaso (regula\u00e7\u00e3o) t\u00eam videoconfer\u00eancia \u00e0s 11h30 com Dario Durigan, secret\u00e1rio-executivo, e Marcos Barbosa Pinto, secret\u00e1rio de reformas econ\u00f4micas do Minist\u00e9rio da Fazenda, sobre assuntos de organiza\u00e7\u00e3o do sistema financeiro. \u00c0s 10h, Gomes tem videoconfer\u00eancia com Bruno Balduccini, s\u00f3cio, e Marcello Junqueira de Mello, associado da Pinheiro Neto Advogados, e M\u00e1rcio Goldfarb, membro do Conselho de Administra\u00e7\u00e3o das Lojas Marisa S. A., sobre assuntos de organiza\u00e7\u00e3o do sistema financeiro. O diretor Diogo Guillen (pol\u00edtica econ\u00f4mica) tem reuni\u00e3o \u00e0s 9h com Bruno Coutinho, CEO e CIO, e Paulo Coutinho, economista-chefe do Mar Asset Management, no BC em S\u00e3o Paulo, para tratar de conjuntura econ\u00f4mica. \u00c0s 10h, Guillen tem reuni\u00e3o com investidores, organizada pela Tullet Prebon Brasil, e \u00e0s 11h com economistas da Ace Capital, no BC em S\u00e3o Paulo, para tratar de conjuntura econ\u00f4mica. \u00c0s 13h, o diretor tem reuni\u00e3o com Erwan Gautier, economista do Banque de France, para tratar de conjuntura econ\u00f4mica. O presidente do BC, Roberto Campos Neto, e o diretor Paulo Souza (fiscaliza\u00e7\u00e3o) est\u00e3o em f\u00e9rias.<\/p>\n\n\n\n<p>Fonte:https:\/\/valor.globo.com\/financas\/noticia\/2023\/07\/10\/agenda-do-dia-bc-divulga-boletim-focus-declaracoes-de-dirigentes-do-fed.ghtml<\/p>\n\n\n\n<p><\/p>\n\n\n\n<p><\/p>\n\n\n\n<p><\/p>\n\n\n\n<p><\/p>\n\n\n\n<p><\/p>\n\n\n\n<p><\/p>\n\n\n\n<p><\/p>\n\n\n\n<p><\/p>\n\n\n\n<p><\/p>\n\n\n\n<p><\/p>\n\n\n\n<p><\/p>\n\n\n\n<p><\/p>\n\n\n\n<p><\/p>\n\n\n\n<p><\/p>\n\n\n\n<p><\/p>\n\n\n\n<p><\/p>\n\n\n\n<p><\/p>\n","protected":false},"excerpt":{"rendered":"<p>Confira o que voc\u00ea precisa saber e acompanhar nesta segunda-feira As expectativas de infla\u00e7\u00e3o mostradas no Boletim Focus, que apresentaram queda nas \u00faltimas semanas, devem ficar no foco de agentes econ\u00f4micos nesta segunda-feira. Os dados ajudam o mercado a tra\u00e7ar expectativas para a pr\u00f3xima reuni\u00e3o do Comit\u00ea de Pol\u00edtica Monet\u00e1ria (Copom) do Banco Central. No [&hellip;]<\/p>\n","protected":false},"author":3,"featured_media":3946,"comment_status":"open","ping_status":"open","sticky":false,"template":"","format":"standard","meta":{"_joinchat":[],"footnotes":""},"categories":[1],"tags":[],"class_list":["post-3945","post","type-post","status-publish","format-standard","has-post-thumbnail","hentry","category-the-fortune-one"],"yoast_head":"<!-- This site is optimized with the Yoast SEO plugin v27.5 - https:\/\/yoast.com\/product\/yoast-seo-wordpress\/ -->\n<title>Agenda do dia: BC divulga boletim Focus; declara\u00e7\u00f5es de dirigentes do Fed - The Fortune.one<\/title>\n<meta name=\"description\" content=\"Somos especialistas em gest\u00e3o patrimonial, op\u00e7\u00f5es de investimentos para diversos perfis, nosso diferencial \u00e9 comprovado com resultados.\" \/>\n<meta name=\"robots\" content=\"index, follow, max-snippet:-1, max-image-preview:large, max-video-preview:-1\" \/>\n<link rel=\"canonical\" href=\"https:\/\/thefortune.one\/en\/agenda-do-dia-bc-divulga-boletim-focus-declaracoes-de-dirigentes-do-fed\/\" \/>\n<meta property=\"og:locale\" content=\"en_US\" \/>\n<meta property=\"og:type\" content=\"article\" \/>\n<meta property=\"og:title\" content=\"Agenda do dia: BC divulga boletim Focus; declara\u00e7\u00f5es de dirigentes do Fed - The Fortune.one\" \/>\n<meta property=\"og:description\" content=\"Somos especialistas em gest\u00e3o patrimonial, op\u00e7\u00f5es de investimentos para diversos perfis, nosso diferencial \u00e9 comprovado com resultados.\" \/>\n<meta property=\"og:url\" content=\"https:\/\/thefortune.one\/en\/agenda-do-dia-bc-divulga-boletim-focus-declaracoes-de-dirigentes-do-fed\/\" \/>\n<meta property=\"og:site_name\" content=\"The Fortune.one\" \/>\n<meta property=\"article:published_time\" content=\"2023-07-10T13:10:08+00:00\" \/>\n<meta property=\"og:image\" content=\"https:\/\/thefortune.one\/wp-content\/uploads\/2023\/07\/banco-central.jpg\" \/>\n\t<meta property=\"og:image:width\" content=\"1024\" \/>\n\t<meta property=\"og:image:height\" content=\"683\" \/>\n\t<meta property=\"og:image:type\" content=\"image\/jpeg\" \/>\n<meta name=\"author\" content=\"bianca\" \/>\n<meta name=\"twitter:card\" content=\"summary_large_image\" \/>\n<meta name=\"twitter:label1\" content=\"Written by\" \/>\n\t<meta name=\"twitter:data1\" content=\"bianca\" \/>\n\t<meta name=\"twitter:label2\" content=\"Est. reading time\" \/>\n\t<meta name=\"twitter:data2\" content=\"5 minutes\" \/>\n<script type=\"application\/ld+json\" class=\"yoast-schema-graph\">{\"@context\":\"https:\\\/\\\/schema.org\",\"@graph\":[{\"@type\":\"Article\",\"@id\":\"https:\\\/\\\/thefortune.one\\\/pt\\\/agenda-do-dia-bc-divulga-boletim-focus-declaracoes-de-dirigentes-do-fed\\\/#article\",\"isPartOf\":{\"@id\":\"https:\\\/\\\/thefortune.one\\\/pt\\\/agenda-do-dia-bc-divulga-boletim-focus-declaracoes-de-dirigentes-do-fed\\\/\"},\"author\":{\"name\":\"bianca\",\"@id\":\"https:\\\/\\\/thefortune.one\\\/pt\\\/#\\\/schema\\\/person\\\/6cd8fe72a627d36caabf41815984a16f\"},\"headline\":\"Agenda do dia: BC divulga boletim Focus; declara\u00e7\u00f5es de dirigentes do Fed\",\"datePublished\":\"2023-07-10T13:10:08+00:00\",\"mainEntityOfPage\":{\"@id\":\"https:\\\/\\\/thefortune.one\\\/pt\\\/agenda-do-dia-bc-divulga-boletim-focus-declaracoes-de-dirigentes-do-fed\\\/\"},\"wordCount\":1035,\"commentCount\":0,\"publisher\":{\"@id\":\"https:\\\/\\\/thefortune.one\\\/pt\\\/#organization\"},\"image\":{\"@id\":\"https:\\\/\\\/thefortune.one\\\/pt\\\/agenda-do-dia-bc-divulga-boletim-focus-declaracoes-de-dirigentes-do-fed\\\/#primaryimage\"},\"thumbnailUrl\":\"https:\\\/\\\/thefortune.one\\\/wp-content\\\/uploads\\\/2023\\\/07\\\/banco-central.jpg\",\"articleSection\":[\"The Fortune.one\"],\"inLanguage\":\"en-US\",\"potentialAction\":[{\"@type\":\"CommentAction\",\"name\":\"Comment\",\"target\":[\"https:\\\/\\\/thefortune.one\\\/pt\\\/agenda-do-dia-bc-divulga-boletim-focus-declaracoes-de-dirigentes-do-fed\\\/#respond\"]}]},{\"@type\":\"WebPage\",\"@id\":\"https:\\\/\\\/thefortune.one\\\/pt\\\/agenda-do-dia-bc-divulga-boletim-focus-declaracoes-de-dirigentes-do-fed\\\/\",\"url\":\"https:\\\/\\\/thefortune.one\\\/pt\\\/agenda-do-dia-bc-divulga-boletim-focus-declaracoes-de-dirigentes-do-fed\\\/\",\"name\":\"Agenda do dia: BC divulga boletim Focus; declara\u00e7\u00f5es de dirigentes do Fed - The Fortune.one\",\"isPartOf\":{\"@id\":\"https:\\\/\\\/thefortune.one\\\/pt\\\/#website\"},\"primaryImageOfPage\":{\"@id\":\"https:\\\/\\\/thefortune.one\\\/pt\\\/agenda-do-dia-bc-divulga-boletim-focus-declaracoes-de-dirigentes-do-fed\\\/#primaryimage\"},\"image\":{\"@id\":\"https:\\\/\\\/thefortune.one\\\/pt\\\/agenda-do-dia-bc-divulga-boletim-focus-declaracoes-de-dirigentes-do-fed\\\/#primaryimage\"},\"thumbnailUrl\":\"https:\\\/\\\/thefortune.one\\\/wp-content\\\/uploads\\\/2023\\\/07\\\/banco-central.jpg\",\"datePublished\":\"2023-07-10T13:10:08+00:00\",\"description\":\"Somos especialistas em gest\u00e3o patrimonial, op\u00e7\u00f5es de investimentos para diversos perfis, nosso diferencial \u00e9 comprovado com resultados.\",\"breadcrumb\":{\"@id\":\"https:\\\/\\\/thefortune.one\\\/pt\\\/agenda-do-dia-bc-divulga-boletim-focus-declaracoes-de-dirigentes-do-fed\\\/#breadcrumb\"},\"inLanguage\":\"en-US\",\"potentialAction\":[{\"@type\":\"ReadAction\",\"target\":[\"https:\\\/\\\/thefortune.one\\\/pt\\\/agenda-do-dia-bc-divulga-boletim-focus-declaracoes-de-dirigentes-do-fed\\\/\"]}]},{\"@type\":\"ImageObject\",\"inLanguage\":\"en-US\",\"@id\":\"https:\\\/\\\/thefortune.one\\\/pt\\\/agenda-do-dia-bc-divulga-boletim-focus-declaracoes-de-dirigentes-do-fed\\\/#primaryimage\",\"url\":\"https:\\\/\\\/thefortune.one\\\/wp-content\\\/uploads\\\/2023\\\/07\\\/banco-central.jpg\",\"contentUrl\":\"https:\\\/\\\/thefortune.one\\\/wp-content\\\/uploads\\\/2023\\\/07\\\/banco-central.jpg\",\"width\":1024,\"height\":683},{\"@type\":\"BreadcrumbList\",\"@id\":\"https:\\\/\\\/thefortune.one\\\/pt\\\/agenda-do-dia-bc-divulga-boletim-focus-declaracoes-de-dirigentes-do-fed\\\/#breadcrumb\",\"itemListElement\":[{\"@type\":\"ListItem\",\"position\":1,\"name\":\"In\u00edcio\",\"item\":\"https:\\\/\\\/thefortune.one\\\/pt\\\/\"},{\"@type\":\"ListItem\",\"position\":2,\"name\":\"Agenda do dia: BC divulga boletim Focus; declara\u00e7\u00f5es de dirigentes do Fed\"}]},{\"@type\":\"WebSite\",\"@id\":\"https:\\\/\\\/thefortune.one\\\/pt\\\/#website\",\"url\":\"https:\\\/\\\/thefortune.one\\\/pt\\\/\",\"name\":\"The Fortune.one\",\"description\":\"Gestora de Recursos Especializada em Private Equity\",\"publisher\":{\"@id\":\"https:\\\/\\\/thefortune.one\\\/pt\\\/#organization\"},\"potentialAction\":[{\"@type\":\"SearchAction\",\"target\":{\"@type\":\"EntryPoint\",\"urlTemplate\":\"https:\\\/\\\/thefortune.one\\\/pt\\\/?s={search_term_string}\"},\"query-input\":{\"@type\":\"PropertyValueSpecification\",\"valueRequired\":true,\"valueName\":\"search_term_string\"}}],\"inLanguage\":\"en-US\"},{\"@type\":\"Organization\",\"@id\":\"https:\\\/\\\/thefortune.one\\\/pt\\\/#organization\",\"name\":\"The Fortune One\",\"url\":\"https:\\\/\\\/thefortune.one\\\/pt\\\/\",\"logo\":{\"@type\":\"ImageObject\",\"inLanguage\":\"en-US\",\"@id\":\"https:\\\/\\\/thefortune.one\\\/pt\\\/#\\\/schema\\\/logo\\\/image\\\/\",\"url\":\"https:\\\/\\\/thefortune.one\\\/wp-content\\\/uploads\\\/2022\\\/11\\\/cropped-cropped-1651682701199-1.jpg\",\"contentUrl\":\"https:\\\/\\\/thefortune.one\\\/wp-content\\\/uploads\\\/2022\\\/11\\\/cropped-cropped-1651682701199-1.jpg\",\"width\":369,\"height\":421,\"caption\":\"The Fortune One\"},\"image\":{\"@id\":\"https:\\\/\\\/thefortune.one\\\/pt\\\/#\\\/schema\\\/logo\\\/image\\\/\"}},{\"@type\":\"Person\",\"@id\":\"https:\\\/\\\/thefortune.one\\\/pt\\\/#\\\/schema\\\/person\\\/6cd8fe72a627d36caabf41815984a16f\",\"name\":\"bianca\",\"image\":{\"@type\":\"ImageObject\",\"inLanguage\":\"en-US\",\"@id\":\"https:\\\/\\\/secure.gravatar.com\\\/avatar\\\/66cd7b00d93410555e00d1e6a911a86de0cd0cfa4f83a2f8b47eddc2968c98af?s=96&d=mm&r=g\",\"url\":\"https:\\\/\\\/secure.gravatar.com\\\/avatar\\\/66cd7b00d93410555e00d1e6a911a86de0cd0cfa4f83a2f8b47eddc2968c98af?s=96&d=mm&r=g\",\"contentUrl\":\"https:\\\/\\\/secure.gravatar.com\\\/avatar\\\/66cd7b00d93410555e00d1e6a911a86de0cd0cfa4f83a2f8b47eddc2968c98af?s=96&d=mm&r=g\",\"caption\":\"bianca\"},\"url\":\"https:\\\/\\\/thefortune.one\\\/en\\\/author\\\/bianca\\\/\"}]}<\/script>\n<!-- \/ Yoast SEO plugin. -->","yoast_head_json":{"title":"Agenda do dia: BC divulga boletim Focus; declara\u00e7\u00f5es de dirigentes do Fed - The Fortune.one","description":"Somos especialistas em gest\u00e3o patrimonial, op\u00e7\u00f5es de investimentos para diversos perfis, nosso diferencial \u00e9 comprovado com resultados.","robots":{"index":"index","follow":"follow","max-snippet":"max-snippet:-1","max-image-preview":"max-image-preview:large","max-video-preview":"max-video-preview:-1"},"canonical":"https:\/\/thefortune.one\/en\/agenda-do-dia-bc-divulga-boletim-focus-declaracoes-de-dirigentes-do-fed\/","og_locale":"en_US","og_type":"article","og_title":"Agenda do dia: BC divulga boletim Focus; declara\u00e7\u00f5es de dirigentes do Fed - The Fortune.one","og_description":"Somos especialistas em gest\u00e3o patrimonial, op\u00e7\u00f5es de investimentos para diversos perfis, nosso diferencial \u00e9 comprovado com resultados.","og_url":"https:\/\/thefortune.one\/en\/agenda-do-dia-bc-divulga-boletim-focus-declaracoes-de-dirigentes-do-fed\/","og_site_name":"The Fortune.one","article_published_time":"2023-07-10T13:10:08+00:00","og_image":[{"width":1024,"height":683,"url":"https:\/\/thefortune.one\/wp-content\/uploads\/2023\/07\/banco-central.jpg","type":"image\/jpeg"}],"author":"bianca","twitter_card":"summary_large_image","twitter_misc":{"Written by":"bianca","Est. reading time":"5 minutes"},"schema":{"@context":"https:\/\/schema.org","@graph":[{"@type":"Article","@id":"https:\/\/thefortune.one\/pt\/agenda-do-dia-bc-divulga-boletim-focus-declaracoes-de-dirigentes-do-fed\/#article","isPartOf":{"@id":"https:\/\/thefortune.one\/pt\/agenda-do-dia-bc-divulga-boletim-focus-declaracoes-de-dirigentes-do-fed\/"},"author":{"name":"bianca","@id":"https:\/\/thefortune.one\/pt\/#\/schema\/person\/6cd8fe72a627d36caabf41815984a16f"},"headline":"Agenda do dia: BC divulga boletim Focus; declara\u00e7\u00f5es de dirigentes do Fed","datePublished":"2023-07-10T13:10:08+00:00","mainEntityOfPage":{"@id":"https:\/\/thefortune.one\/pt\/agenda-do-dia-bc-divulga-boletim-focus-declaracoes-de-dirigentes-do-fed\/"},"wordCount":1035,"commentCount":0,"publisher":{"@id":"https:\/\/thefortune.one\/pt\/#organization"},"image":{"@id":"https:\/\/thefortune.one\/pt\/agenda-do-dia-bc-divulga-boletim-focus-declaracoes-de-dirigentes-do-fed\/#primaryimage"},"thumbnailUrl":"https:\/\/thefortune.one\/wp-content\/uploads\/2023\/07\/banco-central.jpg","articleSection":["The Fortune.one"],"inLanguage":"en-US","potentialAction":[{"@type":"CommentAction","name":"Comment","target":["https:\/\/thefortune.one\/pt\/agenda-do-dia-bc-divulga-boletim-focus-declaracoes-de-dirigentes-do-fed\/#respond"]}]},{"@type":"WebPage","@id":"https:\/\/thefortune.one\/pt\/agenda-do-dia-bc-divulga-boletim-focus-declaracoes-de-dirigentes-do-fed\/","url":"https:\/\/thefortune.one\/pt\/agenda-do-dia-bc-divulga-boletim-focus-declaracoes-de-dirigentes-do-fed\/","name":"Agenda do dia: BC divulga boletim Focus; declara\u00e7\u00f5es de dirigentes do Fed - The Fortune.one","isPartOf":{"@id":"https:\/\/thefortune.one\/pt\/#website"},"primaryImageOfPage":{"@id":"https:\/\/thefortune.one\/pt\/agenda-do-dia-bc-divulga-boletim-focus-declaracoes-de-dirigentes-do-fed\/#primaryimage"},"image":{"@id":"https:\/\/thefortune.one\/pt\/agenda-do-dia-bc-divulga-boletim-focus-declaracoes-de-dirigentes-do-fed\/#primaryimage"},"thumbnailUrl":"https:\/\/thefortune.one\/wp-content\/uploads\/2023\/07\/banco-central.jpg","datePublished":"2023-07-10T13:10:08+00:00","description":"Somos especialistas em gest\u00e3o patrimonial, op\u00e7\u00f5es de investimentos para diversos perfis, nosso diferencial \u00e9 comprovado com resultados.","breadcrumb":{"@id":"https:\/\/thefortune.one\/pt\/agenda-do-dia-bc-divulga-boletim-focus-declaracoes-de-dirigentes-do-fed\/#breadcrumb"},"inLanguage":"en-US","potentialAction":[{"@type":"ReadAction","target":["https:\/\/thefortune.one\/pt\/agenda-do-dia-bc-divulga-boletim-focus-declaracoes-de-dirigentes-do-fed\/"]}]},{"@type":"ImageObject","inLanguage":"en-US","@id":"https:\/\/thefortune.one\/pt\/agenda-do-dia-bc-divulga-boletim-focus-declaracoes-de-dirigentes-do-fed\/#primaryimage","url":"https:\/\/thefortune.one\/wp-content\/uploads\/2023\/07\/banco-central.jpg","contentUrl":"https:\/\/thefortune.one\/wp-content\/uploads\/2023\/07\/banco-central.jpg","width":1024,"height":683},{"@type":"BreadcrumbList","@id":"https:\/\/thefortune.one\/pt\/agenda-do-dia-bc-divulga-boletim-focus-declaracoes-de-dirigentes-do-fed\/#breadcrumb","itemListElement":[{"@type":"ListItem","position":1,"name":"In\u00edcio","item":"https:\/\/thefortune.one\/pt\/"},{"@type":"ListItem","position":2,"name":"Agenda do dia: BC divulga boletim Focus; declara\u00e7\u00f5es de dirigentes do Fed"}]},{"@type":"WebSite","@id":"https:\/\/thefortune.one\/pt\/#website","url":"https:\/\/thefortune.one\/pt\/","name":"The Fortune.one","description":"Gestora de Recursos Especializada em Private Equity","publisher":{"@id":"https:\/\/thefortune.one\/pt\/#organization"},"potentialAction":[{"@type":"SearchAction","target":{"@type":"EntryPoint","urlTemplate":"https:\/\/thefortune.one\/pt\/?s={search_term_string}"},"query-input":{"@type":"PropertyValueSpecification","valueRequired":true,"valueName":"search_term_string"}}],"inLanguage":"en-US"},{"@type":"Organization","@id":"https:\/\/thefortune.one\/pt\/#organization","name":"The Fortune One","url":"https:\/\/thefortune.one\/pt\/","logo":{"@type":"ImageObject","inLanguage":"en-US","@id":"https:\/\/thefortune.one\/pt\/#\/schema\/logo\/image\/","url":"https:\/\/thefortune.one\/wp-content\/uploads\/2022\/11\/cropped-cropped-1651682701199-1.jpg","contentUrl":"https:\/\/thefortune.one\/wp-content\/uploads\/2022\/11\/cropped-cropped-1651682701199-1.jpg","width":369,"height":421,"caption":"The Fortune One"},"image":{"@id":"https:\/\/thefortune.one\/pt\/#\/schema\/logo\/image\/"}},{"@type":"Person","@id":"https:\/\/thefortune.one\/pt\/#\/schema\/person\/6cd8fe72a627d36caabf41815984a16f","name":"bianca","image":{"@type":"ImageObject","inLanguage":"en-US","@id":"https:\/\/secure.gravatar.com\/avatar\/66cd7b00d93410555e00d1e6a911a86de0cd0cfa4f83a2f8b47eddc2968c98af?s=96&d=mm&r=g","url":"https:\/\/secure.gravatar.com\/avatar\/66cd7b00d93410555e00d1e6a911a86de0cd0cfa4f83a2f8b47eddc2968c98af?s=96&d=mm&r=g","contentUrl":"https:\/\/secure.gravatar.com\/avatar\/66cd7b00d93410555e00d1e6a911a86de0cd0cfa4f83a2f8b47eddc2968c98af?s=96&d=mm&r=g","caption":"bianca"},"url":"https:\/\/thefortune.one\/en\/author\/bianca\/"}]}},"_links":{"self":[{"href":"https:\/\/thefortune.one\/en\/wp-json\/wp\/v2\/posts\/3945","targetHints":{"allow":["GET"]}}],"collection":[{"href":"https:\/\/thefortune.one\/en\/wp-json\/wp\/v2\/posts"}],"about":[{"href":"https:\/\/thefortune.one\/en\/wp-json\/wp\/v2\/types\/post"}],"author":[{"embeddable":true,"href":"https:\/\/thefortune.one\/en\/wp-json\/wp\/v2\/users\/3"}],"replies":[{"embeddable":true,"href":"https:\/\/thefortune.one\/en\/wp-json\/wp\/v2\/comments?post=3945"}],"version-history":[{"count":1,"href":"https:\/\/thefortune.one\/en\/wp-json\/wp\/v2\/posts\/3945\/revisions"}],"predecessor-version":[{"id":3948,"href":"https:\/\/thefortune.one\/en\/wp-json\/wp\/v2\/posts\/3945\/revisions\/3948"}],"wp:featuredmedia":[{"embeddable":true,"href":"https:\/\/thefortune.one\/en\/wp-json\/wp\/v2\/media\/3946"}],"wp:attachment":[{"href":"https:\/\/thefortune.one\/en\/wp-json\/wp\/v2\/media?parent=3945"}],"wp:term":[{"taxonomy":"category","embeddable":true,"href":"https:\/\/thefortune.one\/en\/wp-json\/wp\/v2\/categories?post=3945"},{"taxonomy":"post_tag","embeddable":true,"href":"https:\/\/thefortune.one\/en\/wp-json\/wp\/v2\/tags?post=3945"}],"curies":[{"name":"wp","href":"https:\/\/api.w.org\/{rel}","templated":true}]}}