{"id":3918,"date":"2023-06-30T12:32:26","date_gmt":"2023-06-30T12:32:26","guid":{"rendered":"https:\/\/thefortune.one\/?p=3918"},"modified":"2023-06-30T12:32:26","modified_gmt":"2023-06-30T12:32:26","slug":"o-recado-de-campos-neto-sobre-o-corte-da-taxa-selic","status":"publish","type":"post","link":"https:\/\/thefortune.one\/en\/o-recado-de-campos-neto-sobre-o-corte-da-taxa-selic\/","title":{"rendered":"O recado de Campos Neto sobre o corte da taxa Selic"},"content":{"rendered":"\n<figure class=\"wp-block-image\" id=\"attachment_888803\"><img decoding=\"async\" src=\"https:\/\/media.moneytimes.com.br\/uploads\/2023\/05\/roberto-campos-neto-1.jpg\" alt=\"Roberto Campos Neto\" class=\"wp-image-888803\" \/><figcaption class=\"wp-element-caption\">Decis\u00e3o CMN tamb\u00e9m \u00e9 decisiva para o futuro da Selic (Imagem: Pedro Fran\u00e7a\/Ag\u00eancia Senado)<\/figcaption><\/figure>\n\n\n\n<p>O presidente do&nbsp;<a href=\"https:\/\/www.moneytimes.com.br\/tag\/banco-central\/\"><strong>Banco Central<\/strong><\/a>&nbsp;(BC),&nbsp;<strong><a href=\"https:\/\/www.moneytimes.com.br\/tag\/roberto-campos-neto\/\">Roberto Campos Neto<\/a><\/strong>, refor\u00e7ou que a porta est\u00e1 aberta para cortes na&nbsp;<strong>taxa Selic<\/strong>, em entrevista coletiva ap\u00f3s a apresenta\u00e7\u00e3o do&nbsp;<strong>Relat\u00f3rio Trimestral de Infla\u00e7\u00e3o<\/strong>&nbsp;nesta quinta-feira (29).<\/p>\n\n\n\n<p>Apesar de ru\u00eddos, a inten\u00e7\u00e3o do pr\u00f3prio comunicado do Comit\u00ea da Pol\u00edtica Monet\u00e1ria (<strong><a href=\"https:\/\/www.moneytimes.com.br\/tag\/copom\/\">Copom<\/a><\/strong>) j\u00e1 era indicar que o afrouxamento monet\u00e1rio est\u00e1 no radar, como foi confirmado pela ata, disse Campos Neto.<\/p>\n\n\n\n<p>O presidente do BC afirmou que, na \u00faltima reuni\u00e3o do Copom, uma parte dos membros j\u00e1 enxergava um cen\u00e1rio vi\u00e1vel para corte dos juros, mas uma outra parcela ainda n\u00e3o. Para a pr\u00f3xima decis\u00e3o, em agosto, o cen\u00e1rio deve ser similar.<\/p>\n\n\n\n<p>Para Campos Neto, o processo do corte de juros tem que ser feito \u201ccom parcim\u00f4nia\u201d. \u201cA manuten\u00e7\u00e3o dos juros nos \u00faltimos meses tem se mostrado adequada para assegurar a converg\u00eancia da infla\u00e7\u00e3o\u201d, afirmou.<\/p>\n\n\n\n<p>O presidente tamb\u00e9m se mostrou otimista em rela\u00e7\u00e3o ao caminho da economia brasileira. \u201cN\u00f3s temos uma melhora. A desinfla\u00e7\u00e3o est\u00e1 em curso, mas ela \u00e9 lenta\u201d, ressaltou.<\/p>\n\n\n\n<h2 class=\"wp-block-heading\">Meta da infla\u00e7\u00e3o \u00e9 decisiva para Selic<\/h2>\n\n\n\n<p>Tamb\u00e9m hoje, o Conselho Monet\u00e1rio Nacional (<strong><a href=\"https:\/\/www.moneytimes.com.br\/tag\/cmn\/\">CMN<\/a><\/strong>) se re\u00fane para definir a meta da infla\u00e7\u00e3o de 2026 e, possivelmente, revisar as de 2024 e 2025 \u2014 de 3% ambas.<\/p>\n\n\n\n<p>A expectativa \u00e9 que os membros do CMN mantenham o patamar de 3% para 2026, assim como a margem de toler\u00e2ncia de 1,5 ponto percentual para mais ou para menos. No entanto, o que pode ser alterada \u00e9 a apura\u00e7\u00e3o da infla\u00e7\u00e3o de ano-calend\u00e1rio para cont\u00ednua.<\/p>\n\n\n\n<ul class=\"wp-block-list\">\n<li>Copom e infla\u00e7\u00e3o mexeram com os mercados nessa semana: Como investir nesse cen\u00e1rio?&nbsp;<strong><a href=\"https:\/\/www.youtube.com\/watch?v=xmp6kUSi2X0\">Clique aqui para assistir ao Giro do Mercado<\/a><\/strong>&nbsp;e veja quais s\u00e3o as perspectivas para o Ibovespa.&nbsp;<strong><a href=\"https:\/\/www.youtube.com\/@MoneyTimesBR?sub_confirmation=1\">Inscreva-se no nosso canal<\/a><\/strong>&nbsp;e fique ligado nas pr\u00f3ximas lives, de segunda a sexta-feira, \u00e0s 12h.<\/li>\n<\/ul>\n\n\n\n<figure class=\"wp-block-embed is-type-rich is-provider-embed-handler wp-block-embed-embed-handler\"><div class=\"wp-block-embed__wrapper\">\nhttps:\/\/youtube.com\/watch?v=xmp6kUSi2X0%3Ffeature%3Doembed\n<\/div><\/figure>\n\n\n\n<p>Para Campos Neto, \u201ca meta da infla\u00e7\u00e3o cont\u00ednua \u00e9 mais eficiente\u201d. \u201c\u00c9 importante que o Banco Central tenha flexibilidade, n\u00e3o deve estar ref\u00e9m de uma converg\u00eancia que fosse ano-fiscal\u201d, disse.<\/p>\n\n\n\n<p>A reuni\u00e3o do CMN tamb\u00e9m \u00e9 decisiva para o futuro da pol\u00edtica monet\u00e1ria brasileira. O presidente do Banco Central afirmou que, se a mudan\u00e7a na meta, rebaixar as expectativa para o IPCA, o processo de corte da Selic pode ser mais r\u00e1pido. O contr\u00e1rio tamb\u00e9m \u00e9 v\u00e1lido.<\/p>\n\n\n\n<h2 class=\"wp-block-heading\">O relat\u00f3rio de infla\u00e7\u00e3o<\/h2>\n\n\n\n<p>O Relat\u00f3rio Trimestral de Infla\u00e7\u00e3o (RTI), divulgado hoje, mostrou um ajuste baixista das proje\u00e7\u00f5es do\u00a0<strong>\u00cdndice Nacional de Pre\u00e7os ao Consumidor Amplo<\/strong>\u00a0(<strong>IPCA<\/strong>). A autoridade monet\u00e1ria revisou a estimativa para o\u00a0<strong>infla\u00e7\u00e3o<\/strong>\u00a0de junho de alta de 0,29% para queda de 0,08%.<\/p>\n\n\n\n<p>Al\u00e9m disso, a previs\u00e3o do BC \u00e9 de aumentos de 0,29%, 0,25% e 0,26% para os IPCA de julho, agosto e setembro, respectivamente.<\/p>\n\n\n\n<p>Em um ano, a infla\u00e7\u00e3o cede de 3,94% em maio para 3,16% em junho, refletindo as desonera\u00e7\u00f5es tribut\u00e1rias do ano passado, mas atinge 5,38% em setembro, de acordo com c\u00e1lculos do Banco.<\/p>\n\n\n\n<p>O BC tamb\u00e9m revisou o Produto Interno Bruto (<strong><a href=\"https:\/\/www.moneytimes.com.br\/tag\/pib\/\">PIB<\/a><\/strong>) de 2023 de alta de +1,2% para alta de +2,0%<\/p>\n\n\n\n<p>Fontes:https:\/\/www.moneytimes.com.br\/o-recado-de-campos-neto-sobre-o-corte-da-taxa-selic\/<\/p>\n\n\n\n<p><\/p>\n\n\n\n<p><\/p>\n","protected":false},"excerpt":{"rendered":"<p>O presidente do&nbsp;Banco Central&nbsp;(BC),&nbsp;Roberto Campos Neto, refor\u00e7ou que a porta est\u00e1 aberta para cortes na&nbsp;taxa Selic, em entrevista coletiva ap\u00f3s a apresenta\u00e7\u00e3o do&nbsp;Relat\u00f3rio Trimestral de Infla\u00e7\u00e3o&nbsp;nesta quinta-feira (29). Apesar de ru\u00eddos, a inten\u00e7\u00e3o do pr\u00f3prio comunicado do Comit\u00ea da Pol\u00edtica Monet\u00e1ria (Copom) j\u00e1 era indicar que o afrouxamento monet\u00e1rio est\u00e1 no radar, como foi confirmado [&hellip;]<\/p>\n","protected":false},"author":3,"featured_media":3919,"comment_status":"open","ping_status":"open","sticky":false,"template":"","format":"standard","meta":{"_joinchat":[],"footnotes":""},"categories":[1],"tags":[],"class_list":["post-3918","post","type-post","status-publish","format-standard","has-post-thumbnail","hentry","category-the-fortune-one"],"yoast_head":"<!-- This site is optimized with the Yoast SEO plugin v27.5 - https:\/\/yoast.com\/product\/yoast-seo-wordpress\/ -->\n<title>O recado de Campos Neto sobre o corte da taxa Selic - The Fortune.one<\/title>\n<meta name=\"description\" content=\"Somos especialistas em gest\u00e3o patrimonial, op\u00e7\u00f5es de investimentos para diversos perfis, nosso diferencial \u00e9 comprovado com resultados.\" \/>\n<meta name=\"robots\" content=\"index, follow, max-snippet:-1, max-image-preview:large, max-video-preview:-1\" \/>\n<link rel=\"canonical\" href=\"https:\/\/thefortune.one\/en\/o-recado-de-campos-neto-sobre-o-corte-da-taxa-selic\/\" \/>\n<meta property=\"og:locale\" content=\"en_US\" \/>\n<meta property=\"og:type\" content=\"article\" \/>\n<meta property=\"og:title\" content=\"O recado de Campos Neto sobre o corte da taxa Selic - The Fortune.one\" \/>\n<meta property=\"og:description\" content=\"Somos especialistas em gest\u00e3o patrimonial, op\u00e7\u00f5es de investimentos para diversos perfis, nosso diferencial \u00e9 comprovado com resultados.\" \/>\n<meta property=\"og:url\" content=\"https:\/\/thefortune.one\/en\/o-recado-de-campos-neto-sobre-o-corte-da-taxa-selic\/\" \/>\n<meta property=\"og:site_name\" content=\"The Fortune.one\" \/>\n<meta property=\"article:published_time\" content=\"2023-06-30T12:32:26+00:00\" \/>\n<meta property=\"og:image\" content=\"https:\/\/thefortune.one\/wp-content\/uploads\/2023\/06\/roberto-campos-neto-1.jpg\" \/>\n\t<meta property=\"og:image:width\" content=\"1280\" \/>\n\t<meta property=\"og:image:height\" content=\"680\" \/>\n\t<meta property=\"og:image:type\" content=\"image\/jpeg\" \/>\n<meta name=\"author\" content=\"bianca\" \/>\n<meta name=\"twitter:card\" content=\"summary_large_image\" \/>\n<meta name=\"twitter:label1\" content=\"Written by\" \/>\n\t<meta name=\"twitter:data1\" content=\"bianca\" \/>\n\t<meta name=\"twitter:label2\" content=\"Est. reading time\" \/>\n\t<meta name=\"twitter:data2\" content=\"3 minutes\" \/>\n<script type=\"application\/ld+json\" class=\"yoast-schema-graph\">{\"@context\":\"https:\\\/\\\/schema.org\",\"@graph\":[{\"@type\":\"Article\",\"@id\":\"https:\\\/\\\/thefortune.one\\\/pt\\\/o-recado-de-campos-neto-sobre-o-corte-da-taxa-selic\\\/#article\",\"isPartOf\":{\"@id\":\"https:\\\/\\\/thefortune.one\\\/pt\\\/o-recado-de-campos-neto-sobre-o-corte-da-taxa-selic\\\/\"},\"author\":{\"name\":\"bianca\",\"@id\":\"https:\\\/\\\/thefortune.one\\\/pt\\\/#\\\/schema\\\/person\\\/6cd8fe72a627d36caabf41815984a16f\"},\"headline\":\"O recado de Campos Neto sobre o corte da taxa Selic\",\"datePublished\":\"2023-06-30T12:32:26+00:00\",\"mainEntityOfPage\":{\"@id\":\"https:\\\/\\\/thefortune.one\\\/pt\\\/o-recado-de-campos-neto-sobre-o-corte-da-taxa-selic\\\/\"},\"wordCount\":588,\"commentCount\":0,\"publisher\":{\"@id\":\"https:\\\/\\\/thefortune.one\\\/pt\\\/#organization\"},\"image\":{\"@id\":\"https:\\\/\\\/thefortune.one\\\/pt\\\/o-recado-de-campos-neto-sobre-o-corte-da-taxa-selic\\\/#primaryimage\"},\"thumbnailUrl\":\"https:\\\/\\\/thefortune.one\\\/wp-content\\\/uploads\\\/2023\\\/06\\\/roberto-campos-neto-1.jpg\",\"articleSection\":[\"The Fortune.one\"],\"inLanguage\":\"en-US\",\"potentialAction\":[{\"@type\":\"CommentAction\",\"name\":\"Comment\",\"target\":[\"https:\\\/\\\/thefortune.one\\\/pt\\\/o-recado-de-campos-neto-sobre-o-corte-da-taxa-selic\\\/#respond\"]}]},{\"@type\":\"WebPage\",\"@id\":\"https:\\\/\\\/thefortune.one\\\/pt\\\/o-recado-de-campos-neto-sobre-o-corte-da-taxa-selic\\\/\",\"url\":\"https:\\\/\\\/thefortune.one\\\/pt\\\/o-recado-de-campos-neto-sobre-o-corte-da-taxa-selic\\\/\",\"name\":\"O recado de Campos Neto sobre o corte da taxa Selic - The Fortune.one\",\"isPartOf\":{\"@id\":\"https:\\\/\\\/thefortune.one\\\/pt\\\/#website\"},\"primaryImageOfPage\":{\"@id\":\"https:\\\/\\\/thefortune.one\\\/pt\\\/o-recado-de-campos-neto-sobre-o-corte-da-taxa-selic\\\/#primaryimage\"},\"image\":{\"@id\":\"https:\\\/\\\/thefortune.one\\\/pt\\\/o-recado-de-campos-neto-sobre-o-corte-da-taxa-selic\\\/#primaryimage\"},\"thumbnailUrl\":\"https:\\\/\\\/thefortune.one\\\/wp-content\\\/uploads\\\/2023\\\/06\\\/roberto-campos-neto-1.jpg\",\"datePublished\":\"2023-06-30T12:32:26+00:00\",\"description\":\"Somos especialistas em gest\u00e3o patrimonial, op\u00e7\u00f5es de investimentos para diversos perfis, nosso diferencial \u00e9 comprovado com resultados.\",\"breadcrumb\":{\"@id\":\"https:\\\/\\\/thefortune.one\\\/pt\\\/o-recado-de-campos-neto-sobre-o-corte-da-taxa-selic\\\/#breadcrumb\"},\"inLanguage\":\"en-US\",\"potentialAction\":[{\"@type\":\"ReadAction\",\"target\":[\"https:\\\/\\\/thefortune.one\\\/pt\\\/o-recado-de-campos-neto-sobre-o-corte-da-taxa-selic\\\/\"]}]},{\"@type\":\"ImageObject\",\"inLanguage\":\"en-US\",\"@id\":\"https:\\\/\\\/thefortune.one\\\/pt\\\/o-recado-de-campos-neto-sobre-o-corte-da-taxa-selic\\\/#primaryimage\",\"url\":\"https:\\\/\\\/thefortune.one\\\/wp-content\\\/uploads\\\/2023\\\/06\\\/roberto-campos-neto-1.jpg\",\"contentUrl\":\"https:\\\/\\\/thefortune.one\\\/wp-content\\\/uploads\\\/2023\\\/06\\\/roberto-campos-neto-1.jpg\",\"width\":1280,\"height\":680},{\"@type\":\"BreadcrumbList\",\"@id\":\"https:\\\/\\\/thefortune.one\\\/pt\\\/o-recado-de-campos-neto-sobre-o-corte-da-taxa-selic\\\/#breadcrumb\",\"itemListElement\":[{\"@type\":\"ListItem\",\"position\":1,\"name\":\"In\u00edcio\",\"item\":\"https:\\\/\\\/thefortune.one\\\/pt\\\/\"},{\"@type\":\"ListItem\",\"position\":2,\"name\":\"O recado de Campos Neto sobre o corte da taxa Selic\"}]},{\"@type\":\"WebSite\",\"@id\":\"https:\\\/\\\/thefortune.one\\\/pt\\\/#website\",\"url\":\"https:\\\/\\\/thefortune.one\\\/pt\\\/\",\"name\":\"The Fortune.one\",\"description\":\"Gestora de Recursos Especializada em Private Equity\",\"publisher\":{\"@id\":\"https:\\\/\\\/thefortune.one\\\/pt\\\/#organization\"},\"potentialAction\":[{\"@type\":\"SearchAction\",\"target\":{\"@type\":\"EntryPoint\",\"urlTemplate\":\"https:\\\/\\\/thefortune.one\\\/pt\\\/?s={search_term_string}\"},\"query-input\":{\"@type\":\"PropertyValueSpecification\",\"valueRequired\":true,\"valueName\":\"search_term_string\"}}],\"inLanguage\":\"en-US\"},{\"@type\":\"Organization\",\"@id\":\"https:\\\/\\\/thefortune.one\\\/pt\\\/#organization\",\"name\":\"The Fortune One\",\"url\":\"https:\\\/\\\/thefortune.one\\\/pt\\\/\",\"logo\":{\"@type\":\"ImageObject\",\"inLanguage\":\"en-US\",\"@id\":\"https:\\\/\\\/thefortune.one\\\/pt\\\/#\\\/schema\\\/logo\\\/image\\\/\",\"url\":\"https:\\\/\\\/thefortune.one\\\/wp-content\\\/uploads\\\/2022\\\/11\\\/cropped-cropped-1651682701199-1.jpg\",\"contentUrl\":\"https:\\\/\\\/thefortune.one\\\/wp-content\\\/uploads\\\/2022\\\/11\\\/cropped-cropped-1651682701199-1.jpg\",\"width\":369,\"height\":421,\"caption\":\"The Fortune One\"},\"image\":{\"@id\":\"https:\\\/\\\/thefortune.one\\\/pt\\\/#\\\/schema\\\/logo\\\/image\\\/\"}},{\"@type\":\"Person\",\"@id\":\"https:\\\/\\\/thefortune.one\\\/pt\\\/#\\\/schema\\\/person\\\/6cd8fe72a627d36caabf41815984a16f\",\"name\":\"bianca\",\"image\":{\"@type\":\"ImageObject\",\"inLanguage\":\"en-US\",\"@id\":\"https:\\\/\\\/secure.gravatar.com\\\/avatar\\\/66cd7b00d93410555e00d1e6a911a86de0cd0cfa4f83a2f8b47eddc2968c98af?s=96&d=mm&r=g\",\"url\":\"https:\\\/\\\/secure.gravatar.com\\\/avatar\\\/66cd7b00d93410555e00d1e6a911a86de0cd0cfa4f83a2f8b47eddc2968c98af?s=96&d=mm&r=g\",\"contentUrl\":\"https:\\\/\\\/secure.gravatar.com\\\/avatar\\\/66cd7b00d93410555e00d1e6a911a86de0cd0cfa4f83a2f8b47eddc2968c98af?s=96&d=mm&r=g\",\"caption\":\"bianca\"},\"url\":\"https:\\\/\\\/thefortune.one\\\/en\\\/author\\\/bianca\\\/\"}]}<\/script>\n<!-- \/ Yoast SEO plugin. -->","yoast_head_json":{"title":"O recado de Campos Neto sobre o corte da taxa Selic - The Fortune.one","description":"Somos especialistas em gest\u00e3o patrimonial, op\u00e7\u00f5es de investimentos para diversos perfis, nosso diferencial \u00e9 comprovado com resultados.","robots":{"index":"index","follow":"follow","max-snippet":"max-snippet:-1","max-image-preview":"max-image-preview:large","max-video-preview":"max-video-preview:-1"},"canonical":"https:\/\/thefortune.one\/en\/o-recado-de-campos-neto-sobre-o-corte-da-taxa-selic\/","og_locale":"en_US","og_type":"article","og_title":"O recado de Campos Neto sobre o corte da taxa Selic - The Fortune.one","og_description":"Somos especialistas em gest\u00e3o patrimonial, op\u00e7\u00f5es de investimentos para diversos perfis, nosso diferencial \u00e9 comprovado com resultados.","og_url":"https:\/\/thefortune.one\/en\/o-recado-de-campos-neto-sobre-o-corte-da-taxa-selic\/","og_site_name":"The Fortune.one","article_published_time":"2023-06-30T12:32:26+00:00","og_image":[{"width":1280,"height":680,"url":"https:\/\/thefortune.one\/wp-content\/uploads\/2023\/06\/roberto-campos-neto-1.jpg","type":"image\/jpeg"}],"author":"bianca","twitter_card":"summary_large_image","twitter_misc":{"Written by":"bianca","Est. reading time":"3 minutes"},"schema":{"@context":"https:\/\/schema.org","@graph":[{"@type":"Article","@id":"https:\/\/thefortune.one\/pt\/o-recado-de-campos-neto-sobre-o-corte-da-taxa-selic\/#article","isPartOf":{"@id":"https:\/\/thefortune.one\/pt\/o-recado-de-campos-neto-sobre-o-corte-da-taxa-selic\/"},"author":{"name":"bianca","@id":"https:\/\/thefortune.one\/pt\/#\/schema\/person\/6cd8fe72a627d36caabf41815984a16f"},"headline":"O recado de Campos Neto sobre o corte da taxa Selic","datePublished":"2023-06-30T12:32:26+00:00","mainEntityOfPage":{"@id":"https:\/\/thefortune.one\/pt\/o-recado-de-campos-neto-sobre-o-corte-da-taxa-selic\/"},"wordCount":588,"commentCount":0,"publisher":{"@id":"https:\/\/thefortune.one\/pt\/#organization"},"image":{"@id":"https:\/\/thefortune.one\/pt\/o-recado-de-campos-neto-sobre-o-corte-da-taxa-selic\/#primaryimage"},"thumbnailUrl":"https:\/\/thefortune.one\/wp-content\/uploads\/2023\/06\/roberto-campos-neto-1.jpg","articleSection":["The Fortune.one"],"inLanguage":"en-US","potentialAction":[{"@type":"CommentAction","name":"Comment","target":["https:\/\/thefortune.one\/pt\/o-recado-de-campos-neto-sobre-o-corte-da-taxa-selic\/#respond"]}]},{"@type":"WebPage","@id":"https:\/\/thefortune.one\/pt\/o-recado-de-campos-neto-sobre-o-corte-da-taxa-selic\/","url":"https:\/\/thefortune.one\/pt\/o-recado-de-campos-neto-sobre-o-corte-da-taxa-selic\/","name":"O recado de Campos Neto sobre o corte da taxa Selic - The Fortune.one","isPartOf":{"@id":"https:\/\/thefortune.one\/pt\/#website"},"primaryImageOfPage":{"@id":"https:\/\/thefortune.one\/pt\/o-recado-de-campos-neto-sobre-o-corte-da-taxa-selic\/#primaryimage"},"image":{"@id":"https:\/\/thefortune.one\/pt\/o-recado-de-campos-neto-sobre-o-corte-da-taxa-selic\/#primaryimage"},"thumbnailUrl":"https:\/\/thefortune.one\/wp-content\/uploads\/2023\/06\/roberto-campos-neto-1.jpg","datePublished":"2023-06-30T12:32:26+00:00","description":"Somos especialistas em gest\u00e3o patrimonial, op\u00e7\u00f5es de investimentos para diversos perfis, nosso diferencial \u00e9 comprovado com resultados.","breadcrumb":{"@id":"https:\/\/thefortune.one\/pt\/o-recado-de-campos-neto-sobre-o-corte-da-taxa-selic\/#breadcrumb"},"inLanguage":"en-US","potentialAction":[{"@type":"ReadAction","target":["https:\/\/thefortune.one\/pt\/o-recado-de-campos-neto-sobre-o-corte-da-taxa-selic\/"]}]},{"@type":"ImageObject","inLanguage":"en-US","@id":"https:\/\/thefortune.one\/pt\/o-recado-de-campos-neto-sobre-o-corte-da-taxa-selic\/#primaryimage","url":"https:\/\/thefortune.one\/wp-content\/uploads\/2023\/06\/roberto-campos-neto-1.jpg","contentUrl":"https:\/\/thefortune.one\/wp-content\/uploads\/2023\/06\/roberto-campos-neto-1.jpg","width":1280,"height":680},{"@type":"BreadcrumbList","@id":"https:\/\/thefortune.one\/pt\/o-recado-de-campos-neto-sobre-o-corte-da-taxa-selic\/#breadcrumb","itemListElement":[{"@type":"ListItem","position":1,"name":"In\u00edcio","item":"https:\/\/thefortune.one\/pt\/"},{"@type":"ListItem","position":2,"name":"O recado de Campos Neto sobre o corte da taxa Selic"}]},{"@type":"WebSite","@id":"https:\/\/thefortune.one\/pt\/#website","url":"https:\/\/thefortune.one\/pt\/","name":"The Fortune.one","description":"Gestora de Recursos Especializada em Private Equity","publisher":{"@id":"https:\/\/thefortune.one\/pt\/#organization"},"potentialAction":[{"@type":"SearchAction","target":{"@type":"EntryPoint","urlTemplate":"https:\/\/thefortune.one\/pt\/?s={search_term_string}"},"query-input":{"@type":"PropertyValueSpecification","valueRequired":true,"valueName":"search_term_string"}}],"inLanguage":"en-US"},{"@type":"Organization","@id":"https:\/\/thefortune.one\/pt\/#organization","name":"The Fortune One","url":"https:\/\/thefortune.one\/pt\/","logo":{"@type":"ImageObject","inLanguage":"en-US","@id":"https:\/\/thefortune.one\/pt\/#\/schema\/logo\/image\/","url":"https:\/\/thefortune.one\/wp-content\/uploads\/2022\/11\/cropped-cropped-1651682701199-1.jpg","contentUrl":"https:\/\/thefortune.one\/wp-content\/uploads\/2022\/11\/cropped-cropped-1651682701199-1.jpg","width":369,"height":421,"caption":"The Fortune One"},"image":{"@id":"https:\/\/thefortune.one\/pt\/#\/schema\/logo\/image\/"}},{"@type":"Person","@id":"https:\/\/thefortune.one\/pt\/#\/schema\/person\/6cd8fe72a627d36caabf41815984a16f","name":"bianca","image":{"@type":"ImageObject","inLanguage":"en-US","@id":"https:\/\/secure.gravatar.com\/avatar\/66cd7b00d93410555e00d1e6a911a86de0cd0cfa4f83a2f8b47eddc2968c98af?s=96&d=mm&r=g","url":"https:\/\/secure.gravatar.com\/avatar\/66cd7b00d93410555e00d1e6a911a86de0cd0cfa4f83a2f8b47eddc2968c98af?s=96&d=mm&r=g","contentUrl":"https:\/\/secure.gravatar.com\/avatar\/66cd7b00d93410555e00d1e6a911a86de0cd0cfa4f83a2f8b47eddc2968c98af?s=96&d=mm&r=g","caption":"bianca"},"url":"https:\/\/thefortune.one\/en\/author\/bianca\/"}]}},"_links":{"self":[{"href":"https:\/\/thefortune.one\/en\/wp-json\/wp\/v2\/posts\/3918","targetHints":{"allow":["GET"]}}],"collection":[{"href":"https:\/\/thefortune.one\/en\/wp-json\/wp\/v2\/posts"}],"about":[{"href":"https:\/\/thefortune.one\/en\/wp-json\/wp\/v2\/types\/post"}],"author":[{"embeddable":true,"href":"https:\/\/thefortune.one\/en\/wp-json\/wp\/v2\/users\/3"}],"replies":[{"embeddable":true,"href":"https:\/\/thefortune.one\/en\/wp-json\/wp\/v2\/comments?post=3918"}],"version-history":[{"count":1,"href":"https:\/\/thefortune.one\/en\/wp-json\/wp\/v2\/posts\/3918\/revisions"}],"predecessor-version":[{"id":3920,"href":"https:\/\/thefortune.one\/en\/wp-json\/wp\/v2\/posts\/3918\/revisions\/3920"}],"wp:featuredmedia":[{"embeddable":true,"href":"https:\/\/thefortune.one\/en\/wp-json\/wp\/v2\/media\/3919"}],"wp:attachment":[{"href":"https:\/\/thefortune.one\/en\/wp-json\/wp\/v2\/media?parent=3918"}],"wp:term":[{"taxonomy":"category","embeddable":true,"href":"https:\/\/thefortune.one\/en\/wp-json\/wp\/v2\/categories?post=3918"},{"taxonomy":"post_tag","embeddable":true,"href":"https:\/\/thefortune.one\/en\/wp-json\/wp\/v2\/tags?post=3918"}],"curies":[{"name":"wp","href":"https:\/\/api.w.org\/{rel}","templated":true}]}}