{"id":3877,"date":"2023-06-16T12:52:41","date_gmt":"2023-06-16T12:52:41","guid":{"rendered":"https:\/\/thefortune.one\/?p=3877"},"modified":"2023-06-16T12:52:41","modified_gmt":"2023-06-16T12:52:41","slug":"manha-no-mercado-ativos-globais-tem-dia-morno-arcabouco-fiscal-segue-no-radar","status":"publish","type":"post","link":"https:\/\/thefortune.one\/en\/manha-no-mercado-ativos-globais-tem-dia-morno-arcabouco-fiscal-segue-no-radar\/","title":{"rendered":"Manh\u00e3 no mercado: Ativos globais t\u00eam dia morno; arcabou\u00e7o fiscal segue no radar"},"content":{"rendered":"\n<p>Agenda traz poucos indicadores, como confian\u00e7a do consumidor americano<\/p>\n\n\n\n<figure class=\"wp-block-image size-full\"><img fetchpriority=\"high\" decoding=\"async\" width=\"984\" height=\"656\" src=\"https:\/\/thefortune.one\/wp-content\/uploads\/2023\/06\/image-2.png\" alt=\"\" class=\"wp-image-3879\" srcset=\"https:\/\/thefortune.one\/wp-content\/uploads\/2023\/06\/image-2.png 984w, https:\/\/thefortune.one\/wp-content\/uploads\/2023\/06\/image-2-300x200.png 300w, https:\/\/thefortune.one\/wp-content\/uploads\/2023\/06\/image-2-768x512.png 768w, https:\/\/thefortune.one\/wp-content\/uploads\/2023\/06\/image-2-18x12.png 18w\" sizes=\"(max-width: 984px) 100vw, 984px\" \/><\/figure>\n\n\n\n<p>Na esteira de uma reuni\u00e3o sem grandes altera\u00e7\u00f5es na condu\u00e7\u00e3o da pol\u00edtica monet\u00e1ria pelo Banco do Jap\u00e3o (BoJ), os ativos financeiros globais n\u00e3o exibem oscila\u00e7\u00f5es relevantes na manh\u00e3 desta sexta-feira. Os agentes aguardam os poucos dados que ser\u00e3o divulgados ao longo do dia sobre a economia dos Estados Unidos para firmar tend\u00eancia.<\/p>\n\n\n\n<p>O principal destaque ser\u00e1 o \u00edndice de sentimento do consumidor americano, da Universidade de Michigan, que revela, ainda, as expectativas de infla\u00e7\u00e3o de curto e de m\u00e9dio prazo nos EUA. O indicador tende a ser acompanhado de perto pelos participantes do mercado, no momento em que h\u00e1 incerteza sobre o rumo da pol\u00edtica do Federal Reserve (Fed, banco central americano), que tem dividido os agentes. Enquanto uma ala dos investidores espera pelo menos um novo aumento nos juros j\u00e1 em julho, outra parte mant\u00e9m a expectativa de que o Fed deixar\u00e1 as taxas paradas na faixa atual (5% a 5,25%) por um bom tempo.<\/p>\n\n\n\n<p>Passadas as reuni\u00f5es do Fed, do BoJ e do Banco Central Europeu (BCE), o investidor dom\u00e9stico se volta mais diretamente \u00e0s quest\u00f5es locais. \u00c0s v\u00e9speras da decis\u00e3o do Comit\u00ea de Pol\u00edtica Monet\u00e1ria (Copom) do Banco Central (BC), foi a vez do IGP-10 anotar defla\u00e7\u00e3o de 2,20% em junho, o que representa uma leve surpresa baixista em rela\u00e7\u00e3o ao consenso do mercado. Ainda nesta manh\u00e3, sai o IBC-Br de abril, onde a expectativa consensual gira em torno da estabilidade para o indicador.<br>Sem um direcionamento muito forte do exterior e com quest\u00f5es locais de volta ao foco, \u00e9 poss\u00edvel que os ativos dom\u00e9sticos sejam pressionados nesta sexta-feira pelas discuss\u00f5es em torno de altera\u00e7\u00f5es no projeto de arcabou\u00e7o fiscal no Senado. A ideia do relator Omar Aziz \u00e9 retirar o Fundo Constitucional do DF do projeto, o que obrigaria o marco fiscal a retornar \u00e0 C\u00e2mara dos Deputados.<\/p>\n\n\n\n<p>As discuss\u00f5es em torno do arcabou\u00e7o fiscal, assim, podem exigir alguma cautela por parte dos agentes, ao se ter em vista, ainda, que os ativos dom\u00e9sticos \u201candaram\u201d bastante nas \u00faltimas semanas e exibiram forte valoriza\u00e7\u00e3o.<\/p>\n\n\n\n<p>Fonte:https:\/\/valor.globo.com\/financas\/noticia\/2023\/06\/16\/manha-no-mercado-ativos-globais-tem-dia-morno-arcabouco-fiscal-segue-no-radar.ghtml<\/p>\n\n\n\n<p><\/p>\n\n\n\n<p><\/p>\n\n\n\n<p><\/p>\n\n\n\n<p><\/p>\n","protected":false},"excerpt":{"rendered":"<p>Agenda traz poucos indicadores, como confian\u00e7a do consumidor americano Na esteira de uma reuni\u00e3o sem grandes altera\u00e7\u00f5es na condu\u00e7\u00e3o da pol\u00edtica monet\u00e1ria pelo Banco do Jap\u00e3o (BoJ), os ativos financeiros globais n\u00e3o exibem oscila\u00e7\u00f5es relevantes na manh\u00e3 desta sexta-feira. Os agentes aguardam os poucos dados que ser\u00e3o divulgados ao longo do dia sobre a economia [&hellip;]<\/p>\n","protected":false},"author":3,"featured_media":3878,"comment_status":"open","ping_status":"open","sticky":false,"template":"","format":"standard","meta":{"_joinchat":[],"footnotes":""},"categories":[1],"tags":[],"class_list":["post-3877","post","type-post","status-publish","format-standard","has-post-thumbnail","hentry","category-the-fortune-one"],"yoast_head":"<!-- This site is optimized with the Yoast SEO plugin v27.5 - https:\/\/yoast.com\/product\/yoast-seo-wordpress\/ -->\n<title>Manh\u00e3 no mercado: Ativos globais t\u00eam dia morno; arcabou\u00e7o fiscal segue no radar - The Fortune.one<\/title>\n<meta name=\"description\" content=\"Somos especialistas em gest\u00e3o patrimonial, op\u00e7\u00f5es de investimentos para diversos perfis, nosso diferencial \u00e9 comprovado com resultados.\" \/>\n<meta name=\"robots\" content=\"index, follow, max-snippet:-1, max-image-preview:large, max-video-preview:-1\" \/>\n<link rel=\"canonical\" href=\"https:\/\/thefortune.one\/en\/manha-no-mercado-ativos-globais-tem-dia-morno-arcabouco-fiscal-segue-no-radar\/\" \/>\n<meta property=\"og:locale\" content=\"en_US\" \/>\n<meta property=\"og:type\" content=\"article\" \/>\n<meta property=\"og:title\" content=\"Manh\u00e3 no mercado: Ativos globais t\u00eam dia morno; arcabou\u00e7o fiscal segue no radar - The Fortune.one\" \/>\n<meta property=\"og:description\" content=\"Somos especialistas em gest\u00e3o patrimonial, op\u00e7\u00f5es de investimentos para diversos perfis, nosso diferencial \u00e9 comprovado com resultados.\" \/>\n<meta property=\"og:url\" content=\"https:\/\/thefortune.one\/en\/manha-no-mercado-ativos-globais-tem-dia-morno-arcabouco-fiscal-segue-no-radar\/\" \/>\n<meta property=\"og:site_name\" content=\"The Fortune.one\" \/>\n<meta property=\"article:published_time\" content=\"2023-06-16T12:52:41+00:00\" \/>\n<meta property=\"og:image\" content=\"https:\/\/thefortune.one\/wp-content\/uploads\/2023\/06\/arbu.jpg\" \/>\n\t<meta property=\"og:image:width\" content=\"984\" \/>\n\t<meta property=\"og:image:height\" content=\"656\" \/>\n\t<meta property=\"og:image:type\" content=\"image\/jpeg\" \/>\n<meta name=\"author\" content=\"bianca\" \/>\n<meta name=\"twitter:card\" content=\"summary_large_image\" \/>\n<meta name=\"twitter:label1\" content=\"Written by\" \/>\n\t<meta name=\"twitter:data1\" content=\"bianca\" \/>\n\t<meta name=\"twitter:label2\" content=\"Est. reading time\" \/>\n\t<meta name=\"twitter:data2\" content=\"2 minutes\" \/>\n<script type=\"application\/ld+json\" class=\"yoast-schema-graph\">{\"@context\":\"https:\\\/\\\/schema.org\",\"@graph\":[{\"@type\":\"Article\",\"@id\":\"https:\\\/\\\/thefortune.one\\\/pt\\\/manha-no-mercado-ativos-globais-tem-dia-morno-arcabouco-fiscal-segue-no-radar\\\/#article\",\"isPartOf\":{\"@id\":\"https:\\\/\\\/thefortune.one\\\/pt\\\/manha-no-mercado-ativos-globais-tem-dia-morno-arcabouco-fiscal-segue-no-radar\\\/\"},\"author\":{\"name\":\"bianca\",\"@id\":\"https:\\\/\\\/thefortune.one\\\/pt\\\/#\\\/schema\\\/person\\\/6cd8fe72a627d36caabf41815984a16f\"},\"headline\":\"Manh\u00e3 no mercado: Ativos globais t\u00eam dia morno; arcabou\u00e7o fiscal segue no radar\",\"datePublished\":\"2023-06-16T12:52:41+00:00\",\"mainEntityOfPage\":{\"@id\":\"https:\\\/\\\/thefortune.one\\\/pt\\\/manha-no-mercado-ativos-globais-tem-dia-morno-arcabouco-fiscal-segue-no-radar\\\/\"},\"wordCount\":399,\"commentCount\":0,\"publisher\":{\"@id\":\"https:\\\/\\\/thefortune.one\\\/pt\\\/#organization\"},\"image\":{\"@id\":\"https:\\\/\\\/thefortune.one\\\/pt\\\/manha-no-mercado-ativos-globais-tem-dia-morno-arcabouco-fiscal-segue-no-radar\\\/#primaryimage\"},\"thumbnailUrl\":\"https:\\\/\\\/thefortune.one\\\/wp-content\\\/uploads\\\/2023\\\/06\\\/arbu.jpg\",\"articleSection\":[\"The Fortune.one\"],\"inLanguage\":\"en-US\",\"potentialAction\":[{\"@type\":\"CommentAction\",\"name\":\"Comment\",\"target\":[\"https:\\\/\\\/thefortune.one\\\/pt\\\/manha-no-mercado-ativos-globais-tem-dia-morno-arcabouco-fiscal-segue-no-radar\\\/#respond\"]}]},{\"@type\":\"WebPage\",\"@id\":\"https:\\\/\\\/thefortune.one\\\/pt\\\/manha-no-mercado-ativos-globais-tem-dia-morno-arcabouco-fiscal-segue-no-radar\\\/\",\"url\":\"https:\\\/\\\/thefortune.one\\\/pt\\\/manha-no-mercado-ativos-globais-tem-dia-morno-arcabouco-fiscal-segue-no-radar\\\/\",\"name\":\"Manh\u00e3 no mercado: Ativos globais t\u00eam dia morno; arcabou\u00e7o fiscal segue no radar - The Fortune.one\",\"isPartOf\":{\"@id\":\"https:\\\/\\\/thefortune.one\\\/pt\\\/#website\"},\"primaryImageOfPage\":{\"@id\":\"https:\\\/\\\/thefortune.one\\\/pt\\\/manha-no-mercado-ativos-globais-tem-dia-morno-arcabouco-fiscal-segue-no-radar\\\/#primaryimage\"},\"image\":{\"@id\":\"https:\\\/\\\/thefortune.one\\\/pt\\\/manha-no-mercado-ativos-globais-tem-dia-morno-arcabouco-fiscal-segue-no-radar\\\/#primaryimage\"},\"thumbnailUrl\":\"https:\\\/\\\/thefortune.one\\\/wp-content\\\/uploads\\\/2023\\\/06\\\/arbu.jpg\",\"datePublished\":\"2023-06-16T12:52:41+00:00\",\"description\":\"Somos especialistas em gest\u00e3o patrimonial, op\u00e7\u00f5es de investimentos para diversos perfis, nosso diferencial \u00e9 comprovado com resultados.\",\"breadcrumb\":{\"@id\":\"https:\\\/\\\/thefortune.one\\\/pt\\\/manha-no-mercado-ativos-globais-tem-dia-morno-arcabouco-fiscal-segue-no-radar\\\/#breadcrumb\"},\"inLanguage\":\"en-US\",\"potentialAction\":[{\"@type\":\"ReadAction\",\"target\":[\"https:\\\/\\\/thefortune.one\\\/pt\\\/manha-no-mercado-ativos-globais-tem-dia-morno-arcabouco-fiscal-segue-no-radar\\\/\"]}]},{\"@type\":\"ImageObject\",\"inLanguage\":\"en-US\",\"@id\":\"https:\\\/\\\/thefortune.one\\\/pt\\\/manha-no-mercado-ativos-globais-tem-dia-morno-arcabouco-fiscal-segue-no-radar\\\/#primaryimage\",\"url\":\"https:\\\/\\\/thefortune.one\\\/wp-content\\\/uploads\\\/2023\\\/06\\\/arbu.jpg\",\"contentUrl\":\"https:\\\/\\\/thefortune.one\\\/wp-content\\\/uploads\\\/2023\\\/06\\\/arbu.jpg\",\"width\":984,\"height\":656},{\"@type\":\"BreadcrumbList\",\"@id\":\"https:\\\/\\\/thefortune.one\\\/pt\\\/manha-no-mercado-ativos-globais-tem-dia-morno-arcabouco-fiscal-segue-no-radar\\\/#breadcrumb\",\"itemListElement\":[{\"@type\":\"ListItem\",\"position\":1,\"name\":\"In\u00edcio\",\"item\":\"https:\\\/\\\/thefortune.one\\\/pt\\\/\"},{\"@type\":\"ListItem\",\"position\":2,\"name\":\"Manh\u00e3 no mercado: Ativos globais t\u00eam dia morno; arcabou\u00e7o fiscal segue no radar\"}]},{\"@type\":\"WebSite\",\"@id\":\"https:\\\/\\\/thefortune.one\\\/pt\\\/#website\",\"url\":\"https:\\\/\\\/thefortune.one\\\/pt\\\/\",\"name\":\"The Fortune.one\",\"description\":\"Gestora de Recursos Especializada em Private Equity\",\"publisher\":{\"@id\":\"https:\\\/\\\/thefortune.one\\\/pt\\\/#organization\"},\"potentialAction\":[{\"@type\":\"SearchAction\",\"target\":{\"@type\":\"EntryPoint\",\"urlTemplate\":\"https:\\\/\\\/thefortune.one\\\/pt\\\/?s={search_term_string}\"},\"query-input\":{\"@type\":\"PropertyValueSpecification\",\"valueRequired\":true,\"valueName\":\"search_term_string\"}}],\"inLanguage\":\"en-US\"},{\"@type\":\"Organization\",\"@id\":\"https:\\\/\\\/thefortune.one\\\/pt\\\/#organization\",\"name\":\"The Fortune One\",\"url\":\"https:\\\/\\\/thefortune.one\\\/pt\\\/\",\"logo\":{\"@type\":\"ImageObject\",\"inLanguage\":\"en-US\",\"@id\":\"https:\\\/\\\/thefortune.one\\\/pt\\\/#\\\/schema\\\/logo\\\/image\\\/\",\"url\":\"https:\\\/\\\/thefortune.one\\\/wp-content\\\/uploads\\\/2022\\\/11\\\/cropped-cropped-1651682701199-1.jpg\",\"contentUrl\":\"https:\\\/\\\/thefortune.one\\\/wp-content\\\/uploads\\\/2022\\\/11\\\/cropped-cropped-1651682701199-1.jpg\",\"width\":369,\"height\":421,\"caption\":\"The Fortune One\"},\"image\":{\"@id\":\"https:\\\/\\\/thefortune.one\\\/pt\\\/#\\\/schema\\\/logo\\\/image\\\/\"}},{\"@type\":\"Person\",\"@id\":\"https:\\\/\\\/thefortune.one\\\/pt\\\/#\\\/schema\\\/person\\\/6cd8fe72a627d36caabf41815984a16f\",\"name\":\"bianca\",\"image\":{\"@type\":\"ImageObject\",\"inLanguage\":\"en-US\",\"@id\":\"https:\\\/\\\/secure.gravatar.com\\\/avatar\\\/66cd7b00d93410555e00d1e6a911a86de0cd0cfa4f83a2f8b47eddc2968c98af?s=96&d=mm&r=g\",\"url\":\"https:\\\/\\\/secure.gravatar.com\\\/avatar\\\/66cd7b00d93410555e00d1e6a911a86de0cd0cfa4f83a2f8b47eddc2968c98af?s=96&d=mm&r=g\",\"contentUrl\":\"https:\\\/\\\/secure.gravatar.com\\\/avatar\\\/66cd7b00d93410555e00d1e6a911a86de0cd0cfa4f83a2f8b47eddc2968c98af?s=96&d=mm&r=g\",\"caption\":\"bianca\"},\"url\":\"https:\\\/\\\/thefortune.one\\\/en\\\/author\\\/bianca\\\/\"}]}<\/script>\n<!-- \/ Yoast SEO plugin. -->","yoast_head_json":{"title":"Manh\u00e3 no mercado: Ativos globais t\u00eam dia morno; arcabou\u00e7o fiscal segue no radar - The Fortune.one","description":"Somos especialistas em gest\u00e3o patrimonial, op\u00e7\u00f5es de investimentos para diversos perfis, nosso diferencial \u00e9 comprovado com resultados.","robots":{"index":"index","follow":"follow","max-snippet":"max-snippet:-1","max-image-preview":"max-image-preview:large","max-video-preview":"max-video-preview:-1"},"canonical":"https:\/\/thefortune.one\/en\/manha-no-mercado-ativos-globais-tem-dia-morno-arcabouco-fiscal-segue-no-radar\/","og_locale":"en_US","og_type":"article","og_title":"Manh\u00e3 no mercado: Ativos globais t\u00eam dia morno; arcabou\u00e7o fiscal segue no radar - The Fortune.one","og_description":"Somos especialistas em gest\u00e3o patrimonial, op\u00e7\u00f5es de investimentos para diversos perfis, nosso diferencial \u00e9 comprovado com resultados.","og_url":"https:\/\/thefortune.one\/en\/manha-no-mercado-ativos-globais-tem-dia-morno-arcabouco-fiscal-segue-no-radar\/","og_site_name":"The Fortune.one","article_published_time":"2023-06-16T12:52:41+00:00","og_image":[{"width":984,"height":656,"url":"https:\/\/thefortune.one\/wp-content\/uploads\/2023\/06\/arbu.jpg","type":"image\/jpeg"}],"author":"bianca","twitter_card":"summary_large_image","twitter_misc":{"Written by":"bianca","Est. reading time":"2 minutes"},"schema":{"@context":"https:\/\/schema.org","@graph":[{"@type":"Article","@id":"https:\/\/thefortune.one\/pt\/manha-no-mercado-ativos-globais-tem-dia-morno-arcabouco-fiscal-segue-no-radar\/#article","isPartOf":{"@id":"https:\/\/thefortune.one\/pt\/manha-no-mercado-ativos-globais-tem-dia-morno-arcabouco-fiscal-segue-no-radar\/"},"author":{"name":"bianca","@id":"https:\/\/thefortune.one\/pt\/#\/schema\/person\/6cd8fe72a627d36caabf41815984a16f"},"headline":"Manh\u00e3 no mercado: Ativos globais t\u00eam dia morno; arcabou\u00e7o fiscal segue no radar","datePublished":"2023-06-16T12:52:41+00:00","mainEntityOfPage":{"@id":"https:\/\/thefortune.one\/pt\/manha-no-mercado-ativos-globais-tem-dia-morno-arcabouco-fiscal-segue-no-radar\/"},"wordCount":399,"commentCount":0,"publisher":{"@id":"https:\/\/thefortune.one\/pt\/#organization"},"image":{"@id":"https:\/\/thefortune.one\/pt\/manha-no-mercado-ativos-globais-tem-dia-morno-arcabouco-fiscal-segue-no-radar\/#primaryimage"},"thumbnailUrl":"https:\/\/thefortune.one\/wp-content\/uploads\/2023\/06\/arbu.jpg","articleSection":["The Fortune.one"],"inLanguage":"en-US","potentialAction":[{"@type":"CommentAction","name":"Comment","target":["https:\/\/thefortune.one\/pt\/manha-no-mercado-ativos-globais-tem-dia-morno-arcabouco-fiscal-segue-no-radar\/#respond"]}]},{"@type":"WebPage","@id":"https:\/\/thefortune.one\/pt\/manha-no-mercado-ativos-globais-tem-dia-morno-arcabouco-fiscal-segue-no-radar\/","url":"https:\/\/thefortune.one\/pt\/manha-no-mercado-ativos-globais-tem-dia-morno-arcabouco-fiscal-segue-no-radar\/","name":"Manh\u00e3 no mercado: Ativos globais t\u00eam dia morno; arcabou\u00e7o fiscal segue no radar - The Fortune.one","isPartOf":{"@id":"https:\/\/thefortune.one\/pt\/#website"},"primaryImageOfPage":{"@id":"https:\/\/thefortune.one\/pt\/manha-no-mercado-ativos-globais-tem-dia-morno-arcabouco-fiscal-segue-no-radar\/#primaryimage"},"image":{"@id":"https:\/\/thefortune.one\/pt\/manha-no-mercado-ativos-globais-tem-dia-morno-arcabouco-fiscal-segue-no-radar\/#primaryimage"},"thumbnailUrl":"https:\/\/thefortune.one\/wp-content\/uploads\/2023\/06\/arbu.jpg","datePublished":"2023-06-16T12:52:41+00:00","description":"Somos especialistas em gest\u00e3o patrimonial, op\u00e7\u00f5es de investimentos para diversos perfis, nosso diferencial \u00e9 comprovado com resultados.","breadcrumb":{"@id":"https:\/\/thefortune.one\/pt\/manha-no-mercado-ativos-globais-tem-dia-morno-arcabouco-fiscal-segue-no-radar\/#breadcrumb"},"inLanguage":"en-US","potentialAction":[{"@type":"ReadAction","target":["https:\/\/thefortune.one\/pt\/manha-no-mercado-ativos-globais-tem-dia-morno-arcabouco-fiscal-segue-no-radar\/"]}]},{"@type":"ImageObject","inLanguage":"en-US","@id":"https:\/\/thefortune.one\/pt\/manha-no-mercado-ativos-globais-tem-dia-morno-arcabouco-fiscal-segue-no-radar\/#primaryimage","url":"https:\/\/thefortune.one\/wp-content\/uploads\/2023\/06\/arbu.jpg","contentUrl":"https:\/\/thefortune.one\/wp-content\/uploads\/2023\/06\/arbu.jpg","width":984,"height":656},{"@type":"BreadcrumbList","@id":"https:\/\/thefortune.one\/pt\/manha-no-mercado-ativos-globais-tem-dia-morno-arcabouco-fiscal-segue-no-radar\/#breadcrumb","itemListElement":[{"@type":"ListItem","position":1,"name":"In\u00edcio","item":"https:\/\/thefortune.one\/pt\/"},{"@type":"ListItem","position":2,"name":"Manh\u00e3 no mercado: Ativos globais t\u00eam dia morno; arcabou\u00e7o fiscal segue no radar"}]},{"@type":"WebSite","@id":"https:\/\/thefortune.one\/pt\/#website","url":"https:\/\/thefortune.one\/pt\/","name":"The Fortune.one","description":"Gestora de Recursos Especializada em Private Equity","publisher":{"@id":"https:\/\/thefortune.one\/pt\/#organization"},"potentialAction":[{"@type":"SearchAction","target":{"@type":"EntryPoint","urlTemplate":"https:\/\/thefortune.one\/pt\/?s={search_term_string}"},"query-input":{"@type":"PropertyValueSpecification","valueRequired":true,"valueName":"search_term_string"}}],"inLanguage":"en-US"},{"@type":"Organization","@id":"https:\/\/thefortune.one\/pt\/#organization","name":"The Fortune One","url":"https:\/\/thefortune.one\/pt\/","logo":{"@type":"ImageObject","inLanguage":"en-US","@id":"https:\/\/thefortune.one\/pt\/#\/schema\/logo\/image\/","url":"https:\/\/thefortune.one\/wp-content\/uploads\/2022\/11\/cropped-cropped-1651682701199-1.jpg","contentUrl":"https:\/\/thefortune.one\/wp-content\/uploads\/2022\/11\/cropped-cropped-1651682701199-1.jpg","width":369,"height":421,"caption":"The Fortune One"},"image":{"@id":"https:\/\/thefortune.one\/pt\/#\/schema\/logo\/image\/"}},{"@type":"Person","@id":"https:\/\/thefortune.one\/pt\/#\/schema\/person\/6cd8fe72a627d36caabf41815984a16f","name":"bianca","image":{"@type":"ImageObject","inLanguage":"en-US","@id":"https:\/\/secure.gravatar.com\/avatar\/66cd7b00d93410555e00d1e6a911a86de0cd0cfa4f83a2f8b47eddc2968c98af?s=96&d=mm&r=g","url":"https:\/\/secure.gravatar.com\/avatar\/66cd7b00d93410555e00d1e6a911a86de0cd0cfa4f83a2f8b47eddc2968c98af?s=96&d=mm&r=g","contentUrl":"https:\/\/secure.gravatar.com\/avatar\/66cd7b00d93410555e00d1e6a911a86de0cd0cfa4f83a2f8b47eddc2968c98af?s=96&d=mm&r=g","caption":"bianca"},"url":"https:\/\/thefortune.one\/en\/author\/bianca\/"}]}},"_links":{"self":[{"href":"https:\/\/thefortune.one\/en\/wp-json\/wp\/v2\/posts\/3877","targetHints":{"allow":["GET"]}}],"collection":[{"href":"https:\/\/thefortune.one\/en\/wp-json\/wp\/v2\/posts"}],"about":[{"href":"https:\/\/thefortune.one\/en\/wp-json\/wp\/v2\/types\/post"}],"author":[{"embeddable":true,"href":"https:\/\/thefortune.one\/en\/wp-json\/wp\/v2\/users\/3"}],"replies":[{"embeddable":true,"href":"https:\/\/thefortune.one\/en\/wp-json\/wp\/v2\/comments?post=3877"}],"version-history":[{"count":1,"href":"https:\/\/thefortune.one\/en\/wp-json\/wp\/v2\/posts\/3877\/revisions"}],"predecessor-version":[{"id":3880,"href":"https:\/\/thefortune.one\/en\/wp-json\/wp\/v2\/posts\/3877\/revisions\/3880"}],"wp:featuredmedia":[{"embeddable":true,"href":"https:\/\/thefortune.one\/en\/wp-json\/wp\/v2\/media\/3878"}],"wp:attachment":[{"href":"https:\/\/thefortune.one\/en\/wp-json\/wp\/v2\/media?parent=3877"}],"wp:term":[{"taxonomy":"category","embeddable":true,"href":"https:\/\/thefortune.one\/en\/wp-json\/wp\/v2\/categories?post=3877"},{"taxonomy":"post_tag","embeddable":true,"href":"https:\/\/thefortune.one\/en\/wp-json\/wp\/v2\/tags?post=3877"}],"curies":[{"name":"wp","href":"https:\/\/api.w.org\/{rel}","templated":true}]}}