{"id":3856,"date":"2023-06-09T13:13:48","date_gmt":"2023-06-09T13:13:48","guid":{"rendered":"https:\/\/thefortune.one\/?p=3856"},"modified":"2023-06-09T13:13:48","modified_gmt":"2023-06-09T13:13:48","slug":"avaliacao-do-governo-lula-volta-a-oscilar-para-baixo-indica-pesquisa-ipec","status":"publish","type":"post","link":"https:\/\/thefortune.one\/en\/avaliacao-do-governo-lula-volta-a-oscilar-para-baixo-indica-pesquisa-ipec\/","title":{"rendered":"Avalia\u00e7\u00e3o do governo Lula volta a oscilar para baixo, indica pesquisa Ipec"},"content":{"rendered":"\n<p>Grupo que classifica a administra\u00e7\u00e3o do petista como \u201cboa\u201d ou \u201c\u00f3tima\u201d passou de 39% para 37% em rela\u00e7\u00e3o a abril<\/p>\n\n\n\n<figure class=\"wp-block-image size-full\"><img fetchpriority=\"high\" decoding=\"async\" width=\"984\" height=\"704\" src=\"https:\/\/thefortune.one\/wp-content\/uploads\/2023\/06\/molusculo.jpg\" alt=\"\" class=\"wp-image-3857\" srcset=\"https:\/\/thefortune.one\/wp-content\/uploads\/2023\/06\/molusculo.jpg 984w, https:\/\/thefortune.one\/wp-content\/uploads\/2023\/06\/molusculo-300x215.jpg 300w, https:\/\/thefortune.one\/wp-content\/uploads\/2023\/06\/molusculo-768x549.jpg 768w, https:\/\/thefortune.one\/wp-content\/uploads\/2023\/06\/molusculo-18x12.jpg 18w\" sizes=\"(max-width: 984px) 100vw, 984px\" \/><\/figure>\n\n\n\n<p>Resultados da nova pesquisa Ipec\/O Globo revelam que a aprova\u00e7\u00e3o ao governo do presidente Luiz In\u00e1cio Lula da Silva (PT) oscilou para baixo. O grupo que classifica a administra\u00e7\u00e3o do petista como \u201cboa\u201d ou \u201c\u00f3tima\u201d passou de 39% para 37% em rela\u00e7\u00e3o a abril. J\u00e1 as avalia\u00e7\u00f5es \u201cruim\u201d ou \u201cp\u00e9ssima\u201d variaram na dire\u00e7\u00e3o oposta, saindo de 26% para 28%. Os que consideram a gest\u00e3o \u201cregular\u201d eram 30%, e agora totalizam 32%.<\/p>\n\n\n\n<p>Apesar de todas as varia\u00e7\u00f5es estarem dentro da margem de erro de dois pontos percentuais para mais ou menos, os n\u00fameros indicam uma tend\u00eancia negativa da opini\u00e3o p\u00fablica em rela\u00e7\u00e3o ao Executivo federal neste primeiro semestre de governo. Em mar\u00e7o, no primeiro levantamento feito pelo instituto, 17 pontos percentuais separavam os grupos dos satisfeitos e o dos insatisfeitos. Hoje, na pesquisa que foi \u00e0s ruas entre 1\u00ba e 5 de junho, essa dist\u00e2ncia est\u00e1 em nove pontos.<\/p>\n\n\n\n<p>Os sinais desfavor\u00e1veis surgem em meio \u00e0 crise do governo com o Congresso e \u00e0 dificuldade de formar uma base aliada. Por outro lado, v\u00eam acompanhados de indicadores positivos na economia, como o crescimento do Produto Interno Bruto (PIB) no primeiro trimestre e a desacelera\u00e7\u00e3o da infla\u00e7\u00e3o. O programa do governo para baixar o pre\u00e7o dos carros populares foi anunciado no dia 5, o \u00faltimo em que os pesquisadores do Ipec estiveram nas ruas, portanto s\u00f3 uma faixa residual dos entrevistados respondeu ao levantamento com essa not\u00edcia em mente \u2014 embora o plano de reduzir pre\u00e7os dos carros j\u00e1 estivesse espalhado.<\/p>\n\n\n\n<p>\u201cEssas oscila\u00e7\u00f5es podem decorrer de uma acomoda\u00e7\u00e3o natural da avalia\u00e7\u00e3o do in\u00edcio de governo, do ajuste entre desejo e percep\u00e7\u00e3o. Al\u00e9m disso, apesar de termos alguns indicadores econ\u00f4micos positivos recentemente, seus efeitos podem ainda n\u00e3o terem sido percebidos na pr\u00e1tica pelos eleitores\u201d, analisa a CEO do Ipec, M\u00e1rcia Cavallari.<\/p>\n\n\n\n<p>No Nordeste, \u00fanica regi\u00e3o onde Lula teve mais votos que Jair Bolsonaro no segundo turno das elei\u00e7\u00f5es, a taxa de aprova\u00e7\u00e3o ao governo recuou de 55% para 45% desde abril. Ainda assim, os moradores da regi\u00e3o permanecem como o segmento que mais avalia a gest\u00e3o Lula 3 como \u201cboa\u201d ou \u201c\u00f3tima\u201d. O maior percentual de avalia\u00e7\u00f5es \u201cruim\u201d ou \u201cp\u00e9ssima\u201d foi registrado nas regi\u00f5es Norte e Centro-Oeste: 33% \u2014 eram 21% h\u00e1 dois meses.<\/p>\n\n\n\n<p>O eleitorado mais pobre, que vive mensalmente com at\u00e9 um sal\u00e1rio m\u00ednimo, \u00e9 o que mais aprova o governo Lula (43%), mas tamb\u00e9m nesse nicho houve varia\u00e7\u00e3o negativa: eram 53% em abril. Na parcela mais rica da amostra, com ganhos acima de cinco sal\u00e1rios m\u00ednimos por m\u00eas, o percentual de \u201cbom\u201d e \u201c\u00f3timo\u201d trilhou o caminho oposto: oscilou de 30% para 36%.<\/p>\n\n\n\n<p>Para a professora de ci\u00eancia pol\u00edtica Mayra Goulart, da UFRJ, nem tudo \u00e9 negativo para o Planalto. Ela destaca que, no nicho dos que recebem de dois a cinco sal\u00e1rios m\u00ednimos por m\u00eas na fam\u00edlia (28% da amostra da pesquisa), Lula tem hoje 70% de \u201cbom\u201d, \u201c\u00f3timo\u201d, ou \u201cregular\u201d. Essas avalia\u00e7\u00f5es totalizavam 61% no levantamento anterior. Desde que assumiu, Lula tem encomendado a seus ministros iniciativas para alcan\u00e7ar brasileiros dessa prateleira econ\u00f4mica, como medidas para baixar as taxas de juros do cart\u00e3o de cr\u00e9dito a condi\u00e7\u00f5es especiais para empr\u00e9stimos banc\u00e1rios.<\/p>\n\n\n\n<p>\u201c\u00c9 um quadro de relativa estabilidade. Lula est\u00e1 perdendo onde pode perder, em camadas mais pobres, que n\u00e3o t\u00eam se demonstrado propensas a votar em um candidato antipetista. E est\u00e1 conseguindo atrair o segmento que ganha entre dois e cinco sal\u00e1rios, no qual est\u00e3o trabalhadores precarizados e aut\u00f4nomos, que antes estava muito associado ao bolsonarismo&#8221;<\/p>\n\n\n\n<p>A pesquisa Ipec\/O Globo mostra ainda que 53% aprovam a maneira como Lula est\u00e1 governando o pa\u00eds, enquanto 40% desaprovam. Diferentemente da avalia\u00e7\u00e3o do governo, a pergunta \u00e9 dicot\u00f4mica: s\u00f3 permite que o entrevistado diga se aprova ou desaprova, dando menos margem para aqueles que est\u00e3o em cima do muro. As opini\u00f5es podem n\u00e3o estar t\u00e3o claras quanto na escala de \u201c\u00f3timo\u201d at\u00e9 \u201cp\u00e9ssimo\u201d, mas exibem as propens\u00f5es do eleitorado neste momento.<\/p>\n\n\n\n<p>A aprova\u00e7\u00e3o de Lula oscilou quatro pontos percentuais desde mar\u00e7o, quando 57% diziam aprovar o jeito que o petista administra o pa\u00eds. J\u00e1 a desaprova\u00e7\u00e3o aumentou: foram cinco pontos, passando de 35% para 40% em tr\u00eas meses. Aqueles que n\u00e3o sabem ou n\u00e3o quiseram responder somam agora 7%.<\/p>\n\n\n\n<p>Fonte:https:\/\/valor.globo.com\/politica\/noticia\/2023\/06\/09\/avaliacao-do-governo-lula-volta-a-oscilar-para-baixo-indica-pesquisa-ipec.ghtml<\/p>\n\n\n\n<p><\/p>\n\n\n\n<p><\/p>\n\n\n\n<p><\/p>\n\n\n\n<p><\/p>\n\n\n\n<p><\/p>\n\n\n\n<p><\/p>\n\n\n\n<p><\/p>\n\n\n\n<p><\/p>\n\n\n\n<p><\/p>\n\n\n\n<p><\/p>\n\n\n\n<p><\/p>\n\n\n\n<p><\/p>\n\n\n\n<p><\/p>\n","protected":false},"excerpt":{"rendered":"<p>Grupo que classifica a administra\u00e7\u00e3o do petista como \u201cboa\u201d ou \u201c\u00f3tima\u201d passou de 39% para 37% em rela\u00e7\u00e3o a abril Resultados da nova pesquisa Ipec\/O Globo revelam que a aprova\u00e7\u00e3o ao governo do presidente Luiz In\u00e1cio Lula da Silva (PT) oscilou para baixo. O grupo que classifica a administra\u00e7\u00e3o do petista como \u201cboa\u201d ou \u201c\u00f3tima\u201d [&hellip;]<\/p>\n","protected":false},"author":3,"featured_media":3858,"comment_status":"open","ping_status":"open","sticky":false,"template":"","format":"standard","meta":{"_joinchat":[],"footnotes":""},"categories":[1],"tags":[],"class_list":["post-3856","post","type-post","status-publish","format-standard","has-post-thumbnail","hentry","category-the-fortune-one"],"yoast_head":"<!-- This site is optimized with the Yoast SEO plugin v27.5 - https:\/\/yoast.com\/product\/yoast-seo-wordpress\/ -->\n<title>Avalia\u00e7\u00e3o do governo Lula volta a oscilar para baixo, indica pesquisa Ipec - The Fortune.one<\/title>\n<meta name=\"description\" content=\"Somos especialistas em gest\u00e3o patrimonial, op\u00e7\u00f5es de investimentos para diversos perfis, nosso diferencial \u00e9 comprovado com resultados.\" \/>\n<meta name=\"robots\" content=\"index, follow, max-snippet:-1, max-image-preview:large, max-video-preview:-1\" \/>\n<link rel=\"canonical\" href=\"https:\/\/thefortune.one\/en\/avaliacao-do-governo-lula-volta-a-oscilar-para-baixo-indica-pesquisa-ipec\/\" \/>\n<meta property=\"og:locale\" content=\"en_US\" \/>\n<meta property=\"og:type\" content=\"article\" \/>\n<meta property=\"og:title\" content=\"Avalia\u00e7\u00e3o do governo Lula volta a oscilar para baixo, indica pesquisa Ipec - The Fortune.one\" \/>\n<meta property=\"og:description\" content=\"Somos especialistas em gest\u00e3o patrimonial, op\u00e7\u00f5es de investimentos para diversos perfis, nosso diferencial \u00e9 comprovado com resultados.\" \/>\n<meta property=\"og:url\" content=\"https:\/\/thefortune.one\/en\/avaliacao-do-governo-lula-volta-a-oscilar-para-baixo-indica-pesquisa-ipec\/\" \/>\n<meta property=\"og:site_name\" content=\"The Fortune.one\" \/>\n<meta property=\"article:published_time\" content=\"2023-06-09T13:13:48+00:00\" \/>\n<meta property=\"og:image\" content=\"https:\/\/thefortune.one\/wp-content\/uploads\/2023\/06\/molusculo-1.jpg\" \/>\n\t<meta property=\"og:image:width\" content=\"984\" \/>\n\t<meta property=\"og:image:height\" content=\"704\" \/>\n\t<meta property=\"og:image:type\" content=\"image\/jpeg\" \/>\n<meta name=\"author\" content=\"bianca\" \/>\n<meta name=\"twitter:card\" content=\"summary_large_image\" \/>\n<meta name=\"twitter:label1\" content=\"Written by\" \/>\n\t<meta name=\"twitter:data1\" content=\"bianca\" \/>\n\t<meta name=\"twitter:label2\" content=\"Est. reading time\" \/>\n\t<meta name=\"twitter:data2\" content=\"4 minutes\" \/>\n<script type=\"application\/ld+json\" class=\"yoast-schema-graph\">{\"@context\":\"https:\\\/\\\/schema.org\",\"@graph\":[{\"@type\":\"Article\",\"@id\":\"https:\\\/\\\/thefortune.one\\\/pt\\\/avaliacao-do-governo-lula-volta-a-oscilar-para-baixo-indica-pesquisa-ipec\\\/#article\",\"isPartOf\":{\"@id\":\"https:\\\/\\\/thefortune.one\\\/pt\\\/avaliacao-do-governo-lula-volta-a-oscilar-para-baixo-indica-pesquisa-ipec\\\/\"},\"author\":{\"name\":\"bianca\",\"@id\":\"https:\\\/\\\/thefortune.one\\\/pt\\\/#\\\/schema\\\/person\\\/6cd8fe72a627d36caabf41815984a16f\"},\"headline\":\"Avalia\u00e7\u00e3o do governo Lula volta a oscilar para baixo, indica pesquisa Ipec\",\"datePublished\":\"2023-06-09T13:13:48+00:00\",\"mainEntityOfPage\":{\"@id\":\"https:\\\/\\\/thefortune.one\\\/pt\\\/avaliacao-do-governo-lula-volta-a-oscilar-para-baixo-indica-pesquisa-ipec\\\/\"},\"wordCount\":789,\"commentCount\":0,\"publisher\":{\"@id\":\"https:\\\/\\\/thefortune.one\\\/pt\\\/#organization\"},\"image\":{\"@id\":\"https:\\\/\\\/thefortune.one\\\/pt\\\/avaliacao-do-governo-lula-volta-a-oscilar-para-baixo-indica-pesquisa-ipec\\\/#primaryimage\"},\"thumbnailUrl\":\"https:\\\/\\\/thefortune.one\\\/wp-content\\\/uploads\\\/2023\\\/06\\\/molusculo-1.jpg\",\"articleSection\":[\"The Fortune.one\"],\"inLanguage\":\"en-US\",\"potentialAction\":[{\"@type\":\"CommentAction\",\"name\":\"Comment\",\"target\":[\"https:\\\/\\\/thefortune.one\\\/pt\\\/avaliacao-do-governo-lula-volta-a-oscilar-para-baixo-indica-pesquisa-ipec\\\/#respond\"]}]},{\"@type\":\"WebPage\",\"@id\":\"https:\\\/\\\/thefortune.one\\\/pt\\\/avaliacao-do-governo-lula-volta-a-oscilar-para-baixo-indica-pesquisa-ipec\\\/\",\"url\":\"https:\\\/\\\/thefortune.one\\\/pt\\\/avaliacao-do-governo-lula-volta-a-oscilar-para-baixo-indica-pesquisa-ipec\\\/\",\"name\":\"Avalia\u00e7\u00e3o do governo Lula volta a oscilar para baixo, indica pesquisa Ipec - The Fortune.one\",\"isPartOf\":{\"@id\":\"https:\\\/\\\/thefortune.one\\\/pt\\\/#website\"},\"primaryImageOfPage\":{\"@id\":\"https:\\\/\\\/thefortune.one\\\/pt\\\/avaliacao-do-governo-lula-volta-a-oscilar-para-baixo-indica-pesquisa-ipec\\\/#primaryimage\"},\"image\":{\"@id\":\"https:\\\/\\\/thefortune.one\\\/pt\\\/avaliacao-do-governo-lula-volta-a-oscilar-para-baixo-indica-pesquisa-ipec\\\/#primaryimage\"},\"thumbnailUrl\":\"https:\\\/\\\/thefortune.one\\\/wp-content\\\/uploads\\\/2023\\\/06\\\/molusculo-1.jpg\",\"datePublished\":\"2023-06-09T13:13:48+00:00\",\"description\":\"Somos especialistas em gest\u00e3o patrimonial, op\u00e7\u00f5es de investimentos para diversos perfis, nosso diferencial \u00e9 comprovado com resultados.\",\"breadcrumb\":{\"@id\":\"https:\\\/\\\/thefortune.one\\\/pt\\\/avaliacao-do-governo-lula-volta-a-oscilar-para-baixo-indica-pesquisa-ipec\\\/#breadcrumb\"},\"inLanguage\":\"en-US\",\"potentialAction\":[{\"@type\":\"ReadAction\",\"target\":[\"https:\\\/\\\/thefortune.one\\\/pt\\\/avaliacao-do-governo-lula-volta-a-oscilar-para-baixo-indica-pesquisa-ipec\\\/\"]}]},{\"@type\":\"ImageObject\",\"inLanguage\":\"en-US\",\"@id\":\"https:\\\/\\\/thefortune.one\\\/pt\\\/avaliacao-do-governo-lula-volta-a-oscilar-para-baixo-indica-pesquisa-ipec\\\/#primaryimage\",\"url\":\"https:\\\/\\\/thefortune.one\\\/wp-content\\\/uploads\\\/2023\\\/06\\\/molusculo-1.jpg\",\"contentUrl\":\"https:\\\/\\\/thefortune.one\\\/wp-content\\\/uploads\\\/2023\\\/06\\\/molusculo-1.jpg\",\"width\":984,\"height\":704},{\"@type\":\"BreadcrumbList\",\"@id\":\"https:\\\/\\\/thefortune.one\\\/pt\\\/avaliacao-do-governo-lula-volta-a-oscilar-para-baixo-indica-pesquisa-ipec\\\/#breadcrumb\",\"itemListElement\":[{\"@type\":\"ListItem\",\"position\":1,\"name\":\"In\u00edcio\",\"item\":\"https:\\\/\\\/thefortune.one\\\/pt\\\/\"},{\"@type\":\"ListItem\",\"position\":2,\"name\":\"Avalia\u00e7\u00e3o do governo Lula volta a oscilar para baixo, indica pesquisa Ipec\"}]},{\"@type\":\"WebSite\",\"@id\":\"https:\\\/\\\/thefortune.one\\\/pt\\\/#website\",\"url\":\"https:\\\/\\\/thefortune.one\\\/pt\\\/\",\"name\":\"The Fortune.one\",\"description\":\"Gestora de Recursos Especializada em Private Equity\",\"publisher\":{\"@id\":\"https:\\\/\\\/thefortune.one\\\/pt\\\/#organization\"},\"potentialAction\":[{\"@type\":\"SearchAction\",\"target\":{\"@type\":\"EntryPoint\",\"urlTemplate\":\"https:\\\/\\\/thefortune.one\\\/pt\\\/?s={search_term_string}\"},\"query-input\":{\"@type\":\"PropertyValueSpecification\",\"valueRequired\":true,\"valueName\":\"search_term_string\"}}],\"inLanguage\":\"en-US\"},{\"@type\":\"Organization\",\"@id\":\"https:\\\/\\\/thefortune.one\\\/pt\\\/#organization\",\"name\":\"The Fortune One\",\"url\":\"https:\\\/\\\/thefortune.one\\\/pt\\\/\",\"logo\":{\"@type\":\"ImageObject\",\"inLanguage\":\"en-US\",\"@id\":\"https:\\\/\\\/thefortune.one\\\/pt\\\/#\\\/schema\\\/logo\\\/image\\\/\",\"url\":\"https:\\\/\\\/thefortune.one\\\/wp-content\\\/uploads\\\/2022\\\/11\\\/cropped-cropped-1651682701199-1.jpg\",\"contentUrl\":\"https:\\\/\\\/thefortune.one\\\/wp-content\\\/uploads\\\/2022\\\/11\\\/cropped-cropped-1651682701199-1.jpg\",\"width\":369,\"height\":421,\"caption\":\"The Fortune One\"},\"image\":{\"@id\":\"https:\\\/\\\/thefortune.one\\\/pt\\\/#\\\/schema\\\/logo\\\/image\\\/\"}},{\"@type\":\"Person\",\"@id\":\"https:\\\/\\\/thefortune.one\\\/pt\\\/#\\\/schema\\\/person\\\/6cd8fe72a627d36caabf41815984a16f\",\"name\":\"bianca\",\"image\":{\"@type\":\"ImageObject\",\"inLanguage\":\"en-US\",\"@id\":\"https:\\\/\\\/secure.gravatar.com\\\/avatar\\\/66cd7b00d93410555e00d1e6a911a86de0cd0cfa4f83a2f8b47eddc2968c98af?s=96&d=mm&r=g\",\"url\":\"https:\\\/\\\/secure.gravatar.com\\\/avatar\\\/66cd7b00d93410555e00d1e6a911a86de0cd0cfa4f83a2f8b47eddc2968c98af?s=96&d=mm&r=g\",\"contentUrl\":\"https:\\\/\\\/secure.gravatar.com\\\/avatar\\\/66cd7b00d93410555e00d1e6a911a86de0cd0cfa4f83a2f8b47eddc2968c98af?s=96&d=mm&r=g\",\"caption\":\"bianca\"},\"url\":\"https:\\\/\\\/thefortune.one\\\/en\\\/author\\\/bianca\\\/\"}]}<\/script>\n<!-- \/ Yoast SEO plugin. -->","yoast_head_json":{"title":"Avalia\u00e7\u00e3o do governo Lula volta a oscilar para baixo, indica pesquisa Ipec - The Fortune.one","description":"Somos especialistas em gest\u00e3o patrimonial, op\u00e7\u00f5es de investimentos para diversos perfis, nosso diferencial \u00e9 comprovado com resultados.","robots":{"index":"index","follow":"follow","max-snippet":"max-snippet:-1","max-image-preview":"max-image-preview:large","max-video-preview":"max-video-preview:-1"},"canonical":"https:\/\/thefortune.one\/en\/avaliacao-do-governo-lula-volta-a-oscilar-para-baixo-indica-pesquisa-ipec\/","og_locale":"en_US","og_type":"article","og_title":"Avalia\u00e7\u00e3o do governo Lula volta a oscilar para baixo, indica pesquisa Ipec - The Fortune.one","og_description":"Somos especialistas em gest\u00e3o patrimonial, op\u00e7\u00f5es de investimentos para diversos perfis, nosso diferencial \u00e9 comprovado com resultados.","og_url":"https:\/\/thefortune.one\/en\/avaliacao-do-governo-lula-volta-a-oscilar-para-baixo-indica-pesquisa-ipec\/","og_site_name":"The Fortune.one","article_published_time":"2023-06-09T13:13:48+00:00","og_image":[{"width":984,"height":704,"url":"https:\/\/thefortune.one\/wp-content\/uploads\/2023\/06\/molusculo-1.jpg","type":"image\/jpeg"}],"author":"bianca","twitter_card":"summary_large_image","twitter_misc":{"Written by":"bianca","Est. reading time":"4 minutes"},"schema":{"@context":"https:\/\/schema.org","@graph":[{"@type":"Article","@id":"https:\/\/thefortune.one\/pt\/avaliacao-do-governo-lula-volta-a-oscilar-para-baixo-indica-pesquisa-ipec\/#article","isPartOf":{"@id":"https:\/\/thefortune.one\/pt\/avaliacao-do-governo-lula-volta-a-oscilar-para-baixo-indica-pesquisa-ipec\/"},"author":{"name":"bianca","@id":"https:\/\/thefortune.one\/pt\/#\/schema\/person\/6cd8fe72a627d36caabf41815984a16f"},"headline":"Avalia\u00e7\u00e3o do governo Lula volta a oscilar para baixo, indica pesquisa Ipec","datePublished":"2023-06-09T13:13:48+00:00","mainEntityOfPage":{"@id":"https:\/\/thefortune.one\/pt\/avaliacao-do-governo-lula-volta-a-oscilar-para-baixo-indica-pesquisa-ipec\/"},"wordCount":789,"commentCount":0,"publisher":{"@id":"https:\/\/thefortune.one\/pt\/#organization"},"image":{"@id":"https:\/\/thefortune.one\/pt\/avaliacao-do-governo-lula-volta-a-oscilar-para-baixo-indica-pesquisa-ipec\/#primaryimage"},"thumbnailUrl":"https:\/\/thefortune.one\/wp-content\/uploads\/2023\/06\/molusculo-1.jpg","articleSection":["The Fortune.one"],"inLanguage":"en-US","potentialAction":[{"@type":"CommentAction","name":"Comment","target":["https:\/\/thefortune.one\/pt\/avaliacao-do-governo-lula-volta-a-oscilar-para-baixo-indica-pesquisa-ipec\/#respond"]}]},{"@type":"WebPage","@id":"https:\/\/thefortune.one\/pt\/avaliacao-do-governo-lula-volta-a-oscilar-para-baixo-indica-pesquisa-ipec\/","url":"https:\/\/thefortune.one\/pt\/avaliacao-do-governo-lula-volta-a-oscilar-para-baixo-indica-pesquisa-ipec\/","name":"Avalia\u00e7\u00e3o do governo Lula volta a oscilar para baixo, indica pesquisa Ipec - The Fortune.one","isPartOf":{"@id":"https:\/\/thefortune.one\/pt\/#website"},"primaryImageOfPage":{"@id":"https:\/\/thefortune.one\/pt\/avaliacao-do-governo-lula-volta-a-oscilar-para-baixo-indica-pesquisa-ipec\/#primaryimage"},"image":{"@id":"https:\/\/thefortune.one\/pt\/avaliacao-do-governo-lula-volta-a-oscilar-para-baixo-indica-pesquisa-ipec\/#primaryimage"},"thumbnailUrl":"https:\/\/thefortune.one\/wp-content\/uploads\/2023\/06\/molusculo-1.jpg","datePublished":"2023-06-09T13:13:48+00:00","description":"Somos especialistas em gest\u00e3o patrimonial, op\u00e7\u00f5es de investimentos para diversos perfis, nosso diferencial \u00e9 comprovado com resultados.","breadcrumb":{"@id":"https:\/\/thefortune.one\/pt\/avaliacao-do-governo-lula-volta-a-oscilar-para-baixo-indica-pesquisa-ipec\/#breadcrumb"},"inLanguage":"en-US","potentialAction":[{"@type":"ReadAction","target":["https:\/\/thefortune.one\/pt\/avaliacao-do-governo-lula-volta-a-oscilar-para-baixo-indica-pesquisa-ipec\/"]}]},{"@type":"ImageObject","inLanguage":"en-US","@id":"https:\/\/thefortune.one\/pt\/avaliacao-do-governo-lula-volta-a-oscilar-para-baixo-indica-pesquisa-ipec\/#primaryimage","url":"https:\/\/thefortune.one\/wp-content\/uploads\/2023\/06\/molusculo-1.jpg","contentUrl":"https:\/\/thefortune.one\/wp-content\/uploads\/2023\/06\/molusculo-1.jpg","width":984,"height":704},{"@type":"BreadcrumbList","@id":"https:\/\/thefortune.one\/pt\/avaliacao-do-governo-lula-volta-a-oscilar-para-baixo-indica-pesquisa-ipec\/#breadcrumb","itemListElement":[{"@type":"ListItem","position":1,"name":"In\u00edcio","item":"https:\/\/thefortune.one\/pt\/"},{"@type":"ListItem","position":2,"name":"Avalia\u00e7\u00e3o do governo Lula volta a oscilar para baixo, indica pesquisa Ipec"}]},{"@type":"WebSite","@id":"https:\/\/thefortune.one\/pt\/#website","url":"https:\/\/thefortune.one\/pt\/","name":"The Fortune.one","description":"Gestora de Recursos Especializada em Private Equity","publisher":{"@id":"https:\/\/thefortune.one\/pt\/#organization"},"potentialAction":[{"@type":"SearchAction","target":{"@type":"EntryPoint","urlTemplate":"https:\/\/thefortune.one\/pt\/?s={search_term_string}"},"query-input":{"@type":"PropertyValueSpecification","valueRequired":true,"valueName":"search_term_string"}}],"inLanguage":"en-US"},{"@type":"Organization","@id":"https:\/\/thefortune.one\/pt\/#organization","name":"The Fortune One","url":"https:\/\/thefortune.one\/pt\/","logo":{"@type":"ImageObject","inLanguage":"en-US","@id":"https:\/\/thefortune.one\/pt\/#\/schema\/logo\/image\/","url":"https:\/\/thefortune.one\/wp-content\/uploads\/2022\/11\/cropped-cropped-1651682701199-1.jpg","contentUrl":"https:\/\/thefortune.one\/wp-content\/uploads\/2022\/11\/cropped-cropped-1651682701199-1.jpg","width":369,"height":421,"caption":"The Fortune One"},"image":{"@id":"https:\/\/thefortune.one\/pt\/#\/schema\/logo\/image\/"}},{"@type":"Person","@id":"https:\/\/thefortune.one\/pt\/#\/schema\/person\/6cd8fe72a627d36caabf41815984a16f","name":"bianca","image":{"@type":"ImageObject","inLanguage":"en-US","@id":"https:\/\/secure.gravatar.com\/avatar\/66cd7b00d93410555e00d1e6a911a86de0cd0cfa4f83a2f8b47eddc2968c98af?s=96&d=mm&r=g","url":"https:\/\/secure.gravatar.com\/avatar\/66cd7b00d93410555e00d1e6a911a86de0cd0cfa4f83a2f8b47eddc2968c98af?s=96&d=mm&r=g","contentUrl":"https:\/\/secure.gravatar.com\/avatar\/66cd7b00d93410555e00d1e6a911a86de0cd0cfa4f83a2f8b47eddc2968c98af?s=96&d=mm&r=g","caption":"bianca"},"url":"https:\/\/thefortune.one\/en\/author\/bianca\/"}]}},"_links":{"self":[{"href":"https:\/\/thefortune.one\/en\/wp-json\/wp\/v2\/posts\/3856","targetHints":{"allow":["GET"]}}],"collection":[{"href":"https:\/\/thefortune.one\/en\/wp-json\/wp\/v2\/posts"}],"about":[{"href":"https:\/\/thefortune.one\/en\/wp-json\/wp\/v2\/types\/post"}],"author":[{"embeddable":true,"href":"https:\/\/thefortune.one\/en\/wp-json\/wp\/v2\/users\/3"}],"replies":[{"embeddable":true,"href":"https:\/\/thefortune.one\/en\/wp-json\/wp\/v2\/comments?post=3856"}],"version-history":[{"count":1,"href":"https:\/\/thefortune.one\/en\/wp-json\/wp\/v2\/posts\/3856\/revisions"}],"predecessor-version":[{"id":3859,"href":"https:\/\/thefortune.one\/en\/wp-json\/wp\/v2\/posts\/3856\/revisions\/3859"}],"wp:featuredmedia":[{"embeddable":true,"href":"https:\/\/thefortune.one\/en\/wp-json\/wp\/v2\/media\/3858"}],"wp:attachment":[{"href":"https:\/\/thefortune.one\/en\/wp-json\/wp\/v2\/media?parent=3856"}],"wp:term":[{"taxonomy":"category","embeddable":true,"href":"https:\/\/thefortune.one\/en\/wp-json\/wp\/v2\/categories?post=3856"},{"taxonomy":"post_tag","embeddable":true,"href":"https:\/\/thefortune.one\/en\/wp-json\/wp\/v2\/tags?post=3856"}],"curies":[{"name":"wp","href":"https:\/\/api.w.org\/{rel}","templated":true}]}}